{"id":60156,"date":"2025-10-02T15:02:57","date_gmt":"2025-10-02T13:02:57","guid":{"rendered":"https:\/\/www.livemag.it\/index.php\/2025\/10\/02\/gaza-meloni-sciopero-weekend-lungo-e-rivoluzione-non-stanno-insieme\/"},"modified":"2025-10-02T15:02:57","modified_gmt":"2025-10-02T13:02:57","slug":"gaza-meloni-sciopero-weekend-lungo-e-rivoluzione-non-stanno-insieme","status":"publish","type":"post","link":"https:\/\/www.livemag.it\/index.php\/2025\/10\/02\/gaza-meloni-sciopero-weekend-lungo-e-rivoluzione-non-stanno-insieme\/","title":{"rendered":"Gaza, Meloni \u201cSciopero? Weekend lungo e rivoluzione non stanno insieme\u201d"},"content":{"rendered":"<div>\n<p>ROMA (ITALPRESS) \u2013 \u201cLe operazioni di abbordaggio sono ancora in corso, noi le stiamo seguendo minuto per minuto e stanotte l\u2019unit\u00e0 di crisi della Farnesina \u00e8 stata in contatto con gli avvocati di alcuni degli imbarcati: faremo tutto il possibile perch\u00e8 queste persone possano tornare in Italia quanto prima\u201d. Lo sottolinea la presidente del Consiglio Giorgia Meloni a Copenhagen, a margine del VII vertice della Comunit\u00e0 politica europea.<br \/>\u201cContinuo a ritenere che tutto questo non porti alcun beneficio al popolo palestinese, ma mi pare di capire che porter\u00e0 molti disagi al popolo italiano, che ieri stesso veniva ringraziato dai palestinesi per il lavoro che sta facendo \u2013 continua Meloni -. Siamo il primo paese ad aver aperto un corridoio per i ricercatori e il primo per numero di persone evacuate da Gaza per farle curare nei nostri ospedali, siamo inoltre tra i primi per consegna di aiuti: tutto questo \u00e8 stato fatto con la disponibilit\u00e0 e le risorse del popolo italiano, che nei prossimi giorni affronter\u00e0, temo, diversi disagi, per una questione che mi pare c\u2019entri poco con la vicenda palestinese. Ce lo spiegano i sindacati, mi sarei aspettata che almeno su una questione che reputavano cos\u00ec importante non avessero indetto uno sciopero generale di venerd\u00ec. Il week-end lungo e la rivoluzione non stanno insieme\u201d. <br \/>\u201cMi dispiace anche che di fronte a un appello che avevamo fatto a votare unitariamente una mozione di sostegno al piano di pace per la crisi mediorientale, la gran parte dell\u2019opposizione abbia fatto un\u2019altra scelta. Davvero questo non lo comprendo. Ricordo che c\u2019\u00e8 stato un sostegno a questo piano da parte dei Paesi europei, dei Paesi arabi, dell\u2019Autorit\u00e0 Nazionale Palestinese, quindi rimane solo la sinistra italiana che evidentemente ha posizioni pi\u00f9 radicali\u201d. <\/p>\n<p>\u2013 Foto IPA Agency \u2013<\/p>\n<p>(ITALPRESS).<\/p>\n<\/div>\n","protected":false},"excerpt":{"rendered":"<p>ROMA (ITALPRESS) \u2013 \u201cLe operazioni di abbordaggio sono ancora in corso, noi le stiamo seguendo minuto per minuto e stanotte l\u2019unit\u00e0 di crisi della Farnesina \u00e8 stata in contatto con gli avvocati di alcuni degli imbarcati: faremo tutto il possibile perch\u00e8 queste persone possano tornare in Italia quanto prima\u201d. Lo sottolinea la presidente del Consiglio [&hellip;]<\/p>\n","protected":false},"author":16,"featured_media":60157,"comment_status":"closed","ping_status":"closed","sticky":false,"template":"","format":"standard","meta":{"jnews-multi-image_gallery":[],"jnews_single_post":[],"jnews_primary_category":[],"jnews_social_meta":[],"jnews_override_counter":[],"jnews_post_split":[],"footnotes":""},"categories":[1129],"tags":[],"class_list":["post-60156","post","type-post","status-publish","format-standard","has-post-thumbnail","hentry","category-mondo"],"yoast_head":"<!-- This site is optimized with the Yoast SEO plugin v27.5 - https:\/\/yoast.com\/product\/yoast-seo-wordpress\/ -->\n<title>Gaza, Meloni \u201cSciopero? Weekend lungo e rivoluzione non stanno insieme\u201d - Live Magazine<\/title>\n<meta name=\"robots\" content=\"index, follow, max-snippet:-1, max-image-preview:large, max-video-preview:-1\" \/>\n<link rel=\"canonical\" href=\"https:\/\/www.livemag.it\/index.php\/2025\/10\/02\/gaza-meloni-sciopero-weekend-lungo-e-rivoluzione-non-stanno-insieme\/\" \/>\n<meta property=\"og:locale\" content=\"it_IT\" \/>\n<meta property=\"og:type\" content=\"article\" \/>\n<meta property=\"og:title\" content=\"Gaza, Meloni \u201cSciopero? Weekend lungo e rivoluzione non stanno insieme\u201d - Live Magazine\" \/>\n<meta property=\"og:description\" content=\"ROMA (ITALPRESS) \u2013 \u201cLe operazioni di abbordaggio sono ancora in corso, noi le stiamo seguendo minuto per minuto e stanotte l\u2019unit\u00e0 di crisi della Farnesina \u00e8 stata in contatto con gli avvocati di alcuni degli imbarcati: faremo tutto il possibile perch\u00e8 queste persone possano tornare in Italia quanto prima\u201d. Lo sottolinea la presidente del Consiglio [&hellip;]\" \/>\n<meta property=\"og:url\" content=\"https:\/\/www.livemag.it\/index.php\/2025\/10\/02\/gaza-meloni-sciopero-weekend-lungo-e-rivoluzione-non-stanno-insieme\/\" \/>\n<meta property=\"og:site_name\" content=\"Live Magazine\" \/>\n<meta property=\"article:publisher\" content=\"https:\/\/www.facebook.com\/LiveMag\/\" \/>\n<meta property=\"article:published_time\" content=\"2025-10-02T13:02:57+00:00\" \/>\n<meta property=\"og:image\" content=\"https:\/\/www.livemag.it\/wp-content\/uploads\/2024\/02\/ograph.jpg\" \/>\n\t<meta property=\"og:image:width\" content=\"1200\" \/>\n\t<meta property=\"og:image:height\" content=\"675\" \/>\n\t<meta property=\"og:image:type\" content=\"image\/jpeg\" \/>\n<meta name=\"author\" content=\"italpress\" \/>\n<meta name=\"twitter:card\" content=\"summary_large_image\" \/>\n<meta name=\"twitter:creator\" content=\"@LiveNotizie\" \/>\n<meta name=\"twitter:site\" content=\"@LiveNotizie\" \/>\n<meta name=\"twitter:label1\" content=\"Scritto da\" \/>\n\t<meta name=\"twitter:data1\" content=\"italpress\" \/>\n\t<meta name=\"twitter:label2\" content=\"Tempo di lettura stimato\" \/>\n\t<meta name=\"twitter:data2\" content=\"1 minuto\" \/>\n<script type=\"application\/ld+json\" class=\"yoast-schema-graph\">{\"@context\":\"https:\\\/\\\/schema.org\",\"@graph\":[{\"@type\":\"Article\",\"@id\":\"https:\\\/\\\/www.livemag.it\\\/index.php\\\/2025\\\/10\\\/02\\\/gaza-meloni-sciopero-weekend-lungo-e-rivoluzione-non-stanno-insieme\\\/#article\",\"isPartOf\":{\"@id\":\"https:\\\/\\\/www.livemag.it\\\/index.php\\\/2025\\\/10\\\/02\\\/gaza-meloni-sciopero-weekend-lungo-e-rivoluzione-non-stanno-insieme\\\/\"},\"author\":{\"name\":\"italpress\",\"@id\":\"https:\\\/\\\/www.livemag.it\\\/#\\\/schema\\\/person\\\/b62c5f44451fdcdaeb0afe6c2424e73c\"},\"headline\":\"Gaza, Meloni \u201cSciopero? Weekend lungo e rivoluzione non stanno insieme\u201d\",\"datePublished\":\"2025-10-02T13:02:57+00:00\",\"mainEntityOfPage\":{\"@id\":\"https:\\\/\\\/www.livemag.it\\\/index.php\\\/2025\\\/10\\\/02\\\/gaza-meloni-sciopero-weekend-lungo-e-rivoluzione-non-stanno-insieme\\\/\"},\"wordCount\":302,\"publisher\":{\"@id\":\"https:\\\/\\\/www.livemag.it\\\/#organization\"},\"image\":{\"@id\":\"https:\\\/\\\/www.livemag.it\\\/index.php\\\/2025\\\/10\\\/02\\\/gaza-meloni-sciopero-weekend-lungo-e-rivoluzione-non-stanno-insieme\\\/#primaryimage\"},\"thumbnailUrl\":\"https:\\\/\\\/www.livemag.it\\\/wp-content\\\/uploads\\\/2025\\\/10\\\/20251002_0358.jpg\",\"articleSection\":[\"Mondo\"],\"inLanguage\":\"it-IT\"},{\"@type\":\"WebPage\",\"@id\":\"https:\\\/\\\/www.livemag.it\\\/index.php\\\/2025\\\/10\\\/02\\\/gaza-meloni-sciopero-weekend-lungo-e-rivoluzione-non-stanno-insieme\\\/\",\"url\":\"https:\\\/\\\/www.livemag.it\\\/index.php\\\/2025\\\/10\\\/02\\\/gaza-meloni-sciopero-weekend-lungo-e-rivoluzione-non-stanno-insieme\\\/\",\"name\":\"Gaza, Meloni \u201cSciopero? Weekend lungo e rivoluzione non stanno insieme\u201d - Live Magazine\",\"isPartOf\":{\"@id\":\"https:\\\/\\\/www.livemag.it\\\/#website\"},\"primaryImageOfPage\":{\"@id\":\"https:\\\/\\\/www.livemag.it\\\/index.php\\\/2025\\\/10\\\/02\\\/gaza-meloni-sciopero-weekend-lungo-e-rivoluzione-non-stanno-insieme\\\/#primaryimage\"},\"image\":{\"@id\":\"https:\\\/\\\/www.livemag.it\\\/index.php\\\/2025\\\/10\\\/02\\\/gaza-meloni-sciopero-weekend-lungo-e-rivoluzione-non-stanno-insieme\\\/#primaryimage\"},\"thumbnailUrl\":\"https:\\\/\\\/www.livemag.it\\\/wp-content\\\/uploads\\\/2025\\\/10\\\/20251002_0358.jpg\",\"datePublished\":\"2025-10-02T13:02:57+00:00\",\"breadcrumb\":{\"@id\":\"https:\\\/\\\/www.livemag.it\\\/index.php\\\/2025\\\/10\\\/02\\\/gaza-meloni-sciopero-weekend-lungo-e-rivoluzione-non-stanno-insieme\\\/#breadcrumb\"},\"inLanguage\":\"it-IT\",\"potentialAction\":[{\"@type\":\"ReadAction\",\"target\":[\"https:\\\/\\\/www.livemag.it\\\/index.php\\\/2025\\\/10\\\/02\\\/gaza-meloni-sciopero-weekend-lungo-e-rivoluzione-non-stanno-insieme\\\/\"]}]},{\"@type\":\"ImageObject\",\"inLanguage\":\"it-IT\",\"@id\":\"https:\\\/\\\/www.livemag.it\\\/index.php\\\/2025\\\/10\\\/02\\\/gaza-meloni-sciopero-weekend-lungo-e-rivoluzione-non-stanno-insieme\\\/#primaryimage\",\"url\":\"https:\\\/\\\/www.livemag.it\\\/wp-content\\\/uploads\\\/2025\\\/10\\\/20251002_0358.jpg\",\"contentUrl\":\"https:\\\/\\\/www.livemag.it\\\/wp-content\\\/uploads\\\/2025\\\/10\\\/20251002_0358.jpg\",\"width\":1200,\"height\":799},{\"@type\":\"BreadcrumbList\",\"@id\":\"https:\\\/\\\/www.livemag.it\\\/index.php\\\/2025\\\/10\\\/02\\\/gaza-meloni-sciopero-weekend-lungo-e-rivoluzione-non-stanno-insieme\\\/#breadcrumb\",\"itemListElement\":[{\"@type\":\"ListItem\",\"position\":1,\"name\":\"Home\",\"item\":\"https:\\\/\\\/www.livemag.it\\\/\"},{\"@type\":\"ListItem\",\"position\":2,\"name\":\"Gaza, Meloni \u201cSciopero? Weekend lungo e rivoluzione non stanno insieme\u201d\"}]},{\"@type\":\"WebSite\",\"@id\":\"https:\\\/\\\/www.livemag.it\\\/#website\",\"url\":\"https:\\\/\\\/www.livemag.it\\\/\",\"name\":\"Live Magazine\",\"description\":\"Varie ed eventi\",\"publisher\":{\"@id\":\"https:\\\/\\\/www.livemag.it\\\/#organization\"},\"potentialAction\":[{\"@type\":\"SearchAction\",\"target\":{\"@type\":\"EntryPoint\",\"urlTemplate\":\"https:\\\/\\\/www.livemag.it\\\/?s={search_term_string}\"},\"query-input\":{\"@type\":\"PropertyValueSpecification\",\"valueRequired\":true,\"valueName\":\"search_term_string\"}}],\"inLanguage\":\"it-IT\"},{\"@type\":\"Organization\",\"@id\":\"https:\\\/\\\/www.livemag.it\\\/#organization\",\"name\":\"LiveMag\",\"alternateName\":\"LiveMag News ed eventi\",\"url\":\"https:\\\/\\\/www.livemag.it\\\/\",\"logo\":{\"@type\":\"ImageObject\",\"inLanguage\":\"it-IT\",\"@id\":\"https:\\\/\\\/www.livemag.it\\\/#\\\/schema\\\/logo\\\/image\\\/\",\"url\":\"https:\\\/\\\/www.livemag.it\\\/wp-content\\\/uploads\\\/2024\\\/02\\\/immagine-sito.jpg\",\"contentUrl\":\"https:\\\/\\\/www.livemag.it\\\/wp-content\\\/uploads\\\/2024\\\/02\\\/immagine-sito.jpg\",\"width\":696,\"height\":696,\"caption\":\"LiveMag\"},\"image\":{\"@id\":\"https:\\\/\\\/www.livemag.it\\\/#\\\/schema\\\/logo\\\/image\\\/\"},\"sameAs\":[\"https:\\\/\\\/www.facebook.com\\\/LiveMag\\\/\",\"https:\\\/\\\/x.com\\\/LiveNotizie\",\"https:\\\/\\\/www.instagram.com\\\/livemag\\\/\"]},{\"@type\":\"Person\",\"@id\":\"https:\\\/\\\/www.livemag.it\\\/#\\\/schema\\\/person\\\/b62c5f44451fdcdaeb0afe6c2424e73c\",\"name\":\"italpress\",\"image\":{\"@type\":\"ImageObject\",\"inLanguage\":\"it-IT\",\"@id\":\"https:\\\/\\\/secure.gravatar.com\\\/avatar\\\/b6a21695fc713ce7ee312cf57c97e2e641feb365be72d8745574d3c3e2b59066?s=96&r=g\",\"url\":\"https:\\\/\\\/secure.gravatar.com\\\/avatar\\\/b6a21695fc713ce7ee312cf57c97e2e641feb365be72d8745574d3c3e2b59066?s=96&r=g\",\"contentUrl\":\"https:\\\/\\\/secure.gravatar.com\\\/avatar\\\/b6a21695fc713ce7ee312cf57c97e2e641feb365be72d8745574d3c3e2b59066?s=96&r=g\",\"caption\":\"italpress\"},\"description\":\"Italpress \u00e8 un'agenzia di stampa italiana a carattere nazionale.\",\"url\":\"https:\\\/\\\/www.livemag.it\\\/index.php\\\/author\\\/italpress\\\/\"}]}<\/script>\n<!-- \/ Yoast SEO plugin. -->","yoast_head_json":{"title":"Gaza, Meloni \u201cSciopero? Weekend lungo e rivoluzione non stanno insieme\u201d - Live Magazine","robots":{"index":"index","follow":"follow","max-snippet":"max-snippet:-1","max-image-preview":"max-image-preview:large","max-video-preview":"max-video-preview:-1"},"canonical":"https:\/\/www.livemag.it\/index.php\/2025\/10\/02\/gaza-meloni-sciopero-weekend-lungo-e-rivoluzione-non-stanno-insieme\/","og_locale":"it_IT","og_type":"article","og_title":"Gaza, Meloni \u201cSciopero? Weekend lungo e rivoluzione non stanno insieme\u201d - Live Magazine","og_description":"ROMA (ITALPRESS) \u2013 \u201cLe operazioni di abbordaggio sono ancora in corso, noi le stiamo seguendo minuto per minuto e stanotte l\u2019unit\u00e0 di crisi della Farnesina \u00e8 stata in contatto con gli avvocati di alcuni degli imbarcati: faremo tutto il possibile perch\u00e8 queste persone possano tornare in Italia quanto prima\u201d. Lo sottolinea la presidente del Consiglio [&hellip;]","og_url":"https:\/\/www.livemag.it\/index.php\/2025\/10\/02\/gaza-meloni-sciopero-weekend-lungo-e-rivoluzione-non-stanno-insieme\/","og_site_name":"Live Magazine","article_publisher":"https:\/\/www.facebook.com\/LiveMag\/","article_published_time":"2025-10-02T13:02:57+00:00","og_image":[{"width":1200,"height":675,"url":"https:\/\/www.livemag.it\/wp-content\/uploads\/2024\/02\/ograph.jpg","type":"image\/jpeg"}],"author":"italpress","twitter_card":"summary_large_image","twitter_creator":"@LiveNotizie","twitter_site":"@LiveNotizie","twitter_misc":{"Scritto da":"italpress","Tempo di lettura stimato":"1 minuto"},"schema":{"@context":"https:\/\/schema.org","@graph":[{"@type":"Article","@id":"https:\/\/www.livemag.it\/index.php\/2025\/10\/02\/gaza-meloni-sciopero-weekend-lungo-e-rivoluzione-non-stanno-insieme\/#article","isPartOf":{"@id":"https:\/\/www.livemag.it\/index.php\/2025\/10\/02\/gaza-meloni-sciopero-weekend-lungo-e-rivoluzione-non-stanno-insieme\/"},"author":{"name":"italpress","@id":"https:\/\/www.livemag.it\/#\/schema\/person\/b62c5f44451fdcdaeb0afe6c2424e73c"},"headline":"Gaza, Meloni \u201cSciopero? Weekend lungo e rivoluzione non stanno insieme\u201d","datePublished":"2025-10-02T13:02:57+00:00","mainEntityOfPage":{"@id":"https:\/\/www.livemag.it\/index.php\/2025\/10\/02\/gaza-meloni-sciopero-weekend-lungo-e-rivoluzione-non-stanno-insieme\/"},"wordCount":302,"publisher":{"@id":"https:\/\/www.livemag.it\/#organization"},"image":{"@id":"https:\/\/www.livemag.it\/index.php\/2025\/10\/02\/gaza-meloni-sciopero-weekend-lungo-e-rivoluzione-non-stanno-insieme\/#primaryimage"},"thumbnailUrl":"https:\/\/www.livemag.it\/wp-content\/uploads\/2025\/10\/20251002_0358.jpg","articleSection":["Mondo"],"inLanguage":"it-IT"},{"@type":"WebPage","@id":"https:\/\/www.livemag.it\/index.php\/2025\/10\/02\/gaza-meloni-sciopero-weekend-lungo-e-rivoluzione-non-stanno-insieme\/","url":"https:\/\/www.livemag.it\/index.php\/2025\/10\/02\/gaza-meloni-sciopero-weekend-lungo-e-rivoluzione-non-stanno-insieme\/","name":"Gaza, Meloni \u201cSciopero? Weekend lungo e rivoluzione non stanno insieme\u201d - Live Magazine","isPartOf":{"@id":"https:\/\/www.livemag.it\/#website"},"primaryImageOfPage":{"@id":"https:\/\/www.livemag.it\/index.php\/2025\/10\/02\/gaza-meloni-sciopero-weekend-lungo-e-rivoluzione-non-stanno-insieme\/#primaryimage"},"image":{"@id":"https:\/\/www.livemag.it\/index.php\/2025\/10\/02\/gaza-meloni-sciopero-weekend-lungo-e-rivoluzione-non-stanno-insieme\/#primaryimage"},"thumbnailUrl":"https:\/\/www.livemag.it\/wp-content\/uploads\/2025\/10\/20251002_0358.jpg","datePublished":"2025-10-02T13:02:57+00:00","breadcrumb":{"@id":"https:\/\/www.livemag.it\/index.php\/2025\/10\/02\/gaza-meloni-sciopero-weekend-lungo-e-rivoluzione-non-stanno-insieme\/#breadcrumb"},"inLanguage":"it-IT","potentialAction":[{"@type":"ReadAction","target":["https:\/\/www.livemag.it\/index.php\/2025\/10\/02\/gaza-meloni-sciopero-weekend-lungo-e-rivoluzione-non-stanno-insieme\/"]}]},{"@type":"ImageObject","inLanguage":"it-IT","@id":"https:\/\/www.livemag.it\/index.php\/2025\/10\/02\/gaza-meloni-sciopero-weekend-lungo-e-rivoluzione-non-stanno-insieme\/#primaryimage","url":"https:\/\/www.livemag.it\/wp-content\/uploads\/2025\/10\/20251002_0358.jpg","contentUrl":"https:\/\/www.livemag.it\/wp-content\/uploads\/2025\/10\/20251002_0358.jpg","width":1200,"height":799},{"@type":"BreadcrumbList","@id":"https:\/\/www.livemag.it\/index.php\/2025\/10\/02\/gaza-meloni-sciopero-weekend-lungo-e-rivoluzione-non-stanno-insieme\/#breadcrumb","itemListElement":[{"@type":"ListItem","position":1,"name":"Home","item":"https:\/\/www.livemag.it\/"},{"@type":"ListItem","position":2,"name":"Gaza, Meloni \u201cSciopero? Weekend lungo e rivoluzione non stanno insieme\u201d"}]},{"@type":"WebSite","@id":"https:\/\/www.livemag.it\/#website","url":"https:\/\/www.livemag.it\/","name":"Live Magazine","description":"Varie ed eventi","publisher":{"@id":"https:\/\/www.livemag.it\/#organization"},"potentialAction":[{"@type":"SearchAction","target":{"@type":"EntryPoint","urlTemplate":"https:\/\/www.livemag.it\/?s={search_term_string}"},"query-input":{"@type":"PropertyValueSpecification","valueRequired":true,"valueName":"search_term_string"}}],"inLanguage":"it-IT"},{"@type":"Organization","@id":"https:\/\/www.livemag.it\/#organization","name":"LiveMag","alternateName":"LiveMag News ed eventi","url":"https:\/\/www.livemag.it\/","logo":{"@type":"ImageObject","inLanguage":"it-IT","@id":"https:\/\/www.livemag.it\/#\/schema\/logo\/image\/","url":"https:\/\/www.livemag.it\/wp-content\/uploads\/2024\/02\/immagine-sito.jpg","contentUrl":"https:\/\/www.livemag.it\/wp-content\/uploads\/2024\/02\/immagine-sito.jpg","width":696,"height":696,"caption":"LiveMag"},"image":{"@id":"https:\/\/www.livemag.it\/#\/schema\/logo\/image\/"},"sameAs":["https:\/\/www.facebook.com\/LiveMag\/","https:\/\/x.com\/LiveNotizie","https:\/\/www.instagram.com\/livemag\/"]},{"@type":"Person","@id":"https:\/\/www.livemag.it\/#\/schema\/person\/b62c5f44451fdcdaeb0afe6c2424e73c","name":"italpress","image":{"@type":"ImageObject","inLanguage":"it-IT","@id":"https:\/\/secure.gravatar.com\/avatar\/b6a21695fc713ce7ee312cf57c97e2e641feb365be72d8745574d3c3e2b59066?s=96&r=g","url":"https:\/\/secure.gravatar.com\/avatar\/b6a21695fc713ce7ee312cf57c97e2e641feb365be72d8745574d3c3e2b59066?s=96&r=g","contentUrl":"https:\/\/secure.gravatar.com\/avatar\/b6a21695fc713ce7ee312cf57c97e2e641feb365be72d8745574d3c3e2b59066?s=96&r=g","caption":"italpress"},"description":"Italpress \u00e8 un'agenzia di stampa italiana a carattere nazionale.","url":"https:\/\/www.livemag.it\/index.php\/author\/italpress\/"}]}},"jetpack_featured_media_url":"https:\/\/www.livemag.it\/wp-content\/uploads\/2025\/10\/20251002_0358.jpg","_links":{"self":[{"href":"https:\/\/www.livemag.it\/index.php\/wp-json\/wp\/v2\/posts\/60156","targetHints":{"allow":["GET"]}}],"collection":[{"href":"https:\/\/www.livemag.it\/index.php\/wp-json\/wp\/v2\/posts"}],"about":[{"href":"https:\/\/www.livemag.it\/index.php\/wp-json\/wp\/v2\/types\/post"}],"author":[{"embeddable":true,"href":"https:\/\/www.livemag.it\/index.php\/wp-json\/wp\/v2\/users\/16"}],"replies":[{"embeddable":true,"href":"https:\/\/www.livemag.it\/index.php\/wp-json\/wp\/v2\/comments?post=60156"}],"version-history":[{"count":0,"href":"https:\/\/www.livemag.it\/index.php\/wp-json\/wp\/v2\/posts\/60156\/revisions"}],"wp:featuredmedia":[{"embeddable":true,"href":"https:\/\/www.livemag.it\/index.php\/wp-json\/wp\/v2\/media\/60157"}],"wp:attachment":[{"href":"https:\/\/www.livemag.it\/index.php\/wp-json\/wp\/v2\/media?parent=60156"}],"wp:term":[{"taxonomy":"category","embeddable":true,"href":"https:\/\/www.livemag.it\/index.php\/wp-json\/wp\/v2\/categories?post=60156"},{"taxonomy":"post_tag","embeddable":true,"href":"https:\/\/www.livemag.it\/index.php\/wp-json\/wp\/v2\/tags?post=60156"}],"curies":[{"name":"wp","href":"https:\/\/api.w.org\/{rel}","templated":true}]}}