{"id":59851,"date":"2025-09-29T07:43:38","date_gmt":"2025-09-29T05:43:38","guid":{"rendered":"https:\/\/www.livemag.it\/?p=59851"},"modified":"2025-09-29T07:44:23","modified_gmt":"2025-09-29T05:44:23","slug":"andrea-delogu-dopo-il-debutto-a-ballando-con-le-stelle-torna-col-suo-programma-di-successo-la-porta-magica","status":"publish","type":"post","link":"https:\/\/www.livemag.it\/index.php\/2025\/09\/29\/andrea-delogu-dopo-il-debutto-a-ballando-con-le-stelle-torna-col-suo-programma-di-successo-la-porta-magica\/","title":{"rendered":"ANDREA DELOGU, DOPO IL DEBUTTO A \u201cBALLANDO CON LE STELLE\u201d, TORNA COL SUO PROGRAMMA DI SUCCESSO \u201cLA PORTA MAGICA\u201d"},"content":{"rendered":"\n<p>Al via la seconda stagione de \u201cLa Porta Magica\u201d, il programma che mette al centro le persone comuni e il loro desiderio di trovare finalmente il coraggio di cambiare un aspetto della propria vita, in onda da luned\u00ec\u2019 29 settembre alle 17.00 su Rai 2. Dopo aver raccontato in prima persona le loro storie, i protagonisti di puntata saranno guidati in un percorso di trasformazione per rivoluzionare il loro modo di vivere e Andrea Delogu prender\u00e0 per mano i suoi ospiti in un percorso di rinnovamento, avvalendosi, di volta in volta, della collaborazione dei suoi \u201cAngeli\u201d.\u00a0<br>Protagoniste della puntata di luned\u00ec 29 settembre sono Florinda e Antonia. A 19 anni Florinda fu scelta come annunciatrice Rai, ma la madre le imped\u00ec di intraprendere quel percorso. Oggi, a 90 anni, vuole finalmente realizzare quel sogno e Antonia, ex infermiera, ha cominciato una nuova vita a 70 anni come maratoneta. Ora di anni ne ha 80 anni e sogna di ballare la rumba con Simone Di Pasquale.<br>Marted\u00ec 30 settembre Andrea far\u00e0 scoprire la storia di Fabiola con Nonno Rocco e Nonna Maria Vittoria. Un matrimonio non approvato dalla famiglia di lei, organizzato in tutta fretta e senza nessuna festa, ha lasciato un sogno sospeso nei cuori di questa coppia. Oggi la nipote Fabiola desidera regalare ai nonni la cerimonia che non hanno avuto quando si sono sposati 60 anni fa. Emanuela Corti, infermiera e mamma segnata da tante fragilit\u00e0 e difficolt\u00e0, sogna di guardarsi allo specchio e rivedersi con un nuovo look.<br>Mercoled\u00ec 1\u00b0 ottobre due storie di coraggio e di amore eterno. Sonia, ex campionessa di danza, dopo una crisi personale non balla pi\u00f9. Vuole tornare in forma e sogna un giorno di tornare in pista. Don Nicolino Sacerdote passionista, molti anni fa perde l\u2019amata Domenichina poco prima del matrimonio. A \u201cLa Porta magica\u201d racconter\u00e0 la sua storia con un grande sogno.<br>Gioved\u00ec 2 ottobre, Zenedia una donna che non si \u00e8 mai lasciata abbattere dalle tante avversit\u00e0 e dai tanti dolori che la vita le ha riservato chieder\u00e0 alla Porta Magica un cambio look che ha sempre sognato e che, per tanti anni, si \u00e8 sempre negata e poi Sonia, volto amatissimo dai bambini di Roma e del Lazio negli anni \u201990 e 2000, sogna di salutare per l\u2019ultima volta quei piccoli spettatori che l\u2019hanno amata.<br>Venerd\u00ec 3 ottobre per l\u2019ultima puntata della settimana due storie intense, dal cui dolore nascono nuovi inizi. Carmela dopo anni difficili e un 2025 segnato da lutti e malattia, desidera ritrovare colori, leggerezza e la felicit\u00e0 nel guardarsi nuovamente allo specchio. Nazzareno invece, vedovo dopo 50 anni di matrimonio, trova nel ballo la forza per provare a superare questo grande dolore. Ora ha bisogno di una nuova compagna per danzare e qui a \u201cLa Porta Magica\u201d incontrer\u00e0 tre signore pronte a dividere con lui la pista da ballo.<br>\u201cLa Porta Magica\u201d \u00e8 un format distribuito da Small World IFT, creato da J.D. Roth \u2013 gi\u00e0 produttore esecutivo del successo internazionale \u201cThe Biggest Loser\u201d \u2013 e realizzato dalla Direzione Intrattenimento DayTime di Rai in collaborazione con CastaDiva.<\/p>\n","protected":false},"excerpt":{"rendered":"<p>Al via la seconda stagione de \u201cLa Porta Magica\u201d, il programma che mette al centro le persone comuni e il loro desiderio di trovare finalmente il coraggio di cambiare un aspetto della propria vita, in onda da luned\u00ec\u2019 29 settembre alle 17.00 su Rai 2. Dopo aver raccontato in prima persona le loro storie, i [&hellip;]<\/p>\n","protected":false},"author":1,"featured_media":59852,"comment_status":"open","ping_status":"open","sticky":false,"template":"","format":"standard","meta":{"jnews-multi-image_gallery":[],"jnews_single_post":{"format":"standard"},"jnews_primary_category":[],"jnews_social_meta":[],"jnews_override_counter":[],"jnews_post_split":[],"footnotes":""},"categories":[2,1],"tags":[],"class_list":["post-59851","post","type-post","status-publish","format-standard","has-post-thumbnail","hentry","category-livepeople","category-senza-categoria"],"yoast_head":"<!-- This site is optimized with the Yoast SEO plugin v27.5 - https:\/\/yoast.com\/product\/yoast-seo-wordpress\/ -->\n<title>ANDREA DELOGU, DOPO IL DEBUTTO A \u201cBALLANDO CON LE STELLE\u201d, TORNA COL SUO PROGRAMMA DI SUCCESSO \u201cLA PORTA MAGICA\u201d - Live Magazine<\/title>\n<meta name=\"robots\" content=\"index, follow, max-snippet:-1, max-image-preview:large, max-video-preview:-1\" \/>\n<link rel=\"canonical\" href=\"https:\/\/www.livemag.it\/index.php\/2025\/09\/29\/andrea-delogu-dopo-il-debutto-a-ballando-con-le-stelle-torna-col-suo-programma-di-successo-la-porta-magica\/\" \/>\n<meta property=\"og:locale\" content=\"it_IT\" \/>\n<meta property=\"og:type\" content=\"article\" \/>\n<meta property=\"og:title\" content=\"ANDREA DELOGU, DOPO IL DEBUTTO A \u201cBALLANDO CON LE STELLE\u201d, TORNA COL SUO PROGRAMMA DI SUCCESSO \u201cLA PORTA MAGICA\u201d - Live Magazine\" \/>\n<meta property=\"og:description\" content=\"Al via la seconda stagione de \u201cLa Porta Magica\u201d, il programma che mette al centro le persone comuni e il loro desiderio di trovare finalmente il coraggio di cambiare un aspetto della propria vita, in onda da luned\u00ec\u2019 29 settembre alle 17.00 su Rai 2. Dopo aver raccontato in prima persona le loro storie, i [&hellip;]\" \/>\n<meta property=\"og:url\" content=\"https:\/\/www.livemag.it\/index.php\/2025\/09\/29\/andrea-delogu-dopo-il-debutto-a-ballando-con-le-stelle-torna-col-suo-programma-di-successo-la-porta-magica\/\" \/>\n<meta property=\"og:site_name\" content=\"Live Magazine\" \/>\n<meta property=\"article:publisher\" content=\"https:\/\/www.facebook.com\/LiveMag\/\" \/>\n<meta property=\"article:published_time\" content=\"2025-09-29T05:43:38+00:00\" \/>\n<meta property=\"article:modified_time\" content=\"2025-09-29T05:44:23+00:00\" \/>\n<meta property=\"og:image\" content=\"https:\/\/www.livemag.it\/wp-content\/uploads\/2025\/09\/IMG_1414.jpeg\" \/>\n\t<meta property=\"og:image:width\" content=\"1600\" \/>\n\t<meta property=\"og:image:height\" content=\"900\" \/>\n\t<meta property=\"og:image:type\" content=\"image\/jpeg\" \/>\n<meta name=\"author\" content=\"Redazione\" \/>\n<meta name=\"twitter:card\" content=\"summary_large_image\" \/>\n<meta name=\"twitter:creator\" content=\"@LiveNotizie\" \/>\n<meta name=\"twitter:site\" content=\"@LiveNotizie\" \/>\n<meta name=\"twitter:label1\" content=\"Scritto da\" \/>\n\t<meta name=\"twitter:data1\" content=\"Redazione\" \/>\n\t<meta name=\"twitter:label2\" content=\"Tempo di lettura stimato\" \/>\n\t<meta name=\"twitter:data2\" content=\"3 minuti\" \/>\n<script type=\"application\/ld+json\" class=\"yoast-schema-graph\">{\"@context\":\"https:\\\/\\\/schema.org\",\"@graph\":[{\"@type\":\"Article\",\"@id\":\"https:\\\/\\\/www.livemag.it\\\/index.php\\\/2025\\\/09\\\/29\\\/andrea-delogu-dopo-il-debutto-a-ballando-con-le-stelle-torna-col-suo-programma-di-successo-la-porta-magica\\\/#article\",\"isPartOf\":{\"@id\":\"https:\\\/\\\/www.livemag.it\\\/index.php\\\/2025\\\/09\\\/29\\\/andrea-delogu-dopo-il-debutto-a-ballando-con-le-stelle-torna-col-suo-programma-di-successo-la-porta-magica\\\/\"},\"author\":{\"name\":\"Redazione\",\"@id\":\"https:\\\/\\\/www.livemag.it\\\/#\\\/schema\\\/person\\\/7191e402a6eb1110174f9d71f53edea9\"},\"headline\":\"ANDREA DELOGU, DOPO IL DEBUTTO A \u201cBALLANDO CON LE STELLE\u201d, TORNA COL SUO PROGRAMMA DI SUCCESSO \u201cLA PORTA MAGICA\u201d\",\"datePublished\":\"2025-09-29T05:43:38+00:00\",\"dateModified\":\"2025-09-29T05:44:23+00:00\",\"mainEntityOfPage\":{\"@id\":\"https:\\\/\\\/www.livemag.it\\\/index.php\\\/2025\\\/09\\\/29\\\/andrea-delogu-dopo-il-debutto-a-ballando-con-le-stelle-torna-col-suo-programma-di-successo-la-porta-magica\\\/\"},\"wordCount\":515,\"commentCount\":0,\"publisher\":{\"@id\":\"https:\\\/\\\/www.livemag.it\\\/#organization\"},\"image\":{\"@id\":\"https:\\\/\\\/www.livemag.it\\\/index.php\\\/2025\\\/09\\\/29\\\/andrea-delogu-dopo-il-debutto-a-ballando-con-le-stelle-torna-col-suo-programma-di-successo-la-porta-magica\\\/#primaryimage\"},\"thumbnailUrl\":\"https:\\\/\\\/www.livemag.it\\\/wp-content\\\/uploads\\\/2025\\\/09\\\/IMG_1414.jpeg\",\"articleSection\":[\"LivePeople\"],\"inLanguage\":\"it-IT\",\"potentialAction\":[{\"@type\":\"CommentAction\",\"name\":\"Comment\",\"target\":[\"https:\\\/\\\/www.livemag.it\\\/index.php\\\/2025\\\/09\\\/29\\\/andrea-delogu-dopo-il-debutto-a-ballando-con-le-stelle-torna-col-suo-programma-di-successo-la-porta-magica\\\/#respond\"]}]},{\"@type\":\"WebPage\",\"@id\":\"https:\\\/\\\/www.livemag.it\\\/index.php\\\/2025\\\/09\\\/29\\\/andrea-delogu-dopo-il-debutto-a-ballando-con-le-stelle-torna-col-suo-programma-di-successo-la-porta-magica\\\/\",\"url\":\"https:\\\/\\\/www.livemag.it\\\/index.php\\\/2025\\\/09\\\/29\\\/andrea-delogu-dopo-il-debutto-a-ballando-con-le-stelle-torna-col-suo-programma-di-successo-la-porta-magica\\\/\",\"name\":\"ANDREA DELOGU, DOPO IL DEBUTTO A \u201cBALLANDO CON LE STELLE\u201d, TORNA COL SUO PROGRAMMA DI SUCCESSO \u201cLA PORTA MAGICA\u201d - Live Magazine\",\"isPartOf\":{\"@id\":\"https:\\\/\\\/www.livemag.it\\\/#website\"},\"primaryImageOfPage\":{\"@id\":\"https:\\\/\\\/www.livemag.it\\\/index.php\\\/2025\\\/09\\\/29\\\/andrea-delogu-dopo-il-debutto-a-ballando-con-le-stelle-torna-col-suo-programma-di-successo-la-porta-magica\\\/#primaryimage\"},\"image\":{\"@id\":\"https:\\\/\\\/www.livemag.it\\\/index.php\\\/2025\\\/09\\\/29\\\/andrea-delogu-dopo-il-debutto-a-ballando-con-le-stelle-torna-col-suo-programma-di-successo-la-porta-magica\\\/#primaryimage\"},\"thumbnailUrl\":\"https:\\\/\\\/www.livemag.it\\\/wp-content\\\/uploads\\\/2025\\\/09\\\/IMG_1414.jpeg\",\"datePublished\":\"2025-09-29T05:43:38+00:00\",\"dateModified\":\"2025-09-29T05:44:23+00:00\",\"breadcrumb\":{\"@id\":\"https:\\\/\\\/www.livemag.it\\\/index.php\\\/2025\\\/09\\\/29\\\/andrea-delogu-dopo-il-debutto-a-ballando-con-le-stelle-torna-col-suo-programma-di-successo-la-porta-magica\\\/#breadcrumb\"},\"inLanguage\":\"it-IT\",\"potentialAction\":[{\"@type\":\"ReadAction\",\"target\":[\"https:\\\/\\\/www.livemag.it\\\/index.php\\\/2025\\\/09\\\/29\\\/andrea-delogu-dopo-il-debutto-a-ballando-con-le-stelle-torna-col-suo-programma-di-successo-la-porta-magica\\\/\"]}]},{\"@type\":\"ImageObject\",\"inLanguage\":\"it-IT\",\"@id\":\"https:\\\/\\\/www.livemag.it\\\/index.php\\\/2025\\\/09\\\/29\\\/andrea-delogu-dopo-il-debutto-a-ballando-con-le-stelle-torna-col-suo-programma-di-successo-la-porta-magica\\\/#primaryimage\",\"url\":\"https:\\\/\\\/www.livemag.it\\\/wp-content\\\/uploads\\\/2025\\\/09\\\/IMG_1414.jpeg\",\"contentUrl\":\"https:\\\/\\\/www.livemag.it\\\/wp-content\\\/uploads\\\/2025\\\/09\\\/IMG_1414.jpeg\",\"width\":1600,\"height\":900},{\"@type\":\"BreadcrumbList\",\"@id\":\"https:\\\/\\\/www.livemag.it\\\/index.php\\\/2025\\\/09\\\/29\\\/andrea-delogu-dopo-il-debutto-a-ballando-con-le-stelle-torna-col-suo-programma-di-successo-la-porta-magica\\\/#breadcrumb\",\"itemListElement\":[{\"@type\":\"ListItem\",\"position\":1,\"name\":\"Home\",\"item\":\"https:\\\/\\\/www.livemag.it\\\/\"},{\"@type\":\"ListItem\",\"position\":2,\"name\":\"ANDREA DELOGU, DOPO IL DEBUTTO A \u201cBALLANDO CON LE STELLE\u201d, TORNA COL SUO PROGRAMMA DI SUCCESSO \u201cLA PORTA MAGICA\u201d\"}]},{\"@type\":\"WebSite\",\"@id\":\"https:\\\/\\\/www.livemag.it\\\/#website\",\"url\":\"https:\\\/\\\/www.livemag.it\\\/\",\"name\":\"Live Magazine\",\"description\":\"Varie ed eventi\",\"publisher\":{\"@id\":\"https:\\\/\\\/www.livemag.it\\\/#organization\"},\"potentialAction\":[{\"@type\":\"SearchAction\",\"target\":{\"@type\":\"EntryPoint\",\"urlTemplate\":\"https:\\\/\\\/www.livemag.it\\\/?s={search_term_string}\"},\"query-input\":{\"@type\":\"PropertyValueSpecification\",\"valueRequired\":true,\"valueName\":\"search_term_string\"}}],\"inLanguage\":\"it-IT\"},{\"@type\":\"Organization\",\"@id\":\"https:\\\/\\\/www.livemag.it\\\/#organization\",\"name\":\"LiveMag\",\"alternateName\":\"LiveMag News ed eventi\",\"url\":\"https:\\\/\\\/www.livemag.it\\\/\",\"logo\":{\"@type\":\"ImageObject\",\"inLanguage\":\"it-IT\",\"@id\":\"https:\\\/\\\/www.livemag.it\\\/#\\\/schema\\\/logo\\\/image\\\/\",\"url\":\"https:\\\/\\\/www.livemag.it\\\/wp-content\\\/uploads\\\/2024\\\/02\\\/immagine-sito.jpg\",\"contentUrl\":\"https:\\\/\\\/www.livemag.it\\\/wp-content\\\/uploads\\\/2024\\\/02\\\/immagine-sito.jpg\",\"width\":696,\"height\":696,\"caption\":\"LiveMag\"},\"image\":{\"@id\":\"https:\\\/\\\/www.livemag.it\\\/#\\\/schema\\\/logo\\\/image\\\/\"},\"sameAs\":[\"https:\\\/\\\/www.facebook.com\\\/LiveMag\\\/\",\"https:\\\/\\\/x.com\\\/LiveNotizie\",\"https:\\\/\\\/www.instagram.com\\\/livemag\\\/\"]},{\"@type\":\"Person\",\"@id\":\"https:\\\/\\\/www.livemag.it\\\/#\\\/schema\\\/person\\\/7191e402a6eb1110174f9d71f53edea9\",\"name\":\"Redazione\",\"image\":{\"@type\":\"ImageObject\",\"inLanguage\":\"it-IT\",\"@id\":\"https:\\\/\\\/secure.gravatar.com\\\/avatar\\\/b20eb33510695f1259c3f61c8dfc966b174a5d33f605fb2d514d9b271222597e?s=96&r=g\",\"url\":\"https:\\\/\\\/secure.gravatar.com\\\/avatar\\\/b20eb33510695f1259c3f61c8dfc966b174a5d33f605fb2d514d9b271222597e?s=96&r=g\",\"contentUrl\":\"https:\\\/\\\/secure.gravatar.com\\\/avatar\\\/b20eb33510695f1259c3f61c8dfc966b174a5d33f605fb2d514d9b271222597e?s=96&r=g\",\"caption\":\"Redazione\"},\"url\":\"https:\\\/\\\/www.livemag.it\\\/index.php\\\/author\\\/admin6640\\\/\"}]}<\/script>\n<!-- \/ Yoast SEO plugin. -->","yoast_head_json":{"title":"ANDREA DELOGU, DOPO IL DEBUTTO A \u201cBALLANDO CON LE STELLE\u201d, TORNA COL SUO PROGRAMMA DI SUCCESSO \u201cLA PORTA MAGICA\u201d - Live Magazine","robots":{"index":"index","follow":"follow","max-snippet":"max-snippet:-1","max-image-preview":"max-image-preview:large","max-video-preview":"max-video-preview:-1"},"canonical":"https:\/\/www.livemag.it\/index.php\/2025\/09\/29\/andrea-delogu-dopo-il-debutto-a-ballando-con-le-stelle-torna-col-suo-programma-di-successo-la-porta-magica\/","og_locale":"it_IT","og_type":"article","og_title":"ANDREA DELOGU, DOPO IL DEBUTTO A \u201cBALLANDO CON LE STELLE\u201d, TORNA COL SUO PROGRAMMA DI SUCCESSO \u201cLA PORTA MAGICA\u201d - Live Magazine","og_description":"Al via la seconda stagione de \u201cLa Porta Magica\u201d, il programma che mette al centro le persone comuni e il loro desiderio di trovare finalmente il coraggio di cambiare un aspetto della propria vita, in onda da luned\u00ec\u2019 29 settembre alle 17.00 su Rai 2. Dopo aver raccontato in prima persona le loro storie, i [&hellip;]","og_url":"https:\/\/www.livemag.it\/index.php\/2025\/09\/29\/andrea-delogu-dopo-il-debutto-a-ballando-con-le-stelle-torna-col-suo-programma-di-successo-la-porta-magica\/","og_site_name":"Live Magazine","article_publisher":"https:\/\/www.facebook.com\/LiveMag\/","article_published_time":"2025-09-29T05:43:38+00:00","article_modified_time":"2025-09-29T05:44:23+00:00","og_image":[{"width":1600,"height":900,"url":"https:\/\/www.livemag.it\/wp-content\/uploads\/2025\/09\/IMG_1414.jpeg","type":"image\/jpeg"}],"author":"Redazione","twitter_card":"summary_large_image","twitter_creator":"@LiveNotizie","twitter_site":"@LiveNotizie","twitter_misc":{"Scritto da":"Redazione","Tempo di lettura stimato":"3 minuti"},"schema":{"@context":"https:\/\/schema.org","@graph":[{"@type":"Article","@id":"https:\/\/www.livemag.it\/index.php\/2025\/09\/29\/andrea-delogu-dopo-il-debutto-a-ballando-con-le-stelle-torna-col-suo-programma-di-successo-la-porta-magica\/#article","isPartOf":{"@id":"https:\/\/www.livemag.it\/index.php\/2025\/09\/29\/andrea-delogu-dopo-il-debutto-a-ballando-con-le-stelle-torna-col-suo-programma-di-successo-la-porta-magica\/"},"author":{"name":"Redazione","@id":"https:\/\/www.livemag.it\/#\/schema\/person\/7191e402a6eb1110174f9d71f53edea9"},"headline":"ANDREA DELOGU, DOPO IL DEBUTTO A \u201cBALLANDO CON LE STELLE\u201d, TORNA COL SUO PROGRAMMA DI SUCCESSO \u201cLA PORTA MAGICA\u201d","datePublished":"2025-09-29T05:43:38+00:00","dateModified":"2025-09-29T05:44:23+00:00","mainEntityOfPage":{"@id":"https:\/\/www.livemag.it\/index.php\/2025\/09\/29\/andrea-delogu-dopo-il-debutto-a-ballando-con-le-stelle-torna-col-suo-programma-di-successo-la-porta-magica\/"},"wordCount":515,"commentCount":0,"publisher":{"@id":"https:\/\/www.livemag.it\/#organization"},"image":{"@id":"https:\/\/www.livemag.it\/index.php\/2025\/09\/29\/andrea-delogu-dopo-il-debutto-a-ballando-con-le-stelle-torna-col-suo-programma-di-successo-la-porta-magica\/#primaryimage"},"thumbnailUrl":"https:\/\/www.livemag.it\/wp-content\/uploads\/2025\/09\/IMG_1414.jpeg","articleSection":["LivePeople"],"inLanguage":"it-IT","potentialAction":[{"@type":"CommentAction","name":"Comment","target":["https:\/\/www.livemag.it\/index.php\/2025\/09\/29\/andrea-delogu-dopo-il-debutto-a-ballando-con-le-stelle-torna-col-suo-programma-di-successo-la-porta-magica\/#respond"]}]},{"@type":"WebPage","@id":"https:\/\/www.livemag.it\/index.php\/2025\/09\/29\/andrea-delogu-dopo-il-debutto-a-ballando-con-le-stelle-torna-col-suo-programma-di-successo-la-porta-magica\/","url":"https:\/\/www.livemag.it\/index.php\/2025\/09\/29\/andrea-delogu-dopo-il-debutto-a-ballando-con-le-stelle-torna-col-suo-programma-di-successo-la-porta-magica\/","name":"ANDREA DELOGU, DOPO IL DEBUTTO A \u201cBALLANDO CON LE STELLE\u201d, TORNA COL SUO PROGRAMMA DI SUCCESSO \u201cLA PORTA MAGICA\u201d - Live Magazine","isPartOf":{"@id":"https:\/\/www.livemag.it\/#website"},"primaryImageOfPage":{"@id":"https:\/\/www.livemag.it\/index.php\/2025\/09\/29\/andrea-delogu-dopo-il-debutto-a-ballando-con-le-stelle-torna-col-suo-programma-di-successo-la-porta-magica\/#primaryimage"},"image":{"@id":"https:\/\/www.livemag.it\/index.php\/2025\/09\/29\/andrea-delogu-dopo-il-debutto-a-ballando-con-le-stelle-torna-col-suo-programma-di-successo-la-porta-magica\/#primaryimage"},"thumbnailUrl":"https:\/\/www.livemag.it\/wp-content\/uploads\/2025\/09\/IMG_1414.jpeg","datePublished":"2025-09-29T05:43:38+00:00","dateModified":"2025-09-29T05:44:23+00:00","breadcrumb":{"@id":"https:\/\/www.livemag.it\/index.php\/2025\/09\/29\/andrea-delogu-dopo-il-debutto-a-ballando-con-le-stelle-torna-col-suo-programma-di-successo-la-porta-magica\/#breadcrumb"},"inLanguage":"it-IT","potentialAction":[{"@type":"ReadAction","target":["https:\/\/www.livemag.it\/index.php\/2025\/09\/29\/andrea-delogu-dopo-il-debutto-a-ballando-con-le-stelle-torna-col-suo-programma-di-successo-la-porta-magica\/"]}]},{"@type":"ImageObject","inLanguage":"it-IT","@id":"https:\/\/www.livemag.it\/index.php\/2025\/09\/29\/andrea-delogu-dopo-il-debutto-a-ballando-con-le-stelle-torna-col-suo-programma-di-successo-la-porta-magica\/#primaryimage","url":"https:\/\/www.livemag.it\/wp-content\/uploads\/2025\/09\/IMG_1414.jpeg","contentUrl":"https:\/\/www.livemag.it\/wp-content\/uploads\/2025\/09\/IMG_1414.jpeg","width":1600,"height":900},{"@type":"BreadcrumbList","@id":"https:\/\/www.livemag.it\/index.php\/2025\/09\/29\/andrea-delogu-dopo-il-debutto-a-ballando-con-le-stelle-torna-col-suo-programma-di-successo-la-porta-magica\/#breadcrumb","itemListElement":[{"@type":"ListItem","position":1,"name":"Home","item":"https:\/\/www.livemag.it\/"},{"@type":"ListItem","position":2,"name":"ANDREA DELOGU, DOPO IL DEBUTTO A \u201cBALLANDO CON LE STELLE\u201d, TORNA COL SUO PROGRAMMA DI SUCCESSO \u201cLA PORTA MAGICA\u201d"}]},{"@type":"WebSite","@id":"https:\/\/www.livemag.it\/#website","url":"https:\/\/www.livemag.it\/","name":"Live Magazine","description":"Varie ed eventi","publisher":{"@id":"https:\/\/www.livemag.it\/#organization"},"potentialAction":[{"@type":"SearchAction","target":{"@type":"EntryPoint","urlTemplate":"https:\/\/www.livemag.it\/?s={search_term_string}"},"query-input":{"@type":"PropertyValueSpecification","valueRequired":true,"valueName":"search_term_string"}}],"inLanguage":"it-IT"},{"@type":"Organization","@id":"https:\/\/www.livemag.it\/#organization","name":"LiveMag","alternateName":"LiveMag News ed eventi","url":"https:\/\/www.livemag.it\/","logo":{"@type":"ImageObject","inLanguage":"it-IT","@id":"https:\/\/www.livemag.it\/#\/schema\/logo\/image\/","url":"https:\/\/www.livemag.it\/wp-content\/uploads\/2024\/02\/immagine-sito.jpg","contentUrl":"https:\/\/www.livemag.it\/wp-content\/uploads\/2024\/02\/immagine-sito.jpg","width":696,"height":696,"caption":"LiveMag"},"image":{"@id":"https:\/\/www.livemag.it\/#\/schema\/logo\/image\/"},"sameAs":["https:\/\/www.facebook.com\/LiveMag\/","https:\/\/x.com\/LiveNotizie","https:\/\/www.instagram.com\/livemag\/"]},{"@type":"Person","@id":"https:\/\/www.livemag.it\/#\/schema\/person\/7191e402a6eb1110174f9d71f53edea9","name":"Redazione","image":{"@type":"ImageObject","inLanguage":"it-IT","@id":"https:\/\/secure.gravatar.com\/avatar\/b20eb33510695f1259c3f61c8dfc966b174a5d33f605fb2d514d9b271222597e?s=96&r=g","url":"https:\/\/secure.gravatar.com\/avatar\/b20eb33510695f1259c3f61c8dfc966b174a5d33f605fb2d514d9b271222597e?s=96&r=g","contentUrl":"https:\/\/secure.gravatar.com\/avatar\/b20eb33510695f1259c3f61c8dfc966b174a5d33f605fb2d514d9b271222597e?s=96&r=g","caption":"Redazione"},"url":"https:\/\/www.livemag.it\/index.php\/author\/admin6640\/"}]}},"jetpack_featured_media_url":"https:\/\/www.livemag.it\/wp-content\/uploads\/2025\/09\/IMG_1414.jpeg","_links":{"self":[{"href":"https:\/\/www.livemag.it\/index.php\/wp-json\/wp\/v2\/posts\/59851","targetHints":{"allow":["GET"]}}],"collection":[{"href":"https:\/\/www.livemag.it\/index.php\/wp-json\/wp\/v2\/posts"}],"about":[{"href":"https:\/\/www.livemag.it\/index.php\/wp-json\/wp\/v2\/types\/post"}],"author":[{"embeddable":true,"href":"https:\/\/www.livemag.it\/index.php\/wp-json\/wp\/v2\/users\/1"}],"replies":[{"embeddable":true,"href":"https:\/\/www.livemag.it\/index.php\/wp-json\/wp\/v2\/comments?post=59851"}],"version-history":[{"count":1,"href":"https:\/\/www.livemag.it\/index.php\/wp-json\/wp\/v2\/posts\/59851\/revisions"}],"predecessor-version":[{"id":59853,"href":"https:\/\/www.livemag.it\/index.php\/wp-json\/wp\/v2\/posts\/59851\/revisions\/59853"}],"wp:featuredmedia":[{"embeddable":true,"href":"https:\/\/www.livemag.it\/index.php\/wp-json\/wp\/v2\/media\/59852"}],"wp:attachment":[{"href":"https:\/\/www.livemag.it\/index.php\/wp-json\/wp\/v2\/media?parent=59851"}],"wp:term":[{"taxonomy":"category","embeddable":true,"href":"https:\/\/www.livemag.it\/index.php\/wp-json\/wp\/v2\/categories?post=59851"},{"taxonomy":"post_tag","embeddable":true,"href":"https:\/\/www.livemag.it\/index.php\/wp-json\/wp\/v2\/tags?post=59851"}],"curies":[{"name":"wp","href":"https:\/\/api.w.org\/{rel}","templated":true}]}}