{"id":58542,"date":"2025-09-10T12:02:44","date_gmt":"2025-09-10T10:02:44","guid":{"rendered":"https:\/\/www.livemag.it\/index.php\/2025\/09\/10\/maltempo-in-toscana-500-persone-isolate-a-portoferraio\/"},"modified":"2025-09-10T12:02:44","modified_gmt":"2025-09-10T10:02:44","slug":"maltempo-in-toscana-500-persone-isolate-a-portoferraio","status":"publish","type":"post","link":"https:\/\/www.livemag.it\/index.php\/2025\/09\/10\/maltempo-in-toscana-500-persone-isolate-a-portoferraio\/","title":{"rendered":"Maltempo in Toscana, 500 persone isolate a Portoferraio"},"content":{"rendered":"<div>\n<p>FIRENZE (ITALPRESS) \u2013 Da ieri, in regime di allerta meteo gialla, un nubifragio di enormi proporzioni e intensit\u00e0 si \u00e8 abbattuto nel territorio comunale di Portoferraio, in provincia di Livorno, mettendo in crisi il sistema di regimazione idrogeologica. <br \/>Dal primo pomeriggio di luned\u00ec scorso i responsabili della Protezione Civile del Comune di Portoferraio e delle associazioni di volontariato si erano coordinati rimettendo in movimento i vari accorgimenti di prevenzione necessari, che avevano funzionato in maniera soddisfacente nei precedenti episodi del 20 e 21 agosto scorso<br \/>Il Centro Operativo Comunale di Protezione civile \u00e8 stato attivato, sotto la direzione del Servizio protezione civile che dovr\u00e0 coordinare tutte le operazioni e fare fronte alle esigenze necessarie a garantire un\u2019adeguata assistenza alla popolazione. \u201cSoltanto pochi minuti prima delle ore 14 di ieri \u00e8 arrivato dalla Sala Regionale della Protezione Civile l\u2019aggiornamento dell\u2019allerta esteso ad arancione \u2013 spiega il sindaco di Portoferraio, Tiziano Nocentini \u2013 ma ormai nonostante il personale mobilitato al completo non abbiamo potuto che rincorrere le chiamate di soccorso che ci sono state da ogni parte del territorio comunale\u201d. <br \/>La violenza della pioggia ha provocato danni ovunque. Circolazione stradale in entrata e in uscita da Portoferraio bloccata per ore, persone rimaste chiuse nelle auto, nelle abitazioni e nelle attivit\u00e0 commerciali, frane e smottamenti sulla strada provinciale, una voragine che ha interrotto la strada di collegamento della localit\u00e0 Forno isolando circa 500 turisti. <br \/>\u201cNelle prossime ore potrebbe piovere di nuovo \u2013 aggiunge il sindaco Nocentini- siamo nel pieno dell\u2019allerta, quindi invitiamo tutta la popolazione a limitare gli spostamenti allo strettissimo necessario. Fino ad ora non sono segnalati danni a persone, invito tutti a rivolgersi al numero del Centro Operativo Comunale 0565\/937252 per segnalare qualsiasi necessit\u00e0\u201d. \u201cRingrazio tutti coloro che hanno lavorato finora e che lavoreranno nelle prossime ore \u2013 conclude Nocentini \u2013 purtroppo gi\u00e0 adesso possiamo dire che la situazione \u00e8 decisamente pi\u00f9 grave di quella del 13 febbraio scorso. Ci sar\u00e0 tempo ad emergenza conclusa per fare le debite considerazioni, ora lavoriamo per limitare i danni alla citt\u00e0\u201d.<br \/>\u2013 foto Ipa agency \u2013<br \/>(ITALPRESS).<\/p>\n<\/div>\n","protected":false},"excerpt":{"rendered":"<p>FIRENZE (ITALPRESS) \u2013 Da ieri, in regime di allerta meteo gialla, un nubifragio di enormi proporzioni e intensit\u00e0 si \u00e8 abbattuto nel territorio comunale di Portoferraio, in provincia di Livorno, mettendo in crisi il sistema di regimazione idrogeologica. Dal primo pomeriggio di luned\u00ec scorso i responsabili della Protezione Civile del Comune di Portoferraio e delle [&hellip;]<\/p>\n","protected":false},"author":16,"featured_media":58543,"comment_status":"closed","ping_status":"closed","sticky":false,"template":"","format":"standard","meta":{"jnews-multi-image_gallery":[],"jnews_single_post":[],"jnews_primary_category":[],"jnews_social_meta":[],"jnews_override_counter":[],"jnews_post_split":[],"footnotes":""},"categories":[1129],"tags":[],"class_list":["post-58542","post","type-post","status-publish","format-standard","has-post-thumbnail","hentry","category-mondo"],"yoast_head":"<!-- This site is optimized with the Yoast SEO plugin v27.5 - https:\/\/yoast.com\/product\/yoast-seo-wordpress\/ -->\n<title>Maltempo in Toscana, 500 persone isolate a Portoferraio - Live Magazine<\/title>\n<meta name=\"robots\" content=\"index, follow, max-snippet:-1, max-image-preview:large, max-video-preview:-1\" \/>\n<link rel=\"canonical\" href=\"https:\/\/www.livemag.it\/index.php\/2025\/09\/10\/maltempo-in-toscana-500-persone-isolate-a-portoferraio\/\" \/>\n<meta property=\"og:locale\" content=\"it_IT\" \/>\n<meta property=\"og:type\" content=\"article\" \/>\n<meta property=\"og:title\" content=\"Maltempo in Toscana, 500 persone isolate a Portoferraio - Live Magazine\" \/>\n<meta property=\"og:description\" content=\"FIRENZE (ITALPRESS) \u2013 Da ieri, in regime di allerta meteo gialla, un nubifragio di enormi proporzioni e intensit\u00e0 si \u00e8 abbattuto nel territorio comunale di Portoferraio, in provincia di Livorno, mettendo in crisi il sistema di regimazione idrogeologica. Dal primo pomeriggio di luned\u00ec scorso i responsabili della Protezione Civile del Comune di Portoferraio e delle [&hellip;]\" \/>\n<meta property=\"og:url\" content=\"https:\/\/www.livemag.it\/index.php\/2025\/09\/10\/maltempo-in-toscana-500-persone-isolate-a-portoferraio\/\" \/>\n<meta property=\"og:site_name\" content=\"Live Magazine\" \/>\n<meta property=\"article:publisher\" content=\"https:\/\/www.facebook.com\/LiveMag\/\" \/>\n<meta property=\"article:published_time\" content=\"2025-09-10T10:02:44+00:00\" \/>\n<meta property=\"og:image\" content=\"https:\/\/www.livemag.it\/wp-content\/uploads\/2024\/02\/ograph.jpg\" \/>\n\t<meta property=\"og:image:width\" content=\"1200\" \/>\n\t<meta property=\"og:image:height\" content=\"675\" \/>\n\t<meta property=\"og:image:type\" content=\"image\/jpeg\" \/>\n<meta name=\"author\" content=\"italpress\" \/>\n<meta name=\"twitter:card\" content=\"summary_large_image\" \/>\n<meta name=\"twitter:creator\" content=\"@LiveNotizie\" \/>\n<meta name=\"twitter:site\" content=\"@LiveNotizie\" \/>\n<meta name=\"twitter:label1\" content=\"Scritto da\" \/>\n\t<meta name=\"twitter:data1\" content=\"italpress\" \/>\n\t<meta name=\"twitter:label2\" content=\"Tempo di lettura stimato\" \/>\n\t<meta name=\"twitter:data2\" content=\"2 minuti\" \/>\n<script type=\"application\/ld+json\" class=\"yoast-schema-graph\">{\"@context\":\"https:\\\/\\\/schema.org\",\"@graph\":[{\"@type\":\"Article\",\"@id\":\"https:\\\/\\\/www.livemag.it\\\/index.php\\\/2025\\\/09\\\/10\\\/maltempo-in-toscana-500-persone-isolate-a-portoferraio\\\/#article\",\"isPartOf\":{\"@id\":\"https:\\\/\\\/www.livemag.it\\\/index.php\\\/2025\\\/09\\\/10\\\/maltempo-in-toscana-500-persone-isolate-a-portoferraio\\\/\"},\"author\":{\"name\":\"italpress\",\"@id\":\"https:\\\/\\\/www.livemag.it\\\/#\\\/schema\\\/person\\\/b62c5f44451fdcdaeb0afe6c2424e73c\"},\"headline\":\"Maltempo in Toscana, 500 persone isolate a Portoferraio\",\"datePublished\":\"2025-09-10T10:02:44+00:00\",\"mainEntityOfPage\":{\"@id\":\"https:\\\/\\\/www.livemag.it\\\/index.php\\\/2025\\\/09\\\/10\\\/maltempo-in-toscana-500-persone-isolate-a-portoferraio\\\/\"},\"wordCount\":335,\"publisher\":{\"@id\":\"https:\\\/\\\/www.livemag.it\\\/#organization\"},\"image\":{\"@id\":\"https:\\\/\\\/www.livemag.it\\\/index.php\\\/2025\\\/09\\\/10\\\/maltempo-in-toscana-500-persone-isolate-a-portoferraio\\\/#primaryimage\"},\"thumbnailUrl\":\"https:\\\/\\\/www.livemag.it\\\/wp-content\\\/uploads\\\/2025\\\/09\\\/20250910_0092.jpg\",\"articleSection\":[\"Mondo\"],\"inLanguage\":\"it-IT\"},{\"@type\":\"WebPage\",\"@id\":\"https:\\\/\\\/www.livemag.it\\\/index.php\\\/2025\\\/09\\\/10\\\/maltempo-in-toscana-500-persone-isolate-a-portoferraio\\\/\",\"url\":\"https:\\\/\\\/www.livemag.it\\\/index.php\\\/2025\\\/09\\\/10\\\/maltempo-in-toscana-500-persone-isolate-a-portoferraio\\\/\",\"name\":\"Maltempo in Toscana, 500 persone isolate a Portoferraio - Live Magazine\",\"isPartOf\":{\"@id\":\"https:\\\/\\\/www.livemag.it\\\/#website\"},\"primaryImageOfPage\":{\"@id\":\"https:\\\/\\\/www.livemag.it\\\/index.php\\\/2025\\\/09\\\/10\\\/maltempo-in-toscana-500-persone-isolate-a-portoferraio\\\/#primaryimage\"},\"image\":{\"@id\":\"https:\\\/\\\/www.livemag.it\\\/index.php\\\/2025\\\/09\\\/10\\\/maltempo-in-toscana-500-persone-isolate-a-portoferraio\\\/#primaryimage\"},\"thumbnailUrl\":\"https:\\\/\\\/www.livemag.it\\\/wp-content\\\/uploads\\\/2025\\\/09\\\/20250910_0092.jpg\",\"datePublished\":\"2025-09-10T10:02:44+00:00\",\"breadcrumb\":{\"@id\":\"https:\\\/\\\/www.livemag.it\\\/index.php\\\/2025\\\/09\\\/10\\\/maltempo-in-toscana-500-persone-isolate-a-portoferraio\\\/#breadcrumb\"},\"inLanguage\":\"it-IT\",\"potentialAction\":[{\"@type\":\"ReadAction\",\"target\":[\"https:\\\/\\\/www.livemag.it\\\/index.php\\\/2025\\\/09\\\/10\\\/maltempo-in-toscana-500-persone-isolate-a-portoferraio\\\/\"]}]},{\"@type\":\"ImageObject\",\"inLanguage\":\"it-IT\",\"@id\":\"https:\\\/\\\/www.livemag.it\\\/index.php\\\/2025\\\/09\\\/10\\\/maltempo-in-toscana-500-persone-isolate-a-portoferraio\\\/#primaryimage\",\"url\":\"https:\\\/\\\/www.livemag.it\\\/wp-content\\\/uploads\\\/2025\\\/09\\\/20250910_0092.jpg\",\"contentUrl\":\"https:\\\/\\\/www.livemag.it\\\/wp-content\\\/uploads\\\/2025\\\/09\\\/20250910_0092.jpg\",\"width\":934,\"height\":714},{\"@type\":\"BreadcrumbList\",\"@id\":\"https:\\\/\\\/www.livemag.it\\\/index.php\\\/2025\\\/09\\\/10\\\/maltempo-in-toscana-500-persone-isolate-a-portoferraio\\\/#breadcrumb\",\"itemListElement\":[{\"@type\":\"ListItem\",\"position\":1,\"name\":\"Home\",\"item\":\"https:\\\/\\\/www.livemag.it\\\/\"},{\"@type\":\"ListItem\",\"position\":2,\"name\":\"Maltempo in Toscana, 500 persone isolate a Portoferraio\"}]},{\"@type\":\"WebSite\",\"@id\":\"https:\\\/\\\/www.livemag.it\\\/#website\",\"url\":\"https:\\\/\\\/www.livemag.it\\\/\",\"name\":\"Live Magazine\",\"description\":\"Varie ed eventi\",\"publisher\":{\"@id\":\"https:\\\/\\\/www.livemag.it\\\/#organization\"},\"potentialAction\":[{\"@type\":\"SearchAction\",\"target\":{\"@type\":\"EntryPoint\",\"urlTemplate\":\"https:\\\/\\\/www.livemag.it\\\/?s={search_term_string}\"},\"query-input\":{\"@type\":\"PropertyValueSpecification\",\"valueRequired\":true,\"valueName\":\"search_term_string\"}}],\"inLanguage\":\"it-IT\"},{\"@type\":\"Organization\",\"@id\":\"https:\\\/\\\/www.livemag.it\\\/#organization\",\"name\":\"LiveMag\",\"alternateName\":\"LiveMag News ed eventi\",\"url\":\"https:\\\/\\\/www.livemag.it\\\/\",\"logo\":{\"@type\":\"ImageObject\",\"inLanguage\":\"it-IT\",\"@id\":\"https:\\\/\\\/www.livemag.it\\\/#\\\/schema\\\/logo\\\/image\\\/\",\"url\":\"https:\\\/\\\/www.livemag.it\\\/wp-content\\\/uploads\\\/2024\\\/02\\\/immagine-sito.jpg\",\"contentUrl\":\"https:\\\/\\\/www.livemag.it\\\/wp-content\\\/uploads\\\/2024\\\/02\\\/immagine-sito.jpg\",\"width\":696,\"height\":696,\"caption\":\"LiveMag\"},\"image\":{\"@id\":\"https:\\\/\\\/www.livemag.it\\\/#\\\/schema\\\/logo\\\/image\\\/\"},\"sameAs\":[\"https:\\\/\\\/www.facebook.com\\\/LiveMag\\\/\",\"https:\\\/\\\/x.com\\\/LiveNotizie\",\"https:\\\/\\\/www.instagram.com\\\/livemag\\\/\"]},{\"@type\":\"Person\",\"@id\":\"https:\\\/\\\/www.livemag.it\\\/#\\\/schema\\\/person\\\/b62c5f44451fdcdaeb0afe6c2424e73c\",\"name\":\"italpress\",\"image\":{\"@type\":\"ImageObject\",\"inLanguage\":\"it-IT\",\"@id\":\"https:\\\/\\\/secure.gravatar.com\\\/avatar\\\/b6a21695fc713ce7ee312cf57c97e2e641feb365be72d8745574d3c3e2b59066?s=96&r=g\",\"url\":\"https:\\\/\\\/secure.gravatar.com\\\/avatar\\\/b6a21695fc713ce7ee312cf57c97e2e641feb365be72d8745574d3c3e2b59066?s=96&r=g\",\"contentUrl\":\"https:\\\/\\\/secure.gravatar.com\\\/avatar\\\/b6a21695fc713ce7ee312cf57c97e2e641feb365be72d8745574d3c3e2b59066?s=96&r=g\",\"caption\":\"italpress\"},\"description\":\"Italpress \u00e8 un'agenzia di stampa italiana a carattere nazionale.\",\"url\":\"https:\\\/\\\/www.livemag.it\\\/index.php\\\/author\\\/italpress\\\/\"}]}<\/script>\n<!-- \/ Yoast SEO plugin. -->","yoast_head_json":{"title":"Maltempo in Toscana, 500 persone isolate a Portoferraio - Live Magazine","robots":{"index":"index","follow":"follow","max-snippet":"max-snippet:-1","max-image-preview":"max-image-preview:large","max-video-preview":"max-video-preview:-1"},"canonical":"https:\/\/www.livemag.it\/index.php\/2025\/09\/10\/maltempo-in-toscana-500-persone-isolate-a-portoferraio\/","og_locale":"it_IT","og_type":"article","og_title":"Maltempo in Toscana, 500 persone isolate a Portoferraio - Live Magazine","og_description":"FIRENZE (ITALPRESS) \u2013 Da ieri, in regime di allerta meteo gialla, un nubifragio di enormi proporzioni e intensit\u00e0 si \u00e8 abbattuto nel territorio comunale di Portoferraio, in provincia di Livorno, mettendo in crisi il sistema di regimazione idrogeologica. Dal primo pomeriggio di luned\u00ec scorso i responsabili della Protezione Civile del Comune di Portoferraio e delle [&hellip;]","og_url":"https:\/\/www.livemag.it\/index.php\/2025\/09\/10\/maltempo-in-toscana-500-persone-isolate-a-portoferraio\/","og_site_name":"Live Magazine","article_publisher":"https:\/\/www.facebook.com\/LiveMag\/","article_published_time":"2025-09-10T10:02:44+00:00","og_image":[{"width":1200,"height":675,"url":"https:\/\/www.livemag.it\/wp-content\/uploads\/2024\/02\/ograph.jpg","type":"image\/jpeg"}],"author":"italpress","twitter_card":"summary_large_image","twitter_creator":"@LiveNotizie","twitter_site":"@LiveNotizie","twitter_misc":{"Scritto da":"italpress","Tempo di lettura stimato":"2 minuti"},"schema":{"@context":"https:\/\/schema.org","@graph":[{"@type":"Article","@id":"https:\/\/www.livemag.it\/index.php\/2025\/09\/10\/maltempo-in-toscana-500-persone-isolate-a-portoferraio\/#article","isPartOf":{"@id":"https:\/\/www.livemag.it\/index.php\/2025\/09\/10\/maltempo-in-toscana-500-persone-isolate-a-portoferraio\/"},"author":{"name":"italpress","@id":"https:\/\/www.livemag.it\/#\/schema\/person\/b62c5f44451fdcdaeb0afe6c2424e73c"},"headline":"Maltempo in Toscana, 500 persone isolate a Portoferraio","datePublished":"2025-09-10T10:02:44+00:00","mainEntityOfPage":{"@id":"https:\/\/www.livemag.it\/index.php\/2025\/09\/10\/maltempo-in-toscana-500-persone-isolate-a-portoferraio\/"},"wordCount":335,"publisher":{"@id":"https:\/\/www.livemag.it\/#organization"},"image":{"@id":"https:\/\/www.livemag.it\/index.php\/2025\/09\/10\/maltempo-in-toscana-500-persone-isolate-a-portoferraio\/#primaryimage"},"thumbnailUrl":"https:\/\/www.livemag.it\/wp-content\/uploads\/2025\/09\/20250910_0092.jpg","articleSection":["Mondo"],"inLanguage":"it-IT"},{"@type":"WebPage","@id":"https:\/\/www.livemag.it\/index.php\/2025\/09\/10\/maltempo-in-toscana-500-persone-isolate-a-portoferraio\/","url":"https:\/\/www.livemag.it\/index.php\/2025\/09\/10\/maltempo-in-toscana-500-persone-isolate-a-portoferraio\/","name":"Maltempo in Toscana, 500 persone isolate a Portoferraio - Live Magazine","isPartOf":{"@id":"https:\/\/www.livemag.it\/#website"},"primaryImageOfPage":{"@id":"https:\/\/www.livemag.it\/index.php\/2025\/09\/10\/maltempo-in-toscana-500-persone-isolate-a-portoferraio\/#primaryimage"},"image":{"@id":"https:\/\/www.livemag.it\/index.php\/2025\/09\/10\/maltempo-in-toscana-500-persone-isolate-a-portoferraio\/#primaryimage"},"thumbnailUrl":"https:\/\/www.livemag.it\/wp-content\/uploads\/2025\/09\/20250910_0092.jpg","datePublished":"2025-09-10T10:02:44+00:00","breadcrumb":{"@id":"https:\/\/www.livemag.it\/index.php\/2025\/09\/10\/maltempo-in-toscana-500-persone-isolate-a-portoferraio\/#breadcrumb"},"inLanguage":"it-IT","potentialAction":[{"@type":"ReadAction","target":["https:\/\/www.livemag.it\/index.php\/2025\/09\/10\/maltempo-in-toscana-500-persone-isolate-a-portoferraio\/"]}]},{"@type":"ImageObject","inLanguage":"it-IT","@id":"https:\/\/www.livemag.it\/index.php\/2025\/09\/10\/maltempo-in-toscana-500-persone-isolate-a-portoferraio\/#primaryimage","url":"https:\/\/www.livemag.it\/wp-content\/uploads\/2025\/09\/20250910_0092.jpg","contentUrl":"https:\/\/www.livemag.it\/wp-content\/uploads\/2025\/09\/20250910_0092.jpg","width":934,"height":714},{"@type":"BreadcrumbList","@id":"https:\/\/www.livemag.it\/index.php\/2025\/09\/10\/maltempo-in-toscana-500-persone-isolate-a-portoferraio\/#breadcrumb","itemListElement":[{"@type":"ListItem","position":1,"name":"Home","item":"https:\/\/www.livemag.it\/"},{"@type":"ListItem","position":2,"name":"Maltempo in Toscana, 500 persone isolate a Portoferraio"}]},{"@type":"WebSite","@id":"https:\/\/www.livemag.it\/#website","url":"https:\/\/www.livemag.it\/","name":"Live Magazine","description":"Varie ed eventi","publisher":{"@id":"https:\/\/www.livemag.it\/#organization"},"potentialAction":[{"@type":"SearchAction","target":{"@type":"EntryPoint","urlTemplate":"https:\/\/www.livemag.it\/?s={search_term_string}"},"query-input":{"@type":"PropertyValueSpecification","valueRequired":true,"valueName":"search_term_string"}}],"inLanguage":"it-IT"},{"@type":"Organization","@id":"https:\/\/www.livemag.it\/#organization","name":"LiveMag","alternateName":"LiveMag News ed eventi","url":"https:\/\/www.livemag.it\/","logo":{"@type":"ImageObject","inLanguage":"it-IT","@id":"https:\/\/www.livemag.it\/#\/schema\/logo\/image\/","url":"https:\/\/www.livemag.it\/wp-content\/uploads\/2024\/02\/immagine-sito.jpg","contentUrl":"https:\/\/www.livemag.it\/wp-content\/uploads\/2024\/02\/immagine-sito.jpg","width":696,"height":696,"caption":"LiveMag"},"image":{"@id":"https:\/\/www.livemag.it\/#\/schema\/logo\/image\/"},"sameAs":["https:\/\/www.facebook.com\/LiveMag\/","https:\/\/x.com\/LiveNotizie","https:\/\/www.instagram.com\/livemag\/"]},{"@type":"Person","@id":"https:\/\/www.livemag.it\/#\/schema\/person\/b62c5f44451fdcdaeb0afe6c2424e73c","name":"italpress","image":{"@type":"ImageObject","inLanguage":"it-IT","@id":"https:\/\/secure.gravatar.com\/avatar\/b6a21695fc713ce7ee312cf57c97e2e641feb365be72d8745574d3c3e2b59066?s=96&r=g","url":"https:\/\/secure.gravatar.com\/avatar\/b6a21695fc713ce7ee312cf57c97e2e641feb365be72d8745574d3c3e2b59066?s=96&r=g","contentUrl":"https:\/\/secure.gravatar.com\/avatar\/b6a21695fc713ce7ee312cf57c97e2e641feb365be72d8745574d3c3e2b59066?s=96&r=g","caption":"italpress"},"description":"Italpress \u00e8 un'agenzia di stampa italiana a carattere nazionale.","url":"https:\/\/www.livemag.it\/index.php\/author\/italpress\/"}]}},"jetpack_featured_media_url":"https:\/\/www.livemag.it\/wp-content\/uploads\/2025\/09\/20250910_0092.jpg","_links":{"self":[{"href":"https:\/\/www.livemag.it\/index.php\/wp-json\/wp\/v2\/posts\/58542","targetHints":{"allow":["GET"]}}],"collection":[{"href":"https:\/\/www.livemag.it\/index.php\/wp-json\/wp\/v2\/posts"}],"about":[{"href":"https:\/\/www.livemag.it\/index.php\/wp-json\/wp\/v2\/types\/post"}],"author":[{"embeddable":true,"href":"https:\/\/www.livemag.it\/index.php\/wp-json\/wp\/v2\/users\/16"}],"replies":[{"embeddable":true,"href":"https:\/\/www.livemag.it\/index.php\/wp-json\/wp\/v2\/comments?post=58542"}],"version-history":[{"count":0,"href":"https:\/\/www.livemag.it\/index.php\/wp-json\/wp\/v2\/posts\/58542\/revisions"}],"wp:featuredmedia":[{"embeddable":true,"href":"https:\/\/www.livemag.it\/index.php\/wp-json\/wp\/v2\/media\/58543"}],"wp:attachment":[{"href":"https:\/\/www.livemag.it\/index.php\/wp-json\/wp\/v2\/media?parent=58542"}],"wp:term":[{"taxonomy":"category","embeddable":true,"href":"https:\/\/www.livemag.it\/index.php\/wp-json\/wp\/v2\/categories?post=58542"},{"taxonomy":"post_tag","embeddable":true,"href":"https:\/\/www.livemag.it\/index.php\/wp-json\/wp\/v2\/tags?post=58542"}],"curies":[{"name":"wp","href":"https:\/\/api.w.org\/{rel}","templated":true}]}}