{"id":58521,"date":"2025-09-10T10:22:26","date_gmt":"2025-09-10T08:22:26","guid":{"rendered":"https:\/\/www.livemag.it\/?p=58521"},"modified":"2025-09-10T10:24:24","modified_gmt":"2025-09-10T08:24:24","slug":"riapre-il-regno-di-babbo-natale-a-vetralla-vt-venerdi-19-settembre","status":"publish","type":"post","link":"https:\/\/www.livemag.it\/index.php\/2025\/09\/10\/riapre-il-regno-di-babbo-natale-a-vetralla-vt-venerdi-19-settembre\/","title":{"rendered":"Riapre Il Regno di Babbo Natale a Vetralla (Vt) venerd\u00ec 19 settembre"},"content":{"rendered":"\n<p>Dal 19 settembre 2025 alle ore 16:00, Vetralla si accende di nuova luce. Dopo mesi di attesa, riapre ufficialmente il Regno di Babbo Natale, e quest\u2019anno si annuncia come la stagione pi\u00f9 emozionante e sorprendente di sempre. Quello che era nato nel 2012 come un piccolo spazio dedicato al Natale, oggi \u00e8 diventato un vero universo narrativo: un\u2019esperienza viva, gratuita e accessibile, che richiama ogni anno migliaia di famiglie da tutta Italia e dall\u2019estero, desiderose di ritrovare la meraviglia.<\/p>\n\n\n\n<p>Il Regno, da sempre, non si limita a offrire decorazioni e atmosfera. \u00c8 un portale simbolico, un progetto culturale e narrativo in continua evoluzione. Un luogo reale, ma anche immaginario, dove i confini tra fiaba e quotidiano si dissolvono per lasciare spazio a qualcosa di raro: un ritorno.&nbsp;&nbsp;Un ritorno all\u2019infanzia, alla meraviglia, all\u2019incanto di credere che la bellezza possa davvero trasformare il mondo.<\/p>\n\n\n\n<p>Per questa nuova stagione, il Regno si rinnova e si amplia anche nei suoi ambienti: nuove scenografie, allestimenti potenziati e atmosfere ancora pi\u00f9 immersive accompagneranno i visitatori lungo un percorso completamente ripensato per esaltare l\u2019esperienza emotiva e visiva. Ogni spazio \u00e8 stato arricchito di dettagli, colori, musiche e installazioni inedite, rendendo il viaggio nel Regno ancora pi\u00f9 unico per ogni ospite visitatore.<\/p>\n\n\n\n<p><strong>TANTISSIME NOVITA\u2019, FRA LE QUALI LO STREET FOOD MAGIC FESTIVAL E NUOVE INIZIATIVE EDITORIALI.<\/strong><\/p>\n\n\n\n<p>Ma non finisce qui. Quest\u2019anno, il Regno si presenta con una serie di novit\u00e0 sorprendenti. L\u2019intera area esterna del Victorian Village si trasformer\u00e0 infatti nello Street Food Magic Festival, un itinerario enogastronomico che accompagner\u00e0 i visitatori lungo tutta la stagione con prelibatezze da gustare in&nbsp;un contesto fiabesco, tra luci, spettacoli, musica e parate quotidiane. Un evento nell\u2019evento, pensato per incantare ogni fascia d\u2019et\u00e0 e rendere indimenticabile ogni visita.<\/p>\n\n\n\n<p>Il Regno di Babbo Natale rafforza anche la sua anima editoriale e formativa. Due nuove pubblicazioni segnano l\u2019espansione dei suoi contenuti oltre il luogo fisico. La prima \u00e8 \u201cLucy e l\u2019Incantesimo di Mezzanotte\u201d, la nuova storia ambientata nel Regno, edita da Gribaudo (Gruppo Feltrinelli), disponibile da subito nello store di Vetralla e dal 21 ottobre in tutte le librerie italiane. Una fiaba moderna che tocca i temi del coraggio, della resilienza e della luce interiore, pensata per incantare i bambini e parlare al cuore degli adulti.<\/p>\n\n\n\n<p>La seconda \u00e8 \u201cIl Cielo al Contrario\u201d, un libro introvabile per il grande pubblico ma distribuito nelle scuole di tutta Italia, con l\u2019obiettivo di portare la magia del Regno tra i banchi. Un racconto educativo che affronta con delicatezza temi come l\u2019autostima, la diversit\u00e0 e il valore della gentilezza, inserendosi in un progetto culturale pi\u00f9 ampio che punta a trasformare il Natale da festa stagionale a esperienza formativa e identitaria.<\/p>\n\n\n<div class=\"wp-block-image\">\n<figure class=\"aligncenter size-large is-resized\"><img fetchpriority=\"high\" decoding=\"async\" width=\"723\" height=\"1024\" src=\"https:\/\/www.livemag.it\/wp-content\/uploads\/2025\/09\/Grafica-Verticale-1-723x1024.jpg\" alt=\"\" class=\"wp-image-58525\" style=\"width:566px;height:auto\" srcset=\"https:\/\/www.livemag.it\/wp-content\/uploads\/2025\/09\/Grafica-Verticale-1-723x1024.jpg 723w, https:\/\/www.livemag.it\/wp-content\/uploads\/2025\/09\/Grafica-Verticale-1-212x300.jpg 212w, https:\/\/www.livemag.it\/wp-content\/uploads\/2025\/09\/Grafica-Verticale-1-768x1088.jpg 768w, https:\/\/www.livemag.it\/wp-content\/uploads\/2025\/09\/Grafica-Verticale-1-1084x1536.jpg 1084w, https:\/\/www.livemag.it\/wp-content\/uploads\/2025\/09\/Grafica-Verticale-1-1446x2048.jpg 1446w, https:\/\/www.livemag.it\/wp-content\/uploads\/2025\/09\/Grafica-Verticale-1-750x1062.jpg 750w, https:\/\/www.livemag.it\/wp-content\/uploads\/2025\/09\/Grafica-Verticale-1-1140x1615.jpg 1140w, https:\/\/www.livemag.it\/wp-content\/uploads\/2025\/09\/Grafica-Verticale-1-scaled.jpg 1807w\" sizes=\"(max-width: 723px) 100vw, 723px\" \/><\/figure>\n<\/div>\n\n\n<p><strong>AD ACCOGLIERE TUTTI I PERSONAGGI DELLE FIABE DEL REGNO DI BABBO NATALE, E NON SOLO\u2026<\/strong><\/p>\n\n\n\n<p>Come sempre, ad accogliere i visitatori ci saranno gli abitanti magici del Regno: Lucy, la stella dei desideri, gli Elfetti Buddy e Pretty, i buffi Sfatichini e il Dr. Krampy, il cugino brontolone di Babbo Natale, pronti a far sorridere anche i pi\u00f9 scettici.<\/p>\n\n\n\n<p>E non mancheranno, in pieno stile del Regno, grandissimi sorprese durante tutto il corso della stagione, per rendere questa edizione davvero irripetibile.<\/p>\n\n\n\n<p><strong>IL REGNO DI BABBO NATALE E\u2019 IL NATALE CONTEMPORANEO, PAROLA DI GIORGIO ONORATO AQUILANI, AUTORE E CREATORE DE IL REGNO DI BABBO NATALE<\/strong><\/p>\n\n\n\n<p>\u00abNel 2012 il Regno era solo un sogno in un piccolo spazio. Oggi \u00e8 diventato un mondo che unisce le persone, parla a ogni et\u00e0 e accende la meraviglia dentro e fuori di noi. Non si tratta di vendere Natale, ma di restituirgli senso, emozione, calore. Questa stagione sar\u00e0 un viaggio ancora pi\u00f9 profondo, tra nuove scenografie, storie, intrattenimento, esperienze e incontri. Non \u00e8 una fuga dalla realt\u00e0, ma un&nbsp;ritorno a ci\u00f2 che conta davvero.\u00bb<\/p>\n\n\n\n<p>A dichiararlo \u00e8 Giorgio Onorato Aquilani autore e creatore del mondo del Regno di Babbo Natale. Come Dickens raccontava le pieghe dell\u2019animo umano nella Londra vittoriana, lui racconta la meraviglia e la memoria in un\u2019epoca che le ha dimenticate, costruendo un universo narrativo dove le storie, i luoghi e le esperienze sono una soglia tra realt\u00e0 e magia.<\/p>\n\n\n\n<p>Ogni dettaglio, dalle scenografie ai prodotti selezionati con cura nella grande area shopping con decorazioni esclusive da tutto il mondo (attraverso la quale il progetto si sostiene), \u00e8 pensato per dire a tutti che la magia esiste davvero. Non come evasione, ma come ritorno: a ci\u00f2 che conta, a ci\u00f2 che ci rende umani, a ci\u00f2 che spesso si dimentica crescendo.<\/p>\n\n\n\n<p>L\u2019ingresso, come da tradizione, \u00e8 gratuito, perch\u00e9 nel Regno di Babbo Natale nessuno paga per credere. E quest\u2019anno pi\u00f9 che mai, credere far\u00e0 bene. Per maggiori informazioni visita:&nbsp;<a href=\"http:\/\/www.ilregnodibabbonatale.it\/\" class=\"\">www.ilregnodibabbonatale.it<\/a>. Il Regno si&nbsp;trova sulla S.S. Cassia Km 62,200 &#8211; 01019 Vetralla (VT).<\/p>\n","protected":false},"excerpt":{"rendered":"<p>Dal 19 settembre 2025 alle ore 16:00, Vetralla si accende di nuova luce. Dopo mesi di attesa, riapre ufficialmente il Regno di Babbo Natale, e quest\u2019anno si annuncia come la stagione pi\u00f9 emozionante e sorprendente di sempre. Quello che era nato nel 2012 come un piccolo spazio dedicato al Natale, oggi \u00e8 diventato un vero [&hellip;]<\/p>\n","protected":false},"author":1,"featured_media":58522,"comment_status":"open","ping_status":"open","sticky":false,"template":"","format":"standard","meta":{"jnews-multi-image_gallery":[],"jnews_single_post":{"format":"standard"},"jnews_primary_category":[],"jnews_social_meta":[],"jnews_override_counter":[],"jnews_post_split":[],"footnotes":""},"categories":[3],"tags":[4614],"class_list":["post-58521","post","type-post","status-publish","format-standard","has-post-thumbnail","hentry","category-livenews","tag-giorgio-onorato-aquilani"],"yoast_head":"<!-- This site is optimized with the Yoast SEO plugin v27.5 - https:\/\/yoast.com\/product\/yoast-seo-wordpress\/ -->\n<title>Riapre Il Regno di Babbo Natale a Vetralla (Vt) venerd\u00ec 19 settembre - Live Magazine<\/title>\n<meta name=\"description\" content=\"Dal 19 settembre 2025 alle ore 16:00, Vetralla si accende di nuova luce. Dopo mesi di attesa, riapre ufficialmente il Regno di Babbo Natale,\" \/>\n<meta name=\"robots\" content=\"index, follow, max-snippet:-1, max-image-preview:large, max-video-preview:-1\" \/>\n<link rel=\"canonical\" href=\"https:\/\/www.livemag.it\/index.php\/2025\/09\/10\/riapre-il-regno-di-babbo-natale-a-vetralla-vt-venerdi-19-settembre\/\" \/>\n<meta property=\"og:locale\" content=\"it_IT\" \/>\n<meta property=\"og:type\" content=\"article\" \/>\n<meta property=\"og:title\" content=\"Riapre Il Regno di Babbo Natale a Vetralla (Vt) venerd\u00ec 19 settembre - Live Magazine\" \/>\n<meta property=\"og:description\" content=\"Dal 19 settembre 2025 alle ore 16:00, Vetralla si accende di nuova luce. Dopo mesi di attesa, riapre ufficialmente il Regno di Babbo Natale,\" \/>\n<meta property=\"og:url\" content=\"https:\/\/www.livemag.it\/index.php\/2025\/09\/10\/riapre-il-regno-di-babbo-natale-a-vetralla-vt-venerdi-19-settembre\/\" \/>\n<meta property=\"og:site_name\" content=\"Live Magazine\" \/>\n<meta property=\"article:publisher\" content=\"https:\/\/www.facebook.com\/LiveMag\/\" \/>\n<meta property=\"article:published_time\" content=\"2025-09-10T08:22:26+00:00\" \/>\n<meta property=\"article:modified_time\" content=\"2025-09-10T08:24:24+00:00\" \/>\n<meta property=\"og:image\" content=\"https:\/\/www.livemag.it\/wp-content\/uploads\/2025\/09\/Schermata-2025-09-10-alle-10.18.31.png\" \/>\n\t<meta property=\"og:image:width\" content=\"952\" \/>\n\t<meta property=\"og:image:height\" content=\"613\" \/>\n\t<meta property=\"og:image:type\" content=\"image\/png\" \/>\n<meta name=\"author\" content=\"Redazione\" \/>\n<meta name=\"twitter:card\" content=\"summary_large_image\" \/>\n<meta name=\"twitter:creator\" content=\"@LiveNotizie\" \/>\n<meta name=\"twitter:site\" content=\"@LiveNotizie\" \/>\n<meta name=\"twitter:label1\" content=\"Scritto da\" \/>\n\t<meta name=\"twitter:data1\" content=\"Redazione\" \/>\n\t<meta name=\"twitter:label2\" content=\"Tempo di lettura stimato\" \/>\n\t<meta name=\"twitter:data2\" content=\"5 minuti\" \/>\n<script type=\"application\/ld+json\" class=\"yoast-schema-graph\">{\"@context\":\"https:\\\/\\\/schema.org\",\"@graph\":[{\"@type\":\"Article\",\"@id\":\"https:\\\/\\\/www.livemag.it\\\/index.php\\\/2025\\\/09\\\/10\\\/riapre-il-regno-di-babbo-natale-a-vetralla-vt-venerdi-19-settembre\\\/#article\",\"isPartOf\":{\"@id\":\"https:\\\/\\\/www.livemag.it\\\/index.php\\\/2025\\\/09\\\/10\\\/riapre-il-regno-di-babbo-natale-a-vetralla-vt-venerdi-19-settembre\\\/\"},\"author\":{\"name\":\"Redazione\",\"@id\":\"https:\\\/\\\/www.livemag.it\\\/#\\\/schema\\\/person\\\/7191e402a6eb1110174f9d71f53edea9\"},\"headline\":\"Riapre Il Regno di Babbo Natale a Vetralla (Vt) venerd\u00ec 19 settembre\",\"datePublished\":\"2025-09-10T08:22:26+00:00\",\"dateModified\":\"2025-09-10T08:24:24+00:00\",\"mainEntityOfPage\":{\"@id\":\"https:\\\/\\\/www.livemag.it\\\/index.php\\\/2025\\\/09\\\/10\\\/riapre-il-regno-di-babbo-natale-a-vetralla-vt-venerdi-19-settembre\\\/\"},\"wordCount\":805,\"commentCount\":0,\"publisher\":{\"@id\":\"https:\\\/\\\/www.livemag.it\\\/#organization\"},\"image\":{\"@id\":\"https:\\\/\\\/www.livemag.it\\\/index.php\\\/2025\\\/09\\\/10\\\/riapre-il-regno-di-babbo-natale-a-vetralla-vt-venerdi-19-settembre\\\/#primaryimage\"},\"thumbnailUrl\":\"https:\\\/\\\/www.livemag.it\\\/wp-content\\\/uploads\\\/2025\\\/09\\\/Schermata-2025-09-10-alle-10.18.31.png\",\"keywords\":[\"Giorgio Onorato Aquilani\"],\"articleSection\":[\"LiveNews\"],\"inLanguage\":\"it-IT\",\"potentialAction\":[{\"@type\":\"CommentAction\",\"name\":\"Comment\",\"target\":[\"https:\\\/\\\/www.livemag.it\\\/index.php\\\/2025\\\/09\\\/10\\\/riapre-il-regno-di-babbo-natale-a-vetralla-vt-venerdi-19-settembre\\\/#respond\"]}]},{\"@type\":\"WebPage\",\"@id\":\"https:\\\/\\\/www.livemag.it\\\/index.php\\\/2025\\\/09\\\/10\\\/riapre-il-regno-di-babbo-natale-a-vetralla-vt-venerdi-19-settembre\\\/\",\"url\":\"https:\\\/\\\/www.livemag.it\\\/index.php\\\/2025\\\/09\\\/10\\\/riapre-il-regno-di-babbo-natale-a-vetralla-vt-venerdi-19-settembre\\\/\",\"name\":\"Riapre Il Regno di Babbo Natale a Vetralla (Vt) venerd\u00ec 19 settembre - Live Magazine\",\"isPartOf\":{\"@id\":\"https:\\\/\\\/www.livemag.it\\\/#website\"},\"primaryImageOfPage\":{\"@id\":\"https:\\\/\\\/www.livemag.it\\\/index.php\\\/2025\\\/09\\\/10\\\/riapre-il-regno-di-babbo-natale-a-vetralla-vt-venerdi-19-settembre\\\/#primaryimage\"},\"image\":{\"@id\":\"https:\\\/\\\/www.livemag.it\\\/index.php\\\/2025\\\/09\\\/10\\\/riapre-il-regno-di-babbo-natale-a-vetralla-vt-venerdi-19-settembre\\\/#primaryimage\"},\"thumbnailUrl\":\"https:\\\/\\\/www.livemag.it\\\/wp-content\\\/uploads\\\/2025\\\/09\\\/Schermata-2025-09-10-alle-10.18.31.png\",\"datePublished\":\"2025-09-10T08:22:26+00:00\",\"dateModified\":\"2025-09-10T08:24:24+00:00\",\"description\":\"Dal 19 settembre 2025 alle ore 16:00, Vetralla si accende di nuova luce. Dopo mesi di attesa, riapre ufficialmente il Regno di Babbo Natale,\",\"breadcrumb\":{\"@id\":\"https:\\\/\\\/www.livemag.it\\\/index.php\\\/2025\\\/09\\\/10\\\/riapre-il-regno-di-babbo-natale-a-vetralla-vt-venerdi-19-settembre\\\/#breadcrumb\"},\"inLanguage\":\"it-IT\",\"potentialAction\":[{\"@type\":\"ReadAction\",\"target\":[\"https:\\\/\\\/www.livemag.it\\\/index.php\\\/2025\\\/09\\\/10\\\/riapre-il-regno-di-babbo-natale-a-vetralla-vt-venerdi-19-settembre\\\/\"]}]},{\"@type\":\"ImageObject\",\"inLanguage\":\"it-IT\",\"@id\":\"https:\\\/\\\/www.livemag.it\\\/index.php\\\/2025\\\/09\\\/10\\\/riapre-il-regno-di-babbo-natale-a-vetralla-vt-venerdi-19-settembre\\\/#primaryimage\",\"url\":\"https:\\\/\\\/www.livemag.it\\\/wp-content\\\/uploads\\\/2025\\\/09\\\/Schermata-2025-09-10-alle-10.18.31.png\",\"contentUrl\":\"https:\\\/\\\/www.livemag.it\\\/wp-content\\\/uploads\\\/2025\\\/09\\\/Schermata-2025-09-10-alle-10.18.31.png\",\"width\":952,\"height\":613},{\"@type\":\"BreadcrumbList\",\"@id\":\"https:\\\/\\\/www.livemag.it\\\/index.php\\\/2025\\\/09\\\/10\\\/riapre-il-regno-di-babbo-natale-a-vetralla-vt-venerdi-19-settembre\\\/#breadcrumb\",\"itemListElement\":[{\"@type\":\"ListItem\",\"position\":1,\"name\":\"Home\",\"item\":\"https:\\\/\\\/www.livemag.it\\\/\"},{\"@type\":\"ListItem\",\"position\":2,\"name\":\"Riapre Il Regno di Babbo Natale a Vetralla (Vt) venerd\u00ec 19 settembre\"}]},{\"@type\":\"WebSite\",\"@id\":\"https:\\\/\\\/www.livemag.it\\\/#website\",\"url\":\"https:\\\/\\\/www.livemag.it\\\/\",\"name\":\"Live Magazine\",\"description\":\"Varie ed eventi\",\"publisher\":{\"@id\":\"https:\\\/\\\/www.livemag.it\\\/#organization\"},\"potentialAction\":[{\"@type\":\"SearchAction\",\"target\":{\"@type\":\"EntryPoint\",\"urlTemplate\":\"https:\\\/\\\/www.livemag.it\\\/?s={search_term_string}\"},\"query-input\":{\"@type\":\"PropertyValueSpecification\",\"valueRequired\":true,\"valueName\":\"search_term_string\"}}],\"inLanguage\":\"it-IT\"},{\"@type\":\"Organization\",\"@id\":\"https:\\\/\\\/www.livemag.it\\\/#organization\",\"name\":\"LiveMag\",\"alternateName\":\"LiveMag News ed eventi\",\"url\":\"https:\\\/\\\/www.livemag.it\\\/\",\"logo\":{\"@type\":\"ImageObject\",\"inLanguage\":\"it-IT\",\"@id\":\"https:\\\/\\\/www.livemag.it\\\/#\\\/schema\\\/logo\\\/image\\\/\",\"url\":\"https:\\\/\\\/www.livemag.it\\\/wp-content\\\/uploads\\\/2024\\\/02\\\/immagine-sito.jpg\",\"contentUrl\":\"https:\\\/\\\/www.livemag.it\\\/wp-content\\\/uploads\\\/2024\\\/02\\\/immagine-sito.jpg\",\"width\":696,\"height\":696,\"caption\":\"LiveMag\"},\"image\":{\"@id\":\"https:\\\/\\\/www.livemag.it\\\/#\\\/schema\\\/logo\\\/image\\\/\"},\"sameAs\":[\"https:\\\/\\\/www.facebook.com\\\/LiveMag\\\/\",\"https:\\\/\\\/x.com\\\/LiveNotizie\",\"https:\\\/\\\/www.instagram.com\\\/livemag\\\/\"]},{\"@type\":\"Person\",\"@id\":\"https:\\\/\\\/www.livemag.it\\\/#\\\/schema\\\/person\\\/7191e402a6eb1110174f9d71f53edea9\",\"name\":\"Redazione\",\"image\":{\"@type\":\"ImageObject\",\"inLanguage\":\"it-IT\",\"@id\":\"https:\\\/\\\/secure.gravatar.com\\\/avatar\\\/b20eb33510695f1259c3f61c8dfc966b174a5d33f605fb2d514d9b271222597e?s=96&r=g\",\"url\":\"https:\\\/\\\/secure.gravatar.com\\\/avatar\\\/b20eb33510695f1259c3f61c8dfc966b174a5d33f605fb2d514d9b271222597e?s=96&r=g\",\"contentUrl\":\"https:\\\/\\\/secure.gravatar.com\\\/avatar\\\/b20eb33510695f1259c3f61c8dfc966b174a5d33f605fb2d514d9b271222597e?s=96&r=g\",\"caption\":\"Redazione\"},\"url\":\"https:\\\/\\\/www.livemag.it\\\/index.php\\\/author\\\/admin6640\\\/\"}]}<\/script>\n<!-- \/ Yoast SEO plugin. -->","yoast_head_json":{"title":"Riapre Il Regno di Babbo Natale a Vetralla (Vt) venerd\u00ec 19 settembre - Live Magazine","description":"Dal 19 settembre 2025 alle ore 16:00, Vetralla si accende di nuova luce. Dopo mesi di attesa, riapre ufficialmente il Regno di Babbo Natale,","robots":{"index":"index","follow":"follow","max-snippet":"max-snippet:-1","max-image-preview":"max-image-preview:large","max-video-preview":"max-video-preview:-1"},"canonical":"https:\/\/www.livemag.it\/index.php\/2025\/09\/10\/riapre-il-regno-di-babbo-natale-a-vetralla-vt-venerdi-19-settembre\/","og_locale":"it_IT","og_type":"article","og_title":"Riapre Il Regno di Babbo Natale a Vetralla (Vt) venerd\u00ec 19 settembre - Live Magazine","og_description":"Dal 19 settembre 2025 alle ore 16:00, Vetralla si accende di nuova luce. Dopo mesi di attesa, riapre ufficialmente il Regno di Babbo Natale,","og_url":"https:\/\/www.livemag.it\/index.php\/2025\/09\/10\/riapre-il-regno-di-babbo-natale-a-vetralla-vt-venerdi-19-settembre\/","og_site_name":"Live Magazine","article_publisher":"https:\/\/www.facebook.com\/LiveMag\/","article_published_time":"2025-09-10T08:22:26+00:00","article_modified_time":"2025-09-10T08:24:24+00:00","og_image":[{"width":952,"height":613,"url":"https:\/\/www.livemag.it\/wp-content\/uploads\/2025\/09\/Schermata-2025-09-10-alle-10.18.31.png","type":"image\/png"}],"author":"Redazione","twitter_card":"summary_large_image","twitter_creator":"@LiveNotizie","twitter_site":"@LiveNotizie","twitter_misc":{"Scritto da":"Redazione","Tempo di lettura stimato":"5 minuti"},"schema":{"@context":"https:\/\/schema.org","@graph":[{"@type":"Article","@id":"https:\/\/www.livemag.it\/index.php\/2025\/09\/10\/riapre-il-regno-di-babbo-natale-a-vetralla-vt-venerdi-19-settembre\/#article","isPartOf":{"@id":"https:\/\/www.livemag.it\/index.php\/2025\/09\/10\/riapre-il-regno-di-babbo-natale-a-vetralla-vt-venerdi-19-settembre\/"},"author":{"name":"Redazione","@id":"https:\/\/www.livemag.it\/#\/schema\/person\/7191e402a6eb1110174f9d71f53edea9"},"headline":"Riapre Il Regno di Babbo Natale a Vetralla (Vt) venerd\u00ec 19 settembre","datePublished":"2025-09-10T08:22:26+00:00","dateModified":"2025-09-10T08:24:24+00:00","mainEntityOfPage":{"@id":"https:\/\/www.livemag.it\/index.php\/2025\/09\/10\/riapre-il-regno-di-babbo-natale-a-vetralla-vt-venerdi-19-settembre\/"},"wordCount":805,"commentCount":0,"publisher":{"@id":"https:\/\/www.livemag.it\/#organization"},"image":{"@id":"https:\/\/www.livemag.it\/index.php\/2025\/09\/10\/riapre-il-regno-di-babbo-natale-a-vetralla-vt-venerdi-19-settembre\/#primaryimage"},"thumbnailUrl":"https:\/\/www.livemag.it\/wp-content\/uploads\/2025\/09\/Schermata-2025-09-10-alle-10.18.31.png","keywords":["Giorgio Onorato Aquilani"],"articleSection":["LiveNews"],"inLanguage":"it-IT","potentialAction":[{"@type":"CommentAction","name":"Comment","target":["https:\/\/www.livemag.it\/index.php\/2025\/09\/10\/riapre-il-regno-di-babbo-natale-a-vetralla-vt-venerdi-19-settembre\/#respond"]}]},{"@type":"WebPage","@id":"https:\/\/www.livemag.it\/index.php\/2025\/09\/10\/riapre-il-regno-di-babbo-natale-a-vetralla-vt-venerdi-19-settembre\/","url":"https:\/\/www.livemag.it\/index.php\/2025\/09\/10\/riapre-il-regno-di-babbo-natale-a-vetralla-vt-venerdi-19-settembre\/","name":"Riapre Il Regno di Babbo Natale a Vetralla (Vt) venerd\u00ec 19 settembre - Live Magazine","isPartOf":{"@id":"https:\/\/www.livemag.it\/#website"},"primaryImageOfPage":{"@id":"https:\/\/www.livemag.it\/index.php\/2025\/09\/10\/riapre-il-regno-di-babbo-natale-a-vetralla-vt-venerdi-19-settembre\/#primaryimage"},"image":{"@id":"https:\/\/www.livemag.it\/index.php\/2025\/09\/10\/riapre-il-regno-di-babbo-natale-a-vetralla-vt-venerdi-19-settembre\/#primaryimage"},"thumbnailUrl":"https:\/\/www.livemag.it\/wp-content\/uploads\/2025\/09\/Schermata-2025-09-10-alle-10.18.31.png","datePublished":"2025-09-10T08:22:26+00:00","dateModified":"2025-09-10T08:24:24+00:00","description":"Dal 19 settembre 2025 alle ore 16:00, Vetralla si accende di nuova luce. Dopo mesi di attesa, riapre ufficialmente il Regno di Babbo Natale,","breadcrumb":{"@id":"https:\/\/www.livemag.it\/index.php\/2025\/09\/10\/riapre-il-regno-di-babbo-natale-a-vetralla-vt-venerdi-19-settembre\/#breadcrumb"},"inLanguage":"it-IT","potentialAction":[{"@type":"ReadAction","target":["https:\/\/www.livemag.it\/index.php\/2025\/09\/10\/riapre-il-regno-di-babbo-natale-a-vetralla-vt-venerdi-19-settembre\/"]}]},{"@type":"ImageObject","inLanguage":"it-IT","@id":"https:\/\/www.livemag.it\/index.php\/2025\/09\/10\/riapre-il-regno-di-babbo-natale-a-vetralla-vt-venerdi-19-settembre\/#primaryimage","url":"https:\/\/www.livemag.it\/wp-content\/uploads\/2025\/09\/Schermata-2025-09-10-alle-10.18.31.png","contentUrl":"https:\/\/www.livemag.it\/wp-content\/uploads\/2025\/09\/Schermata-2025-09-10-alle-10.18.31.png","width":952,"height":613},{"@type":"BreadcrumbList","@id":"https:\/\/www.livemag.it\/index.php\/2025\/09\/10\/riapre-il-regno-di-babbo-natale-a-vetralla-vt-venerdi-19-settembre\/#breadcrumb","itemListElement":[{"@type":"ListItem","position":1,"name":"Home","item":"https:\/\/www.livemag.it\/"},{"@type":"ListItem","position":2,"name":"Riapre Il Regno di Babbo Natale a Vetralla (Vt) venerd\u00ec 19 settembre"}]},{"@type":"WebSite","@id":"https:\/\/www.livemag.it\/#website","url":"https:\/\/www.livemag.it\/","name":"Live Magazine","description":"Varie ed eventi","publisher":{"@id":"https:\/\/www.livemag.it\/#organization"},"potentialAction":[{"@type":"SearchAction","target":{"@type":"EntryPoint","urlTemplate":"https:\/\/www.livemag.it\/?s={search_term_string}"},"query-input":{"@type":"PropertyValueSpecification","valueRequired":true,"valueName":"search_term_string"}}],"inLanguage":"it-IT"},{"@type":"Organization","@id":"https:\/\/www.livemag.it\/#organization","name":"LiveMag","alternateName":"LiveMag News ed eventi","url":"https:\/\/www.livemag.it\/","logo":{"@type":"ImageObject","inLanguage":"it-IT","@id":"https:\/\/www.livemag.it\/#\/schema\/logo\/image\/","url":"https:\/\/www.livemag.it\/wp-content\/uploads\/2024\/02\/immagine-sito.jpg","contentUrl":"https:\/\/www.livemag.it\/wp-content\/uploads\/2024\/02\/immagine-sito.jpg","width":696,"height":696,"caption":"LiveMag"},"image":{"@id":"https:\/\/www.livemag.it\/#\/schema\/logo\/image\/"},"sameAs":["https:\/\/www.facebook.com\/LiveMag\/","https:\/\/x.com\/LiveNotizie","https:\/\/www.instagram.com\/livemag\/"]},{"@type":"Person","@id":"https:\/\/www.livemag.it\/#\/schema\/person\/7191e402a6eb1110174f9d71f53edea9","name":"Redazione","image":{"@type":"ImageObject","inLanguage":"it-IT","@id":"https:\/\/secure.gravatar.com\/avatar\/b20eb33510695f1259c3f61c8dfc966b174a5d33f605fb2d514d9b271222597e?s=96&r=g","url":"https:\/\/secure.gravatar.com\/avatar\/b20eb33510695f1259c3f61c8dfc966b174a5d33f605fb2d514d9b271222597e?s=96&r=g","contentUrl":"https:\/\/secure.gravatar.com\/avatar\/b20eb33510695f1259c3f61c8dfc966b174a5d33f605fb2d514d9b271222597e?s=96&r=g","caption":"Redazione"},"url":"https:\/\/www.livemag.it\/index.php\/author\/admin6640\/"}]}},"jetpack_featured_media_url":"https:\/\/www.livemag.it\/wp-content\/uploads\/2025\/09\/Schermata-2025-09-10-alle-10.18.31.png","_links":{"self":[{"href":"https:\/\/www.livemag.it\/index.php\/wp-json\/wp\/v2\/posts\/58521","targetHints":{"allow":["GET"]}}],"collection":[{"href":"https:\/\/www.livemag.it\/index.php\/wp-json\/wp\/v2\/posts"}],"about":[{"href":"https:\/\/www.livemag.it\/index.php\/wp-json\/wp\/v2\/types\/post"}],"author":[{"embeddable":true,"href":"https:\/\/www.livemag.it\/index.php\/wp-json\/wp\/v2\/users\/1"}],"replies":[{"embeddable":true,"href":"https:\/\/www.livemag.it\/index.php\/wp-json\/wp\/v2\/comments?post=58521"}],"version-history":[{"count":2,"href":"https:\/\/www.livemag.it\/index.php\/wp-json\/wp\/v2\/posts\/58521\/revisions"}],"predecessor-version":[{"id":58526,"href":"https:\/\/www.livemag.it\/index.php\/wp-json\/wp\/v2\/posts\/58521\/revisions\/58526"}],"wp:featuredmedia":[{"embeddable":true,"href":"https:\/\/www.livemag.it\/index.php\/wp-json\/wp\/v2\/media\/58522"}],"wp:attachment":[{"href":"https:\/\/www.livemag.it\/index.php\/wp-json\/wp\/v2\/media?parent=58521"}],"wp:term":[{"taxonomy":"category","embeddable":true,"href":"https:\/\/www.livemag.it\/index.php\/wp-json\/wp\/v2\/categories?post=58521"},{"taxonomy":"post_tag","embeddable":true,"href":"https:\/\/www.livemag.it\/index.php\/wp-json\/wp\/v2\/tags?post=58521"}],"curies":[{"name":"wp","href":"https:\/\/api.w.org\/{rel}","templated":true}]}}