{"id":58513,"date":"2025-09-10T00:02:26","date_gmt":"2025-09-09T22:02:26","guid":{"rendered":"https:\/\/www.livemag.it\/index.php\/2025\/09\/10\/ponte-sullo-stretto-salvini-incontra-il-sindaco-di-messina\/"},"modified":"2025-09-10T00:02:26","modified_gmt":"2025-09-09T22:02:26","slug":"ponte-sullo-stretto-salvini-incontra-il-sindaco-di-messina","status":"publish","type":"post","link":"https:\/\/www.livemag.it\/index.php\/2025\/09\/10\/ponte-sullo-stretto-salvini-incontra-il-sindaco-di-messina\/","title":{"rendered":"Ponte sullo stretto, Salvini incontra il sindaco di Messina"},"content":{"rendered":"<div>\n<p>ROMA (ITALPRESS) \u2013 \u201cIncontro al MIT tra il Vicepremier e Ministro Matteo Salvini e il sindaco di Messina Federico Basile, dedicato al progetto del Ponte sullo Stretto. Presenti anche Pietro Ciucci, Amministratore Delegato della societ\u00e0 Stretto di Messina, e Aldo Isi, Amministratore Delegato di RFI\u201d. E\u2019 quanto si legge in una nota.<br \/>\u201cL\u2019incontro, propedeutico all\u2019avvio dei lavori \u2013 sottolinea la nota del MIT -,\u00e8 servito a verificare il rispetto delle tempistiche previste e ad approfondire alcuni temi cruciali: le questioni legate alle risorse idriche del territorio, la viabilit\u00e0, gli aspetti abitativi nonch\u00e8 la formazione dei lavoratori locali per creare nuove opportunit\u00e0 e posti di lavoro per i giovani del territorio. In particolare nell\u2019ambito delle opere anticipate presentate dal Comune e approvate dalla delibera CIPESS del 6 agosto \u2013 che sar\u00e0 efficace con la registrazione della Corte dei conti e la pubblicazione in Gazzetta Ufficiale \u2013 si \u00e8 convenuto sull\u2019opportunit\u00e0 di dare priorit\u00e0 ai progetti riguardanti la riqualificazione della rete idrica e stradale nonch\u00e8 lo sviluppo di unit\u00e0 residenziali\u201d. <br \/>\u201cPer il progetto di collegamento dei raccordi ferroviari del ponte alla linea esistente \u2013 prosegue la nota -, sono state illustrate le opzioni tecniche che hanno portato all\u2019individuazione dell\u2019attuale soluzione \u2018Contess\u00e8 rispetto alle soluzioni precedenti. RFI si \u00e8 impegnata a sviluppare uno studio di ottimizzazione progettuale per ridurre gli impatti sul quartiere di Contesse, che sar\u00e0 presentato a breve\u201d.<br \/>\u201cL\u2019obiettivo condiviso \u00e8 l\u2019istituzione di un \u2018tavolo permanent\u00e8 sul Ponte, per affrontare in maniera costante tutte le questioni legate all\u2019opera, nell\u2019interesse delle comunit\u00e0 coinvolte. Dopo l\u2019incontro odierno sul versante siciliano, seguir\u00e0 a breve un analogo appuntamento sul lato calabrese\u201d, conclude la nota del MIT.<br \/>\u2013 foto ufficio stampa Mit \u2013<br \/>(ITALPRESS).<\/p>\n<\/div>\n","protected":false},"excerpt":{"rendered":"<p>ROMA (ITALPRESS) \u2013 \u201cIncontro al MIT tra il Vicepremier e Ministro Matteo Salvini e il sindaco di Messina Federico Basile, dedicato al progetto del Ponte sullo Stretto. Presenti anche Pietro Ciucci, Amministratore Delegato della societ\u00e0 Stretto di Messina, e Aldo Isi, Amministratore Delegato di RFI\u201d. E\u2019 quanto si legge in una nota.\u201cL\u2019incontro, propedeutico all\u2019avvio dei [&hellip;]<\/p>\n","protected":false},"author":16,"featured_media":58514,"comment_status":"closed","ping_status":"closed","sticky":false,"template":"","format":"standard","meta":{"jnews-multi-image_gallery":[],"jnews_single_post":[],"jnews_primary_category":[],"jnews_social_meta":[],"jnews_override_counter":[],"jnews_post_split":[],"footnotes":""},"categories":[1129],"tags":[],"class_list":["post-58513","post","type-post","status-publish","format-standard","has-post-thumbnail","hentry","category-mondo"],"yoast_head":"<!-- This site is optimized with the Yoast SEO plugin v27.5 - https:\/\/yoast.com\/product\/yoast-seo-wordpress\/ -->\n<title>Ponte sullo stretto, Salvini incontra il sindaco di Messina - Live Magazine<\/title>\n<meta name=\"robots\" content=\"index, follow, max-snippet:-1, max-image-preview:large, max-video-preview:-1\" \/>\n<link rel=\"canonical\" href=\"https:\/\/www.livemag.it\/index.php\/2025\/09\/10\/ponte-sullo-stretto-salvini-incontra-il-sindaco-di-messina\/\" \/>\n<meta property=\"og:locale\" content=\"it_IT\" \/>\n<meta property=\"og:type\" content=\"article\" \/>\n<meta property=\"og:title\" content=\"Ponte sullo stretto, Salvini incontra il sindaco di Messina - Live Magazine\" \/>\n<meta property=\"og:description\" content=\"ROMA (ITALPRESS) \u2013 \u201cIncontro al MIT tra il Vicepremier e Ministro Matteo Salvini e il sindaco di Messina Federico Basile, dedicato al progetto del Ponte sullo Stretto. Presenti anche Pietro Ciucci, Amministratore Delegato della societ\u00e0 Stretto di Messina, e Aldo Isi, Amministratore Delegato di RFI\u201d. E\u2019 quanto si legge in una nota.\u201cL\u2019incontro, propedeutico all\u2019avvio dei [&hellip;]\" \/>\n<meta property=\"og:url\" content=\"https:\/\/www.livemag.it\/index.php\/2025\/09\/10\/ponte-sullo-stretto-salvini-incontra-il-sindaco-di-messina\/\" \/>\n<meta property=\"og:site_name\" content=\"Live Magazine\" \/>\n<meta property=\"article:publisher\" content=\"https:\/\/www.facebook.com\/LiveMag\/\" \/>\n<meta property=\"article:published_time\" content=\"2025-09-09T22:02:26+00:00\" \/>\n<meta property=\"og:image\" content=\"https:\/\/www.livemag.it\/wp-content\/uploads\/2024\/02\/ograph.jpg\" \/>\n\t<meta property=\"og:image:width\" content=\"1200\" \/>\n\t<meta property=\"og:image:height\" content=\"675\" \/>\n\t<meta property=\"og:image:type\" content=\"image\/jpeg\" \/>\n<meta name=\"author\" content=\"italpress\" \/>\n<meta name=\"twitter:card\" content=\"summary_large_image\" \/>\n<meta name=\"twitter:creator\" content=\"@LiveNotizie\" \/>\n<meta name=\"twitter:site\" content=\"@LiveNotizie\" \/>\n<meta name=\"twitter:label1\" content=\"Scritto da\" \/>\n\t<meta name=\"twitter:data1\" content=\"italpress\" \/>\n\t<meta name=\"twitter:label2\" content=\"Tempo di lettura stimato\" \/>\n\t<meta name=\"twitter:data2\" content=\"1 minuto\" \/>\n<script type=\"application\/ld+json\" class=\"yoast-schema-graph\">{\"@context\":\"https:\\\/\\\/schema.org\",\"@graph\":[{\"@type\":\"Article\",\"@id\":\"https:\\\/\\\/www.livemag.it\\\/index.php\\\/2025\\\/09\\\/10\\\/ponte-sullo-stretto-salvini-incontra-il-sindaco-di-messina\\\/#article\",\"isPartOf\":{\"@id\":\"https:\\\/\\\/www.livemag.it\\\/index.php\\\/2025\\\/09\\\/10\\\/ponte-sullo-stretto-salvini-incontra-il-sindaco-di-messina\\\/\"},\"author\":{\"name\":\"italpress\",\"@id\":\"https:\\\/\\\/www.livemag.it\\\/#\\\/schema\\\/person\\\/b62c5f44451fdcdaeb0afe6c2424e73c\"},\"headline\":\"Ponte sullo stretto, Salvini incontra il sindaco di Messina\",\"datePublished\":\"2025-09-09T22:02:26+00:00\",\"mainEntityOfPage\":{\"@id\":\"https:\\\/\\\/www.livemag.it\\\/index.php\\\/2025\\\/09\\\/10\\\/ponte-sullo-stretto-salvini-incontra-il-sindaco-di-messina\\\/\"},\"wordCount\":287,\"publisher\":{\"@id\":\"https:\\\/\\\/www.livemag.it\\\/#organization\"},\"image\":{\"@id\":\"https:\\\/\\\/www.livemag.it\\\/index.php\\\/2025\\\/09\\\/10\\\/ponte-sullo-stretto-salvini-incontra-il-sindaco-di-messina\\\/#primaryimage\"},\"thumbnailUrl\":\"https:\\\/\\\/www.livemag.it\\\/wp-content\\\/uploads\\\/2025\\\/09\\\/20250909_2451.jpg\",\"articleSection\":[\"Mondo\"],\"inLanguage\":\"it-IT\"},{\"@type\":\"WebPage\",\"@id\":\"https:\\\/\\\/www.livemag.it\\\/index.php\\\/2025\\\/09\\\/10\\\/ponte-sullo-stretto-salvini-incontra-il-sindaco-di-messina\\\/\",\"url\":\"https:\\\/\\\/www.livemag.it\\\/index.php\\\/2025\\\/09\\\/10\\\/ponte-sullo-stretto-salvini-incontra-il-sindaco-di-messina\\\/\",\"name\":\"Ponte sullo stretto, Salvini incontra il sindaco di Messina - Live Magazine\",\"isPartOf\":{\"@id\":\"https:\\\/\\\/www.livemag.it\\\/#website\"},\"primaryImageOfPage\":{\"@id\":\"https:\\\/\\\/www.livemag.it\\\/index.php\\\/2025\\\/09\\\/10\\\/ponte-sullo-stretto-salvini-incontra-il-sindaco-di-messina\\\/#primaryimage\"},\"image\":{\"@id\":\"https:\\\/\\\/www.livemag.it\\\/index.php\\\/2025\\\/09\\\/10\\\/ponte-sullo-stretto-salvini-incontra-il-sindaco-di-messina\\\/#primaryimage\"},\"thumbnailUrl\":\"https:\\\/\\\/www.livemag.it\\\/wp-content\\\/uploads\\\/2025\\\/09\\\/20250909_2451.jpg\",\"datePublished\":\"2025-09-09T22:02:26+00:00\",\"breadcrumb\":{\"@id\":\"https:\\\/\\\/www.livemag.it\\\/index.php\\\/2025\\\/09\\\/10\\\/ponte-sullo-stretto-salvini-incontra-il-sindaco-di-messina\\\/#breadcrumb\"},\"inLanguage\":\"it-IT\",\"potentialAction\":[{\"@type\":\"ReadAction\",\"target\":[\"https:\\\/\\\/www.livemag.it\\\/index.php\\\/2025\\\/09\\\/10\\\/ponte-sullo-stretto-salvini-incontra-il-sindaco-di-messina\\\/\"]}]},{\"@type\":\"ImageObject\",\"inLanguage\":\"it-IT\",\"@id\":\"https:\\\/\\\/www.livemag.it\\\/index.php\\\/2025\\\/09\\\/10\\\/ponte-sullo-stretto-salvini-incontra-il-sindaco-di-messina\\\/#primaryimage\",\"url\":\"https:\\\/\\\/www.livemag.it\\\/wp-content\\\/uploads\\\/2025\\\/09\\\/20250909_2451.jpg\",\"contentUrl\":\"https:\\\/\\\/www.livemag.it\\\/wp-content\\\/uploads\\\/2025\\\/09\\\/20250909_2451.jpg\",\"width\":1620,\"height\":1080},{\"@type\":\"BreadcrumbList\",\"@id\":\"https:\\\/\\\/www.livemag.it\\\/index.php\\\/2025\\\/09\\\/10\\\/ponte-sullo-stretto-salvini-incontra-il-sindaco-di-messina\\\/#breadcrumb\",\"itemListElement\":[{\"@type\":\"ListItem\",\"position\":1,\"name\":\"Home\",\"item\":\"https:\\\/\\\/www.livemag.it\\\/\"},{\"@type\":\"ListItem\",\"position\":2,\"name\":\"Ponte sullo stretto, Salvini incontra il sindaco di Messina\"}]},{\"@type\":\"WebSite\",\"@id\":\"https:\\\/\\\/www.livemag.it\\\/#website\",\"url\":\"https:\\\/\\\/www.livemag.it\\\/\",\"name\":\"Live Magazine\",\"description\":\"Varie ed eventi\",\"publisher\":{\"@id\":\"https:\\\/\\\/www.livemag.it\\\/#organization\"},\"potentialAction\":[{\"@type\":\"SearchAction\",\"target\":{\"@type\":\"EntryPoint\",\"urlTemplate\":\"https:\\\/\\\/www.livemag.it\\\/?s={search_term_string}\"},\"query-input\":{\"@type\":\"PropertyValueSpecification\",\"valueRequired\":true,\"valueName\":\"search_term_string\"}}],\"inLanguage\":\"it-IT\"},{\"@type\":\"Organization\",\"@id\":\"https:\\\/\\\/www.livemag.it\\\/#organization\",\"name\":\"LiveMag\",\"alternateName\":\"LiveMag News ed eventi\",\"url\":\"https:\\\/\\\/www.livemag.it\\\/\",\"logo\":{\"@type\":\"ImageObject\",\"inLanguage\":\"it-IT\",\"@id\":\"https:\\\/\\\/www.livemag.it\\\/#\\\/schema\\\/logo\\\/image\\\/\",\"url\":\"https:\\\/\\\/www.livemag.it\\\/wp-content\\\/uploads\\\/2024\\\/02\\\/immagine-sito.jpg\",\"contentUrl\":\"https:\\\/\\\/www.livemag.it\\\/wp-content\\\/uploads\\\/2024\\\/02\\\/immagine-sito.jpg\",\"width\":696,\"height\":696,\"caption\":\"LiveMag\"},\"image\":{\"@id\":\"https:\\\/\\\/www.livemag.it\\\/#\\\/schema\\\/logo\\\/image\\\/\"},\"sameAs\":[\"https:\\\/\\\/www.facebook.com\\\/LiveMag\\\/\",\"https:\\\/\\\/x.com\\\/LiveNotizie\",\"https:\\\/\\\/www.instagram.com\\\/livemag\\\/\"]},{\"@type\":\"Person\",\"@id\":\"https:\\\/\\\/www.livemag.it\\\/#\\\/schema\\\/person\\\/b62c5f44451fdcdaeb0afe6c2424e73c\",\"name\":\"italpress\",\"image\":{\"@type\":\"ImageObject\",\"inLanguage\":\"it-IT\",\"@id\":\"https:\\\/\\\/secure.gravatar.com\\\/avatar\\\/b6a21695fc713ce7ee312cf57c97e2e641feb365be72d8745574d3c3e2b59066?s=96&r=g\",\"url\":\"https:\\\/\\\/secure.gravatar.com\\\/avatar\\\/b6a21695fc713ce7ee312cf57c97e2e641feb365be72d8745574d3c3e2b59066?s=96&r=g\",\"contentUrl\":\"https:\\\/\\\/secure.gravatar.com\\\/avatar\\\/b6a21695fc713ce7ee312cf57c97e2e641feb365be72d8745574d3c3e2b59066?s=96&r=g\",\"caption\":\"italpress\"},\"description\":\"Italpress \u00e8 un'agenzia di stampa italiana a carattere nazionale.\",\"url\":\"https:\\\/\\\/www.livemag.it\\\/index.php\\\/author\\\/italpress\\\/\"}]}<\/script>\n<!-- \/ Yoast SEO plugin. -->","yoast_head_json":{"title":"Ponte sullo stretto, Salvini incontra il sindaco di Messina - Live Magazine","robots":{"index":"index","follow":"follow","max-snippet":"max-snippet:-1","max-image-preview":"max-image-preview:large","max-video-preview":"max-video-preview:-1"},"canonical":"https:\/\/www.livemag.it\/index.php\/2025\/09\/10\/ponte-sullo-stretto-salvini-incontra-il-sindaco-di-messina\/","og_locale":"it_IT","og_type":"article","og_title":"Ponte sullo stretto, Salvini incontra il sindaco di Messina - Live Magazine","og_description":"ROMA (ITALPRESS) \u2013 \u201cIncontro al MIT tra il Vicepremier e Ministro Matteo Salvini e il sindaco di Messina Federico Basile, dedicato al progetto del Ponte sullo Stretto. Presenti anche Pietro Ciucci, Amministratore Delegato della societ\u00e0 Stretto di Messina, e Aldo Isi, Amministratore Delegato di RFI\u201d. E\u2019 quanto si legge in una nota.\u201cL\u2019incontro, propedeutico all\u2019avvio dei [&hellip;]","og_url":"https:\/\/www.livemag.it\/index.php\/2025\/09\/10\/ponte-sullo-stretto-salvini-incontra-il-sindaco-di-messina\/","og_site_name":"Live Magazine","article_publisher":"https:\/\/www.facebook.com\/LiveMag\/","article_published_time":"2025-09-09T22:02:26+00:00","og_image":[{"width":1200,"height":675,"url":"https:\/\/www.livemag.it\/wp-content\/uploads\/2024\/02\/ograph.jpg","type":"image\/jpeg"}],"author":"italpress","twitter_card":"summary_large_image","twitter_creator":"@LiveNotizie","twitter_site":"@LiveNotizie","twitter_misc":{"Scritto da":"italpress","Tempo di lettura stimato":"1 minuto"},"schema":{"@context":"https:\/\/schema.org","@graph":[{"@type":"Article","@id":"https:\/\/www.livemag.it\/index.php\/2025\/09\/10\/ponte-sullo-stretto-salvini-incontra-il-sindaco-di-messina\/#article","isPartOf":{"@id":"https:\/\/www.livemag.it\/index.php\/2025\/09\/10\/ponte-sullo-stretto-salvini-incontra-il-sindaco-di-messina\/"},"author":{"name":"italpress","@id":"https:\/\/www.livemag.it\/#\/schema\/person\/b62c5f44451fdcdaeb0afe6c2424e73c"},"headline":"Ponte sullo stretto, Salvini incontra il sindaco di Messina","datePublished":"2025-09-09T22:02:26+00:00","mainEntityOfPage":{"@id":"https:\/\/www.livemag.it\/index.php\/2025\/09\/10\/ponte-sullo-stretto-salvini-incontra-il-sindaco-di-messina\/"},"wordCount":287,"publisher":{"@id":"https:\/\/www.livemag.it\/#organization"},"image":{"@id":"https:\/\/www.livemag.it\/index.php\/2025\/09\/10\/ponte-sullo-stretto-salvini-incontra-il-sindaco-di-messina\/#primaryimage"},"thumbnailUrl":"https:\/\/www.livemag.it\/wp-content\/uploads\/2025\/09\/20250909_2451.jpg","articleSection":["Mondo"],"inLanguage":"it-IT"},{"@type":"WebPage","@id":"https:\/\/www.livemag.it\/index.php\/2025\/09\/10\/ponte-sullo-stretto-salvini-incontra-il-sindaco-di-messina\/","url":"https:\/\/www.livemag.it\/index.php\/2025\/09\/10\/ponte-sullo-stretto-salvini-incontra-il-sindaco-di-messina\/","name":"Ponte sullo stretto, Salvini incontra il sindaco di Messina - Live Magazine","isPartOf":{"@id":"https:\/\/www.livemag.it\/#website"},"primaryImageOfPage":{"@id":"https:\/\/www.livemag.it\/index.php\/2025\/09\/10\/ponte-sullo-stretto-salvini-incontra-il-sindaco-di-messina\/#primaryimage"},"image":{"@id":"https:\/\/www.livemag.it\/index.php\/2025\/09\/10\/ponte-sullo-stretto-salvini-incontra-il-sindaco-di-messina\/#primaryimage"},"thumbnailUrl":"https:\/\/www.livemag.it\/wp-content\/uploads\/2025\/09\/20250909_2451.jpg","datePublished":"2025-09-09T22:02:26+00:00","breadcrumb":{"@id":"https:\/\/www.livemag.it\/index.php\/2025\/09\/10\/ponte-sullo-stretto-salvini-incontra-il-sindaco-di-messina\/#breadcrumb"},"inLanguage":"it-IT","potentialAction":[{"@type":"ReadAction","target":["https:\/\/www.livemag.it\/index.php\/2025\/09\/10\/ponte-sullo-stretto-salvini-incontra-il-sindaco-di-messina\/"]}]},{"@type":"ImageObject","inLanguage":"it-IT","@id":"https:\/\/www.livemag.it\/index.php\/2025\/09\/10\/ponte-sullo-stretto-salvini-incontra-il-sindaco-di-messina\/#primaryimage","url":"https:\/\/www.livemag.it\/wp-content\/uploads\/2025\/09\/20250909_2451.jpg","contentUrl":"https:\/\/www.livemag.it\/wp-content\/uploads\/2025\/09\/20250909_2451.jpg","width":1620,"height":1080},{"@type":"BreadcrumbList","@id":"https:\/\/www.livemag.it\/index.php\/2025\/09\/10\/ponte-sullo-stretto-salvini-incontra-il-sindaco-di-messina\/#breadcrumb","itemListElement":[{"@type":"ListItem","position":1,"name":"Home","item":"https:\/\/www.livemag.it\/"},{"@type":"ListItem","position":2,"name":"Ponte sullo stretto, Salvini incontra il sindaco di Messina"}]},{"@type":"WebSite","@id":"https:\/\/www.livemag.it\/#website","url":"https:\/\/www.livemag.it\/","name":"Live Magazine","description":"Varie ed eventi","publisher":{"@id":"https:\/\/www.livemag.it\/#organization"},"potentialAction":[{"@type":"SearchAction","target":{"@type":"EntryPoint","urlTemplate":"https:\/\/www.livemag.it\/?s={search_term_string}"},"query-input":{"@type":"PropertyValueSpecification","valueRequired":true,"valueName":"search_term_string"}}],"inLanguage":"it-IT"},{"@type":"Organization","@id":"https:\/\/www.livemag.it\/#organization","name":"LiveMag","alternateName":"LiveMag News ed eventi","url":"https:\/\/www.livemag.it\/","logo":{"@type":"ImageObject","inLanguage":"it-IT","@id":"https:\/\/www.livemag.it\/#\/schema\/logo\/image\/","url":"https:\/\/www.livemag.it\/wp-content\/uploads\/2024\/02\/immagine-sito.jpg","contentUrl":"https:\/\/www.livemag.it\/wp-content\/uploads\/2024\/02\/immagine-sito.jpg","width":696,"height":696,"caption":"LiveMag"},"image":{"@id":"https:\/\/www.livemag.it\/#\/schema\/logo\/image\/"},"sameAs":["https:\/\/www.facebook.com\/LiveMag\/","https:\/\/x.com\/LiveNotizie","https:\/\/www.instagram.com\/livemag\/"]},{"@type":"Person","@id":"https:\/\/www.livemag.it\/#\/schema\/person\/b62c5f44451fdcdaeb0afe6c2424e73c","name":"italpress","image":{"@type":"ImageObject","inLanguage":"it-IT","@id":"https:\/\/secure.gravatar.com\/avatar\/b6a21695fc713ce7ee312cf57c97e2e641feb365be72d8745574d3c3e2b59066?s=96&r=g","url":"https:\/\/secure.gravatar.com\/avatar\/b6a21695fc713ce7ee312cf57c97e2e641feb365be72d8745574d3c3e2b59066?s=96&r=g","contentUrl":"https:\/\/secure.gravatar.com\/avatar\/b6a21695fc713ce7ee312cf57c97e2e641feb365be72d8745574d3c3e2b59066?s=96&r=g","caption":"italpress"},"description":"Italpress \u00e8 un'agenzia di stampa italiana a carattere nazionale.","url":"https:\/\/www.livemag.it\/index.php\/author\/italpress\/"}]}},"jetpack_featured_media_url":"https:\/\/www.livemag.it\/wp-content\/uploads\/2025\/09\/20250909_2451.jpg","_links":{"self":[{"href":"https:\/\/www.livemag.it\/index.php\/wp-json\/wp\/v2\/posts\/58513","targetHints":{"allow":["GET"]}}],"collection":[{"href":"https:\/\/www.livemag.it\/index.php\/wp-json\/wp\/v2\/posts"}],"about":[{"href":"https:\/\/www.livemag.it\/index.php\/wp-json\/wp\/v2\/types\/post"}],"author":[{"embeddable":true,"href":"https:\/\/www.livemag.it\/index.php\/wp-json\/wp\/v2\/users\/16"}],"replies":[{"embeddable":true,"href":"https:\/\/www.livemag.it\/index.php\/wp-json\/wp\/v2\/comments?post=58513"}],"version-history":[{"count":0,"href":"https:\/\/www.livemag.it\/index.php\/wp-json\/wp\/v2\/posts\/58513\/revisions"}],"wp:featuredmedia":[{"embeddable":true,"href":"https:\/\/www.livemag.it\/index.php\/wp-json\/wp\/v2\/media\/58514"}],"wp:attachment":[{"href":"https:\/\/www.livemag.it\/index.php\/wp-json\/wp\/v2\/media?parent=58513"}],"wp:term":[{"taxonomy":"category","embeddable":true,"href":"https:\/\/www.livemag.it\/index.php\/wp-json\/wp\/v2\/categories?post=58513"},{"taxonomy":"post_tag","embeddable":true,"href":"https:\/\/www.livemag.it\/index.php\/wp-json\/wp\/v2\/tags?post=58513"}],"curies":[{"name":"wp","href":"https:\/\/api.w.org\/{rel}","templated":true}]}}