{"id":58317,"date":"2025-09-06T21:02:26","date_gmt":"2025-09-06T19:02:26","guid":{"rendered":"https:\/\/www.livemag.it\/index.php\/2025\/09\/06\/a-catania-un-migliaio-alla-manifestazione-pro-palestina\/"},"modified":"2025-09-06T21:02:26","modified_gmt":"2025-09-06T19:02:26","slug":"a-catania-un-migliaio-alla-manifestazione-pro-palestina","status":"publish","type":"post","link":"https:\/\/www.livemag.it\/index.php\/2025\/09\/06\/a-catania-un-migliaio-alla-manifestazione-pro-palestina\/","title":{"rendered":"A Catania un migliaio alla manifestazione pro Palestina"},"content":{"rendered":"<p>    <video-js id=\"videojs69f21fc2167c6\" class=\"vjs-big-play-centered\" controls preload=\"auto\" playsinline data-setup='{\"fluid\": true}'>\r\n        <source src=\"https:\/\/video.italpress.com\/play\/mp4\/video\/X0Eo\" type=\"video\/mp4\" \/>\r\n    <\/video-js>\r\n           <br \/>\n<\/p>\n<div> CATANIA (ITALPRESS) &#8211; Circa mille partecipanti al corteo &#8216;pro Palestina&#8217; a Catania hanno sfilato in via Etnea, dall\u2019ingresso di Villa Bellini alla Prefettura. Davanti al Palazzo del Governo si sono alternati diversi interventi, dopodich\u00e9 una delegazione \u00e8 stata ricevuta dal prefetto, al quale \u00e8 stato consegnato un documento con l&#8217;appello di fermare il genocidio in corso.  <\/p>\n<p>xq4\/col3\/mca3<\/p><\/div>\n","protected":false},"excerpt":{"rendered":"<p>CATANIA (ITALPRESS) &#8211; Circa mille partecipanti al corteo &#8216;pro Palestina&#8217; a Catania hanno sfilato in via Etnea, dall\u2019ingresso di Villa Bellini alla Prefettura. Davanti al Palazzo del Governo si sono alternati diversi interventi, dopodich\u00e9 una delegazione \u00e8 stata ricevuta dal prefetto, al quale \u00e8 stato consegnato un documento con l&#8217;appello di fermare il genocidio in [&hellip;]<\/p>\n","protected":false},"author":16,"featured_media":58318,"comment_status":"closed","ping_status":"closed","sticky":false,"template":"","format":"video","meta":{"jnews-multi-image_gallery":[],"jnews_single_post":[],"jnews_primary_category":[],"jnews_social_meta":[],"jnews_override_counter":[],"jnews_post_split":[],"footnotes":""},"categories":[1171],"tags":[],"class_list":["post-58317","post","type-post","status-publish","format-video","has-post-thumbnail","hentry","category-video","post_format-post-format-video"],"yoast_head":"<!-- This site is optimized with the Yoast SEO plugin v27.5 - https:\/\/yoast.com\/product\/yoast-seo-wordpress\/ -->\n<title>A Catania un migliaio alla manifestazione pro Palestina - Live Magazine<\/title>\n<meta name=\"robots\" content=\"index, follow, max-snippet:-1, max-image-preview:large, max-video-preview:-1\" \/>\n<link rel=\"canonical\" href=\"https:\/\/www.livemag.it\/index.php\/2025\/09\/06\/a-catania-un-migliaio-alla-manifestazione-pro-palestina\/\" \/>\n<meta property=\"og:locale\" content=\"it_IT\" \/>\n<meta property=\"og:type\" content=\"article\" \/>\n<meta property=\"og:title\" content=\"A Catania un migliaio alla manifestazione pro Palestina - Live Magazine\" \/>\n<meta property=\"og:description\" content=\"CATANIA (ITALPRESS) &#8211; Circa mille partecipanti al corteo &#8216;pro Palestina&#8217; a Catania hanno sfilato in via Etnea, dall\u2019ingresso di Villa Bellini alla Prefettura. Davanti al Palazzo del Governo si sono alternati diversi interventi, dopodich\u00e9 una delegazione \u00e8 stata ricevuta dal prefetto, al quale \u00e8 stato consegnato un documento con l&#8217;appello di fermare il genocidio in [&hellip;]\" \/>\n<meta property=\"og:url\" content=\"https:\/\/www.livemag.it\/index.php\/2025\/09\/06\/a-catania-un-migliaio-alla-manifestazione-pro-palestina\/\" \/>\n<meta property=\"og:site_name\" content=\"Live Magazine\" \/>\n<meta property=\"article:publisher\" content=\"https:\/\/www.facebook.com\/LiveMag\/\" \/>\n<meta property=\"article:published_time\" content=\"2025-09-06T19:02:26+00:00\" \/>\n<meta property=\"og:image\" content=\"https:\/\/www.livemag.it\/wp-content\/uploads\/2024\/02\/ograph.jpg\" \/>\n\t<meta property=\"og:image:width\" content=\"1200\" \/>\n\t<meta property=\"og:image:height\" content=\"675\" \/>\n\t<meta property=\"og:image:type\" content=\"image\/jpeg\" \/>\n<meta name=\"author\" content=\"italpress\" \/>\n<meta name=\"twitter:card\" content=\"summary_large_image\" \/>\n<meta name=\"twitter:creator\" content=\"@LiveNotizie\" \/>\n<meta name=\"twitter:site\" content=\"@LiveNotizie\" \/>\n<meta name=\"twitter:label1\" content=\"Scritto da\" \/>\n\t<meta name=\"twitter:data1\" content=\"italpress\" \/>\n<script type=\"application\/ld+json\" class=\"yoast-schema-graph\">{\"@context\":\"https:\\\/\\\/schema.org\",\"@graph\":[{\"@type\":\"Article\",\"@id\":\"https:\\\/\\\/www.livemag.it\\\/index.php\\\/2025\\\/09\\\/06\\\/a-catania-un-migliaio-alla-manifestazione-pro-palestina\\\/#article\",\"isPartOf\":{\"@id\":\"https:\\\/\\\/www.livemag.it\\\/index.php\\\/2025\\\/09\\\/06\\\/a-catania-un-migliaio-alla-manifestazione-pro-palestina\\\/\"},\"author\":{\"name\":\"italpress\",\"@id\":\"https:\\\/\\\/www.livemag.it\\\/#\\\/schema\\\/person\\\/b62c5f44451fdcdaeb0afe6c2424e73c\"},\"headline\":\"A Catania un migliaio alla manifestazione pro Palestina\",\"datePublished\":\"2025-09-06T19:02:26+00:00\",\"mainEntityOfPage\":{\"@id\":\"https:\\\/\\\/www.livemag.it\\\/index.php\\\/2025\\\/09\\\/06\\\/a-catania-un-migliaio-alla-manifestazione-pro-palestina\\\/\"},\"wordCount\":79,\"publisher\":{\"@id\":\"https:\\\/\\\/www.livemag.it\\\/#organization\"},\"image\":{\"@id\":\"https:\\\/\\\/www.livemag.it\\\/index.php\\\/2025\\\/09\\\/06\\\/a-catania-un-migliaio-alla-manifestazione-pro-palestina\\\/#primaryimage\"},\"thumbnailUrl\":\"https:\\\/\\\/www.livemag.it\\\/wp-content\\\/uploads\\\/2025\\\/09\\\/X0Eo.jpg\",\"articleSection\":[\"Video\"],\"inLanguage\":\"it-IT\"},{\"@type\":\"WebPage\",\"@id\":\"https:\\\/\\\/www.livemag.it\\\/index.php\\\/2025\\\/09\\\/06\\\/a-catania-un-migliaio-alla-manifestazione-pro-palestina\\\/\",\"url\":\"https:\\\/\\\/www.livemag.it\\\/index.php\\\/2025\\\/09\\\/06\\\/a-catania-un-migliaio-alla-manifestazione-pro-palestina\\\/\",\"name\":\"A Catania un migliaio alla manifestazione pro Palestina - Live Magazine\",\"isPartOf\":{\"@id\":\"https:\\\/\\\/www.livemag.it\\\/#website\"},\"primaryImageOfPage\":{\"@id\":\"https:\\\/\\\/www.livemag.it\\\/index.php\\\/2025\\\/09\\\/06\\\/a-catania-un-migliaio-alla-manifestazione-pro-palestina\\\/#primaryimage\"},\"image\":{\"@id\":\"https:\\\/\\\/www.livemag.it\\\/index.php\\\/2025\\\/09\\\/06\\\/a-catania-un-migliaio-alla-manifestazione-pro-palestina\\\/#primaryimage\"},\"thumbnailUrl\":\"https:\\\/\\\/www.livemag.it\\\/wp-content\\\/uploads\\\/2025\\\/09\\\/X0Eo.jpg\",\"datePublished\":\"2025-09-06T19:02:26+00:00\",\"breadcrumb\":{\"@id\":\"https:\\\/\\\/www.livemag.it\\\/index.php\\\/2025\\\/09\\\/06\\\/a-catania-un-migliaio-alla-manifestazione-pro-palestina\\\/#breadcrumb\"},\"inLanguage\":\"it-IT\",\"potentialAction\":[{\"@type\":\"ReadAction\",\"target\":[\"https:\\\/\\\/www.livemag.it\\\/index.php\\\/2025\\\/09\\\/06\\\/a-catania-un-migliaio-alla-manifestazione-pro-palestina\\\/\"]}]},{\"@type\":\"ImageObject\",\"inLanguage\":\"it-IT\",\"@id\":\"https:\\\/\\\/www.livemag.it\\\/index.php\\\/2025\\\/09\\\/06\\\/a-catania-un-migliaio-alla-manifestazione-pro-palestina\\\/#primaryimage\",\"url\":\"https:\\\/\\\/www.livemag.it\\\/wp-content\\\/uploads\\\/2025\\\/09\\\/X0Eo.jpg\",\"contentUrl\":\"https:\\\/\\\/www.livemag.it\\\/wp-content\\\/uploads\\\/2025\\\/09\\\/X0Eo.jpg\",\"width\":1920,\"height\":1080},{\"@type\":\"BreadcrumbList\",\"@id\":\"https:\\\/\\\/www.livemag.it\\\/index.php\\\/2025\\\/09\\\/06\\\/a-catania-un-migliaio-alla-manifestazione-pro-palestina\\\/#breadcrumb\",\"itemListElement\":[{\"@type\":\"ListItem\",\"position\":1,\"name\":\"Home\",\"item\":\"https:\\\/\\\/www.livemag.it\\\/\"},{\"@type\":\"ListItem\",\"position\":2,\"name\":\"A Catania un migliaio alla manifestazione pro Palestina\"}]},{\"@type\":\"WebSite\",\"@id\":\"https:\\\/\\\/www.livemag.it\\\/#website\",\"url\":\"https:\\\/\\\/www.livemag.it\\\/\",\"name\":\"Live Magazine\",\"description\":\"Varie ed eventi\",\"publisher\":{\"@id\":\"https:\\\/\\\/www.livemag.it\\\/#organization\"},\"potentialAction\":[{\"@type\":\"SearchAction\",\"target\":{\"@type\":\"EntryPoint\",\"urlTemplate\":\"https:\\\/\\\/www.livemag.it\\\/?s={search_term_string}\"},\"query-input\":{\"@type\":\"PropertyValueSpecification\",\"valueRequired\":true,\"valueName\":\"search_term_string\"}}],\"inLanguage\":\"it-IT\"},{\"@type\":\"Organization\",\"@id\":\"https:\\\/\\\/www.livemag.it\\\/#organization\",\"name\":\"LiveMag\",\"alternateName\":\"LiveMag News ed eventi\",\"url\":\"https:\\\/\\\/www.livemag.it\\\/\",\"logo\":{\"@type\":\"ImageObject\",\"inLanguage\":\"it-IT\",\"@id\":\"https:\\\/\\\/www.livemag.it\\\/#\\\/schema\\\/logo\\\/image\\\/\",\"url\":\"https:\\\/\\\/www.livemag.it\\\/wp-content\\\/uploads\\\/2024\\\/02\\\/immagine-sito.jpg\",\"contentUrl\":\"https:\\\/\\\/www.livemag.it\\\/wp-content\\\/uploads\\\/2024\\\/02\\\/immagine-sito.jpg\",\"width\":696,\"height\":696,\"caption\":\"LiveMag\"},\"image\":{\"@id\":\"https:\\\/\\\/www.livemag.it\\\/#\\\/schema\\\/logo\\\/image\\\/\"},\"sameAs\":[\"https:\\\/\\\/www.facebook.com\\\/LiveMag\\\/\",\"https:\\\/\\\/x.com\\\/LiveNotizie\",\"https:\\\/\\\/www.instagram.com\\\/livemag\\\/\"]},{\"@type\":\"Person\",\"@id\":\"https:\\\/\\\/www.livemag.it\\\/#\\\/schema\\\/person\\\/b62c5f44451fdcdaeb0afe6c2424e73c\",\"name\":\"italpress\",\"image\":{\"@type\":\"ImageObject\",\"inLanguage\":\"it-IT\",\"@id\":\"https:\\\/\\\/secure.gravatar.com\\\/avatar\\\/b6a21695fc713ce7ee312cf57c97e2e641feb365be72d8745574d3c3e2b59066?s=96&r=g\",\"url\":\"https:\\\/\\\/secure.gravatar.com\\\/avatar\\\/b6a21695fc713ce7ee312cf57c97e2e641feb365be72d8745574d3c3e2b59066?s=96&r=g\",\"contentUrl\":\"https:\\\/\\\/secure.gravatar.com\\\/avatar\\\/b6a21695fc713ce7ee312cf57c97e2e641feb365be72d8745574d3c3e2b59066?s=96&r=g\",\"caption\":\"italpress\"},\"description\":\"Italpress \u00e8 un'agenzia di stampa italiana a carattere nazionale.\",\"url\":\"https:\\\/\\\/www.livemag.it\\\/index.php\\\/author\\\/italpress\\\/\"}]}<\/script>\n<!-- \/ Yoast SEO plugin. -->","yoast_head_json":{"title":"A Catania un migliaio alla manifestazione pro Palestina - Live Magazine","robots":{"index":"index","follow":"follow","max-snippet":"max-snippet:-1","max-image-preview":"max-image-preview:large","max-video-preview":"max-video-preview:-1"},"canonical":"https:\/\/www.livemag.it\/index.php\/2025\/09\/06\/a-catania-un-migliaio-alla-manifestazione-pro-palestina\/","og_locale":"it_IT","og_type":"article","og_title":"A Catania un migliaio alla manifestazione pro Palestina - Live Magazine","og_description":"CATANIA (ITALPRESS) &#8211; Circa mille partecipanti al corteo &#8216;pro Palestina&#8217; a Catania hanno sfilato in via Etnea, dall\u2019ingresso di Villa Bellini alla Prefettura. Davanti al Palazzo del Governo si sono alternati diversi interventi, dopodich\u00e9 una delegazione \u00e8 stata ricevuta dal prefetto, al quale \u00e8 stato consegnato un documento con l&#8217;appello di fermare il genocidio in [&hellip;]","og_url":"https:\/\/www.livemag.it\/index.php\/2025\/09\/06\/a-catania-un-migliaio-alla-manifestazione-pro-palestina\/","og_site_name":"Live Magazine","article_publisher":"https:\/\/www.facebook.com\/LiveMag\/","article_published_time":"2025-09-06T19:02:26+00:00","og_image":[{"width":1200,"height":675,"url":"https:\/\/www.livemag.it\/wp-content\/uploads\/2024\/02\/ograph.jpg","type":"image\/jpeg"}],"author":"italpress","twitter_card":"summary_large_image","twitter_creator":"@LiveNotizie","twitter_site":"@LiveNotizie","twitter_misc":{"Scritto da":"italpress"},"schema":{"@context":"https:\/\/schema.org","@graph":[{"@type":"Article","@id":"https:\/\/www.livemag.it\/index.php\/2025\/09\/06\/a-catania-un-migliaio-alla-manifestazione-pro-palestina\/#article","isPartOf":{"@id":"https:\/\/www.livemag.it\/index.php\/2025\/09\/06\/a-catania-un-migliaio-alla-manifestazione-pro-palestina\/"},"author":{"name":"italpress","@id":"https:\/\/www.livemag.it\/#\/schema\/person\/b62c5f44451fdcdaeb0afe6c2424e73c"},"headline":"A Catania un migliaio alla manifestazione pro Palestina","datePublished":"2025-09-06T19:02:26+00:00","mainEntityOfPage":{"@id":"https:\/\/www.livemag.it\/index.php\/2025\/09\/06\/a-catania-un-migliaio-alla-manifestazione-pro-palestina\/"},"wordCount":79,"publisher":{"@id":"https:\/\/www.livemag.it\/#organization"},"image":{"@id":"https:\/\/www.livemag.it\/index.php\/2025\/09\/06\/a-catania-un-migliaio-alla-manifestazione-pro-palestina\/#primaryimage"},"thumbnailUrl":"https:\/\/www.livemag.it\/wp-content\/uploads\/2025\/09\/X0Eo.jpg","articleSection":["Video"],"inLanguage":"it-IT"},{"@type":"WebPage","@id":"https:\/\/www.livemag.it\/index.php\/2025\/09\/06\/a-catania-un-migliaio-alla-manifestazione-pro-palestina\/","url":"https:\/\/www.livemag.it\/index.php\/2025\/09\/06\/a-catania-un-migliaio-alla-manifestazione-pro-palestina\/","name":"A Catania un migliaio alla manifestazione pro Palestina - Live Magazine","isPartOf":{"@id":"https:\/\/www.livemag.it\/#website"},"primaryImageOfPage":{"@id":"https:\/\/www.livemag.it\/index.php\/2025\/09\/06\/a-catania-un-migliaio-alla-manifestazione-pro-palestina\/#primaryimage"},"image":{"@id":"https:\/\/www.livemag.it\/index.php\/2025\/09\/06\/a-catania-un-migliaio-alla-manifestazione-pro-palestina\/#primaryimage"},"thumbnailUrl":"https:\/\/www.livemag.it\/wp-content\/uploads\/2025\/09\/X0Eo.jpg","datePublished":"2025-09-06T19:02:26+00:00","breadcrumb":{"@id":"https:\/\/www.livemag.it\/index.php\/2025\/09\/06\/a-catania-un-migliaio-alla-manifestazione-pro-palestina\/#breadcrumb"},"inLanguage":"it-IT","potentialAction":[{"@type":"ReadAction","target":["https:\/\/www.livemag.it\/index.php\/2025\/09\/06\/a-catania-un-migliaio-alla-manifestazione-pro-palestina\/"]}]},{"@type":"ImageObject","inLanguage":"it-IT","@id":"https:\/\/www.livemag.it\/index.php\/2025\/09\/06\/a-catania-un-migliaio-alla-manifestazione-pro-palestina\/#primaryimage","url":"https:\/\/www.livemag.it\/wp-content\/uploads\/2025\/09\/X0Eo.jpg","contentUrl":"https:\/\/www.livemag.it\/wp-content\/uploads\/2025\/09\/X0Eo.jpg","width":1920,"height":1080},{"@type":"BreadcrumbList","@id":"https:\/\/www.livemag.it\/index.php\/2025\/09\/06\/a-catania-un-migliaio-alla-manifestazione-pro-palestina\/#breadcrumb","itemListElement":[{"@type":"ListItem","position":1,"name":"Home","item":"https:\/\/www.livemag.it\/"},{"@type":"ListItem","position":2,"name":"A Catania un migliaio alla manifestazione pro Palestina"}]},{"@type":"WebSite","@id":"https:\/\/www.livemag.it\/#website","url":"https:\/\/www.livemag.it\/","name":"Live Magazine","description":"Varie ed eventi","publisher":{"@id":"https:\/\/www.livemag.it\/#organization"},"potentialAction":[{"@type":"SearchAction","target":{"@type":"EntryPoint","urlTemplate":"https:\/\/www.livemag.it\/?s={search_term_string}"},"query-input":{"@type":"PropertyValueSpecification","valueRequired":true,"valueName":"search_term_string"}}],"inLanguage":"it-IT"},{"@type":"Organization","@id":"https:\/\/www.livemag.it\/#organization","name":"LiveMag","alternateName":"LiveMag News ed eventi","url":"https:\/\/www.livemag.it\/","logo":{"@type":"ImageObject","inLanguage":"it-IT","@id":"https:\/\/www.livemag.it\/#\/schema\/logo\/image\/","url":"https:\/\/www.livemag.it\/wp-content\/uploads\/2024\/02\/immagine-sito.jpg","contentUrl":"https:\/\/www.livemag.it\/wp-content\/uploads\/2024\/02\/immagine-sito.jpg","width":696,"height":696,"caption":"LiveMag"},"image":{"@id":"https:\/\/www.livemag.it\/#\/schema\/logo\/image\/"},"sameAs":["https:\/\/www.facebook.com\/LiveMag\/","https:\/\/x.com\/LiveNotizie","https:\/\/www.instagram.com\/livemag\/"]},{"@type":"Person","@id":"https:\/\/www.livemag.it\/#\/schema\/person\/b62c5f44451fdcdaeb0afe6c2424e73c","name":"italpress","image":{"@type":"ImageObject","inLanguage":"it-IT","@id":"https:\/\/secure.gravatar.com\/avatar\/b6a21695fc713ce7ee312cf57c97e2e641feb365be72d8745574d3c3e2b59066?s=96&r=g","url":"https:\/\/secure.gravatar.com\/avatar\/b6a21695fc713ce7ee312cf57c97e2e641feb365be72d8745574d3c3e2b59066?s=96&r=g","contentUrl":"https:\/\/secure.gravatar.com\/avatar\/b6a21695fc713ce7ee312cf57c97e2e641feb365be72d8745574d3c3e2b59066?s=96&r=g","caption":"italpress"},"description":"Italpress \u00e8 un'agenzia di stampa italiana a carattere nazionale.","url":"https:\/\/www.livemag.it\/index.php\/author\/italpress\/"}]}},"jetpack_featured_media_url":"https:\/\/www.livemag.it\/wp-content\/uploads\/2025\/09\/X0Eo.jpg","_links":{"self":[{"href":"https:\/\/www.livemag.it\/index.php\/wp-json\/wp\/v2\/posts\/58317","targetHints":{"allow":["GET"]}}],"collection":[{"href":"https:\/\/www.livemag.it\/index.php\/wp-json\/wp\/v2\/posts"}],"about":[{"href":"https:\/\/www.livemag.it\/index.php\/wp-json\/wp\/v2\/types\/post"}],"author":[{"embeddable":true,"href":"https:\/\/www.livemag.it\/index.php\/wp-json\/wp\/v2\/users\/16"}],"replies":[{"embeddable":true,"href":"https:\/\/www.livemag.it\/index.php\/wp-json\/wp\/v2\/comments?post=58317"}],"version-history":[{"count":0,"href":"https:\/\/www.livemag.it\/index.php\/wp-json\/wp\/v2\/posts\/58317\/revisions"}],"wp:featuredmedia":[{"embeddable":true,"href":"https:\/\/www.livemag.it\/index.php\/wp-json\/wp\/v2\/media\/58318"}],"wp:attachment":[{"href":"https:\/\/www.livemag.it\/index.php\/wp-json\/wp\/v2\/media?parent=58317"}],"wp:term":[{"taxonomy":"category","embeddable":true,"href":"https:\/\/www.livemag.it\/index.php\/wp-json\/wp\/v2\/categories?post=58317"},{"taxonomy":"post_tag","embeddable":true,"href":"https:\/\/www.livemag.it\/index.php\/wp-json\/wp\/v2\/tags?post=58317"}],"curies":[{"name":"wp","href":"https:\/\/api.w.org\/{rel}","templated":true}]}}