{"id":58313,"date":"2025-09-06T18:02:47","date_gmt":"2025-09-06T16:02:47","guid":{"rendered":"https:\/\/www.livemag.it\/index.php\/2025\/09\/06\/pole-verstappen-a-monza-davanti-alle-mclaren-leclerc-quarto\/"},"modified":"2025-09-06T18:02:47","modified_gmt":"2025-09-06T16:02:47","slug":"pole-verstappen-a-monza-davanti-alle-mclaren-leclerc-quarto","status":"publish","type":"post","link":"https:\/\/www.livemag.it\/index.php\/2025\/09\/06\/pole-verstappen-a-monza-davanti-alle-mclaren-leclerc-quarto\/","title":{"rendered":"Pole Verstappen a Monza davanti alle McLaren, Leclerc quarto"},"content":{"rendered":"<div>\n<p>MONZA (ITALPRESS) \u2013 Max Verstappen conquista la pole position in 1\u201918\u2033792 nel Gran Premio d\u2019Italia 2025 di Formula 1. L\u2019olandese della Red Bull, nonostante un avvio di weekend faticoso, sbaraglia la concorrenza e si piazza davanti alle due McLaren di Lando Norris (+0\u2033077) ed Oscar Piastri (+0\u2033190). Charles Leclerc non riesce a portare la Ferrari in prima fila e deve accontentarsi di un quarto posto a +0\u2033215 da Verstappen; Lewis Hamilton, nonostante il quinto crono, scatter\u00e0 in decima posizione a causa della penalizzazione da scontare dopo Zandvoort. Guadagneranno una casella, dunque, le due Mercedes di George Russell ed Andrea Kimi Antonelli, che scatteranno rispettivamente quinto e sesto. Completano la top 10 Gabriel Bortoleto (Kick Sauber) e Fernando Alonso (Aston Martin). \u201cIo ci provo sempre \u2013 ha detto Verstappen -. E\u2019 sempre molto difficile azzeccare il giro da queste parti con basso carico aerodinamico, in frenata \u00e8 facile commettere errori. Nel Q3, per\u00f2, mi sono sentito bene e sono contento dei miei giri. Essere in pole qui \u00e8 davvero fantastico per noi, la macchina ha funzionato molto bene. Eravamo vicini, ma ci mancava qualcosa. Abbiamo fatto qualche cambiamento che mi ha permesso di spingere di pi\u00f9. Per noi \u00e8 un grande momento. Le gare in questa stagione sono state pi\u00f9 complicate per noi, ma daremo tutto quello che abbiamo\u201d, ha concluso il pilota della Red Bull.<br \/>\u2013 Foto Ipa Agency \u2013<br \/>(ITALPRESS).<\/p>\n<\/div>\n","protected":false},"excerpt":{"rendered":"<p>MONZA (ITALPRESS) \u2013 Max Verstappen conquista la pole position in 1\u201918\u2033792 nel Gran Premio d\u2019Italia 2025 di Formula 1. L\u2019olandese della Red Bull, nonostante un avvio di weekend faticoso, sbaraglia la concorrenza e si piazza davanti alle due McLaren di Lando Norris (+0\u2033077) ed Oscar Piastri (+0\u2033190). Charles Leclerc non riesce a portare la Ferrari [&hellip;]<\/p>\n","protected":false},"author":16,"featured_media":58314,"comment_status":"closed","ping_status":"closed","sticky":false,"template":"","format":"standard","meta":{"jnews-multi-image_gallery":[],"jnews_single_post":[],"jnews_primary_category":[],"jnews_social_meta":[],"jnews_override_counter":[],"jnews_post_split":[],"footnotes":""},"categories":[1129],"tags":[],"class_list":["post-58313","post","type-post","status-publish","format-standard","has-post-thumbnail","hentry","category-mondo"],"yoast_head":"<!-- This site is optimized with the Yoast SEO plugin v27.5 - https:\/\/yoast.com\/product\/yoast-seo-wordpress\/ -->\n<title>Pole Verstappen a Monza davanti alle McLaren, Leclerc quarto - Live Magazine<\/title>\n<meta name=\"robots\" content=\"index, follow, max-snippet:-1, max-image-preview:large, max-video-preview:-1\" \/>\n<link rel=\"canonical\" href=\"https:\/\/www.livemag.it\/index.php\/2025\/09\/06\/pole-verstappen-a-monza-davanti-alle-mclaren-leclerc-quarto\/\" \/>\n<meta property=\"og:locale\" content=\"it_IT\" \/>\n<meta property=\"og:type\" content=\"article\" \/>\n<meta property=\"og:title\" content=\"Pole Verstappen a Monza davanti alle McLaren, Leclerc quarto - Live Magazine\" \/>\n<meta property=\"og:description\" content=\"MONZA (ITALPRESS) \u2013 Max Verstappen conquista la pole position in 1\u201918\u2033792 nel Gran Premio d\u2019Italia 2025 di Formula 1. L\u2019olandese della Red Bull, nonostante un avvio di weekend faticoso, sbaraglia la concorrenza e si piazza davanti alle due McLaren di Lando Norris (+0\u2033077) ed Oscar Piastri (+0\u2033190). Charles Leclerc non riesce a portare la Ferrari [&hellip;]\" \/>\n<meta property=\"og:url\" content=\"https:\/\/www.livemag.it\/index.php\/2025\/09\/06\/pole-verstappen-a-monza-davanti-alle-mclaren-leclerc-quarto\/\" \/>\n<meta property=\"og:site_name\" content=\"Live Magazine\" \/>\n<meta property=\"article:publisher\" content=\"https:\/\/www.facebook.com\/LiveMag\/\" \/>\n<meta property=\"article:published_time\" content=\"2025-09-06T16:02:47+00:00\" \/>\n<meta property=\"og:image\" content=\"https:\/\/www.livemag.it\/wp-content\/uploads\/2024\/02\/ograph.jpg\" \/>\n\t<meta property=\"og:image:width\" content=\"1200\" \/>\n\t<meta property=\"og:image:height\" content=\"675\" \/>\n\t<meta property=\"og:image:type\" content=\"image\/jpeg\" \/>\n<meta name=\"author\" content=\"italpress\" \/>\n<meta name=\"twitter:card\" content=\"summary_large_image\" \/>\n<meta name=\"twitter:creator\" content=\"@LiveNotizie\" \/>\n<meta name=\"twitter:site\" content=\"@LiveNotizie\" \/>\n<meta name=\"twitter:label1\" content=\"Scritto da\" \/>\n\t<meta name=\"twitter:data1\" content=\"italpress\" \/>\n\t<meta name=\"twitter:label2\" content=\"Tempo di lettura stimato\" \/>\n\t<meta name=\"twitter:data2\" content=\"1 minuto\" \/>\n<script type=\"application\/ld+json\" class=\"yoast-schema-graph\">{\"@context\":\"https:\\\/\\\/schema.org\",\"@graph\":[{\"@type\":\"Article\",\"@id\":\"https:\\\/\\\/www.livemag.it\\\/index.php\\\/2025\\\/09\\\/06\\\/pole-verstappen-a-monza-davanti-alle-mclaren-leclerc-quarto\\\/#article\",\"isPartOf\":{\"@id\":\"https:\\\/\\\/www.livemag.it\\\/index.php\\\/2025\\\/09\\\/06\\\/pole-verstappen-a-monza-davanti-alle-mclaren-leclerc-quarto\\\/\"},\"author\":{\"name\":\"italpress\",\"@id\":\"https:\\\/\\\/www.livemag.it\\\/#\\\/schema\\\/person\\\/b62c5f44451fdcdaeb0afe6c2424e73c\"},\"headline\":\"Pole Verstappen a Monza davanti alle McLaren, Leclerc quarto\",\"datePublished\":\"2025-09-06T16:02:47+00:00\",\"mainEntityOfPage\":{\"@id\":\"https:\\\/\\\/www.livemag.it\\\/index.php\\\/2025\\\/09\\\/06\\\/pole-verstappen-a-monza-davanti-alle-mclaren-leclerc-quarto\\\/\"},\"wordCount\":228,\"publisher\":{\"@id\":\"https:\\\/\\\/www.livemag.it\\\/#organization\"},\"image\":{\"@id\":\"https:\\\/\\\/www.livemag.it\\\/index.php\\\/2025\\\/09\\\/06\\\/pole-verstappen-a-monza-davanti-alle-mclaren-leclerc-quarto\\\/#primaryimage\"},\"thumbnailUrl\":\"https:\\\/\\\/www.livemag.it\\\/wp-content\\\/uploads\\\/2025\\\/09\\\/20250906_1470.jpg\",\"articleSection\":[\"Mondo\"],\"inLanguage\":\"it-IT\"},{\"@type\":\"WebPage\",\"@id\":\"https:\\\/\\\/www.livemag.it\\\/index.php\\\/2025\\\/09\\\/06\\\/pole-verstappen-a-monza-davanti-alle-mclaren-leclerc-quarto\\\/\",\"url\":\"https:\\\/\\\/www.livemag.it\\\/index.php\\\/2025\\\/09\\\/06\\\/pole-verstappen-a-monza-davanti-alle-mclaren-leclerc-quarto\\\/\",\"name\":\"Pole Verstappen a Monza davanti alle McLaren, Leclerc quarto - Live Magazine\",\"isPartOf\":{\"@id\":\"https:\\\/\\\/www.livemag.it\\\/#website\"},\"primaryImageOfPage\":{\"@id\":\"https:\\\/\\\/www.livemag.it\\\/index.php\\\/2025\\\/09\\\/06\\\/pole-verstappen-a-monza-davanti-alle-mclaren-leclerc-quarto\\\/#primaryimage\"},\"image\":{\"@id\":\"https:\\\/\\\/www.livemag.it\\\/index.php\\\/2025\\\/09\\\/06\\\/pole-verstappen-a-monza-davanti-alle-mclaren-leclerc-quarto\\\/#primaryimage\"},\"thumbnailUrl\":\"https:\\\/\\\/www.livemag.it\\\/wp-content\\\/uploads\\\/2025\\\/09\\\/20250906_1470.jpg\",\"datePublished\":\"2025-09-06T16:02:47+00:00\",\"breadcrumb\":{\"@id\":\"https:\\\/\\\/www.livemag.it\\\/index.php\\\/2025\\\/09\\\/06\\\/pole-verstappen-a-monza-davanti-alle-mclaren-leclerc-quarto\\\/#breadcrumb\"},\"inLanguage\":\"it-IT\",\"potentialAction\":[{\"@type\":\"ReadAction\",\"target\":[\"https:\\\/\\\/www.livemag.it\\\/index.php\\\/2025\\\/09\\\/06\\\/pole-verstappen-a-monza-davanti-alle-mclaren-leclerc-quarto\\\/\"]}]},{\"@type\":\"ImageObject\",\"inLanguage\":\"it-IT\",\"@id\":\"https:\\\/\\\/www.livemag.it\\\/index.php\\\/2025\\\/09\\\/06\\\/pole-verstappen-a-monza-davanti-alle-mclaren-leclerc-quarto\\\/#primaryimage\",\"url\":\"https:\\\/\\\/www.livemag.it\\\/wp-content\\\/uploads\\\/2025\\\/09\\\/20250906_1470.jpg\",\"contentUrl\":\"https:\\\/\\\/www.livemag.it\\\/wp-content\\\/uploads\\\/2025\\\/09\\\/20250906_1470.jpg\",\"width\":1200,\"height\":800},{\"@type\":\"BreadcrumbList\",\"@id\":\"https:\\\/\\\/www.livemag.it\\\/index.php\\\/2025\\\/09\\\/06\\\/pole-verstappen-a-monza-davanti-alle-mclaren-leclerc-quarto\\\/#breadcrumb\",\"itemListElement\":[{\"@type\":\"ListItem\",\"position\":1,\"name\":\"Home\",\"item\":\"https:\\\/\\\/www.livemag.it\\\/\"},{\"@type\":\"ListItem\",\"position\":2,\"name\":\"Pole Verstappen a Monza davanti alle McLaren, Leclerc quarto\"}]},{\"@type\":\"WebSite\",\"@id\":\"https:\\\/\\\/www.livemag.it\\\/#website\",\"url\":\"https:\\\/\\\/www.livemag.it\\\/\",\"name\":\"Live Magazine\",\"description\":\"Varie ed eventi\",\"publisher\":{\"@id\":\"https:\\\/\\\/www.livemag.it\\\/#organization\"},\"potentialAction\":[{\"@type\":\"SearchAction\",\"target\":{\"@type\":\"EntryPoint\",\"urlTemplate\":\"https:\\\/\\\/www.livemag.it\\\/?s={search_term_string}\"},\"query-input\":{\"@type\":\"PropertyValueSpecification\",\"valueRequired\":true,\"valueName\":\"search_term_string\"}}],\"inLanguage\":\"it-IT\"},{\"@type\":\"Organization\",\"@id\":\"https:\\\/\\\/www.livemag.it\\\/#organization\",\"name\":\"LiveMag\",\"alternateName\":\"LiveMag News ed eventi\",\"url\":\"https:\\\/\\\/www.livemag.it\\\/\",\"logo\":{\"@type\":\"ImageObject\",\"inLanguage\":\"it-IT\",\"@id\":\"https:\\\/\\\/www.livemag.it\\\/#\\\/schema\\\/logo\\\/image\\\/\",\"url\":\"https:\\\/\\\/www.livemag.it\\\/wp-content\\\/uploads\\\/2024\\\/02\\\/immagine-sito.jpg\",\"contentUrl\":\"https:\\\/\\\/www.livemag.it\\\/wp-content\\\/uploads\\\/2024\\\/02\\\/immagine-sito.jpg\",\"width\":696,\"height\":696,\"caption\":\"LiveMag\"},\"image\":{\"@id\":\"https:\\\/\\\/www.livemag.it\\\/#\\\/schema\\\/logo\\\/image\\\/\"},\"sameAs\":[\"https:\\\/\\\/www.facebook.com\\\/LiveMag\\\/\",\"https:\\\/\\\/x.com\\\/LiveNotizie\",\"https:\\\/\\\/www.instagram.com\\\/livemag\\\/\"]},{\"@type\":\"Person\",\"@id\":\"https:\\\/\\\/www.livemag.it\\\/#\\\/schema\\\/person\\\/b62c5f44451fdcdaeb0afe6c2424e73c\",\"name\":\"italpress\",\"image\":{\"@type\":\"ImageObject\",\"inLanguage\":\"it-IT\",\"@id\":\"https:\\\/\\\/secure.gravatar.com\\\/avatar\\\/b6a21695fc713ce7ee312cf57c97e2e641feb365be72d8745574d3c3e2b59066?s=96&r=g\",\"url\":\"https:\\\/\\\/secure.gravatar.com\\\/avatar\\\/b6a21695fc713ce7ee312cf57c97e2e641feb365be72d8745574d3c3e2b59066?s=96&r=g\",\"contentUrl\":\"https:\\\/\\\/secure.gravatar.com\\\/avatar\\\/b6a21695fc713ce7ee312cf57c97e2e641feb365be72d8745574d3c3e2b59066?s=96&r=g\",\"caption\":\"italpress\"},\"description\":\"Italpress \u00e8 un'agenzia di stampa italiana a carattere nazionale.\",\"url\":\"https:\\\/\\\/www.livemag.it\\\/index.php\\\/author\\\/italpress\\\/\"}]}<\/script>\n<!-- \/ Yoast SEO plugin. -->","yoast_head_json":{"title":"Pole Verstappen a Monza davanti alle McLaren, Leclerc quarto - Live Magazine","robots":{"index":"index","follow":"follow","max-snippet":"max-snippet:-1","max-image-preview":"max-image-preview:large","max-video-preview":"max-video-preview:-1"},"canonical":"https:\/\/www.livemag.it\/index.php\/2025\/09\/06\/pole-verstappen-a-monza-davanti-alle-mclaren-leclerc-quarto\/","og_locale":"it_IT","og_type":"article","og_title":"Pole Verstappen a Monza davanti alle McLaren, Leclerc quarto - Live Magazine","og_description":"MONZA (ITALPRESS) \u2013 Max Verstappen conquista la pole position in 1\u201918\u2033792 nel Gran Premio d\u2019Italia 2025 di Formula 1. L\u2019olandese della Red Bull, nonostante un avvio di weekend faticoso, sbaraglia la concorrenza e si piazza davanti alle due McLaren di Lando Norris (+0\u2033077) ed Oscar Piastri (+0\u2033190). Charles Leclerc non riesce a portare la Ferrari [&hellip;]","og_url":"https:\/\/www.livemag.it\/index.php\/2025\/09\/06\/pole-verstappen-a-monza-davanti-alle-mclaren-leclerc-quarto\/","og_site_name":"Live Magazine","article_publisher":"https:\/\/www.facebook.com\/LiveMag\/","article_published_time":"2025-09-06T16:02:47+00:00","og_image":[{"width":1200,"height":675,"url":"https:\/\/www.livemag.it\/wp-content\/uploads\/2024\/02\/ograph.jpg","type":"image\/jpeg"}],"author":"italpress","twitter_card":"summary_large_image","twitter_creator":"@LiveNotizie","twitter_site":"@LiveNotizie","twitter_misc":{"Scritto da":"italpress","Tempo di lettura stimato":"1 minuto"},"schema":{"@context":"https:\/\/schema.org","@graph":[{"@type":"Article","@id":"https:\/\/www.livemag.it\/index.php\/2025\/09\/06\/pole-verstappen-a-monza-davanti-alle-mclaren-leclerc-quarto\/#article","isPartOf":{"@id":"https:\/\/www.livemag.it\/index.php\/2025\/09\/06\/pole-verstappen-a-monza-davanti-alle-mclaren-leclerc-quarto\/"},"author":{"name":"italpress","@id":"https:\/\/www.livemag.it\/#\/schema\/person\/b62c5f44451fdcdaeb0afe6c2424e73c"},"headline":"Pole Verstappen a Monza davanti alle McLaren, Leclerc quarto","datePublished":"2025-09-06T16:02:47+00:00","mainEntityOfPage":{"@id":"https:\/\/www.livemag.it\/index.php\/2025\/09\/06\/pole-verstappen-a-monza-davanti-alle-mclaren-leclerc-quarto\/"},"wordCount":228,"publisher":{"@id":"https:\/\/www.livemag.it\/#organization"},"image":{"@id":"https:\/\/www.livemag.it\/index.php\/2025\/09\/06\/pole-verstappen-a-monza-davanti-alle-mclaren-leclerc-quarto\/#primaryimage"},"thumbnailUrl":"https:\/\/www.livemag.it\/wp-content\/uploads\/2025\/09\/20250906_1470.jpg","articleSection":["Mondo"],"inLanguage":"it-IT"},{"@type":"WebPage","@id":"https:\/\/www.livemag.it\/index.php\/2025\/09\/06\/pole-verstappen-a-monza-davanti-alle-mclaren-leclerc-quarto\/","url":"https:\/\/www.livemag.it\/index.php\/2025\/09\/06\/pole-verstappen-a-monza-davanti-alle-mclaren-leclerc-quarto\/","name":"Pole Verstappen a Monza davanti alle McLaren, Leclerc quarto - Live Magazine","isPartOf":{"@id":"https:\/\/www.livemag.it\/#website"},"primaryImageOfPage":{"@id":"https:\/\/www.livemag.it\/index.php\/2025\/09\/06\/pole-verstappen-a-monza-davanti-alle-mclaren-leclerc-quarto\/#primaryimage"},"image":{"@id":"https:\/\/www.livemag.it\/index.php\/2025\/09\/06\/pole-verstappen-a-monza-davanti-alle-mclaren-leclerc-quarto\/#primaryimage"},"thumbnailUrl":"https:\/\/www.livemag.it\/wp-content\/uploads\/2025\/09\/20250906_1470.jpg","datePublished":"2025-09-06T16:02:47+00:00","breadcrumb":{"@id":"https:\/\/www.livemag.it\/index.php\/2025\/09\/06\/pole-verstappen-a-monza-davanti-alle-mclaren-leclerc-quarto\/#breadcrumb"},"inLanguage":"it-IT","potentialAction":[{"@type":"ReadAction","target":["https:\/\/www.livemag.it\/index.php\/2025\/09\/06\/pole-verstappen-a-monza-davanti-alle-mclaren-leclerc-quarto\/"]}]},{"@type":"ImageObject","inLanguage":"it-IT","@id":"https:\/\/www.livemag.it\/index.php\/2025\/09\/06\/pole-verstappen-a-monza-davanti-alle-mclaren-leclerc-quarto\/#primaryimage","url":"https:\/\/www.livemag.it\/wp-content\/uploads\/2025\/09\/20250906_1470.jpg","contentUrl":"https:\/\/www.livemag.it\/wp-content\/uploads\/2025\/09\/20250906_1470.jpg","width":1200,"height":800},{"@type":"BreadcrumbList","@id":"https:\/\/www.livemag.it\/index.php\/2025\/09\/06\/pole-verstappen-a-monza-davanti-alle-mclaren-leclerc-quarto\/#breadcrumb","itemListElement":[{"@type":"ListItem","position":1,"name":"Home","item":"https:\/\/www.livemag.it\/"},{"@type":"ListItem","position":2,"name":"Pole Verstappen a Monza davanti alle McLaren, Leclerc quarto"}]},{"@type":"WebSite","@id":"https:\/\/www.livemag.it\/#website","url":"https:\/\/www.livemag.it\/","name":"Live Magazine","description":"Varie ed eventi","publisher":{"@id":"https:\/\/www.livemag.it\/#organization"},"potentialAction":[{"@type":"SearchAction","target":{"@type":"EntryPoint","urlTemplate":"https:\/\/www.livemag.it\/?s={search_term_string}"},"query-input":{"@type":"PropertyValueSpecification","valueRequired":true,"valueName":"search_term_string"}}],"inLanguage":"it-IT"},{"@type":"Organization","@id":"https:\/\/www.livemag.it\/#organization","name":"LiveMag","alternateName":"LiveMag News ed eventi","url":"https:\/\/www.livemag.it\/","logo":{"@type":"ImageObject","inLanguage":"it-IT","@id":"https:\/\/www.livemag.it\/#\/schema\/logo\/image\/","url":"https:\/\/www.livemag.it\/wp-content\/uploads\/2024\/02\/immagine-sito.jpg","contentUrl":"https:\/\/www.livemag.it\/wp-content\/uploads\/2024\/02\/immagine-sito.jpg","width":696,"height":696,"caption":"LiveMag"},"image":{"@id":"https:\/\/www.livemag.it\/#\/schema\/logo\/image\/"},"sameAs":["https:\/\/www.facebook.com\/LiveMag\/","https:\/\/x.com\/LiveNotizie","https:\/\/www.instagram.com\/livemag\/"]},{"@type":"Person","@id":"https:\/\/www.livemag.it\/#\/schema\/person\/b62c5f44451fdcdaeb0afe6c2424e73c","name":"italpress","image":{"@type":"ImageObject","inLanguage":"it-IT","@id":"https:\/\/secure.gravatar.com\/avatar\/b6a21695fc713ce7ee312cf57c97e2e641feb365be72d8745574d3c3e2b59066?s=96&r=g","url":"https:\/\/secure.gravatar.com\/avatar\/b6a21695fc713ce7ee312cf57c97e2e641feb365be72d8745574d3c3e2b59066?s=96&r=g","contentUrl":"https:\/\/secure.gravatar.com\/avatar\/b6a21695fc713ce7ee312cf57c97e2e641feb365be72d8745574d3c3e2b59066?s=96&r=g","caption":"italpress"},"description":"Italpress \u00e8 un'agenzia di stampa italiana a carattere nazionale.","url":"https:\/\/www.livemag.it\/index.php\/author\/italpress\/"}]}},"jetpack_featured_media_url":"https:\/\/www.livemag.it\/wp-content\/uploads\/2025\/09\/20250906_1470.jpg","_links":{"self":[{"href":"https:\/\/www.livemag.it\/index.php\/wp-json\/wp\/v2\/posts\/58313","targetHints":{"allow":["GET"]}}],"collection":[{"href":"https:\/\/www.livemag.it\/index.php\/wp-json\/wp\/v2\/posts"}],"about":[{"href":"https:\/\/www.livemag.it\/index.php\/wp-json\/wp\/v2\/types\/post"}],"author":[{"embeddable":true,"href":"https:\/\/www.livemag.it\/index.php\/wp-json\/wp\/v2\/users\/16"}],"replies":[{"embeddable":true,"href":"https:\/\/www.livemag.it\/index.php\/wp-json\/wp\/v2\/comments?post=58313"}],"version-history":[{"count":0,"href":"https:\/\/www.livemag.it\/index.php\/wp-json\/wp\/v2\/posts\/58313\/revisions"}],"wp:featuredmedia":[{"embeddable":true,"href":"https:\/\/www.livemag.it\/index.php\/wp-json\/wp\/v2\/media\/58314"}],"wp:attachment":[{"href":"https:\/\/www.livemag.it\/index.php\/wp-json\/wp\/v2\/media?parent=58313"}],"wp:term":[{"taxonomy":"category","embeddable":true,"href":"https:\/\/www.livemag.it\/index.php\/wp-json\/wp\/v2\/categories?post=58313"},{"taxonomy":"post_tag","embeddable":true,"href":"https:\/\/www.livemag.it\/index.php\/wp-json\/wp\/v2\/tags?post=58313"}],"curies":[{"name":"wp","href":"https:\/\/api.w.org\/{rel}","templated":true}]}}