{"id":58288,"date":"2025-09-06T15:02:48","date_gmt":"2025-09-06T13:02:48","guid":{"rendered":"https:\/\/www.livemag.it\/index.php\/2025\/09\/06\/lidf-ordina-levacuazione-dei-civili-a-gaza-city\/"},"modified":"2025-09-06T15:02:48","modified_gmt":"2025-09-06T13:02:48","slug":"lidf-ordina-levacuazione-dei-civili-a-gaza-city","status":"publish","type":"post","link":"https:\/\/www.livemag.it\/index.php\/2025\/09\/06\/lidf-ordina-levacuazione-dei-civili-a-gaza-city\/","title":{"rendered":"L\u2019Idf ordina l\u2019evacuazione dei civili a Gaza City"},"content":{"rendered":"<div>\n<p>TEL AVIV (ISRAELE) (ITALPRESS) \u2013  L\u2019esercito israeliano ha chiesto alla popolazione di Gaza City di spostarsi in \u201cuna nuova zona umanitaria\u201d a Khan Younis, a sud della Striscia di Gaza, a fronte \u201cdell\u2019espansione delle operazioni militari\u201d. \u201cResidenti di Gaza, non date retta alle affermazioni di Hamas: cogliete l\u2019occasione per trasferirvi presto nella zona umanitaria e unitevi alle migliaia di persone che vi si sono gi\u00e0 trasferite negli ultimi giorni e settimane\u201d, ha scritto sui social il portavoce il lingua araba dell\u2019IDF, Avichay Adraee. \u201cLa zona umanitaria comprende infrastrutture umanitarie vitali come ospedali da campo, condutture idriche e impianti di desalinizzazione dell\u2019acqua, oltre alla fornitura continua di cibo, tende, medicinali e materiale medico, che saranno forniti in coordinamento tra l\u2019Unit\u00e0 per il Coordinamento delle Attivit\u00e0 Governative nei Territori e la comunit\u00e0 internazionale\u201d, spiega. \u201cConfermiamo che gli sforzi per fornire aiuti umanitari alla zona e per adattare le infrastrutture proseguiranno costantemente in collaborazione con le Nazioni Unite e le organizzazioni internazionali, parallelamente all\u2019espansione delle manovre di terra\u201d, conclude.<br \/>(ITALPRESS)<\/p>\n<p>\u2013 foto: Ipa Agency \u2013<\/p>\n<\/div>\n","protected":false},"excerpt":{"rendered":"<p>TEL AVIV (ISRAELE) (ITALPRESS) \u2013 L\u2019esercito israeliano ha chiesto alla popolazione di Gaza City di spostarsi in \u201cuna nuova zona umanitaria\u201d a Khan Younis, a sud della Striscia di Gaza, a fronte \u201cdell\u2019espansione delle operazioni militari\u201d. \u201cResidenti di Gaza, non date retta alle affermazioni di Hamas: cogliete l\u2019occasione per trasferirvi presto nella zona umanitaria e [&hellip;]<\/p>\n","protected":false},"author":16,"featured_media":58289,"comment_status":"closed","ping_status":"closed","sticky":false,"template":"","format":"standard","meta":{"jnews-multi-image_gallery":[],"jnews_single_post":[],"jnews_primary_category":[],"jnews_social_meta":[],"jnews_override_counter":[],"jnews_post_split":[],"footnotes":""},"categories":[1129],"tags":[],"class_list":["post-58288","post","type-post","status-publish","format-standard","has-post-thumbnail","hentry","category-mondo"],"yoast_head":"<!-- This site is optimized with the Yoast SEO plugin v27.5 - https:\/\/yoast.com\/product\/yoast-seo-wordpress\/ -->\n<title>L\u2019Idf ordina l\u2019evacuazione dei civili a Gaza City - Live Magazine<\/title>\n<meta name=\"robots\" content=\"index, follow, max-snippet:-1, max-image-preview:large, max-video-preview:-1\" \/>\n<link rel=\"canonical\" href=\"https:\/\/www.livemag.it\/index.php\/2025\/09\/06\/lidf-ordina-levacuazione-dei-civili-a-gaza-city\/\" \/>\n<meta property=\"og:locale\" content=\"it_IT\" \/>\n<meta property=\"og:type\" content=\"article\" \/>\n<meta property=\"og:title\" content=\"L\u2019Idf ordina l\u2019evacuazione dei civili a Gaza City - Live Magazine\" \/>\n<meta property=\"og:description\" content=\"TEL AVIV (ISRAELE) (ITALPRESS) \u2013 L\u2019esercito israeliano ha chiesto alla popolazione di Gaza City di spostarsi in \u201cuna nuova zona umanitaria\u201d a Khan Younis, a sud della Striscia di Gaza, a fronte \u201cdell\u2019espansione delle operazioni militari\u201d. \u201cResidenti di Gaza, non date retta alle affermazioni di Hamas: cogliete l\u2019occasione per trasferirvi presto nella zona umanitaria e [&hellip;]\" \/>\n<meta property=\"og:url\" content=\"https:\/\/www.livemag.it\/index.php\/2025\/09\/06\/lidf-ordina-levacuazione-dei-civili-a-gaza-city\/\" \/>\n<meta property=\"og:site_name\" content=\"Live Magazine\" \/>\n<meta property=\"article:publisher\" content=\"https:\/\/www.facebook.com\/LiveMag\/\" \/>\n<meta property=\"article:published_time\" content=\"2025-09-06T13:02:48+00:00\" \/>\n<meta property=\"og:image\" content=\"https:\/\/www.livemag.it\/wp-content\/uploads\/2024\/02\/ograph.jpg\" \/>\n\t<meta property=\"og:image:width\" content=\"1200\" \/>\n\t<meta property=\"og:image:height\" content=\"675\" \/>\n\t<meta property=\"og:image:type\" content=\"image\/jpeg\" \/>\n<meta name=\"author\" content=\"italpress\" \/>\n<meta name=\"twitter:card\" content=\"summary_large_image\" \/>\n<meta name=\"twitter:creator\" content=\"@LiveNotizie\" \/>\n<meta name=\"twitter:site\" content=\"@LiveNotizie\" \/>\n<meta name=\"twitter:label1\" content=\"Scritto da\" \/>\n\t<meta name=\"twitter:data1\" content=\"italpress\" \/>\n\t<meta name=\"twitter:label2\" content=\"Tempo di lettura stimato\" \/>\n\t<meta name=\"twitter:data2\" content=\"1 minuto\" \/>\n<script type=\"application\/ld+json\" class=\"yoast-schema-graph\">{\"@context\":\"https:\\\/\\\/schema.org\",\"@graph\":[{\"@type\":\"Article\",\"@id\":\"https:\\\/\\\/www.livemag.it\\\/index.php\\\/2025\\\/09\\\/06\\\/lidf-ordina-levacuazione-dei-civili-a-gaza-city\\\/#article\",\"isPartOf\":{\"@id\":\"https:\\\/\\\/www.livemag.it\\\/index.php\\\/2025\\\/09\\\/06\\\/lidf-ordina-levacuazione-dei-civili-a-gaza-city\\\/\"},\"author\":{\"name\":\"italpress\",\"@id\":\"https:\\\/\\\/www.livemag.it\\\/#\\\/schema\\\/person\\\/b62c5f44451fdcdaeb0afe6c2424e73c\"},\"headline\":\"L\u2019Idf ordina l\u2019evacuazione dei civili a Gaza City\",\"datePublished\":\"2025-09-06T13:02:48+00:00\",\"mainEntityOfPage\":{\"@id\":\"https:\\\/\\\/www.livemag.it\\\/index.php\\\/2025\\\/09\\\/06\\\/lidf-ordina-levacuazione-dei-civili-a-gaza-city\\\/\"},\"wordCount\":186,\"publisher\":{\"@id\":\"https:\\\/\\\/www.livemag.it\\\/#organization\"},\"image\":{\"@id\":\"https:\\\/\\\/www.livemag.it\\\/index.php\\\/2025\\\/09\\\/06\\\/lidf-ordina-levacuazione-dei-civili-a-gaza-city\\\/#primaryimage\"},\"thumbnailUrl\":\"https:\\\/\\\/www.livemag.it\\\/wp-content\\\/uploads\\\/2025\\\/09\\\/20250906_0434.jpg\",\"articleSection\":[\"Mondo\"],\"inLanguage\":\"it-IT\"},{\"@type\":\"WebPage\",\"@id\":\"https:\\\/\\\/www.livemag.it\\\/index.php\\\/2025\\\/09\\\/06\\\/lidf-ordina-levacuazione-dei-civili-a-gaza-city\\\/\",\"url\":\"https:\\\/\\\/www.livemag.it\\\/index.php\\\/2025\\\/09\\\/06\\\/lidf-ordina-levacuazione-dei-civili-a-gaza-city\\\/\",\"name\":\"L\u2019Idf ordina l\u2019evacuazione dei civili a Gaza City - Live Magazine\",\"isPartOf\":{\"@id\":\"https:\\\/\\\/www.livemag.it\\\/#website\"},\"primaryImageOfPage\":{\"@id\":\"https:\\\/\\\/www.livemag.it\\\/index.php\\\/2025\\\/09\\\/06\\\/lidf-ordina-levacuazione-dei-civili-a-gaza-city\\\/#primaryimage\"},\"image\":{\"@id\":\"https:\\\/\\\/www.livemag.it\\\/index.php\\\/2025\\\/09\\\/06\\\/lidf-ordina-levacuazione-dei-civili-a-gaza-city\\\/#primaryimage\"},\"thumbnailUrl\":\"https:\\\/\\\/www.livemag.it\\\/wp-content\\\/uploads\\\/2025\\\/09\\\/20250906_0434.jpg\",\"datePublished\":\"2025-09-06T13:02:48+00:00\",\"breadcrumb\":{\"@id\":\"https:\\\/\\\/www.livemag.it\\\/index.php\\\/2025\\\/09\\\/06\\\/lidf-ordina-levacuazione-dei-civili-a-gaza-city\\\/#breadcrumb\"},\"inLanguage\":\"it-IT\",\"potentialAction\":[{\"@type\":\"ReadAction\",\"target\":[\"https:\\\/\\\/www.livemag.it\\\/index.php\\\/2025\\\/09\\\/06\\\/lidf-ordina-levacuazione-dei-civili-a-gaza-city\\\/\"]}]},{\"@type\":\"ImageObject\",\"inLanguage\":\"it-IT\",\"@id\":\"https:\\\/\\\/www.livemag.it\\\/index.php\\\/2025\\\/09\\\/06\\\/lidf-ordina-levacuazione-dei-civili-a-gaza-city\\\/#primaryimage\",\"url\":\"https:\\\/\\\/www.livemag.it\\\/wp-content\\\/uploads\\\/2025\\\/09\\\/20250906_0434.jpg\",\"contentUrl\":\"https:\\\/\\\/www.livemag.it\\\/wp-content\\\/uploads\\\/2025\\\/09\\\/20250906_0434.jpg\",\"width\":900,\"height\":560},{\"@type\":\"BreadcrumbList\",\"@id\":\"https:\\\/\\\/www.livemag.it\\\/index.php\\\/2025\\\/09\\\/06\\\/lidf-ordina-levacuazione-dei-civili-a-gaza-city\\\/#breadcrumb\",\"itemListElement\":[{\"@type\":\"ListItem\",\"position\":1,\"name\":\"Home\",\"item\":\"https:\\\/\\\/www.livemag.it\\\/\"},{\"@type\":\"ListItem\",\"position\":2,\"name\":\"L\u2019Idf ordina l\u2019evacuazione dei civili a Gaza City\"}]},{\"@type\":\"WebSite\",\"@id\":\"https:\\\/\\\/www.livemag.it\\\/#website\",\"url\":\"https:\\\/\\\/www.livemag.it\\\/\",\"name\":\"Live Magazine\",\"description\":\"Varie ed eventi\",\"publisher\":{\"@id\":\"https:\\\/\\\/www.livemag.it\\\/#organization\"},\"potentialAction\":[{\"@type\":\"SearchAction\",\"target\":{\"@type\":\"EntryPoint\",\"urlTemplate\":\"https:\\\/\\\/www.livemag.it\\\/?s={search_term_string}\"},\"query-input\":{\"@type\":\"PropertyValueSpecification\",\"valueRequired\":true,\"valueName\":\"search_term_string\"}}],\"inLanguage\":\"it-IT\"},{\"@type\":\"Organization\",\"@id\":\"https:\\\/\\\/www.livemag.it\\\/#organization\",\"name\":\"LiveMag\",\"alternateName\":\"LiveMag News ed eventi\",\"url\":\"https:\\\/\\\/www.livemag.it\\\/\",\"logo\":{\"@type\":\"ImageObject\",\"inLanguage\":\"it-IT\",\"@id\":\"https:\\\/\\\/www.livemag.it\\\/#\\\/schema\\\/logo\\\/image\\\/\",\"url\":\"https:\\\/\\\/www.livemag.it\\\/wp-content\\\/uploads\\\/2024\\\/02\\\/immagine-sito.jpg\",\"contentUrl\":\"https:\\\/\\\/www.livemag.it\\\/wp-content\\\/uploads\\\/2024\\\/02\\\/immagine-sito.jpg\",\"width\":696,\"height\":696,\"caption\":\"LiveMag\"},\"image\":{\"@id\":\"https:\\\/\\\/www.livemag.it\\\/#\\\/schema\\\/logo\\\/image\\\/\"},\"sameAs\":[\"https:\\\/\\\/www.facebook.com\\\/LiveMag\\\/\",\"https:\\\/\\\/x.com\\\/LiveNotizie\",\"https:\\\/\\\/www.instagram.com\\\/livemag\\\/\"]},{\"@type\":\"Person\",\"@id\":\"https:\\\/\\\/www.livemag.it\\\/#\\\/schema\\\/person\\\/b62c5f44451fdcdaeb0afe6c2424e73c\",\"name\":\"italpress\",\"image\":{\"@type\":\"ImageObject\",\"inLanguage\":\"it-IT\",\"@id\":\"https:\\\/\\\/secure.gravatar.com\\\/avatar\\\/b6a21695fc713ce7ee312cf57c97e2e641feb365be72d8745574d3c3e2b59066?s=96&r=g\",\"url\":\"https:\\\/\\\/secure.gravatar.com\\\/avatar\\\/b6a21695fc713ce7ee312cf57c97e2e641feb365be72d8745574d3c3e2b59066?s=96&r=g\",\"contentUrl\":\"https:\\\/\\\/secure.gravatar.com\\\/avatar\\\/b6a21695fc713ce7ee312cf57c97e2e641feb365be72d8745574d3c3e2b59066?s=96&r=g\",\"caption\":\"italpress\"},\"description\":\"Italpress \u00e8 un'agenzia di stampa italiana a carattere nazionale.\",\"url\":\"https:\\\/\\\/www.livemag.it\\\/index.php\\\/author\\\/italpress\\\/\"}]}<\/script>\n<!-- \/ Yoast SEO plugin. -->","yoast_head_json":{"title":"L\u2019Idf ordina l\u2019evacuazione dei civili a Gaza City - Live Magazine","robots":{"index":"index","follow":"follow","max-snippet":"max-snippet:-1","max-image-preview":"max-image-preview:large","max-video-preview":"max-video-preview:-1"},"canonical":"https:\/\/www.livemag.it\/index.php\/2025\/09\/06\/lidf-ordina-levacuazione-dei-civili-a-gaza-city\/","og_locale":"it_IT","og_type":"article","og_title":"L\u2019Idf ordina l\u2019evacuazione dei civili a Gaza City - Live Magazine","og_description":"TEL AVIV (ISRAELE) (ITALPRESS) \u2013 L\u2019esercito israeliano ha chiesto alla popolazione di Gaza City di spostarsi in \u201cuna nuova zona umanitaria\u201d a Khan Younis, a sud della Striscia di Gaza, a fronte \u201cdell\u2019espansione delle operazioni militari\u201d. \u201cResidenti di Gaza, non date retta alle affermazioni di Hamas: cogliete l\u2019occasione per trasferirvi presto nella zona umanitaria e [&hellip;]","og_url":"https:\/\/www.livemag.it\/index.php\/2025\/09\/06\/lidf-ordina-levacuazione-dei-civili-a-gaza-city\/","og_site_name":"Live Magazine","article_publisher":"https:\/\/www.facebook.com\/LiveMag\/","article_published_time":"2025-09-06T13:02:48+00:00","og_image":[{"width":1200,"height":675,"url":"https:\/\/www.livemag.it\/wp-content\/uploads\/2024\/02\/ograph.jpg","type":"image\/jpeg"}],"author":"italpress","twitter_card":"summary_large_image","twitter_creator":"@LiveNotizie","twitter_site":"@LiveNotizie","twitter_misc":{"Scritto da":"italpress","Tempo di lettura stimato":"1 minuto"},"schema":{"@context":"https:\/\/schema.org","@graph":[{"@type":"Article","@id":"https:\/\/www.livemag.it\/index.php\/2025\/09\/06\/lidf-ordina-levacuazione-dei-civili-a-gaza-city\/#article","isPartOf":{"@id":"https:\/\/www.livemag.it\/index.php\/2025\/09\/06\/lidf-ordina-levacuazione-dei-civili-a-gaza-city\/"},"author":{"name":"italpress","@id":"https:\/\/www.livemag.it\/#\/schema\/person\/b62c5f44451fdcdaeb0afe6c2424e73c"},"headline":"L\u2019Idf ordina l\u2019evacuazione dei civili a Gaza City","datePublished":"2025-09-06T13:02:48+00:00","mainEntityOfPage":{"@id":"https:\/\/www.livemag.it\/index.php\/2025\/09\/06\/lidf-ordina-levacuazione-dei-civili-a-gaza-city\/"},"wordCount":186,"publisher":{"@id":"https:\/\/www.livemag.it\/#organization"},"image":{"@id":"https:\/\/www.livemag.it\/index.php\/2025\/09\/06\/lidf-ordina-levacuazione-dei-civili-a-gaza-city\/#primaryimage"},"thumbnailUrl":"https:\/\/www.livemag.it\/wp-content\/uploads\/2025\/09\/20250906_0434.jpg","articleSection":["Mondo"],"inLanguage":"it-IT"},{"@type":"WebPage","@id":"https:\/\/www.livemag.it\/index.php\/2025\/09\/06\/lidf-ordina-levacuazione-dei-civili-a-gaza-city\/","url":"https:\/\/www.livemag.it\/index.php\/2025\/09\/06\/lidf-ordina-levacuazione-dei-civili-a-gaza-city\/","name":"L\u2019Idf ordina l\u2019evacuazione dei civili a Gaza City - Live Magazine","isPartOf":{"@id":"https:\/\/www.livemag.it\/#website"},"primaryImageOfPage":{"@id":"https:\/\/www.livemag.it\/index.php\/2025\/09\/06\/lidf-ordina-levacuazione-dei-civili-a-gaza-city\/#primaryimage"},"image":{"@id":"https:\/\/www.livemag.it\/index.php\/2025\/09\/06\/lidf-ordina-levacuazione-dei-civili-a-gaza-city\/#primaryimage"},"thumbnailUrl":"https:\/\/www.livemag.it\/wp-content\/uploads\/2025\/09\/20250906_0434.jpg","datePublished":"2025-09-06T13:02:48+00:00","breadcrumb":{"@id":"https:\/\/www.livemag.it\/index.php\/2025\/09\/06\/lidf-ordina-levacuazione-dei-civili-a-gaza-city\/#breadcrumb"},"inLanguage":"it-IT","potentialAction":[{"@type":"ReadAction","target":["https:\/\/www.livemag.it\/index.php\/2025\/09\/06\/lidf-ordina-levacuazione-dei-civili-a-gaza-city\/"]}]},{"@type":"ImageObject","inLanguage":"it-IT","@id":"https:\/\/www.livemag.it\/index.php\/2025\/09\/06\/lidf-ordina-levacuazione-dei-civili-a-gaza-city\/#primaryimage","url":"https:\/\/www.livemag.it\/wp-content\/uploads\/2025\/09\/20250906_0434.jpg","contentUrl":"https:\/\/www.livemag.it\/wp-content\/uploads\/2025\/09\/20250906_0434.jpg","width":900,"height":560},{"@type":"BreadcrumbList","@id":"https:\/\/www.livemag.it\/index.php\/2025\/09\/06\/lidf-ordina-levacuazione-dei-civili-a-gaza-city\/#breadcrumb","itemListElement":[{"@type":"ListItem","position":1,"name":"Home","item":"https:\/\/www.livemag.it\/"},{"@type":"ListItem","position":2,"name":"L\u2019Idf ordina l\u2019evacuazione dei civili a Gaza City"}]},{"@type":"WebSite","@id":"https:\/\/www.livemag.it\/#website","url":"https:\/\/www.livemag.it\/","name":"Live Magazine","description":"Varie ed eventi","publisher":{"@id":"https:\/\/www.livemag.it\/#organization"},"potentialAction":[{"@type":"SearchAction","target":{"@type":"EntryPoint","urlTemplate":"https:\/\/www.livemag.it\/?s={search_term_string}"},"query-input":{"@type":"PropertyValueSpecification","valueRequired":true,"valueName":"search_term_string"}}],"inLanguage":"it-IT"},{"@type":"Organization","@id":"https:\/\/www.livemag.it\/#organization","name":"LiveMag","alternateName":"LiveMag News ed eventi","url":"https:\/\/www.livemag.it\/","logo":{"@type":"ImageObject","inLanguage":"it-IT","@id":"https:\/\/www.livemag.it\/#\/schema\/logo\/image\/","url":"https:\/\/www.livemag.it\/wp-content\/uploads\/2024\/02\/immagine-sito.jpg","contentUrl":"https:\/\/www.livemag.it\/wp-content\/uploads\/2024\/02\/immagine-sito.jpg","width":696,"height":696,"caption":"LiveMag"},"image":{"@id":"https:\/\/www.livemag.it\/#\/schema\/logo\/image\/"},"sameAs":["https:\/\/www.facebook.com\/LiveMag\/","https:\/\/x.com\/LiveNotizie","https:\/\/www.instagram.com\/livemag\/"]},{"@type":"Person","@id":"https:\/\/www.livemag.it\/#\/schema\/person\/b62c5f44451fdcdaeb0afe6c2424e73c","name":"italpress","image":{"@type":"ImageObject","inLanguage":"it-IT","@id":"https:\/\/secure.gravatar.com\/avatar\/b6a21695fc713ce7ee312cf57c97e2e641feb365be72d8745574d3c3e2b59066?s=96&r=g","url":"https:\/\/secure.gravatar.com\/avatar\/b6a21695fc713ce7ee312cf57c97e2e641feb365be72d8745574d3c3e2b59066?s=96&r=g","contentUrl":"https:\/\/secure.gravatar.com\/avatar\/b6a21695fc713ce7ee312cf57c97e2e641feb365be72d8745574d3c3e2b59066?s=96&r=g","caption":"italpress"},"description":"Italpress \u00e8 un'agenzia di stampa italiana a carattere nazionale.","url":"https:\/\/www.livemag.it\/index.php\/author\/italpress\/"}]}},"jetpack_featured_media_url":"https:\/\/www.livemag.it\/wp-content\/uploads\/2025\/09\/20250906_0434.jpg","_links":{"self":[{"href":"https:\/\/www.livemag.it\/index.php\/wp-json\/wp\/v2\/posts\/58288","targetHints":{"allow":["GET"]}}],"collection":[{"href":"https:\/\/www.livemag.it\/index.php\/wp-json\/wp\/v2\/posts"}],"about":[{"href":"https:\/\/www.livemag.it\/index.php\/wp-json\/wp\/v2\/types\/post"}],"author":[{"embeddable":true,"href":"https:\/\/www.livemag.it\/index.php\/wp-json\/wp\/v2\/users\/16"}],"replies":[{"embeddable":true,"href":"https:\/\/www.livemag.it\/index.php\/wp-json\/wp\/v2\/comments?post=58288"}],"version-history":[{"count":0,"href":"https:\/\/www.livemag.it\/index.php\/wp-json\/wp\/v2\/posts\/58288\/revisions"}],"wp:featuredmedia":[{"embeddable":true,"href":"https:\/\/www.livemag.it\/index.php\/wp-json\/wp\/v2\/media\/58289"}],"wp:attachment":[{"href":"https:\/\/www.livemag.it\/index.php\/wp-json\/wp\/v2\/media?parent=58288"}],"wp:term":[{"taxonomy":"category","embeddable":true,"href":"https:\/\/www.livemag.it\/index.php\/wp-json\/wp\/v2\/categories?post=58288"},{"taxonomy":"post_tag","embeddable":true,"href":"https:\/\/www.livemag.it\/index.php\/wp-json\/wp\/v2\/tags?post=58288"}],"curies":[{"name":"wp","href":"https:\/\/api.w.org\/{rel}","templated":true}]}}