{"id":58174,"date":"2025-09-04T19:13:42","date_gmt":"2025-09-04T17:13:42","guid":{"rendered":"https:\/\/www.livemag.it\/?p=58174"},"modified":"2025-09-04T19:13:48","modified_gmt":"2025-09-04T17:13:48","slug":"lutto-nel-mondo-della-moda-sante-versace-dedica-una-lettera-a-giorgio-armani","status":"publish","type":"post","link":"https:\/\/www.livemag.it\/index.php\/2025\/09\/04\/lutto-nel-mondo-della-moda-sante-versace-dedica-una-lettera-a-giorgio-armani\/","title":{"rendered":"Lutto nel mondo della Moda, Sante Versace dedica una lettera a Giorgio Armani"},"content":{"rendered":"\n<p>Lutto nel mondo della moda. Oggi, gioved\u00ec 4 settembre, a 91 anni, \u00e8 venuto a mancare Giorgio Armani, stilista leggendario, ideatore dello stile contemporaneo. A ricordarlo, attraverso una lettera molto commovente, un altro importantissimo nome del mondo della moda, Santo Versace:<br><em><br>\u201cCaro Giorgio, la notizia della tua scomparsa mi ha lasciato senza parole. Non molto tempo fa ci siamo riabbracciati e detti il bene che ci volevamo. Quando penso a te non penso alla rivalit\u00e0 che i giornalisti amavano tanto enfatizzare ma al profondo rispetto che ci ha sempre legato e che non \u00e8 mai venuto meno. Penso ai primi anni Ottanta, quando insieme stavamo ridefinendo ci\u00f2 che significava essere italiani nel mondo. Eravamo giovani, pieni di sogni e di quella sana follia che solo chi crea pu\u00f2 comprendere. Ricordo le nostre sfilate e i nostri confronti sullo stile e le collezioni. Tu con la tua eleganza essenziale, Gianni con il suo genio esuberante, io con la mia dedizione per i numeri. Tre visioni diverse, ma unite dallo stesso amore per la bellezza e per l\u2019Italia. Non posso dimenticare la tua presenza, con quel tuo fare riservato ma profondamente sincero, quando Gianni se ne \u00e8 andato. Ora che anche tu hai intrapreso questo viaggio senza ritorno, chi ricorder\u00e0 con me quel mondo in cui tutto era possibile? La moda perde uno dei suoi pilastri, ma io perdo un pezzo della mia storia, della nostra storia. Le tue collezioni non sono semplici vestiti ma poesie silenziose che parlano di potere discreto, di eleganza interiore, di bellezza senza tempo. Insieme a Gianni, avete creato un dialogo perfetto tra esuberanza e minimalismo che ha definito un\u2019epoca. Ora vi ritrovate, tu e il mio amato fratello, lass\u00f9. Immagino gi\u00e0 le vostre discussioni appassionate su quale sia il tessuto pi\u00f9 adatto per le nuvole o il colore perfetto per un tramonto paradisiaco. Alla tua famiglia, a tutti coloro che hanno camminato al tuo fianco, porgo il mio abbraccio pi\u00f9 stretto. Il tuo ricordo vivr\u00e0 per sempre non solo attraverso i tuoi capolavori, ma attraverso l\u2019affetto indelebile che hai lasciato in chi, come me, ha avuto il privilegio di condividere con te questa straordinaria avventura. Addio, caro Giorgio. D\u00ec a Gianni che mi manca terribilmente. Con il cuore spezzato ma pieno di gratitudine per averti conosciuto, Santo Versace\u201d<\/em><\/p>\n\n\n\n<p><\/p>\n","protected":false},"excerpt":{"rendered":"<p>Lutto nel mondo della moda. Oggi, gioved\u00ec 4 settembre, a 91 anni, \u00e8 venuto a mancare Giorgio Armani, stilista leggendario, ideatore dello stile contemporaneo. A ricordarlo, attraverso una lettera molto commovente, un altro importantissimo nome del mondo della moda, Santo Versace:\u201cCaro Giorgio, la notizia della tua scomparsa mi ha lasciato senza parole. Non molto tempo [&hellip;]<\/p>\n","protected":false},"author":19,"featured_media":58175,"comment_status":"open","ping_status":"open","sticky":false,"template":"","format":"standard","meta":{"jnews-multi-image_gallery":[],"jnews_single_post":{"format":"standard"},"jnews_primary_category":[],"jnews_social_meta":[],"jnews_override_counter":[],"jnews_post_split":[],"footnotes":""},"categories":[9,1],"tags":[6663],"class_list":["post-58174","post","type-post","status-publish","format-standard","has-post-thumbnail","hentry","category-costume-e-societa","category-senza-categoria","tag-giorgio-armani"],"yoast_head":"<!-- This site is optimized with the Yoast SEO plugin v27.5 - https:\/\/yoast.com\/product\/yoast-seo-wordpress\/ -->\n<title>Lutto nel mondo della Moda, Sante Versace dedica una lettera a Giorgio Armani - Live Magazine<\/title>\n<meta name=\"robots\" content=\"index, follow, max-snippet:-1, max-image-preview:large, max-video-preview:-1\" \/>\n<link rel=\"canonical\" href=\"https:\/\/www.livemag.it\/index.php\/2025\/09\/04\/lutto-nel-mondo-della-moda-sante-versace-dedica-una-lettera-a-giorgio-armani\/\" \/>\n<meta property=\"og:locale\" content=\"it_IT\" \/>\n<meta property=\"og:type\" content=\"article\" \/>\n<meta property=\"og:title\" content=\"Lutto nel mondo della Moda, Sante Versace dedica una lettera a Giorgio Armani - Live Magazine\" \/>\n<meta property=\"og:description\" content=\"Lutto nel mondo della moda. Oggi, gioved\u00ec 4 settembre, a 91 anni, \u00e8 venuto a mancare Giorgio Armani, stilista leggendario, ideatore dello stile contemporaneo. A ricordarlo, attraverso una lettera molto commovente, un altro importantissimo nome del mondo della moda, Santo Versace:\u201cCaro Giorgio, la notizia della tua scomparsa mi ha lasciato senza parole. Non molto tempo [&hellip;]\" \/>\n<meta property=\"og:url\" content=\"https:\/\/www.livemag.it\/index.php\/2025\/09\/04\/lutto-nel-mondo-della-moda-sante-versace-dedica-una-lettera-a-giorgio-armani\/\" \/>\n<meta property=\"og:site_name\" content=\"Live Magazine\" \/>\n<meta property=\"article:publisher\" content=\"https:\/\/www.facebook.com\/LiveMag\/\" \/>\n<meta property=\"article:published_time\" content=\"2025-09-04T17:13:42+00:00\" \/>\n<meta property=\"article:modified_time\" content=\"2025-09-04T17:13:48+00:00\" \/>\n<meta property=\"og:image\" content=\"https:\/\/www.livemag.it\/wp-content\/uploads\/2025\/09\/08e76079-0b60-4a38-8109-1df147e081b8.jpeg\" \/>\n\t<meta property=\"og:image:width\" content=\"1079\" \/>\n\t<meta property=\"og:image:height\" content=\"969\" \/>\n\t<meta property=\"og:image:type\" content=\"image\/jpeg\" \/>\n<meta name=\"author\" content=\"Tommaso Martinelli\" \/>\n<meta name=\"twitter:card\" content=\"summary_large_image\" \/>\n<meta name=\"twitter:creator\" content=\"@LiveNotizie\" \/>\n<meta name=\"twitter:site\" content=\"@LiveNotizie\" \/>\n<meta name=\"twitter:label1\" content=\"Scritto da\" \/>\n\t<meta name=\"twitter:data1\" content=\"Tommaso Martinelli\" \/>\n\t<meta name=\"twitter:label2\" content=\"Tempo di lettura stimato\" \/>\n\t<meta name=\"twitter:data2\" content=\"3 minuti\" \/>\n<script type=\"application\/ld+json\" class=\"yoast-schema-graph\">{\"@context\":\"https:\\\/\\\/schema.org\",\"@graph\":[{\"@type\":\"Article\",\"@id\":\"https:\\\/\\\/www.livemag.it\\\/index.php\\\/2025\\\/09\\\/04\\\/lutto-nel-mondo-della-moda-sante-versace-dedica-una-lettera-a-giorgio-armani\\\/#article\",\"isPartOf\":{\"@id\":\"https:\\\/\\\/www.livemag.it\\\/index.php\\\/2025\\\/09\\\/04\\\/lutto-nel-mondo-della-moda-sante-versace-dedica-una-lettera-a-giorgio-armani\\\/\"},\"author\":{\"name\":\"Tommaso Martinelli\",\"@id\":\"https:\\\/\\\/www.livemag.it\\\/#\\\/schema\\\/person\\\/64e4d99deedbca0ff0431c5475ed3d7c\"},\"headline\":\"Lutto nel mondo della Moda, Sante Versace dedica una lettera a Giorgio Armani\",\"datePublished\":\"2025-09-04T17:13:42+00:00\",\"dateModified\":\"2025-09-04T17:13:48+00:00\",\"mainEntityOfPage\":{\"@id\":\"https:\\\/\\\/www.livemag.it\\\/index.php\\\/2025\\\/09\\\/04\\\/lutto-nel-mondo-della-moda-sante-versace-dedica-una-lettera-a-giorgio-armani\\\/\"},\"wordCount\":393,\"commentCount\":0,\"publisher\":{\"@id\":\"https:\\\/\\\/www.livemag.it\\\/#organization\"},\"image\":{\"@id\":\"https:\\\/\\\/www.livemag.it\\\/index.php\\\/2025\\\/09\\\/04\\\/lutto-nel-mondo-della-moda-sante-versace-dedica-una-lettera-a-giorgio-armani\\\/#primaryimage\"},\"thumbnailUrl\":\"https:\\\/\\\/www.livemag.it\\\/wp-content\\\/uploads\\\/2025\\\/09\\\/08e76079-0b60-4a38-8109-1df147e081b8.jpeg\",\"keywords\":[\"Giorgio Armani\"],\"articleSection\":[\"Costume e Societ\u00e0\"],\"inLanguage\":\"it-IT\",\"potentialAction\":[{\"@type\":\"CommentAction\",\"name\":\"Comment\",\"target\":[\"https:\\\/\\\/www.livemag.it\\\/index.php\\\/2025\\\/09\\\/04\\\/lutto-nel-mondo-della-moda-sante-versace-dedica-una-lettera-a-giorgio-armani\\\/#respond\"]}]},{\"@type\":\"WebPage\",\"@id\":\"https:\\\/\\\/www.livemag.it\\\/index.php\\\/2025\\\/09\\\/04\\\/lutto-nel-mondo-della-moda-sante-versace-dedica-una-lettera-a-giorgio-armani\\\/\",\"url\":\"https:\\\/\\\/www.livemag.it\\\/index.php\\\/2025\\\/09\\\/04\\\/lutto-nel-mondo-della-moda-sante-versace-dedica-una-lettera-a-giorgio-armani\\\/\",\"name\":\"Lutto nel mondo della Moda, Sante Versace dedica una lettera a Giorgio Armani - Live Magazine\",\"isPartOf\":{\"@id\":\"https:\\\/\\\/www.livemag.it\\\/#website\"},\"primaryImageOfPage\":{\"@id\":\"https:\\\/\\\/www.livemag.it\\\/index.php\\\/2025\\\/09\\\/04\\\/lutto-nel-mondo-della-moda-sante-versace-dedica-una-lettera-a-giorgio-armani\\\/#primaryimage\"},\"image\":{\"@id\":\"https:\\\/\\\/www.livemag.it\\\/index.php\\\/2025\\\/09\\\/04\\\/lutto-nel-mondo-della-moda-sante-versace-dedica-una-lettera-a-giorgio-armani\\\/#primaryimage\"},\"thumbnailUrl\":\"https:\\\/\\\/www.livemag.it\\\/wp-content\\\/uploads\\\/2025\\\/09\\\/08e76079-0b60-4a38-8109-1df147e081b8.jpeg\",\"datePublished\":\"2025-09-04T17:13:42+00:00\",\"dateModified\":\"2025-09-04T17:13:48+00:00\",\"breadcrumb\":{\"@id\":\"https:\\\/\\\/www.livemag.it\\\/index.php\\\/2025\\\/09\\\/04\\\/lutto-nel-mondo-della-moda-sante-versace-dedica-una-lettera-a-giorgio-armani\\\/#breadcrumb\"},\"inLanguage\":\"it-IT\",\"potentialAction\":[{\"@type\":\"ReadAction\",\"target\":[\"https:\\\/\\\/www.livemag.it\\\/index.php\\\/2025\\\/09\\\/04\\\/lutto-nel-mondo-della-moda-sante-versace-dedica-una-lettera-a-giorgio-armani\\\/\"]}]},{\"@type\":\"ImageObject\",\"inLanguage\":\"it-IT\",\"@id\":\"https:\\\/\\\/www.livemag.it\\\/index.php\\\/2025\\\/09\\\/04\\\/lutto-nel-mondo-della-moda-sante-versace-dedica-una-lettera-a-giorgio-armani\\\/#primaryimage\",\"url\":\"https:\\\/\\\/www.livemag.it\\\/wp-content\\\/uploads\\\/2025\\\/09\\\/08e76079-0b60-4a38-8109-1df147e081b8.jpeg\",\"contentUrl\":\"https:\\\/\\\/www.livemag.it\\\/wp-content\\\/uploads\\\/2025\\\/09\\\/08e76079-0b60-4a38-8109-1df147e081b8.jpeg\",\"width\":1079,\"height\":969},{\"@type\":\"BreadcrumbList\",\"@id\":\"https:\\\/\\\/www.livemag.it\\\/index.php\\\/2025\\\/09\\\/04\\\/lutto-nel-mondo-della-moda-sante-versace-dedica-una-lettera-a-giorgio-armani\\\/#breadcrumb\",\"itemListElement\":[{\"@type\":\"ListItem\",\"position\":1,\"name\":\"Home\",\"item\":\"https:\\\/\\\/www.livemag.it\\\/\"},{\"@type\":\"ListItem\",\"position\":2,\"name\":\"Lutto nel mondo della Moda, Sante Versace dedica una lettera a Giorgio Armani\"}]},{\"@type\":\"WebSite\",\"@id\":\"https:\\\/\\\/www.livemag.it\\\/#website\",\"url\":\"https:\\\/\\\/www.livemag.it\\\/\",\"name\":\"Live Magazine\",\"description\":\"Varie ed eventi\",\"publisher\":{\"@id\":\"https:\\\/\\\/www.livemag.it\\\/#organization\"},\"potentialAction\":[{\"@type\":\"SearchAction\",\"target\":{\"@type\":\"EntryPoint\",\"urlTemplate\":\"https:\\\/\\\/www.livemag.it\\\/?s={search_term_string}\"},\"query-input\":{\"@type\":\"PropertyValueSpecification\",\"valueRequired\":true,\"valueName\":\"search_term_string\"}}],\"inLanguage\":\"it-IT\"},{\"@type\":\"Organization\",\"@id\":\"https:\\\/\\\/www.livemag.it\\\/#organization\",\"name\":\"LiveMag\",\"alternateName\":\"LiveMag News ed eventi\",\"url\":\"https:\\\/\\\/www.livemag.it\\\/\",\"logo\":{\"@type\":\"ImageObject\",\"inLanguage\":\"it-IT\",\"@id\":\"https:\\\/\\\/www.livemag.it\\\/#\\\/schema\\\/logo\\\/image\\\/\",\"url\":\"https:\\\/\\\/www.livemag.it\\\/wp-content\\\/uploads\\\/2024\\\/02\\\/immagine-sito.jpg\",\"contentUrl\":\"https:\\\/\\\/www.livemag.it\\\/wp-content\\\/uploads\\\/2024\\\/02\\\/immagine-sito.jpg\",\"width\":696,\"height\":696,\"caption\":\"LiveMag\"},\"image\":{\"@id\":\"https:\\\/\\\/www.livemag.it\\\/#\\\/schema\\\/logo\\\/image\\\/\"},\"sameAs\":[\"https:\\\/\\\/www.facebook.com\\\/LiveMag\\\/\",\"https:\\\/\\\/x.com\\\/LiveNotizie\",\"https:\\\/\\\/www.instagram.com\\\/livemag\\\/\"]},{\"@type\":\"Person\",\"@id\":\"https:\\\/\\\/www.livemag.it\\\/#\\\/schema\\\/person\\\/64e4d99deedbca0ff0431c5475ed3d7c\",\"name\":\"Tommaso Martinelli\",\"image\":{\"@type\":\"ImageObject\",\"inLanguage\":\"it-IT\",\"@id\":\"https:\\\/\\\/secure.gravatar.com\\\/avatar\\\/3a50ee1f7a8c55711405ad56929346424a6313702660992000bae98f19cfc216?s=96&r=g\",\"url\":\"https:\\\/\\\/secure.gravatar.com\\\/avatar\\\/3a50ee1f7a8c55711405ad56929346424a6313702660992000bae98f19cfc216?s=96&r=g\",\"contentUrl\":\"https:\\\/\\\/secure.gravatar.com\\\/avatar\\\/3a50ee1f7a8c55711405ad56929346424a6313702660992000bae98f19cfc216?s=96&r=g\",\"caption\":\"Tommaso Martinelli\"},\"description\":\"giornalista, press office\",\"url\":\"https:\\\/\\\/www.livemag.it\\\/index.php\\\/author\\\/tommaso-martinelli\\\/\"}]}<\/script>\n<!-- \/ Yoast SEO plugin. -->","yoast_head_json":{"title":"Lutto nel mondo della Moda, Sante Versace dedica una lettera a Giorgio Armani - Live Magazine","robots":{"index":"index","follow":"follow","max-snippet":"max-snippet:-1","max-image-preview":"max-image-preview:large","max-video-preview":"max-video-preview:-1"},"canonical":"https:\/\/www.livemag.it\/index.php\/2025\/09\/04\/lutto-nel-mondo-della-moda-sante-versace-dedica-una-lettera-a-giorgio-armani\/","og_locale":"it_IT","og_type":"article","og_title":"Lutto nel mondo della Moda, Sante Versace dedica una lettera a Giorgio Armani - Live Magazine","og_description":"Lutto nel mondo della moda. Oggi, gioved\u00ec 4 settembre, a 91 anni, \u00e8 venuto a mancare Giorgio Armani, stilista leggendario, ideatore dello stile contemporaneo. A ricordarlo, attraverso una lettera molto commovente, un altro importantissimo nome del mondo della moda, Santo Versace:\u201cCaro Giorgio, la notizia della tua scomparsa mi ha lasciato senza parole. Non molto tempo [&hellip;]","og_url":"https:\/\/www.livemag.it\/index.php\/2025\/09\/04\/lutto-nel-mondo-della-moda-sante-versace-dedica-una-lettera-a-giorgio-armani\/","og_site_name":"Live Magazine","article_publisher":"https:\/\/www.facebook.com\/LiveMag\/","article_published_time":"2025-09-04T17:13:42+00:00","article_modified_time":"2025-09-04T17:13:48+00:00","og_image":[{"width":1079,"height":969,"url":"https:\/\/www.livemag.it\/wp-content\/uploads\/2025\/09\/08e76079-0b60-4a38-8109-1df147e081b8.jpeg","type":"image\/jpeg"}],"author":"Tommaso Martinelli","twitter_card":"summary_large_image","twitter_creator":"@LiveNotizie","twitter_site":"@LiveNotizie","twitter_misc":{"Scritto da":"Tommaso Martinelli","Tempo di lettura stimato":"3 minuti"},"schema":{"@context":"https:\/\/schema.org","@graph":[{"@type":"Article","@id":"https:\/\/www.livemag.it\/index.php\/2025\/09\/04\/lutto-nel-mondo-della-moda-sante-versace-dedica-una-lettera-a-giorgio-armani\/#article","isPartOf":{"@id":"https:\/\/www.livemag.it\/index.php\/2025\/09\/04\/lutto-nel-mondo-della-moda-sante-versace-dedica-una-lettera-a-giorgio-armani\/"},"author":{"name":"Tommaso Martinelli","@id":"https:\/\/www.livemag.it\/#\/schema\/person\/64e4d99deedbca0ff0431c5475ed3d7c"},"headline":"Lutto nel mondo della Moda, Sante Versace dedica una lettera a Giorgio Armani","datePublished":"2025-09-04T17:13:42+00:00","dateModified":"2025-09-04T17:13:48+00:00","mainEntityOfPage":{"@id":"https:\/\/www.livemag.it\/index.php\/2025\/09\/04\/lutto-nel-mondo-della-moda-sante-versace-dedica-una-lettera-a-giorgio-armani\/"},"wordCount":393,"commentCount":0,"publisher":{"@id":"https:\/\/www.livemag.it\/#organization"},"image":{"@id":"https:\/\/www.livemag.it\/index.php\/2025\/09\/04\/lutto-nel-mondo-della-moda-sante-versace-dedica-una-lettera-a-giorgio-armani\/#primaryimage"},"thumbnailUrl":"https:\/\/www.livemag.it\/wp-content\/uploads\/2025\/09\/08e76079-0b60-4a38-8109-1df147e081b8.jpeg","keywords":["Giorgio Armani"],"articleSection":["Costume e Societ\u00e0"],"inLanguage":"it-IT","potentialAction":[{"@type":"CommentAction","name":"Comment","target":["https:\/\/www.livemag.it\/index.php\/2025\/09\/04\/lutto-nel-mondo-della-moda-sante-versace-dedica-una-lettera-a-giorgio-armani\/#respond"]}]},{"@type":"WebPage","@id":"https:\/\/www.livemag.it\/index.php\/2025\/09\/04\/lutto-nel-mondo-della-moda-sante-versace-dedica-una-lettera-a-giorgio-armani\/","url":"https:\/\/www.livemag.it\/index.php\/2025\/09\/04\/lutto-nel-mondo-della-moda-sante-versace-dedica-una-lettera-a-giorgio-armani\/","name":"Lutto nel mondo della Moda, Sante Versace dedica una lettera a Giorgio Armani - Live Magazine","isPartOf":{"@id":"https:\/\/www.livemag.it\/#website"},"primaryImageOfPage":{"@id":"https:\/\/www.livemag.it\/index.php\/2025\/09\/04\/lutto-nel-mondo-della-moda-sante-versace-dedica-una-lettera-a-giorgio-armani\/#primaryimage"},"image":{"@id":"https:\/\/www.livemag.it\/index.php\/2025\/09\/04\/lutto-nel-mondo-della-moda-sante-versace-dedica-una-lettera-a-giorgio-armani\/#primaryimage"},"thumbnailUrl":"https:\/\/www.livemag.it\/wp-content\/uploads\/2025\/09\/08e76079-0b60-4a38-8109-1df147e081b8.jpeg","datePublished":"2025-09-04T17:13:42+00:00","dateModified":"2025-09-04T17:13:48+00:00","breadcrumb":{"@id":"https:\/\/www.livemag.it\/index.php\/2025\/09\/04\/lutto-nel-mondo-della-moda-sante-versace-dedica-una-lettera-a-giorgio-armani\/#breadcrumb"},"inLanguage":"it-IT","potentialAction":[{"@type":"ReadAction","target":["https:\/\/www.livemag.it\/index.php\/2025\/09\/04\/lutto-nel-mondo-della-moda-sante-versace-dedica-una-lettera-a-giorgio-armani\/"]}]},{"@type":"ImageObject","inLanguage":"it-IT","@id":"https:\/\/www.livemag.it\/index.php\/2025\/09\/04\/lutto-nel-mondo-della-moda-sante-versace-dedica-una-lettera-a-giorgio-armani\/#primaryimage","url":"https:\/\/www.livemag.it\/wp-content\/uploads\/2025\/09\/08e76079-0b60-4a38-8109-1df147e081b8.jpeg","contentUrl":"https:\/\/www.livemag.it\/wp-content\/uploads\/2025\/09\/08e76079-0b60-4a38-8109-1df147e081b8.jpeg","width":1079,"height":969},{"@type":"BreadcrumbList","@id":"https:\/\/www.livemag.it\/index.php\/2025\/09\/04\/lutto-nel-mondo-della-moda-sante-versace-dedica-una-lettera-a-giorgio-armani\/#breadcrumb","itemListElement":[{"@type":"ListItem","position":1,"name":"Home","item":"https:\/\/www.livemag.it\/"},{"@type":"ListItem","position":2,"name":"Lutto nel mondo della Moda, Sante Versace dedica una lettera a Giorgio Armani"}]},{"@type":"WebSite","@id":"https:\/\/www.livemag.it\/#website","url":"https:\/\/www.livemag.it\/","name":"Live Magazine","description":"Varie ed eventi","publisher":{"@id":"https:\/\/www.livemag.it\/#organization"},"potentialAction":[{"@type":"SearchAction","target":{"@type":"EntryPoint","urlTemplate":"https:\/\/www.livemag.it\/?s={search_term_string}"},"query-input":{"@type":"PropertyValueSpecification","valueRequired":true,"valueName":"search_term_string"}}],"inLanguage":"it-IT"},{"@type":"Organization","@id":"https:\/\/www.livemag.it\/#organization","name":"LiveMag","alternateName":"LiveMag News ed eventi","url":"https:\/\/www.livemag.it\/","logo":{"@type":"ImageObject","inLanguage":"it-IT","@id":"https:\/\/www.livemag.it\/#\/schema\/logo\/image\/","url":"https:\/\/www.livemag.it\/wp-content\/uploads\/2024\/02\/immagine-sito.jpg","contentUrl":"https:\/\/www.livemag.it\/wp-content\/uploads\/2024\/02\/immagine-sito.jpg","width":696,"height":696,"caption":"LiveMag"},"image":{"@id":"https:\/\/www.livemag.it\/#\/schema\/logo\/image\/"},"sameAs":["https:\/\/www.facebook.com\/LiveMag\/","https:\/\/x.com\/LiveNotizie","https:\/\/www.instagram.com\/livemag\/"]},{"@type":"Person","@id":"https:\/\/www.livemag.it\/#\/schema\/person\/64e4d99deedbca0ff0431c5475ed3d7c","name":"Tommaso Martinelli","image":{"@type":"ImageObject","inLanguage":"it-IT","@id":"https:\/\/secure.gravatar.com\/avatar\/3a50ee1f7a8c55711405ad56929346424a6313702660992000bae98f19cfc216?s=96&r=g","url":"https:\/\/secure.gravatar.com\/avatar\/3a50ee1f7a8c55711405ad56929346424a6313702660992000bae98f19cfc216?s=96&r=g","contentUrl":"https:\/\/secure.gravatar.com\/avatar\/3a50ee1f7a8c55711405ad56929346424a6313702660992000bae98f19cfc216?s=96&r=g","caption":"Tommaso Martinelli"},"description":"giornalista, press office","url":"https:\/\/www.livemag.it\/index.php\/author\/tommaso-martinelli\/"}]}},"jetpack_featured_media_url":"https:\/\/www.livemag.it\/wp-content\/uploads\/2025\/09\/08e76079-0b60-4a38-8109-1df147e081b8.jpeg","_links":{"self":[{"href":"https:\/\/www.livemag.it\/index.php\/wp-json\/wp\/v2\/posts\/58174","targetHints":{"allow":["GET"]}}],"collection":[{"href":"https:\/\/www.livemag.it\/index.php\/wp-json\/wp\/v2\/posts"}],"about":[{"href":"https:\/\/www.livemag.it\/index.php\/wp-json\/wp\/v2\/types\/post"}],"author":[{"embeddable":true,"href":"https:\/\/www.livemag.it\/index.php\/wp-json\/wp\/v2\/users\/19"}],"replies":[{"embeddable":true,"href":"https:\/\/www.livemag.it\/index.php\/wp-json\/wp\/v2\/comments?post=58174"}],"version-history":[{"count":1,"href":"https:\/\/www.livemag.it\/index.php\/wp-json\/wp\/v2\/posts\/58174\/revisions"}],"predecessor-version":[{"id":58176,"href":"https:\/\/www.livemag.it\/index.php\/wp-json\/wp\/v2\/posts\/58174\/revisions\/58176"}],"wp:featuredmedia":[{"embeddable":true,"href":"https:\/\/www.livemag.it\/index.php\/wp-json\/wp\/v2\/media\/58175"}],"wp:attachment":[{"href":"https:\/\/www.livemag.it\/index.php\/wp-json\/wp\/v2\/media?parent=58174"}],"wp:term":[{"taxonomy":"category","embeddable":true,"href":"https:\/\/www.livemag.it\/index.php\/wp-json\/wp\/v2\/categories?post=58174"},{"taxonomy":"post_tag","embeddable":true,"href":"https:\/\/www.livemag.it\/index.php\/wp-json\/wp\/v2\/tags?post=58174"}],"curies":[{"name":"wp","href":"https:\/\/api.w.org\/{rel}","templated":true}]}}