{"id":58142,"date":"2025-09-04T15:02:47","date_gmt":"2025-09-04T13:02:47","guid":{"rendered":"https:\/\/www.livemag.it\/index.php\/2025\/09\/04\/cip-de-sanctis-mesi-frenetici-il-territorio-torni-protagonista\/"},"modified":"2025-09-04T15:02:47","modified_gmt":"2025-09-04T13:02:47","slug":"cip-de-sanctis-mesi-frenetici-il-territorio-torni-protagonista","status":"publish","type":"post","link":"https:\/\/www.livemag.it\/index.php\/2025\/09\/04\/cip-de-sanctis-mesi-frenetici-il-territorio-torni-protagonista\/","title":{"rendered":"<div>CIP, De Sanctis &#8220;Mesi frenetici, il territorio torni protagonista&#8221;<\/div>"},"content":{"rendered":"<p>    <video-js id=\"videojs69f195cd0262e\" class=\"vjs-big-play-centered\" controls preload=\"auto\" playsinline data-setup='{\"fluid\": true}'>\r\n        <source src=\"https:\/\/video.italpress.com\/play\/mp4\/video\/mn5E\" type=\"video\/mp4\" \/>\r\n    <\/video-js>\r\n           <br \/>\n<\/p>\n<div> ROMA (ITALPRESS) \u2013 \u201cSono stati due mesi e mezzo frenetici, non mi sono fermato un attimo perch\u00e9 dovevo innovare alcune cose. A cominciare dal territorio, che doveva tornare ad essere protagonista, avendo pi\u00f9 responsabilit\u00e0, autonomia e indipendenza. \u00c8 l\u00ec che si trovano le risorse economiche e organizzative ed \u00e8 l\u00ec che bisogna incidere per sviluppare al meglio il movimento\u201d. Cos\u00ec il presidente del Comitato italiano Paralimpico Marco Giunio De Sanctis ha commentato i suoi primi due mesi di presidenza del Cip. Il numero uno del Cip ha parlato a margine della presentazione degli Europei di Powerchair Football, \u201cun evento di uno straordinario impatto, perch\u00e9 la disabilit\u00e0 \u00e8 serissima e quando si parla di sport di questo tipo con questa disabilit\u00e0 c\u2019\u00e8 tutto dietro un mondo organizzativo che \u00e8 complesso. Poi c\u2019\u00e8 anche l\u2019impatto sociale e inclusivo: ci interessa sia arrivare tra i primi cinque e sia dare un\u2019immagine positiva al mondo dello sport e al mondo paralimpico in particolare\u201d. Infine, un commento sulla nomina di Giuseppe Fasiol come commissario straordinario del governo per le Paralimpiadi di Milano-Cortina 2026: \u201cHo aderito a quella che era la proposta del ministro. Ho visto il curriculum e quindi ho dato il mio parere. Non lo conosco personalmente, lo conosco per quello che ha fatto. Spero che si interfacci il pi\u00f9 possibile con il comitato paralimpico, perch\u00e9 possiamo dare un grosso supporto e un grosso contributo per portare avanti tutte quelle iniziative strutturali e sovrastrutturali che ancora mancano e che danno la garanzia per il buon esito della manifestazione\u201d.<\/p>\n<p>spf\/gm\/mca1<\/p><\/div>\n","protected":false},"excerpt":{"rendered":"<p>ROMA (ITALPRESS) \u2013 \u201cSono stati due mesi e mezzo frenetici, non mi sono fermato un attimo perch\u00e9 dovevo innovare alcune cose. A cominciare dal territorio, che doveva tornare ad essere protagonista, avendo pi\u00f9 responsabilit\u00e0, autonomia e indipendenza. \u00c8 l\u00ec che si trovano le risorse economiche e organizzative ed \u00e8 l\u00ec che bisogna incidere per sviluppare [&hellip;]<\/p>\n","protected":false},"author":16,"featured_media":58143,"comment_status":"closed","ping_status":"closed","sticky":false,"template":"","format":"video","meta":{"jnews-multi-image_gallery":[],"jnews_single_post":[],"jnews_primary_category":[],"jnews_social_meta":[],"jnews_override_counter":[],"jnews_post_split":[],"footnotes":""},"categories":[1171],"tags":[],"class_list":["post-58142","post","type-post","status-publish","format-video","has-post-thumbnail","hentry","category-video","post_format-post-format-video"],"yoast_head":"<!-- This site is optimized with the Yoast SEO plugin v27.5 - https:\/\/yoast.com\/product\/yoast-seo-wordpress\/ -->\n<title>CIP, De Sanctis &quot;Mesi frenetici, il territorio torni protagonista&quot; - Live Magazine<\/title>\n<meta name=\"robots\" content=\"index, follow, max-snippet:-1, max-image-preview:large, max-video-preview:-1\" \/>\n<link rel=\"canonical\" href=\"https:\/\/www.livemag.it\/index.php\/2025\/09\/04\/cip-de-sanctis-mesi-frenetici-il-territorio-torni-protagonista\/\" \/>\n<meta property=\"og:locale\" content=\"it_IT\" \/>\n<meta property=\"og:type\" content=\"article\" \/>\n<meta property=\"og:title\" content=\"CIP, De Sanctis &quot;Mesi frenetici, il territorio torni protagonista&quot; - Live Magazine\" \/>\n<meta property=\"og:description\" content=\"ROMA (ITALPRESS) \u2013 \u201cSono stati due mesi e mezzo frenetici, non mi sono fermato un attimo perch\u00e9 dovevo innovare alcune cose. A cominciare dal territorio, che doveva tornare ad essere protagonista, avendo pi\u00f9 responsabilit\u00e0, autonomia e indipendenza. \u00c8 l\u00ec che si trovano le risorse economiche e organizzative ed \u00e8 l\u00ec che bisogna incidere per sviluppare [&hellip;]\" \/>\n<meta property=\"og:url\" content=\"https:\/\/www.livemag.it\/index.php\/2025\/09\/04\/cip-de-sanctis-mesi-frenetici-il-territorio-torni-protagonista\/\" \/>\n<meta property=\"og:site_name\" content=\"Live Magazine\" \/>\n<meta property=\"article:publisher\" content=\"https:\/\/www.facebook.com\/LiveMag\/\" \/>\n<meta property=\"article:published_time\" content=\"2025-09-04T13:02:47+00:00\" \/>\n<meta property=\"og:image\" content=\"https:\/\/www.livemag.it\/wp-content\/uploads\/2024\/02\/ograph.jpg\" \/>\n\t<meta property=\"og:image:width\" content=\"1200\" \/>\n\t<meta property=\"og:image:height\" content=\"675\" \/>\n\t<meta property=\"og:image:type\" content=\"image\/jpeg\" \/>\n<meta name=\"author\" content=\"italpress\" \/>\n<meta name=\"twitter:card\" content=\"summary_large_image\" \/>\n<meta name=\"twitter:creator\" content=\"@LiveNotizie\" \/>\n<meta name=\"twitter:site\" content=\"@LiveNotizie\" \/>\n<meta name=\"twitter:label1\" content=\"Scritto da\" \/>\n\t<meta name=\"twitter:data1\" content=\"italpress\" \/>\n\t<meta name=\"twitter:label2\" content=\"Tempo di lettura stimato\" \/>\n\t<meta name=\"twitter:data2\" content=\"1 minuto\" \/>\n<script type=\"application\/ld+json\" class=\"yoast-schema-graph\">{\"@context\":\"https:\\\/\\\/schema.org\",\"@graph\":[{\"@type\":\"Article\",\"@id\":\"https:\\\/\\\/www.livemag.it\\\/index.php\\\/2025\\\/09\\\/04\\\/cip-de-sanctis-mesi-frenetici-il-territorio-torni-protagonista\\\/#article\",\"isPartOf\":{\"@id\":\"https:\\\/\\\/www.livemag.it\\\/index.php\\\/2025\\\/09\\\/04\\\/cip-de-sanctis-mesi-frenetici-il-territorio-torni-protagonista\\\/\"},\"author\":{\"name\":\"italpress\",\"@id\":\"https:\\\/\\\/www.livemag.it\\\/#\\\/schema\\\/person\\\/b62c5f44451fdcdaeb0afe6c2424e73c\"},\"headline\":\"CIP, De Sanctis &#8220;Mesi frenetici, il territorio torni protagonista&#8221;\",\"datePublished\":\"2025-09-04T13:02:47+00:00\",\"mainEntityOfPage\":{\"@id\":\"https:\\\/\\\/www.livemag.it\\\/index.php\\\/2025\\\/09\\\/04\\\/cip-de-sanctis-mesi-frenetici-il-territorio-torni-protagonista\\\/\"},\"wordCount\":274,\"publisher\":{\"@id\":\"https:\\\/\\\/www.livemag.it\\\/#organization\"},\"image\":{\"@id\":\"https:\\\/\\\/www.livemag.it\\\/index.php\\\/2025\\\/09\\\/04\\\/cip-de-sanctis-mesi-frenetici-il-territorio-torni-protagonista\\\/#primaryimage\"},\"thumbnailUrl\":\"https:\\\/\\\/www.livemag.it\\\/wp-content\\\/uploads\\\/2025\\\/09\\\/mn5E.jpg\",\"articleSection\":[\"Video\"],\"inLanguage\":\"it-IT\"},{\"@type\":\"WebPage\",\"@id\":\"https:\\\/\\\/www.livemag.it\\\/index.php\\\/2025\\\/09\\\/04\\\/cip-de-sanctis-mesi-frenetici-il-territorio-torni-protagonista\\\/\",\"url\":\"https:\\\/\\\/www.livemag.it\\\/index.php\\\/2025\\\/09\\\/04\\\/cip-de-sanctis-mesi-frenetici-il-territorio-torni-protagonista\\\/\",\"name\":\"CIP, De Sanctis \\\"Mesi frenetici, il territorio torni protagonista\\\" - Live Magazine\",\"isPartOf\":{\"@id\":\"https:\\\/\\\/www.livemag.it\\\/#website\"},\"primaryImageOfPage\":{\"@id\":\"https:\\\/\\\/www.livemag.it\\\/index.php\\\/2025\\\/09\\\/04\\\/cip-de-sanctis-mesi-frenetici-il-territorio-torni-protagonista\\\/#primaryimage\"},\"image\":{\"@id\":\"https:\\\/\\\/www.livemag.it\\\/index.php\\\/2025\\\/09\\\/04\\\/cip-de-sanctis-mesi-frenetici-il-territorio-torni-protagonista\\\/#primaryimage\"},\"thumbnailUrl\":\"https:\\\/\\\/www.livemag.it\\\/wp-content\\\/uploads\\\/2025\\\/09\\\/mn5E.jpg\",\"datePublished\":\"2025-09-04T13:02:47+00:00\",\"breadcrumb\":{\"@id\":\"https:\\\/\\\/www.livemag.it\\\/index.php\\\/2025\\\/09\\\/04\\\/cip-de-sanctis-mesi-frenetici-il-territorio-torni-protagonista\\\/#breadcrumb\"},\"inLanguage\":\"it-IT\",\"potentialAction\":[{\"@type\":\"ReadAction\",\"target\":[\"https:\\\/\\\/www.livemag.it\\\/index.php\\\/2025\\\/09\\\/04\\\/cip-de-sanctis-mesi-frenetici-il-territorio-torni-protagonista\\\/\"]}]},{\"@type\":\"ImageObject\",\"inLanguage\":\"it-IT\",\"@id\":\"https:\\\/\\\/www.livemag.it\\\/index.php\\\/2025\\\/09\\\/04\\\/cip-de-sanctis-mesi-frenetici-il-territorio-torni-protagonista\\\/#primaryimage\",\"url\":\"https:\\\/\\\/www.livemag.it\\\/wp-content\\\/uploads\\\/2025\\\/09\\\/mn5E.jpg\",\"contentUrl\":\"https:\\\/\\\/www.livemag.it\\\/wp-content\\\/uploads\\\/2025\\\/09\\\/mn5E.jpg\",\"width\":1920,\"height\":1080},{\"@type\":\"BreadcrumbList\",\"@id\":\"https:\\\/\\\/www.livemag.it\\\/index.php\\\/2025\\\/09\\\/04\\\/cip-de-sanctis-mesi-frenetici-il-territorio-torni-protagonista\\\/#breadcrumb\",\"itemListElement\":[{\"@type\":\"ListItem\",\"position\":1,\"name\":\"Home\",\"item\":\"https:\\\/\\\/www.livemag.it\\\/\"},{\"@type\":\"ListItem\",\"position\":2,\"name\":\"CIP, De Sanctis &#8220;Mesi frenetici, il territorio torni protagonista&#8221;\"}]},{\"@type\":\"WebSite\",\"@id\":\"https:\\\/\\\/www.livemag.it\\\/#website\",\"url\":\"https:\\\/\\\/www.livemag.it\\\/\",\"name\":\"Live Magazine\",\"description\":\"Varie ed eventi\",\"publisher\":{\"@id\":\"https:\\\/\\\/www.livemag.it\\\/#organization\"},\"potentialAction\":[{\"@type\":\"SearchAction\",\"target\":{\"@type\":\"EntryPoint\",\"urlTemplate\":\"https:\\\/\\\/www.livemag.it\\\/?s={search_term_string}\"},\"query-input\":{\"@type\":\"PropertyValueSpecification\",\"valueRequired\":true,\"valueName\":\"search_term_string\"}}],\"inLanguage\":\"it-IT\"},{\"@type\":\"Organization\",\"@id\":\"https:\\\/\\\/www.livemag.it\\\/#organization\",\"name\":\"LiveMag\",\"alternateName\":\"LiveMag News ed eventi\",\"url\":\"https:\\\/\\\/www.livemag.it\\\/\",\"logo\":{\"@type\":\"ImageObject\",\"inLanguage\":\"it-IT\",\"@id\":\"https:\\\/\\\/www.livemag.it\\\/#\\\/schema\\\/logo\\\/image\\\/\",\"url\":\"https:\\\/\\\/www.livemag.it\\\/wp-content\\\/uploads\\\/2024\\\/02\\\/immagine-sito.jpg\",\"contentUrl\":\"https:\\\/\\\/www.livemag.it\\\/wp-content\\\/uploads\\\/2024\\\/02\\\/immagine-sito.jpg\",\"width\":696,\"height\":696,\"caption\":\"LiveMag\"},\"image\":{\"@id\":\"https:\\\/\\\/www.livemag.it\\\/#\\\/schema\\\/logo\\\/image\\\/\"},\"sameAs\":[\"https:\\\/\\\/www.facebook.com\\\/LiveMag\\\/\",\"https:\\\/\\\/x.com\\\/LiveNotizie\",\"https:\\\/\\\/www.instagram.com\\\/livemag\\\/\"]},{\"@type\":\"Person\",\"@id\":\"https:\\\/\\\/www.livemag.it\\\/#\\\/schema\\\/person\\\/b62c5f44451fdcdaeb0afe6c2424e73c\",\"name\":\"italpress\",\"image\":{\"@type\":\"ImageObject\",\"inLanguage\":\"it-IT\",\"@id\":\"https:\\\/\\\/secure.gravatar.com\\\/avatar\\\/b6a21695fc713ce7ee312cf57c97e2e641feb365be72d8745574d3c3e2b59066?s=96&r=g\",\"url\":\"https:\\\/\\\/secure.gravatar.com\\\/avatar\\\/b6a21695fc713ce7ee312cf57c97e2e641feb365be72d8745574d3c3e2b59066?s=96&r=g\",\"contentUrl\":\"https:\\\/\\\/secure.gravatar.com\\\/avatar\\\/b6a21695fc713ce7ee312cf57c97e2e641feb365be72d8745574d3c3e2b59066?s=96&r=g\",\"caption\":\"italpress\"},\"description\":\"Italpress \u00e8 un'agenzia di stampa italiana a carattere nazionale.\",\"url\":\"https:\\\/\\\/www.livemag.it\\\/index.php\\\/author\\\/italpress\\\/\"}]}<\/script>\n<!-- \/ Yoast SEO plugin. -->","yoast_head_json":{"title":"CIP, De Sanctis \"Mesi frenetici, il territorio torni protagonista\" - Live Magazine","robots":{"index":"index","follow":"follow","max-snippet":"max-snippet:-1","max-image-preview":"max-image-preview:large","max-video-preview":"max-video-preview:-1"},"canonical":"https:\/\/www.livemag.it\/index.php\/2025\/09\/04\/cip-de-sanctis-mesi-frenetici-il-territorio-torni-protagonista\/","og_locale":"it_IT","og_type":"article","og_title":"CIP, De Sanctis \"Mesi frenetici, il territorio torni protagonista\" - Live Magazine","og_description":"ROMA (ITALPRESS) \u2013 \u201cSono stati due mesi e mezzo frenetici, non mi sono fermato un attimo perch\u00e9 dovevo innovare alcune cose. A cominciare dal territorio, che doveva tornare ad essere protagonista, avendo pi\u00f9 responsabilit\u00e0, autonomia e indipendenza. \u00c8 l\u00ec che si trovano le risorse economiche e organizzative ed \u00e8 l\u00ec che bisogna incidere per sviluppare [&hellip;]","og_url":"https:\/\/www.livemag.it\/index.php\/2025\/09\/04\/cip-de-sanctis-mesi-frenetici-il-territorio-torni-protagonista\/","og_site_name":"Live Magazine","article_publisher":"https:\/\/www.facebook.com\/LiveMag\/","article_published_time":"2025-09-04T13:02:47+00:00","og_image":[{"width":1200,"height":675,"url":"https:\/\/www.livemag.it\/wp-content\/uploads\/2024\/02\/ograph.jpg","type":"image\/jpeg"}],"author":"italpress","twitter_card":"summary_large_image","twitter_creator":"@LiveNotizie","twitter_site":"@LiveNotizie","twitter_misc":{"Scritto da":"italpress","Tempo di lettura stimato":"1 minuto"},"schema":{"@context":"https:\/\/schema.org","@graph":[{"@type":"Article","@id":"https:\/\/www.livemag.it\/index.php\/2025\/09\/04\/cip-de-sanctis-mesi-frenetici-il-territorio-torni-protagonista\/#article","isPartOf":{"@id":"https:\/\/www.livemag.it\/index.php\/2025\/09\/04\/cip-de-sanctis-mesi-frenetici-il-territorio-torni-protagonista\/"},"author":{"name":"italpress","@id":"https:\/\/www.livemag.it\/#\/schema\/person\/b62c5f44451fdcdaeb0afe6c2424e73c"},"headline":"CIP, De Sanctis &#8220;Mesi frenetici, il territorio torni protagonista&#8221;","datePublished":"2025-09-04T13:02:47+00:00","mainEntityOfPage":{"@id":"https:\/\/www.livemag.it\/index.php\/2025\/09\/04\/cip-de-sanctis-mesi-frenetici-il-territorio-torni-protagonista\/"},"wordCount":274,"publisher":{"@id":"https:\/\/www.livemag.it\/#organization"},"image":{"@id":"https:\/\/www.livemag.it\/index.php\/2025\/09\/04\/cip-de-sanctis-mesi-frenetici-il-territorio-torni-protagonista\/#primaryimage"},"thumbnailUrl":"https:\/\/www.livemag.it\/wp-content\/uploads\/2025\/09\/mn5E.jpg","articleSection":["Video"],"inLanguage":"it-IT"},{"@type":"WebPage","@id":"https:\/\/www.livemag.it\/index.php\/2025\/09\/04\/cip-de-sanctis-mesi-frenetici-il-territorio-torni-protagonista\/","url":"https:\/\/www.livemag.it\/index.php\/2025\/09\/04\/cip-de-sanctis-mesi-frenetici-il-territorio-torni-protagonista\/","name":"CIP, De Sanctis \"Mesi frenetici, il territorio torni protagonista\" - Live Magazine","isPartOf":{"@id":"https:\/\/www.livemag.it\/#website"},"primaryImageOfPage":{"@id":"https:\/\/www.livemag.it\/index.php\/2025\/09\/04\/cip-de-sanctis-mesi-frenetici-il-territorio-torni-protagonista\/#primaryimage"},"image":{"@id":"https:\/\/www.livemag.it\/index.php\/2025\/09\/04\/cip-de-sanctis-mesi-frenetici-il-territorio-torni-protagonista\/#primaryimage"},"thumbnailUrl":"https:\/\/www.livemag.it\/wp-content\/uploads\/2025\/09\/mn5E.jpg","datePublished":"2025-09-04T13:02:47+00:00","breadcrumb":{"@id":"https:\/\/www.livemag.it\/index.php\/2025\/09\/04\/cip-de-sanctis-mesi-frenetici-il-territorio-torni-protagonista\/#breadcrumb"},"inLanguage":"it-IT","potentialAction":[{"@type":"ReadAction","target":["https:\/\/www.livemag.it\/index.php\/2025\/09\/04\/cip-de-sanctis-mesi-frenetici-il-territorio-torni-protagonista\/"]}]},{"@type":"ImageObject","inLanguage":"it-IT","@id":"https:\/\/www.livemag.it\/index.php\/2025\/09\/04\/cip-de-sanctis-mesi-frenetici-il-territorio-torni-protagonista\/#primaryimage","url":"https:\/\/www.livemag.it\/wp-content\/uploads\/2025\/09\/mn5E.jpg","contentUrl":"https:\/\/www.livemag.it\/wp-content\/uploads\/2025\/09\/mn5E.jpg","width":1920,"height":1080},{"@type":"BreadcrumbList","@id":"https:\/\/www.livemag.it\/index.php\/2025\/09\/04\/cip-de-sanctis-mesi-frenetici-il-territorio-torni-protagonista\/#breadcrumb","itemListElement":[{"@type":"ListItem","position":1,"name":"Home","item":"https:\/\/www.livemag.it\/"},{"@type":"ListItem","position":2,"name":"CIP, De Sanctis &#8220;Mesi frenetici, il territorio torni protagonista&#8221;"}]},{"@type":"WebSite","@id":"https:\/\/www.livemag.it\/#website","url":"https:\/\/www.livemag.it\/","name":"Live Magazine","description":"Varie ed eventi","publisher":{"@id":"https:\/\/www.livemag.it\/#organization"},"potentialAction":[{"@type":"SearchAction","target":{"@type":"EntryPoint","urlTemplate":"https:\/\/www.livemag.it\/?s={search_term_string}"},"query-input":{"@type":"PropertyValueSpecification","valueRequired":true,"valueName":"search_term_string"}}],"inLanguage":"it-IT"},{"@type":"Organization","@id":"https:\/\/www.livemag.it\/#organization","name":"LiveMag","alternateName":"LiveMag News ed eventi","url":"https:\/\/www.livemag.it\/","logo":{"@type":"ImageObject","inLanguage":"it-IT","@id":"https:\/\/www.livemag.it\/#\/schema\/logo\/image\/","url":"https:\/\/www.livemag.it\/wp-content\/uploads\/2024\/02\/immagine-sito.jpg","contentUrl":"https:\/\/www.livemag.it\/wp-content\/uploads\/2024\/02\/immagine-sito.jpg","width":696,"height":696,"caption":"LiveMag"},"image":{"@id":"https:\/\/www.livemag.it\/#\/schema\/logo\/image\/"},"sameAs":["https:\/\/www.facebook.com\/LiveMag\/","https:\/\/x.com\/LiveNotizie","https:\/\/www.instagram.com\/livemag\/"]},{"@type":"Person","@id":"https:\/\/www.livemag.it\/#\/schema\/person\/b62c5f44451fdcdaeb0afe6c2424e73c","name":"italpress","image":{"@type":"ImageObject","inLanguage":"it-IT","@id":"https:\/\/secure.gravatar.com\/avatar\/b6a21695fc713ce7ee312cf57c97e2e641feb365be72d8745574d3c3e2b59066?s=96&r=g","url":"https:\/\/secure.gravatar.com\/avatar\/b6a21695fc713ce7ee312cf57c97e2e641feb365be72d8745574d3c3e2b59066?s=96&r=g","contentUrl":"https:\/\/secure.gravatar.com\/avatar\/b6a21695fc713ce7ee312cf57c97e2e641feb365be72d8745574d3c3e2b59066?s=96&r=g","caption":"italpress"},"description":"Italpress \u00e8 un'agenzia di stampa italiana a carattere nazionale.","url":"https:\/\/www.livemag.it\/index.php\/author\/italpress\/"}]}},"jetpack_featured_media_url":"https:\/\/www.livemag.it\/wp-content\/uploads\/2025\/09\/mn5E.jpg","_links":{"self":[{"href":"https:\/\/www.livemag.it\/index.php\/wp-json\/wp\/v2\/posts\/58142","targetHints":{"allow":["GET"]}}],"collection":[{"href":"https:\/\/www.livemag.it\/index.php\/wp-json\/wp\/v2\/posts"}],"about":[{"href":"https:\/\/www.livemag.it\/index.php\/wp-json\/wp\/v2\/types\/post"}],"author":[{"embeddable":true,"href":"https:\/\/www.livemag.it\/index.php\/wp-json\/wp\/v2\/users\/16"}],"replies":[{"embeddable":true,"href":"https:\/\/www.livemag.it\/index.php\/wp-json\/wp\/v2\/comments?post=58142"}],"version-history":[{"count":0,"href":"https:\/\/www.livemag.it\/index.php\/wp-json\/wp\/v2\/posts\/58142\/revisions"}],"wp:featuredmedia":[{"embeddable":true,"href":"https:\/\/www.livemag.it\/index.php\/wp-json\/wp\/v2\/media\/58143"}],"wp:attachment":[{"href":"https:\/\/www.livemag.it\/index.php\/wp-json\/wp\/v2\/media?parent=58142"}],"wp:term":[{"taxonomy":"category","embeddable":true,"href":"https:\/\/www.livemag.it\/index.php\/wp-json\/wp\/v2\/categories?post=58142"},{"taxonomy":"post_tag","embeddable":true,"href":"https:\/\/www.livemag.it\/index.php\/wp-json\/wp\/v2\/tags?post=58142"}],"curies":[{"name":"wp","href":"https:\/\/api.w.org\/{rel}","templated":true}]}}