{"id":58054,"date":"2025-09-03T15:02:28","date_gmt":"2025-09-03T13:02:28","guid":{"rendered":"https:\/\/www.livemag.it\/index.php\/2025\/09\/03\/venezia-marc-jacobs-con-sofia-coppola-ritratto-senza-filtri\/"},"modified":"2025-09-03T15:02:28","modified_gmt":"2025-09-03T13:02:28","slug":"venezia-marc-jacobs-con-sofia-coppola-ritratto-senza-filtri","status":"publish","type":"post","link":"https:\/\/www.livemag.it\/index.php\/2025\/09\/03\/venezia-marc-jacobs-con-sofia-coppola-ritratto-senza-filtri\/","title":{"rendered":"<div>Venezia, Marc Jacobs &#8220;Con Sofia Coppola ritratto senza filtri&#8221;<\/div>"},"content":{"rendered":"<p>    <video-js id=\"videojs69f3e396acc96\" class=\"vjs-big-play-centered\" controls preload=\"auto\" playsinline data-setup='{\"fluid\": true}'>\r\n        <source src=\"https:\/\/video.italpress.com\/play\/mp4\/video\/noyY\" type=\"video\/mp4\" \/>\r\n    <\/video-js>\r\n           <br \/>\n<\/p>\n<div> VENEZIA (ITALPRESS) &#8211; Alla Mostra del Cinema \u00e8 stato presentato il documentario che Sofia Coppola ha dedicato a Marc Jacobs, amico di lunga data e icona della moda internazionale. Un lavoro intimo, lontano dalle convenzioni del genere, che restituisce la personalit\u00e0 dello stilista attraverso uno sguardo diretto e personale.<br \/>\n&#8220;\u00c8 stato molto facile dire s\u00ec a Sofia. Mi sento a mio agio con lei e siamo amici da tanto tempo&#8221;, ha raccontato Jacobs in conferenza stampa. &#8220;Non le ho chiesto nulla in particolare: mi sono semplicemente lasciato seguire nelle cose che facevo, aspettandomi di vedere non solo ci\u00f2 che avrebbe registrato, ma anche quello che avrebbe colto del mio passato e delle mie ispirazioni\u00bb.<br \/>\nIl designer definisce il risultato \u00abun bellissimo ritratto&#8221;, capace di riportare alla memoria l\u2019atmosfera degli anni Novanta, quando conobbe Coppola. &#8220;C\u2019era una semplicit\u00e0 che era fantastica. Oggi il mondo \u00e8 cambiato, spesso in modi spaventosi, ma resta importante ricordare che si pu\u00f2 ritrovare quella sensazione di naturalezza&#8221;.<br \/>\nJacobs ha scelto di mostrarsi senza filtri: &#8220;Ho deciso di essere molto onesto e aperto su aspetti che altri evitano. L\u2019unico modo per non sentirmi sciocco \u00e8 essere franco, aperto e sincero&#8221;. La fiducia nell\u2019amica regista \u00e8 stata determinante: &#8220;Sapevo che non sarebbe stata un\u2019intervista tradizionale alla Barbara Walters, con dettagli controversi o toni scandalistici. Non era questo il senso del progetto, e non mi sono mai sentito a disagio&#8221;.<br \/>\n&#8220;Volevo che fosse personale, ma mai invadente&#8221;, ha spiegato Sofia Coppola, raccontando l\u2019amico Marc Jacobs che nel documentario si offre con naturalezza in un ritratto intimo e tenero, capace per\u00f2 di aprirsi al pubblico, ai curiosi e agli appassionati di moda.<br \/>\nxr7\/mgg\/azn (video di Federica Polidoro)<\/div>\n","protected":false},"excerpt":{"rendered":"<p>VENEZIA (ITALPRESS) &#8211; Alla Mostra del Cinema \u00e8 stato presentato il documentario che Sofia Coppola ha dedicato a Marc Jacobs, amico di lunga data e icona della moda internazionale. Un lavoro intimo, lontano dalle convenzioni del genere, che restituisce la personalit\u00e0 dello stilista attraverso uno sguardo diretto e personale. &#8220;\u00c8 stato molto facile dire s\u00ec [&hellip;]<\/p>\n","protected":false},"author":16,"featured_media":58055,"comment_status":"closed","ping_status":"closed","sticky":false,"template":"","format":"video","meta":{"jnews-multi-image_gallery":[],"jnews_single_post":[],"jnews_primary_category":[],"jnews_social_meta":[],"jnews_override_counter":[],"jnews_post_split":[],"footnotes":""},"categories":[1171],"tags":[],"class_list":["post-58054","post","type-post","status-publish","format-video","has-post-thumbnail","hentry","category-video","post_format-post-format-video"],"yoast_head":"<!-- This site is optimized with the Yoast SEO plugin v27.5 - https:\/\/yoast.com\/product\/yoast-seo-wordpress\/ -->\n<title>Venezia, Marc Jacobs &quot;Con Sofia Coppola ritratto senza filtri&quot; - Live Magazine<\/title>\n<meta name=\"robots\" content=\"index, follow, max-snippet:-1, max-image-preview:large, max-video-preview:-1\" \/>\n<link rel=\"canonical\" href=\"https:\/\/www.livemag.it\/index.php\/2025\/09\/03\/venezia-marc-jacobs-con-sofia-coppola-ritratto-senza-filtri\/\" \/>\n<meta property=\"og:locale\" content=\"it_IT\" \/>\n<meta property=\"og:type\" content=\"article\" \/>\n<meta property=\"og:title\" content=\"Venezia, Marc Jacobs &quot;Con Sofia Coppola ritratto senza filtri&quot; - Live Magazine\" \/>\n<meta property=\"og:description\" content=\"VENEZIA (ITALPRESS) &#8211; Alla Mostra del Cinema \u00e8 stato presentato il documentario che Sofia Coppola ha dedicato a Marc Jacobs, amico di lunga data e icona della moda internazionale. Un lavoro intimo, lontano dalle convenzioni del genere, che restituisce la personalit\u00e0 dello stilista attraverso uno sguardo diretto e personale. &#8220;\u00c8 stato molto facile dire s\u00ec [&hellip;]\" \/>\n<meta property=\"og:url\" content=\"https:\/\/www.livemag.it\/index.php\/2025\/09\/03\/venezia-marc-jacobs-con-sofia-coppola-ritratto-senza-filtri\/\" \/>\n<meta property=\"og:site_name\" content=\"Live Magazine\" \/>\n<meta property=\"article:publisher\" content=\"https:\/\/www.facebook.com\/LiveMag\/\" \/>\n<meta property=\"article:published_time\" content=\"2025-09-03T13:02:28+00:00\" \/>\n<meta property=\"og:image\" content=\"https:\/\/www.livemag.it\/wp-content\/uploads\/2024\/02\/ograph.jpg\" \/>\n\t<meta property=\"og:image:width\" content=\"1200\" \/>\n\t<meta property=\"og:image:height\" content=\"675\" \/>\n\t<meta property=\"og:image:type\" content=\"image\/jpeg\" \/>\n<meta name=\"author\" content=\"italpress\" \/>\n<meta name=\"twitter:card\" content=\"summary_large_image\" \/>\n<meta name=\"twitter:creator\" content=\"@LiveNotizie\" \/>\n<meta name=\"twitter:site\" content=\"@LiveNotizie\" \/>\n<meta name=\"twitter:label1\" content=\"Scritto da\" \/>\n\t<meta name=\"twitter:data1\" content=\"italpress\" \/>\n\t<meta name=\"twitter:label2\" content=\"Tempo di lettura stimato\" \/>\n\t<meta name=\"twitter:data2\" content=\"1 minuto\" \/>\n<script type=\"application\/ld+json\" class=\"yoast-schema-graph\">{\"@context\":\"https:\\\/\\\/schema.org\",\"@graph\":[{\"@type\":\"Article\",\"@id\":\"https:\\\/\\\/www.livemag.it\\\/index.php\\\/2025\\\/09\\\/03\\\/venezia-marc-jacobs-con-sofia-coppola-ritratto-senza-filtri\\\/#article\",\"isPartOf\":{\"@id\":\"https:\\\/\\\/www.livemag.it\\\/index.php\\\/2025\\\/09\\\/03\\\/venezia-marc-jacobs-con-sofia-coppola-ritratto-senza-filtri\\\/\"},\"author\":{\"name\":\"italpress\",\"@id\":\"https:\\\/\\\/www.livemag.it\\\/#\\\/schema\\\/person\\\/b62c5f44451fdcdaeb0afe6c2424e73c\"},\"headline\":\"Venezia, Marc Jacobs &#8220;Con Sofia Coppola ritratto senza filtri&#8221;\",\"datePublished\":\"2025-09-03T13:02:28+00:00\",\"mainEntityOfPage\":{\"@id\":\"https:\\\/\\\/www.livemag.it\\\/index.php\\\/2025\\\/09\\\/03\\\/venezia-marc-jacobs-con-sofia-coppola-ritratto-senza-filtri\\\/\"},\"wordCount\":300,\"publisher\":{\"@id\":\"https:\\\/\\\/www.livemag.it\\\/#organization\"},\"image\":{\"@id\":\"https:\\\/\\\/www.livemag.it\\\/index.php\\\/2025\\\/09\\\/03\\\/venezia-marc-jacobs-con-sofia-coppola-ritratto-senza-filtri\\\/#primaryimage\"},\"thumbnailUrl\":\"https:\\\/\\\/www.livemag.it\\\/wp-content\\\/uploads\\\/2025\\\/09\\\/noyY.jpg\",\"articleSection\":[\"Video\"],\"inLanguage\":\"it-IT\"},{\"@type\":\"WebPage\",\"@id\":\"https:\\\/\\\/www.livemag.it\\\/index.php\\\/2025\\\/09\\\/03\\\/venezia-marc-jacobs-con-sofia-coppola-ritratto-senza-filtri\\\/\",\"url\":\"https:\\\/\\\/www.livemag.it\\\/index.php\\\/2025\\\/09\\\/03\\\/venezia-marc-jacobs-con-sofia-coppola-ritratto-senza-filtri\\\/\",\"name\":\"Venezia, Marc Jacobs \\\"Con Sofia Coppola ritratto senza filtri\\\" - Live Magazine\",\"isPartOf\":{\"@id\":\"https:\\\/\\\/www.livemag.it\\\/#website\"},\"primaryImageOfPage\":{\"@id\":\"https:\\\/\\\/www.livemag.it\\\/index.php\\\/2025\\\/09\\\/03\\\/venezia-marc-jacobs-con-sofia-coppola-ritratto-senza-filtri\\\/#primaryimage\"},\"image\":{\"@id\":\"https:\\\/\\\/www.livemag.it\\\/index.php\\\/2025\\\/09\\\/03\\\/venezia-marc-jacobs-con-sofia-coppola-ritratto-senza-filtri\\\/#primaryimage\"},\"thumbnailUrl\":\"https:\\\/\\\/www.livemag.it\\\/wp-content\\\/uploads\\\/2025\\\/09\\\/noyY.jpg\",\"datePublished\":\"2025-09-03T13:02:28+00:00\",\"breadcrumb\":{\"@id\":\"https:\\\/\\\/www.livemag.it\\\/index.php\\\/2025\\\/09\\\/03\\\/venezia-marc-jacobs-con-sofia-coppola-ritratto-senza-filtri\\\/#breadcrumb\"},\"inLanguage\":\"it-IT\",\"potentialAction\":[{\"@type\":\"ReadAction\",\"target\":[\"https:\\\/\\\/www.livemag.it\\\/index.php\\\/2025\\\/09\\\/03\\\/venezia-marc-jacobs-con-sofia-coppola-ritratto-senza-filtri\\\/\"]}]},{\"@type\":\"ImageObject\",\"inLanguage\":\"it-IT\",\"@id\":\"https:\\\/\\\/www.livemag.it\\\/index.php\\\/2025\\\/09\\\/03\\\/venezia-marc-jacobs-con-sofia-coppola-ritratto-senza-filtri\\\/#primaryimage\",\"url\":\"https:\\\/\\\/www.livemag.it\\\/wp-content\\\/uploads\\\/2025\\\/09\\\/noyY.jpg\",\"contentUrl\":\"https:\\\/\\\/www.livemag.it\\\/wp-content\\\/uploads\\\/2025\\\/09\\\/noyY.jpg\",\"width\":1920,\"height\":1080},{\"@type\":\"BreadcrumbList\",\"@id\":\"https:\\\/\\\/www.livemag.it\\\/index.php\\\/2025\\\/09\\\/03\\\/venezia-marc-jacobs-con-sofia-coppola-ritratto-senza-filtri\\\/#breadcrumb\",\"itemListElement\":[{\"@type\":\"ListItem\",\"position\":1,\"name\":\"Home\",\"item\":\"https:\\\/\\\/www.livemag.it\\\/\"},{\"@type\":\"ListItem\",\"position\":2,\"name\":\"Venezia, Marc Jacobs &#8220;Con Sofia Coppola ritratto senza filtri&#8221;\"}]},{\"@type\":\"WebSite\",\"@id\":\"https:\\\/\\\/www.livemag.it\\\/#website\",\"url\":\"https:\\\/\\\/www.livemag.it\\\/\",\"name\":\"Live Magazine\",\"description\":\"Varie ed eventi\",\"publisher\":{\"@id\":\"https:\\\/\\\/www.livemag.it\\\/#organization\"},\"potentialAction\":[{\"@type\":\"SearchAction\",\"target\":{\"@type\":\"EntryPoint\",\"urlTemplate\":\"https:\\\/\\\/www.livemag.it\\\/?s={search_term_string}\"},\"query-input\":{\"@type\":\"PropertyValueSpecification\",\"valueRequired\":true,\"valueName\":\"search_term_string\"}}],\"inLanguage\":\"it-IT\"},{\"@type\":\"Organization\",\"@id\":\"https:\\\/\\\/www.livemag.it\\\/#organization\",\"name\":\"LiveMag\",\"alternateName\":\"LiveMag News ed eventi\",\"url\":\"https:\\\/\\\/www.livemag.it\\\/\",\"logo\":{\"@type\":\"ImageObject\",\"inLanguage\":\"it-IT\",\"@id\":\"https:\\\/\\\/www.livemag.it\\\/#\\\/schema\\\/logo\\\/image\\\/\",\"url\":\"https:\\\/\\\/www.livemag.it\\\/wp-content\\\/uploads\\\/2024\\\/02\\\/immagine-sito.jpg\",\"contentUrl\":\"https:\\\/\\\/www.livemag.it\\\/wp-content\\\/uploads\\\/2024\\\/02\\\/immagine-sito.jpg\",\"width\":696,\"height\":696,\"caption\":\"LiveMag\"},\"image\":{\"@id\":\"https:\\\/\\\/www.livemag.it\\\/#\\\/schema\\\/logo\\\/image\\\/\"},\"sameAs\":[\"https:\\\/\\\/www.facebook.com\\\/LiveMag\\\/\",\"https:\\\/\\\/x.com\\\/LiveNotizie\",\"https:\\\/\\\/www.instagram.com\\\/livemag\\\/\"]},{\"@type\":\"Person\",\"@id\":\"https:\\\/\\\/www.livemag.it\\\/#\\\/schema\\\/person\\\/b62c5f44451fdcdaeb0afe6c2424e73c\",\"name\":\"italpress\",\"image\":{\"@type\":\"ImageObject\",\"inLanguage\":\"it-IT\",\"@id\":\"https:\\\/\\\/secure.gravatar.com\\\/avatar\\\/b6a21695fc713ce7ee312cf57c97e2e641feb365be72d8745574d3c3e2b59066?s=96&r=g\",\"url\":\"https:\\\/\\\/secure.gravatar.com\\\/avatar\\\/b6a21695fc713ce7ee312cf57c97e2e641feb365be72d8745574d3c3e2b59066?s=96&r=g\",\"contentUrl\":\"https:\\\/\\\/secure.gravatar.com\\\/avatar\\\/b6a21695fc713ce7ee312cf57c97e2e641feb365be72d8745574d3c3e2b59066?s=96&r=g\",\"caption\":\"italpress\"},\"description\":\"Italpress \u00e8 un'agenzia di stampa italiana a carattere nazionale.\",\"url\":\"https:\\\/\\\/www.livemag.it\\\/index.php\\\/author\\\/italpress\\\/\"}]}<\/script>\n<!-- \/ Yoast SEO plugin. -->","yoast_head_json":{"title":"Venezia, Marc Jacobs \"Con Sofia Coppola ritratto senza filtri\" - Live Magazine","robots":{"index":"index","follow":"follow","max-snippet":"max-snippet:-1","max-image-preview":"max-image-preview:large","max-video-preview":"max-video-preview:-1"},"canonical":"https:\/\/www.livemag.it\/index.php\/2025\/09\/03\/venezia-marc-jacobs-con-sofia-coppola-ritratto-senza-filtri\/","og_locale":"it_IT","og_type":"article","og_title":"Venezia, Marc Jacobs \"Con Sofia Coppola ritratto senza filtri\" - Live Magazine","og_description":"VENEZIA (ITALPRESS) &#8211; Alla Mostra del Cinema \u00e8 stato presentato il documentario che Sofia Coppola ha dedicato a Marc Jacobs, amico di lunga data e icona della moda internazionale. Un lavoro intimo, lontano dalle convenzioni del genere, che restituisce la personalit\u00e0 dello stilista attraverso uno sguardo diretto e personale. &#8220;\u00c8 stato molto facile dire s\u00ec [&hellip;]","og_url":"https:\/\/www.livemag.it\/index.php\/2025\/09\/03\/venezia-marc-jacobs-con-sofia-coppola-ritratto-senza-filtri\/","og_site_name":"Live Magazine","article_publisher":"https:\/\/www.facebook.com\/LiveMag\/","article_published_time":"2025-09-03T13:02:28+00:00","og_image":[{"width":1200,"height":675,"url":"https:\/\/www.livemag.it\/wp-content\/uploads\/2024\/02\/ograph.jpg","type":"image\/jpeg"}],"author":"italpress","twitter_card":"summary_large_image","twitter_creator":"@LiveNotizie","twitter_site":"@LiveNotizie","twitter_misc":{"Scritto da":"italpress","Tempo di lettura stimato":"1 minuto"},"schema":{"@context":"https:\/\/schema.org","@graph":[{"@type":"Article","@id":"https:\/\/www.livemag.it\/index.php\/2025\/09\/03\/venezia-marc-jacobs-con-sofia-coppola-ritratto-senza-filtri\/#article","isPartOf":{"@id":"https:\/\/www.livemag.it\/index.php\/2025\/09\/03\/venezia-marc-jacobs-con-sofia-coppola-ritratto-senza-filtri\/"},"author":{"name":"italpress","@id":"https:\/\/www.livemag.it\/#\/schema\/person\/b62c5f44451fdcdaeb0afe6c2424e73c"},"headline":"Venezia, Marc Jacobs &#8220;Con Sofia Coppola ritratto senza filtri&#8221;","datePublished":"2025-09-03T13:02:28+00:00","mainEntityOfPage":{"@id":"https:\/\/www.livemag.it\/index.php\/2025\/09\/03\/venezia-marc-jacobs-con-sofia-coppola-ritratto-senza-filtri\/"},"wordCount":300,"publisher":{"@id":"https:\/\/www.livemag.it\/#organization"},"image":{"@id":"https:\/\/www.livemag.it\/index.php\/2025\/09\/03\/venezia-marc-jacobs-con-sofia-coppola-ritratto-senza-filtri\/#primaryimage"},"thumbnailUrl":"https:\/\/www.livemag.it\/wp-content\/uploads\/2025\/09\/noyY.jpg","articleSection":["Video"],"inLanguage":"it-IT"},{"@type":"WebPage","@id":"https:\/\/www.livemag.it\/index.php\/2025\/09\/03\/venezia-marc-jacobs-con-sofia-coppola-ritratto-senza-filtri\/","url":"https:\/\/www.livemag.it\/index.php\/2025\/09\/03\/venezia-marc-jacobs-con-sofia-coppola-ritratto-senza-filtri\/","name":"Venezia, Marc Jacobs \"Con Sofia Coppola ritratto senza filtri\" - Live Magazine","isPartOf":{"@id":"https:\/\/www.livemag.it\/#website"},"primaryImageOfPage":{"@id":"https:\/\/www.livemag.it\/index.php\/2025\/09\/03\/venezia-marc-jacobs-con-sofia-coppola-ritratto-senza-filtri\/#primaryimage"},"image":{"@id":"https:\/\/www.livemag.it\/index.php\/2025\/09\/03\/venezia-marc-jacobs-con-sofia-coppola-ritratto-senza-filtri\/#primaryimage"},"thumbnailUrl":"https:\/\/www.livemag.it\/wp-content\/uploads\/2025\/09\/noyY.jpg","datePublished":"2025-09-03T13:02:28+00:00","breadcrumb":{"@id":"https:\/\/www.livemag.it\/index.php\/2025\/09\/03\/venezia-marc-jacobs-con-sofia-coppola-ritratto-senza-filtri\/#breadcrumb"},"inLanguage":"it-IT","potentialAction":[{"@type":"ReadAction","target":["https:\/\/www.livemag.it\/index.php\/2025\/09\/03\/venezia-marc-jacobs-con-sofia-coppola-ritratto-senza-filtri\/"]}]},{"@type":"ImageObject","inLanguage":"it-IT","@id":"https:\/\/www.livemag.it\/index.php\/2025\/09\/03\/venezia-marc-jacobs-con-sofia-coppola-ritratto-senza-filtri\/#primaryimage","url":"https:\/\/www.livemag.it\/wp-content\/uploads\/2025\/09\/noyY.jpg","contentUrl":"https:\/\/www.livemag.it\/wp-content\/uploads\/2025\/09\/noyY.jpg","width":1920,"height":1080},{"@type":"BreadcrumbList","@id":"https:\/\/www.livemag.it\/index.php\/2025\/09\/03\/venezia-marc-jacobs-con-sofia-coppola-ritratto-senza-filtri\/#breadcrumb","itemListElement":[{"@type":"ListItem","position":1,"name":"Home","item":"https:\/\/www.livemag.it\/"},{"@type":"ListItem","position":2,"name":"Venezia, Marc Jacobs &#8220;Con Sofia Coppola ritratto senza filtri&#8221;"}]},{"@type":"WebSite","@id":"https:\/\/www.livemag.it\/#website","url":"https:\/\/www.livemag.it\/","name":"Live Magazine","description":"Varie ed eventi","publisher":{"@id":"https:\/\/www.livemag.it\/#organization"},"potentialAction":[{"@type":"SearchAction","target":{"@type":"EntryPoint","urlTemplate":"https:\/\/www.livemag.it\/?s={search_term_string}"},"query-input":{"@type":"PropertyValueSpecification","valueRequired":true,"valueName":"search_term_string"}}],"inLanguage":"it-IT"},{"@type":"Organization","@id":"https:\/\/www.livemag.it\/#organization","name":"LiveMag","alternateName":"LiveMag News ed eventi","url":"https:\/\/www.livemag.it\/","logo":{"@type":"ImageObject","inLanguage":"it-IT","@id":"https:\/\/www.livemag.it\/#\/schema\/logo\/image\/","url":"https:\/\/www.livemag.it\/wp-content\/uploads\/2024\/02\/immagine-sito.jpg","contentUrl":"https:\/\/www.livemag.it\/wp-content\/uploads\/2024\/02\/immagine-sito.jpg","width":696,"height":696,"caption":"LiveMag"},"image":{"@id":"https:\/\/www.livemag.it\/#\/schema\/logo\/image\/"},"sameAs":["https:\/\/www.facebook.com\/LiveMag\/","https:\/\/x.com\/LiveNotizie","https:\/\/www.instagram.com\/livemag\/"]},{"@type":"Person","@id":"https:\/\/www.livemag.it\/#\/schema\/person\/b62c5f44451fdcdaeb0afe6c2424e73c","name":"italpress","image":{"@type":"ImageObject","inLanguage":"it-IT","@id":"https:\/\/secure.gravatar.com\/avatar\/b6a21695fc713ce7ee312cf57c97e2e641feb365be72d8745574d3c3e2b59066?s=96&r=g","url":"https:\/\/secure.gravatar.com\/avatar\/b6a21695fc713ce7ee312cf57c97e2e641feb365be72d8745574d3c3e2b59066?s=96&r=g","contentUrl":"https:\/\/secure.gravatar.com\/avatar\/b6a21695fc713ce7ee312cf57c97e2e641feb365be72d8745574d3c3e2b59066?s=96&r=g","caption":"italpress"},"description":"Italpress \u00e8 un'agenzia di stampa italiana a carattere nazionale.","url":"https:\/\/www.livemag.it\/index.php\/author\/italpress\/"}]}},"jetpack_featured_media_url":"https:\/\/www.livemag.it\/wp-content\/uploads\/2025\/09\/noyY.jpg","_links":{"self":[{"href":"https:\/\/www.livemag.it\/index.php\/wp-json\/wp\/v2\/posts\/58054","targetHints":{"allow":["GET"]}}],"collection":[{"href":"https:\/\/www.livemag.it\/index.php\/wp-json\/wp\/v2\/posts"}],"about":[{"href":"https:\/\/www.livemag.it\/index.php\/wp-json\/wp\/v2\/types\/post"}],"author":[{"embeddable":true,"href":"https:\/\/www.livemag.it\/index.php\/wp-json\/wp\/v2\/users\/16"}],"replies":[{"embeddable":true,"href":"https:\/\/www.livemag.it\/index.php\/wp-json\/wp\/v2\/comments?post=58054"}],"version-history":[{"count":0,"href":"https:\/\/www.livemag.it\/index.php\/wp-json\/wp\/v2\/posts\/58054\/revisions"}],"wp:featuredmedia":[{"embeddable":true,"href":"https:\/\/www.livemag.it\/index.php\/wp-json\/wp\/v2\/media\/58055"}],"wp:attachment":[{"href":"https:\/\/www.livemag.it\/index.php\/wp-json\/wp\/v2\/media?parent=58054"}],"wp:term":[{"taxonomy":"category","embeddable":true,"href":"https:\/\/www.livemag.it\/index.php\/wp-json\/wp\/v2\/categories?post=58054"},{"taxonomy":"post_tag","embeddable":true,"href":"https:\/\/www.livemag.it\/index.php\/wp-json\/wp\/v2\/tags?post=58054"}],"curies":[{"name":"wp","href":"https:\/\/api.w.org\/{rel}","templated":true}]}}