{"id":58046,"date":"2025-09-03T16:34:58","date_gmt":"2025-09-03T14:34:58","guid":{"rendered":"https:\/\/www.livemag.it\/?p=58046"},"modified":"2025-09-03T16:36:18","modified_gmt":"2025-09-03T14:36:18","slug":"cine-award-2025-premia-leccellenza-italiana-del-cinema","status":"publish","type":"post","link":"https:\/\/www.livemag.it\/index.php\/2025\/09\/03\/cine-award-2025-premia-leccellenza-italiana-del-cinema\/","title":{"rendered":"Cine Award 2025 premia l\u2019eccellenza italiana del cinema"},"content":{"rendered":"\n<h2 class=\"wp-block-heading\">Venezia ospita una cerimonia unica che celebra produttori, famiglie storiche e marchi iconici, valorizzando il talento italiano e la creativit\u00e0 del cinema nel mondo, rafforzando la presenza del Made in Italy sulla scena internazionale<\/h2>\n\n\n\n<h3 class=\"wp-block-heading\">La cerimonia sulla Terrazza Atlas Concorde<\/h3>\n\n\n\n<p>Si \u00e8 svolta oggi, marted\u00ec 2 settembre 2025, sulla suggestiva <strong>Terrazza Atlas Concorde<\/strong> dell\u2019<strong>Hotel Excelsior<\/strong>, la cerimonia pomeridiana del <strong><a href=\"https:\/\/www.livemag.it\/wp-content\/uploads\/2025\/09\/Giorgio-Armaroli-mostra-del-cinema-venezia-ph-press.jpg\">Cine Award 2025<\/a><\/strong>, nell\u2019ambito della 82\u00aa Mostra Internazionale d\u2019Arte Cinematografica di Venezia. Condotta da <strong>Beppe Convertini<\/strong>, la manifestazione ha rappresentato un momento di celebrazione del cinema italiano e internazionale, unendo mito, creativit\u00e0 e passione.<br><strong>Beppe Convertini<\/strong> ha invitato sul palco il membro del Consiglio Superiore della Cinematografia, l\u2019avvocato <strong>Michele Lo Foco<\/strong>, spiegando come il suo impegno nel Consiglio Superiore della Cinematografia sia fondamentale per la crescita del settore.<\/p>\n\n\n\n<p><strong>Michele Lo Foco<\/strong> ha dichiarato: <em>\u201cSe c&#8217;\u00e8 una funzione che il cinema pu\u00f2 esercitare in maniera efficace e che ha esercitato in maniera continua, soprattutto esercitata da parte degli americani \u00e8 quella di esportare cultura e modi di vivere. Gli americani lo fanno da decenni, hanno portato nel mondo le loro bevande, i loro modi di dire, anche i loro personaggi.<\/em><\/p>\n\n\n<div class=\"wp-block-image\">\n<figure class=\"alignleft size-large is-resized\"><img fetchpriority=\"high\" decoding=\"async\" width=\"1024\" height=\"682\" src=\"https:\/\/www.livemag.it\/wp-content\/uploads\/2025\/09\/Avv-Michele-Lo-Foco-mostra-del-cinema-venezia-ph-press-1024x682.jpg\" alt=\"Avv Michele Lo Foco mostra del cinema venezia ph press\" class=\"wp-image-58047\" style=\"width:486px;height:auto\" srcset=\"https:\/\/www.livemag.it\/wp-content\/uploads\/2025\/09\/Avv-Michele-Lo-Foco-mostra-del-cinema-venezia-ph-press-1024x682.jpg 1024w, https:\/\/www.livemag.it\/wp-content\/uploads\/2025\/09\/Avv-Michele-Lo-Foco-mostra-del-cinema-venezia-ph-press-300x200.jpg 300w, https:\/\/www.livemag.it\/wp-content\/uploads\/2025\/09\/Avv-Michele-Lo-Foco-mostra-del-cinema-venezia-ph-press-768x512.jpg 768w, https:\/\/www.livemag.it\/wp-content\/uploads\/2025\/09\/Avv-Michele-Lo-Foco-mostra-del-cinema-venezia-ph-press-1536x1023.jpg 1536w, https:\/\/www.livemag.it\/wp-content\/uploads\/2025\/09\/Avv-Michele-Lo-Foco-mostra-del-cinema-venezia-ph-press-750x500.jpg 750w, https:\/\/www.livemag.it\/wp-content\/uploads\/2025\/09\/Avv-Michele-Lo-Foco-mostra-del-cinema-venezia-ph-press-1140x760.jpg 1140w, https:\/\/www.livemag.it\/wp-content\/uploads\/2025\/09\/Avv-Michele-Lo-Foco-mostra-del-cinema-venezia-ph-press.jpg 1600w\" sizes=\"(max-width: 1024px) 100vw, 1024px\" \/><figcaption class=\"wp-element-caption\">Avv Michele Lo Foco mostra del cinema venezia ph press<\/figcaption><\/figure>\n<\/div>\n\n\n<p><em>L&#8217;Italia ha fatto questo in un periodo della propria storia cinematografica che tutti conosciamo, ha esportato capolavori e negli ultimi anni invece a causa di una diversa legislazione si \u00e8 preoccupata esclusivamente di utilizzare le somme statali senza preoccuparsi del lavoro culturale. Chiunque abbia inteso questa funzione del cinema, in particolare mi riferisco ad un produttore giovane, che si chiama <strong>Iervolino<\/strong>, che ha capito che per far circolare i brand e le attivit\u00e0 nazionali che sono tante e importanti, c&#8217;\u00e8 bisogno di costruire un prodotto cinematografico che circoli nel mondo e che sia prevalentemente interpretato da attori riconosciuti e che possano superare le frontiere, non certamente da prodotti italiani modesti.<\/em><\/p>\n\n\n\n<p><em>Ora noi sappiamo che marchi famosi come <strong>Ferrari<\/strong>, <strong>Lamborghini<\/strong>, <strong>Maserati<\/strong> sono delle punte di diamante dell&#8217;industria italiana, e non sfruttarle, non farle circolare \u00e8 veramente una modalit\u00e0 per umiliare l&#8217;industria che invece ha bisogno di essere esaltata, e il cinema \u00e8 una funzione culturale che unita a quella commerciale pu\u00f2 diventare uno strumento estremamente valido, ed essendo uno strumento mondiale deve essere concepito fin dall&#8217;inizio con questo scopo, che \u00e8 esattamente quello che hanno usato le grandi compagnie americane per far circolare i loro prodotti in tutto il mondo.<\/em><\/p>\n\n\n\n<p><em>Ma per fare questo bisogna avere la capacit\u00e0 di concepire il prodotto fino all&#8217;inizio in modo tale che possa superare le barriere, perch\u00e9 non si arriva in Cina, non si arriva in Vietnam, non si arriva neanche in America se non costruendo dei prodotti adatti al pubblico, e questo \u00e8 frutto di ricerca, \u00e8 frutto di esperienza, ed \u00e8 anche ora che il cinema italiano riprenda la capacit\u00e0 di far circolare la propria arte e riconosca i meriti di chi fino ad ora lo ha fatto.\u201d<\/em><\/p>\n\n\n\n<h3 class=\"wp-block-heading\">Premiazione di famiglie e marchi iconici<\/h3>\n\n\n\n<p>Sono stati consegnati gli <strong>Italian Excellence in International Films Award 2025<\/strong>, riconoscimenti destinati a famiglie e marchi che hanno contribuito a diffondere il mito del Made in Italy attraverso il cinema.<\/p>\n\n\n<div class=\"wp-block-image\">\n<figure class=\"alignright size-large is-resized\"><img decoding=\"async\" width=\"1024\" height=\"682\" src=\"https:\/\/www.livemag.it\/wp-content\/uploads\/2025\/09\/Floriana-Gentile-mostra-del-cinema-venezia-ph-press-1024x682.jpg\" alt=\"Floriana Gentile mostra del cinema venezia ph press\" class=\"wp-image-58048\" style=\"width:481px;height:auto\" srcset=\"https:\/\/www.livemag.it\/wp-content\/uploads\/2025\/09\/Floriana-Gentile-mostra-del-cinema-venezia-ph-press-1024x682.jpg 1024w, https:\/\/www.livemag.it\/wp-content\/uploads\/2025\/09\/Floriana-Gentile-mostra-del-cinema-venezia-ph-press-300x200.jpg 300w, https:\/\/www.livemag.it\/wp-content\/uploads\/2025\/09\/Floriana-Gentile-mostra-del-cinema-venezia-ph-press-768x512.jpg 768w, https:\/\/www.livemag.it\/wp-content\/uploads\/2025\/09\/Floriana-Gentile-mostra-del-cinema-venezia-ph-press-1536x1023.jpg 1536w, https:\/\/www.livemag.it\/wp-content\/uploads\/2025\/09\/Floriana-Gentile-mostra-del-cinema-venezia-ph-press-750x500.jpg 750w, https:\/\/www.livemag.it\/wp-content\/uploads\/2025\/09\/Floriana-Gentile-mostra-del-cinema-venezia-ph-press-1140x760.jpg 1140w, https:\/\/www.livemag.it\/wp-content\/uploads\/2025\/09\/Floriana-Gentile-mostra-del-cinema-venezia-ph-press.jpg 1600w\" sizes=\"(max-width: 1024px) 100vw, 1024px\" \/><figcaption class=\"wp-element-caption\">Floriana Gentile mostra del cinema venezia ph press<\/figcaption><\/figure>\n<\/div>\n\n\n<ul class=\"wp-block-list\">\n<li><strong>Famiglia Lamborghini<\/strong>, ritirato da <strong>Elettra Lamborghini<\/strong><br><strong>Elettra Lamborghini<\/strong> ha dichiarato: <em>\u201cRicevere questo premio \u00e8 un\u2019emozione incredibile. Significa poter raccontare al mondo il percorso e i valori della nostra famiglia, un\u2019eredit\u00e0 che unisce tradizione, innovazione e passione per il design italiano.\u201d<\/em><br><strong>Roberto Alessi<\/strong>, Presidente del Comitato Amici del Cinema, ha evidenziato come il Comitato sostenga da sempre il cinema italiano e internazionale e premi marchi che contribuiscono a valorizzare il Made in Italy.<\/li>\n\n\n\n<li><strong>Famiglia Maserati<\/strong>, ritirato da <strong>Fabia e Manuel Maserati<\/strong><br><strong>Fabia<\/strong>, nipote, e suo figlio <strong>Manuel<\/strong>, pronipote di <strong>Ernesto Maserati<\/strong>, hanno accolto il riconoscimento consegnatogli da <strong>Annie Bezikian<\/strong>, sottolineando l\u2019importanza di preservare la storia e i valori della loro famiglia. <strong>Annie Bezikian<\/strong>, interprete di <em>Maserati: The Brothers<\/em>, ha dichiarato: <em>\u201cRecitare in questo film \u00e8 stata un\u2019esperienza unica. Raccontare una storia cos\u00ec legata all\u2019automotive italiano \u00e8 stato emozionante e stimolante.\u201d<\/em><\/li>\n\n\n\n<li><strong>Andrea Iervolino<\/strong><br><strong>Andrea Iervolino<\/strong> ha espresso la soddisfazione per il lavoro svolto come produttore internazionale, portando il talento italiano nel mondo e valorizzando progetti legati a marchi iconici.<\/li>\n\n\n\n<li><strong>Bobby Moresco<\/strong>, Premio Oscar 2006<br><strong>Bobby Moresco<\/strong> ha dichiarato: <em>\u201c\u00c8 un onore essere riconosciuto per il mio lavoro. Scrivere storie che uniscono cinema e leggende italiane mi permette di condividere il talento italiano con il mondo intero.\u201d<\/em><\/li>\n<\/ul>\n\n\n\n<h3 class=\"wp-block-heading\">Icone del lusso e chiusura della serata<\/h3>\n\n\n<div class=\"wp-block-image\">\n<figure class=\"alignright size-large is-resized\"><img decoding=\"async\" width=\"1024\" height=\"683\" src=\"https:\/\/www.livemag.it\/wp-content\/uploads\/2025\/09\/Tatiana-Luter-mostra-del-cinema-venezia-ph-press-1024x683.jpg\" alt=\"Tatiana Luter mostra del cinema venezia ph press\" class=\"wp-image-58051\" style=\"width:480px;height:auto\" srcset=\"https:\/\/www.livemag.it\/wp-content\/uploads\/2025\/09\/Tatiana-Luter-mostra-del-cinema-venezia-ph-press-1024x683.jpg 1024w, https:\/\/www.livemag.it\/wp-content\/uploads\/2025\/09\/Tatiana-Luter-mostra-del-cinema-venezia-ph-press-300x200.jpg 300w, https:\/\/www.livemag.it\/wp-content\/uploads\/2025\/09\/Tatiana-Luter-mostra-del-cinema-venezia-ph-press-768x512.jpg 768w, https:\/\/www.livemag.it\/wp-content\/uploads\/2025\/09\/Tatiana-Luter-mostra-del-cinema-venezia-ph-press-1536x1024.jpg 1536w, https:\/\/www.livemag.it\/wp-content\/uploads\/2025\/09\/Tatiana-Luter-mostra-del-cinema-venezia-ph-press-750x500.jpg 750w, https:\/\/www.livemag.it\/wp-content\/uploads\/2025\/09\/Tatiana-Luter-mostra-del-cinema-venezia-ph-press-1140x760.jpg 1140w, https:\/\/www.livemag.it\/wp-content\/uploads\/2025\/09\/Tatiana-Luter-mostra-del-cinema-venezia-ph-press.jpg 1620w\" sizes=\"(max-width: 1024px) 100vw, 1024px\" \/><figcaption class=\"wp-element-caption\">Tatiana Luter mostra del cinema venezia ph press<\/figcaption><\/figure>\n<\/div>\n\n\n<ul class=\"wp-block-list\">\n<li><strong>Famiglia Ferrari<\/strong>, ritirato da <strong>Tatiana Luter<\/strong><br><strong>Tatiana Luter<\/strong> ha espresso il suo orgoglio per il riconoscimento e per il ruolo di <strong>Ferrari<\/strong> come simbolo di eccellenza italiana. <strong>Marco Miglio<\/strong>, direttore di Ville e Giardini, ha sottolineato come <strong>Ferrari<\/strong> unisca stile, performance e cultura in storie che ispirano il cinema internazionale.<\/li>\n\n\n\n<li><strong>Famiglia Bugatti<\/strong>, ritirato da <strong>Floriana Gentile<\/strong><br><strong>Floriana Gentile<\/strong> ha dichiarato: <em>\u201c\u00c8 un onore ritirare questo premio a nome della famiglia. Bugatti rappresenta ingegno, eleganza e innovazione, valori che vogliamo condividere attraverso il cinema.\u201d<\/em><br><strong>Gianni Ippoliti<\/strong>, giornalista e conduttore Rai, ha ricordato come celebrare <strong>Bugatti<\/strong> significhi riconoscere la tradizione italiana che unisce talento industriale e narrazione cinematografica.<\/li>\n<\/ul>\n\n\n\n<p>A chiusura della premiazione <strong>Roberto Alessi<\/strong>, presidente del Comitato Amici per il Cinema, ha dichiarato: <em>\u201cIl caso del tax credit in Italia ci ricorda quanto sia delicato trovare un equilibrio tra il dovere di garantire regole chiare e controlli rigorosi e, allo stesso tempo, la necessit\u00e0 di non bloccare un intero settore che rappresenta un\u2019eccellenza del nostro Paese.<\/em><\/p>\n\n\n<div class=\"wp-block-image\">\n<figure class=\"alignleft size-large is-resized\"><img loading=\"lazy\" decoding=\"async\" width=\"682\" height=\"1024\" src=\"https:\/\/www.livemag.it\/wp-content\/uploads\/2025\/09\/Roberto-Alessi-e-Marco-Miglio-mostra-del-cinema-venezia-ph-press-682x1024.jpg\" alt=\"Roberto Alessi e Marco Miglio mostra del cinema venezia ph press\" class=\"wp-image-58050\" style=\"width:369px;height:auto\" srcset=\"https:\/\/www.livemag.it\/wp-content\/uploads\/2025\/09\/Roberto-Alessi-e-Marco-Miglio-mostra-del-cinema-venezia-ph-press-682x1024.jpg 682w, https:\/\/www.livemag.it\/wp-content\/uploads\/2025\/09\/Roberto-Alessi-e-Marco-Miglio-mostra-del-cinema-venezia-ph-press-200x300.jpg 200w, https:\/\/www.livemag.it\/wp-content\/uploads\/2025\/09\/Roberto-Alessi-e-Marco-Miglio-mostra-del-cinema-venezia-ph-press-768x1153.jpg 768w, https:\/\/www.livemag.it\/wp-content\/uploads\/2025\/09\/Roberto-Alessi-e-Marco-Miglio-mostra-del-cinema-venezia-ph-press-1023x1536.jpg 1023w, https:\/\/www.livemag.it\/wp-content\/uploads\/2025\/09\/Roberto-Alessi-e-Marco-Miglio-mostra-del-cinema-venezia-ph-press-750x1126.jpg 750w, https:\/\/www.livemag.it\/wp-content\/uploads\/2025\/09\/Roberto-Alessi-e-Marco-Miglio-mostra-del-cinema-venezia-ph-press.jpg 1066w\" sizes=\"(max-width: 682px) 100vw, 682px\" \/><figcaption class=\"wp-element-caption\">Roberto Alessi e Marco Miglio mostra del cinema venezia ph press<\/figcaption><\/figure>\n<\/div>\n\n\n<p><em>Le vicende di cronaca recente, dalle dimissioni di <strong>Nicola Borrelli<\/strong> fino allo scandalo legato a film mai realizzati, hanno scosso l\u2019industria, ma non devono mettere in ombra chi nel cinema lavora seriamente, mantenendo famiglie, pagando tasse e costruendo ogni giorno cultura e occupazione. Per questo, consegnare oggi un riconoscimento ad <strong>Andrea Iervolino<\/strong> significa anche affermare che il cinema italiano ha bisogno di produttori capaci, di visione internazionale, che sanno unire talento e progettualit\u00e0, portando il nome dell\u2019Italia sulle scene di tutto il mondo.<\/em><\/p>\n\n\n\n<p><em>Serve una correzione, non uno stop: continuit\u00e0, chiarezza e trasparenza devono guidare la gestione dei fondi pubblici, ma senza frenare chi sa trasformare il sostegno dello Stato in opere e opportunit\u00e0 reali per il nostro cinema.\u201d<\/em><\/p>\n\n\n\n<p>La serata si \u00e8 conclusa con i ringraziamenti di <strong>Beppe Convertini<\/strong> agli sponsor e agli organizzatori, dando appuntamento alle ore 19:30 all\u2019aperitivo e alla cena di gala con premiazione presso la <strong>Terrazza Campari<\/strong>, dove proseguiranno i festeggiamenti e verranno consegnati ulteriori prestigiosi riconoscimenti. Gli ospiti hanno condiviso le loro emozioni, sottolineando il valore di un evento che celebra il cinema e l\u2019eccellenza italiana.<\/p>\n\n\n\n<p>Il <strong>Cine Award 2025<\/strong> conferma il ruolo della Mostra di Venezia come piattaforma d\u2019eccellenza per celebrare l\u2019arte cinematografica e le icone del Made in Italy, consolidando il legame tra cultura, industria e narrazione internazionale.<\/p>\n\n\n\n<p><a href=\"https:\/\/www.instagram.com\/altomura\/00?hl=it\" target=\"_blank\" rel=\"noreferrer noopener\">A cura di Mario Altomura<\/a><br><a href=\"https:\/\/www.bollicinevip.com\/il-vino-sfida-i-confini-linnovazione-tra-ia-blockchain-e-spazio\/\">Leggi anche: Il vino sfida i confini, l&#8217;innovazione tra I.A. blockchain\u00a0e\u00a0spazio<\/a><\/p>\n","protected":false},"excerpt":{"rendered":"<p>Venezia ospita una cerimonia unica che celebra produttori, famiglie storiche e marchi iconici, valorizzando il talento italiano e la creativit\u00e0 del cinema nel mondo, rafforzando la presenza del Made in Italy sulla scena internazionale La cerimonia sulla Terrazza Atlas Concorde Si \u00e8 svolta oggi, marted\u00ec 2 settembre 2025, sulla suggestiva Terrazza Atlas Concorde dell\u2019Hotel Excelsior, [&hellip;]<\/p>\n","protected":false},"author":20,"featured_media":58049,"comment_status":"open","ping_status":"open","sticky":false,"template":"","format":"standard","meta":{"jnews-multi-image_gallery":[],"jnews_single_post":{"format":"standard"},"jnews_primary_category":[],"jnews_social_meta":[],"jnews_override_counter":[],"jnews_post_split":[],"footnotes":""},"categories":[142,152,90,3,83],"tags":[7517,7677,2119,7644,7531,1473,7686,7673,7689,4120,7688,4816,7712,7714,7713,451,7715,7694,7525,7719,7572,1911,7717,7718,7716,1025],"class_list":["post-58046","post","type-post","status-publish","format-standard","has-post-thumbnail","hentry","category-cultura-eventi","category-events","category-liveevent","category-livenews","category-livevip","tag-andrea-iervolino","tag-annie-bezikian","tag-beppe-convertini","tag-bobby-moresco","tag-bugatti","tag-cinema","tag-elettra-lamborghini","tag-ernesto-maserati","tag-fabia","tag-ferrari","tag-floriana-gentile","tag-gianni-ippoliti","tag-hotel-excelsior","tag-iervolino","tag-lamborghini","tag-made-in-italy","tag-manuel-maserati","tag-marco-miglio","tag-maserati","tag-michele-lo-foco","tag-nicola-borrelli","tag-roberto-alessi","tag-tatiana-luter","tag-terrazza-atlas-concorde","tag-terrazza-campari","tag-venezia"],"yoast_head":"<!-- This site is optimized with the Yoast SEO plugin v27.5 - https:\/\/yoast.com\/product\/yoast-seo-wordpress\/ -->\n<title>Cine Award 2025 premia l\u2019eccellenza italiana del cinema<\/title>\n<meta name=\"description\" content=\"Venezia ospita una cerimonia unica che celebra produttori, famiglie storiche e marchi iconici, valorizzando il talento del cinema\" \/>\n<meta name=\"robots\" content=\"index, follow, max-snippet:-1, max-image-preview:large, max-video-preview:-1\" \/>\n<link rel=\"canonical\" href=\"https:\/\/www.livemag.it\/index.php\/2025\/09\/03\/cine-award-2025-premia-leccellenza-italiana-del-cinema\/\" \/>\n<meta property=\"og:locale\" content=\"it_IT\" \/>\n<meta property=\"og:type\" content=\"article\" \/>\n<meta property=\"og:title\" content=\"Cine Award 2025 premia l\u2019eccellenza italiana del cinema\" \/>\n<meta property=\"og:description\" content=\"Venezia ospita una cerimonia unica che celebra produttori, famiglie storiche e marchi iconici, valorizzando il talento del cinema\" \/>\n<meta property=\"og:url\" content=\"https:\/\/www.livemag.it\/index.php\/2025\/09\/03\/cine-award-2025-premia-leccellenza-italiana-del-cinema\/\" \/>\n<meta property=\"og:site_name\" content=\"Live Magazine\" \/>\n<meta property=\"article:publisher\" content=\"https:\/\/www.facebook.com\/LiveMag\/\" \/>\n<meta property=\"article:published_time\" content=\"2025-09-03T14:34:58+00:00\" \/>\n<meta property=\"article:modified_time\" content=\"2025-09-03T14:36:18+00:00\" \/>\n<meta property=\"og:image\" content=\"https:\/\/www.livemag.it\/wp-content\/uploads\/2025\/09\/Giorgio-Armaroli-mostra-del-cinema-venezia-ph-press.jpg\" \/>\n\t<meta property=\"og:image:width\" content=\"1600\" \/>\n\t<meta property=\"og:image:height\" content=\"1066\" \/>\n\t<meta property=\"og:image:type\" content=\"image\/jpeg\" \/>\n<meta name=\"author\" content=\"Mario Altomura\" \/>\n<meta name=\"twitter:card\" content=\"summary_large_image\" \/>\n<meta name=\"twitter:creator\" content=\"@LiveNotizie\" \/>\n<meta name=\"twitter:site\" content=\"@LiveNotizie\" \/>\n<meta name=\"twitter:label1\" content=\"Scritto da\" \/>\n\t<meta name=\"twitter:data1\" content=\"Mario Altomura\" \/>\n\t<meta name=\"twitter:label2\" content=\"Tempo di lettura stimato\" \/>\n\t<meta name=\"twitter:data2\" content=\"8 minuti\" \/>\n<script type=\"application\/ld+json\" class=\"yoast-schema-graph\">{\"@context\":\"https:\\\/\\\/schema.org\",\"@graph\":[{\"@type\":\"Article\",\"@id\":\"https:\\\/\\\/www.livemag.it\\\/index.php\\\/2025\\\/09\\\/03\\\/cine-award-2025-premia-leccellenza-italiana-del-cinema\\\/#article\",\"isPartOf\":{\"@id\":\"https:\\\/\\\/www.livemag.it\\\/index.php\\\/2025\\\/09\\\/03\\\/cine-award-2025-premia-leccellenza-italiana-del-cinema\\\/\"},\"author\":{\"name\":\"Mario Altomura\",\"@id\":\"https:\\\/\\\/www.livemag.it\\\/#\\\/schema\\\/person\\\/cc097583ef7f4da9e9fe62e8b552ab72\"},\"headline\":\"Cine Award 2025 premia l\u2019eccellenza italiana del cinema\",\"datePublished\":\"2025-09-03T14:34:58+00:00\",\"dateModified\":\"2025-09-03T14:36:18+00:00\",\"mainEntityOfPage\":{\"@id\":\"https:\\\/\\\/www.livemag.it\\\/index.php\\\/2025\\\/09\\\/03\\\/cine-award-2025-premia-leccellenza-italiana-del-cinema\\\/\"},\"wordCount\":1164,\"commentCount\":0,\"publisher\":{\"@id\":\"https:\\\/\\\/www.livemag.it\\\/#organization\"},\"image\":{\"@id\":\"https:\\\/\\\/www.livemag.it\\\/index.php\\\/2025\\\/09\\\/03\\\/cine-award-2025-premia-leccellenza-italiana-del-cinema\\\/#primaryimage\"},\"thumbnailUrl\":\"https:\\\/\\\/www.livemag.it\\\/wp-content\\\/uploads\\\/2025\\\/09\\\/Giorgio-Armaroli-mostra-del-cinema-venezia-ph-press.jpg\",\"keywords\":[\"Andrea Iervolino\",\"Annie Bezikian\",\"Beppe Convertini\",\"Bobby Moresco\",\"Bugatti\",\"cinema\",\"Elettra Lamborghini\",\"Ernesto Maserati\",\"Fabia\",\"Ferrari\",\"Floriana Gentile\",\"Gianni Ippoliti\",\"hotel Excelsior\",\"Iervolino\",\"LAMBORGHINI\",\"made in italy\",\"Manuel Maserati\",\"Marco Miglio\",\"Maserati\",\"Michele Lo Foco\",\"Nicola Borrelli\",\"Roberto Alessi\",\"Tatiana Luter\",\"Terrazza Atlas Concorde\",\"Terrazza Campari\",\"venezia\"],\"articleSection\":[\"Cultura Eventi\",\"events\",\"LiveEvent\",\"LiveNews\",\"LiveVIP\"],\"inLanguage\":\"it-IT\",\"potentialAction\":[{\"@type\":\"CommentAction\",\"name\":\"Comment\",\"target\":[\"https:\\\/\\\/www.livemag.it\\\/index.php\\\/2025\\\/09\\\/03\\\/cine-award-2025-premia-leccellenza-italiana-del-cinema\\\/#respond\"]}]},{\"@type\":\"WebPage\",\"@id\":\"https:\\\/\\\/www.livemag.it\\\/index.php\\\/2025\\\/09\\\/03\\\/cine-award-2025-premia-leccellenza-italiana-del-cinema\\\/\",\"url\":\"https:\\\/\\\/www.livemag.it\\\/index.php\\\/2025\\\/09\\\/03\\\/cine-award-2025-premia-leccellenza-italiana-del-cinema\\\/\",\"name\":\"Cine Award 2025 premia l\u2019eccellenza italiana del cinema\",\"isPartOf\":{\"@id\":\"https:\\\/\\\/www.livemag.it\\\/#website\"},\"primaryImageOfPage\":{\"@id\":\"https:\\\/\\\/www.livemag.it\\\/index.php\\\/2025\\\/09\\\/03\\\/cine-award-2025-premia-leccellenza-italiana-del-cinema\\\/#primaryimage\"},\"image\":{\"@id\":\"https:\\\/\\\/www.livemag.it\\\/index.php\\\/2025\\\/09\\\/03\\\/cine-award-2025-premia-leccellenza-italiana-del-cinema\\\/#primaryimage\"},\"thumbnailUrl\":\"https:\\\/\\\/www.livemag.it\\\/wp-content\\\/uploads\\\/2025\\\/09\\\/Giorgio-Armaroli-mostra-del-cinema-venezia-ph-press.jpg\",\"datePublished\":\"2025-09-03T14:34:58+00:00\",\"dateModified\":\"2025-09-03T14:36:18+00:00\",\"description\":\"Venezia ospita una cerimonia unica che celebra produttori, famiglie storiche e marchi iconici, valorizzando il talento del cinema\",\"breadcrumb\":{\"@id\":\"https:\\\/\\\/www.livemag.it\\\/index.php\\\/2025\\\/09\\\/03\\\/cine-award-2025-premia-leccellenza-italiana-del-cinema\\\/#breadcrumb\"},\"inLanguage\":\"it-IT\",\"potentialAction\":[{\"@type\":\"ReadAction\",\"target\":[\"https:\\\/\\\/www.livemag.it\\\/index.php\\\/2025\\\/09\\\/03\\\/cine-award-2025-premia-leccellenza-italiana-del-cinema\\\/\"]}]},{\"@type\":\"ImageObject\",\"inLanguage\":\"it-IT\",\"@id\":\"https:\\\/\\\/www.livemag.it\\\/index.php\\\/2025\\\/09\\\/03\\\/cine-award-2025-premia-leccellenza-italiana-del-cinema\\\/#primaryimage\",\"url\":\"https:\\\/\\\/www.livemag.it\\\/wp-content\\\/uploads\\\/2025\\\/09\\\/Giorgio-Armaroli-mostra-del-cinema-venezia-ph-press.jpg\",\"contentUrl\":\"https:\\\/\\\/www.livemag.it\\\/wp-content\\\/uploads\\\/2025\\\/09\\\/Giorgio-Armaroli-mostra-del-cinema-venezia-ph-press.jpg\",\"width\":1600,\"height\":1066,\"caption\":\"Giorgio Armaroli mostra del cinema venezia ph press\"},{\"@type\":\"BreadcrumbList\",\"@id\":\"https:\\\/\\\/www.livemag.it\\\/index.php\\\/2025\\\/09\\\/03\\\/cine-award-2025-premia-leccellenza-italiana-del-cinema\\\/#breadcrumb\",\"itemListElement\":[{\"@type\":\"ListItem\",\"position\":1,\"name\":\"Home\",\"item\":\"https:\\\/\\\/www.livemag.it\\\/\"},{\"@type\":\"ListItem\",\"position\":2,\"name\":\"Cine Award 2025 premia l\u2019eccellenza italiana del cinema\"}]},{\"@type\":\"WebSite\",\"@id\":\"https:\\\/\\\/www.livemag.it\\\/#website\",\"url\":\"https:\\\/\\\/www.livemag.it\\\/\",\"name\":\"Live Magazine\",\"description\":\"Varie ed eventi\",\"publisher\":{\"@id\":\"https:\\\/\\\/www.livemag.it\\\/#organization\"},\"potentialAction\":[{\"@type\":\"SearchAction\",\"target\":{\"@type\":\"EntryPoint\",\"urlTemplate\":\"https:\\\/\\\/www.livemag.it\\\/?s={search_term_string}\"},\"query-input\":{\"@type\":\"PropertyValueSpecification\",\"valueRequired\":true,\"valueName\":\"search_term_string\"}}],\"inLanguage\":\"it-IT\"},{\"@type\":\"Organization\",\"@id\":\"https:\\\/\\\/www.livemag.it\\\/#organization\",\"name\":\"LiveMag\",\"alternateName\":\"LiveMag News ed eventi\",\"url\":\"https:\\\/\\\/www.livemag.it\\\/\",\"logo\":{\"@type\":\"ImageObject\",\"inLanguage\":\"it-IT\",\"@id\":\"https:\\\/\\\/www.livemag.it\\\/#\\\/schema\\\/logo\\\/image\\\/\",\"url\":\"https:\\\/\\\/www.livemag.it\\\/wp-content\\\/uploads\\\/2024\\\/02\\\/immagine-sito.jpg\",\"contentUrl\":\"https:\\\/\\\/www.livemag.it\\\/wp-content\\\/uploads\\\/2024\\\/02\\\/immagine-sito.jpg\",\"width\":696,\"height\":696,\"caption\":\"LiveMag\"},\"image\":{\"@id\":\"https:\\\/\\\/www.livemag.it\\\/#\\\/schema\\\/logo\\\/image\\\/\"},\"sameAs\":[\"https:\\\/\\\/www.facebook.com\\\/LiveMag\\\/\",\"https:\\\/\\\/x.com\\\/LiveNotizie\",\"https:\\\/\\\/www.instagram.com\\\/livemag\\\/\"]},{\"@type\":\"Person\",\"@id\":\"https:\\\/\\\/www.livemag.it\\\/#\\\/schema\\\/person\\\/cc097583ef7f4da9e9fe62e8b552ab72\",\"name\":\"Mario Altomura\",\"image\":{\"@type\":\"ImageObject\",\"inLanguage\":\"it-IT\",\"@id\":\"https:\\\/\\\/secure.gravatar.com\\\/avatar\\\/3c7d3ce72a2bed6bab5e3681d59712a49247bdd227b4ef67de56814084f945dd?s=96&r=g\",\"url\":\"https:\\\/\\\/secure.gravatar.com\\\/avatar\\\/3c7d3ce72a2bed6bab5e3681d59712a49247bdd227b4ef67de56814084f945dd?s=96&r=g\",\"contentUrl\":\"https:\\\/\\\/secure.gravatar.com\\\/avatar\\\/3c7d3ce72a2bed6bab5e3681d59712a49247bdd227b4ef67de56814084f945dd?s=96&r=g\",\"caption\":\"Mario Altomura\"},\"description\":\"fotografo celebrity\",\"url\":\"https:\\\/\\\/www.livemag.it\\\/index.php\\\/author\\\/fabio-scarpati\\\/\"}]}<\/script>\n<!-- \/ Yoast SEO plugin. -->","yoast_head_json":{"title":"Cine Award 2025 premia l\u2019eccellenza italiana del cinema","description":"Venezia ospita una cerimonia unica che celebra produttori, famiglie storiche e marchi iconici, valorizzando il talento del cinema","robots":{"index":"index","follow":"follow","max-snippet":"max-snippet:-1","max-image-preview":"max-image-preview:large","max-video-preview":"max-video-preview:-1"},"canonical":"https:\/\/www.livemag.it\/index.php\/2025\/09\/03\/cine-award-2025-premia-leccellenza-italiana-del-cinema\/","og_locale":"it_IT","og_type":"article","og_title":"Cine Award 2025 premia l\u2019eccellenza italiana del cinema","og_description":"Venezia ospita una cerimonia unica che celebra produttori, famiglie storiche e marchi iconici, valorizzando il talento del cinema","og_url":"https:\/\/www.livemag.it\/index.php\/2025\/09\/03\/cine-award-2025-premia-leccellenza-italiana-del-cinema\/","og_site_name":"Live Magazine","article_publisher":"https:\/\/www.facebook.com\/LiveMag\/","article_published_time":"2025-09-03T14:34:58+00:00","article_modified_time":"2025-09-03T14:36:18+00:00","og_image":[{"width":1600,"height":1066,"url":"https:\/\/www.livemag.it\/wp-content\/uploads\/2025\/09\/Giorgio-Armaroli-mostra-del-cinema-venezia-ph-press.jpg","type":"image\/jpeg"}],"author":"Mario Altomura","twitter_card":"summary_large_image","twitter_creator":"@LiveNotizie","twitter_site":"@LiveNotizie","twitter_misc":{"Scritto da":"Mario Altomura","Tempo di lettura stimato":"8 minuti"},"schema":{"@context":"https:\/\/schema.org","@graph":[{"@type":"Article","@id":"https:\/\/www.livemag.it\/index.php\/2025\/09\/03\/cine-award-2025-premia-leccellenza-italiana-del-cinema\/#article","isPartOf":{"@id":"https:\/\/www.livemag.it\/index.php\/2025\/09\/03\/cine-award-2025-premia-leccellenza-italiana-del-cinema\/"},"author":{"name":"Mario Altomura","@id":"https:\/\/www.livemag.it\/#\/schema\/person\/cc097583ef7f4da9e9fe62e8b552ab72"},"headline":"Cine Award 2025 premia l\u2019eccellenza italiana del cinema","datePublished":"2025-09-03T14:34:58+00:00","dateModified":"2025-09-03T14:36:18+00:00","mainEntityOfPage":{"@id":"https:\/\/www.livemag.it\/index.php\/2025\/09\/03\/cine-award-2025-premia-leccellenza-italiana-del-cinema\/"},"wordCount":1164,"commentCount":0,"publisher":{"@id":"https:\/\/www.livemag.it\/#organization"},"image":{"@id":"https:\/\/www.livemag.it\/index.php\/2025\/09\/03\/cine-award-2025-premia-leccellenza-italiana-del-cinema\/#primaryimage"},"thumbnailUrl":"https:\/\/www.livemag.it\/wp-content\/uploads\/2025\/09\/Giorgio-Armaroli-mostra-del-cinema-venezia-ph-press.jpg","keywords":["Andrea Iervolino","Annie Bezikian","Beppe Convertini","Bobby Moresco","Bugatti","cinema","Elettra Lamborghini","Ernesto Maserati","Fabia","Ferrari","Floriana Gentile","Gianni Ippoliti","hotel Excelsior","Iervolino","LAMBORGHINI","made in italy","Manuel Maserati","Marco Miglio","Maserati","Michele Lo Foco","Nicola Borrelli","Roberto Alessi","Tatiana Luter","Terrazza Atlas Concorde","Terrazza Campari","venezia"],"articleSection":["Cultura Eventi","events","LiveEvent","LiveNews","LiveVIP"],"inLanguage":"it-IT","potentialAction":[{"@type":"CommentAction","name":"Comment","target":["https:\/\/www.livemag.it\/index.php\/2025\/09\/03\/cine-award-2025-premia-leccellenza-italiana-del-cinema\/#respond"]}]},{"@type":"WebPage","@id":"https:\/\/www.livemag.it\/index.php\/2025\/09\/03\/cine-award-2025-premia-leccellenza-italiana-del-cinema\/","url":"https:\/\/www.livemag.it\/index.php\/2025\/09\/03\/cine-award-2025-premia-leccellenza-italiana-del-cinema\/","name":"Cine Award 2025 premia l\u2019eccellenza italiana del cinema","isPartOf":{"@id":"https:\/\/www.livemag.it\/#website"},"primaryImageOfPage":{"@id":"https:\/\/www.livemag.it\/index.php\/2025\/09\/03\/cine-award-2025-premia-leccellenza-italiana-del-cinema\/#primaryimage"},"image":{"@id":"https:\/\/www.livemag.it\/index.php\/2025\/09\/03\/cine-award-2025-premia-leccellenza-italiana-del-cinema\/#primaryimage"},"thumbnailUrl":"https:\/\/www.livemag.it\/wp-content\/uploads\/2025\/09\/Giorgio-Armaroli-mostra-del-cinema-venezia-ph-press.jpg","datePublished":"2025-09-03T14:34:58+00:00","dateModified":"2025-09-03T14:36:18+00:00","description":"Venezia ospita una cerimonia unica che celebra produttori, famiglie storiche e marchi iconici, valorizzando il talento del cinema","breadcrumb":{"@id":"https:\/\/www.livemag.it\/index.php\/2025\/09\/03\/cine-award-2025-premia-leccellenza-italiana-del-cinema\/#breadcrumb"},"inLanguage":"it-IT","potentialAction":[{"@type":"ReadAction","target":["https:\/\/www.livemag.it\/index.php\/2025\/09\/03\/cine-award-2025-premia-leccellenza-italiana-del-cinema\/"]}]},{"@type":"ImageObject","inLanguage":"it-IT","@id":"https:\/\/www.livemag.it\/index.php\/2025\/09\/03\/cine-award-2025-premia-leccellenza-italiana-del-cinema\/#primaryimage","url":"https:\/\/www.livemag.it\/wp-content\/uploads\/2025\/09\/Giorgio-Armaroli-mostra-del-cinema-venezia-ph-press.jpg","contentUrl":"https:\/\/www.livemag.it\/wp-content\/uploads\/2025\/09\/Giorgio-Armaroli-mostra-del-cinema-venezia-ph-press.jpg","width":1600,"height":1066,"caption":"Giorgio Armaroli mostra del cinema venezia ph press"},{"@type":"BreadcrumbList","@id":"https:\/\/www.livemag.it\/index.php\/2025\/09\/03\/cine-award-2025-premia-leccellenza-italiana-del-cinema\/#breadcrumb","itemListElement":[{"@type":"ListItem","position":1,"name":"Home","item":"https:\/\/www.livemag.it\/"},{"@type":"ListItem","position":2,"name":"Cine Award 2025 premia l\u2019eccellenza italiana del cinema"}]},{"@type":"WebSite","@id":"https:\/\/www.livemag.it\/#website","url":"https:\/\/www.livemag.it\/","name":"Live Magazine","description":"Varie ed eventi","publisher":{"@id":"https:\/\/www.livemag.it\/#organization"},"potentialAction":[{"@type":"SearchAction","target":{"@type":"EntryPoint","urlTemplate":"https:\/\/www.livemag.it\/?s={search_term_string}"},"query-input":{"@type":"PropertyValueSpecification","valueRequired":true,"valueName":"search_term_string"}}],"inLanguage":"it-IT"},{"@type":"Organization","@id":"https:\/\/www.livemag.it\/#organization","name":"LiveMag","alternateName":"LiveMag News ed eventi","url":"https:\/\/www.livemag.it\/","logo":{"@type":"ImageObject","inLanguage":"it-IT","@id":"https:\/\/www.livemag.it\/#\/schema\/logo\/image\/","url":"https:\/\/www.livemag.it\/wp-content\/uploads\/2024\/02\/immagine-sito.jpg","contentUrl":"https:\/\/www.livemag.it\/wp-content\/uploads\/2024\/02\/immagine-sito.jpg","width":696,"height":696,"caption":"LiveMag"},"image":{"@id":"https:\/\/www.livemag.it\/#\/schema\/logo\/image\/"},"sameAs":["https:\/\/www.facebook.com\/LiveMag\/","https:\/\/x.com\/LiveNotizie","https:\/\/www.instagram.com\/livemag\/"]},{"@type":"Person","@id":"https:\/\/www.livemag.it\/#\/schema\/person\/cc097583ef7f4da9e9fe62e8b552ab72","name":"Mario Altomura","image":{"@type":"ImageObject","inLanguage":"it-IT","@id":"https:\/\/secure.gravatar.com\/avatar\/3c7d3ce72a2bed6bab5e3681d59712a49247bdd227b4ef67de56814084f945dd?s=96&r=g","url":"https:\/\/secure.gravatar.com\/avatar\/3c7d3ce72a2bed6bab5e3681d59712a49247bdd227b4ef67de56814084f945dd?s=96&r=g","contentUrl":"https:\/\/secure.gravatar.com\/avatar\/3c7d3ce72a2bed6bab5e3681d59712a49247bdd227b4ef67de56814084f945dd?s=96&r=g","caption":"Mario Altomura"},"description":"fotografo celebrity","url":"https:\/\/www.livemag.it\/index.php\/author\/fabio-scarpati\/"}]}},"jetpack_featured_media_url":"https:\/\/www.livemag.it\/wp-content\/uploads\/2025\/09\/Giorgio-Armaroli-mostra-del-cinema-venezia-ph-press.jpg","_links":{"self":[{"href":"https:\/\/www.livemag.it\/index.php\/wp-json\/wp\/v2\/posts\/58046","targetHints":{"allow":["GET"]}}],"collection":[{"href":"https:\/\/www.livemag.it\/index.php\/wp-json\/wp\/v2\/posts"}],"about":[{"href":"https:\/\/www.livemag.it\/index.php\/wp-json\/wp\/v2\/types\/post"}],"author":[{"embeddable":true,"href":"https:\/\/www.livemag.it\/index.php\/wp-json\/wp\/v2\/users\/20"}],"replies":[{"embeddable":true,"href":"https:\/\/www.livemag.it\/index.php\/wp-json\/wp\/v2\/comments?post=58046"}],"version-history":[{"count":1,"href":"https:\/\/www.livemag.it\/index.php\/wp-json\/wp\/v2\/posts\/58046\/revisions"}],"predecessor-version":[{"id":58072,"href":"https:\/\/www.livemag.it\/index.php\/wp-json\/wp\/v2\/posts\/58046\/revisions\/58072"}],"wp:featuredmedia":[{"embeddable":true,"href":"https:\/\/www.livemag.it\/index.php\/wp-json\/wp\/v2\/media\/58049"}],"wp:attachment":[{"href":"https:\/\/www.livemag.it\/index.php\/wp-json\/wp\/v2\/media?parent=58046"}],"wp:term":[{"taxonomy":"category","embeddable":true,"href":"https:\/\/www.livemag.it\/index.php\/wp-json\/wp\/v2\/categories?post=58046"},{"taxonomy":"post_tag","embeddable":true,"href":"https:\/\/www.livemag.it\/index.php\/wp-json\/wp\/v2\/tags?post=58046"}],"curies":[{"name":"wp","href":"https:\/\/api.w.org\/{rel}","templated":true}]}}