{"id":58034,"date":"2025-09-03T12:17:35","date_gmt":"2025-09-03T10:17:35","guid":{"rendered":"https:\/\/www.livemag.it\/?p=58034"},"modified":"2025-09-03T12:21:03","modified_gmt":"2025-09-03T10:21:03","slug":"a-venezia-i-fotografi-sono-tutti-per-michela-persico","status":"publish","type":"post","link":"https:\/\/www.livemag.it\/index.php\/2025\/09\/03\/a-venezia-i-fotografi-sono-tutti-per-michela-persico\/","title":{"rendered":"A Venezia i fotografi sono tutti per Michela Persico"},"content":{"rendered":"\n<p>Che Michela Persico sia una delle pi\u00f9 belle e popolari conduttrici del piccolo schermo, era risaputo. Ma quando \u00e8 arrivata a Venezia, per la Mostra del Cinema, e si \u00e8 vista illuminare a giorno dai fotografi sul red carpet, ne hanno avuto tutti la conferma.&nbsp;<\/p>\n\n\n\n<p>La Persico, attualmente impegnata in tv con il programma &#8220;Missioni D&#8217;Estate&#8221; su Rai2, \u00e8 arrivata al Lido per prendere parte a diversi eventi. Di lei si conoscono molte caratteristiche, fra cui la sua estrema bravura, la sua presenza scenica.&nbsp;<\/p>\n\n\n\n<p>Molto conosciuta nel mondo dello sport, ma anche dello spettacolo, Michela Persico \u00e8 anche un volto popolare sui social, dove conta su Instagram quasi 3 milioni di follower.&nbsp;<\/p>\n\n\n<div class=\"wp-block-image\">\n<figure class=\"aligncenter size-full is-resized\"><img fetchpriority=\"high\" decoding=\"async\" width=\"730\" height=\"475\" src=\"https:\/\/www.livemag.it\/wp-content\/uploads\/2025\/09\/Schermata-2025-09-03-alle-10.02.58.png\" alt=\"\" class=\"wp-image-58037\" style=\"width:588px;height:auto\" srcset=\"https:\/\/www.livemag.it\/wp-content\/uploads\/2025\/09\/Schermata-2025-09-03-alle-10.02.58.png 730w, https:\/\/www.livemag.it\/wp-content\/uploads\/2025\/09\/Schermata-2025-09-03-alle-10.02.58-300x195.png 300w\" sizes=\"(max-width: 730px) 100vw, 730px\" \/><\/figure>\n<\/div>\n\n\n<p>Grazie alla trasmissioni tv &#8220;Missioni D&#8217;Estate&#8221; per\u00f2 ha scoperto un lato ironico del suo carattere, e del suo personaggio, che ancora non si conosceva.&nbsp;<\/p>\n\n\n\n<p>Lei, assieme a un altro gruppo di personaggi, si imbatte in un percorso che attraversa tutta l&#8217;Italia da nord a sud. Tutto sotto la supervisione di un personaggio misterioso di nome Charlie, che richiama il celebre Charlie di &#8220;Charlie&#8217;s Angels&#8221;. Il quale affida a Michela Persico e agli altri protagonisti una serie di missioni da compiere.<\/p>\n\n\n\n<p>Tra lei e gli altri ne combinano di tutti i colori, ma il pubblico ha accolto bene questa formula, che mischia avventura e ironia.<\/p>\n\n\n<div class=\"wp-block-image\">\n<figure class=\"aligncenter size-large is-resized\"><img decoding=\"async\" width=\"682\" height=\"1024\" src=\"https:\/\/www.livemag.it\/wp-content\/uploads\/2025\/09\/Unknown-8-682x1024.jpeg\" alt=\"\" class=\"wp-image-58036\" style=\"width:596px;height:auto\" srcset=\"https:\/\/www.livemag.it\/wp-content\/uploads\/2025\/09\/Unknown-8-682x1024.jpeg 682w, https:\/\/www.livemag.it\/wp-content\/uploads\/2025\/09\/Unknown-8-200x300.jpeg 200w, https:\/\/www.livemag.it\/wp-content\/uploads\/2025\/09\/Unknown-8-768x1153.jpeg 768w, https:\/\/www.livemag.it\/wp-content\/uploads\/2025\/09\/Unknown-8-1023x1536.jpeg 1023w, https:\/\/www.livemag.it\/wp-content\/uploads\/2025\/09\/Unknown-8-750x1126.jpeg 750w, https:\/\/www.livemag.it\/wp-content\/uploads\/2025\/09\/Unknown-8.jpeg 1066w\" sizes=\"(max-width: 682px) 100vw, 682px\" \/><\/figure>\n<\/div>\n\n\n<p>Si mormora nei corridoi della Tv di Stato che in futuro non \u00e8 escluso che ci possano essere altre opportunit\u00e0. Considerando che Michela Persico pu\u00f2 contare su un&#8217;esperienza gi\u00e0 importate, nonostante sia ancora giovanissima.<\/p>\n\n\n\n<p>Per ora si gode il successo alla Mostra del Cinema di Venezia, arricchendo un parterre di star che ha visto sfilare anche Julia Roberts, Kate Blanchette, Kim Novak, Heidi Klum e tate altre. E chiss\u00e0 che anche il cinema per Michela non possa diventare ulteriore terreno di azione.&nbsp;<\/p>\n\n\n\n<p>Il talento lo ha dimostrato, la bellezza \u00e8 visibile senza ombra di dubbio. Una diva di casa nostra che all&#8217;estero ci potrebbero veramente invidiare.<\/p>\n","protected":false},"excerpt":{"rendered":"<p>Che Michela Persico sia una delle pi\u00f9 belle e popolari conduttrici del piccolo schermo, era risaputo. Ma quando \u00e8 arrivata a Venezia, per la Mostra del Cinema, e si \u00e8 vista illuminare a giorno dai fotografi sul red carpet, ne hanno avuto tutti la conferma.&nbsp; La Persico, attualmente impegnata in tv con il programma &#8220;Missioni [&hellip;]<\/p>\n","protected":false},"author":1,"featured_media":58035,"comment_status":"open","ping_status":"open","sticky":false,"template":"","format":"standard","meta":{"jnews-multi-image_gallery":[],"jnews_single_post":{"format":"standard"},"jnews_primary_category":[],"jnews_social_meta":[],"jnews_override_counter":[],"jnews_post_split":[],"footnotes":""},"categories":[9,90,3],"tags":[7710,7709,7707,7708],"class_list":["post-58034","post","type-post","status-publish","format-standard","has-post-thumbnail","hentry","category-costume-e-societa","category-liveevent","category-livenews","tag-kate-blanchette","tag-kim-novak","tag-michela-persico","tag-ulia-roberts"],"yoast_head":"<!-- This site is optimized with the Yoast SEO plugin v27.5 - https:\/\/yoast.com\/product\/yoast-seo-wordpress\/ -->\n<title>A Venezia i fotografi sono tutti per Michela Persico - Live Magazine<\/title>\n<meta name=\"description\" content=\"Che Michela Persico sia una delle pi\u00f9 belle e popolari conduttrici del piccolo schermo, era risaputo. Ma quando \u00e8 arrivata a Venezia, per la\" \/>\n<meta name=\"robots\" content=\"index, follow, max-snippet:-1, max-image-preview:large, max-video-preview:-1\" \/>\n<link rel=\"canonical\" href=\"https:\/\/www.livemag.it\/index.php\/2025\/09\/03\/a-venezia-i-fotografi-sono-tutti-per-michela-persico\/\" \/>\n<meta property=\"og:locale\" content=\"it_IT\" \/>\n<meta property=\"og:type\" content=\"article\" \/>\n<meta property=\"og:title\" content=\"A Venezia i fotografi sono tutti per Michela Persico - Live Magazine\" \/>\n<meta property=\"og:description\" content=\"Che Michela Persico sia una delle pi\u00f9 belle e popolari conduttrici del piccolo schermo, era risaputo. Ma quando \u00e8 arrivata a Venezia, per la\" \/>\n<meta property=\"og:url\" content=\"https:\/\/www.livemag.it\/index.php\/2025\/09\/03\/a-venezia-i-fotografi-sono-tutti-per-michela-persico\/\" \/>\n<meta property=\"og:site_name\" content=\"Live Magazine\" \/>\n<meta property=\"article:publisher\" content=\"https:\/\/www.facebook.com\/LiveMag\/\" \/>\n<meta property=\"article:published_time\" content=\"2025-09-03T10:17:35+00:00\" \/>\n<meta property=\"article:modified_time\" content=\"2025-09-03T10:21:03+00:00\" \/>\n<meta property=\"og:image\" content=\"https:\/\/www.livemag.it\/wp-content\/uploads\/2025\/09\/Schermata-2025-09-03-alle-10.30.37.png\" \/>\n\t<meta property=\"og:image:width\" content=\"1082\" \/>\n\t<meta property=\"og:image:height\" content=\"641\" \/>\n\t<meta property=\"og:image:type\" content=\"image\/png\" \/>\n<meta name=\"author\" content=\"Redazione\" \/>\n<meta name=\"twitter:card\" content=\"summary_large_image\" \/>\n<meta name=\"twitter:creator\" content=\"@LiveNotizie\" \/>\n<meta name=\"twitter:site\" content=\"@LiveNotizie\" \/>\n<meta name=\"twitter:label1\" content=\"Scritto da\" \/>\n\t<meta name=\"twitter:data1\" content=\"Redazione\" \/>\n\t<meta name=\"twitter:label2\" content=\"Tempo di lettura stimato\" \/>\n\t<meta name=\"twitter:data2\" content=\"3 minuti\" \/>\n<script type=\"application\/ld+json\" class=\"yoast-schema-graph\">{\"@context\":\"https:\\\/\\\/schema.org\",\"@graph\":[{\"@type\":\"Article\",\"@id\":\"https:\\\/\\\/www.livemag.it\\\/index.php\\\/2025\\\/09\\\/03\\\/a-venezia-i-fotografi-sono-tutti-per-michela-persico\\\/#article\",\"isPartOf\":{\"@id\":\"https:\\\/\\\/www.livemag.it\\\/index.php\\\/2025\\\/09\\\/03\\\/a-venezia-i-fotografi-sono-tutti-per-michela-persico\\\/\"},\"author\":{\"name\":\"Redazione\",\"@id\":\"https:\\\/\\\/www.livemag.it\\\/#\\\/schema\\\/person\\\/7191e402a6eb1110174f9d71f53edea9\"},\"headline\":\"A Venezia i fotografi sono tutti per Michela Persico\",\"datePublished\":\"2025-09-03T10:17:35+00:00\",\"dateModified\":\"2025-09-03T10:21:03+00:00\",\"mainEntityOfPage\":{\"@id\":\"https:\\\/\\\/www.livemag.it\\\/index.php\\\/2025\\\/09\\\/03\\\/a-venezia-i-fotografi-sono-tutti-per-michela-persico\\\/\"},\"wordCount\":335,\"commentCount\":0,\"publisher\":{\"@id\":\"https:\\\/\\\/www.livemag.it\\\/#organization\"},\"image\":{\"@id\":\"https:\\\/\\\/www.livemag.it\\\/index.php\\\/2025\\\/09\\\/03\\\/a-venezia-i-fotografi-sono-tutti-per-michela-persico\\\/#primaryimage\"},\"thumbnailUrl\":\"https:\\\/\\\/www.livemag.it\\\/wp-content\\\/uploads\\\/2025\\\/09\\\/Schermata-2025-09-03-alle-10.30.37.png\",\"keywords\":[\"Kate Blanchette\",\"Kim Novak\",\"Michela Persico\",\"ulia Roberts\"],\"articleSection\":[\"Costume e Societ\u00e0\",\"LiveEvent\",\"LiveNews\"],\"inLanguage\":\"it-IT\",\"potentialAction\":[{\"@type\":\"CommentAction\",\"name\":\"Comment\",\"target\":[\"https:\\\/\\\/www.livemag.it\\\/index.php\\\/2025\\\/09\\\/03\\\/a-venezia-i-fotografi-sono-tutti-per-michela-persico\\\/#respond\"]}]},{\"@type\":\"WebPage\",\"@id\":\"https:\\\/\\\/www.livemag.it\\\/index.php\\\/2025\\\/09\\\/03\\\/a-venezia-i-fotografi-sono-tutti-per-michela-persico\\\/\",\"url\":\"https:\\\/\\\/www.livemag.it\\\/index.php\\\/2025\\\/09\\\/03\\\/a-venezia-i-fotografi-sono-tutti-per-michela-persico\\\/\",\"name\":\"A Venezia i fotografi sono tutti per Michela Persico - Live Magazine\",\"isPartOf\":{\"@id\":\"https:\\\/\\\/www.livemag.it\\\/#website\"},\"primaryImageOfPage\":{\"@id\":\"https:\\\/\\\/www.livemag.it\\\/index.php\\\/2025\\\/09\\\/03\\\/a-venezia-i-fotografi-sono-tutti-per-michela-persico\\\/#primaryimage\"},\"image\":{\"@id\":\"https:\\\/\\\/www.livemag.it\\\/index.php\\\/2025\\\/09\\\/03\\\/a-venezia-i-fotografi-sono-tutti-per-michela-persico\\\/#primaryimage\"},\"thumbnailUrl\":\"https:\\\/\\\/www.livemag.it\\\/wp-content\\\/uploads\\\/2025\\\/09\\\/Schermata-2025-09-03-alle-10.30.37.png\",\"datePublished\":\"2025-09-03T10:17:35+00:00\",\"dateModified\":\"2025-09-03T10:21:03+00:00\",\"description\":\"Che Michela Persico sia una delle pi\u00f9 belle e popolari conduttrici del piccolo schermo, era risaputo. Ma quando \u00e8 arrivata a Venezia, per la\",\"breadcrumb\":{\"@id\":\"https:\\\/\\\/www.livemag.it\\\/index.php\\\/2025\\\/09\\\/03\\\/a-venezia-i-fotografi-sono-tutti-per-michela-persico\\\/#breadcrumb\"},\"inLanguage\":\"it-IT\",\"potentialAction\":[{\"@type\":\"ReadAction\",\"target\":[\"https:\\\/\\\/www.livemag.it\\\/index.php\\\/2025\\\/09\\\/03\\\/a-venezia-i-fotografi-sono-tutti-per-michela-persico\\\/\"]}]},{\"@type\":\"ImageObject\",\"inLanguage\":\"it-IT\",\"@id\":\"https:\\\/\\\/www.livemag.it\\\/index.php\\\/2025\\\/09\\\/03\\\/a-venezia-i-fotografi-sono-tutti-per-michela-persico\\\/#primaryimage\",\"url\":\"https:\\\/\\\/www.livemag.it\\\/wp-content\\\/uploads\\\/2025\\\/09\\\/Schermata-2025-09-03-alle-10.30.37.png\",\"contentUrl\":\"https:\\\/\\\/www.livemag.it\\\/wp-content\\\/uploads\\\/2025\\\/09\\\/Schermata-2025-09-03-alle-10.30.37.png\",\"width\":1082,\"height\":641},{\"@type\":\"BreadcrumbList\",\"@id\":\"https:\\\/\\\/www.livemag.it\\\/index.php\\\/2025\\\/09\\\/03\\\/a-venezia-i-fotografi-sono-tutti-per-michela-persico\\\/#breadcrumb\",\"itemListElement\":[{\"@type\":\"ListItem\",\"position\":1,\"name\":\"Home\",\"item\":\"https:\\\/\\\/www.livemag.it\\\/\"},{\"@type\":\"ListItem\",\"position\":2,\"name\":\"A Venezia i fotografi sono tutti per Michela Persico\"}]},{\"@type\":\"WebSite\",\"@id\":\"https:\\\/\\\/www.livemag.it\\\/#website\",\"url\":\"https:\\\/\\\/www.livemag.it\\\/\",\"name\":\"Live Magazine\",\"description\":\"Varie ed eventi\",\"publisher\":{\"@id\":\"https:\\\/\\\/www.livemag.it\\\/#organization\"},\"potentialAction\":[{\"@type\":\"SearchAction\",\"target\":{\"@type\":\"EntryPoint\",\"urlTemplate\":\"https:\\\/\\\/www.livemag.it\\\/?s={search_term_string}\"},\"query-input\":{\"@type\":\"PropertyValueSpecification\",\"valueRequired\":true,\"valueName\":\"search_term_string\"}}],\"inLanguage\":\"it-IT\"},{\"@type\":\"Organization\",\"@id\":\"https:\\\/\\\/www.livemag.it\\\/#organization\",\"name\":\"LiveMag\",\"alternateName\":\"LiveMag News ed eventi\",\"url\":\"https:\\\/\\\/www.livemag.it\\\/\",\"logo\":{\"@type\":\"ImageObject\",\"inLanguage\":\"it-IT\",\"@id\":\"https:\\\/\\\/www.livemag.it\\\/#\\\/schema\\\/logo\\\/image\\\/\",\"url\":\"https:\\\/\\\/www.livemag.it\\\/wp-content\\\/uploads\\\/2024\\\/02\\\/immagine-sito.jpg\",\"contentUrl\":\"https:\\\/\\\/www.livemag.it\\\/wp-content\\\/uploads\\\/2024\\\/02\\\/immagine-sito.jpg\",\"width\":696,\"height\":696,\"caption\":\"LiveMag\"},\"image\":{\"@id\":\"https:\\\/\\\/www.livemag.it\\\/#\\\/schema\\\/logo\\\/image\\\/\"},\"sameAs\":[\"https:\\\/\\\/www.facebook.com\\\/LiveMag\\\/\",\"https:\\\/\\\/x.com\\\/LiveNotizie\",\"https:\\\/\\\/www.instagram.com\\\/livemag\\\/\"]},{\"@type\":\"Person\",\"@id\":\"https:\\\/\\\/www.livemag.it\\\/#\\\/schema\\\/person\\\/7191e402a6eb1110174f9d71f53edea9\",\"name\":\"Redazione\",\"image\":{\"@type\":\"ImageObject\",\"inLanguage\":\"it-IT\",\"@id\":\"https:\\\/\\\/secure.gravatar.com\\\/avatar\\\/b20eb33510695f1259c3f61c8dfc966b174a5d33f605fb2d514d9b271222597e?s=96&r=g\",\"url\":\"https:\\\/\\\/secure.gravatar.com\\\/avatar\\\/b20eb33510695f1259c3f61c8dfc966b174a5d33f605fb2d514d9b271222597e?s=96&r=g\",\"contentUrl\":\"https:\\\/\\\/secure.gravatar.com\\\/avatar\\\/b20eb33510695f1259c3f61c8dfc966b174a5d33f605fb2d514d9b271222597e?s=96&r=g\",\"caption\":\"Redazione\"},\"url\":\"https:\\\/\\\/www.livemag.it\\\/index.php\\\/author\\\/admin6640\\\/\"}]}<\/script>\n<!-- \/ Yoast SEO plugin. -->","yoast_head_json":{"title":"A Venezia i fotografi sono tutti per Michela Persico - Live Magazine","description":"Che Michela Persico sia una delle pi\u00f9 belle e popolari conduttrici del piccolo schermo, era risaputo. Ma quando \u00e8 arrivata a Venezia, per la","robots":{"index":"index","follow":"follow","max-snippet":"max-snippet:-1","max-image-preview":"max-image-preview:large","max-video-preview":"max-video-preview:-1"},"canonical":"https:\/\/www.livemag.it\/index.php\/2025\/09\/03\/a-venezia-i-fotografi-sono-tutti-per-michela-persico\/","og_locale":"it_IT","og_type":"article","og_title":"A Venezia i fotografi sono tutti per Michela Persico - Live Magazine","og_description":"Che Michela Persico sia una delle pi\u00f9 belle e popolari conduttrici del piccolo schermo, era risaputo. Ma quando \u00e8 arrivata a Venezia, per la","og_url":"https:\/\/www.livemag.it\/index.php\/2025\/09\/03\/a-venezia-i-fotografi-sono-tutti-per-michela-persico\/","og_site_name":"Live Magazine","article_publisher":"https:\/\/www.facebook.com\/LiveMag\/","article_published_time":"2025-09-03T10:17:35+00:00","article_modified_time":"2025-09-03T10:21:03+00:00","og_image":[{"width":1082,"height":641,"url":"https:\/\/www.livemag.it\/wp-content\/uploads\/2025\/09\/Schermata-2025-09-03-alle-10.30.37.png","type":"image\/png"}],"author":"Redazione","twitter_card":"summary_large_image","twitter_creator":"@LiveNotizie","twitter_site":"@LiveNotizie","twitter_misc":{"Scritto da":"Redazione","Tempo di lettura stimato":"3 minuti"},"schema":{"@context":"https:\/\/schema.org","@graph":[{"@type":"Article","@id":"https:\/\/www.livemag.it\/index.php\/2025\/09\/03\/a-venezia-i-fotografi-sono-tutti-per-michela-persico\/#article","isPartOf":{"@id":"https:\/\/www.livemag.it\/index.php\/2025\/09\/03\/a-venezia-i-fotografi-sono-tutti-per-michela-persico\/"},"author":{"name":"Redazione","@id":"https:\/\/www.livemag.it\/#\/schema\/person\/7191e402a6eb1110174f9d71f53edea9"},"headline":"A Venezia i fotografi sono tutti per Michela Persico","datePublished":"2025-09-03T10:17:35+00:00","dateModified":"2025-09-03T10:21:03+00:00","mainEntityOfPage":{"@id":"https:\/\/www.livemag.it\/index.php\/2025\/09\/03\/a-venezia-i-fotografi-sono-tutti-per-michela-persico\/"},"wordCount":335,"commentCount":0,"publisher":{"@id":"https:\/\/www.livemag.it\/#organization"},"image":{"@id":"https:\/\/www.livemag.it\/index.php\/2025\/09\/03\/a-venezia-i-fotografi-sono-tutti-per-michela-persico\/#primaryimage"},"thumbnailUrl":"https:\/\/www.livemag.it\/wp-content\/uploads\/2025\/09\/Schermata-2025-09-03-alle-10.30.37.png","keywords":["Kate Blanchette","Kim Novak","Michela Persico","ulia Roberts"],"articleSection":["Costume e Societ\u00e0","LiveEvent","LiveNews"],"inLanguage":"it-IT","potentialAction":[{"@type":"CommentAction","name":"Comment","target":["https:\/\/www.livemag.it\/index.php\/2025\/09\/03\/a-venezia-i-fotografi-sono-tutti-per-michela-persico\/#respond"]}]},{"@type":"WebPage","@id":"https:\/\/www.livemag.it\/index.php\/2025\/09\/03\/a-venezia-i-fotografi-sono-tutti-per-michela-persico\/","url":"https:\/\/www.livemag.it\/index.php\/2025\/09\/03\/a-venezia-i-fotografi-sono-tutti-per-michela-persico\/","name":"A Venezia i fotografi sono tutti per Michela Persico - Live Magazine","isPartOf":{"@id":"https:\/\/www.livemag.it\/#website"},"primaryImageOfPage":{"@id":"https:\/\/www.livemag.it\/index.php\/2025\/09\/03\/a-venezia-i-fotografi-sono-tutti-per-michela-persico\/#primaryimage"},"image":{"@id":"https:\/\/www.livemag.it\/index.php\/2025\/09\/03\/a-venezia-i-fotografi-sono-tutti-per-michela-persico\/#primaryimage"},"thumbnailUrl":"https:\/\/www.livemag.it\/wp-content\/uploads\/2025\/09\/Schermata-2025-09-03-alle-10.30.37.png","datePublished":"2025-09-03T10:17:35+00:00","dateModified":"2025-09-03T10:21:03+00:00","description":"Che Michela Persico sia una delle pi\u00f9 belle e popolari conduttrici del piccolo schermo, era risaputo. Ma quando \u00e8 arrivata a Venezia, per la","breadcrumb":{"@id":"https:\/\/www.livemag.it\/index.php\/2025\/09\/03\/a-venezia-i-fotografi-sono-tutti-per-michela-persico\/#breadcrumb"},"inLanguage":"it-IT","potentialAction":[{"@type":"ReadAction","target":["https:\/\/www.livemag.it\/index.php\/2025\/09\/03\/a-venezia-i-fotografi-sono-tutti-per-michela-persico\/"]}]},{"@type":"ImageObject","inLanguage":"it-IT","@id":"https:\/\/www.livemag.it\/index.php\/2025\/09\/03\/a-venezia-i-fotografi-sono-tutti-per-michela-persico\/#primaryimage","url":"https:\/\/www.livemag.it\/wp-content\/uploads\/2025\/09\/Schermata-2025-09-03-alle-10.30.37.png","contentUrl":"https:\/\/www.livemag.it\/wp-content\/uploads\/2025\/09\/Schermata-2025-09-03-alle-10.30.37.png","width":1082,"height":641},{"@type":"BreadcrumbList","@id":"https:\/\/www.livemag.it\/index.php\/2025\/09\/03\/a-venezia-i-fotografi-sono-tutti-per-michela-persico\/#breadcrumb","itemListElement":[{"@type":"ListItem","position":1,"name":"Home","item":"https:\/\/www.livemag.it\/"},{"@type":"ListItem","position":2,"name":"A Venezia i fotografi sono tutti per Michela Persico"}]},{"@type":"WebSite","@id":"https:\/\/www.livemag.it\/#website","url":"https:\/\/www.livemag.it\/","name":"Live Magazine","description":"Varie ed eventi","publisher":{"@id":"https:\/\/www.livemag.it\/#organization"},"potentialAction":[{"@type":"SearchAction","target":{"@type":"EntryPoint","urlTemplate":"https:\/\/www.livemag.it\/?s={search_term_string}"},"query-input":{"@type":"PropertyValueSpecification","valueRequired":true,"valueName":"search_term_string"}}],"inLanguage":"it-IT"},{"@type":"Organization","@id":"https:\/\/www.livemag.it\/#organization","name":"LiveMag","alternateName":"LiveMag News ed eventi","url":"https:\/\/www.livemag.it\/","logo":{"@type":"ImageObject","inLanguage":"it-IT","@id":"https:\/\/www.livemag.it\/#\/schema\/logo\/image\/","url":"https:\/\/www.livemag.it\/wp-content\/uploads\/2024\/02\/immagine-sito.jpg","contentUrl":"https:\/\/www.livemag.it\/wp-content\/uploads\/2024\/02\/immagine-sito.jpg","width":696,"height":696,"caption":"LiveMag"},"image":{"@id":"https:\/\/www.livemag.it\/#\/schema\/logo\/image\/"},"sameAs":["https:\/\/www.facebook.com\/LiveMag\/","https:\/\/x.com\/LiveNotizie","https:\/\/www.instagram.com\/livemag\/"]},{"@type":"Person","@id":"https:\/\/www.livemag.it\/#\/schema\/person\/7191e402a6eb1110174f9d71f53edea9","name":"Redazione","image":{"@type":"ImageObject","inLanguage":"it-IT","@id":"https:\/\/secure.gravatar.com\/avatar\/b20eb33510695f1259c3f61c8dfc966b174a5d33f605fb2d514d9b271222597e?s=96&r=g","url":"https:\/\/secure.gravatar.com\/avatar\/b20eb33510695f1259c3f61c8dfc966b174a5d33f605fb2d514d9b271222597e?s=96&r=g","contentUrl":"https:\/\/secure.gravatar.com\/avatar\/b20eb33510695f1259c3f61c8dfc966b174a5d33f605fb2d514d9b271222597e?s=96&r=g","caption":"Redazione"},"url":"https:\/\/www.livemag.it\/index.php\/author\/admin6640\/"}]}},"jetpack_featured_media_url":"https:\/\/www.livemag.it\/wp-content\/uploads\/2025\/09\/Schermata-2025-09-03-alle-10.30.37.png","_links":{"self":[{"href":"https:\/\/www.livemag.it\/index.php\/wp-json\/wp\/v2\/posts\/58034","targetHints":{"allow":["GET"]}}],"collection":[{"href":"https:\/\/www.livemag.it\/index.php\/wp-json\/wp\/v2\/posts"}],"about":[{"href":"https:\/\/www.livemag.it\/index.php\/wp-json\/wp\/v2\/types\/post"}],"author":[{"embeddable":true,"href":"https:\/\/www.livemag.it\/index.php\/wp-json\/wp\/v2\/users\/1"}],"replies":[{"embeddable":true,"href":"https:\/\/www.livemag.it\/index.php\/wp-json\/wp\/v2\/comments?post=58034"}],"version-history":[{"count":2,"href":"https:\/\/www.livemag.it\/index.php\/wp-json\/wp\/v2\/posts\/58034\/revisions"}],"predecessor-version":[{"id":58039,"href":"https:\/\/www.livemag.it\/index.php\/wp-json\/wp\/v2\/posts\/58034\/revisions\/58039"}],"wp:featuredmedia":[{"embeddable":true,"href":"https:\/\/www.livemag.it\/index.php\/wp-json\/wp\/v2\/media\/58035"}],"wp:attachment":[{"href":"https:\/\/www.livemag.it\/index.php\/wp-json\/wp\/v2\/media?parent=58034"}],"wp:term":[{"taxonomy":"category","embeddable":true,"href":"https:\/\/www.livemag.it\/index.php\/wp-json\/wp\/v2\/categories?post=58034"},{"taxonomy":"post_tag","embeddable":true,"href":"https:\/\/www.livemag.it\/index.php\/wp-json\/wp\/v2\/tags?post=58034"}],"curies":[{"name":"wp","href":"https:\/\/api.w.org\/{rel}","templated":true}]}}