{"id":57699,"date":"2025-08-27T21:04:06","date_gmt":"2025-08-27T19:04:06","guid":{"rendered":"https:\/\/www.livemag.it\/index.php\/2025\/08\/27\/spari-in-una-scuola-cattolica-a-minneapolis-uccisi-2-bambini\/"},"modified":"2025-08-27T21:04:06","modified_gmt":"2025-08-27T19:04:06","slug":"spari-in-una-scuola-cattolica-a-minneapolis-uccisi-2-bambini","status":"publish","type":"post","link":"https:\/\/www.livemag.it\/index.php\/2025\/08\/27\/spari-in-una-scuola-cattolica-a-minneapolis-uccisi-2-bambini\/","title":{"rendered":"Spari in una scuola cattolica a Minneapolis, uccisi 2 bambini"},"content":{"rendered":"<div>\n<p>MINNEAPOLIS (STATI UNITI) (ITALPRESS) \u2013 Un uomo armato di fucile ha aperto il fuoco all\u2019interno di una chiesa e scuola cattolica di Minneapolis, in Minnesota. Sono due bambini, di 8 e 10 anni, le vittime accertate: A sparare con un fucile un 20enne che, stando a fonti della polizia citate dalla Cnn, si sarebbe poi suicidato. I feriti sono 17, 14 sono bambini e due sono in condizioni critiche. Ancora sconosciuti i motivi del gesto. \u201cSi \u00e8 trattato di un deliberato atto di violenza contro bambini innocenti e altre persone in preghiera\u201d, ha dichiarato il capo della polizia di Minneapolis, Brian O\u2019Hara, definendo la sparatoria \u201cassolutamente incomprensibile\u201d.<br \/>Il presidente Donald Trump ha dichiarato di essere stato informato sulla sparatoria avvenuta alla Annunciation Catholic School e che la Casa Bianca sta monitorando la situazione. \u201cL\u2019FBI \u00e8 intervenuto rapidamente ed \u00e8 gi\u00e0 sul posto\u201d, ha scritto Trump in un post su Truth. Il presidente ha poi affermato che sta pregando per le persone coinvolte.<\/p>\n<p>\u2013 foto Ipa Agency \u2013<br \/>(ITALPRESS).<\/p>\n<\/div>\n","protected":false},"excerpt":{"rendered":"<p>MINNEAPOLIS (STATI UNITI) (ITALPRESS) \u2013 Un uomo armato di fucile ha aperto il fuoco all\u2019interno di una chiesa e scuola cattolica di Minneapolis, in Minnesota. Sono due bambini, di 8 e 10 anni, le vittime accertate: A sparare con un fucile un 20enne che, stando a fonti della polizia citate dalla Cnn, si sarebbe poi [&hellip;]<\/p>\n","protected":false},"author":16,"featured_media":57700,"comment_status":"closed","ping_status":"closed","sticky":false,"template":"","format":"standard","meta":{"jnews-multi-image_gallery":[],"jnews_single_post":[],"jnews_primary_category":[],"jnews_social_meta":[],"jnews_override_counter":[],"jnews_post_split":[],"footnotes":""},"categories":[1129],"tags":[],"class_list":["post-57699","post","type-post","status-publish","format-standard","has-post-thumbnail","hentry","category-mondo"],"yoast_head":"<!-- This site is optimized with the Yoast SEO plugin v27.5 - https:\/\/yoast.com\/product\/yoast-seo-wordpress\/ -->\n<title>Spari in una scuola cattolica a Minneapolis, uccisi 2 bambini - Live Magazine<\/title>\n<meta name=\"robots\" content=\"index, follow, max-snippet:-1, max-image-preview:large, max-video-preview:-1\" \/>\n<link rel=\"canonical\" href=\"https:\/\/www.livemag.it\/index.php\/2025\/08\/27\/spari-in-una-scuola-cattolica-a-minneapolis-uccisi-2-bambini\/\" \/>\n<meta property=\"og:locale\" content=\"it_IT\" \/>\n<meta property=\"og:type\" content=\"article\" \/>\n<meta property=\"og:title\" content=\"Spari in una scuola cattolica a Minneapolis, uccisi 2 bambini - Live Magazine\" \/>\n<meta property=\"og:description\" content=\"MINNEAPOLIS (STATI UNITI) (ITALPRESS) \u2013 Un uomo armato di fucile ha aperto il fuoco all\u2019interno di una chiesa e scuola cattolica di Minneapolis, in Minnesota. Sono due bambini, di 8 e 10 anni, le vittime accertate: A sparare con un fucile un 20enne che, stando a fonti della polizia citate dalla Cnn, si sarebbe poi [&hellip;]\" \/>\n<meta property=\"og:url\" content=\"https:\/\/www.livemag.it\/index.php\/2025\/08\/27\/spari-in-una-scuola-cattolica-a-minneapolis-uccisi-2-bambini\/\" \/>\n<meta property=\"og:site_name\" content=\"Live Magazine\" \/>\n<meta property=\"article:publisher\" content=\"https:\/\/www.facebook.com\/LiveMag\/\" \/>\n<meta property=\"article:published_time\" content=\"2025-08-27T19:04:06+00:00\" \/>\n<meta property=\"og:image\" content=\"https:\/\/www.livemag.it\/wp-content\/uploads\/2024\/02\/ograph.jpg\" \/>\n\t<meta property=\"og:image:width\" content=\"1200\" \/>\n\t<meta property=\"og:image:height\" content=\"675\" \/>\n\t<meta property=\"og:image:type\" content=\"image\/jpeg\" \/>\n<meta name=\"author\" content=\"italpress\" \/>\n<meta name=\"twitter:card\" content=\"summary_large_image\" \/>\n<meta name=\"twitter:creator\" content=\"@LiveNotizie\" \/>\n<meta name=\"twitter:site\" content=\"@LiveNotizie\" \/>\n<meta name=\"twitter:label1\" content=\"Scritto da\" \/>\n\t<meta name=\"twitter:data1\" content=\"italpress\" \/>\n\t<meta name=\"twitter:label2\" content=\"Tempo di lettura stimato\" \/>\n\t<meta name=\"twitter:data2\" content=\"1 minuto\" \/>\n<script type=\"application\/ld+json\" class=\"yoast-schema-graph\">{\"@context\":\"https:\\\/\\\/schema.org\",\"@graph\":[{\"@type\":\"Article\",\"@id\":\"https:\\\/\\\/www.livemag.it\\\/index.php\\\/2025\\\/08\\\/27\\\/spari-in-una-scuola-cattolica-a-minneapolis-uccisi-2-bambini\\\/#article\",\"isPartOf\":{\"@id\":\"https:\\\/\\\/www.livemag.it\\\/index.php\\\/2025\\\/08\\\/27\\\/spari-in-una-scuola-cattolica-a-minneapolis-uccisi-2-bambini\\\/\"},\"author\":{\"name\":\"italpress\",\"@id\":\"https:\\\/\\\/www.livemag.it\\\/#\\\/schema\\\/person\\\/b62c5f44451fdcdaeb0afe6c2424e73c\"},\"headline\":\"Spari in una scuola cattolica a Minneapolis, uccisi 2 bambini\",\"datePublished\":\"2025-08-27T19:04:06+00:00\",\"mainEntityOfPage\":{\"@id\":\"https:\\\/\\\/www.livemag.it\\\/index.php\\\/2025\\\/08\\\/27\\\/spari-in-una-scuola-cattolica-a-minneapolis-uccisi-2-bambini\\\/\"},\"wordCount\":170,\"publisher\":{\"@id\":\"https:\\\/\\\/www.livemag.it\\\/#organization\"},\"image\":{\"@id\":\"https:\\\/\\\/www.livemag.it\\\/index.php\\\/2025\\\/08\\\/27\\\/spari-in-una-scuola-cattolica-a-minneapolis-uccisi-2-bambini\\\/#primaryimage\"},\"thumbnailUrl\":\"https:\\\/\\\/www.livemag.it\\\/wp-content\\\/uploads\\\/2025\\\/08\\\/20250827_1917.jpg\",\"articleSection\":[\"Mondo\"],\"inLanguage\":\"it-IT\"},{\"@type\":\"WebPage\",\"@id\":\"https:\\\/\\\/www.livemag.it\\\/index.php\\\/2025\\\/08\\\/27\\\/spari-in-una-scuola-cattolica-a-minneapolis-uccisi-2-bambini\\\/\",\"url\":\"https:\\\/\\\/www.livemag.it\\\/index.php\\\/2025\\\/08\\\/27\\\/spari-in-una-scuola-cattolica-a-minneapolis-uccisi-2-bambini\\\/\",\"name\":\"Spari in una scuola cattolica a Minneapolis, uccisi 2 bambini - Live Magazine\",\"isPartOf\":{\"@id\":\"https:\\\/\\\/www.livemag.it\\\/#website\"},\"primaryImageOfPage\":{\"@id\":\"https:\\\/\\\/www.livemag.it\\\/index.php\\\/2025\\\/08\\\/27\\\/spari-in-una-scuola-cattolica-a-minneapolis-uccisi-2-bambini\\\/#primaryimage\"},\"image\":{\"@id\":\"https:\\\/\\\/www.livemag.it\\\/index.php\\\/2025\\\/08\\\/27\\\/spari-in-una-scuola-cattolica-a-minneapolis-uccisi-2-bambini\\\/#primaryimage\"},\"thumbnailUrl\":\"https:\\\/\\\/www.livemag.it\\\/wp-content\\\/uploads\\\/2025\\\/08\\\/20250827_1917.jpg\",\"datePublished\":\"2025-08-27T19:04:06+00:00\",\"breadcrumb\":{\"@id\":\"https:\\\/\\\/www.livemag.it\\\/index.php\\\/2025\\\/08\\\/27\\\/spari-in-una-scuola-cattolica-a-minneapolis-uccisi-2-bambini\\\/#breadcrumb\"},\"inLanguage\":\"it-IT\",\"potentialAction\":[{\"@type\":\"ReadAction\",\"target\":[\"https:\\\/\\\/www.livemag.it\\\/index.php\\\/2025\\\/08\\\/27\\\/spari-in-una-scuola-cattolica-a-minneapolis-uccisi-2-bambini\\\/\"]}]},{\"@type\":\"ImageObject\",\"inLanguage\":\"it-IT\",\"@id\":\"https:\\\/\\\/www.livemag.it\\\/index.php\\\/2025\\\/08\\\/27\\\/spari-in-una-scuola-cattolica-a-minneapolis-uccisi-2-bambini\\\/#primaryimage\",\"url\":\"https:\\\/\\\/www.livemag.it\\\/wp-content\\\/uploads\\\/2025\\\/08\\\/20250827_1917.jpg\",\"contentUrl\":\"https:\\\/\\\/www.livemag.it\\\/wp-content\\\/uploads\\\/2025\\\/08\\\/20250827_1917.jpg\",\"width\":1024,\"height\":684},{\"@type\":\"BreadcrumbList\",\"@id\":\"https:\\\/\\\/www.livemag.it\\\/index.php\\\/2025\\\/08\\\/27\\\/spari-in-una-scuola-cattolica-a-minneapolis-uccisi-2-bambini\\\/#breadcrumb\",\"itemListElement\":[{\"@type\":\"ListItem\",\"position\":1,\"name\":\"Home\",\"item\":\"https:\\\/\\\/www.livemag.it\\\/\"},{\"@type\":\"ListItem\",\"position\":2,\"name\":\"Spari in una scuola cattolica a Minneapolis, uccisi 2 bambini\"}]},{\"@type\":\"WebSite\",\"@id\":\"https:\\\/\\\/www.livemag.it\\\/#website\",\"url\":\"https:\\\/\\\/www.livemag.it\\\/\",\"name\":\"Live Magazine\",\"description\":\"Varie ed eventi\",\"publisher\":{\"@id\":\"https:\\\/\\\/www.livemag.it\\\/#organization\"},\"potentialAction\":[{\"@type\":\"SearchAction\",\"target\":{\"@type\":\"EntryPoint\",\"urlTemplate\":\"https:\\\/\\\/www.livemag.it\\\/?s={search_term_string}\"},\"query-input\":{\"@type\":\"PropertyValueSpecification\",\"valueRequired\":true,\"valueName\":\"search_term_string\"}}],\"inLanguage\":\"it-IT\"},{\"@type\":\"Organization\",\"@id\":\"https:\\\/\\\/www.livemag.it\\\/#organization\",\"name\":\"LiveMag\",\"alternateName\":\"LiveMag News ed eventi\",\"url\":\"https:\\\/\\\/www.livemag.it\\\/\",\"logo\":{\"@type\":\"ImageObject\",\"inLanguage\":\"it-IT\",\"@id\":\"https:\\\/\\\/www.livemag.it\\\/#\\\/schema\\\/logo\\\/image\\\/\",\"url\":\"https:\\\/\\\/www.livemag.it\\\/wp-content\\\/uploads\\\/2024\\\/02\\\/immagine-sito.jpg\",\"contentUrl\":\"https:\\\/\\\/www.livemag.it\\\/wp-content\\\/uploads\\\/2024\\\/02\\\/immagine-sito.jpg\",\"width\":696,\"height\":696,\"caption\":\"LiveMag\"},\"image\":{\"@id\":\"https:\\\/\\\/www.livemag.it\\\/#\\\/schema\\\/logo\\\/image\\\/\"},\"sameAs\":[\"https:\\\/\\\/www.facebook.com\\\/LiveMag\\\/\",\"https:\\\/\\\/x.com\\\/LiveNotizie\",\"https:\\\/\\\/www.instagram.com\\\/livemag\\\/\"]},{\"@type\":\"Person\",\"@id\":\"https:\\\/\\\/www.livemag.it\\\/#\\\/schema\\\/person\\\/b62c5f44451fdcdaeb0afe6c2424e73c\",\"name\":\"italpress\",\"image\":{\"@type\":\"ImageObject\",\"inLanguage\":\"it-IT\",\"@id\":\"https:\\\/\\\/secure.gravatar.com\\\/avatar\\\/b6a21695fc713ce7ee312cf57c97e2e641feb365be72d8745574d3c3e2b59066?s=96&r=g\",\"url\":\"https:\\\/\\\/secure.gravatar.com\\\/avatar\\\/b6a21695fc713ce7ee312cf57c97e2e641feb365be72d8745574d3c3e2b59066?s=96&r=g\",\"contentUrl\":\"https:\\\/\\\/secure.gravatar.com\\\/avatar\\\/b6a21695fc713ce7ee312cf57c97e2e641feb365be72d8745574d3c3e2b59066?s=96&r=g\",\"caption\":\"italpress\"},\"description\":\"Italpress \u00e8 un'agenzia di stampa italiana a carattere nazionale.\",\"url\":\"https:\\\/\\\/www.livemag.it\\\/index.php\\\/author\\\/italpress\\\/\"}]}<\/script>\n<!-- \/ Yoast SEO plugin. -->","yoast_head_json":{"title":"Spari in una scuola cattolica a Minneapolis, uccisi 2 bambini - Live Magazine","robots":{"index":"index","follow":"follow","max-snippet":"max-snippet:-1","max-image-preview":"max-image-preview:large","max-video-preview":"max-video-preview:-1"},"canonical":"https:\/\/www.livemag.it\/index.php\/2025\/08\/27\/spari-in-una-scuola-cattolica-a-minneapolis-uccisi-2-bambini\/","og_locale":"it_IT","og_type":"article","og_title":"Spari in una scuola cattolica a Minneapolis, uccisi 2 bambini - Live Magazine","og_description":"MINNEAPOLIS (STATI UNITI) (ITALPRESS) \u2013 Un uomo armato di fucile ha aperto il fuoco all\u2019interno di una chiesa e scuola cattolica di Minneapolis, in Minnesota. Sono due bambini, di 8 e 10 anni, le vittime accertate: A sparare con un fucile un 20enne che, stando a fonti della polizia citate dalla Cnn, si sarebbe poi [&hellip;]","og_url":"https:\/\/www.livemag.it\/index.php\/2025\/08\/27\/spari-in-una-scuola-cattolica-a-minneapolis-uccisi-2-bambini\/","og_site_name":"Live Magazine","article_publisher":"https:\/\/www.facebook.com\/LiveMag\/","article_published_time":"2025-08-27T19:04:06+00:00","og_image":[{"width":1200,"height":675,"url":"https:\/\/www.livemag.it\/wp-content\/uploads\/2024\/02\/ograph.jpg","type":"image\/jpeg"}],"author":"italpress","twitter_card":"summary_large_image","twitter_creator":"@LiveNotizie","twitter_site":"@LiveNotizie","twitter_misc":{"Scritto da":"italpress","Tempo di lettura stimato":"1 minuto"},"schema":{"@context":"https:\/\/schema.org","@graph":[{"@type":"Article","@id":"https:\/\/www.livemag.it\/index.php\/2025\/08\/27\/spari-in-una-scuola-cattolica-a-minneapolis-uccisi-2-bambini\/#article","isPartOf":{"@id":"https:\/\/www.livemag.it\/index.php\/2025\/08\/27\/spari-in-una-scuola-cattolica-a-minneapolis-uccisi-2-bambini\/"},"author":{"name":"italpress","@id":"https:\/\/www.livemag.it\/#\/schema\/person\/b62c5f44451fdcdaeb0afe6c2424e73c"},"headline":"Spari in una scuola cattolica a Minneapolis, uccisi 2 bambini","datePublished":"2025-08-27T19:04:06+00:00","mainEntityOfPage":{"@id":"https:\/\/www.livemag.it\/index.php\/2025\/08\/27\/spari-in-una-scuola-cattolica-a-minneapolis-uccisi-2-bambini\/"},"wordCount":170,"publisher":{"@id":"https:\/\/www.livemag.it\/#organization"},"image":{"@id":"https:\/\/www.livemag.it\/index.php\/2025\/08\/27\/spari-in-una-scuola-cattolica-a-minneapolis-uccisi-2-bambini\/#primaryimage"},"thumbnailUrl":"https:\/\/www.livemag.it\/wp-content\/uploads\/2025\/08\/20250827_1917.jpg","articleSection":["Mondo"],"inLanguage":"it-IT"},{"@type":"WebPage","@id":"https:\/\/www.livemag.it\/index.php\/2025\/08\/27\/spari-in-una-scuola-cattolica-a-minneapolis-uccisi-2-bambini\/","url":"https:\/\/www.livemag.it\/index.php\/2025\/08\/27\/spari-in-una-scuola-cattolica-a-minneapolis-uccisi-2-bambini\/","name":"Spari in una scuola cattolica a Minneapolis, uccisi 2 bambini - Live Magazine","isPartOf":{"@id":"https:\/\/www.livemag.it\/#website"},"primaryImageOfPage":{"@id":"https:\/\/www.livemag.it\/index.php\/2025\/08\/27\/spari-in-una-scuola-cattolica-a-minneapolis-uccisi-2-bambini\/#primaryimage"},"image":{"@id":"https:\/\/www.livemag.it\/index.php\/2025\/08\/27\/spari-in-una-scuola-cattolica-a-minneapolis-uccisi-2-bambini\/#primaryimage"},"thumbnailUrl":"https:\/\/www.livemag.it\/wp-content\/uploads\/2025\/08\/20250827_1917.jpg","datePublished":"2025-08-27T19:04:06+00:00","breadcrumb":{"@id":"https:\/\/www.livemag.it\/index.php\/2025\/08\/27\/spari-in-una-scuola-cattolica-a-minneapolis-uccisi-2-bambini\/#breadcrumb"},"inLanguage":"it-IT","potentialAction":[{"@type":"ReadAction","target":["https:\/\/www.livemag.it\/index.php\/2025\/08\/27\/spari-in-una-scuola-cattolica-a-minneapolis-uccisi-2-bambini\/"]}]},{"@type":"ImageObject","inLanguage":"it-IT","@id":"https:\/\/www.livemag.it\/index.php\/2025\/08\/27\/spari-in-una-scuola-cattolica-a-minneapolis-uccisi-2-bambini\/#primaryimage","url":"https:\/\/www.livemag.it\/wp-content\/uploads\/2025\/08\/20250827_1917.jpg","contentUrl":"https:\/\/www.livemag.it\/wp-content\/uploads\/2025\/08\/20250827_1917.jpg","width":1024,"height":684},{"@type":"BreadcrumbList","@id":"https:\/\/www.livemag.it\/index.php\/2025\/08\/27\/spari-in-una-scuola-cattolica-a-minneapolis-uccisi-2-bambini\/#breadcrumb","itemListElement":[{"@type":"ListItem","position":1,"name":"Home","item":"https:\/\/www.livemag.it\/"},{"@type":"ListItem","position":2,"name":"Spari in una scuola cattolica a Minneapolis, uccisi 2 bambini"}]},{"@type":"WebSite","@id":"https:\/\/www.livemag.it\/#website","url":"https:\/\/www.livemag.it\/","name":"Live Magazine","description":"Varie ed eventi","publisher":{"@id":"https:\/\/www.livemag.it\/#organization"},"potentialAction":[{"@type":"SearchAction","target":{"@type":"EntryPoint","urlTemplate":"https:\/\/www.livemag.it\/?s={search_term_string}"},"query-input":{"@type":"PropertyValueSpecification","valueRequired":true,"valueName":"search_term_string"}}],"inLanguage":"it-IT"},{"@type":"Organization","@id":"https:\/\/www.livemag.it\/#organization","name":"LiveMag","alternateName":"LiveMag News ed eventi","url":"https:\/\/www.livemag.it\/","logo":{"@type":"ImageObject","inLanguage":"it-IT","@id":"https:\/\/www.livemag.it\/#\/schema\/logo\/image\/","url":"https:\/\/www.livemag.it\/wp-content\/uploads\/2024\/02\/immagine-sito.jpg","contentUrl":"https:\/\/www.livemag.it\/wp-content\/uploads\/2024\/02\/immagine-sito.jpg","width":696,"height":696,"caption":"LiveMag"},"image":{"@id":"https:\/\/www.livemag.it\/#\/schema\/logo\/image\/"},"sameAs":["https:\/\/www.facebook.com\/LiveMag\/","https:\/\/x.com\/LiveNotizie","https:\/\/www.instagram.com\/livemag\/"]},{"@type":"Person","@id":"https:\/\/www.livemag.it\/#\/schema\/person\/b62c5f44451fdcdaeb0afe6c2424e73c","name":"italpress","image":{"@type":"ImageObject","inLanguage":"it-IT","@id":"https:\/\/secure.gravatar.com\/avatar\/b6a21695fc713ce7ee312cf57c97e2e641feb365be72d8745574d3c3e2b59066?s=96&r=g","url":"https:\/\/secure.gravatar.com\/avatar\/b6a21695fc713ce7ee312cf57c97e2e641feb365be72d8745574d3c3e2b59066?s=96&r=g","contentUrl":"https:\/\/secure.gravatar.com\/avatar\/b6a21695fc713ce7ee312cf57c97e2e641feb365be72d8745574d3c3e2b59066?s=96&r=g","caption":"italpress"},"description":"Italpress \u00e8 un'agenzia di stampa italiana a carattere nazionale.","url":"https:\/\/www.livemag.it\/index.php\/author\/italpress\/"}]}},"jetpack_featured_media_url":"https:\/\/www.livemag.it\/wp-content\/uploads\/2025\/08\/20250827_1917.jpg","_links":{"self":[{"href":"https:\/\/www.livemag.it\/index.php\/wp-json\/wp\/v2\/posts\/57699","targetHints":{"allow":["GET"]}}],"collection":[{"href":"https:\/\/www.livemag.it\/index.php\/wp-json\/wp\/v2\/posts"}],"about":[{"href":"https:\/\/www.livemag.it\/index.php\/wp-json\/wp\/v2\/types\/post"}],"author":[{"embeddable":true,"href":"https:\/\/www.livemag.it\/index.php\/wp-json\/wp\/v2\/users\/16"}],"replies":[{"embeddable":true,"href":"https:\/\/www.livemag.it\/index.php\/wp-json\/wp\/v2\/comments?post=57699"}],"version-history":[{"count":0,"href":"https:\/\/www.livemag.it\/index.php\/wp-json\/wp\/v2\/posts\/57699\/revisions"}],"wp:featuredmedia":[{"embeddable":true,"href":"https:\/\/www.livemag.it\/index.php\/wp-json\/wp\/v2\/media\/57700"}],"wp:attachment":[{"href":"https:\/\/www.livemag.it\/index.php\/wp-json\/wp\/v2\/media?parent=57699"}],"wp:term":[{"taxonomy":"category","embeddable":true,"href":"https:\/\/www.livemag.it\/index.php\/wp-json\/wp\/v2\/categories?post=57699"},{"taxonomy":"post_tag","embeddable":true,"href":"https:\/\/www.livemag.it\/index.php\/wp-json\/wp\/v2\/tags?post=57699"}],"curies":[{"name":"wp","href":"https:\/\/api.w.org\/{rel}","templated":true}]}}