{"id":57695,"date":"2025-08-27T21:03:43","date_gmt":"2025-08-27T19:03:43","guid":{"rendered":"https:\/\/www.livemag.it\/index.php\/2025\/08\/27\/giuli-mostra-del-cinema-di-venezia-luogo-di-confronto-senza-censure\/"},"modified":"2025-08-27T21:03:43","modified_gmt":"2025-08-27T19:03:43","slug":"giuli-mostra-del-cinema-di-venezia-luogo-di-confronto-senza-censure","status":"publish","type":"post","link":"https:\/\/www.livemag.it\/index.php\/2025\/08\/27\/giuli-mostra-del-cinema-di-venezia-luogo-di-confronto-senza-censure\/","title":{"rendered":"<div>Giuli &#8220;Mostra del Cinema di Venezia luogo di confronto senza censure&#8221;<\/div>"},"content":{"rendered":"<p>    <video-js id=\"videojs69f16df70f214\" class=\"vjs-big-play-centered\" controls preload=\"auto\" playsinline data-setup='{\"fluid\": true}'>\r\n        <source src=\"https:\/\/video.italpress.com\/play\/mp4\/video\/N2gK\" type=\"video\/mp4\" \/>\r\n    <\/video-js>\r\n           <br \/>\n<\/p>\n<div> VENEZIA (ITALPRESS) &#8211; La mostra &#8220;si apre tra poco ma in realt\u00e0 si \u00e8 gi\u00e0 aperta con una grande festa di popolo oltre che di cultura cinematografica&#8221;. Lo ha detto il ministro della Cultura Alessandro Giuli in occasione della cerimonia inaugurale della Mostra del Cinema di Venezia. &#8220;La Biennale del Cinema e Venezia sono il palcoscenico del mondo &#8211; ha aggiunto -, ed \u00e8 giusto che il mondo volga il proprio sguardo qui per comprendere appieno il significato di ci\u00f2 che \u00e8 cultura in quanto dialogo, in quanto confronto, in quanto assenza di censura e volont\u00e0 di pace. Tutto il variopinto spettro delle posizioni politiche e culturali, naturalmente quelle legittime e che obbediscono ai criteri delle democrazie liberali, sono rappresentate. E questa \u00e8 la grandezza e la forza di Venezia, la grandezza e la forza della cultura in generale&#8221;, ha concluso.<\/p>\n<p>col3\/mca1<\/p>\n<p>(Fonte video: La Ragione)<\/p><\/div>\n","protected":false},"excerpt":{"rendered":"<p>VENEZIA (ITALPRESS) &#8211; La mostra &#8220;si apre tra poco ma in realt\u00e0 si \u00e8 gi\u00e0 aperta con una grande festa di popolo oltre che di cultura cinematografica&#8221;. Lo ha detto il ministro della Cultura Alessandro Giuli in occasione della cerimonia inaugurale della Mostra del Cinema di Venezia. &#8220;La Biennale del Cinema e Venezia sono il [&hellip;]<\/p>\n","protected":false},"author":16,"featured_media":57696,"comment_status":"closed","ping_status":"closed","sticky":false,"template":"","format":"video","meta":{"jnews-multi-image_gallery":[],"jnews_single_post":[],"jnews_primary_category":[],"jnews_social_meta":[],"jnews_override_counter":[],"jnews_post_split":[],"footnotes":""},"categories":[1171],"tags":[],"class_list":["post-57695","post","type-post","status-publish","format-video","has-post-thumbnail","hentry","category-video","post_format-post-format-video"],"yoast_head":"<!-- This site is optimized with the Yoast SEO plugin v27.5 - https:\/\/yoast.com\/product\/yoast-seo-wordpress\/ -->\n<title>Giuli &quot;Mostra del Cinema di Venezia luogo di confronto senza censure&quot; - Live Magazine<\/title>\n<meta name=\"robots\" content=\"index, follow, max-snippet:-1, max-image-preview:large, max-video-preview:-1\" \/>\n<link rel=\"canonical\" href=\"https:\/\/www.livemag.it\/index.php\/2025\/08\/27\/giuli-mostra-del-cinema-di-venezia-luogo-di-confronto-senza-censure\/\" \/>\n<meta property=\"og:locale\" content=\"it_IT\" \/>\n<meta property=\"og:type\" content=\"article\" \/>\n<meta property=\"og:title\" content=\"Giuli &quot;Mostra del Cinema di Venezia luogo di confronto senza censure&quot; - Live Magazine\" \/>\n<meta property=\"og:description\" content=\"VENEZIA (ITALPRESS) &#8211; La mostra &#8220;si apre tra poco ma in realt\u00e0 si \u00e8 gi\u00e0 aperta con una grande festa di popolo oltre che di cultura cinematografica&#8221;. Lo ha detto il ministro della Cultura Alessandro Giuli in occasione della cerimonia inaugurale della Mostra del Cinema di Venezia. &#8220;La Biennale del Cinema e Venezia sono il [&hellip;]\" \/>\n<meta property=\"og:url\" content=\"https:\/\/www.livemag.it\/index.php\/2025\/08\/27\/giuli-mostra-del-cinema-di-venezia-luogo-di-confronto-senza-censure\/\" \/>\n<meta property=\"og:site_name\" content=\"Live Magazine\" \/>\n<meta property=\"article:publisher\" content=\"https:\/\/www.facebook.com\/LiveMag\/\" \/>\n<meta property=\"article:published_time\" content=\"2025-08-27T19:03:43+00:00\" \/>\n<meta property=\"og:image\" content=\"https:\/\/www.livemag.it\/wp-content\/uploads\/2024\/02\/ograph.jpg\" \/>\n\t<meta property=\"og:image:width\" content=\"1200\" \/>\n\t<meta property=\"og:image:height\" content=\"675\" \/>\n\t<meta property=\"og:image:type\" content=\"image\/jpeg\" \/>\n<meta name=\"author\" content=\"italpress\" \/>\n<meta name=\"twitter:card\" content=\"summary_large_image\" \/>\n<meta name=\"twitter:creator\" content=\"@LiveNotizie\" \/>\n<meta name=\"twitter:site\" content=\"@LiveNotizie\" \/>\n<meta name=\"twitter:label1\" content=\"Scritto da\" \/>\n\t<meta name=\"twitter:data1\" content=\"italpress\" \/>\n\t<meta name=\"twitter:label2\" content=\"Tempo di lettura stimato\" \/>\n\t<meta name=\"twitter:data2\" content=\"1 minuto\" \/>\n<script type=\"application\/ld+json\" class=\"yoast-schema-graph\">{\"@context\":\"https:\\\/\\\/schema.org\",\"@graph\":[{\"@type\":\"Article\",\"@id\":\"https:\\\/\\\/www.livemag.it\\\/index.php\\\/2025\\\/08\\\/27\\\/giuli-mostra-del-cinema-di-venezia-luogo-di-confronto-senza-censure\\\/#article\",\"isPartOf\":{\"@id\":\"https:\\\/\\\/www.livemag.it\\\/index.php\\\/2025\\\/08\\\/27\\\/giuli-mostra-del-cinema-di-venezia-luogo-di-confronto-senza-censure\\\/\"},\"author\":{\"name\":\"italpress\",\"@id\":\"https:\\\/\\\/www.livemag.it\\\/#\\\/schema\\\/person\\\/b62c5f44451fdcdaeb0afe6c2424e73c\"},\"headline\":\"Giuli &#8220;Mostra del Cinema di Venezia luogo di confronto senza censure&#8221;\",\"datePublished\":\"2025-08-27T19:03:43+00:00\",\"mainEntityOfPage\":{\"@id\":\"https:\\\/\\\/www.livemag.it\\\/index.php\\\/2025\\\/08\\\/27\\\/giuli-mostra-del-cinema-di-venezia-luogo-di-confronto-senza-censure\\\/\"},\"wordCount\":166,\"publisher\":{\"@id\":\"https:\\\/\\\/www.livemag.it\\\/#organization\"},\"image\":{\"@id\":\"https:\\\/\\\/www.livemag.it\\\/index.php\\\/2025\\\/08\\\/27\\\/giuli-mostra-del-cinema-di-venezia-luogo-di-confronto-senza-censure\\\/#primaryimage\"},\"thumbnailUrl\":\"https:\\\/\\\/www.livemag.it\\\/wp-content\\\/uploads\\\/2025\\\/08\\\/N2gK.jpg\",\"articleSection\":[\"Video\"],\"inLanguage\":\"it-IT\"},{\"@type\":\"WebPage\",\"@id\":\"https:\\\/\\\/www.livemag.it\\\/index.php\\\/2025\\\/08\\\/27\\\/giuli-mostra-del-cinema-di-venezia-luogo-di-confronto-senza-censure\\\/\",\"url\":\"https:\\\/\\\/www.livemag.it\\\/index.php\\\/2025\\\/08\\\/27\\\/giuli-mostra-del-cinema-di-venezia-luogo-di-confronto-senza-censure\\\/\",\"name\":\"Giuli \\\"Mostra del Cinema di Venezia luogo di confronto senza censure\\\" - Live Magazine\",\"isPartOf\":{\"@id\":\"https:\\\/\\\/www.livemag.it\\\/#website\"},\"primaryImageOfPage\":{\"@id\":\"https:\\\/\\\/www.livemag.it\\\/index.php\\\/2025\\\/08\\\/27\\\/giuli-mostra-del-cinema-di-venezia-luogo-di-confronto-senza-censure\\\/#primaryimage\"},\"image\":{\"@id\":\"https:\\\/\\\/www.livemag.it\\\/index.php\\\/2025\\\/08\\\/27\\\/giuli-mostra-del-cinema-di-venezia-luogo-di-confronto-senza-censure\\\/#primaryimage\"},\"thumbnailUrl\":\"https:\\\/\\\/www.livemag.it\\\/wp-content\\\/uploads\\\/2025\\\/08\\\/N2gK.jpg\",\"datePublished\":\"2025-08-27T19:03:43+00:00\",\"breadcrumb\":{\"@id\":\"https:\\\/\\\/www.livemag.it\\\/index.php\\\/2025\\\/08\\\/27\\\/giuli-mostra-del-cinema-di-venezia-luogo-di-confronto-senza-censure\\\/#breadcrumb\"},\"inLanguage\":\"it-IT\",\"potentialAction\":[{\"@type\":\"ReadAction\",\"target\":[\"https:\\\/\\\/www.livemag.it\\\/index.php\\\/2025\\\/08\\\/27\\\/giuli-mostra-del-cinema-di-venezia-luogo-di-confronto-senza-censure\\\/\"]}]},{\"@type\":\"ImageObject\",\"inLanguage\":\"it-IT\",\"@id\":\"https:\\\/\\\/www.livemag.it\\\/index.php\\\/2025\\\/08\\\/27\\\/giuli-mostra-del-cinema-di-venezia-luogo-di-confronto-senza-censure\\\/#primaryimage\",\"url\":\"https:\\\/\\\/www.livemag.it\\\/wp-content\\\/uploads\\\/2025\\\/08\\\/N2gK.jpg\",\"contentUrl\":\"https:\\\/\\\/www.livemag.it\\\/wp-content\\\/uploads\\\/2025\\\/08\\\/N2gK.jpg\",\"width\":1920,\"height\":1080},{\"@type\":\"BreadcrumbList\",\"@id\":\"https:\\\/\\\/www.livemag.it\\\/index.php\\\/2025\\\/08\\\/27\\\/giuli-mostra-del-cinema-di-venezia-luogo-di-confronto-senza-censure\\\/#breadcrumb\",\"itemListElement\":[{\"@type\":\"ListItem\",\"position\":1,\"name\":\"Home\",\"item\":\"https:\\\/\\\/www.livemag.it\\\/\"},{\"@type\":\"ListItem\",\"position\":2,\"name\":\"Giuli &#8220;Mostra del Cinema di Venezia luogo di confronto senza censure&#8221;\"}]},{\"@type\":\"WebSite\",\"@id\":\"https:\\\/\\\/www.livemag.it\\\/#website\",\"url\":\"https:\\\/\\\/www.livemag.it\\\/\",\"name\":\"Live Magazine\",\"description\":\"Varie ed eventi\",\"publisher\":{\"@id\":\"https:\\\/\\\/www.livemag.it\\\/#organization\"},\"potentialAction\":[{\"@type\":\"SearchAction\",\"target\":{\"@type\":\"EntryPoint\",\"urlTemplate\":\"https:\\\/\\\/www.livemag.it\\\/?s={search_term_string}\"},\"query-input\":{\"@type\":\"PropertyValueSpecification\",\"valueRequired\":true,\"valueName\":\"search_term_string\"}}],\"inLanguage\":\"it-IT\"},{\"@type\":\"Organization\",\"@id\":\"https:\\\/\\\/www.livemag.it\\\/#organization\",\"name\":\"LiveMag\",\"alternateName\":\"LiveMag News ed eventi\",\"url\":\"https:\\\/\\\/www.livemag.it\\\/\",\"logo\":{\"@type\":\"ImageObject\",\"inLanguage\":\"it-IT\",\"@id\":\"https:\\\/\\\/www.livemag.it\\\/#\\\/schema\\\/logo\\\/image\\\/\",\"url\":\"https:\\\/\\\/www.livemag.it\\\/wp-content\\\/uploads\\\/2024\\\/02\\\/immagine-sito.jpg\",\"contentUrl\":\"https:\\\/\\\/www.livemag.it\\\/wp-content\\\/uploads\\\/2024\\\/02\\\/immagine-sito.jpg\",\"width\":696,\"height\":696,\"caption\":\"LiveMag\"},\"image\":{\"@id\":\"https:\\\/\\\/www.livemag.it\\\/#\\\/schema\\\/logo\\\/image\\\/\"},\"sameAs\":[\"https:\\\/\\\/www.facebook.com\\\/LiveMag\\\/\",\"https:\\\/\\\/x.com\\\/LiveNotizie\",\"https:\\\/\\\/www.instagram.com\\\/livemag\\\/\"]},{\"@type\":\"Person\",\"@id\":\"https:\\\/\\\/www.livemag.it\\\/#\\\/schema\\\/person\\\/b62c5f44451fdcdaeb0afe6c2424e73c\",\"name\":\"italpress\",\"image\":{\"@type\":\"ImageObject\",\"inLanguage\":\"it-IT\",\"@id\":\"https:\\\/\\\/secure.gravatar.com\\\/avatar\\\/b6a21695fc713ce7ee312cf57c97e2e641feb365be72d8745574d3c3e2b59066?s=96&r=g\",\"url\":\"https:\\\/\\\/secure.gravatar.com\\\/avatar\\\/b6a21695fc713ce7ee312cf57c97e2e641feb365be72d8745574d3c3e2b59066?s=96&r=g\",\"contentUrl\":\"https:\\\/\\\/secure.gravatar.com\\\/avatar\\\/b6a21695fc713ce7ee312cf57c97e2e641feb365be72d8745574d3c3e2b59066?s=96&r=g\",\"caption\":\"italpress\"},\"description\":\"Italpress \u00e8 un'agenzia di stampa italiana a carattere nazionale.\",\"url\":\"https:\\\/\\\/www.livemag.it\\\/index.php\\\/author\\\/italpress\\\/\"}]}<\/script>\n<!-- \/ Yoast SEO plugin. -->","yoast_head_json":{"title":"Giuli \"Mostra del Cinema di Venezia luogo di confronto senza censure\" - Live Magazine","robots":{"index":"index","follow":"follow","max-snippet":"max-snippet:-1","max-image-preview":"max-image-preview:large","max-video-preview":"max-video-preview:-1"},"canonical":"https:\/\/www.livemag.it\/index.php\/2025\/08\/27\/giuli-mostra-del-cinema-di-venezia-luogo-di-confronto-senza-censure\/","og_locale":"it_IT","og_type":"article","og_title":"Giuli \"Mostra del Cinema di Venezia luogo di confronto senza censure\" - Live Magazine","og_description":"VENEZIA (ITALPRESS) &#8211; La mostra &#8220;si apre tra poco ma in realt\u00e0 si \u00e8 gi\u00e0 aperta con una grande festa di popolo oltre che di cultura cinematografica&#8221;. Lo ha detto il ministro della Cultura Alessandro Giuli in occasione della cerimonia inaugurale della Mostra del Cinema di Venezia. &#8220;La Biennale del Cinema e Venezia sono il [&hellip;]","og_url":"https:\/\/www.livemag.it\/index.php\/2025\/08\/27\/giuli-mostra-del-cinema-di-venezia-luogo-di-confronto-senza-censure\/","og_site_name":"Live Magazine","article_publisher":"https:\/\/www.facebook.com\/LiveMag\/","article_published_time":"2025-08-27T19:03:43+00:00","og_image":[{"width":1200,"height":675,"url":"https:\/\/www.livemag.it\/wp-content\/uploads\/2024\/02\/ograph.jpg","type":"image\/jpeg"}],"author":"italpress","twitter_card":"summary_large_image","twitter_creator":"@LiveNotizie","twitter_site":"@LiveNotizie","twitter_misc":{"Scritto da":"italpress","Tempo di lettura stimato":"1 minuto"},"schema":{"@context":"https:\/\/schema.org","@graph":[{"@type":"Article","@id":"https:\/\/www.livemag.it\/index.php\/2025\/08\/27\/giuli-mostra-del-cinema-di-venezia-luogo-di-confronto-senza-censure\/#article","isPartOf":{"@id":"https:\/\/www.livemag.it\/index.php\/2025\/08\/27\/giuli-mostra-del-cinema-di-venezia-luogo-di-confronto-senza-censure\/"},"author":{"name":"italpress","@id":"https:\/\/www.livemag.it\/#\/schema\/person\/b62c5f44451fdcdaeb0afe6c2424e73c"},"headline":"Giuli &#8220;Mostra del Cinema di Venezia luogo di confronto senza censure&#8221;","datePublished":"2025-08-27T19:03:43+00:00","mainEntityOfPage":{"@id":"https:\/\/www.livemag.it\/index.php\/2025\/08\/27\/giuli-mostra-del-cinema-di-venezia-luogo-di-confronto-senza-censure\/"},"wordCount":166,"publisher":{"@id":"https:\/\/www.livemag.it\/#organization"},"image":{"@id":"https:\/\/www.livemag.it\/index.php\/2025\/08\/27\/giuli-mostra-del-cinema-di-venezia-luogo-di-confronto-senza-censure\/#primaryimage"},"thumbnailUrl":"https:\/\/www.livemag.it\/wp-content\/uploads\/2025\/08\/N2gK.jpg","articleSection":["Video"],"inLanguage":"it-IT"},{"@type":"WebPage","@id":"https:\/\/www.livemag.it\/index.php\/2025\/08\/27\/giuli-mostra-del-cinema-di-venezia-luogo-di-confronto-senza-censure\/","url":"https:\/\/www.livemag.it\/index.php\/2025\/08\/27\/giuli-mostra-del-cinema-di-venezia-luogo-di-confronto-senza-censure\/","name":"Giuli \"Mostra del Cinema di Venezia luogo di confronto senza censure\" - Live Magazine","isPartOf":{"@id":"https:\/\/www.livemag.it\/#website"},"primaryImageOfPage":{"@id":"https:\/\/www.livemag.it\/index.php\/2025\/08\/27\/giuli-mostra-del-cinema-di-venezia-luogo-di-confronto-senza-censure\/#primaryimage"},"image":{"@id":"https:\/\/www.livemag.it\/index.php\/2025\/08\/27\/giuli-mostra-del-cinema-di-venezia-luogo-di-confronto-senza-censure\/#primaryimage"},"thumbnailUrl":"https:\/\/www.livemag.it\/wp-content\/uploads\/2025\/08\/N2gK.jpg","datePublished":"2025-08-27T19:03:43+00:00","breadcrumb":{"@id":"https:\/\/www.livemag.it\/index.php\/2025\/08\/27\/giuli-mostra-del-cinema-di-venezia-luogo-di-confronto-senza-censure\/#breadcrumb"},"inLanguage":"it-IT","potentialAction":[{"@type":"ReadAction","target":["https:\/\/www.livemag.it\/index.php\/2025\/08\/27\/giuli-mostra-del-cinema-di-venezia-luogo-di-confronto-senza-censure\/"]}]},{"@type":"ImageObject","inLanguage":"it-IT","@id":"https:\/\/www.livemag.it\/index.php\/2025\/08\/27\/giuli-mostra-del-cinema-di-venezia-luogo-di-confronto-senza-censure\/#primaryimage","url":"https:\/\/www.livemag.it\/wp-content\/uploads\/2025\/08\/N2gK.jpg","contentUrl":"https:\/\/www.livemag.it\/wp-content\/uploads\/2025\/08\/N2gK.jpg","width":1920,"height":1080},{"@type":"BreadcrumbList","@id":"https:\/\/www.livemag.it\/index.php\/2025\/08\/27\/giuli-mostra-del-cinema-di-venezia-luogo-di-confronto-senza-censure\/#breadcrumb","itemListElement":[{"@type":"ListItem","position":1,"name":"Home","item":"https:\/\/www.livemag.it\/"},{"@type":"ListItem","position":2,"name":"Giuli &#8220;Mostra del Cinema di Venezia luogo di confronto senza censure&#8221;"}]},{"@type":"WebSite","@id":"https:\/\/www.livemag.it\/#website","url":"https:\/\/www.livemag.it\/","name":"Live Magazine","description":"Varie ed eventi","publisher":{"@id":"https:\/\/www.livemag.it\/#organization"},"potentialAction":[{"@type":"SearchAction","target":{"@type":"EntryPoint","urlTemplate":"https:\/\/www.livemag.it\/?s={search_term_string}"},"query-input":{"@type":"PropertyValueSpecification","valueRequired":true,"valueName":"search_term_string"}}],"inLanguage":"it-IT"},{"@type":"Organization","@id":"https:\/\/www.livemag.it\/#organization","name":"LiveMag","alternateName":"LiveMag News ed eventi","url":"https:\/\/www.livemag.it\/","logo":{"@type":"ImageObject","inLanguage":"it-IT","@id":"https:\/\/www.livemag.it\/#\/schema\/logo\/image\/","url":"https:\/\/www.livemag.it\/wp-content\/uploads\/2024\/02\/immagine-sito.jpg","contentUrl":"https:\/\/www.livemag.it\/wp-content\/uploads\/2024\/02\/immagine-sito.jpg","width":696,"height":696,"caption":"LiveMag"},"image":{"@id":"https:\/\/www.livemag.it\/#\/schema\/logo\/image\/"},"sameAs":["https:\/\/www.facebook.com\/LiveMag\/","https:\/\/x.com\/LiveNotizie","https:\/\/www.instagram.com\/livemag\/"]},{"@type":"Person","@id":"https:\/\/www.livemag.it\/#\/schema\/person\/b62c5f44451fdcdaeb0afe6c2424e73c","name":"italpress","image":{"@type":"ImageObject","inLanguage":"it-IT","@id":"https:\/\/secure.gravatar.com\/avatar\/b6a21695fc713ce7ee312cf57c97e2e641feb365be72d8745574d3c3e2b59066?s=96&r=g","url":"https:\/\/secure.gravatar.com\/avatar\/b6a21695fc713ce7ee312cf57c97e2e641feb365be72d8745574d3c3e2b59066?s=96&r=g","contentUrl":"https:\/\/secure.gravatar.com\/avatar\/b6a21695fc713ce7ee312cf57c97e2e641feb365be72d8745574d3c3e2b59066?s=96&r=g","caption":"italpress"},"description":"Italpress \u00e8 un'agenzia di stampa italiana a carattere nazionale.","url":"https:\/\/www.livemag.it\/index.php\/author\/italpress\/"}]}},"jetpack_featured_media_url":"https:\/\/www.livemag.it\/wp-content\/uploads\/2025\/08\/N2gK.jpg","_links":{"self":[{"href":"https:\/\/www.livemag.it\/index.php\/wp-json\/wp\/v2\/posts\/57695","targetHints":{"allow":["GET"]}}],"collection":[{"href":"https:\/\/www.livemag.it\/index.php\/wp-json\/wp\/v2\/posts"}],"about":[{"href":"https:\/\/www.livemag.it\/index.php\/wp-json\/wp\/v2\/types\/post"}],"author":[{"embeddable":true,"href":"https:\/\/www.livemag.it\/index.php\/wp-json\/wp\/v2\/users\/16"}],"replies":[{"embeddable":true,"href":"https:\/\/www.livemag.it\/index.php\/wp-json\/wp\/v2\/comments?post=57695"}],"version-history":[{"count":0,"href":"https:\/\/www.livemag.it\/index.php\/wp-json\/wp\/v2\/posts\/57695\/revisions"}],"wp:featuredmedia":[{"embeddable":true,"href":"https:\/\/www.livemag.it\/index.php\/wp-json\/wp\/v2\/media\/57696"}],"wp:attachment":[{"href":"https:\/\/www.livemag.it\/index.php\/wp-json\/wp\/v2\/media?parent=57695"}],"wp:term":[{"taxonomy":"category","embeddable":true,"href":"https:\/\/www.livemag.it\/index.php\/wp-json\/wp\/v2\/categories?post=57695"},{"taxonomy":"post_tag","embeddable":true,"href":"https:\/\/www.livemag.it\/index.php\/wp-json\/wp\/v2\/tags?post=57695"}],"curies":[{"name":"wp","href":"https:\/\/api.w.org\/{rel}","templated":true}]}}