{"id":57690,"date":"2025-08-27T18:59:10","date_gmt":"2025-08-27T16:59:10","guid":{"rendered":"https:\/\/www.livemag.it\/?p=57690"},"modified":"2025-08-27T19:13:29","modified_gmt":"2025-08-27T17:13:29","slug":"week-end-musicale-imperdibile-al-pineta-milano-marittima","status":"publish","type":"post","link":"https:\/\/www.livemag.it\/index.php\/2025\/08\/27\/week-end-musicale-imperdibile-al-pineta-milano-marittima\/","title":{"rendered":"Week-end musicale imperdibile al Pineta Milano Marittima"},"content":{"rendered":"\n<h2 class=\"wp-block-heading\">Mamacita infiamma la serata di venerd\u00ec<\/h2>\n\n\n\n<p>Il fine settimana conclusivo di agosto si preannuncia particolarmente intenso per la nightlife romagnola. Il <strong>Pineta Milano Marittima<\/strong>, locale storico della riviera, ospiter\u00e0 due eventi di rilievo che concluderanno il calendario di agosto.<\/p>\n\n\n\n<p>Venerd\u00ec 29 agosto vedr\u00e0 protagonista <strong>Mamacita<\/strong>, format musicale nato in Italia e oggi diffuso a livello internazionale. Considerato un punto di riferimento per la scena urban, unisce reggaeton, hip hop, R\u2019n\u2019B e dancehall in un mix che negli anni ha saputo conquistare un pubblico ampio e trasversale. La data al <strong>Pineta Milano Marittima<\/strong> si inserisce all\u2019interno di un tour estivo che ha toccato numerose localit\u00e0, testimoniando la crescita di popolarit\u00e0 di questo genere musicale. L\u2019evento \u00e8 realizzato in collaborazione con <strong>Radio 105<\/strong>, partner ufficiale del progetto.<\/p>\n\n\n<div class=\"wp-block-image\">\n<figure class=\"alignright size-full is-resized\"><img fetchpriority=\"high\" decoding=\"async\" width=\"441\" height=\"401\" src=\"https:\/\/www.livemag.it\/wp-content\/uploads\/2025\/08\/sofia-samori-.jpg\" alt=\"sofia samor\u00ec\" class=\"wp-image-57692\" style=\"width:347px;height:auto\" srcset=\"https:\/\/www.livemag.it\/wp-content\/uploads\/2025\/08\/sofia-samori-.jpg 441w, https:\/\/www.livemag.it\/wp-content\/uploads\/2025\/08\/sofia-samori--300x273.jpg 300w\" sizes=\"(max-width: 441px) 100vw, 441px\" \/><figcaption class=\"wp-element-caption\">sofia samor\u00ec<\/figcaption><\/figure>\n<\/div>\n\n\n<h3 class=\"wp-block-heading\">Tremenda anima la notte di sabato<\/h3>\n\n\n\n<p>Il giorno successivo, sabato 30 agosto, la programmazione proporr\u00e0 invece la serata <strong>Tremenda<\/strong>. Un evento dal carattere differente, che punta su energia, musica e intrattenimento, con un format pensato per coinvolgere il pubblico e offrire una prospettiva diversa rispetto alla notte precedente.<\/p>\n\n\n\n<h3 class=\"wp-block-heading\">Pineta Milano Marittima conferma il ruolo centrale nella movida<\/h3>\n\n\n\n<p>Con questa doppia proposta, il <strong>Pineta Milano Marittima<\/strong> conferma il proprio ruolo centrale nella movida della riviera, capace di accogliere format di varia natura e intercettare differenti tendenze musicali. Gli appuntamenti del 29 e 30 agosto si presentano come <strong>due tappe significative per comprendere l\u2019evoluzione dei linguaggi e delle modalit\u00e0 di fruizione del clubbing contemporaneo<\/strong>.<\/p>\n\n\n\n<p><a href=\"https:\/\/www.instagram.com\/altomura\/00?hl=it\" target=\"_blank\" rel=\"noreferrer noopener\">A cura di Mario Altomura<\/a><br><a href=\"https:\/\/www.bollicinevip.com\/il-vino-sfida-i-confini-linnovazione-tra-ia-blockchain-e-spazio\/\">Leggi anche: Il vino sfida i confini, l&#8217;innovazione tra I.A. blockchain&nbsp;e&nbsp;spazio<\/a><\/p>\n","protected":false},"excerpt":{"rendered":"<p>Mamacita infiamma la serata di venerd\u00ec Il fine settimana conclusivo di agosto si preannuncia particolarmente intenso per la nightlife romagnola. Il Pineta Milano Marittima, locale storico della riviera, ospiter\u00e0 due eventi di rilievo che concluderanno il calendario di agosto. Venerd\u00ec 29 agosto vedr\u00e0 protagonista Mamacita, format musicale nato in Italia e oggi diffuso a livello [&hellip;]<\/p>\n","protected":false},"author":20,"featured_media":57691,"comment_status":"open","ping_status":"open","sticky":false,"template":"","format":"standard","meta":{"jnews-multi-image_gallery":[],"jnews_single_post":{"format":"standard"},"jnews_primary_category":[],"jnews_social_meta":[],"jnews_override_counter":[],"jnews_post_split":[],"footnotes":""},"categories":[152,90,8,2],"tags":[6084,7670,3603,2567,3891,2708,7669,2868,5736,174,397,7667,2278,7671,7668,711,2871,2214,2135,7502],"class_list":["post-57690","post","type-post","status-publish","format-standard","has-post-thumbnail","hentry","category-events","category-liveevent","category-livemusic","category-livepeople","tag-clubbing","tag-dancehall","tag-energia","tag-format","tag-hip-hop","tag-intrattenimento","tag-mamacita","tag-milano-marittima","tag-movida","tag-musica","tag-nightlife","tag-pineta-milano-marittima","tag-pubblico","tag-rnb","tag-radio-105","tag-reggaeton","tag-riviera","tag-serata","tag-tour","tag-urban"],"yoast_head":"<!-- This site is optimized with the Yoast SEO plugin v27.5 - https:\/\/yoast.com\/product\/yoast-seo-wordpress\/ -->\n<title>Week-end musicale imperdibile al Pineta Milano Marittima<\/title>\n<meta name=\"description\" content=\"Il Pineta Milano Marittima, locale storico della riviera, ospiter\u00e0 due eventi di rilievo che concluderanno il calendario di agosto\" \/>\n<meta name=\"robots\" content=\"index, follow, max-snippet:-1, max-image-preview:large, max-video-preview:-1\" \/>\n<link rel=\"canonical\" href=\"https:\/\/www.livemag.it\/index.php\/2025\/08\/27\/week-end-musicale-imperdibile-al-pineta-milano-marittima\/\" \/>\n<meta property=\"og:locale\" content=\"it_IT\" \/>\n<meta property=\"og:type\" content=\"article\" \/>\n<meta property=\"og:title\" content=\"Week-end musicale imperdibile al Pineta Milano Marittima\" \/>\n<meta property=\"og:description\" content=\"Il Pineta Milano Marittima, locale storico della riviera, ospiter\u00e0 due eventi di rilievo che concluderanno il calendario di agosto\" \/>\n<meta property=\"og:url\" content=\"https:\/\/www.livemag.it\/index.php\/2025\/08\/27\/week-end-musicale-imperdibile-al-pineta-milano-marittima\/\" \/>\n<meta property=\"og:site_name\" content=\"Live Magazine\" \/>\n<meta property=\"article:publisher\" content=\"https:\/\/www.facebook.com\/LiveMag\/\" \/>\n<meta property=\"article:published_time\" content=\"2025-08-27T16:59:10+00:00\" \/>\n<meta property=\"article:modified_time\" content=\"2025-08-27T17:13:29+00:00\" \/>\n<meta property=\"og:image\" content=\"https:\/\/www.livemag.it\/wp-content\/uploads\/2025\/08\/Pineta-ph-fb-scaled.jpg\" \/>\n\t<meta property=\"og:image:width\" content=\"2560\" \/>\n\t<meta property=\"og:image:height\" content=\"948\" \/>\n\t<meta property=\"og:image:type\" content=\"image\/jpeg\" \/>\n<meta name=\"author\" content=\"Mario Altomura\" \/>\n<meta name=\"twitter:card\" content=\"summary_large_image\" \/>\n<meta name=\"twitter:creator\" content=\"@LiveNotizie\" \/>\n<meta name=\"twitter:site\" content=\"@LiveNotizie\" \/>\n<meta name=\"twitter:label1\" content=\"Scritto da\" \/>\n\t<meta name=\"twitter:data1\" content=\"Mario Altomura\" \/>\n\t<meta name=\"twitter:label2\" content=\"Tempo di lettura stimato\" \/>\n\t<meta name=\"twitter:data2\" content=\"2 minuti\" \/>\n<script type=\"application\/ld+json\" class=\"yoast-schema-graph\">{\"@context\":\"https:\\\/\\\/schema.org\",\"@graph\":[{\"@type\":\"Article\",\"@id\":\"https:\\\/\\\/www.livemag.it\\\/index.php\\\/2025\\\/08\\\/27\\\/week-end-musicale-imperdibile-al-pineta-milano-marittima\\\/#article\",\"isPartOf\":{\"@id\":\"https:\\\/\\\/www.livemag.it\\\/index.php\\\/2025\\\/08\\\/27\\\/week-end-musicale-imperdibile-al-pineta-milano-marittima\\\/\"},\"author\":{\"name\":\"Mario Altomura\",\"@id\":\"https:\\\/\\\/www.livemag.it\\\/#\\\/schema\\\/person\\\/cc097583ef7f4da9e9fe62e8b552ab72\"},\"headline\":\"Week-end musicale imperdibile al Pineta Milano Marittima\",\"datePublished\":\"2025-08-27T16:59:10+00:00\",\"dateModified\":\"2025-08-27T17:13:29+00:00\",\"mainEntityOfPage\":{\"@id\":\"https:\\\/\\\/www.livemag.it\\\/index.php\\\/2025\\\/08\\\/27\\\/week-end-musicale-imperdibile-al-pineta-milano-marittima\\\/\"},\"wordCount\":267,\"commentCount\":0,\"publisher\":{\"@id\":\"https:\\\/\\\/www.livemag.it\\\/#organization\"},\"image\":{\"@id\":\"https:\\\/\\\/www.livemag.it\\\/index.php\\\/2025\\\/08\\\/27\\\/week-end-musicale-imperdibile-al-pineta-milano-marittima\\\/#primaryimage\"},\"thumbnailUrl\":\"https:\\\/\\\/www.livemag.it\\\/wp-content\\\/uploads\\\/2025\\\/08\\\/Pineta-ph-fb-scaled.jpg\",\"keywords\":[\"Clubbing\",\"dancehall\",\"energia\",\"format\",\"hip hop\",\"intrattenimento\",\"Mamacita\",\"Milano Marittima\",\"movida\",\"musica\",\"nightlife\",\"Pineta Milano Marittima\",\"pubblico\",\"R\u2019n\u2019B\",\"Radio 105\",\"reggaeton\",\"Riviera\",\"Serata\",\"Tour\",\"urban\"],\"articleSection\":[\"events\",\"LiveEvent\",\"LiveMusic\",\"LivePeople\"],\"inLanguage\":\"it-IT\",\"potentialAction\":[{\"@type\":\"CommentAction\",\"name\":\"Comment\",\"target\":[\"https:\\\/\\\/www.livemag.it\\\/index.php\\\/2025\\\/08\\\/27\\\/week-end-musicale-imperdibile-al-pineta-milano-marittima\\\/#respond\"]}]},{\"@type\":\"WebPage\",\"@id\":\"https:\\\/\\\/www.livemag.it\\\/index.php\\\/2025\\\/08\\\/27\\\/week-end-musicale-imperdibile-al-pineta-milano-marittima\\\/\",\"url\":\"https:\\\/\\\/www.livemag.it\\\/index.php\\\/2025\\\/08\\\/27\\\/week-end-musicale-imperdibile-al-pineta-milano-marittima\\\/\",\"name\":\"Week-end musicale imperdibile al Pineta Milano Marittima\",\"isPartOf\":{\"@id\":\"https:\\\/\\\/www.livemag.it\\\/#website\"},\"primaryImageOfPage\":{\"@id\":\"https:\\\/\\\/www.livemag.it\\\/index.php\\\/2025\\\/08\\\/27\\\/week-end-musicale-imperdibile-al-pineta-milano-marittima\\\/#primaryimage\"},\"image\":{\"@id\":\"https:\\\/\\\/www.livemag.it\\\/index.php\\\/2025\\\/08\\\/27\\\/week-end-musicale-imperdibile-al-pineta-milano-marittima\\\/#primaryimage\"},\"thumbnailUrl\":\"https:\\\/\\\/www.livemag.it\\\/wp-content\\\/uploads\\\/2025\\\/08\\\/Pineta-ph-fb-scaled.jpg\",\"datePublished\":\"2025-08-27T16:59:10+00:00\",\"dateModified\":\"2025-08-27T17:13:29+00:00\",\"description\":\"Il Pineta Milano Marittima, locale storico della riviera, ospiter\u00e0 due eventi di rilievo che concluderanno il calendario di agosto\",\"breadcrumb\":{\"@id\":\"https:\\\/\\\/www.livemag.it\\\/index.php\\\/2025\\\/08\\\/27\\\/week-end-musicale-imperdibile-al-pineta-milano-marittima\\\/#breadcrumb\"},\"inLanguage\":\"it-IT\",\"potentialAction\":[{\"@type\":\"ReadAction\",\"target\":[\"https:\\\/\\\/www.livemag.it\\\/index.php\\\/2025\\\/08\\\/27\\\/week-end-musicale-imperdibile-al-pineta-milano-marittima\\\/\"]}]},{\"@type\":\"ImageObject\",\"inLanguage\":\"it-IT\",\"@id\":\"https:\\\/\\\/www.livemag.it\\\/index.php\\\/2025\\\/08\\\/27\\\/week-end-musicale-imperdibile-al-pineta-milano-marittima\\\/#primaryimage\",\"url\":\"https:\\\/\\\/www.livemag.it\\\/wp-content\\\/uploads\\\/2025\\\/08\\\/Pineta-ph-fb-scaled.jpg\",\"contentUrl\":\"https:\\\/\\\/www.livemag.it\\\/wp-content\\\/uploads\\\/2025\\\/08\\\/Pineta-ph-fb-scaled.jpg\",\"width\":2560,\"height\":948,\"caption\":\"Pineta ph fb\"},{\"@type\":\"BreadcrumbList\",\"@id\":\"https:\\\/\\\/www.livemag.it\\\/index.php\\\/2025\\\/08\\\/27\\\/week-end-musicale-imperdibile-al-pineta-milano-marittima\\\/#breadcrumb\",\"itemListElement\":[{\"@type\":\"ListItem\",\"position\":1,\"name\":\"Home\",\"item\":\"https:\\\/\\\/www.livemag.it\\\/\"},{\"@type\":\"ListItem\",\"position\":2,\"name\":\"Week-end musicale imperdibile al Pineta Milano Marittima\"}]},{\"@type\":\"WebSite\",\"@id\":\"https:\\\/\\\/www.livemag.it\\\/#website\",\"url\":\"https:\\\/\\\/www.livemag.it\\\/\",\"name\":\"Live Magazine\",\"description\":\"Varie ed eventi\",\"publisher\":{\"@id\":\"https:\\\/\\\/www.livemag.it\\\/#organization\"},\"potentialAction\":[{\"@type\":\"SearchAction\",\"target\":{\"@type\":\"EntryPoint\",\"urlTemplate\":\"https:\\\/\\\/www.livemag.it\\\/?s={search_term_string}\"},\"query-input\":{\"@type\":\"PropertyValueSpecification\",\"valueRequired\":true,\"valueName\":\"search_term_string\"}}],\"inLanguage\":\"it-IT\"},{\"@type\":\"Organization\",\"@id\":\"https:\\\/\\\/www.livemag.it\\\/#organization\",\"name\":\"LiveMag\",\"alternateName\":\"LiveMag News ed eventi\",\"url\":\"https:\\\/\\\/www.livemag.it\\\/\",\"logo\":{\"@type\":\"ImageObject\",\"inLanguage\":\"it-IT\",\"@id\":\"https:\\\/\\\/www.livemag.it\\\/#\\\/schema\\\/logo\\\/image\\\/\",\"url\":\"https:\\\/\\\/www.livemag.it\\\/wp-content\\\/uploads\\\/2024\\\/02\\\/immagine-sito.jpg\",\"contentUrl\":\"https:\\\/\\\/www.livemag.it\\\/wp-content\\\/uploads\\\/2024\\\/02\\\/immagine-sito.jpg\",\"width\":696,\"height\":696,\"caption\":\"LiveMag\"},\"image\":{\"@id\":\"https:\\\/\\\/www.livemag.it\\\/#\\\/schema\\\/logo\\\/image\\\/\"},\"sameAs\":[\"https:\\\/\\\/www.facebook.com\\\/LiveMag\\\/\",\"https:\\\/\\\/x.com\\\/LiveNotizie\",\"https:\\\/\\\/www.instagram.com\\\/livemag\\\/\"]},{\"@type\":\"Person\",\"@id\":\"https:\\\/\\\/www.livemag.it\\\/#\\\/schema\\\/person\\\/cc097583ef7f4da9e9fe62e8b552ab72\",\"name\":\"Mario Altomura\",\"image\":{\"@type\":\"ImageObject\",\"inLanguage\":\"it-IT\",\"@id\":\"https:\\\/\\\/secure.gravatar.com\\\/avatar\\\/3c7d3ce72a2bed6bab5e3681d59712a49247bdd227b4ef67de56814084f945dd?s=96&r=g\",\"url\":\"https:\\\/\\\/secure.gravatar.com\\\/avatar\\\/3c7d3ce72a2bed6bab5e3681d59712a49247bdd227b4ef67de56814084f945dd?s=96&r=g\",\"contentUrl\":\"https:\\\/\\\/secure.gravatar.com\\\/avatar\\\/3c7d3ce72a2bed6bab5e3681d59712a49247bdd227b4ef67de56814084f945dd?s=96&r=g\",\"caption\":\"Mario Altomura\"},\"description\":\"fotografo celebrity\",\"url\":\"https:\\\/\\\/www.livemag.it\\\/index.php\\\/author\\\/fabio-scarpati\\\/\"}]}<\/script>\n<!-- \/ Yoast SEO plugin. -->","yoast_head_json":{"title":"Week-end musicale imperdibile al Pineta Milano Marittima","description":"Il Pineta Milano Marittima, locale storico della riviera, ospiter\u00e0 due eventi di rilievo che concluderanno il calendario di agosto","robots":{"index":"index","follow":"follow","max-snippet":"max-snippet:-1","max-image-preview":"max-image-preview:large","max-video-preview":"max-video-preview:-1"},"canonical":"https:\/\/www.livemag.it\/index.php\/2025\/08\/27\/week-end-musicale-imperdibile-al-pineta-milano-marittima\/","og_locale":"it_IT","og_type":"article","og_title":"Week-end musicale imperdibile al Pineta Milano Marittima","og_description":"Il Pineta Milano Marittima, locale storico della riviera, ospiter\u00e0 due eventi di rilievo che concluderanno il calendario di agosto","og_url":"https:\/\/www.livemag.it\/index.php\/2025\/08\/27\/week-end-musicale-imperdibile-al-pineta-milano-marittima\/","og_site_name":"Live Magazine","article_publisher":"https:\/\/www.facebook.com\/LiveMag\/","article_published_time":"2025-08-27T16:59:10+00:00","article_modified_time":"2025-08-27T17:13:29+00:00","og_image":[{"width":2560,"height":948,"url":"https:\/\/www.livemag.it\/wp-content\/uploads\/2025\/08\/Pineta-ph-fb-scaled.jpg","type":"image\/jpeg"}],"author":"Mario Altomura","twitter_card":"summary_large_image","twitter_creator":"@LiveNotizie","twitter_site":"@LiveNotizie","twitter_misc":{"Scritto da":"Mario Altomura","Tempo di lettura stimato":"2 minuti"},"schema":{"@context":"https:\/\/schema.org","@graph":[{"@type":"Article","@id":"https:\/\/www.livemag.it\/index.php\/2025\/08\/27\/week-end-musicale-imperdibile-al-pineta-milano-marittima\/#article","isPartOf":{"@id":"https:\/\/www.livemag.it\/index.php\/2025\/08\/27\/week-end-musicale-imperdibile-al-pineta-milano-marittima\/"},"author":{"name":"Mario Altomura","@id":"https:\/\/www.livemag.it\/#\/schema\/person\/cc097583ef7f4da9e9fe62e8b552ab72"},"headline":"Week-end musicale imperdibile al Pineta Milano Marittima","datePublished":"2025-08-27T16:59:10+00:00","dateModified":"2025-08-27T17:13:29+00:00","mainEntityOfPage":{"@id":"https:\/\/www.livemag.it\/index.php\/2025\/08\/27\/week-end-musicale-imperdibile-al-pineta-milano-marittima\/"},"wordCount":267,"commentCount":0,"publisher":{"@id":"https:\/\/www.livemag.it\/#organization"},"image":{"@id":"https:\/\/www.livemag.it\/index.php\/2025\/08\/27\/week-end-musicale-imperdibile-al-pineta-milano-marittima\/#primaryimage"},"thumbnailUrl":"https:\/\/www.livemag.it\/wp-content\/uploads\/2025\/08\/Pineta-ph-fb-scaled.jpg","keywords":["Clubbing","dancehall","energia","format","hip hop","intrattenimento","Mamacita","Milano Marittima","movida","musica","nightlife","Pineta Milano Marittima","pubblico","R\u2019n\u2019B","Radio 105","reggaeton","Riviera","Serata","Tour","urban"],"articleSection":["events","LiveEvent","LiveMusic","LivePeople"],"inLanguage":"it-IT","potentialAction":[{"@type":"CommentAction","name":"Comment","target":["https:\/\/www.livemag.it\/index.php\/2025\/08\/27\/week-end-musicale-imperdibile-al-pineta-milano-marittima\/#respond"]}]},{"@type":"WebPage","@id":"https:\/\/www.livemag.it\/index.php\/2025\/08\/27\/week-end-musicale-imperdibile-al-pineta-milano-marittima\/","url":"https:\/\/www.livemag.it\/index.php\/2025\/08\/27\/week-end-musicale-imperdibile-al-pineta-milano-marittima\/","name":"Week-end musicale imperdibile al Pineta Milano Marittima","isPartOf":{"@id":"https:\/\/www.livemag.it\/#website"},"primaryImageOfPage":{"@id":"https:\/\/www.livemag.it\/index.php\/2025\/08\/27\/week-end-musicale-imperdibile-al-pineta-milano-marittima\/#primaryimage"},"image":{"@id":"https:\/\/www.livemag.it\/index.php\/2025\/08\/27\/week-end-musicale-imperdibile-al-pineta-milano-marittima\/#primaryimage"},"thumbnailUrl":"https:\/\/www.livemag.it\/wp-content\/uploads\/2025\/08\/Pineta-ph-fb-scaled.jpg","datePublished":"2025-08-27T16:59:10+00:00","dateModified":"2025-08-27T17:13:29+00:00","description":"Il Pineta Milano Marittima, locale storico della riviera, ospiter\u00e0 due eventi di rilievo che concluderanno il calendario di agosto","breadcrumb":{"@id":"https:\/\/www.livemag.it\/index.php\/2025\/08\/27\/week-end-musicale-imperdibile-al-pineta-milano-marittima\/#breadcrumb"},"inLanguage":"it-IT","potentialAction":[{"@type":"ReadAction","target":["https:\/\/www.livemag.it\/index.php\/2025\/08\/27\/week-end-musicale-imperdibile-al-pineta-milano-marittima\/"]}]},{"@type":"ImageObject","inLanguage":"it-IT","@id":"https:\/\/www.livemag.it\/index.php\/2025\/08\/27\/week-end-musicale-imperdibile-al-pineta-milano-marittima\/#primaryimage","url":"https:\/\/www.livemag.it\/wp-content\/uploads\/2025\/08\/Pineta-ph-fb-scaled.jpg","contentUrl":"https:\/\/www.livemag.it\/wp-content\/uploads\/2025\/08\/Pineta-ph-fb-scaled.jpg","width":2560,"height":948,"caption":"Pineta ph fb"},{"@type":"BreadcrumbList","@id":"https:\/\/www.livemag.it\/index.php\/2025\/08\/27\/week-end-musicale-imperdibile-al-pineta-milano-marittima\/#breadcrumb","itemListElement":[{"@type":"ListItem","position":1,"name":"Home","item":"https:\/\/www.livemag.it\/"},{"@type":"ListItem","position":2,"name":"Week-end musicale imperdibile al Pineta Milano Marittima"}]},{"@type":"WebSite","@id":"https:\/\/www.livemag.it\/#website","url":"https:\/\/www.livemag.it\/","name":"Live Magazine","description":"Varie ed eventi","publisher":{"@id":"https:\/\/www.livemag.it\/#organization"},"potentialAction":[{"@type":"SearchAction","target":{"@type":"EntryPoint","urlTemplate":"https:\/\/www.livemag.it\/?s={search_term_string}"},"query-input":{"@type":"PropertyValueSpecification","valueRequired":true,"valueName":"search_term_string"}}],"inLanguage":"it-IT"},{"@type":"Organization","@id":"https:\/\/www.livemag.it\/#organization","name":"LiveMag","alternateName":"LiveMag News ed eventi","url":"https:\/\/www.livemag.it\/","logo":{"@type":"ImageObject","inLanguage":"it-IT","@id":"https:\/\/www.livemag.it\/#\/schema\/logo\/image\/","url":"https:\/\/www.livemag.it\/wp-content\/uploads\/2024\/02\/immagine-sito.jpg","contentUrl":"https:\/\/www.livemag.it\/wp-content\/uploads\/2024\/02\/immagine-sito.jpg","width":696,"height":696,"caption":"LiveMag"},"image":{"@id":"https:\/\/www.livemag.it\/#\/schema\/logo\/image\/"},"sameAs":["https:\/\/www.facebook.com\/LiveMag\/","https:\/\/x.com\/LiveNotizie","https:\/\/www.instagram.com\/livemag\/"]},{"@type":"Person","@id":"https:\/\/www.livemag.it\/#\/schema\/person\/cc097583ef7f4da9e9fe62e8b552ab72","name":"Mario Altomura","image":{"@type":"ImageObject","inLanguage":"it-IT","@id":"https:\/\/secure.gravatar.com\/avatar\/3c7d3ce72a2bed6bab5e3681d59712a49247bdd227b4ef67de56814084f945dd?s=96&r=g","url":"https:\/\/secure.gravatar.com\/avatar\/3c7d3ce72a2bed6bab5e3681d59712a49247bdd227b4ef67de56814084f945dd?s=96&r=g","contentUrl":"https:\/\/secure.gravatar.com\/avatar\/3c7d3ce72a2bed6bab5e3681d59712a49247bdd227b4ef67de56814084f945dd?s=96&r=g","caption":"Mario Altomura"},"description":"fotografo celebrity","url":"https:\/\/www.livemag.it\/index.php\/author\/fabio-scarpati\/"}]}},"jetpack_featured_media_url":"https:\/\/www.livemag.it\/wp-content\/uploads\/2025\/08\/Pineta-ph-fb-scaled.jpg","_links":{"self":[{"href":"https:\/\/www.livemag.it\/index.php\/wp-json\/wp\/v2\/posts\/57690","targetHints":{"allow":["GET"]}}],"collection":[{"href":"https:\/\/www.livemag.it\/index.php\/wp-json\/wp\/v2\/posts"}],"about":[{"href":"https:\/\/www.livemag.it\/index.php\/wp-json\/wp\/v2\/types\/post"}],"author":[{"embeddable":true,"href":"https:\/\/www.livemag.it\/index.php\/wp-json\/wp\/v2\/users\/20"}],"replies":[{"embeddable":true,"href":"https:\/\/www.livemag.it\/index.php\/wp-json\/wp\/v2\/comments?post=57690"}],"version-history":[{"count":2,"href":"https:\/\/www.livemag.it\/index.php\/wp-json\/wp\/v2\/posts\/57690\/revisions"}],"predecessor-version":[{"id":57694,"href":"https:\/\/www.livemag.it\/index.php\/wp-json\/wp\/v2\/posts\/57690\/revisions\/57694"}],"wp:featuredmedia":[{"embeddable":true,"href":"https:\/\/www.livemag.it\/index.php\/wp-json\/wp\/v2\/media\/57691"}],"wp:attachment":[{"href":"https:\/\/www.livemag.it\/index.php\/wp-json\/wp\/v2\/media?parent=57690"}],"wp:term":[{"taxonomy":"category","embeddable":true,"href":"https:\/\/www.livemag.it\/index.php\/wp-json\/wp\/v2\/categories?post=57690"},{"taxonomy":"post_tag","embeddable":true,"href":"https:\/\/www.livemag.it\/index.php\/wp-json\/wp\/v2\/tags?post=57690"}],"curies":[{"name":"wp","href":"https:\/\/api.w.org\/{rel}","templated":true}]}}