{"id":57685,"date":"2025-08-27T18:02:53","date_gmt":"2025-08-27T16:02:53","guid":{"rendered":"https:\/\/www.livemag.it\/index.php\/2025\/08\/27\/meloni-inaccettabile-uccidere-giornalisti-a-gaza-israele-si-fermi\/"},"modified":"2025-08-27T18:02:53","modified_gmt":"2025-08-27T16:02:53","slug":"meloni-inaccettabile-uccidere-giornalisti-a-gaza-israele-si-fermi","status":"publish","type":"post","link":"https:\/\/www.livemag.it\/index.php\/2025\/08\/27\/meloni-inaccettabile-uccidere-giornalisti-a-gaza-israele-si-fermi\/","title":{"rendered":"Meloni \u201cInaccettabile uccidere giornalisti a Gaza, Israele si fermi\u201d"},"content":{"rendered":"<div>\n<p>RIMINI (ITALPRESS) \u2013 \u201cNon abbiamo esitato un solo minuto nel sostenere il diritto alla sicurezza e all\u2019autodifesa di Israele dopo l\u2019orrore del 7 ottobre, ma allo stesso tempo non possiamo tacere ora di fronte a una reazione che \u00e8 andata oltre il principio di proporzionalit\u00e0, mietendo troppe vittime innocenti, arrivando a coinvolgere anche le comunit\u00e0 cristiane che sono da sempre un fattore di equilibrio nella regione e che ora sta mettendo a repentaglio in modo definitivo la prospettiva storica dei due popoli e due Stati\u201d. Cos\u00ec il presidente del Consiglio, Giorgia Meloni, intervenendo alla 46\u00b0 edizione del Meeting di Rimini, nel condannare l\u2019uccisione dei giornalisti Gaza, \u201c\u00e8 inaccettabile l\u2019attacco alla libert\u00e0 di stampa e a tutti coloro che con coraggio rischiano la vita per raccontare il dramma della guerra \u2013 ha proseguito -. Chiediamo a tutte le Nazioni di esercitare ogni possibile pressione su Hamas affinch\u00e8 rilasci gli ostaggi ancora detenuti. E chiediamo a Israele di fermare gli attacchi, interrompere l\u2019espansione degli insediamenti dei coloni in Cisgiordania e consentire l\u2019accesso agli aiuti umanitari. L\u2019Italia \u00e8 la Nazione europea che si \u00e8 spesa di pi\u00f9 sul fronte umanitario. C\u2019\u00e8 chi si limita a scrivere mozioni e urlare slogan e chi, invece, salva bambini. Io sono orgogliosa di appartenere ai secondi\u201d.  <br \/>Un lungo applauso e una standing ovation da parte del popolo di Comunione e Liberazione ha accolto Meloni, per la prima volta nella kermesse nel ruolo di premier. Un lungo intervento durato circa 45 minuti dove ha toccato diversi temi, dall\u2019Europa all\u2019Ucraina fino alla politica interna. \u201cL\u2019Europa che sembra sempre pi\u00f9 condannata all\u2019irrilevanza geopolitica, incapace di rispondere efficacemente alle sfide della competitivit\u00e0 poste dalla Cina e dagli Usa, come ha giustamente rilevato Mario Draghi da questo palco. Molte delle critiche che ho sentito rispetto all\u2019attuale condizione dell\u2019Ue le condivido cos\u00ec tanto da averle formulate molto spesso nel corso degli anni, tanto da venire criticata aspramente anche da molti coloro che oggi si spellano le mani, ma sapevo che prima o poi prima avrebbero dovuto fare i conti con la realt\u00e0\u201d, ha aggiunto Meloni nel richiamare anche le parole dell\u2019ex premier, Mario Draghi, che nel suo intervento di apertura del Meeting ha dato una sferzata all\u2019Unione europea. <br \/>\u201cIn questi anni la Russia non ha dato alcun segnale di dialogo, ora si sono aperti degli spiragli di dialogo grazie\u201d all\u2019iniziativa del presidente degli Usa ma soprattutto \u201cgrazie all\u2019eroica resistenza del popolo ucraino e al compatto sostegno che l\u2019Ue, l\u2019Occidente e l\u2019Italia hanno garantito. In questa opportunit\u00e0 di dialogo verso una pace giusta dobbiamo credere. La proposta italiana sulle garanzie di sicurezza sul modello dell\u2019articolo 5 della Nato \u00e8 attualmente la principale sul tavolo. La nostra casa a cui aggiungere mattoni nuovi \u00e8 l\u2019Occidente \u2013 ha assicurato -, un sistema di valori, una sintesi che ha fertilizzato il terreno e dove gli uomini nascono liberi, dove la cura dei pi\u00f9 fragili \u00e8 un valore assoluto. E\u2019 quello che siamo, quello che ha permesso alla nostra civilt\u00e0 di progredire nei secoli e l\u2019Occidente ha ancora molto da dire e da dare, ma serve umilt\u00e0, rispetto per noi stessi. L\u2019Italia cerca di fare la sua parte anche in questo per mostrare la strada. Tornare protagonisti della storia e del proprio destino non \u00e8 facile, non \u00e8 indolore, non \u00e8 gratis. Bisogna saper pagare il prezzo della propria libert\u00e0 e della propria sicurezza perch\u00e8 per decenni abbiamo appaltato la nostra sicurezza agli Usa\u201d. <br \/>Sempre in tema di politica estera la premier, inoltre, ha ricordato come il suo governo abbia portato \u201cmattoni nuovi nella postura internazionale dell\u2019Italia, abbiamo fatto in modo che l\u2019Italia si riappropriasse del posto che le spetta, forte, schietta, leale e autorevole. Sono fiera che venga vista cos\u00ec e che non venga pi\u00f9 considerata la grande malata d\u2019Europa ma addirittura un modello. La stampa internazionale, mai benevola con noi, \u00e8 portata spesso a considerarci una anomalia positiva. Non cito i tanti profeti di sventura che vedevano proprio nella politica estera il nostro tallone di Achille. Mi auguro che in cuor loro siano tutti contenti di essersi sbagliati\u201d. Poi un lungo passaggio sulla politica interna, in particolare sulle riforme dell\u2019Esecutivo e sui prossimi provvedimenti, anche in vista della manovra. \u201cUna delle nostre priorit\u00e0, di cui ringrazio anche il ministro Salvini, \u00e8 costruire un grande piano casa a prezzi calmierati per le giovani coppie perch\u00e8 senza una casa \u00e8 molto pi\u00f9 difficile costruire una famiglia\u201d, ha annunciato.<br \/>\u201cNonostante la scarsa disponibilit\u00e0 di risorse \u2013 ha spiegato -, il governo non ha rinunciato a compiere scelte coraggiose garantendo benefici netti per le famiglie di oltre 16 miliardi di euro. Ora vogliamo concentrare la nostra attenzione sul ceto medio. Allo stesso modo intendiamo continuare a sostenere le imprese, dove il nostro obiettivo principale e ambizioso rimane quello dell\u2019abbassamento strutturale del costo dell\u2019energia che pesa come macigno sulla competitivit\u00e0 italiana\u201d. Meloni, inoltre, ha assicurato l\u2019impegno per la riforma del premierato e della giustizia. \u201cAndremo avanti con il premierato, garanzia pi\u00f9 solida per la stabilit\u00e0 e governabilit\u00e0, straordinario fattore competitivit\u00e0 della Nazione e anche il modo migliore per affermare la democrazia. Vogliamo archiviare una volta per tutte quando i cittadini votavano e vedevano poi dei governi diametralmente opposti all\u2019esito elettorale. Andremo avanti sulla riforma della giustizia nonostante le invasioni di campo di una minoranza di giudici politicizzati che provano a sostituirsi al Parlamento e alla volont\u00e0 popolare. Andremo avanti non per sottomettere il potere giudiziario a quello politico \u2013 ha precisato -, come dice qualcuno in malafede, ma per renderla meno condizionata e per liberarla dalla politica\u201d. <br \/>Anche un breve passaggio sulla scuola. \u201cSull\u2019educazione non dobbiamo avere timore a trovare gli strumenti che assicurino alle famiglie di esercitare pienamente la libert\u00e0 educativa, l\u2019Italia \u00e8 rimasta l\u2019ultima Nazione in Europa senza un\u2019effettiva parit\u00e0 scolastica e credo sia giusto ragionare sgombrando il campo da pregiudizi ideologici\u201d, ha sottolineato. La premier, che dopo il suo intervento si \u00e8 recata alla comunit\u00e0 di San Patrignano, ha infine ha parlato del Meeting. \u201cE\u2019 un\u2019accoglienza commuovente pe me. Rivolgo un ringraziamento alla grande famiglia del Meeting per un evento che da quasi mezzo secolo segna un momento fondamentale nel dibattito politico e culturale della nazione. Quello che accade ogni anno in questi padiglioni \u00e8 qualcosa di estremamente prezioso\u201d. Il Meeting \u00e8 \u201cla piazza del dialogo per eccellenza anche quando era pi\u00f9 complicato superare gli steccati per andare al cuore dei problemi reali di famiglie e imprese. Nei luoghi deserti costruiremo con mattoni nuov\u00ec, avete scelto questa frase, io potrei trovare delle similitudini con Atreju \u2013 ha concluso -, ma il punto \u00e8 che siamo di fronte a un\u2019epoca dove si vorrebbe omologare tutto, trasformare ognuno di noi in un vuoto a rendere, individui nella cui esistenza non c\u2019\u00e8 pi\u00f9 nulla dove vale la pena impegnarsi e combattere. Ho capito l\u2019esortazione che fate a tutti\u201d. <br \/>(ITALPRESS).<\/p>\n<p>\u2013 foto: Ipa Agency \u2013<\/p>\n<\/div>\n","protected":false},"excerpt":{"rendered":"<p>RIMINI (ITALPRESS) \u2013 \u201cNon abbiamo esitato un solo minuto nel sostenere il diritto alla sicurezza e all\u2019autodifesa di Israele dopo l\u2019orrore del 7 ottobre, ma allo stesso tempo non possiamo tacere ora di fronte a una reazione che \u00e8 andata oltre il principio di proporzionalit\u00e0, mietendo troppe vittime innocenti, arrivando a coinvolgere anche le comunit\u00e0 [&hellip;]<\/p>\n","protected":false},"author":16,"featured_media":57686,"comment_status":"closed","ping_status":"closed","sticky":false,"template":"","format":"standard","meta":{"jnews-multi-image_gallery":[],"jnews_single_post":[],"jnews_primary_category":[],"jnews_social_meta":[],"jnews_override_counter":[],"jnews_post_split":[],"footnotes":""},"categories":[1129],"tags":[],"class_list":["post-57685","post","type-post","status-publish","format-standard","has-post-thumbnail","hentry","category-mondo"],"yoast_head":"<!-- This site is optimized with the Yoast SEO plugin v27.5 - https:\/\/yoast.com\/product\/yoast-seo-wordpress\/ -->\n<title>Meloni \u201cInaccettabile uccidere giornalisti a Gaza, Israele si fermi\u201d - Live Magazine<\/title>\n<meta name=\"robots\" content=\"index, follow, max-snippet:-1, max-image-preview:large, max-video-preview:-1\" \/>\n<link rel=\"canonical\" href=\"https:\/\/www.livemag.it\/index.php\/2025\/08\/27\/meloni-inaccettabile-uccidere-giornalisti-a-gaza-israele-si-fermi\/\" \/>\n<meta property=\"og:locale\" content=\"it_IT\" \/>\n<meta property=\"og:type\" content=\"article\" \/>\n<meta property=\"og:title\" content=\"Meloni \u201cInaccettabile uccidere giornalisti a Gaza, Israele si fermi\u201d - Live Magazine\" \/>\n<meta property=\"og:description\" content=\"RIMINI (ITALPRESS) \u2013 \u201cNon abbiamo esitato un solo minuto nel sostenere il diritto alla sicurezza e all\u2019autodifesa di Israele dopo l\u2019orrore del 7 ottobre, ma allo stesso tempo non possiamo tacere ora di fronte a una reazione che \u00e8 andata oltre il principio di proporzionalit\u00e0, mietendo troppe vittime innocenti, arrivando a coinvolgere anche le comunit\u00e0 [&hellip;]\" \/>\n<meta property=\"og:url\" content=\"https:\/\/www.livemag.it\/index.php\/2025\/08\/27\/meloni-inaccettabile-uccidere-giornalisti-a-gaza-israele-si-fermi\/\" \/>\n<meta property=\"og:site_name\" content=\"Live Magazine\" \/>\n<meta property=\"article:publisher\" content=\"https:\/\/www.facebook.com\/LiveMag\/\" \/>\n<meta property=\"article:published_time\" content=\"2025-08-27T16:02:53+00:00\" \/>\n<meta property=\"og:image\" content=\"https:\/\/www.livemag.it\/wp-content\/uploads\/2024\/02\/ograph.jpg\" \/>\n\t<meta property=\"og:image:width\" content=\"1200\" \/>\n\t<meta property=\"og:image:height\" content=\"675\" \/>\n\t<meta property=\"og:image:type\" content=\"image\/jpeg\" \/>\n<meta name=\"author\" content=\"italpress\" \/>\n<meta name=\"twitter:card\" content=\"summary_large_image\" \/>\n<meta name=\"twitter:creator\" content=\"@LiveNotizie\" \/>\n<meta name=\"twitter:site\" content=\"@LiveNotizie\" \/>\n<meta name=\"twitter:label1\" content=\"Scritto da\" \/>\n\t<meta name=\"twitter:data1\" content=\"italpress\" \/>\n\t<meta name=\"twitter:label2\" content=\"Tempo di lettura stimato\" \/>\n\t<meta name=\"twitter:data2\" content=\"6 minuti\" \/>\n<script type=\"application\/ld+json\" class=\"yoast-schema-graph\">{\"@context\":\"https:\\\/\\\/schema.org\",\"@graph\":[{\"@type\":\"Article\",\"@id\":\"https:\\\/\\\/www.livemag.it\\\/index.php\\\/2025\\\/08\\\/27\\\/meloni-inaccettabile-uccidere-giornalisti-a-gaza-israele-si-fermi\\\/#article\",\"isPartOf\":{\"@id\":\"https:\\\/\\\/www.livemag.it\\\/index.php\\\/2025\\\/08\\\/27\\\/meloni-inaccettabile-uccidere-giornalisti-a-gaza-israele-si-fermi\\\/\"},\"author\":{\"name\":\"italpress\",\"@id\":\"https:\\\/\\\/www.livemag.it\\\/#\\\/schema\\\/person\\\/b62c5f44451fdcdaeb0afe6c2424e73c\"},\"headline\":\"Meloni \u201cInaccettabile uccidere giornalisti a Gaza, Israele si fermi\u201d\",\"datePublished\":\"2025-08-27T16:02:53+00:00\",\"mainEntityOfPage\":{\"@id\":\"https:\\\/\\\/www.livemag.it\\\/index.php\\\/2025\\\/08\\\/27\\\/meloni-inaccettabile-uccidere-giornalisti-a-gaza-israele-si-fermi\\\/\"},\"wordCount\":1150,\"publisher\":{\"@id\":\"https:\\\/\\\/www.livemag.it\\\/#organization\"},\"image\":{\"@id\":\"https:\\\/\\\/www.livemag.it\\\/index.php\\\/2025\\\/08\\\/27\\\/meloni-inaccettabile-uccidere-giornalisti-a-gaza-israele-si-fermi\\\/#primaryimage\"},\"thumbnailUrl\":\"https:\\\/\\\/www.livemag.it\\\/wp-content\\\/uploads\\\/2025\\\/08\\\/20250827_0878.jpg\",\"articleSection\":[\"Mondo\"],\"inLanguage\":\"it-IT\"},{\"@type\":\"WebPage\",\"@id\":\"https:\\\/\\\/www.livemag.it\\\/index.php\\\/2025\\\/08\\\/27\\\/meloni-inaccettabile-uccidere-giornalisti-a-gaza-israele-si-fermi\\\/\",\"url\":\"https:\\\/\\\/www.livemag.it\\\/index.php\\\/2025\\\/08\\\/27\\\/meloni-inaccettabile-uccidere-giornalisti-a-gaza-israele-si-fermi\\\/\",\"name\":\"Meloni \u201cInaccettabile uccidere giornalisti a Gaza, Israele si fermi\u201d - Live Magazine\",\"isPartOf\":{\"@id\":\"https:\\\/\\\/www.livemag.it\\\/#website\"},\"primaryImageOfPage\":{\"@id\":\"https:\\\/\\\/www.livemag.it\\\/index.php\\\/2025\\\/08\\\/27\\\/meloni-inaccettabile-uccidere-giornalisti-a-gaza-israele-si-fermi\\\/#primaryimage\"},\"image\":{\"@id\":\"https:\\\/\\\/www.livemag.it\\\/index.php\\\/2025\\\/08\\\/27\\\/meloni-inaccettabile-uccidere-giornalisti-a-gaza-israele-si-fermi\\\/#primaryimage\"},\"thumbnailUrl\":\"https:\\\/\\\/www.livemag.it\\\/wp-content\\\/uploads\\\/2025\\\/08\\\/20250827_0878.jpg\",\"datePublished\":\"2025-08-27T16:02:53+00:00\",\"breadcrumb\":{\"@id\":\"https:\\\/\\\/www.livemag.it\\\/index.php\\\/2025\\\/08\\\/27\\\/meloni-inaccettabile-uccidere-giornalisti-a-gaza-israele-si-fermi\\\/#breadcrumb\"},\"inLanguage\":\"it-IT\",\"potentialAction\":[{\"@type\":\"ReadAction\",\"target\":[\"https:\\\/\\\/www.livemag.it\\\/index.php\\\/2025\\\/08\\\/27\\\/meloni-inaccettabile-uccidere-giornalisti-a-gaza-israele-si-fermi\\\/\"]}]},{\"@type\":\"ImageObject\",\"inLanguage\":\"it-IT\",\"@id\":\"https:\\\/\\\/www.livemag.it\\\/index.php\\\/2025\\\/08\\\/27\\\/meloni-inaccettabile-uccidere-giornalisti-a-gaza-israele-si-fermi\\\/#primaryimage\",\"url\":\"https:\\\/\\\/www.livemag.it\\\/wp-content\\\/uploads\\\/2025\\\/08\\\/20250827_0878.jpg\",\"contentUrl\":\"https:\\\/\\\/www.livemag.it\\\/wp-content\\\/uploads\\\/2025\\\/08\\\/20250827_0878.jpg\",\"width\":900,\"height\":600},{\"@type\":\"BreadcrumbList\",\"@id\":\"https:\\\/\\\/www.livemag.it\\\/index.php\\\/2025\\\/08\\\/27\\\/meloni-inaccettabile-uccidere-giornalisti-a-gaza-israele-si-fermi\\\/#breadcrumb\",\"itemListElement\":[{\"@type\":\"ListItem\",\"position\":1,\"name\":\"Home\",\"item\":\"https:\\\/\\\/www.livemag.it\\\/\"},{\"@type\":\"ListItem\",\"position\":2,\"name\":\"Meloni \u201cInaccettabile uccidere giornalisti a Gaza, Israele si fermi\u201d\"}]},{\"@type\":\"WebSite\",\"@id\":\"https:\\\/\\\/www.livemag.it\\\/#website\",\"url\":\"https:\\\/\\\/www.livemag.it\\\/\",\"name\":\"Live Magazine\",\"description\":\"Varie ed eventi\",\"publisher\":{\"@id\":\"https:\\\/\\\/www.livemag.it\\\/#organization\"},\"potentialAction\":[{\"@type\":\"SearchAction\",\"target\":{\"@type\":\"EntryPoint\",\"urlTemplate\":\"https:\\\/\\\/www.livemag.it\\\/?s={search_term_string}\"},\"query-input\":{\"@type\":\"PropertyValueSpecification\",\"valueRequired\":true,\"valueName\":\"search_term_string\"}}],\"inLanguage\":\"it-IT\"},{\"@type\":\"Organization\",\"@id\":\"https:\\\/\\\/www.livemag.it\\\/#organization\",\"name\":\"LiveMag\",\"alternateName\":\"LiveMag News ed eventi\",\"url\":\"https:\\\/\\\/www.livemag.it\\\/\",\"logo\":{\"@type\":\"ImageObject\",\"inLanguage\":\"it-IT\",\"@id\":\"https:\\\/\\\/www.livemag.it\\\/#\\\/schema\\\/logo\\\/image\\\/\",\"url\":\"https:\\\/\\\/www.livemag.it\\\/wp-content\\\/uploads\\\/2024\\\/02\\\/immagine-sito.jpg\",\"contentUrl\":\"https:\\\/\\\/www.livemag.it\\\/wp-content\\\/uploads\\\/2024\\\/02\\\/immagine-sito.jpg\",\"width\":696,\"height\":696,\"caption\":\"LiveMag\"},\"image\":{\"@id\":\"https:\\\/\\\/www.livemag.it\\\/#\\\/schema\\\/logo\\\/image\\\/\"},\"sameAs\":[\"https:\\\/\\\/www.facebook.com\\\/LiveMag\\\/\",\"https:\\\/\\\/x.com\\\/LiveNotizie\",\"https:\\\/\\\/www.instagram.com\\\/livemag\\\/\"]},{\"@type\":\"Person\",\"@id\":\"https:\\\/\\\/www.livemag.it\\\/#\\\/schema\\\/person\\\/b62c5f44451fdcdaeb0afe6c2424e73c\",\"name\":\"italpress\",\"image\":{\"@type\":\"ImageObject\",\"inLanguage\":\"it-IT\",\"@id\":\"https:\\\/\\\/secure.gravatar.com\\\/avatar\\\/b6a21695fc713ce7ee312cf57c97e2e641feb365be72d8745574d3c3e2b59066?s=96&r=g\",\"url\":\"https:\\\/\\\/secure.gravatar.com\\\/avatar\\\/b6a21695fc713ce7ee312cf57c97e2e641feb365be72d8745574d3c3e2b59066?s=96&r=g\",\"contentUrl\":\"https:\\\/\\\/secure.gravatar.com\\\/avatar\\\/b6a21695fc713ce7ee312cf57c97e2e641feb365be72d8745574d3c3e2b59066?s=96&r=g\",\"caption\":\"italpress\"},\"description\":\"Italpress \u00e8 un'agenzia di stampa italiana a carattere nazionale.\",\"url\":\"https:\\\/\\\/www.livemag.it\\\/index.php\\\/author\\\/italpress\\\/\"}]}<\/script>\n<!-- \/ Yoast SEO plugin. -->","yoast_head_json":{"title":"Meloni \u201cInaccettabile uccidere giornalisti a Gaza, Israele si fermi\u201d - Live Magazine","robots":{"index":"index","follow":"follow","max-snippet":"max-snippet:-1","max-image-preview":"max-image-preview:large","max-video-preview":"max-video-preview:-1"},"canonical":"https:\/\/www.livemag.it\/index.php\/2025\/08\/27\/meloni-inaccettabile-uccidere-giornalisti-a-gaza-israele-si-fermi\/","og_locale":"it_IT","og_type":"article","og_title":"Meloni \u201cInaccettabile uccidere giornalisti a Gaza, Israele si fermi\u201d - Live Magazine","og_description":"RIMINI (ITALPRESS) \u2013 \u201cNon abbiamo esitato un solo minuto nel sostenere il diritto alla sicurezza e all\u2019autodifesa di Israele dopo l\u2019orrore del 7 ottobre, ma allo stesso tempo non possiamo tacere ora di fronte a una reazione che \u00e8 andata oltre il principio di proporzionalit\u00e0, mietendo troppe vittime innocenti, arrivando a coinvolgere anche le comunit\u00e0 [&hellip;]","og_url":"https:\/\/www.livemag.it\/index.php\/2025\/08\/27\/meloni-inaccettabile-uccidere-giornalisti-a-gaza-israele-si-fermi\/","og_site_name":"Live Magazine","article_publisher":"https:\/\/www.facebook.com\/LiveMag\/","article_published_time":"2025-08-27T16:02:53+00:00","og_image":[{"width":1200,"height":675,"url":"https:\/\/www.livemag.it\/wp-content\/uploads\/2024\/02\/ograph.jpg","type":"image\/jpeg"}],"author":"italpress","twitter_card":"summary_large_image","twitter_creator":"@LiveNotizie","twitter_site":"@LiveNotizie","twitter_misc":{"Scritto da":"italpress","Tempo di lettura stimato":"6 minuti"},"schema":{"@context":"https:\/\/schema.org","@graph":[{"@type":"Article","@id":"https:\/\/www.livemag.it\/index.php\/2025\/08\/27\/meloni-inaccettabile-uccidere-giornalisti-a-gaza-israele-si-fermi\/#article","isPartOf":{"@id":"https:\/\/www.livemag.it\/index.php\/2025\/08\/27\/meloni-inaccettabile-uccidere-giornalisti-a-gaza-israele-si-fermi\/"},"author":{"name":"italpress","@id":"https:\/\/www.livemag.it\/#\/schema\/person\/b62c5f44451fdcdaeb0afe6c2424e73c"},"headline":"Meloni \u201cInaccettabile uccidere giornalisti a Gaza, Israele si fermi\u201d","datePublished":"2025-08-27T16:02:53+00:00","mainEntityOfPage":{"@id":"https:\/\/www.livemag.it\/index.php\/2025\/08\/27\/meloni-inaccettabile-uccidere-giornalisti-a-gaza-israele-si-fermi\/"},"wordCount":1150,"publisher":{"@id":"https:\/\/www.livemag.it\/#organization"},"image":{"@id":"https:\/\/www.livemag.it\/index.php\/2025\/08\/27\/meloni-inaccettabile-uccidere-giornalisti-a-gaza-israele-si-fermi\/#primaryimage"},"thumbnailUrl":"https:\/\/www.livemag.it\/wp-content\/uploads\/2025\/08\/20250827_0878.jpg","articleSection":["Mondo"],"inLanguage":"it-IT"},{"@type":"WebPage","@id":"https:\/\/www.livemag.it\/index.php\/2025\/08\/27\/meloni-inaccettabile-uccidere-giornalisti-a-gaza-israele-si-fermi\/","url":"https:\/\/www.livemag.it\/index.php\/2025\/08\/27\/meloni-inaccettabile-uccidere-giornalisti-a-gaza-israele-si-fermi\/","name":"Meloni \u201cInaccettabile uccidere giornalisti a Gaza, Israele si fermi\u201d - Live Magazine","isPartOf":{"@id":"https:\/\/www.livemag.it\/#website"},"primaryImageOfPage":{"@id":"https:\/\/www.livemag.it\/index.php\/2025\/08\/27\/meloni-inaccettabile-uccidere-giornalisti-a-gaza-israele-si-fermi\/#primaryimage"},"image":{"@id":"https:\/\/www.livemag.it\/index.php\/2025\/08\/27\/meloni-inaccettabile-uccidere-giornalisti-a-gaza-israele-si-fermi\/#primaryimage"},"thumbnailUrl":"https:\/\/www.livemag.it\/wp-content\/uploads\/2025\/08\/20250827_0878.jpg","datePublished":"2025-08-27T16:02:53+00:00","breadcrumb":{"@id":"https:\/\/www.livemag.it\/index.php\/2025\/08\/27\/meloni-inaccettabile-uccidere-giornalisti-a-gaza-israele-si-fermi\/#breadcrumb"},"inLanguage":"it-IT","potentialAction":[{"@type":"ReadAction","target":["https:\/\/www.livemag.it\/index.php\/2025\/08\/27\/meloni-inaccettabile-uccidere-giornalisti-a-gaza-israele-si-fermi\/"]}]},{"@type":"ImageObject","inLanguage":"it-IT","@id":"https:\/\/www.livemag.it\/index.php\/2025\/08\/27\/meloni-inaccettabile-uccidere-giornalisti-a-gaza-israele-si-fermi\/#primaryimage","url":"https:\/\/www.livemag.it\/wp-content\/uploads\/2025\/08\/20250827_0878.jpg","contentUrl":"https:\/\/www.livemag.it\/wp-content\/uploads\/2025\/08\/20250827_0878.jpg","width":900,"height":600},{"@type":"BreadcrumbList","@id":"https:\/\/www.livemag.it\/index.php\/2025\/08\/27\/meloni-inaccettabile-uccidere-giornalisti-a-gaza-israele-si-fermi\/#breadcrumb","itemListElement":[{"@type":"ListItem","position":1,"name":"Home","item":"https:\/\/www.livemag.it\/"},{"@type":"ListItem","position":2,"name":"Meloni \u201cInaccettabile uccidere giornalisti a Gaza, Israele si fermi\u201d"}]},{"@type":"WebSite","@id":"https:\/\/www.livemag.it\/#website","url":"https:\/\/www.livemag.it\/","name":"Live Magazine","description":"Varie ed eventi","publisher":{"@id":"https:\/\/www.livemag.it\/#organization"},"potentialAction":[{"@type":"SearchAction","target":{"@type":"EntryPoint","urlTemplate":"https:\/\/www.livemag.it\/?s={search_term_string}"},"query-input":{"@type":"PropertyValueSpecification","valueRequired":true,"valueName":"search_term_string"}}],"inLanguage":"it-IT"},{"@type":"Organization","@id":"https:\/\/www.livemag.it\/#organization","name":"LiveMag","alternateName":"LiveMag News ed eventi","url":"https:\/\/www.livemag.it\/","logo":{"@type":"ImageObject","inLanguage":"it-IT","@id":"https:\/\/www.livemag.it\/#\/schema\/logo\/image\/","url":"https:\/\/www.livemag.it\/wp-content\/uploads\/2024\/02\/immagine-sito.jpg","contentUrl":"https:\/\/www.livemag.it\/wp-content\/uploads\/2024\/02\/immagine-sito.jpg","width":696,"height":696,"caption":"LiveMag"},"image":{"@id":"https:\/\/www.livemag.it\/#\/schema\/logo\/image\/"},"sameAs":["https:\/\/www.facebook.com\/LiveMag\/","https:\/\/x.com\/LiveNotizie","https:\/\/www.instagram.com\/livemag\/"]},{"@type":"Person","@id":"https:\/\/www.livemag.it\/#\/schema\/person\/b62c5f44451fdcdaeb0afe6c2424e73c","name":"italpress","image":{"@type":"ImageObject","inLanguage":"it-IT","@id":"https:\/\/secure.gravatar.com\/avatar\/b6a21695fc713ce7ee312cf57c97e2e641feb365be72d8745574d3c3e2b59066?s=96&r=g","url":"https:\/\/secure.gravatar.com\/avatar\/b6a21695fc713ce7ee312cf57c97e2e641feb365be72d8745574d3c3e2b59066?s=96&r=g","contentUrl":"https:\/\/secure.gravatar.com\/avatar\/b6a21695fc713ce7ee312cf57c97e2e641feb365be72d8745574d3c3e2b59066?s=96&r=g","caption":"italpress"},"description":"Italpress \u00e8 un'agenzia di stampa italiana a carattere nazionale.","url":"https:\/\/www.livemag.it\/index.php\/author\/italpress\/"}]}},"jetpack_featured_media_url":"https:\/\/www.livemag.it\/wp-content\/uploads\/2025\/08\/20250827_0878.jpg","_links":{"self":[{"href":"https:\/\/www.livemag.it\/index.php\/wp-json\/wp\/v2\/posts\/57685","targetHints":{"allow":["GET"]}}],"collection":[{"href":"https:\/\/www.livemag.it\/index.php\/wp-json\/wp\/v2\/posts"}],"about":[{"href":"https:\/\/www.livemag.it\/index.php\/wp-json\/wp\/v2\/types\/post"}],"author":[{"embeddable":true,"href":"https:\/\/www.livemag.it\/index.php\/wp-json\/wp\/v2\/users\/16"}],"replies":[{"embeddable":true,"href":"https:\/\/www.livemag.it\/index.php\/wp-json\/wp\/v2\/comments?post=57685"}],"version-history":[{"count":0,"href":"https:\/\/www.livemag.it\/index.php\/wp-json\/wp\/v2\/posts\/57685\/revisions"}],"wp:featuredmedia":[{"embeddable":true,"href":"https:\/\/www.livemag.it\/index.php\/wp-json\/wp\/v2\/media\/57686"}],"wp:attachment":[{"href":"https:\/\/www.livemag.it\/index.php\/wp-json\/wp\/v2\/media?parent=57685"}],"wp:term":[{"taxonomy":"category","embeddable":true,"href":"https:\/\/www.livemag.it\/index.php\/wp-json\/wp\/v2\/categories?post=57685"},{"taxonomy":"post_tag","embeddable":true,"href":"https:\/\/www.livemag.it\/index.php\/wp-json\/wp\/v2\/tags?post=57685"}],"curies":[{"name":"wp","href":"https:\/\/api.w.org\/{rel}","templated":true}]}}