{"id":57598,"date":"2025-08-26T18:02:53","date_gmt":"2025-08-26T16:02:53","guid":{"rendered":"https:\/\/www.livemag.it\/index.php\/2025\/08\/26\/il-12-e-13-settembre-a-roma-il-world-meeting-on-human-fraternity-2025\/"},"modified":"2025-08-26T18:02:53","modified_gmt":"2025-08-26T16:02:53","slug":"il-12-e-13-settembre-a-roma-il-world-meeting-on-human-fraternity-2025","status":"publish","type":"post","link":"https:\/\/www.livemag.it\/index.php\/2025\/08\/26\/il-12-e-13-settembre-a-roma-il-world-meeting-on-human-fraternity-2025\/","title":{"rendered":"Il 12 e 13 settembre a Roma il World Meeting on Human Fraternity 2025"},"content":{"rendered":"<div>\n<p>ROMA (ITALPRESS) \u2013 \u201cLa fraternit\u00e0 non \u00e8 solo il risultato di condizioni di rispetto per le libert\u00e0 individuali, e nemmeno di una certa regolata equit\u00e0. [\u2026] La fraternit\u00e0 ha qualcosa di positivo da offrire alla libert\u00e0 e all\u2019uguaglianza\u201d. Cos\u00ec si legge nell\u2019enciclica Fratelli tutti, un invito a riscoprire la forza generativa della fraternit\u00e0 nel mondo di oggi. E\u2019 proprio da questo spirito che prende vita il World Meeting on Human Fraternity 2025, giunto quest\u2019anno alla sua terza edizione. L\u2019appuntamento \u00e8 fissato per venerd\u00ec 12 e sabato 13 settembre a Roma, promosso dalla Basilica di San Pietro. <br \/>\u201cL\u2019obiettivo dell\u2019iniziativa \u00e8 chiaro e urgente: interrogarsi, insieme, su cosa significhi essere umani oggi, in un\u2019epoca attraversata da conflitti, solitudini, nuove forme di povert\u00e0, crisi ambientali e sfide legate al progresso tecnologico. Un\u2019occasione per dialogare, condividere esperienze e costruire, partendo dalla fraternit\u00e0, nuove vie di speranza e responsabilit\u00e0 comune\u201d, si legge in una nota. <br \/>Il cuore pulsante del Meeting di venerd\u00ec 12 settembre saranno i 15 Tavoli tematici (dal titolo: Agricoltura; Ambiente e sostenibilit\u00e0; Amministratori Locali; Arte e Letteratura; Bambini; Economia e Finanza; Education; Formazione Politica; Imprese; Informazione; Intelligenza Artificiale; Lavoro; Salute; Sport; Terzo Settore), veri e propri laboratori di confronto e progettazione. Questi tavoli si riuniranno in luoghi particolarmente simbolici della citt\u00e0, come il Campidoglio, la FAO, la sede dell\u2019Unione Europea, l\u2019ABI e la Provincia di Roma, a sottolineare l\u2019importanza di un dialogo aperto tra istituzioni, societ\u00e0 civile, mondo accademico e dell\u2019informazione. Sar\u00e0 un\u2019occasione unica per mettere in rete idee, esperienze e buone pratiche, con l\u2019obiettivo di dare concretezza ai valori della fraternit\u00e0 e costruire insieme nuove prospettive per il futuro.<br \/>\u201cL\u2019esperienza dei Tavoli aiuta a incontrarsi e ascoltarsi, conoscersi e riconoscerci. Riscoprire la fraternit\u00e0 e scegliere parole e gesti fondati sull\u2019umano pu\u00f2 nutrire di significati e valori la vita di istituzioni e imprese, ospedali e centri sportivi\u2026fino all\u2019Intelligenza Artificiale. Il mondo ha bisogno di una nuova \u2018Alleanza dell\u2019uman\u00f2 e di scrivere insieme una nuova grammatica della fraternit\u00e0; lo ha ricordato Papa Leone XIV nella sua prima udienza: \u201cPrima di essere credenti, siamo chiamati a essere umani\u201d. Anche nella serata del 13 \u2013 ha dichiarato il Cardinale Mauro Gambetti \u2013 la fraternit\u00e0 sar\u00e0 protagonista, raccontata attraverso il linguaggio universale della musica e le storie di chi ne ha fatto una scelta di vita. Un evento giubilare per diffondere grazia nel mondo\u201d. <br \/>Sabato 13 settembre, nella suggestiva cornice della sala degli Orazi e Curiazi al Campidoglio, si terr\u00e0 l\u2019Assemblea dell\u2019Umano. Sar\u00e0 un momento di straordinario valore, guidato da Premi Nobel e da rappresentanti di istituzioni internazionali. I partecipanti raccoglieranno il lavoro svolto nei tavoli tematici del giorno precedente e avvieranno un \u201cpercorso sinodale\u201d con l\u2019obiettivo di coinvolgere le comunit\u00e0 nel mondo per riconoscere e illuminare \u201ccosa significa essere umani oggi\u201d. <br \/>Tra gli altri, prenderanno parte: Mauro Gambetti, Cardinale, Arciprete della Basilica di San Pietro, Vicario Generale della Citt\u00e0 del Vaticano e Presidente della Fabbrica di San Pietro; Gra\u00e7a Machel Mandela, Attivista e politica mozambicana, co-fondatrice e Vice-Presidente de The Elders, ex-Ministra dell\u2019Educazione e Cultura del Mozambico, gi\u00e0 First Lady di Mozambico e Sudafrica; Maria Ressa, Giornalista e imprenditrice filippino-americana, Cofondatrice e CEO (Executive Editor) di Rappler, Nobel per la pace 2021, Professore di Professional Practice a Columbia SIPA e distinguished fellow all\u2019Institute of Global Politics.<br \/>Inoltre, nella serata di sabato, Piazza San Pietro diventer\u00e0 il centro di un evento internazionale intitolato \u201cGrace for the World\u201d. Sul palco si alterneranno testimoni e artisti di fama mondiale, tra cui esibizioni musicali dal vivo del Maestro Andrea Bocelli, Pharrell Williams con il coro gospel Voices of Fire, John Legend, il coro della Diocesi di Roma diretto dal Maestro Marco Frisina e un coro internazionale. Lo spettacolo sar\u00e0 reso ancora pi\u00f9 suggestivo da una esibizione aerea di droni e luci a cura di Nova Sky Stories, con immagini ispirate alla Cappella Sistina.<br \/>L\u2019evento rappresenter\u00e0 il culmine di due giorni di iniziative spirituali e culturali, per celebrare la forza della fraternit\u00e0, rivolgere al mondo un abbraccio simbolico e rinnovare l\u2019impegno collettivo per la tutela del Creato.<br \/>Occorre guardare all\u2019unico orizzonte, quello dell\u2019umano nutrito dalla fraternit\u00e0. Come ha rammentato Papa Leone XIV nella sua omelia d\u2019inizio pontificato: \u201cFratelli, sorelle, questa \u00e8 l\u2019ora dell\u2019amore! Insieme, come unico popolo, come fratelli tutti, camminiamo incontro a Dio e amiamoci a vicenda tra di noi\u201d.<br \/>L\u2019evento serale del 13 settembre sar\u00e0 aperto al pubblico in Piazza San Pietro, oltre a essere trasmesso in diretta a livello globale.<\/p>\n<p>\u2013 foto ufficio stampa ItalCommunications \u2013<br \/>(ITALPRESS).<\/p>\n<\/div>\n","protected":false},"excerpt":{"rendered":"<p>ROMA (ITALPRESS) \u2013 \u201cLa fraternit\u00e0 non \u00e8 solo il risultato di condizioni di rispetto per le libert\u00e0 individuali, e nemmeno di una certa regolata equit\u00e0. [\u2026] La fraternit\u00e0 ha qualcosa di positivo da offrire alla libert\u00e0 e all\u2019uguaglianza\u201d. Cos\u00ec si legge nell\u2019enciclica Fratelli tutti, un invito a riscoprire la forza generativa della fraternit\u00e0 nel mondo [&hellip;]<\/p>\n","protected":false},"author":16,"featured_media":57599,"comment_status":"closed","ping_status":"closed","sticky":false,"template":"","format":"standard","meta":{"jnews-multi-image_gallery":[],"jnews_single_post":[],"jnews_primary_category":[],"jnews_social_meta":[],"jnews_override_counter":[],"jnews_post_split":[],"footnotes":""},"categories":[1129],"tags":[],"class_list":["post-57598","post","type-post","status-publish","format-standard","has-post-thumbnail","hentry","category-mondo"],"yoast_head":"<!-- This site is optimized with the Yoast SEO plugin v27.5 - https:\/\/yoast.com\/product\/yoast-seo-wordpress\/ -->\n<title>Il 12 e 13 settembre a Roma il World Meeting on Human Fraternity 2025 - Live Magazine<\/title>\n<meta name=\"robots\" content=\"index, follow, max-snippet:-1, max-image-preview:large, max-video-preview:-1\" \/>\n<link rel=\"canonical\" href=\"https:\/\/www.livemag.it\/index.php\/2025\/08\/26\/il-12-e-13-settembre-a-roma-il-world-meeting-on-human-fraternity-2025\/\" \/>\n<meta property=\"og:locale\" content=\"it_IT\" \/>\n<meta property=\"og:type\" content=\"article\" \/>\n<meta property=\"og:title\" content=\"Il 12 e 13 settembre a Roma il World Meeting on Human Fraternity 2025 - Live Magazine\" \/>\n<meta property=\"og:description\" content=\"ROMA (ITALPRESS) \u2013 \u201cLa fraternit\u00e0 non \u00e8 solo il risultato di condizioni di rispetto per le libert\u00e0 individuali, e nemmeno di una certa regolata equit\u00e0. [\u2026] La fraternit\u00e0 ha qualcosa di positivo da offrire alla libert\u00e0 e all\u2019uguaglianza\u201d. Cos\u00ec si legge nell\u2019enciclica Fratelli tutti, un invito a riscoprire la forza generativa della fraternit\u00e0 nel mondo [&hellip;]\" \/>\n<meta property=\"og:url\" content=\"https:\/\/www.livemag.it\/index.php\/2025\/08\/26\/il-12-e-13-settembre-a-roma-il-world-meeting-on-human-fraternity-2025\/\" \/>\n<meta property=\"og:site_name\" content=\"Live Magazine\" \/>\n<meta property=\"article:publisher\" content=\"https:\/\/www.facebook.com\/LiveMag\/\" \/>\n<meta property=\"article:published_time\" content=\"2025-08-26T16:02:53+00:00\" \/>\n<meta property=\"og:image\" content=\"https:\/\/www.livemag.it\/wp-content\/uploads\/2024\/02\/ograph.jpg\" \/>\n\t<meta property=\"og:image:width\" content=\"1200\" \/>\n\t<meta property=\"og:image:height\" content=\"675\" \/>\n\t<meta property=\"og:image:type\" content=\"image\/jpeg\" \/>\n<meta name=\"author\" content=\"italpress\" \/>\n<meta name=\"twitter:card\" content=\"summary_large_image\" \/>\n<meta name=\"twitter:creator\" content=\"@LiveNotizie\" \/>\n<meta name=\"twitter:site\" content=\"@LiveNotizie\" \/>\n<meta name=\"twitter:label1\" content=\"Scritto da\" \/>\n\t<meta name=\"twitter:data1\" content=\"italpress\" \/>\n\t<meta name=\"twitter:label2\" content=\"Tempo di lettura stimato\" \/>\n\t<meta name=\"twitter:data2\" content=\"4 minuti\" \/>\n<script type=\"application\/ld+json\" class=\"yoast-schema-graph\">{\"@context\":\"https:\\\/\\\/schema.org\",\"@graph\":[{\"@type\":\"Article\",\"@id\":\"https:\\\/\\\/www.livemag.it\\\/index.php\\\/2025\\\/08\\\/26\\\/il-12-e-13-settembre-a-roma-il-world-meeting-on-human-fraternity-2025\\\/#article\",\"isPartOf\":{\"@id\":\"https:\\\/\\\/www.livemag.it\\\/index.php\\\/2025\\\/08\\\/26\\\/il-12-e-13-settembre-a-roma-il-world-meeting-on-human-fraternity-2025\\\/\"},\"author\":{\"name\":\"italpress\",\"@id\":\"https:\\\/\\\/www.livemag.it\\\/#\\\/schema\\\/person\\\/b62c5f44451fdcdaeb0afe6c2424e73c\"},\"headline\":\"Il 12 e 13 settembre a Roma il World Meeting on Human Fraternity 2025\",\"datePublished\":\"2025-08-26T16:02:53+00:00\",\"mainEntityOfPage\":{\"@id\":\"https:\\\/\\\/www.livemag.it\\\/index.php\\\/2025\\\/08\\\/26\\\/il-12-e-13-settembre-a-roma-il-world-meeting-on-human-fraternity-2025\\\/\"},\"wordCount\":765,\"publisher\":{\"@id\":\"https:\\\/\\\/www.livemag.it\\\/#organization\"},\"image\":{\"@id\":\"https:\\\/\\\/www.livemag.it\\\/index.php\\\/2025\\\/08\\\/26\\\/il-12-e-13-settembre-a-roma-il-world-meeting-on-human-fraternity-2025\\\/#primaryimage\"},\"thumbnailUrl\":\"https:\\\/\\\/www.livemag.it\\\/wp-content\\\/uploads\\\/2025\\\/08\\\/20250826_0989.jpg\",\"articleSection\":[\"Mondo\"],\"inLanguage\":\"it-IT\"},{\"@type\":\"WebPage\",\"@id\":\"https:\\\/\\\/www.livemag.it\\\/index.php\\\/2025\\\/08\\\/26\\\/il-12-e-13-settembre-a-roma-il-world-meeting-on-human-fraternity-2025\\\/\",\"url\":\"https:\\\/\\\/www.livemag.it\\\/index.php\\\/2025\\\/08\\\/26\\\/il-12-e-13-settembre-a-roma-il-world-meeting-on-human-fraternity-2025\\\/\",\"name\":\"Il 12 e 13 settembre a Roma il World Meeting on Human Fraternity 2025 - Live Magazine\",\"isPartOf\":{\"@id\":\"https:\\\/\\\/www.livemag.it\\\/#website\"},\"primaryImageOfPage\":{\"@id\":\"https:\\\/\\\/www.livemag.it\\\/index.php\\\/2025\\\/08\\\/26\\\/il-12-e-13-settembre-a-roma-il-world-meeting-on-human-fraternity-2025\\\/#primaryimage\"},\"image\":{\"@id\":\"https:\\\/\\\/www.livemag.it\\\/index.php\\\/2025\\\/08\\\/26\\\/il-12-e-13-settembre-a-roma-il-world-meeting-on-human-fraternity-2025\\\/#primaryimage\"},\"thumbnailUrl\":\"https:\\\/\\\/www.livemag.it\\\/wp-content\\\/uploads\\\/2025\\\/08\\\/20250826_0989.jpg\",\"datePublished\":\"2025-08-26T16:02:53+00:00\",\"breadcrumb\":{\"@id\":\"https:\\\/\\\/www.livemag.it\\\/index.php\\\/2025\\\/08\\\/26\\\/il-12-e-13-settembre-a-roma-il-world-meeting-on-human-fraternity-2025\\\/#breadcrumb\"},\"inLanguage\":\"it-IT\",\"potentialAction\":[{\"@type\":\"ReadAction\",\"target\":[\"https:\\\/\\\/www.livemag.it\\\/index.php\\\/2025\\\/08\\\/26\\\/il-12-e-13-settembre-a-roma-il-world-meeting-on-human-fraternity-2025\\\/\"]}]},{\"@type\":\"ImageObject\",\"inLanguage\":\"it-IT\",\"@id\":\"https:\\\/\\\/www.livemag.it\\\/index.php\\\/2025\\\/08\\\/26\\\/il-12-e-13-settembre-a-roma-il-world-meeting-on-human-fraternity-2025\\\/#primaryimage\",\"url\":\"https:\\\/\\\/www.livemag.it\\\/wp-content\\\/uploads\\\/2025\\\/08\\\/20250826_0989.jpg\",\"contentUrl\":\"https:\\\/\\\/www.livemag.it\\\/wp-content\\\/uploads\\\/2025\\\/08\\\/20250826_0989.jpg\",\"width\":1024,\"height\":576},{\"@type\":\"BreadcrumbList\",\"@id\":\"https:\\\/\\\/www.livemag.it\\\/index.php\\\/2025\\\/08\\\/26\\\/il-12-e-13-settembre-a-roma-il-world-meeting-on-human-fraternity-2025\\\/#breadcrumb\",\"itemListElement\":[{\"@type\":\"ListItem\",\"position\":1,\"name\":\"Home\",\"item\":\"https:\\\/\\\/www.livemag.it\\\/\"},{\"@type\":\"ListItem\",\"position\":2,\"name\":\"Il 12 e 13 settembre a Roma il World Meeting on Human Fraternity 2025\"}]},{\"@type\":\"WebSite\",\"@id\":\"https:\\\/\\\/www.livemag.it\\\/#website\",\"url\":\"https:\\\/\\\/www.livemag.it\\\/\",\"name\":\"Live Magazine\",\"description\":\"Varie ed eventi\",\"publisher\":{\"@id\":\"https:\\\/\\\/www.livemag.it\\\/#organization\"},\"potentialAction\":[{\"@type\":\"SearchAction\",\"target\":{\"@type\":\"EntryPoint\",\"urlTemplate\":\"https:\\\/\\\/www.livemag.it\\\/?s={search_term_string}\"},\"query-input\":{\"@type\":\"PropertyValueSpecification\",\"valueRequired\":true,\"valueName\":\"search_term_string\"}}],\"inLanguage\":\"it-IT\"},{\"@type\":\"Organization\",\"@id\":\"https:\\\/\\\/www.livemag.it\\\/#organization\",\"name\":\"LiveMag\",\"alternateName\":\"LiveMag News ed eventi\",\"url\":\"https:\\\/\\\/www.livemag.it\\\/\",\"logo\":{\"@type\":\"ImageObject\",\"inLanguage\":\"it-IT\",\"@id\":\"https:\\\/\\\/www.livemag.it\\\/#\\\/schema\\\/logo\\\/image\\\/\",\"url\":\"https:\\\/\\\/www.livemag.it\\\/wp-content\\\/uploads\\\/2024\\\/02\\\/immagine-sito.jpg\",\"contentUrl\":\"https:\\\/\\\/www.livemag.it\\\/wp-content\\\/uploads\\\/2024\\\/02\\\/immagine-sito.jpg\",\"width\":696,\"height\":696,\"caption\":\"LiveMag\"},\"image\":{\"@id\":\"https:\\\/\\\/www.livemag.it\\\/#\\\/schema\\\/logo\\\/image\\\/\"},\"sameAs\":[\"https:\\\/\\\/www.facebook.com\\\/LiveMag\\\/\",\"https:\\\/\\\/x.com\\\/LiveNotizie\",\"https:\\\/\\\/www.instagram.com\\\/livemag\\\/\"]},{\"@type\":\"Person\",\"@id\":\"https:\\\/\\\/www.livemag.it\\\/#\\\/schema\\\/person\\\/b62c5f44451fdcdaeb0afe6c2424e73c\",\"name\":\"italpress\",\"image\":{\"@type\":\"ImageObject\",\"inLanguage\":\"it-IT\",\"@id\":\"https:\\\/\\\/secure.gravatar.com\\\/avatar\\\/b6a21695fc713ce7ee312cf57c97e2e641feb365be72d8745574d3c3e2b59066?s=96&r=g\",\"url\":\"https:\\\/\\\/secure.gravatar.com\\\/avatar\\\/b6a21695fc713ce7ee312cf57c97e2e641feb365be72d8745574d3c3e2b59066?s=96&r=g\",\"contentUrl\":\"https:\\\/\\\/secure.gravatar.com\\\/avatar\\\/b6a21695fc713ce7ee312cf57c97e2e641feb365be72d8745574d3c3e2b59066?s=96&r=g\",\"caption\":\"italpress\"},\"description\":\"Italpress \u00e8 un'agenzia di stampa italiana a carattere nazionale.\",\"url\":\"https:\\\/\\\/www.livemag.it\\\/index.php\\\/author\\\/italpress\\\/\"}]}<\/script>\n<!-- \/ Yoast SEO plugin. -->","yoast_head_json":{"title":"Il 12 e 13 settembre a Roma il World Meeting on Human Fraternity 2025 - Live Magazine","robots":{"index":"index","follow":"follow","max-snippet":"max-snippet:-1","max-image-preview":"max-image-preview:large","max-video-preview":"max-video-preview:-1"},"canonical":"https:\/\/www.livemag.it\/index.php\/2025\/08\/26\/il-12-e-13-settembre-a-roma-il-world-meeting-on-human-fraternity-2025\/","og_locale":"it_IT","og_type":"article","og_title":"Il 12 e 13 settembre a Roma il World Meeting on Human Fraternity 2025 - Live Magazine","og_description":"ROMA (ITALPRESS) \u2013 \u201cLa fraternit\u00e0 non \u00e8 solo il risultato di condizioni di rispetto per le libert\u00e0 individuali, e nemmeno di una certa regolata equit\u00e0. [\u2026] La fraternit\u00e0 ha qualcosa di positivo da offrire alla libert\u00e0 e all\u2019uguaglianza\u201d. Cos\u00ec si legge nell\u2019enciclica Fratelli tutti, un invito a riscoprire la forza generativa della fraternit\u00e0 nel mondo [&hellip;]","og_url":"https:\/\/www.livemag.it\/index.php\/2025\/08\/26\/il-12-e-13-settembre-a-roma-il-world-meeting-on-human-fraternity-2025\/","og_site_name":"Live Magazine","article_publisher":"https:\/\/www.facebook.com\/LiveMag\/","article_published_time":"2025-08-26T16:02:53+00:00","og_image":[{"width":1200,"height":675,"url":"https:\/\/www.livemag.it\/wp-content\/uploads\/2024\/02\/ograph.jpg","type":"image\/jpeg"}],"author":"italpress","twitter_card":"summary_large_image","twitter_creator":"@LiveNotizie","twitter_site":"@LiveNotizie","twitter_misc":{"Scritto da":"italpress","Tempo di lettura stimato":"4 minuti"},"schema":{"@context":"https:\/\/schema.org","@graph":[{"@type":"Article","@id":"https:\/\/www.livemag.it\/index.php\/2025\/08\/26\/il-12-e-13-settembre-a-roma-il-world-meeting-on-human-fraternity-2025\/#article","isPartOf":{"@id":"https:\/\/www.livemag.it\/index.php\/2025\/08\/26\/il-12-e-13-settembre-a-roma-il-world-meeting-on-human-fraternity-2025\/"},"author":{"name":"italpress","@id":"https:\/\/www.livemag.it\/#\/schema\/person\/b62c5f44451fdcdaeb0afe6c2424e73c"},"headline":"Il 12 e 13 settembre a Roma il World Meeting on Human Fraternity 2025","datePublished":"2025-08-26T16:02:53+00:00","mainEntityOfPage":{"@id":"https:\/\/www.livemag.it\/index.php\/2025\/08\/26\/il-12-e-13-settembre-a-roma-il-world-meeting-on-human-fraternity-2025\/"},"wordCount":765,"publisher":{"@id":"https:\/\/www.livemag.it\/#organization"},"image":{"@id":"https:\/\/www.livemag.it\/index.php\/2025\/08\/26\/il-12-e-13-settembre-a-roma-il-world-meeting-on-human-fraternity-2025\/#primaryimage"},"thumbnailUrl":"https:\/\/www.livemag.it\/wp-content\/uploads\/2025\/08\/20250826_0989.jpg","articleSection":["Mondo"],"inLanguage":"it-IT"},{"@type":"WebPage","@id":"https:\/\/www.livemag.it\/index.php\/2025\/08\/26\/il-12-e-13-settembre-a-roma-il-world-meeting-on-human-fraternity-2025\/","url":"https:\/\/www.livemag.it\/index.php\/2025\/08\/26\/il-12-e-13-settembre-a-roma-il-world-meeting-on-human-fraternity-2025\/","name":"Il 12 e 13 settembre a Roma il World Meeting on Human Fraternity 2025 - Live Magazine","isPartOf":{"@id":"https:\/\/www.livemag.it\/#website"},"primaryImageOfPage":{"@id":"https:\/\/www.livemag.it\/index.php\/2025\/08\/26\/il-12-e-13-settembre-a-roma-il-world-meeting-on-human-fraternity-2025\/#primaryimage"},"image":{"@id":"https:\/\/www.livemag.it\/index.php\/2025\/08\/26\/il-12-e-13-settembre-a-roma-il-world-meeting-on-human-fraternity-2025\/#primaryimage"},"thumbnailUrl":"https:\/\/www.livemag.it\/wp-content\/uploads\/2025\/08\/20250826_0989.jpg","datePublished":"2025-08-26T16:02:53+00:00","breadcrumb":{"@id":"https:\/\/www.livemag.it\/index.php\/2025\/08\/26\/il-12-e-13-settembre-a-roma-il-world-meeting-on-human-fraternity-2025\/#breadcrumb"},"inLanguage":"it-IT","potentialAction":[{"@type":"ReadAction","target":["https:\/\/www.livemag.it\/index.php\/2025\/08\/26\/il-12-e-13-settembre-a-roma-il-world-meeting-on-human-fraternity-2025\/"]}]},{"@type":"ImageObject","inLanguage":"it-IT","@id":"https:\/\/www.livemag.it\/index.php\/2025\/08\/26\/il-12-e-13-settembre-a-roma-il-world-meeting-on-human-fraternity-2025\/#primaryimage","url":"https:\/\/www.livemag.it\/wp-content\/uploads\/2025\/08\/20250826_0989.jpg","contentUrl":"https:\/\/www.livemag.it\/wp-content\/uploads\/2025\/08\/20250826_0989.jpg","width":1024,"height":576},{"@type":"BreadcrumbList","@id":"https:\/\/www.livemag.it\/index.php\/2025\/08\/26\/il-12-e-13-settembre-a-roma-il-world-meeting-on-human-fraternity-2025\/#breadcrumb","itemListElement":[{"@type":"ListItem","position":1,"name":"Home","item":"https:\/\/www.livemag.it\/"},{"@type":"ListItem","position":2,"name":"Il 12 e 13 settembre a Roma il World Meeting on Human Fraternity 2025"}]},{"@type":"WebSite","@id":"https:\/\/www.livemag.it\/#website","url":"https:\/\/www.livemag.it\/","name":"Live Magazine","description":"Varie ed eventi","publisher":{"@id":"https:\/\/www.livemag.it\/#organization"},"potentialAction":[{"@type":"SearchAction","target":{"@type":"EntryPoint","urlTemplate":"https:\/\/www.livemag.it\/?s={search_term_string}"},"query-input":{"@type":"PropertyValueSpecification","valueRequired":true,"valueName":"search_term_string"}}],"inLanguage":"it-IT"},{"@type":"Organization","@id":"https:\/\/www.livemag.it\/#organization","name":"LiveMag","alternateName":"LiveMag News ed eventi","url":"https:\/\/www.livemag.it\/","logo":{"@type":"ImageObject","inLanguage":"it-IT","@id":"https:\/\/www.livemag.it\/#\/schema\/logo\/image\/","url":"https:\/\/www.livemag.it\/wp-content\/uploads\/2024\/02\/immagine-sito.jpg","contentUrl":"https:\/\/www.livemag.it\/wp-content\/uploads\/2024\/02\/immagine-sito.jpg","width":696,"height":696,"caption":"LiveMag"},"image":{"@id":"https:\/\/www.livemag.it\/#\/schema\/logo\/image\/"},"sameAs":["https:\/\/www.facebook.com\/LiveMag\/","https:\/\/x.com\/LiveNotizie","https:\/\/www.instagram.com\/livemag\/"]},{"@type":"Person","@id":"https:\/\/www.livemag.it\/#\/schema\/person\/b62c5f44451fdcdaeb0afe6c2424e73c","name":"italpress","image":{"@type":"ImageObject","inLanguage":"it-IT","@id":"https:\/\/secure.gravatar.com\/avatar\/b6a21695fc713ce7ee312cf57c97e2e641feb365be72d8745574d3c3e2b59066?s=96&r=g","url":"https:\/\/secure.gravatar.com\/avatar\/b6a21695fc713ce7ee312cf57c97e2e641feb365be72d8745574d3c3e2b59066?s=96&r=g","contentUrl":"https:\/\/secure.gravatar.com\/avatar\/b6a21695fc713ce7ee312cf57c97e2e641feb365be72d8745574d3c3e2b59066?s=96&r=g","caption":"italpress"},"description":"Italpress \u00e8 un'agenzia di stampa italiana a carattere nazionale.","url":"https:\/\/www.livemag.it\/index.php\/author\/italpress\/"}]}},"jetpack_featured_media_url":"https:\/\/www.livemag.it\/wp-content\/uploads\/2025\/08\/20250826_0989.jpg","_links":{"self":[{"href":"https:\/\/www.livemag.it\/index.php\/wp-json\/wp\/v2\/posts\/57598","targetHints":{"allow":["GET"]}}],"collection":[{"href":"https:\/\/www.livemag.it\/index.php\/wp-json\/wp\/v2\/posts"}],"about":[{"href":"https:\/\/www.livemag.it\/index.php\/wp-json\/wp\/v2\/types\/post"}],"author":[{"embeddable":true,"href":"https:\/\/www.livemag.it\/index.php\/wp-json\/wp\/v2\/users\/16"}],"replies":[{"embeddable":true,"href":"https:\/\/www.livemag.it\/index.php\/wp-json\/wp\/v2\/comments?post=57598"}],"version-history":[{"count":0,"href":"https:\/\/www.livemag.it\/index.php\/wp-json\/wp\/v2\/posts\/57598\/revisions"}],"wp:featuredmedia":[{"embeddable":true,"href":"https:\/\/www.livemag.it\/index.php\/wp-json\/wp\/v2\/media\/57599"}],"wp:attachment":[{"href":"https:\/\/www.livemag.it\/index.php\/wp-json\/wp\/v2\/media?parent=57598"}],"wp:term":[{"taxonomy":"category","embeddable":true,"href":"https:\/\/www.livemag.it\/index.php\/wp-json\/wp\/v2\/categories?post=57598"},{"taxonomy":"post_tag","embeddable":true,"href":"https:\/\/www.livemag.it\/index.php\/wp-json\/wp\/v2\/tags?post=57598"}],"curies":[{"name":"wp","href":"https:\/\/api.w.org\/{rel}","templated":true}]}}