{"id":57596,"date":"2025-08-26T18:02:50","date_gmt":"2025-08-26T16:02:50","guid":{"rendered":"https:\/\/www.livemag.it\/index.php\/2025\/08\/26\/perez-e-bottas-i-due-piloti-per-il-debutto-mondiale-della-cadillac\/"},"modified":"2025-08-26T18:02:50","modified_gmt":"2025-08-26T16:02:50","slug":"perez-e-bottas-i-due-piloti-per-il-debutto-mondiale-della-cadillac","status":"publish","type":"post","link":"https:\/\/www.livemag.it\/index.php\/2025\/08\/26\/perez-e-bottas-i-due-piloti-per-il-debutto-mondiale-della-cadillac\/","title":{"rendered":"Perez e Bottas i due piloti per il debutto mondiale della Cadillac"},"content":{"rendered":"<div>\n<p>ROMA (ITALPRESS) \u2013 La \u2018debuttant\u00e8 Cadillac ha scelto di puntare sull\u2019esperienza. La nuova scuderia americana, l\u2019undicesima in gara dalla prossima stagione nel Mondiale di Formula 1, ha ufficializzato i suoi due piloti: Sergio Perez e Valtteri Bottas. I due piloti, vincitori in carriera di numerosi Gran Premi (6 per il messicano, 10 per il finlandese), torneranno in griglia a meno di due anni dalla loro \u2018ultima volt\u00e0. Secondo classificato dietro a Max Verstappen nel 2023, dopo aver giocato un ruolo decisivo nella corsa dell\u2019olandese al suo primo titolo due anni prima, Perez \u00e8 stato licenziato dalla Red Bull dopo un disastroso 2024 (8\u00b0 in campionato), nonostante un prolungamento del contratto di due anni firmato pochi mesi prima. Il messicano, che \u00e8 sempre stato sostenuto finanziariamente dal suo connazionale e miliardario Carlos Slim per tutta la sua carriera, dovrebbe portare generose sponsorizzazioni a Cadillac. Secondo classificato nei Mondiali 2019 e 2020 con la Mercedes, Bottas \u00e8 passato alla Sauber nel 2022 dopo la \u2018promozion\u00e8 di George Russell alle Frecce d\u2019Argento. Con la scuderia svizzera, il finlandese non ha brillato, arrivando addirittura terzultimo in campionato nella sua ultima stagione, senza punti conquistati in 24 gare. Da allora, \u00e8 stato pilota di riserva della Mercedes. Bottas dovr\u00e0 scontare una penalit\u00e0 di 5 posizioni in griglia per il Gran Premio d\u2019Australia dell\u20198 marzo 2026: infatti, durante la sua ultima gara con la Sauber, ad Abu Dhabi nel dicembre 2024, il finlandese si \u00e8 scontrato con Kevin Magnussen, un altro ex pilota in griglia che, dal canto suo, non dovrebbe tornare a breve in F1.<br \/>\u2013 Foto Ipa Agency \u2013<br \/>(ITALPRESS).<\/p>\n<\/div>\n","protected":false},"excerpt":{"rendered":"<p>ROMA (ITALPRESS) \u2013 La \u2018debuttant\u00e8 Cadillac ha scelto di puntare sull\u2019esperienza. La nuova scuderia americana, l\u2019undicesima in gara dalla prossima stagione nel Mondiale di Formula 1, ha ufficializzato i suoi due piloti: Sergio Perez e Valtteri Bottas. I due piloti, vincitori in carriera di numerosi Gran Premi (6 per il messicano, 10 per il finlandese), [&hellip;]<\/p>\n","protected":false},"author":16,"featured_media":57597,"comment_status":"closed","ping_status":"closed","sticky":false,"template":"","format":"standard","meta":{"jnews-multi-image_gallery":[],"jnews_single_post":[],"jnews_primary_category":[],"jnews_social_meta":[],"jnews_override_counter":[],"jnews_post_split":[],"footnotes":""},"categories":[1129],"tags":[],"class_list":["post-57596","post","type-post","status-publish","format-standard","has-post-thumbnail","hentry","category-mondo"],"yoast_head":"<!-- This site is optimized with the Yoast SEO plugin v27.5 - https:\/\/yoast.com\/product\/yoast-seo-wordpress\/ -->\n<title>Perez e Bottas i due piloti per il debutto mondiale della Cadillac - Live Magazine<\/title>\n<meta name=\"robots\" content=\"index, follow, max-snippet:-1, max-image-preview:large, max-video-preview:-1\" \/>\n<link rel=\"canonical\" href=\"https:\/\/www.livemag.it\/index.php\/2025\/08\/26\/perez-e-bottas-i-due-piloti-per-il-debutto-mondiale-della-cadillac\/\" \/>\n<meta property=\"og:locale\" content=\"it_IT\" \/>\n<meta property=\"og:type\" content=\"article\" \/>\n<meta property=\"og:title\" content=\"Perez e Bottas i due piloti per il debutto mondiale della Cadillac - Live Magazine\" \/>\n<meta property=\"og:description\" content=\"ROMA (ITALPRESS) \u2013 La \u2018debuttant\u00e8 Cadillac ha scelto di puntare sull\u2019esperienza. La nuova scuderia americana, l\u2019undicesima in gara dalla prossima stagione nel Mondiale di Formula 1, ha ufficializzato i suoi due piloti: Sergio Perez e Valtteri Bottas. I due piloti, vincitori in carriera di numerosi Gran Premi (6 per il messicano, 10 per il finlandese), [&hellip;]\" \/>\n<meta property=\"og:url\" content=\"https:\/\/www.livemag.it\/index.php\/2025\/08\/26\/perez-e-bottas-i-due-piloti-per-il-debutto-mondiale-della-cadillac\/\" \/>\n<meta property=\"og:site_name\" content=\"Live Magazine\" \/>\n<meta property=\"article:publisher\" content=\"https:\/\/www.facebook.com\/LiveMag\/\" \/>\n<meta property=\"article:published_time\" content=\"2025-08-26T16:02:50+00:00\" \/>\n<meta property=\"og:image\" content=\"https:\/\/www.livemag.it\/wp-content\/uploads\/2024\/02\/ograph.jpg\" \/>\n\t<meta property=\"og:image:width\" content=\"1200\" \/>\n\t<meta property=\"og:image:height\" content=\"675\" \/>\n\t<meta property=\"og:image:type\" content=\"image\/jpeg\" \/>\n<meta name=\"author\" content=\"italpress\" \/>\n<meta name=\"twitter:card\" content=\"summary_large_image\" \/>\n<meta name=\"twitter:creator\" content=\"@LiveNotizie\" \/>\n<meta name=\"twitter:site\" content=\"@LiveNotizie\" \/>\n<meta name=\"twitter:label1\" content=\"Scritto da\" \/>\n\t<meta name=\"twitter:data1\" content=\"italpress\" \/>\n\t<meta name=\"twitter:label2\" content=\"Tempo di lettura stimato\" \/>\n\t<meta name=\"twitter:data2\" content=\"1 minuto\" \/>\n<script type=\"application\/ld+json\" class=\"yoast-schema-graph\">{\"@context\":\"https:\\\/\\\/schema.org\",\"@graph\":[{\"@type\":\"Article\",\"@id\":\"https:\\\/\\\/www.livemag.it\\\/index.php\\\/2025\\\/08\\\/26\\\/perez-e-bottas-i-due-piloti-per-il-debutto-mondiale-della-cadillac\\\/#article\",\"isPartOf\":{\"@id\":\"https:\\\/\\\/www.livemag.it\\\/index.php\\\/2025\\\/08\\\/26\\\/perez-e-bottas-i-due-piloti-per-il-debutto-mondiale-della-cadillac\\\/\"},\"author\":{\"name\":\"italpress\",\"@id\":\"https:\\\/\\\/www.livemag.it\\\/#\\\/schema\\\/person\\\/b62c5f44451fdcdaeb0afe6c2424e73c\"},\"headline\":\"Perez e Bottas i due piloti per il debutto mondiale della Cadillac\",\"datePublished\":\"2025-08-26T16:02:50+00:00\",\"mainEntityOfPage\":{\"@id\":\"https:\\\/\\\/www.livemag.it\\\/index.php\\\/2025\\\/08\\\/26\\\/perez-e-bottas-i-due-piloti-per-il-debutto-mondiale-della-cadillac\\\/\"},\"wordCount\":262,\"publisher\":{\"@id\":\"https:\\\/\\\/www.livemag.it\\\/#organization\"},\"image\":{\"@id\":\"https:\\\/\\\/www.livemag.it\\\/index.php\\\/2025\\\/08\\\/26\\\/perez-e-bottas-i-due-piloti-per-il-debutto-mondiale-della-cadillac\\\/#primaryimage\"},\"thumbnailUrl\":\"https:\\\/\\\/www.livemag.it\\\/wp-content\\\/uploads\\\/2025\\\/08\\\/20250826_0856.jpg\",\"articleSection\":[\"Mondo\"],\"inLanguage\":\"it-IT\"},{\"@type\":\"WebPage\",\"@id\":\"https:\\\/\\\/www.livemag.it\\\/index.php\\\/2025\\\/08\\\/26\\\/perez-e-bottas-i-due-piloti-per-il-debutto-mondiale-della-cadillac\\\/\",\"url\":\"https:\\\/\\\/www.livemag.it\\\/index.php\\\/2025\\\/08\\\/26\\\/perez-e-bottas-i-due-piloti-per-il-debutto-mondiale-della-cadillac\\\/\",\"name\":\"Perez e Bottas i due piloti per il debutto mondiale della Cadillac - Live Magazine\",\"isPartOf\":{\"@id\":\"https:\\\/\\\/www.livemag.it\\\/#website\"},\"primaryImageOfPage\":{\"@id\":\"https:\\\/\\\/www.livemag.it\\\/index.php\\\/2025\\\/08\\\/26\\\/perez-e-bottas-i-due-piloti-per-il-debutto-mondiale-della-cadillac\\\/#primaryimage\"},\"image\":{\"@id\":\"https:\\\/\\\/www.livemag.it\\\/index.php\\\/2025\\\/08\\\/26\\\/perez-e-bottas-i-due-piloti-per-il-debutto-mondiale-della-cadillac\\\/#primaryimage\"},\"thumbnailUrl\":\"https:\\\/\\\/www.livemag.it\\\/wp-content\\\/uploads\\\/2025\\\/08\\\/20250826_0856.jpg\",\"datePublished\":\"2025-08-26T16:02:50+00:00\",\"breadcrumb\":{\"@id\":\"https:\\\/\\\/www.livemag.it\\\/index.php\\\/2025\\\/08\\\/26\\\/perez-e-bottas-i-due-piloti-per-il-debutto-mondiale-della-cadillac\\\/#breadcrumb\"},\"inLanguage\":\"it-IT\",\"potentialAction\":[{\"@type\":\"ReadAction\",\"target\":[\"https:\\\/\\\/www.livemag.it\\\/index.php\\\/2025\\\/08\\\/26\\\/perez-e-bottas-i-due-piloti-per-il-debutto-mondiale-della-cadillac\\\/\"]}]},{\"@type\":\"ImageObject\",\"inLanguage\":\"it-IT\",\"@id\":\"https:\\\/\\\/www.livemag.it\\\/index.php\\\/2025\\\/08\\\/26\\\/perez-e-bottas-i-due-piloti-per-il-debutto-mondiale-della-cadillac\\\/#primaryimage\",\"url\":\"https:\\\/\\\/www.livemag.it\\\/wp-content\\\/uploads\\\/2025\\\/08\\\/20250826_0856.jpg\",\"contentUrl\":\"https:\\\/\\\/www.livemag.it\\\/wp-content\\\/uploads\\\/2025\\\/08\\\/20250826_0856.jpg\",\"width\":1200,\"height\":800},{\"@type\":\"BreadcrumbList\",\"@id\":\"https:\\\/\\\/www.livemag.it\\\/index.php\\\/2025\\\/08\\\/26\\\/perez-e-bottas-i-due-piloti-per-il-debutto-mondiale-della-cadillac\\\/#breadcrumb\",\"itemListElement\":[{\"@type\":\"ListItem\",\"position\":1,\"name\":\"Home\",\"item\":\"https:\\\/\\\/www.livemag.it\\\/\"},{\"@type\":\"ListItem\",\"position\":2,\"name\":\"Perez e Bottas i due piloti per il debutto mondiale della Cadillac\"}]},{\"@type\":\"WebSite\",\"@id\":\"https:\\\/\\\/www.livemag.it\\\/#website\",\"url\":\"https:\\\/\\\/www.livemag.it\\\/\",\"name\":\"Live Magazine\",\"description\":\"Varie ed eventi\",\"publisher\":{\"@id\":\"https:\\\/\\\/www.livemag.it\\\/#organization\"},\"potentialAction\":[{\"@type\":\"SearchAction\",\"target\":{\"@type\":\"EntryPoint\",\"urlTemplate\":\"https:\\\/\\\/www.livemag.it\\\/?s={search_term_string}\"},\"query-input\":{\"@type\":\"PropertyValueSpecification\",\"valueRequired\":true,\"valueName\":\"search_term_string\"}}],\"inLanguage\":\"it-IT\"},{\"@type\":\"Organization\",\"@id\":\"https:\\\/\\\/www.livemag.it\\\/#organization\",\"name\":\"LiveMag\",\"alternateName\":\"LiveMag News ed eventi\",\"url\":\"https:\\\/\\\/www.livemag.it\\\/\",\"logo\":{\"@type\":\"ImageObject\",\"inLanguage\":\"it-IT\",\"@id\":\"https:\\\/\\\/www.livemag.it\\\/#\\\/schema\\\/logo\\\/image\\\/\",\"url\":\"https:\\\/\\\/www.livemag.it\\\/wp-content\\\/uploads\\\/2024\\\/02\\\/immagine-sito.jpg\",\"contentUrl\":\"https:\\\/\\\/www.livemag.it\\\/wp-content\\\/uploads\\\/2024\\\/02\\\/immagine-sito.jpg\",\"width\":696,\"height\":696,\"caption\":\"LiveMag\"},\"image\":{\"@id\":\"https:\\\/\\\/www.livemag.it\\\/#\\\/schema\\\/logo\\\/image\\\/\"},\"sameAs\":[\"https:\\\/\\\/www.facebook.com\\\/LiveMag\\\/\",\"https:\\\/\\\/x.com\\\/LiveNotizie\",\"https:\\\/\\\/www.instagram.com\\\/livemag\\\/\"]},{\"@type\":\"Person\",\"@id\":\"https:\\\/\\\/www.livemag.it\\\/#\\\/schema\\\/person\\\/b62c5f44451fdcdaeb0afe6c2424e73c\",\"name\":\"italpress\",\"image\":{\"@type\":\"ImageObject\",\"inLanguage\":\"it-IT\",\"@id\":\"https:\\\/\\\/secure.gravatar.com\\\/avatar\\\/b6a21695fc713ce7ee312cf57c97e2e641feb365be72d8745574d3c3e2b59066?s=96&r=g\",\"url\":\"https:\\\/\\\/secure.gravatar.com\\\/avatar\\\/b6a21695fc713ce7ee312cf57c97e2e641feb365be72d8745574d3c3e2b59066?s=96&r=g\",\"contentUrl\":\"https:\\\/\\\/secure.gravatar.com\\\/avatar\\\/b6a21695fc713ce7ee312cf57c97e2e641feb365be72d8745574d3c3e2b59066?s=96&r=g\",\"caption\":\"italpress\"},\"description\":\"Italpress \u00e8 un'agenzia di stampa italiana a carattere nazionale.\",\"url\":\"https:\\\/\\\/www.livemag.it\\\/index.php\\\/author\\\/italpress\\\/\"}]}<\/script>\n<!-- \/ Yoast SEO plugin. -->","yoast_head_json":{"title":"Perez e Bottas i due piloti per il debutto mondiale della Cadillac - Live Magazine","robots":{"index":"index","follow":"follow","max-snippet":"max-snippet:-1","max-image-preview":"max-image-preview:large","max-video-preview":"max-video-preview:-1"},"canonical":"https:\/\/www.livemag.it\/index.php\/2025\/08\/26\/perez-e-bottas-i-due-piloti-per-il-debutto-mondiale-della-cadillac\/","og_locale":"it_IT","og_type":"article","og_title":"Perez e Bottas i due piloti per il debutto mondiale della Cadillac - Live Magazine","og_description":"ROMA (ITALPRESS) \u2013 La \u2018debuttant\u00e8 Cadillac ha scelto di puntare sull\u2019esperienza. La nuova scuderia americana, l\u2019undicesima in gara dalla prossima stagione nel Mondiale di Formula 1, ha ufficializzato i suoi due piloti: Sergio Perez e Valtteri Bottas. I due piloti, vincitori in carriera di numerosi Gran Premi (6 per il messicano, 10 per il finlandese), [&hellip;]","og_url":"https:\/\/www.livemag.it\/index.php\/2025\/08\/26\/perez-e-bottas-i-due-piloti-per-il-debutto-mondiale-della-cadillac\/","og_site_name":"Live Magazine","article_publisher":"https:\/\/www.facebook.com\/LiveMag\/","article_published_time":"2025-08-26T16:02:50+00:00","og_image":[{"width":1200,"height":675,"url":"https:\/\/www.livemag.it\/wp-content\/uploads\/2024\/02\/ograph.jpg","type":"image\/jpeg"}],"author":"italpress","twitter_card":"summary_large_image","twitter_creator":"@LiveNotizie","twitter_site":"@LiveNotizie","twitter_misc":{"Scritto da":"italpress","Tempo di lettura stimato":"1 minuto"},"schema":{"@context":"https:\/\/schema.org","@graph":[{"@type":"Article","@id":"https:\/\/www.livemag.it\/index.php\/2025\/08\/26\/perez-e-bottas-i-due-piloti-per-il-debutto-mondiale-della-cadillac\/#article","isPartOf":{"@id":"https:\/\/www.livemag.it\/index.php\/2025\/08\/26\/perez-e-bottas-i-due-piloti-per-il-debutto-mondiale-della-cadillac\/"},"author":{"name":"italpress","@id":"https:\/\/www.livemag.it\/#\/schema\/person\/b62c5f44451fdcdaeb0afe6c2424e73c"},"headline":"Perez e Bottas i due piloti per il debutto mondiale della Cadillac","datePublished":"2025-08-26T16:02:50+00:00","mainEntityOfPage":{"@id":"https:\/\/www.livemag.it\/index.php\/2025\/08\/26\/perez-e-bottas-i-due-piloti-per-il-debutto-mondiale-della-cadillac\/"},"wordCount":262,"publisher":{"@id":"https:\/\/www.livemag.it\/#organization"},"image":{"@id":"https:\/\/www.livemag.it\/index.php\/2025\/08\/26\/perez-e-bottas-i-due-piloti-per-il-debutto-mondiale-della-cadillac\/#primaryimage"},"thumbnailUrl":"https:\/\/www.livemag.it\/wp-content\/uploads\/2025\/08\/20250826_0856.jpg","articleSection":["Mondo"],"inLanguage":"it-IT"},{"@type":"WebPage","@id":"https:\/\/www.livemag.it\/index.php\/2025\/08\/26\/perez-e-bottas-i-due-piloti-per-il-debutto-mondiale-della-cadillac\/","url":"https:\/\/www.livemag.it\/index.php\/2025\/08\/26\/perez-e-bottas-i-due-piloti-per-il-debutto-mondiale-della-cadillac\/","name":"Perez e Bottas i due piloti per il debutto mondiale della Cadillac - Live Magazine","isPartOf":{"@id":"https:\/\/www.livemag.it\/#website"},"primaryImageOfPage":{"@id":"https:\/\/www.livemag.it\/index.php\/2025\/08\/26\/perez-e-bottas-i-due-piloti-per-il-debutto-mondiale-della-cadillac\/#primaryimage"},"image":{"@id":"https:\/\/www.livemag.it\/index.php\/2025\/08\/26\/perez-e-bottas-i-due-piloti-per-il-debutto-mondiale-della-cadillac\/#primaryimage"},"thumbnailUrl":"https:\/\/www.livemag.it\/wp-content\/uploads\/2025\/08\/20250826_0856.jpg","datePublished":"2025-08-26T16:02:50+00:00","breadcrumb":{"@id":"https:\/\/www.livemag.it\/index.php\/2025\/08\/26\/perez-e-bottas-i-due-piloti-per-il-debutto-mondiale-della-cadillac\/#breadcrumb"},"inLanguage":"it-IT","potentialAction":[{"@type":"ReadAction","target":["https:\/\/www.livemag.it\/index.php\/2025\/08\/26\/perez-e-bottas-i-due-piloti-per-il-debutto-mondiale-della-cadillac\/"]}]},{"@type":"ImageObject","inLanguage":"it-IT","@id":"https:\/\/www.livemag.it\/index.php\/2025\/08\/26\/perez-e-bottas-i-due-piloti-per-il-debutto-mondiale-della-cadillac\/#primaryimage","url":"https:\/\/www.livemag.it\/wp-content\/uploads\/2025\/08\/20250826_0856.jpg","contentUrl":"https:\/\/www.livemag.it\/wp-content\/uploads\/2025\/08\/20250826_0856.jpg","width":1200,"height":800},{"@type":"BreadcrumbList","@id":"https:\/\/www.livemag.it\/index.php\/2025\/08\/26\/perez-e-bottas-i-due-piloti-per-il-debutto-mondiale-della-cadillac\/#breadcrumb","itemListElement":[{"@type":"ListItem","position":1,"name":"Home","item":"https:\/\/www.livemag.it\/"},{"@type":"ListItem","position":2,"name":"Perez e Bottas i due piloti per il debutto mondiale della Cadillac"}]},{"@type":"WebSite","@id":"https:\/\/www.livemag.it\/#website","url":"https:\/\/www.livemag.it\/","name":"Live Magazine","description":"Varie ed eventi","publisher":{"@id":"https:\/\/www.livemag.it\/#organization"},"potentialAction":[{"@type":"SearchAction","target":{"@type":"EntryPoint","urlTemplate":"https:\/\/www.livemag.it\/?s={search_term_string}"},"query-input":{"@type":"PropertyValueSpecification","valueRequired":true,"valueName":"search_term_string"}}],"inLanguage":"it-IT"},{"@type":"Organization","@id":"https:\/\/www.livemag.it\/#organization","name":"LiveMag","alternateName":"LiveMag News ed eventi","url":"https:\/\/www.livemag.it\/","logo":{"@type":"ImageObject","inLanguage":"it-IT","@id":"https:\/\/www.livemag.it\/#\/schema\/logo\/image\/","url":"https:\/\/www.livemag.it\/wp-content\/uploads\/2024\/02\/immagine-sito.jpg","contentUrl":"https:\/\/www.livemag.it\/wp-content\/uploads\/2024\/02\/immagine-sito.jpg","width":696,"height":696,"caption":"LiveMag"},"image":{"@id":"https:\/\/www.livemag.it\/#\/schema\/logo\/image\/"},"sameAs":["https:\/\/www.facebook.com\/LiveMag\/","https:\/\/x.com\/LiveNotizie","https:\/\/www.instagram.com\/livemag\/"]},{"@type":"Person","@id":"https:\/\/www.livemag.it\/#\/schema\/person\/b62c5f44451fdcdaeb0afe6c2424e73c","name":"italpress","image":{"@type":"ImageObject","inLanguage":"it-IT","@id":"https:\/\/secure.gravatar.com\/avatar\/b6a21695fc713ce7ee312cf57c97e2e641feb365be72d8745574d3c3e2b59066?s=96&r=g","url":"https:\/\/secure.gravatar.com\/avatar\/b6a21695fc713ce7ee312cf57c97e2e641feb365be72d8745574d3c3e2b59066?s=96&r=g","contentUrl":"https:\/\/secure.gravatar.com\/avatar\/b6a21695fc713ce7ee312cf57c97e2e641feb365be72d8745574d3c3e2b59066?s=96&r=g","caption":"italpress"},"description":"Italpress \u00e8 un'agenzia di stampa italiana a carattere nazionale.","url":"https:\/\/www.livemag.it\/index.php\/author\/italpress\/"}]}},"jetpack_featured_media_url":"https:\/\/www.livemag.it\/wp-content\/uploads\/2025\/08\/20250826_0856.jpg","_links":{"self":[{"href":"https:\/\/www.livemag.it\/index.php\/wp-json\/wp\/v2\/posts\/57596","targetHints":{"allow":["GET"]}}],"collection":[{"href":"https:\/\/www.livemag.it\/index.php\/wp-json\/wp\/v2\/posts"}],"about":[{"href":"https:\/\/www.livemag.it\/index.php\/wp-json\/wp\/v2\/types\/post"}],"author":[{"embeddable":true,"href":"https:\/\/www.livemag.it\/index.php\/wp-json\/wp\/v2\/users\/16"}],"replies":[{"embeddable":true,"href":"https:\/\/www.livemag.it\/index.php\/wp-json\/wp\/v2\/comments?post=57596"}],"version-history":[{"count":0,"href":"https:\/\/www.livemag.it\/index.php\/wp-json\/wp\/v2\/posts\/57596\/revisions"}],"wp:featuredmedia":[{"embeddable":true,"href":"https:\/\/www.livemag.it\/index.php\/wp-json\/wp\/v2\/media\/57597"}],"wp:attachment":[{"href":"https:\/\/www.livemag.it\/index.php\/wp-json\/wp\/v2\/media?parent=57596"}],"wp:term":[{"taxonomy":"category","embeddable":true,"href":"https:\/\/www.livemag.it\/index.php\/wp-json\/wp\/v2\/categories?post=57596"},{"taxonomy":"post_tag","embeddable":true,"href":"https:\/\/www.livemag.it\/index.php\/wp-json\/wp\/v2\/tags?post=57596"}],"curies":[{"name":"wp","href":"https:\/\/api.w.org\/{rel}","templated":true}]}}