{"id":57594,"date":"2025-08-26T18:02:48","date_gmt":"2025-08-26T16:02:48","guid":{"rendered":"https:\/\/www.livemag.it\/index.php\/2025\/08\/26\/valditara-confermato-il-50-degli-insegnanti-di-sostegno-precari\/"},"modified":"2025-08-26T18:02:48","modified_gmt":"2025-08-26T16:02:48","slug":"valditara-confermato-il-50-degli-insegnanti-di-sostegno-precari","status":"publish","type":"post","link":"https:\/\/www.livemag.it\/index.php\/2025\/08\/26\/valditara-confermato-il-50-degli-insegnanti-di-sostegno-precari\/","title":{"rendered":"Valditara \u201cConfermato il 50% degli insegnanti di sostegno precari\u201d"},"content":{"rendered":"<div>\n<p>RIMINI (ITALPRESS) \u2013 \u201cQuasi il 50% degli insegnanti di sostegno precari saranno confermati, garantendo una straordinaria continuit\u00e0 didattica che la scuola italiana non ha mai avuto prima, grazie alla possibilit\u00e0 per le famiglie \u2013 laddove si fosse instaurato un buon rapporto educativo e umano fra il giovane e l\u2019insegnante \u2013 di chiederne la conferma\u201d. Lo ha annunciato il ministro dell\u2019Istruzione e del Merito, Giuseppe Valditara, al Meeting di Rimini. \u201cQuesto \u00e8 un grande passo avanti, non a caso ostacolato da chi non crede nella personalizzazione: ricorsi su ricorsi, bocciati dalla giustizia amministrativa\u201d. <br \/>Il ministro ha parlato della sua visione di scuola che \u201cdeve avere due finalit\u00e0 fondamentali. Innanzitutto insegnare a ogni giovane a essere indipendente e autonomo, e poi il lavoro: una scuola che non d\u00e0 gli strumenti per realizzarsi professionalmente fa soltanto la met\u00e0 della sua funzione\u201d, spiega. \u201cHo letto alcuni sondaggi in cui i giovani mettono al primo posto i diritti, la libert\u00e0, il vivere bene e, fra gli ultimi posti, il lavoro. E\u2019 molto importante che i giovani mettano i diritti e la libert\u00e0 al primo posto, ma non \u00e8 bello che considerino il lavoro come qualcosa che non \u00e8 al centro delle loro aspirazioni. Dobbiamo portare i giovani a riscoprire il valore e la bellezza del lavoro\u201d. Per questo \u201cl\u2019idea del 4+2 \u00e8 una grande rivoluzione culturale\u201d e \u201cla riforma del 4+2 deve diventare ordinamentale\u201d. L\u2019altro giorno \u201ci collettivi mi hanno dichiarato guerra perch\u00e8 voglio mettere la scuola a servizio delle imprese, ma non hanno capito niente: le scuole e le imprese devono dialogare naturalmente\u201d, aggiunge. \u201cGli Its sono uno strumento di diplomazia della scuola, uno strumento di sviluppo e devono affermarsi sempre di pi\u00f9\u201d, conclude il ministro.<\/p>\n<p>\u2013 foto: Ipa Agency \u2013<\/p>\n<\/div>\n","protected":false},"excerpt":{"rendered":"<p>RIMINI (ITALPRESS) \u2013 \u201cQuasi il 50% degli insegnanti di sostegno precari saranno confermati, garantendo una straordinaria continuit\u00e0 didattica che la scuola italiana non ha mai avuto prima, grazie alla possibilit\u00e0 per le famiglie \u2013 laddove si fosse instaurato un buon rapporto educativo e umano fra il giovane e l\u2019insegnante \u2013 di chiederne la conferma\u201d. Lo [&hellip;]<\/p>\n","protected":false},"author":16,"featured_media":57595,"comment_status":"closed","ping_status":"closed","sticky":false,"template":"","format":"standard","meta":{"jnews-multi-image_gallery":[],"jnews_single_post":[],"jnews_primary_category":[],"jnews_social_meta":[],"jnews_override_counter":[],"jnews_post_split":[],"footnotes":""},"categories":[1129],"tags":[],"class_list":["post-57594","post","type-post","status-publish","format-standard","has-post-thumbnail","hentry","category-mondo"],"yoast_head":"<!-- This site is optimized with the Yoast SEO plugin v27.5 - https:\/\/yoast.com\/product\/yoast-seo-wordpress\/ -->\n<title>Valditara \u201cConfermato il 50% degli insegnanti di sostegno precari\u201d - Live Magazine<\/title>\n<meta name=\"robots\" content=\"index, follow, max-snippet:-1, max-image-preview:large, max-video-preview:-1\" \/>\n<link rel=\"canonical\" href=\"https:\/\/www.livemag.it\/index.php\/2025\/08\/26\/valditara-confermato-il-50-degli-insegnanti-di-sostegno-precari\/\" \/>\n<meta property=\"og:locale\" content=\"it_IT\" \/>\n<meta property=\"og:type\" content=\"article\" \/>\n<meta property=\"og:title\" content=\"Valditara \u201cConfermato il 50% degli insegnanti di sostegno precari\u201d - Live Magazine\" \/>\n<meta property=\"og:description\" content=\"RIMINI (ITALPRESS) \u2013 \u201cQuasi il 50% degli insegnanti di sostegno precari saranno confermati, garantendo una straordinaria continuit\u00e0 didattica che la scuola italiana non ha mai avuto prima, grazie alla possibilit\u00e0 per le famiglie \u2013 laddove si fosse instaurato un buon rapporto educativo e umano fra il giovane e l\u2019insegnante \u2013 di chiederne la conferma\u201d. Lo [&hellip;]\" \/>\n<meta property=\"og:url\" content=\"https:\/\/www.livemag.it\/index.php\/2025\/08\/26\/valditara-confermato-il-50-degli-insegnanti-di-sostegno-precari\/\" \/>\n<meta property=\"og:site_name\" content=\"Live Magazine\" \/>\n<meta property=\"article:publisher\" content=\"https:\/\/www.facebook.com\/LiveMag\/\" \/>\n<meta property=\"article:published_time\" content=\"2025-08-26T16:02:48+00:00\" \/>\n<meta property=\"og:image\" content=\"https:\/\/www.livemag.it\/wp-content\/uploads\/2024\/02\/ograph.jpg\" \/>\n\t<meta property=\"og:image:width\" content=\"1200\" \/>\n\t<meta property=\"og:image:height\" content=\"675\" \/>\n\t<meta property=\"og:image:type\" content=\"image\/jpeg\" \/>\n<meta name=\"author\" content=\"italpress\" \/>\n<meta name=\"twitter:card\" content=\"summary_large_image\" \/>\n<meta name=\"twitter:creator\" content=\"@LiveNotizie\" \/>\n<meta name=\"twitter:site\" content=\"@LiveNotizie\" \/>\n<meta name=\"twitter:label1\" content=\"Scritto da\" \/>\n\t<meta name=\"twitter:data1\" content=\"italpress\" \/>\n\t<meta name=\"twitter:label2\" content=\"Tempo di lettura stimato\" \/>\n\t<meta name=\"twitter:data2\" content=\"1 minuto\" \/>\n<script type=\"application\/ld+json\" class=\"yoast-schema-graph\">{\"@context\":\"https:\\\/\\\/schema.org\",\"@graph\":[{\"@type\":\"Article\",\"@id\":\"https:\\\/\\\/www.livemag.it\\\/index.php\\\/2025\\\/08\\\/26\\\/valditara-confermato-il-50-degli-insegnanti-di-sostegno-precari\\\/#article\",\"isPartOf\":{\"@id\":\"https:\\\/\\\/www.livemag.it\\\/index.php\\\/2025\\\/08\\\/26\\\/valditara-confermato-il-50-degli-insegnanti-di-sostegno-precari\\\/\"},\"author\":{\"name\":\"italpress\",\"@id\":\"https:\\\/\\\/www.livemag.it\\\/#\\\/schema\\\/person\\\/b62c5f44451fdcdaeb0afe6c2424e73c\"},\"headline\":\"Valditara \u201cConfermato il 50% degli insegnanti di sostegno precari\u201d\",\"datePublished\":\"2025-08-26T16:02:48+00:00\",\"mainEntityOfPage\":{\"@id\":\"https:\\\/\\\/www.livemag.it\\\/index.php\\\/2025\\\/08\\\/26\\\/valditara-confermato-il-50-degli-insegnanti-di-sostegno-precari\\\/\"},\"wordCount\":287,\"publisher\":{\"@id\":\"https:\\\/\\\/www.livemag.it\\\/#organization\"},\"image\":{\"@id\":\"https:\\\/\\\/www.livemag.it\\\/index.php\\\/2025\\\/08\\\/26\\\/valditara-confermato-il-50-degli-insegnanti-di-sostegno-precari\\\/#primaryimage\"},\"thumbnailUrl\":\"https:\\\/\\\/www.livemag.it\\\/wp-content\\\/uploads\\\/2025\\\/08\\\/20250826_0912.jpg\",\"articleSection\":[\"Mondo\"],\"inLanguage\":\"it-IT\"},{\"@type\":\"WebPage\",\"@id\":\"https:\\\/\\\/www.livemag.it\\\/index.php\\\/2025\\\/08\\\/26\\\/valditara-confermato-il-50-degli-insegnanti-di-sostegno-precari\\\/\",\"url\":\"https:\\\/\\\/www.livemag.it\\\/index.php\\\/2025\\\/08\\\/26\\\/valditara-confermato-il-50-degli-insegnanti-di-sostegno-precari\\\/\",\"name\":\"Valditara \u201cConfermato il 50% degli insegnanti di sostegno precari\u201d - Live Magazine\",\"isPartOf\":{\"@id\":\"https:\\\/\\\/www.livemag.it\\\/#website\"},\"primaryImageOfPage\":{\"@id\":\"https:\\\/\\\/www.livemag.it\\\/index.php\\\/2025\\\/08\\\/26\\\/valditara-confermato-il-50-degli-insegnanti-di-sostegno-precari\\\/#primaryimage\"},\"image\":{\"@id\":\"https:\\\/\\\/www.livemag.it\\\/index.php\\\/2025\\\/08\\\/26\\\/valditara-confermato-il-50-degli-insegnanti-di-sostegno-precari\\\/#primaryimage\"},\"thumbnailUrl\":\"https:\\\/\\\/www.livemag.it\\\/wp-content\\\/uploads\\\/2025\\\/08\\\/20250826_0912.jpg\",\"datePublished\":\"2025-08-26T16:02:48+00:00\",\"breadcrumb\":{\"@id\":\"https:\\\/\\\/www.livemag.it\\\/index.php\\\/2025\\\/08\\\/26\\\/valditara-confermato-il-50-degli-insegnanti-di-sostegno-precari\\\/#breadcrumb\"},\"inLanguage\":\"it-IT\",\"potentialAction\":[{\"@type\":\"ReadAction\",\"target\":[\"https:\\\/\\\/www.livemag.it\\\/index.php\\\/2025\\\/08\\\/26\\\/valditara-confermato-il-50-degli-insegnanti-di-sostegno-precari\\\/\"]}]},{\"@type\":\"ImageObject\",\"inLanguage\":\"it-IT\",\"@id\":\"https:\\\/\\\/www.livemag.it\\\/index.php\\\/2025\\\/08\\\/26\\\/valditara-confermato-il-50-degli-insegnanti-di-sostegno-precari\\\/#primaryimage\",\"url\":\"https:\\\/\\\/www.livemag.it\\\/wp-content\\\/uploads\\\/2025\\\/08\\\/20250826_0912.jpg\",\"contentUrl\":\"https:\\\/\\\/www.livemag.it\\\/wp-content\\\/uploads\\\/2025\\\/08\\\/20250826_0912.jpg\",\"width\":900,\"height\":601},{\"@type\":\"BreadcrumbList\",\"@id\":\"https:\\\/\\\/www.livemag.it\\\/index.php\\\/2025\\\/08\\\/26\\\/valditara-confermato-il-50-degli-insegnanti-di-sostegno-precari\\\/#breadcrumb\",\"itemListElement\":[{\"@type\":\"ListItem\",\"position\":1,\"name\":\"Home\",\"item\":\"https:\\\/\\\/www.livemag.it\\\/\"},{\"@type\":\"ListItem\",\"position\":2,\"name\":\"Valditara \u201cConfermato il 50% degli insegnanti di sostegno precari\u201d\"}]},{\"@type\":\"WebSite\",\"@id\":\"https:\\\/\\\/www.livemag.it\\\/#website\",\"url\":\"https:\\\/\\\/www.livemag.it\\\/\",\"name\":\"Live Magazine\",\"description\":\"Varie ed eventi\",\"publisher\":{\"@id\":\"https:\\\/\\\/www.livemag.it\\\/#organization\"},\"potentialAction\":[{\"@type\":\"SearchAction\",\"target\":{\"@type\":\"EntryPoint\",\"urlTemplate\":\"https:\\\/\\\/www.livemag.it\\\/?s={search_term_string}\"},\"query-input\":{\"@type\":\"PropertyValueSpecification\",\"valueRequired\":true,\"valueName\":\"search_term_string\"}}],\"inLanguage\":\"it-IT\"},{\"@type\":\"Organization\",\"@id\":\"https:\\\/\\\/www.livemag.it\\\/#organization\",\"name\":\"LiveMag\",\"alternateName\":\"LiveMag News ed eventi\",\"url\":\"https:\\\/\\\/www.livemag.it\\\/\",\"logo\":{\"@type\":\"ImageObject\",\"inLanguage\":\"it-IT\",\"@id\":\"https:\\\/\\\/www.livemag.it\\\/#\\\/schema\\\/logo\\\/image\\\/\",\"url\":\"https:\\\/\\\/www.livemag.it\\\/wp-content\\\/uploads\\\/2024\\\/02\\\/immagine-sito.jpg\",\"contentUrl\":\"https:\\\/\\\/www.livemag.it\\\/wp-content\\\/uploads\\\/2024\\\/02\\\/immagine-sito.jpg\",\"width\":696,\"height\":696,\"caption\":\"LiveMag\"},\"image\":{\"@id\":\"https:\\\/\\\/www.livemag.it\\\/#\\\/schema\\\/logo\\\/image\\\/\"},\"sameAs\":[\"https:\\\/\\\/www.facebook.com\\\/LiveMag\\\/\",\"https:\\\/\\\/x.com\\\/LiveNotizie\",\"https:\\\/\\\/www.instagram.com\\\/livemag\\\/\"]},{\"@type\":\"Person\",\"@id\":\"https:\\\/\\\/www.livemag.it\\\/#\\\/schema\\\/person\\\/b62c5f44451fdcdaeb0afe6c2424e73c\",\"name\":\"italpress\",\"image\":{\"@type\":\"ImageObject\",\"inLanguage\":\"it-IT\",\"@id\":\"https:\\\/\\\/secure.gravatar.com\\\/avatar\\\/b6a21695fc713ce7ee312cf57c97e2e641feb365be72d8745574d3c3e2b59066?s=96&r=g\",\"url\":\"https:\\\/\\\/secure.gravatar.com\\\/avatar\\\/b6a21695fc713ce7ee312cf57c97e2e641feb365be72d8745574d3c3e2b59066?s=96&r=g\",\"contentUrl\":\"https:\\\/\\\/secure.gravatar.com\\\/avatar\\\/b6a21695fc713ce7ee312cf57c97e2e641feb365be72d8745574d3c3e2b59066?s=96&r=g\",\"caption\":\"italpress\"},\"description\":\"Italpress \u00e8 un'agenzia di stampa italiana a carattere nazionale.\",\"url\":\"https:\\\/\\\/www.livemag.it\\\/index.php\\\/author\\\/italpress\\\/\"}]}<\/script>\n<!-- \/ Yoast SEO plugin. -->","yoast_head_json":{"title":"Valditara \u201cConfermato il 50% degli insegnanti di sostegno precari\u201d - Live Magazine","robots":{"index":"index","follow":"follow","max-snippet":"max-snippet:-1","max-image-preview":"max-image-preview:large","max-video-preview":"max-video-preview:-1"},"canonical":"https:\/\/www.livemag.it\/index.php\/2025\/08\/26\/valditara-confermato-il-50-degli-insegnanti-di-sostegno-precari\/","og_locale":"it_IT","og_type":"article","og_title":"Valditara \u201cConfermato il 50% degli insegnanti di sostegno precari\u201d - Live Magazine","og_description":"RIMINI (ITALPRESS) \u2013 \u201cQuasi il 50% degli insegnanti di sostegno precari saranno confermati, garantendo una straordinaria continuit\u00e0 didattica che la scuola italiana non ha mai avuto prima, grazie alla possibilit\u00e0 per le famiglie \u2013 laddove si fosse instaurato un buon rapporto educativo e umano fra il giovane e l\u2019insegnante \u2013 di chiederne la conferma\u201d. Lo [&hellip;]","og_url":"https:\/\/www.livemag.it\/index.php\/2025\/08\/26\/valditara-confermato-il-50-degli-insegnanti-di-sostegno-precari\/","og_site_name":"Live Magazine","article_publisher":"https:\/\/www.facebook.com\/LiveMag\/","article_published_time":"2025-08-26T16:02:48+00:00","og_image":[{"width":1200,"height":675,"url":"https:\/\/www.livemag.it\/wp-content\/uploads\/2024\/02\/ograph.jpg","type":"image\/jpeg"}],"author":"italpress","twitter_card":"summary_large_image","twitter_creator":"@LiveNotizie","twitter_site":"@LiveNotizie","twitter_misc":{"Scritto da":"italpress","Tempo di lettura stimato":"1 minuto"},"schema":{"@context":"https:\/\/schema.org","@graph":[{"@type":"Article","@id":"https:\/\/www.livemag.it\/index.php\/2025\/08\/26\/valditara-confermato-il-50-degli-insegnanti-di-sostegno-precari\/#article","isPartOf":{"@id":"https:\/\/www.livemag.it\/index.php\/2025\/08\/26\/valditara-confermato-il-50-degli-insegnanti-di-sostegno-precari\/"},"author":{"name":"italpress","@id":"https:\/\/www.livemag.it\/#\/schema\/person\/b62c5f44451fdcdaeb0afe6c2424e73c"},"headline":"Valditara \u201cConfermato il 50% degli insegnanti di sostegno precari\u201d","datePublished":"2025-08-26T16:02:48+00:00","mainEntityOfPage":{"@id":"https:\/\/www.livemag.it\/index.php\/2025\/08\/26\/valditara-confermato-il-50-degli-insegnanti-di-sostegno-precari\/"},"wordCount":287,"publisher":{"@id":"https:\/\/www.livemag.it\/#organization"},"image":{"@id":"https:\/\/www.livemag.it\/index.php\/2025\/08\/26\/valditara-confermato-il-50-degli-insegnanti-di-sostegno-precari\/#primaryimage"},"thumbnailUrl":"https:\/\/www.livemag.it\/wp-content\/uploads\/2025\/08\/20250826_0912.jpg","articleSection":["Mondo"],"inLanguage":"it-IT"},{"@type":"WebPage","@id":"https:\/\/www.livemag.it\/index.php\/2025\/08\/26\/valditara-confermato-il-50-degli-insegnanti-di-sostegno-precari\/","url":"https:\/\/www.livemag.it\/index.php\/2025\/08\/26\/valditara-confermato-il-50-degli-insegnanti-di-sostegno-precari\/","name":"Valditara \u201cConfermato il 50% degli insegnanti di sostegno precari\u201d - Live Magazine","isPartOf":{"@id":"https:\/\/www.livemag.it\/#website"},"primaryImageOfPage":{"@id":"https:\/\/www.livemag.it\/index.php\/2025\/08\/26\/valditara-confermato-il-50-degli-insegnanti-di-sostegno-precari\/#primaryimage"},"image":{"@id":"https:\/\/www.livemag.it\/index.php\/2025\/08\/26\/valditara-confermato-il-50-degli-insegnanti-di-sostegno-precari\/#primaryimage"},"thumbnailUrl":"https:\/\/www.livemag.it\/wp-content\/uploads\/2025\/08\/20250826_0912.jpg","datePublished":"2025-08-26T16:02:48+00:00","breadcrumb":{"@id":"https:\/\/www.livemag.it\/index.php\/2025\/08\/26\/valditara-confermato-il-50-degli-insegnanti-di-sostegno-precari\/#breadcrumb"},"inLanguage":"it-IT","potentialAction":[{"@type":"ReadAction","target":["https:\/\/www.livemag.it\/index.php\/2025\/08\/26\/valditara-confermato-il-50-degli-insegnanti-di-sostegno-precari\/"]}]},{"@type":"ImageObject","inLanguage":"it-IT","@id":"https:\/\/www.livemag.it\/index.php\/2025\/08\/26\/valditara-confermato-il-50-degli-insegnanti-di-sostegno-precari\/#primaryimage","url":"https:\/\/www.livemag.it\/wp-content\/uploads\/2025\/08\/20250826_0912.jpg","contentUrl":"https:\/\/www.livemag.it\/wp-content\/uploads\/2025\/08\/20250826_0912.jpg","width":900,"height":601},{"@type":"BreadcrumbList","@id":"https:\/\/www.livemag.it\/index.php\/2025\/08\/26\/valditara-confermato-il-50-degli-insegnanti-di-sostegno-precari\/#breadcrumb","itemListElement":[{"@type":"ListItem","position":1,"name":"Home","item":"https:\/\/www.livemag.it\/"},{"@type":"ListItem","position":2,"name":"Valditara \u201cConfermato il 50% degli insegnanti di sostegno precari\u201d"}]},{"@type":"WebSite","@id":"https:\/\/www.livemag.it\/#website","url":"https:\/\/www.livemag.it\/","name":"Live Magazine","description":"Varie ed eventi","publisher":{"@id":"https:\/\/www.livemag.it\/#organization"},"potentialAction":[{"@type":"SearchAction","target":{"@type":"EntryPoint","urlTemplate":"https:\/\/www.livemag.it\/?s={search_term_string}"},"query-input":{"@type":"PropertyValueSpecification","valueRequired":true,"valueName":"search_term_string"}}],"inLanguage":"it-IT"},{"@type":"Organization","@id":"https:\/\/www.livemag.it\/#organization","name":"LiveMag","alternateName":"LiveMag News ed eventi","url":"https:\/\/www.livemag.it\/","logo":{"@type":"ImageObject","inLanguage":"it-IT","@id":"https:\/\/www.livemag.it\/#\/schema\/logo\/image\/","url":"https:\/\/www.livemag.it\/wp-content\/uploads\/2024\/02\/immagine-sito.jpg","contentUrl":"https:\/\/www.livemag.it\/wp-content\/uploads\/2024\/02\/immagine-sito.jpg","width":696,"height":696,"caption":"LiveMag"},"image":{"@id":"https:\/\/www.livemag.it\/#\/schema\/logo\/image\/"},"sameAs":["https:\/\/www.facebook.com\/LiveMag\/","https:\/\/x.com\/LiveNotizie","https:\/\/www.instagram.com\/livemag\/"]},{"@type":"Person","@id":"https:\/\/www.livemag.it\/#\/schema\/person\/b62c5f44451fdcdaeb0afe6c2424e73c","name":"italpress","image":{"@type":"ImageObject","inLanguage":"it-IT","@id":"https:\/\/secure.gravatar.com\/avatar\/b6a21695fc713ce7ee312cf57c97e2e641feb365be72d8745574d3c3e2b59066?s=96&r=g","url":"https:\/\/secure.gravatar.com\/avatar\/b6a21695fc713ce7ee312cf57c97e2e641feb365be72d8745574d3c3e2b59066?s=96&r=g","contentUrl":"https:\/\/secure.gravatar.com\/avatar\/b6a21695fc713ce7ee312cf57c97e2e641feb365be72d8745574d3c3e2b59066?s=96&r=g","caption":"italpress"},"description":"Italpress \u00e8 un'agenzia di stampa italiana a carattere nazionale.","url":"https:\/\/www.livemag.it\/index.php\/author\/italpress\/"}]}},"jetpack_featured_media_url":"https:\/\/www.livemag.it\/wp-content\/uploads\/2025\/08\/20250826_0912.jpg","_links":{"self":[{"href":"https:\/\/www.livemag.it\/index.php\/wp-json\/wp\/v2\/posts\/57594","targetHints":{"allow":["GET"]}}],"collection":[{"href":"https:\/\/www.livemag.it\/index.php\/wp-json\/wp\/v2\/posts"}],"about":[{"href":"https:\/\/www.livemag.it\/index.php\/wp-json\/wp\/v2\/types\/post"}],"author":[{"embeddable":true,"href":"https:\/\/www.livemag.it\/index.php\/wp-json\/wp\/v2\/users\/16"}],"replies":[{"embeddable":true,"href":"https:\/\/www.livemag.it\/index.php\/wp-json\/wp\/v2\/comments?post=57594"}],"version-history":[{"count":0,"href":"https:\/\/www.livemag.it\/index.php\/wp-json\/wp\/v2\/posts\/57594\/revisions"}],"wp:featuredmedia":[{"embeddable":true,"href":"https:\/\/www.livemag.it\/index.php\/wp-json\/wp\/v2\/media\/57595"}],"wp:attachment":[{"href":"https:\/\/www.livemag.it\/index.php\/wp-json\/wp\/v2\/media?parent=57594"}],"wp:term":[{"taxonomy":"category","embeddable":true,"href":"https:\/\/www.livemag.it\/index.php\/wp-json\/wp\/v2\/categories?post=57594"},{"taxonomy":"post_tag","embeddable":true,"href":"https:\/\/www.livemag.it\/index.php\/wp-json\/wp\/v2\/tags?post=57594"}],"curies":[{"name":"wp","href":"https:\/\/api.w.org\/{rel}","templated":true}]}}