{"id":57550,"date":"2025-08-25T21:03:19","date_gmt":"2025-08-25T19:03:19","guid":{"rendered":"https:\/\/www.livemag.it\/index.php\/2025\/08\/25\/foti-nessuno-vuole-centralizzare-i-fondi-di-coesione\/"},"modified":"2025-08-25T21:03:19","modified_gmt":"2025-08-25T19:03:19","slug":"foti-nessuno-vuole-centralizzare-i-fondi-di-coesione","status":"publish","type":"post","link":"https:\/\/www.livemag.it\/index.php\/2025\/08\/25\/foti-nessuno-vuole-centralizzare-i-fondi-di-coesione\/","title":{"rendered":"Foti \u201cNessuno vuole centralizzare i fondi di coesione\u201d"},"content":{"rendered":"<div>\n<p>ROMA (ITALPRESS) \u2013 <em>\u201cNel dibattito di ieri sui fondi di coesione, nessuno degli intervenuti ha sostenuto che gli stessi debbano essere centralizzati e gestiti dallo Stato. In verit\u00e0, essendo stata posta in rilievo la necessit\u00e0 di un maggiore coinvolgimento dei Comuni, chi scrive ha detto che la decisione compete alle Regioni\u201d.<\/em> Cos\u00ec il ministro per gli Affari europei, il Pnrr e le Politiche di coesione, <strong>Tommaso Foti<\/strong>.<\/p>\n<p><em>\u201cNon solo ma, essendo la sussidiariet\u00e0 un pilastro della coesione, ho evidenziato da parte mia che quella verticale, proprio in ragione della governance multilivello, \u00e8 molto pi\u00f9 pregnante di quella orizzontale, per la quale il coinvolgimento della societ\u00e0 civile risulta ancora parziale\u201d<\/em>, prosegue il ministro.<\/p>\n<p><em> \u201cDel resto, proprio chi scrive, in questi mesi, ha coerentemente espresso a nome del Governo la posizione di escludere i fondi della coesione dai cosiddetti \u2018piani Paes\u00e8, ipotizzati dalla Commissione Europea per la programmazione 2028-2034\u201d<\/em>, conclude <strong>Foti<\/strong>.<\/p>\n<p>\u2013 Foto IPA Agency \u2013<\/p>\n<p>(ITALPRESS)<\/p>\n<\/div>\n","protected":false},"excerpt":{"rendered":"<p>ROMA (ITALPRESS) \u2013 \u201cNel dibattito di ieri sui fondi di coesione, nessuno degli intervenuti ha sostenuto che gli stessi debbano essere centralizzati e gestiti dallo Stato. In verit\u00e0, essendo stata posta in rilievo la necessit\u00e0 di un maggiore coinvolgimento dei Comuni, chi scrive ha detto che la decisione compete alle Regioni\u201d. Cos\u00ec il ministro per [&hellip;]<\/p>\n","protected":false},"author":16,"featured_media":57551,"comment_status":"closed","ping_status":"closed","sticky":false,"template":"","format":"standard","meta":{"jnews-multi-image_gallery":[],"jnews_single_post":[],"jnews_primary_category":[],"jnews_social_meta":[],"jnews_override_counter":[],"jnews_post_split":[],"footnotes":""},"categories":[1129],"tags":[],"class_list":["post-57550","post","type-post","status-publish","format-standard","has-post-thumbnail","hentry","category-mondo"],"yoast_head":"<!-- This site is optimized with the Yoast SEO plugin v27.5 - https:\/\/yoast.com\/product\/yoast-seo-wordpress\/ -->\n<title>Foti \u201cNessuno vuole centralizzare i fondi di coesione\u201d - Live Magazine<\/title>\n<meta name=\"robots\" content=\"index, follow, max-snippet:-1, max-image-preview:large, max-video-preview:-1\" \/>\n<link rel=\"canonical\" href=\"https:\/\/www.livemag.it\/index.php\/2025\/08\/25\/foti-nessuno-vuole-centralizzare-i-fondi-di-coesione\/\" \/>\n<meta property=\"og:locale\" content=\"it_IT\" \/>\n<meta property=\"og:type\" content=\"article\" \/>\n<meta property=\"og:title\" content=\"Foti \u201cNessuno vuole centralizzare i fondi di coesione\u201d - Live Magazine\" \/>\n<meta property=\"og:description\" content=\"ROMA (ITALPRESS) \u2013 \u201cNel dibattito di ieri sui fondi di coesione, nessuno degli intervenuti ha sostenuto che gli stessi debbano essere centralizzati e gestiti dallo Stato. In verit\u00e0, essendo stata posta in rilievo la necessit\u00e0 di un maggiore coinvolgimento dei Comuni, chi scrive ha detto che la decisione compete alle Regioni\u201d. Cos\u00ec il ministro per [&hellip;]\" \/>\n<meta property=\"og:url\" content=\"https:\/\/www.livemag.it\/index.php\/2025\/08\/25\/foti-nessuno-vuole-centralizzare-i-fondi-di-coesione\/\" \/>\n<meta property=\"og:site_name\" content=\"Live Magazine\" \/>\n<meta property=\"article:publisher\" content=\"https:\/\/www.facebook.com\/LiveMag\/\" \/>\n<meta property=\"article:published_time\" content=\"2025-08-25T19:03:19+00:00\" \/>\n<meta property=\"og:image\" content=\"https:\/\/www.livemag.it\/wp-content\/uploads\/2024\/02\/ograph.jpg\" \/>\n\t<meta property=\"og:image:width\" content=\"1200\" \/>\n\t<meta property=\"og:image:height\" content=\"675\" \/>\n\t<meta property=\"og:image:type\" content=\"image\/jpeg\" \/>\n<meta name=\"author\" content=\"italpress\" \/>\n<meta name=\"twitter:card\" content=\"summary_large_image\" \/>\n<meta name=\"twitter:creator\" content=\"@LiveNotizie\" \/>\n<meta name=\"twitter:site\" content=\"@LiveNotizie\" \/>\n<meta name=\"twitter:label1\" content=\"Scritto da\" \/>\n\t<meta name=\"twitter:data1\" content=\"italpress\" \/>\n\t<meta name=\"twitter:label2\" content=\"Tempo di lettura stimato\" \/>\n\t<meta name=\"twitter:data2\" content=\"1 minuto\" \/>\n<script type=\"application\/ld+json\" class=\"yoast-schema-graph\">{\"@context\":\"https:\\\/\\\/schema.org\",\"@graph\":[{\"@type\":\"Article\",\"@id\":\"https:\\\/\\\/www.livemag.it\\\/index.php\\\/2025\\\/08\\\/25\\\/foti-nessuno-vuole-centralizzare-i-fondi-di-coesione\\\/#article\",\"isPartOf\":{\"@id\":\"https:\\\/\\\/www.livemag.it\\\/index.php\\\/2025\\\/08\\\/25\\\/foti-nessuno-vuole-centralizzare-i-fondi-di-coesione\\\/\"},\"author\":{\"name\":\"italpress\",\"@id\":\"https:\\\/\\\/www.livemag.it\\\/#\\\/schema\\\/person\\\/b62c5f44451fdcdaeb0afe6c2424e73c\"},\"headline\":\"Foti \u201cNessuno vuole centralizzare i fondi di coesione\u201d\",\"datePublished\":\"2025-08-25T19:03:19+00:00\",\"mainEntityOfPage\":{\"@id\":\"https:\\\/\\\/www.livemag.it\\\/index.php\\\/2025\\\/08\\\/25\\\/foti-nessuno-vuole-centralizzare-i-fondi-di-coesione\\\/\"},\"wordCount\":159,\"publisher\":{\"@id\":\"https:\\\/\\\/www.livemag.it\\\/#organization\"},\"image\":{\"@id\":\"https:\\\/\\\/www.livemag.it\\\/index.php\\\/2025\\\/08\\\/25\\\/foti-nessuno-vuole-centralizzare-i-fondi-di-coesione\\\/#primaryimage\"},\"thumbnailUrl\":\"https:\\\/\\\/www.livemag.it\\\/wp-content\\\/uploads\\\/2025\\\/08\\\/20250825_1346.jpg\",\"articleSection\":[\"Mondo\"],\"inLanguage\":\"it-IT\"},{\"@type\":\"WebPage\",\"@id\":\"https:\\\/\\\/www.livemag.it\\\/index.php\\\/2025\\\/08\\\/25\\\/foti-nessuno-vuole-centralizzare-i-fondi-di-coesione\\\/\",\"url\":\"https:\\\/\\\/www.livemag.it\\\/index.php\\\/2025\\\/08\\\/25\\\/foti-nessuno-vuole-centralizzare-i-fondi-di-coesione\\\/\",\"name\":\"Foti \u201cNessuno vuole centralizzare i fondi di coesione\u201d - Live Magazine\",\"isPartOf\":{\"@id\":\"https:\\\/\\\/www.livemag.it\\\/#website\"},\"primaryImageOfPage\":{\"@id\":\"https:\\\/\\\/www.livemag.it\\\/index.php\\\/2025\\\/08\\\/25\\\/foti-nessuno-vuole-centralizzare-i-fondi-di-coesione\\\/#primaryimage\"},\"image\":{\"@id\":\"https:\\\/\\\/www.livemag.it\\\/index.php\\\/2025\\\/08\\\/25\\\/foti-nessuno-vuole-centralizzare-i-fondi-di-coesione\\\/#primaryimage\"},\"thumbnailUrl\":\"https:\\\/\\\/www.livemag.it\\\/wp-content\\\/uploads\\\/2025\\\/08\\\/20250825_1346.jpg\",\"datePublished\":\"2025-08-25T19:03:19+00:00\",\"breadcrumb\":{\"@id\":\"https:\\\/\\\/www.livemag.it\\\/index.php\\\/2025\\\/08\\\/25\\\/foti-nessuno-vuole-centralizzare-i-fondi-di-coesione\\\/#breadcrumb\"},\"inLanguage\":\"it-IT\",\"potentialAction\":[{\"@type\":\"ReadAction\",\"target\":[\"https:\\\/\\\/www.livemag.it\\\/index.php\\\/2025\\\/08\\\/25\\\/foti-nessuno-vuole-centralizzare-i-fondi-di-coesione\\\/\"]}]},{\"@type\":\"ImageObject\",\"inLanguage\":\"it-IT\",\"@id\":\"https:\\\/\\\/www.livemag.it\\\/index.php\\\/2025\\\/08\\\/25\\\/foti-nessuno-vuole-centralizzare-i-fondi-di-coesione\\\/#primaryimage\",\"url\":\"https:\\\/\\\/www.livemag.it\\\/wp-content\\\/uploads\\\/2025\\\/08\\\/20250825_1346.jpg\",\"contentUrl\":\"https:\\\/\\\/www.livemag.it\\\/wp-content\\\/uploads\\\/2025\\\/08\\\/20250825_1346.jpg\",\"width\":900,\"height\":600},{\"@type\":\"BreadcrumbList\",\"@id\":\"https:\\\/\\\/www.livemag.it\\\/index.php\\\/2025\\\/08\\\/25\\\/foti-nessuno-vuole-centralizzare-i-fondi-di-coesione\\\/#breadcrumb\",\"itemListElement\":[{\"@type\":\"ListItem\",\"position\":1,\"name\":\"Home\",\"item\":\"https:\\\/\\\/www.livemag.it\\\/\"},{\"@type\":\"ListItem\",\"position\":2,\"name\":\"Foti \u201cNessuno vuole centralizzare i fondi di coesione\u201d\"}]},{\"@type\":\"WebSite\",\"@id\":\"https:\\\/\\\/www.livemag.it\\\/#website\",\"url\":\"https:\\\/\\\/www.livemag.it\\\/\",\"name\":\"Live Magazine\",\"description\":\"Varie ed eventi\",\"publisher\":{\"@id\":\"https:\\\/\\\/www.livemag.it\\\/#organization\"},\"potentialAction\":[{\"@type\":\"SearchAction\",\"target\":{\"@type\":\"EntryPoint\",\"urlTemplate\":\"https:\\\/\\\/www.livemag.it\\\/?s={search_term_string}\"},\"query-input\":{\"@type\":\"PropertyValueSpecification\",\"valueRequired\":true,\"valueName\":\"search_term_string\"}}],\"inLanguage\":\"it-IT\"},{\"@type\":\"Organization\",\"@id\":\"https:\\\/\\\/www.livemag.it\\\/#organization\",\"name\":\"LiveMag\",\"alternateName\":\"LiveMag News ed eventi\",\"url\":\"https:\\\/\\\/www.livemag.it\\\/\",\"logo\":{\"@type\":\"ImageObject\",\"inLanguage\":\"it-IT\",\"@id\":\"https:\\\/\\\/www.livemag.it\\\/#\\\/schema\\\/logo\\\/image\\\/\",\"url\":\"https:\\\/\\\/www.livemag.it\\\/wp-content\\\/uploads\\\/2024\\\/02\\\/immagine-sito.jpg\",\"contentUrl\":\"https:\\\/\\\/www.livemag.it\\\/wp-content\\\/uploads\\\/2024\\\/02\\\/immagine-sito.jpg\",\"width\":696,\"height\":696,\"caption\":\"LiveMag\"},\"image\":{\"@id\":\"https:\\\/\\\/www.livemag.it\\\/#\\\/schema\\\/logo\\\/image\\\/\"},\"sameAs\":[\"https:\\\/\\\/www.facebook.com\\\/LiveMag\\\/\",\"https:\\\/\\\/x.com\\\/LiveNotizie\",\"https:\\\/\\\/www.instagram.com\\\/livemag\\\/\"]},{\"@type\":\"Person\",\"@id\":\"https:\\\/\\\/www.livemag.it\\\/#\\\/schema\\\/person\\\/b62c5f44451fdcdaeb0afe6c2424e73c\",\"name\":\"italpress\",\"image\":{\"@type\":\"ImageObject\",\"inLanguage\":\"it-IT\",\"@id\":\"https:\\\/\\\/secure.gravatar.com\\\/avatar\\\/b6a21695fc713ce7ee312cf57c97e2e641feb365be72d8745574d3c3e2b59066?s=96&r=g\",\"url\":\"https:\\\/\\\/secure.gravatar.com\\\/avatar\\\/b6a21695fc713ce7ee312cf57c97e2e641feb365be72d8745574d3c3e2b59066?s=96&r=g\",\"contentUrl\":\"https:\\\/\\\/secure.gravatar.com\\\/avatar\\\/b6a21695fc713ce7ee312cf57c97e2e641feb365be72d8745574d3c3e2b59066?s=96&r=g\",\"caption\":\"italpress\"},\"description\":\"Italpress \u00e8 un'agenzia di stampa italiana a carattere nazionale.\",\"url\":\"https:\\\/\\\/www.livemag.it\\\/index.php\\\/author\\\/italpress\\\/\"}]}<\/script>\n<!-- \/ Yoast SEO plugin. -->","yoast_head_json":{"title":"Foti \u201cNessuno vuole centralizzare i fondi di coesione\u201d - Live Magazine","robots":{"index":"index","follow":"follow","max-snippet":"max-snippet:-1","max-image-preview":"max-image-preview:large","max-video-preview":"max-video-preview:-1"},"canonical":"https:\/\/www.livemag.it\/index.php\/2025\/08\/25\/foti-nessuno-vuole-centralizzare-i-fondi-di-coesione\/","og_locale":"it_IT","og_type":"article","og_title":"Foti \u201cNessuno vuole centralizzare i fondi di coesione\u201d - Live Magazine","og_description":"ROMA (ITALPRESS) \u2013 \u201cNel dibattito di ieri sui fondi di coesione, nessuno degli intervenuti ha sostenuto che gli stessi debbano essere centralizzati e gestiti dallo Stato. In verit\u00e0, essendo stata posta in rilievo la necessit\u00e0 di un maggiore coinvolgimento dei Comuni, chi scrive ha detto che la decisione compete alle Regioni\u201d. Cos\u00ec il ministro per [&hellip;]","og_url":"https:\/\/www.livemag.it\/index.php\/2025\/08\/25\/foti-nessuno-vuole-centralizzare-i-fondi-di-coesione\/","og_site_name":"Live Magazine","article_publisher":"https:\/\/www.facebook.com\/LiveMag\/","article_published_time":"2025-08-25T19:03:19+00:00","og_image":[{"width":1200,"height":675,"url":"https:\/\/www.livemag.it\/wp-content\/uploads\/2024\/02\/ograph.jpg","type":"image\/jpeg"}],"author":"italpress","twitter_card":"summary_large_image","twitter_creator":"@LiveNotizie","twitter_site":"@LiveNotizie","twitter_misc":{"Scritto da":"italpress","Tempo di lettura stimato":"1 minuto"},"schema":{"@context":"https:\/\/schema.org","@graph":[{"@type":"Article","@id":"https:\/\/www.livemag.it\/index.php\/2025\/08\/25\/foti-nessuno-vuole-centralizzare-i-fondi-di-coesione\/#article","isPartOf":{"@id":"https:\/\/www.livemag.it\/index.php\/2025\/08\/25\/foti-nessuno-vuole-centralizzare-i-fondi-di-coesione\/"},"author":{"name":"italpress","@id":"https:\/\/www.livemag.it\/#\/schema\/person\/b62c5f44451fdcdaeb0afe6c2424e73c"},"headline":"Foti \u201cNessuno vuole centralizzare i fondi di coesione\u201d","datePublished":"2025-08-25T19:03:19+00:00","mainEntityOfPage":{"@id":"https:\/\/www.livemag.it\/index.php\/2025\/08\/25\/foti-nessuno-vuole-centralizzare-i-fondi-di-coesione\/"},"wordCount":159,"publisher":{"@id":"https:\/\/www.livemag.it\/#organization"},"image":{"@id":"https:\/\/www.livemag.it\/index.php\/2025\/08\/25\/foti-nessuno-vuole-centralizzare-i-fondi-di-coesione\/#primaryimage"},"thumbnailUrl":"https:\/\/www.livemag.it\/wp-content\/uploads\/2025\/08\/20250825_1346.jpg","articleSection":["Mondo"],"inLanguage":"it-IT"},{"@type":"WebPage","@id":"https:\/\/www.livemag.it\/index.php\/2025\/08\/25\/foti-nessuno-vuole-centralizzare-i-fondi-di-coesione\/","url":"https:\/\/www.livemag.it\/index.php\/2025\/08\/25\/foti-nessuno-vuole-centralizzare-i-fondi-di-coesione\/","name":"Foti \u201cNessuno vuole centralizzare i fondi di coesione\u201d - Live Magazine","isPartOf":{"@id":"https:\/\/www.livemag.it\/#website"},"primaryImageOfPage":{"@id":"https:\/\/www.livemag.it\/index.php\/2025\/08\/25\/foti-nessuno-vuole-centralizzare-i-fondi-di-coesione\/#primaryimage"},"image":{"@id":"https:\/\/www.livemag.it\/index.php\/2025\/08\/25\/foti-nessuno-vuole-centralizzare-i-fondi-di-coesione\/#primaryimage"},"thumbnailUrl":"https:\/\/www.livemag.it\/wp-content\/uploads\/2025\/08\/20250825_1346.jpg","datePublished":"2025-08-25T19:03:19+00:00","breadcrumb":{"@id":"https:\/\/www.livemag.it\/index.php\/2025\/08\/25\/foti-nessuno-vuole-centralizzare-i-fondi-di-coesione\/#breadcrumb"},"inLanguage":"it-IT","potentialAction":[{"@type":"ReadAction","target":["https:\/\/www.livemag.it\/index.php\/2025\/08\/25\/foti-nessuno-vuole-centralizzare-i-fondi-di-coesione\/"]}]},{"@type":"ImageObject","inLanguage":"it-IT","@id":"https:\/\/www.livemag.it\/index.php\/2025\/08\/25\/foti-nessuno-vuole-centralizzare-i-fondi-di-coesione\/#primaryimage","url":"https:\/\/www.livemag.it\/wp-content\/uploads\/2025\/08\/20250825_1346.jpg","contentUrl":"https:\/\/www.livemag.it\/wp-content\/uploads\/2025\/08\/20250825_1346.jpg","width":900,"height":600},{"@type":"BreadcrumbList","@id":"https:\/\/www.livemag.it\/index.php\/2025\/08\/25\/foti-nessuno-vuole-centralizzare-i-fondi-di-coesione\/#breadcrumb","itemListElement":[{"@type":"ListItem","position":1,"name":"Home","item":"https:\/\/www.livemag.it\/"},{"@type":"ListItem","position":2,"name":"Foti \u201cNessuno vuole centralizzare i fondi di coesione\u201d"}]},{"@type":"WebSite","@id":"https:\/\/www.livemag.it\/#website","url":"https:\/\/www.livemag.it\/","name":"Live Magazine","description":"Varie ed eventi","publisher":{"@id":"https:\/\/www.livemag.it\/#organization"},"potentialAction":[{"@type":"SearchAction","target":{"@type":"EntryPoint","urlTemplate":"https:\/\/www.livemag.it\/?s={search_term_string}"},"query-input":{"@type":"PropertyValueSpecification","valueRequired":true,"valueName":"search_term_string"}}],"inLanguage":"it-IT"},{"@type":"Organization","@id":"https:\/\/www.livemag.it\/#organization","name":"LiveMag","alternateName":"LiveMag News ed eventi","url":"https:\/\/www.livemag.it\/","logo":{"@type":"ImageObject","inLanguage":"it-IT","@id":"https:\/\/www.livemag.it\/#\/schema\/logo\/image\/","url":"https:\/\/www.livemag.it\/wp-content\/uploads\/2024\/02\/immagine-sito.jpg","contentUrl":"https:\/\/www.livemag.it\/wp-content\/uploads\/2024\/02\/immagine-sito.jpg","width":696,"height":696,"caption":"LiveMag"},"image":{"@id":"https:\/\/www.livemag.it\/#\/schema\/logo\/image\/"},"sameAs":["https:\/\/www.facebook.com\/LiveMag\/","https:\/\/x.com\/LiveNotizie","https:\/\/www.instagram.com\/livemag\/"]},{"@type":"Person","@id":"https:\/\/www.livemag.it\/#\/schema\/person\/b62c5f44451fdcdaeb0afe6c2424e73c","name":"italpress","image":{"@type":"ImageObject","inLanguage":"it-IT","@id":"https:\/\/secure.gravatar.com\/avatar\/b6a21695fc713ce7ee312cf57c97e2e641feb365be72d8745574d3c3e2b59066?s=96&r=g","url":"https:\/\/secure.gravatar.com\/avatar\/b6a21695fc713ce7ee312cf57c97e2e641feb365be72d8745574d3c3e2b59066?s=96&r=g","contentUrl":"https:\/\/secure.gravatar.com\/avatar\/b6a21695fc713ce7ee312cf57c97e2e641feb365be72d8745574d3c3e2b59066?s=96&r=g","caption":"italpress"},"description":"Italpress \u00e8 un'agenzia di stampa italiana a carattere nazionale.","url":"https:\/\/www.livemag.it\/index.php\/author\/italpress\/"}]}},"jetpack_featured_media_url":"https:\/\/www.livemag.it\/wp-content\/uploads\/2025\/08\/20250825_1346.jpg","_links":{"self":[{"href":"https:\/\/www.livemag.it\/index.php\/wp-json\/wp\/v2\/posts\/57550","targetHints":{"allow":["GET"]}}],"collection":[{"href":"https:\/\/www.livemag.it\/index.php\/wp-json\/wp\/v2\/posts"}],"about":[{"href":"https:\/\/www.livemag.it\/index.php\/wp-json\/wp\/v2\/types\/post"}],"author":[{"embeddable":true,"href":"https:\/\/www.livemag.it\/index.php\/wp-json\/wp\/v2\/users\/16"}],"replies":[{"embeddable":true,"href":"https:\/\/www.livemag.it\/index.php\/wp-json\/wp\/v2\/comments?post=57550"}],"version-history":[{"count":0,"href":"https:\/\/www.livemag.it\/index.php\/wp-json\/wp\/v2\/posts\/57550\/revisions"}],"wp:featuredmedia":[{"embeddable":true,"href":"https:\/\/www.livemag.it\/index.php\/wp-json\/wp\/v2\/media\/57551"}],"wp:attachment":[{"href":"https:\/\/www.livemag.it\/index.php\/wp-json\/wp\/v2\/media?parent=57550"}],"wp:term":[{"taxonomy":"category","embeddable":true,"href":"https:\/\/www.livemag.it\/index.php\/wp-json\/wp\/v2\/categories?post=57550"},{"taxonomy":"post_tag","embeddable":true,"href":"https:\/\/www.livemag.it\/index.php\/wp-json\/wp\/v2\/tags?post=57550"}],"curies":[{"name":"wp","href":"https:\/\/api.w.org\/{rel}","templated":true}]}}