{"id":57538,"date":"2025-08-25T21:02:29","date_gmt":"2025-08-25T19:02:29","guid":{"rendered":"https:\/\/www.livemag.it\/index.php\/2025\/08\/25\/ue-picierno-scetticismo-si-trasformi-in-capacita-di-azione\/"},"modified":"2025-08-25T21:02:29","modified_gmt":"2025-08-25T19:02:29","slug":"ue-picierno-scetticismo-si-trasformi-in-capacita-di-azione","status":"publish","type":"post","link":"https:\/\/www.livemag.it\/index.php\/2025\/08\/25\/ue-picierno-scetticismo-si-trasformi-in-capacita-di-azione\/","title":{"rendered":"<div>Ue, Picierno &#8220;Scetticismo si trasformi in capacit\u00e0 di azione&#8221;<\/div>"},"content":{"rendered":"<p>    <video-js id=\"videojs69f3b7862ba57\" class=\"vjs-big-play-centered\" controls preload=\"auto\" playsinline data-setup='{\"fluid\": true}'>\r\n        <source src=\"https:\/\/video.italpress.com\/play\/mp4\/video\/qrW3\" type=\"video\/mp4\" \/>\r\n    <\/video-js>\r\n           <br \/>\n<\/p>\n<div> RIMINI (ITALPRESS) &#8211; &#8220;Capisco che il momento sia molto delicato, che sia difficile e che l&#8217;Ue deve ritrovare forza e capacit\u00e0 politica, ma vorrei che questo scetticismo diffuso si trasformasse anche in capacit\u00e0 di azione. Sono tante le personalit\u00e0 europee, Metsola tra queste, ma anche gruppi ed europarlamentari, che in questo momento di assoluta difficolt\u00e0 provano a dare all&#8217;Ue una voce autorevole. Capisco le critiche, lo smarrimento, la frustrazione ma credo che dobbiamo trasformare tutto ci\u00f2 in capacit\u00e0 di azione. La famiglia degli europeisti ha bisogno di una mano, venite a darci una mano&#8221;. Cos\u00ec Pina Picierno, vicepresidente del Parlamento Europeo, a margine della 46\u00b0 edizione del Meeting<br \/>\ndi Rimini.<\/p>\n<p>xi5\/sat\/azn<\/p><\/div>\n","protected":false},"excerpt":{"rendered":"<p>RIMINI (ITALPRESS) &#8211; &#8220;Capisco che il momento sia molto delicato, che sia difficile e che l&#8217;Ue deve ritrovare forza e capacit\u00e0 politica, ma vorrei che questo scetticismo diffuso si trasformasse anche in capacit\u00e0 di azione. Sono tante le personalit\u00e0 europee, Metsola tra queste, ma anche gruppi ed europarlamentari, che in questo momento di assoluta difficolt\u00e0 [&hellip;]<\/p>\n","protected":false},"author":16,"featured_media":57539,"comment_status":"closed","ping_status":"closed","sticky":false,"template":"","format":"video","meta":{"jnews-multi-image_gallery":[],"jnews_single_post":[],"jnews_primary_category":[],"jnews_social_meta":[],"jnews_override_counter":[],"jnews_post_split":[],"footnotes":""},"categories":[1171],"tags":[],"class_list":["post-57538","post","type-post","status-publish","format-video","has-post-thumbnail","hentry","category-video","post_format-post-format-video"],"yoast_head":"<!-- This site is optimized with the Yoast SEO plugin v27.5 - https:\/\/yoast.com\/product\/yoast-seo-wordpress\/ -->\n<title>Ue, Picierno &quot;Scetticismo si trasformi in capacit\u00e0 di azione&quot; - Live Magazine<\/title>\n<meta name=\"robots\" content=\"index, follow, max-snippet:-1, max-image-preview:large, max-video-preview:-1\" \/>\n<link rel=\"canonical\" href=\"https:\/\/www.livemag.it\/index.php\/2025\/08\/25\/ue-picierno-scetticismo-si-trasformi-in-capacita-di-azione\/\" \/>\n<meta property=\"og:locale\" content=\"it_IT\" \/>\n<meta property=\"og:type\" content=\"article\" \/>\n<meta property=\"og:title\" content=\"Ue, Picierno &quot;Scetticismo si trasformi in capacit\u00e0 di azione&quot; - Live Magazine\" \/>\n<meta property=\"og:description\" content=\"RIMINI (ITALPRESS) &#8211; &#8220;Capisco che il momento sia molto delicato, che sia difficile e che l&#8217;Ue deve ritrovare forza e capacit\u00e0 politica, ma vorrei che questo scetticismo diffuso si trasformasse anche in capacit\u00e0 di azione. Sono tante le personalit\u00e0 europee, Metsola tra queste, ma anche gruppi ed europarlamentari, che in questo momento di assoluta difficolt\u00e0 [&hellip;]\" \/>\n<meta property=\"og:url\" content=\"https:\/\/www.livemag.it\/index.php\/2025\/08\/25\/ue-picierno-scetticismo-si-trasformi-in-capacita-di-azione\/\" \/>\n<meta property=\"og:site_name\" content=\"Live Magazine\" \/>\n<meta property=\"article:publisher\" content=\"https:\/\/www.facebook.com\/LiveMag\/\" \/>\n<meta property=\"article:published_time\" content=\"2025-08-25T19:02:29+00:00\" \/>\n<meta property=\"og:image\" content=\"https:\/\/www.livemag.it\/wp-content\/uploads\/2024\/02\/ograph.jpg\" \/>\n\t<meta property=\"og:image:width\" content=\"1200\" \/>\n\t<meta property=\"og:image:height\" content=\"675\" \/>\n\t<meta property=\"og:image:type\" content=\"image\/jpeg\" \/>\n<meta name=\"author\" content=\"italpress\" \/>\n<meta name=\"twitter:card\" content=\"summary_large_image\" \/>\n<meta name=\"twitter:creator\" content=\"@LiveNotizie\" \/>\n<meta name=\"twitter:site\" content=\"@LiveNotizie\" \/>\n<meta name=\"twitter:label1\" content=\"Scritto da\" \/>\n\t<meta name=\"twitter:data1\" content=\"italpress\" \/>\n\t<meta name=\"twitter:label2\" content=\"Tempo di lettura stimato\" \/>\n\t<meta name=\"twitter:data2\" content=\"1 minuto\" \/>\n<script type=\"application\/ld+json\" class=\"yoast-schema-graph\">{\"@context\":\"https:\\\/\\\/schema.org\",\"@graph\":[{\"@type\":\"Article\",\"@id\":\"https:\\\/\\\/www.livemag.it\\\/index.php\\\/2025\\\/08\\\/25\\\/ue-picierno-scetticismo-si-trasformi-in-capacita-di-azione\\\/#article\",\"isPartOf\":{\"@id\":\"https:\\\/\\\/www.livemag.it\\\/index.php\\\/2025\\\/08\\\/25\\\/ue-picierno-scetticismo-si-trasformi-in-capacita-di-azione\\\/\"},\"author\":{\"name\":\"italpress\",\"@id\":\"https:\\\/\\\/www.livemag.it\\\/#\\\/schema\\\/person\\\/b62c5f44451fdcdaeb0afe6c2424e73c\"},\"headline\":\"Ue, Picierno &#8220;Scetticismo si trasformi in capacit\u00e0 di azione&#8221;\",\"datePublished\":\"2025-08-25T19:02:29+00:00\",\"mainEntityOfPage\":{\"@id\":\"https:\\\/\\\/www.livemag.it\\\/index.php\\\/2025\\\/08\\\/25\\\/ue-picierno-scetticismo-si-trasformi-in-capacita-di-azione\\\/\"},\"wordCount\":134,\"publisher\":{\"@id\":\"https:\\\/\\\/www.livemag.it\\\/#organization\"},\"image\":{\"@id\":\"https:\\\/\\\/www.livemag.it\\\/index.php\\\/2025\\\/08\\\/25\\\/ue-picierno-scetticismo-si-trasformi-in-capacita-di-azione\\\/#primaryimage\"},\"thumbnailUrl\":\"https:\\\/\\\/www.livemag.it\\\/wp-content\\\/uploads\\\/2025\\\/08\\\/qrW3.jpg\",\"articleSection\":[\"Video\"],\"inLanguage\":\"it-IT\"},{\"@type\":\"WebPage\",\"@id\":\"https:\\\/\\\/www.livemag.it\\\/index.php\\\/2025\\\/08\\\/25\\\/ue-picierno-scetticismo-si-trasformi-in-capacita-di-azione\\\/\",\"url\":\"https:\\\/\\\/www.livemag.it\\\/index.php\\\/2025\\\/08\\\/25\\\/ue-picierno-scetticismo-si-trasformi-in-capacita-di-azione\\\/\",\"name\":\"Ue, Picierno \\\"Scetticismo si trasformi in capacit\u00e0 di azione\\\" - Live Magazine\",\"isPartOf\":{\"@id\":\"https:\\\/\\\/www.livemag.it\\\/#website\"},\"primaryImageOfPage\":{\"@id\":\"https:\\\/\\\/www.livemag.it\\\/index.php\\\/2025\\\/08\\\/25\\\/ue-picierno-scetticismo-si-trasformi-in-capacita-di-azione\\\/#primaryimage\"},\"image\":{\"@id\":\"https:\\\/\\\/www.livemag.it\\\/index.php\\\/2025\\\/08\\\/25\\\/ue-picierno-scetticismo-si-trasformi-in-capacita-di-azione\\\/#primaryimage\"},\"thumbnailUrl\":\"https:\\\/\\\/www.livemag.it\\\/wp-content\\\/uploads\\\/2025\\\/08\\\/qrW3.jpg\",\"datePublished\":\"2025-08-25T19:02:29+00:00\",\"breadcrumb\":{\"@id\":\"https:\\\/\\\/www.livemag.it\\\/index.php\\\/2025\\\/08\\\/25\\\/ue-picierno-scetticismo-si-trasformi-in-capacita-di-azione\\\/#breadcrumb\"},\"inLanguage\":\"it-IT\",\"potentialAction\":[{\"@type\":\"ReadAction\",\"target\":[\"https:\\\/\\\/www.livemag.it\\\/index.php\\\/2025\\\/08\\\/25\\\/ue-picierno-scetticismo-si-trasformi-in-capacita-di-azione\\\/\"]}]},{\"@type\":\"ImageObject\",\"inLanguage\":\"it-IT\",\"@id\":\"https:\\\/\\\/www.livemag.it\\\/index.php\\\/2025\\\/08\\\/25\\\/ue-picierno-scetticismo-si-trasformi-in-capacita-di-azione\\\/#primaryimage\",\"url\":\"https:\\\/\\\/www.livemag.it\\\/wp-content\\\/uploads\\\/2025\\\/08\\\/qrW3.jpg\",\"contentUrl\":\"https:\\\/\\\/www.livemag.it\\\/wp-content\\\/uploads\\\/2025\\\/08\\\/qrW3.jpg\",\"width\":1920,\"height\":1080},{\"@type\":\"BreadcrumbList\",\"@id\":\"https:\\\/\\\/www.livemag.it\\\/index.php\\\/2025\\\/08\\\/25\\\/ue-picierno-scetticismo-si-trasformi-in-capacita-di-azione\\\/#breadcrumb\",\"itemListElement\":[{\"@type\":\"ListItem\",\"position\":1,\"name\":\"Home\",\"item\":\"https:\\\/\\\/www.livemag.it\\\/\"},{\"@type\":\"ListItem\",\"position\":2,\"name\":\"Ue, Picierno &#8220;Scetticismo si trasformi in capacit\u00e0 di azione&#8221;\"}]},{\"@type\":\"WebSite\",\"@id\":\"https:\\\/\\\/www.livemag.it\\\/#website\",\"url\":\"https:\\\/\\\/www.livemag.it\\\/\",\"name\":\"Live Magazine\",\"description\":\"Varie ed eventi\",\"publisher\":{\"@id\":\"https:\\\/\\\/www.livemag.it\\\/#organization\"},\"potentialAction\":[{\"@type\":\"SearchAction\",\"target\":{\"@type\":\"EntryPoint\",\"urlTemplate\":\"https:\\\/\\\/www.livemag.it\\\/?s={search_term_string}\"},\"query-input\":{\"@type\":\"PropertyValueSpecification\",\"valueRequired\":true,\"valueName\":\"search_term_string\"}}],\"inLanguage\":\"it-IT\"},{\"@type\":\"Organization\",\"@id\":\"https:\\\/\\\/www.livemag.it\\\/#organization\",\"name\":\"LiveMag\",\"alternateName\":\"LiveMag News ed eventi\",\"url\":\"https:\\\/\\\/www.livemag.it\\\/\",\"logo\":{\"@type\":\"ImageObject\",\"inLanguage\":\"it-IT\",\"@id\":\"https:\\\/\\\/www.livemag.it\\\/#\\\/schema\\\/logo\\\/image\\\/\",\"url\":\"https:\\\/\\\/www.livemag.it\\\/wp-content\\\/uploads\\\/2024\\\/02\\\/immagine-sito.jpg\",\"contentUrl\":\"https:\\\/\\\/www.livemag.it\\\/wp-content\\\/uploads\\\/2024\\\/02\\\/immagine-sito.jpg\",\"width\":696,\"height\":696,\"caption\":\"LiveMag\"},\"image\":{\"@id\":\"https:\\\/\\\/www.livemag.it\\\/#\\\/schema\\\/logo\\\/image\\\/\"},\"sameAs\":[\"https:\\\/\\\/www.facebook.com\\\/LiveMag\\\/\",\"https:\\\/\\\/x.com\\\/LiveNotizie\",\"https:\\\/\\\/www.instagram.com\\\/livemag\\\/\"]},{\"@type\":\"Person\",\"@id\":\"https:\\\/\\\/www.livemag.it\\\/#\\\/schema\\\/person\\\/b62c5f44451fdcdaeb0afe6c2424e73c\",\"name\":\"italpress\",\"image\":{\"@type\":\"ImageObject\",\"inLanguage\":\"it-IT\",\"@id\":\"https:\\\/\\\/secure.gravatar.com\\\/avatar\\\/b6a21695fc713ce7ee312cf57c97e2e641feb365be72d8745574d3c3e2b59066?s=96&r=g\",\"url\":\"https:\\\/\\\/secure.gravatar.com\\\/avatar\\\/b6a21695fc713ce7ee312cf57c97e2e641feb365be72d8745574d3c3e2b59066?s=96&r=g\",\"contentUrl\":\"https:\\\/\\\/secure.gravatar.com\\\/avatar\\\/b6a21695fc713ce7ee312cf57c97e2e641feb365be72d8745574d3c3e2b59066?s=96&r=g\",\"caption\":\"italpress\"},\"description\":\"Italpress \u00e8 un'agenzia di stampa italiana a carattere nazionale.\",\"url\":\"https:\\\/\\\/www.livemag.it\\\/index.php\\\/author\\\/italpress\\\/\"}]}<\/script>\n<!-- \/ Yoast SEO plugin. -->","yoast_head_json":{"title":"Ue, Picierno \"Scetticismo si trasformi in capacit\u00e0 di azione\" - Live Magazine","robots":{"index":"index","follow":"follow","max-snippet":"max-snippet:-1","max-image-preview":"max-image-preview:large","max-video-preview":"max-video-preview:-1"},"canonical":"https:\/\/www.livemag.it\/index.php\/2025\/08\/25\/ue-picierno-scetticismo-si-trasformi-in-capacita-di-azione\/","og_locale":"it_IT","og_type":"article","og_title":"Ue, Picierno \"Scetticismo si trasformi in capacit\u00e0 di azione\" - Live Magazine","og_description":"RIMINI (ITALPRESS) &#8211; &#8220;Capisco che il momento sia molto delicato, che sia difficile e che l&#8217;Ue deve ritrovare forza e capacit\u00e0 politica, ma vorrei che questo scetticismo diffuso si trasformasse anche in capacit\u00e0 di azione. Sono tante le personalit\u00e0 europee, Metsola tra queste, ma anche gruppi ed europarlamentari, che in questo momento di assoluta difficolt\u00e0 [&hellip;]","og_url":"https:\/\/www.livemag.it\/index.php\/2025\/08\/25\/ue-picierno-scetticismo-si-trasformi-in-capacita-di-azione\/","og_site_name":"Live Magazine","article_publisher":"https:\/\/www.facebook.com\/LiveMag\/","article_published_time":"2025-08-25T19:02:29+00:00","og_image":[{"width":1200,"height":675,"url":"https:\/\/www.livemag.it\/wp-content\/uploads\/2024\/02\/ograph.jpg","type":"image\/jpeg"}],"author":"italpress","twitter_card":"summary_large_image","twitter_creator":"@LiveNotizie","twitter_site":"@LiveNotizie","twitter_misc":{"Scritto da":"italpress","Tempo di lettura stimato":"1 minuto"},"schema":{"@context":"https:\/\/schema.org","@graph":[{"@type":"Article","@id":"https:\/\/www.livemag.it\/index.php\/2025\/08\/25\/ue-picierno-scetticismo-si-trasformi-in-capacita-di-azione\/#article","isPartOf":{"@id":"https:\/\/www.livemag.it\/index.php\/2025\/08\/25\/ue-picierno-scetticismo-si-trasformi-in-capacita-di-azione\/"},"author":{"name":"italpress","@id":"https:\/\/www.livemag.it\/#\/schema\/person\/b62c5f44451fdcdaeb0afe6c2424e73c"},"headline":"Ue, Picierno &#8220;Scetticismo si trasformi in capacit\u00e0 di azione&#8221;","datePublished":"2025-08-25T19:02:29+00:00","mainEntityOfPage":{"@id":"https:\/\/www.livemag.it\/index.php\/2025\/08\/25\/ue-picierno-scetticismo-si-trasformi-in-capacita-di-azione\/"},"wordCount":134,"publisher":{"@id":"https:\/\/www.livemag.it\/#organization"},"image":{"@id":"https:\/\/www.livemag.it\/index.php\/2025\/08\/25\/ue-picierno-scetticismo-si-trasformi-in-capacita-di-azione\/#primaryimage"},"thumbnailUrl":"https:\/\/www.livemag.it\/wp-content\/uploads\/2025\/08\/qrW3.jpg","articleSection":["Video"],"inLanguage":"it-IT"},{"@type":"WebPage","@id":"https:\/\/www.livemag.it\/index.php\/2025\/08\/25\/ue-picierno-scetticismo-si-trasformi-in-capacita-di-azione\/","url":"https:\/\/www.livemag.it\/index.php\/2025\/08\/25\/ue-picierno-scetticismo-si-trasformi-in-capacita-di-azione\/","name":"Ue, Picierno \"Scetticismo si trasformi in capacit\u00e0 di azione\" - Live Magazine","isPartOf":{"@id":"https:\/\/www.livemag.it\/#website"},"primaryImageOfPage":{"@id":"https:\/\/www.livemag.it\/index.php\/2025\/08\/25\/ue-picierno-scetticismo-si-trasformi-in-capacita-di-azione\/#primaryimage"},"image":{"@id":"https:\/\/www.livemag.it\/index.php\/2025\/08\/25\/ue-picierno-scetticismo-si-trasformi-in-capacita-di-azione\/#primaryimage"},"thumbnailUrl":"https:\/\/www.livemag.it\/wp-content\/uploads\/2025\/08\/qrW3.jpg","datePublished":"2025-08-25T19:02:29+00:00","breadcrumb":{"@id":"https:\/\/www.livemag.it\/index.php\/2025\/08\/25\/ue-picierno-scetticismo-si-trasformi-in-capacita-di-azione\/#breadcrumb"},"inLanguage":"it-IT","potentialAction":[{"@type":"ReadAction","target":["https:\/\/www.livemag.it\/index.php\/2025\/08\/25\/ue-picierno-scetticismo-si-trasformi-in-capacita-di-azione\/"]}]},{"@type":"ImageObject","inLanguage":"it-IT","@id":"https:\/\/www.livemag.it\/index.php\/2025\/08\/25\/ue-picierno-scetticismo-si-trasformi-in-capacita-di-azione\/#primaryimage","url":"https:\/\/www.livemag.it\/wp-content\/uploads\/2025\/08\/qrW3.jpg","contentUrl":"https:\/\/www.livemag.it\/wp-content\/uploads\/2025\/08\/qrW3.jpg","width":1920,"height":1080},{"@type":"BreadcrumbList","@id":"https:\/\/www.livemag.it\/index.php\/2025\/08\/25\/ue-picierno-scetticismo-si-trasformi-in-capacita-di-azione\/#breadcrumb","itemListElement":[{"@type":"ListItem","position":1,"name":"Home","item":"https:\/\/www.livemag.it\/"},{"@type":"ListItem","position":2,"name":"Ue, Picierno &#8220;Scetticismo si trasformi in capacit\u00e0 di azione&#8221;"}]},{"@type":"WebSite","@id":"https:\/\/www.livemag.it\/#website","url":"https:\/\/www.livemag.it\/","name":"Live Magazine","description":"Varie ed eventi","publisher":{"@id":"https:\/\/www.livemag.it\/#organization"},"potentialAction":[{"@type":"SearchAction","target":{"@type":"EntryPoint","urlTemplate":"https:\/\/www.livemag.it\/?s={search_term_string}"},"query-input":{"@type":"PropertyValueSpecification","valueRequired":true,"valueName":"search_term_string"}}],"inLanguage":"it-IT"},{"@type":"Organization","@id":"https:\/\/www.livemag.it\/#organization","name":"LiveMag","alternateName":"LiveMag News ed eventi","url":"https:\/\/www.livemag.it\/","logo":{"@type":"ImageObject","inLanguage":"it-IT","@id":"https:\/\/www.livemag.it\/#\/schema\/logo\/image\/","url":"https:\/\/www.livemag.it\/wp-content\/uploads\/2024\/02\/immagine-sito.jpg","contentUrl":"https:\/\/www.livemag.it\/wp-content\/uploads\/2024\/02\/immagine-sito.jpg","width":696,"height":696,"caption":"LiveMag"},"image":{"@id":"https:\/\/www.livemag.it\/#\/schema\/logo\/image\/"},"sameAs":["https:\/\/www.facebook.com\/LiveMag\/","https:\/\/x.com\/LiveNotizie","https:\/\/www.instagram.com\/livemag\/"]},{"@type":"Person","@id":"https:\/\/www.livemag.it\/#\/schema\/person\/b62c5f44451fdcdaeb0afe6c2424e73c","name":"italpress","image":{"@type":"ImageObject","inLanguage":"it-IT","@id":"https:\/\/secure.gravatar.com\/avatar\/b6a21695fc713ce7ee312cf57c97e2e641feb365be72d8745574d3c3e2b59066?s=96&r=g","url":"https:\/\/secure.gravatar.com\/avatar\/b6a21695fc713ce7ee312cf57c97e2e641feb365be72d8745574d3c3e2b59066?s=96&r=g","contentUrl":"https:\/\/secure.gravatar.com\/avatar\/b6a21695fc713ce7ee312cf57c97e2e641feb365be72d8745574d3c3e2b59066?s=96&r=g","caption":"italpress"},"description":"Italpress \u00e8 un'agenzia di stampa italiana a carattere nazionale.","url":"https:\/\/www.livemag.it\/index.php\/author\/italpress\/"}]}},"jetpack_featured_media_url":"https:\/\/www.livemag.it\/wp-content\/uploads\/2025\/08\/qrW3.jpg","_links":{"self":[{"href":"https:\/\/www.livemag.it\/index.php\/wp-json\/wp\/v2\/posts\/57538","targetHints":{"allow":["GET"]}}],"collection":[{"href":"https:\/\/www.livemag.it\/index.php\/wp-json\/wp\/v2\/posts"}],"about":[{"href":"https:\/\/www.livemag.it\/index.php\/wp-json\/wp\/v2\/types\/post"}],"author":[{"embeddable":true,"href":"https:\/\/www.livemag.it\/index.php\/wp-json\/wp\/v2\/users\/16"}],"replies":[{"embeddable":true,"href":"https:\/\/www.livemag.it\/index.php\/wp-json\/wp\/v2\/comments?post=57538"}],"version-history":[{"count":0,"href":"https:\/\/www.livemag.it\/index.php\/wp-json\/wp\/v2\/posts\/57538\/revisions"}],"wp:featuredmedia":[{"embeddable":true,"href":"https:\/\/www.livemag.it\/index.php\/wp-json\/wp\/v2\/media\/57539"}],"wp:attachment":[{"href":"https:\/\/www.livemag.it\/index.php\/wp-json\/wp\/v2\/media?parent=57538"}],"wp:term":[{"taxonomy":"category","embeddable":true,"href":"https:\/\/www.livemag.it\/index.php\/wp-json\/wp\/v2\/categories?post=57538"},{"taxonomy":"post_tag","embeddable":true,"href":"https:\/\/www.livemag.it\/index.php\/wp-json\/wp\/v2\/tags?post=57538"}],"curies":[{"name":"wp","href":"https:\/\/api.w.org\/{rel}","templated":true}]}}