{"id":57529,"date":"2025-08-25T19:44:36","date_gmt":"2025-08-25T17:44:36","guid":{"rendered":"https:\/\/www.livemag.it\/?p=57529"},"modified":"2025-08-25T19:50:31","modified_gmt":"2025-08-25T17:50:31","slug":"sorriso-diverso-award-svelate-le-nomination-eleonora-ivone-e-la-madrina","status":"publish","type":"post","link":"https:\/\/www.livemag.it\/index.php\/2025\/08\/25\/sorriso-diverso-award-svelate-le-nomination-eleonora-ivone-e-la-madrina\/","title":{"rendered":"Sorriso Diverso Award, svelate le nomination. Eleonora Ivone \u00e8 la madrina"},"content":{"rendered":"\n<p><strong>Venerd\u00ec 5 settembre 2025<\/strong>, alle&nbsp;<strong>ore 16.00<\/strong>, lo&nbsp;<strong>Spazio Incontri&nbsp;<\/strong>del&nbsp;<strong>Venice Production Bridge<\/strong>, presso l\u2019<strong>Hotel Excelsior<\/strong>&nbsp;del&nbsp;<strong>Lido di Venezia<\/strong>, ospiter\u00e0 la&nbsp;<strong>XV edizione<\/strong>&nbsp;del&nbsp;<strong>Premio Sorriso Diverso Venezia Award<\/strong>, premio collaterale ufficiale della&nbsp;<strong>82\u00aa Mostra Internazionale d\u2019Arte Cinematografica<\/strong>.<\/p>\n\n\n\n<p>La cerimonia \u2013 che ogni anno richiama l\u2019attenzione su quelle opere capaci di raccontare la diversit\u00e0 e le fragilit\u00e0 sociali con lo sguardo universale del cinema \u2013 avr\u00e0 come&nbsp;madrina&nbsp;l\u2019attrice&nbsp;<strong>Eleonora Ivone<\/strong>&nbsp;e come Testimonial della resilienza sociale la cantante e conduttrice&nbsp;<strong>Silvia Salemi<\/strong>.<\/p>\n\n\n\n<p>Al loro fianco, come da tradizione, porteranno il proprio saluto il Direttore della Mostra&nbsp;<strong>Alberto Barbera<\/strong>&nbsp;e il Presidente della Biennale&nbsp;<strong>Pietrangelo Buttafuoco<\/strong>, confermando il prestigio di un riconoscimento che \u00e8 ormai diventato parte integrante della Mostra del Cinema. Sar\u00e0 presente anche il Presidente della Municipalit\u00e0 di Lido Pellestrina,&nbsp;<strong>Emilio Guberti<\/strong>, che da anni sostiene con entusiasmo il Sorriso Diverso Venezia Award, confermandone il legame con il territorio e la comunit\u00e0 locale.<\/p>\n\n\n\n<p>Quest\u2019anno la selezione ha messo in evidenza titoli provenienti da cinematografie diverse, unite dal comune denominatore dell\u2019impegno civile e della forza narrativa. Nella sezione&nbsp;<em>In Concorso<\/em>figurano&nbsp;<strong><em>The Voice of Hind Rajab<\/em><\/strong>&nbsp;di Kaouther Ben Hania, film che ripercorre l&#8217;uccisione a Gaza di Hind Rajab;&nbsp;<strong><em>Elisa<\/em><\/strong>&nbsp;di Leonardo Di Costanzo, liberamente ispirato agli studi e alle conversazioni dei criminologi Adolfo Ceretti e Lorenzo Natali nel saggio \u201cIo volevo ucciderla\u201d;&nbsp;<strong><em>N\u00fchai<\/em><\/strong>&nbsp;(<strong><em>Girl<\/em><\/strong>) di Shu Qi, toccante storia di formazione ambientata in una citt\u00e0 costiera;&nbsp;<strong><em>\u00c0 Pied d\u2019\u0152uvre (At Work)<\/em><\/strong>&nbsp;di Val\u00e9rie Donzelli, basato sull&#8217;omonimo romanzo di Franck Court\u00e8s.<\/p>\n\n\n\n<p>Per le opere&nbsp;<em>Fuori concorso<\/em>, l\u2019Italia \u00e8 rappresentata da&nbsp;<strong><em>L\u2019isola di Andrea&nbsp;<\/em><\/strong>di Antonio Capuano, intenso legal drama con Teresa Saponangelo e Vinicio Marchioni. Per la sezione&nbsp;<em>Orizzonti<\/em>candidati:&nbsp;<strong><em>Hiedra<\/em><\/strong>&nbsp;di Ana Cristina Barrag\u00e1n con Simone Bucio e Francis Edd\u00fa Llumiquinga;&nbsp;<strong><em>Il rapimento di Arabella<\/em><\/strong>, seconda opera di Carolina Cavalli;&nbsp;<strong><em>Har\u00e0 Watan (Lost Land)&nbsp;<\/em><\/strong>di Akio Fujimoto, che racconta la storia di due fratelli in fuga da un campo profughi Rohingya in Bangladesh;&nbsp;<strong><em>Otec (Father)<\/em><\/strong>&nbsp;di Tereza Nvotov\u00e1, con protagonista un padre affetto dalla sindrome del bambino dimenticato;&nbsp;<strong><em>Un anno di scuola<\/em><\/strong>&nbsp;di Laura Samani, liberamente ispirato al libro omonimo di Giani Stuparich e ambientato nella Trieste del 2007;&nbsp;<strong><em>Human Resource&nbsp;<\/em><\/strong>di Nawapol Thamrongrattanarit, che racconta la storia di una donna che riflette se mettere al mondo un figlio in un&#8217;azienda e societ\u00e0 oppressive.<\/p>\n\n\n\n<p>A completare il quadro, per le&nbsp;<em>Giornate degli Autori<\/em>, \u00e8 stato selezionato&nbsp;<strong><em>Come ti muovi sbagli&nbsp;<\/em><\/strong>di Gianni Di Gregorio: un professore in pensione vede la sua vita tranquilla stravolta dal ritorno della figlia e dei nipoti.<\/p>\n\n\n\n<p>\u201c<em>Ci apprestiamo a riportare al centro della cultura internazionale la narrazione cinematografica di Venezia \u2013<\/em>&nbsp;afferma il presidente&nbsp;<strong>Diego Righini<\/strong>&nbsp;\u2013&nbsp;<em>Le opere premiate raccontano, come ogni anno, le storie di persone che non smettono di lottare e di sperare in una vita migliore. Attraverso i loro percorsi ci invitano ad aprire gli occhi su ci\u00f2 che pensano e su come vivono coloro che li circondano: in fondo, tutti noi, la societ\u00e0 civile del mondo<\/em>.\u201d<\/p>\n\n\n\n<p>\u201c<em>Il Sorriso Diverso Venezia Award \u00e8 molto pi\u00f9 di un premio: \u00e8 un messaggio<\/em>&nbsp;\u2013 sottolinea la direttrice artistica&nbsp;<strong>Paola Tassone<\/strong>&nbsp;\u2013<em>&nbsp;\u00c8 la conferma che il cinema pu\u00f2 abbattere barriere, costruire ponti e dare voce a chi spesso non viene ascoltato. Sono orgogliosa di questa 15\u00aa edizione, in cui dodici film straordinari concorrono per i due riconoscimenti (Miglior Straniero e Miglior Italiano), simbolo di inclusione, diversit\u00e0 e cambiamento sociale. Venezia \u00e8 il palcoscenico ideale per raccontare storie che parlano al cuore e alla coscienza di tutti noi.<\/em>\u201d<\/p>\n\n\n\n<p>Come di consueto, le pellicole in nomination&nbsp;per il titolo di&nbsp;<strong>Miglior film italiano<\/strong>&nbsp;e&nbsp;<strong>Miglior film straniero<\/strong>&nbsp;dell&#8217;edizione 2025, verrano giudicate, in accordo con la&nbsp;Mostra Internazionale d\u2019Arte Cinematografica di Venezia,&nbsp;dalla giuria di esperti presieduta dal critico cinematografico&nbsp;<strong>Catello Masullo<\/strong>&nbsp;e composta da&nbsp;<strong>Paola Dei, Massimo Nardin, Rossella Pozza, Paola Dalla Torre, Franco Mariotti, Alessandro Occhipinti, Antonio&nbsp;<\/strong><strong>Castaldo, Armando Lostaglio&nbsp;<\/strong>e&nbsp;<strong>Alberto Pierini<\/strong>.&nbsp;<\/p>\n\n\n\n<p>Il Premio Sorriso Diverso Venezia Award \u00e8 promosso dall\u2019<strong>Universit\u00e0 Cerca Lavoro<\/strong>&nbsp;(che firma anche il Festival Internazionale della Cinematografia Sociale Tulipani di Seta Nera) e realizzato in collaborazione con&nbsp;<strong>Dream On<\/strong>. \u00c8 presieduto da Diego Righini con la direzione artistica di Paola Tassone.<\/p>\n\n\n\n<p>Il premio gode del contributo del&nbsp;<strong>Ministero della Cultura&nbsp;<\/strong>e del patrocinio di&nbsp;<strong>Rai per la Sostenibilit\u00e0 ESG<\/strong>, con&nbsp;<strong>Rai Pubblica Utilit\u00e0&nbsp;<\/strong>come media partner.&nbsp;<strong>Frecciarossa<\/strong>&nbsp;conferma il suo ruolo di Treno Ufficiale.<\/p>\n","protected":false},"excerpt":{"rendered":"<p>Venerd\u00ec 5 settembre 2025, alle&nbsp;ore 16.00, lo&nbsp;Spazio Incontri&nbsp;del&nbsp;Venice Production Bridge, presso l\u2019Hotel Excelsior&nbsp;del&nbsp;Lido di Venezia, ospiter\u00e0 la&nbsp;XV edizione&nbsp;del&nbsp;Premio Sorriso Diverso Venezia Award, premio collaterale ufficiale della&nbsp;82\u00aa Mostra Internazionale d\u2019Arte Cinematografica. La cerimonia \u2013 che ogni anno richiama l\u2019attenzione su quelle opere capaci di raccontare la diversit\u00e0 e le fragilit\u00e0 sociali con lo sguardo universale del [&hellip;]<\/p>\n","protected":false},"author":1,"featured_media":57531,"comment_status":"open","ping_status":"open","sticky":false,"template":"","format":"standard","meta":{"jnews-multi-image_gallery":[],"jnews_single_post":{"format":"standard"},"jnews_primary_category":[],"jnews_social_meta":[],"jnews_override_counter":[],"jnews_post_split":[],"footnotes":""},"categories":[142,1],"tags":[7659],"class_list":["post-57529","post","type-post","status-publish","format-standard","has-post-thumbnail","hentry","category-cultura-eventi","category-senza-categoria","tag-sorriso-diverso-award"],"yoast_head":"<!-- This site is optimized with the Yoast SEO plugin v27.5 - https:\/\/yoast.com\/product\/yoast-seo-wordpress\/ -->\n<title>Sorriso Diverso Award, svelate le nomination. Eleonora Ivone \u00e8 la madrina - Live Magazine<\/title>\n<meta name=\"robots\" content=\"index, follow, max-snippet:-1, max-image-preview:large, max-video-preview:-1\" \/>\n<link rel=\"canonical\" href=\"https:\/\/www.livemag.it\/index.php\/2025\/08\/25\/sorriso-diverso-award-svelate-le-nomination-eleonora-ivone-e-la-madrina\/\" \/>\n<meta property=\"og:locale\" content=\"it_IT\" \/>\n<meta property=\"og:type\" content=\"article\" \/>\n<meta property=\"og:title\" content=\"Sorriso Diverso Award, svelate le nomination. Eleonora Ivone \u00e8 la madrina - Live Magazine\" \/>\n<meta property=\"og:description\" content=\"Venerd\u00ec 5 settembre 2025, alle&nbsp;ore 16.00, lo&nbsp;Spazio Incontri&nbsp;del&nbsp;Venice Production Bridge, presso l\u2019Hotel Excelsior&nbsp;del&nbsp;Lido di Venezia, ospiter\u00e0 la&nbsp;XV edizione&nbsp;del&nbsp;Premio Sorriso Diverso Venezia Award, premio collaterale ufficiale della&nbsp;82\u00aa Mostra Internazionale d\u2019Arte Cinematografica. La cerimonia \u2013 che ogni anno richiama l\u2019attenzione su quelle opere capaci di raccontare la diversit\u00e0 e le fragilit\u00e0 sociali con lo sguardo universale del [&hellip;]\" \/>\n<meta property=\"og:url\" content=\"https:\/\/www.livemag.it\/index.php\/2025\/08\/25\/sorriso-diverso-award-svelate-le-nomination-eleonora-ivone-e-la-madrina\/\" \/>\n<meta property=\"og:site_name\" content=\"Live Magazine\" \/>\n<meta property=\"article:publisher\" content=\"https:\/\/www.facebook.com\/LiveMag\/\" \/>\n<meta property=\"article:published_time\" content=\"2025-08-25T17:44:36+00:00\" \/>\n<meta property=\"article:modified_time\" content=\"2025-08-25T17:50:31+00:00\" \/>\n<meta property=\"og:image\" content=\"https:\/\/www.livemag.it\/wp-content\/uploads\/2025\/08\/IMG_3960-1.jpeg\" \/>\n\t<meta property=\"og:image:width\" content=\"1205\" \/>\n\t<meta property=\"og:image:height\" content=\"660\" \/>\n\t<meta property=\"og:image:type\" content=\"image\/jpeg\" \/>\n<meta name=\"author\" content=\"Redazione\" \/>\n<meta name=\"twitter:card\" content=\"summary_large_image\" \/>\n<meta name=\"twitter:creator\" content=\"@LiveNotizie\" \/>\n<meta name=\"twitter:site\" content=\"@LiveNotizie\" \/>\n<meta name=\"twitter:label1\" content=\"Scritto da\" \/>\n\t<meta name=\"twitter:data1\" content=\"Redazione\" \/>\n\t<meta name=\"twitter:label2\" content=\"Tempo di lettura stimato\" \/>\n\t<meta name=\"twitter:data2\" content=\"5 minuti\" \/>\n<script type=\"application\/ld+json\" class=\"yoast-schema-graph\">{\"@context\":\"https:\\\/\\\/schema.org\",\"@graph\":[{\"@type\":\"Article\",\"@id\":\"https:\\\/\\\/www.livemag.it\\\/index.php\\\/2025\\\/08\\\/25\\\/sorriso-diverso-award-svelate-le-nomination-eleonora-ivone-e-la-madrina\\\/#article\",\"isPartOf\":{\"@id\":\"https:\\\/\\\/www.livemag.it\\\/index.php\\\/2025\\\/08\\\/25\\\/sorriso-diverso-award-svelate-le-nomination-eleonora-ivone-e-la-madrina\\\/\"},\"author\":{\"name\":\"Redazione\",\"@id\":\"https:\\\/\\\/www.livemag.it\\\/#\\\/schema\\\/person\\\/7191e402a6eb1110174f9d71f53edea9\"},\"headline\":\"Sorriso Diverso Award, svelate le nomination. Eleonora Ivone \u00e8 la madrina\",\"datePublished\":\"2025-08-25T17:44:36+00:00\",\"dateModified\":\"2025-08-25T17:50:31+00:00\",\"mainEntityOfPage\":{\"@id\":\"https:\\\/\\\/www.livemag.it\\\/index.php\\\/2025\\\/08\\\/25\\\/sorriso-diverso-award-svelate-le-nomination-eleonora-ivone-e-la-madrina\\\/\"},\"wordCount\":810,\"commentCount\":0,\"publisher\":{\"@id\":\"https:\\\/\\\/www.livemag.it\\\/#organization\"},\"image\":{\"@id\":\"https:\\\/\\\/www.livemag.it\\\/index.php\\\/2025\\\/08\\\/25\\\/sorriso-diverso-award-svelate-le-nomination-eleonora-ivone-e-la-madrina\\\/#primaryimage\"},\"thumbnailUrl\":\"https:\\\/\\\/www.livemag.it\\\/wp-content\\\/uploads\\\/2025\\\/08\\\/IMG_3960-1.jpeg\",\"keywords\":[\"Sorriso diverso award\"],\"articleSection\":[\"Cultura Eventi\"],\"inLanguage\":\"it-IT\",\"potentialAction\":[{\"@type\":\"CommentAction\",\"name\":\"Comment\",\"target\":[\"https:\\\/\\\/www.livemag.it\\\/index.php\\\/2025\\\/08\\\/25\\\/sorriso-diverso-award-svelate-le-nomination-eleonora-ivone-e-la-madrina\\\/#respond\"]}]},{\"@type\":\"WebPage\",\"@id\":\"https:\\\/\\\/www.livemag.it\\\/index.php\\\/2025\\\/08\\\/25\\\/sorriso-diverso-award-svelate-le-nomination-eleonora-ivone-e-la-madrina\\\/\",\"url\":\"https:\\\/\\\/www.livemag.it\\\/index.php\\\/2025\\\/08\\\/25\\\/sorriso-diverso-award-svelate-le-nomination-eleonora-ivone-e-la-madrina\\\/\",\"name\":\"Sorriso Diverso Award, svelate le nomination. Eleonora Ivone \u00e8 la madrina - Live Magazine\",\"isPartOf\":{\"@id\":\"https:\\\/\\\/www.livemag.it\\\/#website\"},\"primaryImageOfPage\":{\"@id\":\"https:\\\/\\\/www.livemag.it\\\/index.php\\\/2025\\\/08\\\/25\\\/sorriso-diverso-award-svelate-le-nomination-eleonora-ivone-e-la-madrina\\\/#primaryimage\"},\"image\":{\"@id\":\"https:\\\/\\\/www.livemag.it\\\/index.php\\\/2025\\\/08\\\/25\\\/sorriso-diverso-award-svelate-le-nomination-eleonora-ivone-e-la-madrina\\\/#primaryimage\"},\"thumbnailUrl\":\"https:\\\/\\\/www.livemag.it\\\/wp-content\\\/uploads\\\/2025\\\/08\\\/IMG_3960-1.jpeg\",\"datePublished\":\"2025-08-25T17:44:36+00:00\",\"dateModified\":\"2025-08-25T17:50:31+00:00\",\"breadcrumb\":{\"@id\":\"https:\\\/\\\/www.livemag.it\\\/index.php\\\/2025\\\/08\\\/25\\\/sorriso-diverso-award-svelate-le-nomination-eleonora-ivone-e-la-madrina\\\/#breadcrumb\"},\"inLanguage\":\"it-IT\",\"potentialAction\":[{\"@type\":\"ReadAction\",\"target\":[\"https:\\\/\\\/www.livemag.it\\\/index.php\\\/2025\\\/08\\\/25\\\/sorriso-diverso-award-svelate-le-nomination-eleonora-ivone-e-la-madrina\\\/\"]}]},{\"@type\":\"ImageObject\",\"inLanguage\":\"it-IT\",\"@id\":\"https:\\\/\\\/www.livemag.it\\\/index.php\\\/2025\\\/08\\\/25\\\/sorriso-diverso-award-svelate-le-nomination-eleonora-ivone-e-la-madrina\\\/#primaryimage\",\"url\":\"https:\\\/\\\/www.livemag.it\\\/wp-content\\\/uploads\\\/2025\\\/08\\\/IMG_3960-1.jpeg\",\"contentUrl\":\"https:\\\/\\\/www.livemag.it\\\/wp-content\\\/uploads\\\/2025\\\/08\\\/IMG_3960-1.jpeg\",\"width\":1205,\"height\":660},{\"@type\":\"BreadcrumbList\",\"@id\":\"https:\\\/\\\/www.livemag.it\\\/index.php\\\/2025\\\/08\\\/25\\\/sorriso-diverso-award-svelate-le-nomination-eleonora-ivone-e-la-madrina\\\/#breadcrumb\",\"itemListElement\":[{\"@type\":\"ListItem\",\"position\":1,\"name\":\"Home\",\"item\":\"https:\\\/\\\/www.livemag.it\\\/\"},{\"@type\":\"ListItem\",\"position\":2,\"name\":\"Sorriso Diverso Award, svelate le nomination. Eleonora Ivone \u00e8 la madrina\"}]},{\"@type\":\"WebSite\",\"@id\":\"https:\\\/\\\/www.livemag.it\\\/#website\",\"url\":\"https:\\\/\\\/www.livemag.it\\\/\",\"name\":\"Live Magazine\",\"description\":\"Varie ed eventi\",\"publisher\":{\"@id\":\"https:\\\/\\\/www.livemag.it\\\/#organization\"},\"potentialAction\":[{\"@type\":\"SearchAction\",\"target\":{\"@type\":\"EntryPoint\",\"urlTemplate\":\"https:\\\/\\\/www.livemag.it\\\/?s={search_term_string}\"},\"query-input\":{\"@type\":\"PropertyValueSpecification\",\"valueRequired\":true,\"valueName\":\"search_term_string\"}}],\"inLanguage\":\"it-IT\"},{\"@type\":\"Organization\",\"@id\":\"https:\\\/\\\/www.livemag.it\\\/#organization\",\"name\":\"LiveMag\",\"alternateName\":\"LiveMag News ed eventi\",\"url\":\"https:\\\/\\\/www.livemag.it\\\/\",\"logo\":{\"@type\":\"ImageObject\",\"inLanguage\":\"it-IT\",\"@id\":\"https:\\\/\\\/www.livemag.it\\\/#\\\/schema\\\/logo\\\/image\\\/\",\"url\":\"https:\\\/\\\/www.livemag.it\\\/wp-content\\\/uploads\\\/2024\\\/02\\\/immagine-sito.jpg\",\"contentUrl\":\"https:\\\/\\\/www.livemag.it\\\/wp-content\\\/uploads\\\/2024\\\/02\\\/immagine-sito.jpg\",\"width\":696,\"height\":696,\"caption\":\"LiveMag\"},\"image\":{\"@id\":\"https:\\\/\\\/www.livemag.it\\\/#\\\/schema\\\/logo\\\/image\\\/\"},\"sameAs\":[\"https:\\\/\\\/www.facebook.com\\\/LiveMag\\\/\",\"https:\\\/\\\/x.com\\\/LiveNotizie\",\"https:\\\/\\\/www.instagram.com\\\/livemag\\\/\"]},{\"@type\":\"Person\",\"@id\":\"https:\\\/\\\/www.livemag.it\\\/#\\\/schema\\\/person\\\/7191e402a6eb1110174f9d71f53edea9\",\"name\":\"Redazione\",\"image\":{\"@type\":\"ImageObject\",\"inLanguage\":\"it-IT\",\"@id\":\"https:\\\/\\\/secure.gravatar.com\\\/avatar\\\/b20eb33510695f1259c3f61c8dfc966b174a5d33f605fb2d514d9b271222597e?s=96&r=g\",\"url\":\"https:\\\/\\\/secure.gravatar.com\\\/avatar\\\/b20eb33510695f1259c3f61c8dfc966b174a5d33f605fb2d514d9b271222597e?s=96&r=g\",\"contentUrl\":\"https:\\\/\\\/secure.gravatar.com\\\/avatar\\\/b20eb33510695f1259c3f61c8dfc966b174a5d33f605fb2d514d9b271222597e?s=96&r=g\",\"caption\":\"Redazione\"},\"url\":\"https:\\\/\\\/www.livemag.it\\\/index.php\\\/author\\\/admin6640\\\/\"}]}<\/script>\n<!-- \/ Yoast SEO plugin. -->","yoast_head_json":{"title":"Sorriso Diverso Award, svelate le nomination. Eleonora Ivone \u00e8 la madrina - Live Magazine","robots":{"index":"index","follow":"follow","max-snippet":"max-snippet:-1","max-image-preview":"max-image-preview:large","max-video-preview":"max-video-preview:-1"},"canonical":"https:\/\/www.livemag.it\/index.php\/2025\/08\/25\/sorriso-diverso-award-svelate-le-nomination-eleonora-ivone-e-la-madrina\/","og_locale":"it_IT","og_type":"article","og_title":"Sorriso Diverso Award, svelate le nomination. Eleonora Ivone \u00e8 la madrina - Live Magazine","og_description":"Venerd\u00ec 5 settembre 2025, alle&nbsp;ore 16.00, lo&nbsp;Spazio Incontri&nbsp;del&nbsp;Venice Production Bridge, presso l\u2019Hotel Excelsior&nbsp;del&nbsp;Lido di Venezia, ospiter\u00e0 la&nbsp;XV edizione&nbsp;del&nbsp;Premio Sorriso Diverso Venezia Award, premio collaterale ufficiale della&nbsp;82\u00aa Mostra Internazionale d\u2019Arte Cinematografica. La cerimonia \u2013 che ogni anno richiama l\u2019attenzione su quelle opere capaci di raccontare la diversit\u00e0 e le fragilit\u00e0 sociali con lo sguardo universale del [&hellip;]","og_url":"https:\/\/www.livemag.it\/index.php\/2025\/08\/25\/sorriso-diverso-award-svelate-le-nomination-eleonora-ivone-e-la-madrina\/","og_site_name":"Live Magazine","article_publisher":"https:\/\/www.facebook.com\/LiveMag\/","article_published_time":"2025-08-25T17:44:36+00:00","article_modified_time":"2025-08-25T17:50:31+00:00","og_image":[{"width":1205,"height":660,"url":"https:\/\/www.livemag.it\/wp-content\/uploads\/2025\/08\/IMG_3960-1.jpeg","type":"image\/jpeg"}],"author":"Redazione","twitter_card":"summary_large_image","twitter_creator":"@LiveNotizie","twitter_site":"@LiveNotizie","twitter_misc":{"Scritto da":"Redazione","Tempo di lettura stimato":"5 minuti"},"schema":{"@context":"https:\/\/schema.org","@graph":[{"@type":"Article","@id":"https:\/\/www.livemag.it\/index.php\/2025\/08\/25\/sorriso-diverso-award-svelate-le-nomination-eleonora-ivone-e-la-madrina\/#article","isPartOf":{"@id":"https:\/\/www.livemag.it\/index.php\/2025\/08\/25\/sorriso-diverso-award-svelate-le-nomination-eleonora-ivone-e-la-madrina\/"},"author":{"name":"Redazione","@id":"https:\/\/www.livemag.it\/#\/schema\/person\/7191e402a6eb1110174f9d71f53edea9"},"headline":"Sorriso Diverso Award, svelate le nomination. Eleonora Ivone \u00e8 la madrina","datePublished":"2025-08-25T17:44:36+00:00","dateModified":"2025-08-25T17:50:31+00:00","mainEntityOfPage":{"@id":"https:\/\/www.livemag.it\/index.php\/2025\/08\/25\/sorriso-diverso-award-svelate-le-nomination-eleonora-ivone-e-la-madrina\/"},"wordCount":810,"commentCount":0,"publisher":{"@id":"https:\/\/www.livemag.it\/#organization"},"image":{"@id":"https:\/\/www.livemag.it\/index.php\/2025\/08\/25\/sorriso-diverso-award-svelate-le-nomination-eleonora-ivone-e-la-madrina\/#primaryimage"},"thumbnailUrl":"https:\/\/www.livemag.it\/wp-content\/uploads\/2025\/08\/IMG_3960-1.jpeg","keywords":["Sorriso diverso award"],"articleSection":["Cultura Eventi"],"inLanguage":"it-IT","potentialAction":[{"@type":"CommentAction","name":"Comment","target":["https:\/\/www.livemag.it\/index.php\/2025\/08\/25\/sorriso-diverso-award-svelate-le-nomination-eleonora-ivone-e-la-madrina\/#respond"]}]},{"@type":"WebPage","@id":"https:\/\/www.livemag.it\/index.php\/2025\/08\/25\/sorriso-diverso-award-svelate-le-nomination-eleonora-ivone-e-la-madrina\/","url":"https:\/\/www.livemag.it\/index.php\/2025\/08\/25\/sorriso-diverso-award-svelate-le-nomination-eleonora-ivone-e-la-madrina\/","name":"Sorriso Diverso Award, svelate le nomination. Eleonora Ivone \u00e8 la madrina - Live Magazine","isPartOf":{"@id":"https:\/\/www.livemag.it\/#website"},"primaryImageOfPage":{"@id":"https:\/\/www.livemag.it\/index.php\/2025\/08\/25\/sorriso-diverso-award-svelate-le-nomination-eleonora-ivone-e-la-madrina\/#primaryimage"},"image":{"@id":"https:\/\/www.livemag.it\/index.php\/2025\/08\/25\/sorriso-diverso-award-svelate-le-nomination-eleonora-ivone-e-la-madrina\/#primaryimage"},"thumbnailUrl":"https:\/\/www.livemag.it\/wp-content\/uploads\/2025\/08\/IMG_3960-1.jpeg","datePublished":"2025-08-25T17:44:36+00:00","dateModified":"2025-08-25T17:50:31+00:00","breadcrumb":{"@id":"https:\/\/www.livemag.it\/index.php\/2025\/08\/25\/sorriso-diverso-award-svelate-le-nomination-eleonora-ivone-e-la-madrina\/#breadcrumb"},"inLanguage":"it-IT","potentialAction":[{"@type":"ReadAction","target":["https:\/\/www.livemag.it\/index.php\/2025\/08\/25\/sorriso-diverso-award-svelate-le-nomination-eleonora-ivone-e-la-madrina\/"]}]},{"@type":"ImageObject","inLanguage":"it-IT","@id":"https:\/\/www.livemag.it\/index.php\/2025\/08\/25\/sorriso-diverso-award-svelate-le-nomination-eleonora-ivone-e-la-madrina\/#primaryimage","url":"https:\/\/www.livemag.it\/wp-content\/uploads\/2025\/08\/IMG_3960-1.jpeg","contentUrl":"https:\/\/www.livemag.it\/wp-content\/uploads\/2025\/08\/IMG_3960-1.jpeg","width":1205,"height":660},{"@type":"BreadcrumbList","@id":"https:\/\/www.livemag.it\/index.php\/2025\/08\/25\/sorriso-diverso-award-svelate-le-nomination-eleonora-ivone-e-la-madrina\/#breadcrumb","itemListElement":[{"@type":"ListItem","position":1,"name":"Home","item":"https:\/\/www.livemag.it\/"},{"@type":"ListItem","position":2,"name":"Sorriso Diverso Award, svelate le nomination. Eleonora Ivone \u00e8 la madrina"}]},{"@type":"WebSite","@id":"https:\/\/www.livemag.it\/#website","url":"https:\/\/www.livemag.it\/","name":"Live Magazine","description":"Varie ed eventi","publisher":{"@id":"https:\/\/www.livemag.it\/#organization"},"potentialAction":[{"@type":"SearchAction","target":{"@type":"EntryPoint","urlTemplate":"https:\/\/www.livemag.it\/?s={search_term_string}"},"query-input":{"@type":"PropertyValueSpecification","valueRequired":true,"valueName":"search_term_string"}}],"inLanguage":"it-IT"},{"@type":"Organization","@id":"https:\/\/www.livemag.it\/#organization","name":"LiveMag","alternateName":"LiveMag News ed eventi","url":"https:\/\/www.livemag.it\/","logo":{"@type":"ImageObject","inLanguage":"it-IT","@id":"https:\/\/www.livemag.it\/#\/schema\/logo\/image\/","url":"https:\/\/www.livemag.it\/wp-content\/uploads\/2024\/02\/immagine-sito.jpg","contentUrl":"https:\/\/www.livemag.it\/wp-content\/uploads\/2024\/02\/immagine-sito.jpg","width":696,"height":696,"caption":"LiveMag"},"image":{"@id":"https:\/\/www.livemag.it\/#\/schema\/logo\/image\/"},"sameAs":["https:\/\/www.facebook.com\/LiveMag\/","https:\/\/x.com\/LiveNotizie","https:\/\/www.instagram.com\/livemag\/"]},{"@type":"Person","@id":"https:\/\/www.livemag.it\/#\/schema\/person\/7191e402a6eb1110174f9d71f53edea9","name":"Redazione","image":{"@type":"ImageObject","inLanguage":"it-IT","@id":"https:\/\/secure.gravatar.com\/avatar\/b20eb33510695f1259c3f61c8dfc966b174a5d33f605fb2d514d9b271222597e?s=96&r=g","url":"https:\/\/secure.gravatar.com\/avatar\/b20eb33510695f1259c3f61c8dfc966b174a5d33f605fb2d514d9b271222597e?s=96&r=g","contentUrl":"https:\/\/secure.gravatar.com\/avatar\/b20eb33510695f1259c3f61c8dfc966b174a5d33f605fb2d514d9b271222597e?s=96&r=g","caption":"Redazione"},"url":"https:\/\/www.livemag.it\/index.php\/author\/admin6640\/"}]}},"jetpack_featured_media_url":"https:\/\/www.livemag.it\/wp-content\/uploads\/2025\/08\/IMG_3960-1.jpeg","_links":{"self":[{"href":"https:\/\/www.livemag.it\/index.php\/wp-json\/wp\/v2\/posts\/57529","targetHints":{"allow":["GET"]}}],"collection":[{"href":"https:\/\/www.livemag.it\/index.php\/wp-json\/wp\/v2\/posts"}],"about":[{"href":"https:\/\/www.livemag.it\/index.php\/wp-json\/wp\/v2\/types\/post"}],"author":[{"embeddable":true,"href":"https:\/\/www.livemag.it\/index.php\/wp-json\/wp\/v2\/users\/1"}],"replies":[{"embeddable":true,"href":"https:\/\/www.livemag.it\/index.php\/wp-json\/wp\/v2\/comments?post=57529"}],"version-history":[{"count":1,"href":"https:\/\/www.livemag.it\/index.php\/wp-json\/wp\/v2\/posts\/57529\/revisions"}],"predecessor-version":[{"id":57532,"href":"https:\/\/www.livemag.it\/index.php\/wp-json\/wp\/v2\/posts\/57529\/revisions\/57532"}],"wp:featuredmedia":[{"embeddable":true,"href":"https:\/\/www.livemag.it\/index.php\/wp-json\/wp\/v2\/media\/57531"}],"wp:attachment":[{"href":"https:\/\/www.livemag.it\/index.php\/wp-json\/wp\/v2\/media?parent=57529"}],"wp:term":[{"taxonomy":"category","embeddable":true,"href":"https:\/\/www.livemag.it\/index.php\/wp-json\/wp\/v2\/categories?post=57529"},{"taxonomy":"post_tag","embeddable":true,"href":"https:\/\/www.livemag.it\/index.php\/wp-json\/wp\/v2\/tags?post=57529"}],"curies":[{"name":"wp","href":"https:\/\/api.w.org\/{rel}","templated":true}]}}