{"id":57375,"date":"2025-08-23T08:59:38","date_gmt":"2025-08-23T06:59:38","guid":{"rendered":"https:\/\/www.livemag.it\/?p=57375"},"modified":"2025-08-23T09:05:52","modified_gmt":"2025-08-23T07:05:52","slug":"beppe-convertini-con-azzurro-storie-di-mare-fa-tappe-nelle-marche","status":"publish","type":"post","link":"https:\/\/www.livemag.it\/index.php\/2025\/08\/23\/beppe-convertini-con-azzurro-storie-di-mare-fa-tappe-nelle-marche\/","title":{"rendered":"Beppe Convertini con \u201cAzzurro &#8211; Storie di mare\u201d fa tappe nelle Marche"},"content":{"rendered":"\n<p>Continua con grande successo il viaggio di Beppe Convertini alla guida di \u201cAzzurro &#8211; Storie di mare\u201d. Sabato 23 agosto, alle ore 17:55 su Rai1, il programma far\u00e0 tappa nelle Marche per un viaggio emozionante tra borghi marinari, cultura e spiritualit\u00e0. Beppe Convertini guider\u00e0 lo spettatore tra tre localit\u00e0 simboliche della regione, custodi di tradizioni autentiche. Il percorso inizia a Sirolo, incastonata tra il Monte Conero e l\u2019Adriatico, dove tra pescatori, mercatini e spiritualit\u00e0 si respira l\u2019anima pi\u00f9 profonda del borgo. Si prosegue a Numana, elegante borgo costiero, il mare diventa racconto di vita quotidiana, identit\u00e0 e<br>passione. Dalle Marche si passa quindi in Abruzzo, per una narrazione intensa che attraversa storia e tradizioni lungo la Costa dei Trabocchi. A bordo delle barche ortonesi, Convertini affianca i pescatori all\u2019alba, tra reti e gesti antichi. I trabocchi, sospesi tra mare e cielo, diventano icone<br>poetiche di una civilt\u00e0 marinara che resiste. Il viaggio prosegue a Pescara citt\u00e0 che ha dato i natali a Gabriele D&#8217;Annunzio e Ennio Flaiano. A chiudere, la festosa Sagra del Baccal\u00e0, dove il sapore si fa cultura condivisa: baccal\u00e0 fritto, in umido, con peperoni\u2026 piatti che raccontano un territorio e la sua anima popolare e a Sulmona la citt\u00e0 si veste di Medioevo per la Giostra Cavalleresca D\u2019Europa tra sfide a cavallo, costumi d&#8217;epoca e antiche emozioni. Un finale con \u201cVola, vola, vola lu Cardillo\u201d, una canzone tradizionale popolare abruzzese cantata del maestro Piero Mazzocchetti.<\/p>\n","protected":false},"excerpt":{"rendered":"<p>Continua con grande successo il viaggio di Beppe Convertini alla guida di \u201cAzzurro &#8211; Storie di mare\u201d. Sabato 23 agosto, alle ore 17:55 su Rai1, il programma far\u00e0 tappa nelle Marche per un viaggio emozionante tra borghi marinari, cultura e spiritualit\u00e0. Beppe Convertini guider\u00e0 lo spettatore tra tre localit\u00e0 simboliche della regione, custodi di tradizioni [&hellip;]<\/p>\n","protected":false},"author":1,"featured_media":57378,"comment_status":"open","ping_status":"open","sticky":false,"template":"","format":"standard","meta":{"jnews-multi-image_gallery":[],"jnews_single_post":{"format":"standard"},"jnews_primary_category":[],"jnews_social_meta":[],"jnews_override_counter":[],"jnews_post_split":[],"footnotes":""},"categories":[1],"tags":[],"class_list":["post-57375","post","type-post","status-publish","format-standard","has-post-thumbnail","hentry","category-senza-categoria"],"yoast_head":"<!-- This site is optimized with the Yoast SEO plugin v27.5 - https:\/\/yoast.com\/product\/yoast-seo-wordpress\/ -->\n<title>Beppe Convertini con \u201cAzzurro - Storie di mare\u201d fa tappe nelle Marche - Live Magazine<\/title>\n<meta name=\"robots\" content=\"index, follow, max-snippet:-1, max-image-preview:large, max-video-preview:-1\" \/>\n<link rel=\"canonical\" href=\"https:\/\/www.livemag.it\/index.php\/2025\/08\/23\/beppe-convertini-con-azzurro-storie-di-mare-fa-tappe-nelle-marche\/\" \/>\n<meta property=\"og:locale\" content=\"it_IT\" \/>\n<meta property=\"og:type\" content=\"article\" \/>\n<meta property=\"og:title\" content=\"Beppe Convertini con \u201cAzzurro - Storie di mare\u201d fa tappe nelle Marche - Live Magazine\" \/>\n<meta property=\"og:description\" content=\"Continua con grande successo il viaggio di Beppe Convertini alla guida di \u201cAzzurro &#8211; Storie di mare\u201d. Sabato 23 agosto, alle ore 17:55 su Rai1, il programma far\u00e0 tappa nelle Marche per un viaggio emozionante tra borghi marinari, cultura e spiritualit\u00e0. Beppe Convertini guider\u00e0 lo spettatore tra tre localit\u00e0 simboliche della regione, custodi di tradizioni [&hellip;]\" \/>\n<meta property=\"og:url\" content=\"https:\/\/www.livemag.it\/index.php\/2025\/08\/23\/beppe-convertini-con-azzurro-storie-di-mare-fa-tappe-nelle-marche\/\" \/>\n<meta property=\"og:site_name\" content=\"Live Magazine\" \/>\n<meta property=\"article:publisher\" content=\"https:\/\/www.facebook.com\/LiveMag\/\" \/>\n<meta property=\"article:published_time\" content=\"2025-08-23T06:59:38+00:00\" \/>\n<meta property=\"article:modified_time\" content=\"2025-08-23T07:05:52+00:00\" \/>\n<meta property=\"og:image\" content=\"https:\/\/www.livemag.it\/wp-content\/uploads\/2025\/08\/IMG_3650-1.jpeg\" \/>\n\t<meta property=\"og:image:width\" content=\"976\" \/>\n\t<meta property=\"og:image:height\" content=\"503\" \/>\n\t<meta property=\"og:image:type\" content=\"image\/jpeg\" \/>\n<meta name=\"author\" content=\"Redazione\" \/>\n<meta name=\"twitter:card\" content=\"summary_large_image\" \/>\n<meta name=\"twitter:creator\" content=\"@LiveNotizie\" \/>\n<meta name=\"twitter:site\" content=\"@LiveNotizie\" \/>\n<meta name=\"twitter:label1\" content=\"Scritto da\" \/>\n\t<meta name=\"twitter:data1\" content=\"Redazione\" \/>\n\t<meta name=\"twitter:label2\" content=\"Tempo di lettura stimato\" \/>\n\t<meta name=\"twitter:data2\" content=\"2 minuti\" \/>\n<script type=\"application\/ld+json\" class=\"yoast-schema-graph\">{\"@context\":\"https:\\\/\\\/schema.org\",\"@graph\":[{\"@type\":\"Article\",\"@id\":\"https:\\\/\\\/www.livemag.it\\\/index.php\\\/2025\\\/08\\\/23\\\/beppe-convertini-con-azzurro-storie-di-mare-fa-tappe-nelle-marche\\\/#article\",\"isPartOf\":{\"@id\":\"https:\\\/\\\/www.livemag.it\\\/index.php\\\/2025\\\/08\\\/23\\\/beppe-convertini-con-azzurro-storie-di-mare-fa-tappe-nelle-marche\\\/\"},\"author\":{\"name\":\"Redazione\",\"@id\":\"https:\\\/\\\/www.livemag.it\\\/#\\\/schema\\\/person\\\/7191e402a6eb1110174f9d71f53edea9\"},\"headline\":\"Beppe Convertini con \u201cAzzurro &#8211; Storie di mare\u201d fa tappe nelle Marche\",\"datePublished\":\"2025-08-23T06:59:38+00:00\",\"dateModified\":\"2025-08-23T07:05:52+00:00\",\"mainEntityOfPage\":{\"@id\":\"https:\\\/\\\/www.livemag.it\\\/index.php\\\/2025\\\/08\\\/23\\\/beppe-convertini-con-azzurro-storie-di-mare-fa-tappe-nelle-marche\\\/\"},\"wordCount\":252,\"commentCount\":0,\"publisher\":{\"@id\":\"https:\\\/\\\/www.livemag.it\\\/#organization\"},\"image\":{\"@id\":\"https:\\\/\\\/www.livemag.it\\\/index.php\\\/2025\\\/08\\\/23\\\/beppe-convertini-con-azzurro-storie-di-mare-fa-tappe-nelle-marche\\\/#primaryimage\"},\"thumbnailUrl\":\"https:\\\/\\\/www.livemag.it\\\/wp-content\\\/uploads\\\/2025\\\/08\\\/IMG_3650-1.jpeg\",\"inLanguage\":\"it-IT\",\"potentialAction\":[{\"@type\":\"CommentAction\",\"name\":\"Comment\",\"target\":[\"https:\\\/\\\/www.livemag.it\\\/index.php\\\/2025\\\/08\\\/23\\\/beppe-convertini-con-azzurro-storie-di-mare-fa-tappe-nelle-marche\\\/#respond\"]}]},{\"@type\":\"WebPage\",\"@id\":\"https:\\\/\\\/www.livemag.it\\\/index.php\\\/2025\\\/08\\\/23\\\/beppe-convertini-con-azzurro-storie-di-mare-fa-tappe-nelle-marche\\\/\",\"url\":\"https:\\\/\\\/www.livemag.it\\\/index.php\\\/2025\\\/08\\\/23\\\/beppe-convertini-con-azzurro-storie-di-mare-fa-tappe-nelle-marche\\\/\",\"name\":\"Beppe Convertini con \u201cAzzurro - Storie di mare\u201d fa tappe nelle Marche - Live Magazine\",\"isPartOf\":{\"@id\":\"https:\\\/\\\/www.livemag.it\\\/#website\"},\"primaryImageOfPage\":{\"@id\":\"https:\\\/\\\/www.livemag.it\\\/index.php\\\/2025\\\/08\\\/23\\\/beppe-convertini-con-azzurro-storie-di-mare-fa-tappe-nelle-marche\\\/#primaryimage\"},\"image\":{\"@id\":\"https:\\\/\\\/www.livemag.it\\\/index.php\\\/2025\\\/08\\\/23\\\/beppe-convertini-con-azzurro-storie-di-mare-fa-tappe-nelle-marche\\\/#primaryimage\"},\"thumbnailUrl\":\"https:\\\/\\\/www.livemag.it\\\/wp-content\\\/uploads\\\/2025\\\/08\\\/IMG_3650-1.jpeg\",\"datePublished\":\"2025-08-23T06:59:38+00:00\",\"dateModified\":\"2025-08-23T07:05:52+00:00\",\"breadcrumb\":{\"@id\":\"https:\\\/\\\/www.livemag.it\\\/index.php\\\/2025\\\/08\\\/23\\\/beppe-convertini-con-azzurro-storie-di-mare-fa-tappe-nelle-marche\\\/#breadcrumb\"},\"inLanguage\":\"it-IT\",\"potentialAction\":[{\"@type\":\"ReadAction\",\"target\":[\"https:\\\/\\\/www.livemag.it\\\/index.php\\\/2025\\\/08\\\/23\\\/beppe-convertini-con-azzurro-storie-di-mare-fa-tappe-nelle-marche\\\/\"]}]},{\"@type\":\"ImageObject\",\"inLanguage\":\"it-IT\",\"@id\":\"https:\\\/\\\/www.livemag.it\\\/index.php\\\/2025\\\/08\\\/23\\\/beppe-convertini-con-azzurro-storie-di-mare-fa-tappe-nelle-marche\\\/#primaryimage\",\"url\":\"https:\\\/\\\/www.livemag.it\\\/wp-content\\\/uploads\\\/2025\\\/08\\\/IMG_3650-1.jpeg\",\"contentUrl\":\"https:\\\/\\\/www.livemag.it\\\/wp-content\\\/uploads\\\/2025\\\/08\\\/IMG_3650-1.jpeg\",\"width\":976,\"height\":503},{\"@type\":\"BreadcrumbList\",\"@id\":\"https:\\\/\\\/www.livemag.it\\\/index.php\\\/2025\\\/08\\\/23\\\/beppe-convertini-con-azzurro-storie-di-mare-fa-tappe-nelle-marche\\\/#breadcrumb\",\"itemListElement\":[{\"@type\":\"ListItem\",\"position\":1,\"name\":\"Home\",\"item\":\"https:\\\/\\\/www.livemag.it\\\/\"},{\"@type\":\"ListItem\",\"position\":2,\"name\":\"Beppe Convertini con \u201cAzzurro &#8211; Storie di mare\u201d fa tappe nelle Marche\"}]},{\"@type\":\"WebSite\",\"@id\":\"https:\\\/\\\/www.livemag.it\\\/#website\",\"url\":\"https:\\\/\\\/www.livemag.it\\\/\",\"name\":\"Live Magazine\",\"description\":\"Varie ed eventi\",\"publisher\":{\"@id\":\"https:\\\/\\\/www.livemag.it\\\/#organization\"},\"potentialAction\":[{\"@type\":\"SearchAction\",\"target\":{\"@type\":\"EntryPoint\",\"urlTemplate\":\"https:\\\/\\\/www.livemag.it\\\/?s={search_term_string}\"},\"query-input\":{\"@type\":\"PropertyValueSpecification\",\"valueRequired\":true,\"valueName\":\"search_term_string\"}}],\"inLanguage\":\"it-IT\"},{\"@type\":\"Organization\",\"@id\":\"https:\\\/\\\/www.livemag.it\\\/#organization\",\"name\":\"LiveMag\",\"alternateName\":\"LiveMag News ed eventi\",\"url\":\"https:\\\/\\\/www.livemag.it\\\/\",\"logo\":{\"@type\":\"ImageObject\",\"inLanguage\":\"it-IT\",\"@id\":\"https:\\\/\\\/www.livemag.it\\\/#\\\/schema\\\/logo\\\/image\\\/\",\"url\":\"https:\\\/\\\/www.livemag.it\\\/wp-content\\\/uploads\\\/2024\\\/02\\\/immagine-sito.jpg\",\"contentUrl\":\"https:\\\/\\\/www.livemag.it\\\/wp-content\\\/uploads\\\/2024\\\/02\\\/immagine-sito.jpg\",\"width\":696,\"height\":696,\"caption\":\"LiveMag\"},\"image\":{\"@id\":\"https:\\\/\\\/www.livemag.it\\\/#\\\/schema\\\/logo\\\/image\\\/\"},\"sameAs\":[\"https:\\\/\\\/www.facebook.com\\\/LiveMag\\\/\",\"https:\\\/\\\/x.com\\\/LiveNotizie\",\"https:\\\/\\\/www.instagram.com\\\/livemag\\\/\"]},{\"@type\":\"Person\",\"@id\":\"https:\\\/\\\/www.livemag.it\\\/#\\\/schema\\\/person\\\/7191e402a6eb1110174f9d71f53edea9\",\"name\":\"Redazione\",\"image\":{\"@type\":\"ImageObject\",\"inLanguage\":\"it-IT\",\"@id\":\"https:\\\/\\\/secure.gravatar.com\\\/avatar\\\/b20eb33510695f1259c3f61c8dfc966b174a5d33f605fb2d514d9b271222597e?s=96&r=g\",\"url\":\"https:\\\/\\\/secure.gravatar.com\\\/avatar\\\/b20eb33510695f1259c3f61c8dfc966b174a5d33f605fb2d514d9b271222597e?s=96&r=g\",\"contentUrl\":\"https:\\\/\\\/secure.gravatar.com\\\/avatar\\\/b20eb33510695f1259c3f61c8dfc966b174a5d33f605fb2d514d9b271222597e?s=96&r=g\",\"caption\":\"Redazione\"},\"url\":\"https:\\\/\\\/www.livemag.it\\\/index.php\\\/author\\\/admin6640\\\/\"}]}<\/script>\n<!-- \/ Yoast SEO plugin. -->","yoast_head_json":{"title":"Beppe Convertini con \u201cAzzurro - Storie di mare\u201d fa tappe nelle Marche - Live Magazine","robots":{"index":"index","follow":"follow","max-snippet":"max-snippet:-1","max-image-preview":"max-image-preview:large","max-video-preview":"max-video-preview:-1"},"canonical":"https:\/\/www.livemag.it\/index.php\/2025\/08\/23\/beppe-convertini-con-azzurro-storie-di-mare-fa-tappe-nelle-marche\/","og_locale":"it_IT","og_type":"article","og_title":"Beppe Convertini con \u201cAzzurro - Storie di mare\u201d fa tappe nelle Marche - Live Magazine","og_description":"Continua con grande successo il viaggio di Beppe Convertini alla guida di \u201cAzzurro &#8211; Storie di mare\u201d. Sabato 23 agosto, alle ore 17:55 su Rai1, il programma far\u00e0 tappa nelle Marche per un viaggio emozionante tra borghi marinari, cultura e spiritualit\u00e0. Beppe Convertini guider\u00e0 lo spettatore tra tre localit\u00e0 simboliche della regione, custodi di tradizioni [&hellip;]","og_url":"https:\/\/www.livemag.it\/index.php\/2025\/08\/23\/beppe-convertini-con-azzurro-storie-di-mare-fa-tappe-nelle-marche\/","og_site_name":"Live Magazine","article_publisher":"https:\/\/www.facebook.com\/LiveMag\/","article_published_time":"2025-08-23T06:59:38+00:00","article_modified_time":"2025-08-23T07:05:52+00:00","og_image":[{"width":976,"height":503,"url":"https:\/\/www.livemag.it\/wp-content\/uploads\/2025\/08\/IMG_3650-1.jpeg","type":"image\/jpeg"}],"author":"Redazione","twitter_card":"summary_large_image","twitter_creator":"@LiveNotizie","twitter_site":"@LiveNotizie","twitter_misc":{"Scritto da":"Redazione","Tempo di lettura stimato":"2 minuti"},"schema":{"@context":"https:\/\/schema.org","@graph":[{"@type":"Article","@id":"https:\/\/www.livemag.it\/index.php\/2025\/08\/23\/beppe-convertini-con-azzurro-storie-di-mare-fa-tappe-nelle-marche\/#article","isPartOf":{"@id":"https:\/\/www.livemag.it\/index.php\/2025\/08\/23\/beppe-convertini-con-azzurro-storie-di-mare-fa-tappe-nelle-marche\/"},"author":{"name":"Redazione","@id":"https:\/\/www.livemag.it\/#\/schema\/person\/7191e402a6eb1110174f9d71f53edea9"},"headline":"Beppe Convertini con \u201cAzzurro &#8211; Storie di mare\u201d fa tappe nelle Marche","datePublished":"2025-08-23T06:59:38+00:00","dateModified":"2025-08-23T07:05:52+00:00","mainEntityOfPage":{"@id":"https:\/\/www.livemag.it\/index.php\/2025\/08\/23\/beppe-convertini-con-azzurro-storie-di-mare-fa-tappe-nelle-marche\/"},"wordCount":252,"commentCount":0,"publisher":{"@id":"https:\/\/www.livemag.it\/#organization"},"image":{"@id":"https:\/\/www.livemag.it\/index.php\/2025\/08\/23\/beppe-convertini-con-azzurro-storie-di-mare-fa-tappe-nelle-marche\/#primaryimage"},"thumbnailUrl":"https:\/\/www.livemag.it\/wp-content\/uploads\/2025\/08\/IMG_3650-1.jpeg","inLanguage":"it-IT","potentialAction":[{"@type":"CommentAction","name":"Comment","target":["https:\/\/www.livemag.it\/index.php\/2025\/08\/23\/beppe-convertini-con-azzurro-storie-di-mare-fa-tappe-nelle-marche\/#respond"]}]},{"@type":"WebPage","@id":"https:\/\/www.livemag.it\/index.php\/2025\/08\/23\/beppe-convertini-con-azzurro-storie-di-mare-fa-tappe-nelle-marche\/","url":"https:\/\/www.livemag.it\/index.php\/2025\/08\/23\/beppe-convertini-con-azzurro-storie-di-mare-fa-tappe-nelle-marche\/","name":"Beppe Convertini con \u201cAzzurro - Storie di mare\u201d fa tappe nelle Marche - Live Magazine","isPartOf":{"@id":"https:\/\/www.livemag.it\/#website"},"primaryImageOfPage":{"@id":"https:\/\/www.livemag.it\/index.php\/2025\/08\/23\/beppe-convertini-con-azzurro-storie-di-mare-fa-tappe-nelle-marche\/#primaryimage"},"image":{"@id":"https:\/\/www.livemag.it\/index.php\/2025\/08\/23\/beppe-convertini-con-azzurro-storie-di-mare-fa-tappe-nelle-marche\/#primaryimage"},"thumbnailUrl":"https:\/\/www.livemag.it\/wp-content\/uploads\/2025\/08\/IMG_3650-1.jpeg","datePublished":"2025-08-23T06:59:38+00:00","dateModified":"2025-08-23T07:05:52+00:00","breadcrumb":{"@id":"https:\/\/www.livemag.it\/index.php\/2025\/08\/23\/beppe-convertini-con-azzurro-storie-di-mare-fa-tappe-nelle-marche\/#breadcrumb"},"inLanguage":"it-IT","potentialAction":[{"@type":"ReadAction","target":["https:\/\/www.livemag.it\/index.php\/2025\/08\/23\/beppe-convertini-con-azzurro-storie-di-mare-fa-tappe-nelle-marche\/"]}]},{"@type":"ImageObject","inLanguage":"it-IT","@id":"https:\/\/www.livemag.it\/index.php\/2025\/08\/23\/beppe-convertini-con-azzurro-storie-di-mare-fa-tappe-nelle-marche\/#primaryimage","url":"https:\/\/www.livemag.it\/wp-content\/uploads\/2025\/08\/IMG_3650-1.jpeg","contentUrl":"https:\/\/www.livemag.it\/wp-content\/uploads\/2025\/08\/IMG_3650-1.jpeg","width":976,"height":503},{"@type":"BreadcrumbList","@id":"https:\/\/www.livemag.it\/index.php\/2025\/08\/23\/beppe-convertini-con-azzurro-storie-di-mare-fa-tappe-nelle-marche\/#breadcrumb","itemListElement":[{"@type":"ListItem","position":1,"name":"Home","item":"https:\/\/www.livemag.it\/"},{"@type":"ListItem","position":2,"name":"Beppe Convertini con \u201cAzzurro &#8211; Storie di mare\u201d fa tappe nelle Marche"}]},{"@type":"WebSite","@id":"https:\/\/www.livemag.it\/#website","url":"https:\/\/www.livemag.it\/","name":"Live Magazine","description":"Varie ed eventi","publisher":{"@id":"https:\/\/www.livemag.it\/#organization"},"potentialAction":[{"@type":"SearchAction","target":{"@type":"EntryPoint","urlTemplate":"https:\/\/www.livemag.it\/?s={search_term_string}"},"query-input":{"@type":"PropertyValueSpecification","valueRequired":true,"valueName":"search_term_string"}}],"inLanguage":"it-IT"},{"@type":"Organization","@id":"https:\/\/www.livemag.it\/#organization","name":"LiveMag","alternateName":"LiveMag News ed eventi","url":"https:\/\/www.livemag.it\/","logo":{"@type":"ImageObject","inLanguage":"it-IT","@id":"https:\/\/www.livemag.it\/#\/schema\/logo\/image\/","url":"https:\/\/www.livemag.it\/wp-content\/uploads\/2024\/02\/immagine-sito.jpg","contentUrl":"https:\/\/www.livemag.it\/wp-content\/uploads\/2024\/02\/immagine-sito.jpg","width":696,"height":696,"caption":"LiveMag"},"image":{"@id":"https:\/\/www.livemag.it\/#\/schema\/logo\/image\/"},"sameAs":["https:\/\/www.facebook.com\/LiveMag\/","https:\/\/x.com\/LiveNotizie","https:\/\/www.instagram.com\/livemag\/"]},{"@type":"Person","@id":"https:\/\/www.livemag.it\/#\/schema\/person\/7191e402a6eb1110174f9d71f53edea9","name":"Redazione","image":{"@type":"ImageObject","inLanguage":"it-IT","@id":"https:\/\/secure.gravatar.com\/avatar\/b20eb33510695f1259c3f61c8dfc966b174a5d33f605fb2d514d9b271222597e?s=96&r=g","url":"https:\/\/secure.gravatar.com\/avatar\/b20eb33510695f1259c3f61c8dfc966b174a5d33f605fb2d514d9b271222597e?s=96&r=g","contentUrl":"https:\/\/secure.gravatar.com\/avatar\/b20eb33510695f1259c3f61c8dfc966b174a5d33f605fb2d514d9b271222597e?s=96&r=g","caption":"Redazione"},"url":"https:\/\/www.livemag.it\/index.php\/author\/admin6640\/"}]}},"jetpack_featured_media_url":"https:\/\/www.livemag.it\/wp-content\/uploads\/2025\/08\/IMG_3650-1.jpeg","_links":{"self":[{"href":"https:\/\/www.livemag.it\/index.php\/wp-json\/wp\/v2\/posts\/57375","targetHints":{"allow":["GET"]}}],"collection":[{"href":"https:\/\/www.livemag.it\/index.php\/wp-json\/wp\/v2\/posts"}],"about":[{"href":"https:\/\/www.livemag.it\/index.php\/wp-json\/wp\/v2\/types\/post"}],"author":[{"embeddable":true,"href":"https:\/\/www.livemag.it\/index.php\/wp-json\/wp\/v2\/users\/1"}],"replies":[{"embeddable":true,"href":"https:\/\/www.livemag.it\/index.php\/wp-json\/wp\/v2\/comments?post=57375"}],"version-history":[{"count":1,"href":"https:\/\/www.livemag.it\/index.php\/wp-json\/wp\/v2\/posts\/57375\/revisions"}],"predecessor-version":[{"id":57377,"href":"https:\/\/www.livemag.it\/index.php\/wp-json\/wp\/v2\/posts\/57375\/revisions\/57377"}],"wp:featuredmedia":[{"embeddable":true,"href":"https:\/\/www.livemag.it\/index.php\/wp-json\/wp\/v2\/media\/57378"}],"wp:attachment":[{"href":"https:\/\/www.livemag.it\/index.php\/wp-json\/wp\/v2\/media?parent=57375"}],"wp:term":[{"taxonomy":"category","embeddable":true,"href":"https:\/\/www.livemag.it\/index.php\/wp-json\/wp\/v2\/categories?post=57375"},{"taxonomy":"post_tag","embeddable":true,"href":"https:\/\/www.livemag.it\/index.php\/wp-json\/wp\/v2\/tags?post=57375"}],"curies":[{"name":"wp","href":"https:\/\/api.w.org\/{rel}","templated":true}]}}