{"id":57367,"date":"2025-08-23T00:03:22","date_gmt":"2025-08-22T22:03:22","guid":{"rendered":"https:\/\/www.livemag.it\/index.php\/2025\/08\/23\/draghi-dallucraina-a-gaza-ue-marginale-e-spettatrice\/"},"modified":"2025-08-23T00:03:22","modified_gmt":"2025-08-22T22:03:22","slug":"draghi-dallucraina-a-gaza-ue-marginale-e-spettatrice","status":"publish","type":"post","link":"https:\/\/www.livemag.it\/index.php\/2025\/08\/23\/draghi-dallucraina-a-gaza-ue-marginale-e-spettatrice\/","title":{"rendered":"Draghi \u201cDall\u2019Ucraina a Gaza, Ue marginale e spettatrice\u201d"},"content":{"rendered":"<div>\n<p>RIMINI (ITALPRESS) \u2013 \u201cPer anni l\u2019Ue ha creduto che la dimensione economica con 450 milioni di consumatori portasse con s\u00e8 potere geopolitico e nelle relazioni commerciali. Quest\u2019anno sar\u00e0 ricordato come l\u2019anno in cui questa illusione \u00e8 evaporata. Abbiamo dovuto rassegnarci ai dazi Usa, siamo stati spinti dallo stesso alleato ad aumentare la spesa militare, decisione che forse avremmo dovuto prendere ma non in queste forme e modi\u201d. Cos\u00ec Mario Draghi, intervenendo al 46\u00b0 Meeting di Rimini. \u201cL\u2019Ue \u2013 ha aggiunto \u2013 ha avuto un ruolo marginale per i negoziati per la pace in Ucraina. L\u2019Ue \u00e8 stata spettatrice anche quando siti nucleari iraniani venivano bombardati e il massacro di Gaza si intensificava\u201d.<br \/>\nSecondo l\u2019ex premier \u201cl\u2019Europa deve trasformarsi da spettatore, o da comprimario, in attore protagonista, deve mutare anche la sua organizzazione politica che \u00e8 inseparabile dalla sua capacit\u00e0 di raggiungere i suoi obiettivi economici e strategici e le riforme in campo economico restano necessarie\u201d.<br \/>\n\u201cL\u2019Europa \u00e8 la migliore opportunit\u00e0 per un futuro di pace e sicurezza. E una democrazia, siete voi, siamo noi, sono gli europei che decidono le sue priorit\u00e0\u201d, le parole di Draghi, ricordando che \u201cin passato ho parlato di \u201cdebito buono e debito cattivo. Oggi per\u00f2 in alcuni settori il debito buono non \u00e8 possibile a livello nazionale perch\u00e8 investimenti fatti in isolamento non possono aumentare la produttivit\u00e0. Solo forme di<br \/>\ndebito comune possono sostenere progetti europei di grande ampiezza che sforzi frammentati e insufficienti non riuscirebbero ad ampliare. Questo vale per la difesa, per l\u2019energia, per le tecnologie dirompenti\u201d.<br \/>\nC\u2019\u00e8 stata una \u201csveglia molto brutale che ci ha dato Trump, le relazioni con gli Usa hanno cambiato tutto. La prima cosa da fare \u00e8: stringiamoci tutti insieme. Ma c\u2019\u00e8 una situazione politica, sociale e psicologica che fa sperare bene circa una diversa forma di organizzazione politica, bisogna imparare ad andare d\u2019accordo. Rigidit\u00e0 e passivit\u00e0 creano inazione, \u00e8 un p\u00f2 quello che abbiamo visto negli ultimi 10-15 anni, l\u2019inazione \u00e8 il peggior nemico dell\u2019Europa\u201d.<br \/>\n\u201cNon \u00e8 sorprendente che lo scetticismo nei confronti dell\u2019Europa abbia raggiunto nuovi picchi \u2013 sottolinea l\u2019ex premier -. E\u2019 importante chiedersi quale sia veramente l\u2019oggetto di questo scetticismo, a mio avviso non \u00e8 nei confronti dei valori su cui era stata fondata, credo riguardi la capacit\u00e0 dell\u2019Ue di difendere questi valori. In parte questo \u00e8 comprensibile, i modelli di organizzazione emergono anche per risolvere problemi del loro tempo e, quando questi cambiano, questa deve cambiare\u201d.<\/p>\n<p>\u2013 foto Ipa Agency \u2013<\/p>\n<p>(ITALPRESS).<\/p>\n<\/div>\n","protected":false},"excerpt":{"rendered":"<p>RIMINI (ITALPRESS) \u2013 \u201cPer anni l\u2019Ue ha creduto che la dimensione economica con 450 milioni di consumatori portasse con s\u00e8 potere geopolitico e nelle relazioni commerciali. Quest\u2019anno sar\u00e0 ricordato come l\u2019anno in cui questa illusione \u00e8 evaporata. Abbiamo dovuto rassegnarci ai dazi Usa, siamo stati spinti dallo stesso alleato ad aumentare la spesa militare, decisione [&hellip;]<\/p>\n","protected":false},"author":16,"featured_media":57368,"comment_status":"closed","ping_status":"closed","sticky":false,"template":"","format":"standard","meta":{"jnews-multi-image_gallery":[],"jnews_single_post":[],"jnews_primary_category":[],"jnews_social_meta":[],"jnews_override_counter":[],"jnews_post_split":[],"footnotes":""},"categories":[1129],"tags":[],"class_list":["post-57367","post","type-post","status-publish","format-standard","has-post-thumbnail","hentry","category-mondo"],"yoast_head":"<!-- This site is optimized with the Yoast SEO plugin v27.5 - https:\/\/yoast.com\/product\/yoast-seo-wordpress\/ -->\n<title>Draghi \u201cDall\u2019Ucraina a Gaza, Ue marginale e spettatrice\u201d - Live Magazine<\/title>\n<meta name=\"robots\" content=\"index, follow, max-snippet:-1, max-image-preview:large, max-video-preview:-1\" \/>\n<link rel=\"canonical\" href=\"https:\/\/www.livemag.it\/index.php\/2025\/08\/23\/draghi-dallucraina-a-gaza-ue-marginale-e-spettatrice\/\" \/>\n<meta property=\"og:locale\" content=\"it_IT\" \/>\n<meta property=\"og:type\" content=\"article\" \/>\n<meta property=\"og:title\" content=\"Draghi \u201cDall\u2019Ucraina a Gaza, Ue marginale e spettatrice\u201d - Live Magazine\" \/>\n<meta property=\"og:description\" content=\"RIMINI (ITALPRESS) \u2013 \u201cPer anni l\u2019Ue ha creduto che la dimensione economica con 450 milioni di consumatori portasse con s\u00e8 potere geopolitico e nelle relazioni commerciali. Quest\u2019anno sar\u00e0 ricordato come l\u2019anno in cui questa illusione \u00e8 evaporata. Abbiamo dovuto rassegnarci ai dazi Usa, siamo stati spinti dallo stesso alleato ad aumentare la spesa militare, decisione [&hellip;]\" \/>\n<meta property=\"og:url\" content=\"https:\/\/www.livemag.it\/index.php\/2025\/08\/23\/draghi-dallucraina-a-gaza-ue-marginale-e-spettatrice\/\" \/>\n<meta property=\"og:site_name\" content=\"Live Magazine\" \/>\n<meta property=\"article:publisher\" content=\"https:\/\/www.facebook.com\/LiveMag\/\" \/>\n<meta property=\"article:published_time\" content=\"2025-08-22T22:03:22+00:00\" \/>\n<meta property=\"og:image\" content=\"https:\/\/www.livemag.it\/wp-content\/uploads\/2024\/02\/ograph.jpg\" \/>\n\t<meta property=\"og:image:width\" content=\"1200\" \/>\n\t<meta property=\"og:image:height\" content=\"675\" \/>\n\t<meta property=\"og:image:type\" content=\"image\/jpeg\" \/>\n<meta name=\"author\" content=\"italpress\" \/>\n<meta name=\"twitter:card\" content=\"summary_large_image\" \/>\n<meta name=\"twitter:creator\" content=\"@LiveNotizie\" \/>\n<meta name=\"twitter:site\" content=\"@LiveNotizie\" \/>\n<meta name=\"twitter:label1\" content=\"Scritto da\" \/>\n\t<meta name=\"twitter:data1\" content=\"italpress\" \/>\n\t<meta name=\"twitter:label2\" content=\"Tempo di lettura stimato\" \/>\n\t<meta name=\"twitter:data2\" content=\"2 minuti\" \/>\n<script type=\"application\/ld+json\" class=\"yoast-schema-graph\">{\"@context\":\"https:\\\/\\\/schema.org\",\"@graph\":[{\"@type\":\"Article\",\"@id\":\"https:\\\/\\\/www.livemag.it\\\/index.php\\\/2025\\\/08\\\/23\\\/draghi-dallucraina-a-gaza-ue-marginale-e-spettatrice\\\/#article\",\"isPartOf\":{\"@id\":\"https:\\\/\\\/www.livemag.it\\\/index.php\\\/2025\\\/08\\\/23\\\/draghi-dallucraina-a-gaza-ue-marginale-e-spettatrice\\\/\"},\"author\":{\"name\":\"italpress\",\"@id\":\"https:\\\/\\\/www.livemag.it\\\/#\\\/schema\\\/person\\\/b62c5f44451fdcdaeb0afe6c2424e73c\"},\"headline\":\"Draghi \u201cDall\u2019Ucraina a Gaza, Ue marginale e spettatrice\u201d\",\"datePublished\":\"2025-08-22T22:03:22+00:00\",\"mainEntityOfPage\":{\"@id\":\"https:\\\/\\\/www.livemag.it\\\/index.php\\\/2025\\\/08\\\/23\\\/draghi-dallucraina-a-gaza-ue-marginale-e-spettatrice\\\/\"},\"wordCount\":415,\"publisher\":{\"@id\":\"https:\\\/\\\/www.livemag.it\\\/#organization\"},\"image\":{\"@id\":\"https:\\\/\\\/www.livemag.it\\\/index.php\\\/2025\\\/08\\\/23\\\/draghi-dallucraina-a-gaza-ue-marginale-e-spettatrice\\\/#primaryimage\"},\"thumbnailUrl\":\"https:\\\/\\\/www.livemag.it\\\/wp-content\\\/uploads\\\/2025\\\/08\\\/20250822_1731.jpg\",\"articleSection\":[\"Mondo\"],\"inLanguage\":\"it-IT\"},{\"@type\":\"WebPage\",\"@id\":\"https:\\\/\\\/www.livemag.it\\\/index.php\\\/2025\\\/08\\\/23\\\/draghi-dallucraina-a-gaza-ue-marginale-e-spettatrice\\\/\",\"url\":\"https:\\\/\\\/www.livemag.it\\\/index.php\\\/2025\\\/08\\\/23\\\/draghi-dallucraina-a-gaza-ue-marginale-e-spettatrice\\\/\",\"name\":\"Draghi \u201cDall\u2019Ucraina a Gaza, Ue marginale e spettatrice\u201d - Live Magazine\",\"isPartOf\":{\"@id\":\"https:\\\/\\\/www.livemag.it\\\/#website\"},\"primaryImageOfPage\":{\"@id\":\"https:\\\/\\\/www.livemag.it\\\/index.php\\\/2025\\\/08\\\/23\\\/draghi-dallucraina-a-gaza-ue-marginale-e-spettatrice\\\/#primaryimage\"},\"image\":{\"@id\":\"https:\\\/\\\/www.livemag.it\\\/index.php\\\/2025\\\/08\\\/23\\\/draghi-dallucraina-a-gaza-ue-marginale-e-spettatrice\\\/#primaryimage\"},\"thumbnailUrl\":\"https:\\\/\\\/www.livemag.it\\\/wp-content\\\/uploads\\\/2025\\\/08\\\/20250822_1731.jpg\",\"datePublished\":\"2025-08-22T22:03:22+00:00\",\"breadcrumb\":{\"@id\":\"https:\\\/\\\/www.livemag.it\\\/index.php\\\/2025\\\/08\\\/23\\\/draghi-dallucraina-a-gaza-ue-marginale-e-spettatrice\\\/#breadcrumb\"},\"inLanguage\":\"it-IT\",\"potentialAction\":[{\"@type\":\"ReadAction\",\"target\":[\"https:\\\/\\\/www.livemag.it\\\/index.php\\\/2025\\\/08\\\/23\\\/draghi-dallucraina-a-gaza-ue-marginale-e-spettatrice\\\/\"]}]},{\"@type\":\"ImageObject\",\"inLanguage\":\"it-IT\",\"@id\":\"https:\\\/\\\/www.livemag.it\\\/index.php\\\/2025\\\/08\\\/23\\\/draghi-dallucraina-a-gaza-ue-marginale-e-spettatrice\\\/#primaryimage\",\"url\":\"https:\\\/\\\/www.livemag.it\\\/wp-content\\\/uploads\\\/2025\\\/08\\\/20250822_1731.jpg\",\"contentUrl\":\"https:\\\/\\\/www.livemag.it\\\/wp-content\\\/uploads\\\/2025\\\/08\\\/20250822_1731.jpg\",\"width\":1024,\"height\":683},{\"@type\":\"BreadcrumbList\",\"@id\":\"https:\\\/\\\/www.livemag.it\\\/index.php\\\/2025\\\/08\\\/23\\\/draghi-dallucraina-a-gaza-ue-marginale-e-spettatrice\\\/#breadcrumb\",\"itemListElement\":[{\"@type\":\"ListItem\",\"position\":1,\"name\":\"Home\",\"item\":\"https:\\\/\\\/www.livemag.it\\\/\"},{\"@type\":\"ListItem\",\"position\":2,\"name\":\"Draghi \u201cDall\u2019Ucraina a Gaza, Ue marginale e spettatrice\u201d\"}]},{\"@type\":\"WebSite\",\"@id\":\"https:\\\/\\\/www.livemag.it\\\/#website\",\"url\":\"https:\\\/\\\/www.livemag.it\\\/\",\"name\":\"Live Magazine\",\"description\":\"Varie ed eventi\",\"publisher\":{\"@id\":\"https:\\\/\\\/www.livemag.it\\\/#organization\"},\"potentialAction\":[{\"@type\":\"SearchAction\",\"target\":{\"@type\":\"EntryPoint\",\"urlTemplate\":\"https:\\\/\\\/www.livemag.it\\\/?s={search_term_string}\"},\"query-input\":{\"@type\":\"PropertyValueSpecification\",\"valueRequired\":true,\"valueName\":\"search_term_string\"}}],\"inLanguage\":\"it-IT\"},{\"@type\":\"Organization\",\"@id\":\"https:\\\/\\\/www.livemag.it\\\/#organization\",\"name\":\"LiveMag\",\"alternateName\":\"LiveMag News ed eventi\",\"url\":\"https:\\\/\\\/www.livemag.it\\\/\",\"logo\":{\"@type\":\"ImageObject\",\"inLanguage\":\"it-IT\",\"@id\":\"https:\\\/\\\/www.livemag.it\\\/#\\\/schema\\\/logo\\\/image\\\/\",\"url\":\"https:\\\/\\\/www.livemag.it\\\/wp-content\\\/uploads\\\/2024\\\/02\\\/immagine-sito.jpg\",\"contentUrl\":\"https:\\\/\\\/www.livemag.it\\\/wp-content\\\/uploads\\\/2024\\\/02\\\/immagine-sito.jpg\",\"width\":696,\"height\":696,\"caption\":\"LiveMag\"},\"image\":{\"@id\":\"https:\\\/\\\/www.livemag.it\\\/#\\\/schema\\\/logo\\\/image\\\/\"},\"sameAs\":[\"https:\\\/\\\/www.facebook.com\\\/LiveMag\\\/\",\"https:\\\/\\\/x.com\\\/LiveNotizie\",\"https:\\\/\\\/www.instagram.com\\\/livemag\\\/\"]},{\"@type\":\"Person\",\"@id\":\"https:\\\/\\\/www.livemag.it\\\/#\\\/schema\\\/person\\\/b62c5f44451fdcdaeb0afe6c2424e73c\",\"name\":\"italpress\",\"image\":{\"@type\":\"ImageObject\",\"inLanguage\":\"it-IT\",\"@id\":\"https:\\\/\\\/secure.gravatar.com\\\/avatar\\\/b6a21695fc713ce7ee312cf57c97e2e641feb365be72d8745574d3c3e2b59066?s=96&r=g\",\"url\":\"https:\\\/\\\/secure.gravatar.com\\\/avatar\\\/b6a21695fc713ce7ee312cf57c97e2e641feb365be72d8745574d3c3e2b59066?s=96&r=g\",\"contentUrl\":\"https:\\\/\\\/secure.gravatar.com\\\/avatar\\\/b6a21695fc713ce7ee312cf57c97e2e641feb365be72d8745574d3c3e2b59066?s=96&r=g\",\"caption\":\"italpress\"},\"description\":\"Italpress \u00e8 un'agenzia di stampa italiana a carattere nazionale.\",\"url\":\"https:\\\/\\\/www.livemag.it\\\/index.php\\\/author\\\/italpress\\\/\"}]}<\/script>\n<!-- \/ Yoast SEO plugin. -->","yoast_head_json":{"title":"Draghi \u201cDall\u2019Ucraina a Gaza, Ue marginale e spettatrice\u201d - Live Magazine","robots":{"index":"index","follow":"follow","max-snippet":"max-snippet:-1","max-image-preview":"max-image-preview:large","max-video-preview":"max-video-preview:-1"},"canonical":"https:\/\/www.livemag.it\/index.php\/2025\/08\/23\/draghi-dallucraina-a-gaza-ue-marginale-e-spettatrice\/","og_locale":"it_IT","og_type":"article","og_title":"Draghi \u201cDall\u2019Ucraina a Gaza, Ue marginale e spettatrice\u201d - Live Magazine","og_description":"RIMINI (ITALPRESS) \u2013 \u201cPer anni l\u2019Ue ha creduto che la dimensione economica con 450 milioni di consumatori portasse con s\u00e8 potere geopolitico e nelle relazioni commerciali. Quest\u2019anno sar\u00e0 ricordato come l\u2019anno in cui questa illusione \u00e8 evaporata. Abbiamo dovuto rassegnarci ai dazi Usa, siamo stati spinti dallo stesso alleato ad aumentare la spesa militare, decisione [&hellip;]","og_url":"https:\/\/www.livemag.it\/index.php\/2025\/08\/23\/draghi-dallucraina-a-gaza-ue-marginale-e-spettatrice\/","og_site_name":"Live Magazine","article_publisher":"https:\/\/www.facebook.com\/LiveMag\/","article_published_time":"2025-08-22T22:03:22+00:00","og_image":[{"width":1200,"height":675,"url":"https:\/\/www.livemag.it\/wp-content\/uploads\/2024\/02\/ograph.jpg","type":"image\/jpeg"}],"author":"italpress","twitter_card":"summary_large_image","twitter_creator":"@LiveNotizie","twitter_site":"@LiveNotizie","twitter_misc":{"Scritto da":"italpress","Tempo di lettura stimato":"2 minuti"},"schema":{"@context":"https:\/\/schema.org","@graph":[{"@type":"Article","@id":"https:\/\/www.livemag.it\/index.php\/2025\/08\/23\/draghi-dallucraina-a-gaza-ue-marginale-e-spettatrice\/#article","isPartOf":{"@id":"https:\/\/www.livemag.it\/index.php\/2025\/08\/23\/draghi-dallucraina-a-gaza-ue-marginale-e-spettatrice\/"},"author":{"name":"italpress","@id":"https:\/\/www.livemag.it\/#\/schema\/person\/b62c5f44451fdcdaeb0afe6c2424e73c"},"headline":"Draghi \u201cDall\u2019Ucraina a Gaza, Ue marginale e spettatrice\u201d","datePublished":"2025-08-22T22:03:22+00:00","mainEntityOfPage":{"@id":"https:\/\/www.livemag.it\/index.php\/2025\/08\/23\/draghi-dallucraina-a-gaza-ue-marginale-e-spettatrice\/"},"wordCount":415,"publisher":{"@id":"https:\/\/www.livemag.it\/#organization"},"image":{"@id":"https:\/\/www.livemag.it\/index.php\/2025\/08\/23\/draghi-dallucraina-a-gaza-ue-marginale-e-spettatrice\/#primaryimage"},"thumbnailUrl":"https:\/\/www.livemag.it\/wp-content\/uploads\/2025\/08\/20250822_1731.jpg","articleSection":["Mondo"],"inLanguage":"it-IT"},{"@type":"WebPage","@id":"https:\/\/www.livemag.it\/index.php\/2025\/08\/23\/draghi-dallucraina-a-gaza-ue-marginale-e-spettatrice\/","url":"https:\/\/www.livemag.it\/index.php\/2025\/08\/23\/draghi-dallucraina-a-gaza-ue-marginale-e-spettatrice\/","name":"Draghi \u201cDall\u2019Ucraina a Gaza, Ue marginale e spettatrice\u201d - Live Magazine","isPartOf":{"@id":"https:\/\/www.livemag.it\/#website"},"primaryImageOfPage":{"@id":"https:\/\/www.livemag.it\/index.php\/2025\/08\/23\/draghi-dallucraina-a-gaza-ue-marginale-e-spettatrice\/#primaryimage"},"image":{"@id":"https:\/\/www.livemag.it\/index.php\/2025\/08\/23\/draghi-dallucraina-a-gaza-ue-marginale-e-spettatrice\/#primaryimage"},"thumbnailUrl":"https:\/\/www.livemag.it\/wp-content\/uploads\/2025\/08\/20250822_1731.jpg","datePublished":"2025-08-22T22:03:22+00:00","breadcrumb":{"@id":"https:\/\/www.livemag.it\/index.php\/2025\/08\/23\/draghi-dallucraina-a-gaza-ue-marginale-e-spettatrice\/#breadcrumb"},"inLanguage":"it-IT","potentialAction":[{"@type":"ReadAction","target":["https:\/\/www.livemag.it\/index.php\/2025\/08\/23\/draghi-dallucraina-a-gaza-ue-marginale-e-spettatrice\/"]}]},{"@type":"ImageObject","inLanguage":"it-IT","@id":"https:\/\/www.livemag.it\/index.php\/2025\/08\/23\/draghi-dallucraina-a-gaza-ue-marginale-e-spettatrice\/#primaryimage","url":"https:\/\/www.livemag.it\/wp-content\/uploads\/2025\/08\/20250822_1731.jpg","contentUrl":"https:\/\/www.livemag.it\/wp-content\/uploads\/2025\/08\/20250822_1731.jpg","width":1024,"height":683},{"@type":"BreadcrumbList","@id":"https:\/\/www.livemag.it\/index.php\/2025\/08\/23\/draghi-dallucraina-a-gaza-ue-marginale-e-spettatrice\/#breadcrumb","itemListElement":[{"@type":"ListItem","position":1,"name":"Home","item":"https:\/\/www.livemag.it\/"},{"@type":"ListItem","position":2,"name":"Draghi \u201cDall\u2019Ucraina a Gaza, Ue marginale e spettatrice\u201d"}]},{"@type":"WebSite","@id":"https:\/\/www.livemag.it\/#website","url":"https:\/\/www.livemag.it\/","name":"Live Magazine","description":"Varie ed eventi","publisher":{"@id":"https:\/\/www.livemag.it\/#organization"},"potentialAction":[{"@type":"SearchAction","target":{"@type":"EntryPoint","urlTemplate":"https:\/\/www.livemag.it\/?s={search_term_string}"},"query-input":{"@type":"PropertyValueSpecification","valueRequired":true,"valueName":"search_term_string"}}],"inLanguage":"it-IT"},{"@type":"Organization","@id":"https:\/\/www.livemag.it\/#organization","name":"LiveMag","alternateName":"LiveMag News ed eventi","url":"https:\/\/www.livemag.it\/","logo":{"@type":"ImageObject","inLanguage":"it-IT","@id":"https:\/\/www.livemag.it\/#\/schema\/logo\/image\/","url":"https:\/\/www.livemag.it\/wp-content\/uploads\/2024\/02\/immagine-sito.jpg","contentUrl":"https:\/\/www.livemag.it\/wp-content\/uploads\/2024\/02\/immagine-sito.jpg","width":696,"height":696,"caption":"LiveMag"},"image":{"@id":"https:\/\/www.livemag.it\/#\/schema\/logo\/image\/"},"sameAs":["https:\/\/www.facebook.com\/LiveMag\/","https:\/\/x.com\/LiveNotizie","https:\/\/www.instagram.com\/livemag\/"]},{"@type":"Person","@id":"https:\/\/www.livemag.it\/#\/schema\/person\/b62c5f44451fdcdaeb0afe6c2424e73c","name":"italpress","image":{"@type":"ImageObject","inLanguage":"it-IT","@id":"https:\/\/secure.gravatar.com\/avatar\/b6a21695fc713ce7ee312cf57c97e2e641feb365be72d8745574d3c3e2b59066?s=96&r=g","url":"https:\/\/secure.gravatar.com\/avatar\/b6a21695fc713ce7ee312cf57c97e2e641feb365be72d8745574d3c3e2b59066?s=96&r=g","contentUrl":"https:\/\/secure.gravatar.com\/avatar\/b6a21695fc713ce7ee312cf57c97e2e641feb365be72d8745574d3c3e2b59066?s=96&r=g","caption":"italpress"},"description":"Italpress \u00e8 un'agenzia di stampa italiana a carattere nazionale.","url":"https:\/\/www.livemag.it\/index.php\/author\/italpress\/"}]}},"jetpack_featured_media_url":"https:\/\/www.livemag.it\/wp-content\/uploads\/2025\/08\/20250822_1731.jpg","_links":{"self":[{"href":"https:\/\/www.livemag.it\/index.php\/wp-json\/wp\/v2\/posts\/57367","targetHints":{"allow":["GET"]}}],"collection":[{"href":"https:\/\/www.livemag.it\/index.php\/wp-json\/wp\/v2\/posts"}],"about":[{"href":"https:\/\/www.livemag.it\/index.php\/wp-json\/wp\/v2\/types\/post"}],"author":[{"embeddable":true,"href":"https:\/\/www.livemag.it\/index.php\/wp-json\/wp\/v2\/users\/16"}],"replies":[{"embeddable":true,"href":"https:\/\/www.livemag.it\/index.php\/wp-json\/wp\/v2\/comments?post=57367"}],"version-history":[{"count":0,"href":"https:\/\/www.livemag.it\/index.php\/wp-json\/wp\/v2\/posts\/57367\/revisions"}],"wp:featuredmedia":[{"embeddable":true,"href":"https:\/\/www.livemag.it\/index.php\/wp-json\/wp\/v2\/media\/57368"}],"wp:attachment":[{"href":"https:\/\/www.livemag.it\/index.php\/wp-json\/wp\/v2\/media?parent=57367"}],"wp:term":[{"taxonomy":"category","embeddable":true,"href":"https:\/\/www.livemag.it\/index.php\/wp-json\/wp\/v2\/categories?post=57367"},{"taxonomy":"post_tag","embeddable":true,"href":"https:\/\/www.livemag.it\/index.php\/wp-json\/wp\/v2\/tags?post=57367"}],"curies":[{"name":"wp","href":"https:\/\/api.w.org\/{rel}","templated":true}]}}