{"id":57357,"date":"2025-08-22T21:02:46","date_gmt":"2025-08-22T19:02:46","guid":{"rendered":"https:\/\/www.livemag.it\/index.php\/2025\/08\/22\/argento-italia-con-di-liberto-ai-mondiali-di-canoa\/"},"modified":"2025-08-22T21:02:46","modified_gmt":"2025-08-22T19:02:46","slug":"argento-italia-con-di-liberto-ai-mondiali-di-canoa","status":"publish","type":"post","link":"https:\/\/www.livemag.it\/index.php\/2025\/08\/22\/argento-italia-con-di-liberto-ai-mondiali-di-canoa\/","title":{"rendered":"Argento Italia con Di Liberto ai Mondiali di canoa"},"content":{"rendered":"<div>\n<p>MILANO (ITALPRESS) \u2013<strong> Si chiude con due medaglie d\u2019argento e due finali conquistate la terza giornata dei Mondiali di canoa e paracanoa 2025<\/strong>. All\u2019Idroscalo di Milano la prima medaglia azzurra \u00e8 stata di Andrea <strong>Di Liberto<\/strong>: l\u2019azzurro ha conquistato l\u2019argento nel K1 200 uomini chiudendo la gara a +0.25 dall\u2019ungherese Kolos Csizmadia, terzo il georgiano Badri Kavelashvili.<\/p>\n<p>Soddisfatto Di Liberto al termine della gara: <em>\u201cE\u2019 stato un anno ricco di peripezie, \u00e8 cambiato un p\u00f2 tutto, c\u2019\u00e8 stata una rivoluzione dentro lo staff federale, abbiamo cominciato un p\u00f2 in ritardo, ma \u00e8 un progetto che sta dando i suoi frutti. Io ho preso l\u2019argento, il K4 \u00e8 tornato in finale mondiale dopo tantissimi anni, stiamo lavorando nella direzione giusta, dobbiamo semplicemente insistere con quello che stiamo facendo. Questa \u00e8 la prima medaglia italiana<\/em> \u2013 ha proseguito -,<em> sono fierissimo, \u00e8 un\u2019emozione grande, anche se noi atleti non ci accontentiamo mai \u00e8 davvero bello festeggiare con tutte le persone che mi supportano sempre\u201d.<\/em><\/p>\n<p>Secondo posto anche per Viktoryia <strong>Pistis Shablova<\/strong> nella paracanoa. L\u2019azzurra ha chiuso col tempo di 1:12.63, a +5.63 dalla tedesca Lauridsen<em>. \u201cE\u2019 stato davvero molto emozionante<\/em> \u2013 ha dichiarato -,<em> fare una gara in casa \u00e8 davvero bello. Qui veniamo a fare i raduni, sono contenta. Un p\u00f2 di delusione c\u2019\u00e8, mi sono preparata molto intensamente per questo mondiale, ma le avversarie sono davvero forti. Ero molto concentrata sulla gara, un\u2019ora prima ho cercato di focalizzarmi, \u00e8 andata bene. Ed \u00e8 sempre bello vincere una medaglia con l\u2019Italia\u201d.<\/em><\/p>\n<p>Buon piazzamento per il K4 500m, tornato in una finale mondiale a vent\u2019anni di distanza: settimo posto per Manfredi Rizza, Francesco Lanciotti, Nicol\u00f2 Volo e Giovanni Penato, a +1.75 dal Portogallo. Due invece le finali conquistate con Olympia Della Giustina (C1 500m donne) e Lucrezia Zironi (K1 500m donne) che si giocheranno una medaglia iridata. Domani la penultima giornata, con il KL2 200 maschile (Giuseppe Cotticelli in semifinale), il C2 500 maschile con Carlo Tacchini e Gabriele Casadei che tenter\u00e0 l\u2019assalto alla finale. Quindi le tre finali della canoa e della paracanoa, a chiudere il programma Amanda Embriaco nel KL3 200 donne.<\/p>\n<p>\u2013 foto ufficio stampa Fick \u2013<\/p>\n<p>(ITALPRESS).<\/p>\n<\/div>\n","protected":false},"excerpt":{"rendered":"<p>MILANO (ITALPRESS) \u2013 Si chiude con due medaglie d\u2019argento e due finali conquistate la terza giornata dei Mondiali di canoa e paracanoa 2025. All\u2019Idroscalo di Milano la prima medaglia azzurra \u00e8 stata di Andrea Di Liberto: l\u2019azzurro ha conquistato l\u2019argento nel K1 200 uomini chiudendo la gara a +0.25 dall\u2019ungherese Kolos Csizmadia, terzo il georgiano [&hellip;]<\/p>\n","protected":false},"author":16,"featured_media":57358,"comment_status":"closed","ping_status":"closed","sticky":false,"template":"","format":"standard","meta":{"jnews-multi-image_gallery":[],"jnews_single_post":[],"jnews_primary_category":[],"jnews_social_meta":[],"jnews_override_counter":[],"jnews_post_split":[],"footnotes":""},"categories":[1129],"tags":[],"class_list":["post-57357","post","type-post","status-publish","format-standard","has-post-thumbnail","hentry","category-mondo"],"yoast_head":"<!-- This site is optimized with the Yoast SEO plugin v27.5 - https:\/\/yoast.com\/product\/yoast-seo-wordpress\/ -->\n<title>Argento Italia con Di Liberto ai Mondiali di canoa - Live Magazine<\/title>\n<meta name=\"robots\" content=\"index, follow, max-snippet:-1, max-image-preview:large, max-video-preview:-1\" \/>\n<link rel=\"canonical\" href=\"https:\/\/www.livemag.it\/index.php\/2025\/08\/22\/argento-italia-con-di-liberto-ai-mondiali-di-canoa\/\" \/>\n<meta property=\"og:locale\" content=\"it_IT\" \/>\n<meta property=\"og:type\" content=\"article\" \/>\n<meta property=\"og:title\" content=\"Argento Italia con Di Liberto ai Mondiali di canoa - Live Magazine\" \/>\n<meta property=\"og:description\" content=\"MILANO (ITALPRESS) \u2013 Si chiude con due medaglie d\u2019argento e due finali conquistate la terza giornata dei Mondiali di canoa e paracanoa 2025. All\u2019Idroscalo di Milano la prima medaglia azzurra \u00e8 stata di Andrea Di Liberto: l\u2019azzurro ha conquistato l\u2019argento nel K1 200 uomini chiudendo la gara a +0.25 dall\u2019ungherese Kolos Csizmadia, terzo il georgiano [&hellip;]\" \/>\n<meta property=\"og:url\" content=\"https:\/\/www.livemag.it\/index.php\/2025\/08\/22\/argento-italia-con-di-liberto-ai-mondiali-di-canoa\/\" \/>\n<meta property=\"og:site_name\" content=\"Live Magazine\" \/>\n<meta property=\"article:publisher\" content=\"https:\/\/www.facebook.com\/LiveMag\/\" \/>\n<meta property=\"article:published_time\" content=\"2025-08-22T19:02:46+00:00\" \/>\n<meta property=\"og:image\" content=\"https:\/\/www.livemag.it\/wp-content\/uploads\/2024\/02\/ograph.jpg\" \/>\n\t<meta property=\"og:image:width\" content=\"1200\" \/>\n\t<meta property=\"og:image:height\" content=\"675\" \/>\n\t<meta property=\"og:image:type\" content=\"image\/jpeg\" \/>\n<meta name=\"author\" content=\"italpress\" \/>\n<meta name=\"twitter:card\" content=\"summary_large_image\" \/>\n<meta name=\"twitter:creator\" content=\"@LiveNotizie\" \/>\n<meta name=\"twitter:site\" content=\"@LiveNotizie\" \/>\n<meta name=\"twitter:label1\" content=\"Scritto da\" \/>\n\t<meta name=\"twitter:data1\" content=\"italpress\" \/>\n\t<meta name=\"twitter:label2\" content=\"Tempo di lettura stimato\" \/>\n\t<meta name=\"twitter:data2\" content=\"2 minuti\" \/>\n<script type=\"application\/ld+json\" class=\"yoast-schema-graph\">{\"@context\":\"https:\\\/\\\/schema.org\",\"@graph\":[{\"@type\":\"Article\",\"@id\":\"https:\\\/\\\/www.livemag.it\\\/index.php\\\/2025\\\/08\\\/22\\\/argento-italia-con-di-liberto-ai-mondiali-di-canoa\\\/#article\",\"isPartOf\":{\"@id\":\"https:\\\/\\\/www.livemag.it\\\/index.php\\\/2025\\\/08\\\/22\\\/argento-italia-con-di-liberto-ai-mondiali-di-canoa\\\/\"},\"author\":{\"name\":\"italpress\",\"@id\":\"https:\\\/\\\/www.livemag.it\\\/#\\\/schema\\\/person\\\/b62c5f44451fdcdaeb0afe6c2424e73c\"},\"headline\":\"Argento Italia con Di Liberto ai Mondiali di canoa\",\"datePublished\":\"2025-08-22T19:02:46+00:00\",\"mainEntityOfPage\":{\"@id\":\"https:\\\/\\\/www.livemag.it\\\/index.php\\\/2025\\\/08\\\/22\\\/argento-italia-con-di-liberto-ai-mondiali-di-canoa\\\/\"},\"wordCount\":356,\"publisher\":{\"@id\":\"https:\\\/\\\/www.livemag.it\\\/#organization\"},\"image\":{\"@id\":\"https:\\\/\\\/www.livemag.it\\\/index.php\\\/2025\\\/08\\\/22\\\/argento-italia-con-di-liberto-ai-mondiali-di-canoa\\\/#primaryimage\"},\"thumbnailUrl\":\"https:\\\/\\\/www.livemag.it\\\/wp-content\\\/uploads\\\/2025\\\/08\\\/20250822_1630.jpg\",\"articleSection\":[\"Mondo\"],\"inLanguage\":\"it-IT\"},{\"@type\":\"WebPage\",\"@id\":\"https:\\\/\\\/www.livemag.it\\\/index.php\\\/2025\\\/08\\\/22\\\/argento-italia-con-di-liberto-ai-mondiali-di-canoa\\\/\",\"url\":\"https:\\\/\\\/www.livemag.it\\\/index.php\\\/2025\\\/08\\\/22\\\/argento-italia-con-di-liberto-ai-mondiali-di-canoa\\\/\",\"name\":\"Argento Italia con Di Liberto ai Mondiali di canoa - Live Magazine\",\"isPartOf\":{\"@id\":\"https:\\\/\\\/www.livemag.it\\\/#website\"},\"primaryImageOfPage\":{\"@id\":\"https:\\\/\\\/www.livemag.it\\\/index.php\\\/2025\\\/08\\\/22\\\/argento-italia-con-di-liberto-ai-mondiali-di-canoa\\\/#primaryimage\"},\"image\":{\"@id\":\"https:\\\/\\\/www.livemag.it\\\/index.php\\\/2025\\\/08\\\/22\\\/argento-italia-con-di-liberto-ai-mondiali-di-canoa\\\/#primaryimage\"},\"thumbnailUrl\":\"https:\\\/\\\/www.livemag.it\\\/wp-content\\\/uploads\\\/2025\\\/08\\\/20250822_1630.jpg\",\"datePublished\":\"2025-08-22T19:02:46+00:00\",\"breadcrumb\":{\"@id\":\"https:\\\/\\\/www.livemag.it\\\/index.php\\\/2025\\\/08\\\/22\\\/argento-italia-con-di-liberto-ai-mondiali-di-canoa\\\/#breadcrumb\"},\"inLanguage\":\"it-IT\",\"potentialAction\":[{\"@type\":\"ReadAction\",\"target\":[\"https:\\\/\\\/www.livemag.it\\\/index.php\\\/2025\\\/08\\\/22\\\/argento-italia-con-di-liberto-ai-mondiali-di-canoa\\\/\"]}]},{\"@type\":\"ImageObject\",\"inLanguage\":\"it-IT\",\"@id\":\"https:\\\/\\\/www.livemag.it\\\/index.php\\\/2025\\\/08\\\/22\\\/argento-italia-con-di-liberto-ai-mondiali-di-canoa\\\/#primaryimage\",\"url\":\"https:\\\/\\\/www.livemag.it\\\/wp-content\\\/uploads\\\/2025\\\/08\\\/20250822_1630.jpg\",\"contentUrl\":\"https:\\\/\\\/www.livemag.it\\\/wp-content\\\/uploads\\\/2025\\\/08\\\/20250822_1630.jpg\",\"width\":1200,\"height\":799},{\"@type\":\"BreadcrumbList\",\"@id\":\"https:\\\/\\\/www.livemag.it\\\/index.php\\\/2025\\\/08\\\/22\\\/argento-italia-con-di-liberto-ai-mondiali-di-canoa\\\/#breadcrumb\",\"itemListElement\":[{\"@type\":\"ListItem\",\"position\":1,\"name\":\"Home\",\"item\":\"https:\\\/\\\/www.livemag.it\\\/\"},{\"@type\":\"ListItem\",\"position\":2,\"name\":\"Argento Italia con Di Liberto ai Mondiali di canoa\"}]},{\"@type\":\"WebSite\",\"@id\":\"https:\\\/\\\/www.livemag.it\\\/#website\",\"url\":\"https:\\\/\\\/www.livemag.it\\\/\",\"name\":\"Live Magazine\",\"description\":\"Varie ed eventi\",\"publisher\":{\"@id\":\"https:\\\/\\\/www.livemag.it\\\/#organization\"},\"potentialAction\":[{\"@type\":\"SearchAction\",\"target\":{\"@type\":\"EntryPoint\",\"urlTemplate\":\"https:\\\/\\\/www.livemag.it\\\/?s={search_term_string}\"},\"query-input\":{\"@type\":\"PropertyValueSpecification\",\"valueRequired\":true,\"valueName\":\"search_term_string\"}}],\"inLanguage\":\"it-IT\"},{\"@type\":\"Organization\",\"@id\":\"https:\\\/\\\/www.livemag.it\\\/#organization\",\"name\":\"LiveMag\",\"alternateName\":\"LiveMag News ed eventi\",\"url\":\"https:\\\/\\\/www.livemag.it\\\/\",\"logo\":{\"@type\":\"ImageObject\",\"inLanguage\":\"it-IT\",\"@id\":\"https:\\\/\\\/www.livemag.it\\\/#\\\/schema\\\/logo\\\/image\\\/\",\"url\":\"https:\\\/\\\/www.livemag.it\\\/wp-content\\\/uploads\\\/2024\\\/02\\\/immagine-sito.jpg\",\"contentUrl\":\"https:\\\/\\\/www.livemag.it\\\/wp-content\\\/uploads\\\/2024\\\/02\\\/immagine-sito.jpg\",\"width\":696,\"height\":696,\"caption\":\"LiveMag\"},\"image\":{\"@id\":\"https:\\\/\\\/www.livemag.it\\\/#\\\/schema\\\/logo\\\/image\\\/\"},\"sameAs\":[\"https:\\\/\\\/www.facebook.com\\\/LiveMag\\\/\",\"https:\\\/\\\/x.com\\\/LiveNotizie\",\"https:\\\/\\\/www.instagram.com\\\/livemag\\\/\"]},{\"@type\":\"Person\",\"@id\":\"https:\\\/\\\/www.livemag.it\\\/#\\\/schema\\\/person\\\/b62c5f44451fdcdaeb0afe6c2424e73c\",\"name\":\"italpress\",\"image\":{\"@type\":\"ImageObject\",\"inLanguage\":\"it-IT\",\"@id\":\"https:\\\/\\\/secure.gravatar.com\\\/avatar\\\/b6a21695fc713ce7ee312cf57c97e2e641feb365be72d8745574d3c3e2b59066?s=96&r=g\",\"url\":\"https:\\\/\\\/secure.gravatar.com\\\/avatar\\\/b6a21695fc713ce7ee312cf57c97e2e641feb365be72d8745574d3c3e2b59066?s=96&r=g\",\"contentUrl\":\"https:\\\/\\\/secure.gravatar.com\\\/avatar\\\/b6a21695fc713ce7ee312cf57c97e2e641feb365be72d8745574d3c3e2b59066?s=96&r=g\",\"caption\":\"italpress\"},\"description\":\"Italpress \u00e8 un'agenzia di stampa italiana a carattere nazionale.\",\"url\":\"https:\\\/\\\/www.livemag.it\\\/index.php\\\/author\\\/italpress\\\/\"}]}<\/script>\n<!-- \/ Yoast SEO plugin. -->","yoast_head_json":{"title":"Argento Italia con Di Liberto ai Mondiali di canoa - Live Magazine","robots":{"index":"index","follow":"follow","max-snippet":"max-snippet:-1","max-image-preview":"max-image-preview:large","max-video-preview":"max-video-preview:-1"},"canonical":"https:\/\/www.livemag.it\/index.php\/2025\/08\/22\/argento-italia-con-di-liberto-ai-mondiali-di-canoa\/","og_locale":"it_IT","og_type":"article","og_title":"Argento Italia con Di Liberto ai Mondiali di canoa - Live Magazine","og_description":"MILANO (ITALPRESS) \u2013 Si chiude con due medaglie d\u2019argento e due finali conquistate la terza giornata dei Mondiali di canoa e paracanoa 2025. All\u2019Idroscalo di Milano la prima medaglia azzurra \u00e8 stata di Andrea Di Liberto: l\u2019azzurro ha conquistato l\u2019argento nel K1 200 uomini chiudendo la gara a +0.25 dall\u2019ungherese Kolos Csizmadia, terzo il georgiano [&hellip;]","og_url":"https:\/\/www.livemag.it\/index.php\/2025\/08\/22\/argento-italia-con-di-liberto-ai-mondiali-di-canoa\/","og_site_name":"Live Magazine","article_publisher":"https:\/\/www.facebook.com\/LiveMag\/","article_published_time":"2025-08-22T19:02:46+00:00","og_image":[{"width":1200,"height":675,"url":"https:\/\/www.livemag.it\/wp-content\/uploads\/2024\/02\/ograph.jpg","type":"image\/jpeg"}],"author":"italpress","twitter_card":"summary_large_image","twitter_creator":"@LiveNotizie","twitter_site":"@LiveNotizie","twitter_misc":{"Scritto da":"italpress","Tempo di lettura stimato":"2 minuti"},"schema":{"@context":"https:\/\/schema.org","@graph":[{"@type":"Article","@id":"https:\/\/www.livemag.it\/index.php\/2025\/08\/22\/argento-italia-con-di-liberto-ai-mondiali-di-canoa\/#article","isPartOf":{"@id":"https:\/\/www.livemag.it\/index.php\/2025\/08\/22\/argento-italia-con-di-liberto-ai-mondiali-di-canoa\/"},"author":{"name":"italpress","@id":"https:\/\/www.livemag.it\/#\/schema\/person\/b62c5f44451fdcdaeb0afe6c2424e73c"},"headline":"Argento Italia con Di Liberto ai Mondiali di canoa","datePublished":"2025-08-22T19:02:46+00:00","mainEntityOfPage":{"@id":"https:\/\/www.livemag.it\/index.php\/2025\/08\/22\/argento-italia-con-di-liberto-ai-mondiali-di-canoa\/"},"wordCount":356,"publisher":{"@id":"https:\/\/www.livemag.it\/#organization"},"image":{"@id":"https:\/\/www.livemag.it\/index.php\/2025\/08\/22\/argento-italia-con-di-liberto-ai-mondiali-di-canoa\/#primaryimage"},"thumbnailUrl":"https:\/\/www.livemag.it\/wp-content\/uploads\/2025\/08\/20250822_1630.jpg","articleSection":["Mondo"],"inLanguage":"it-IT"},{"@type":"WebPage","@id":"https:\/\/www.livemag.it\/index.php\/2025\/08\/22\/argento-italia-con-di-liberto-ai-mondiali-di-canoa\/","url":"https:\/\/www.livemag.it\/index.php\/2025\/08\/22\/argento-italia-con-di-liberto-ai-mondiali-di-canoa\/","name":"Argento Italia con Di Liberto ai Mondiali di canoa - Live Magazine","isPartOf":{"@id":"https:\/\/www.livemag.it\/#website"},"primaryImageOfPage":{"@id":"https:\/\/www.livemag.it\/index.php\/2025\/08\/22\/argento-italia-con-di-liberto-ai-mondiali-di-canoa\/#primaryimage"},"image":{"@id":"https:\/\/www.livemag.it\/index.php\/2025\/08\/22\/argento-italia-con-di-liberto-ai-mondiali-di-canoa\/#primaryimage"},"thumbnailUrl":"https:\/\/www.livemag.it\/wp-content\/uploads\/2025\/08\/20250822_1630.jpg","datePublished":"2025-08-22T19:02:46+00:00","breadcrumb":{"@id":"https:\/\/www.livemag.it\/index.php\/2025\/08\/22\/argento-italia-con-di-liberto-ai-mondiali-di-canoa\/#breadcrumb"},"inLanguage":"it-IT","potentialAction":[{"@type":"ReadAction","target":["https:\/\/www.livemag.it\/index.php\/2025\/08\/22\/argento-italia-con-di-liberto-ai-mondiali-di-canoa\/"]}]},{"@type":"ImageObject","inLanguage":"it-IT","@id":"https:\/\/www.livemag.it\/index.php\/2025\/08\/22\/argento-italia-con-di-liberto-ai-mondiali-di-canoa\/#primaryimage","url":"https:\/\/www.livemag.it\/wp-content\/uploads\/2025\/08\/20250822_1630.jpg","contentUrl":"https:\/\/www.livemag.it\/wp-content\/uploads\/2025\/08\/20250822_1630.jpg","width":1200,"height":799},{"@type":"BreadcrumbList","@id":"https:\/\/www.livemag.it\/index.php\/2025\/08\/22\/argento-italia-con-di-liberto-ai-mondiali-di-canoa\/#breadcrumb","itemListElement":[{"@type":"ListItem","position":1,"name":"Home","item":"https:\/\/www.livemag.it\/"},{"@type":"ListItem","position":2,"name":"Argento Italia con Di Liberto ai Mondiali di canoa"}]},{"@type":"WebSite","@id":"https:\/\/www.livemag.it\/#website","url":"https:\/\/www.livemag.it\/","name":"Live Magazine","description":"Varie ed eventi","publisher":{"@id":"https:\/\/www.livemag.it\/#organization"},"potentialAction":[{"@type":"SearchAction","target":{"@type":"EntryPoint","urlTemplate":"https:\/\/www.livemag.it\/?s={search_term_string}"},"query-input":{"@type":"PropertyValueSpecification","valueRequired":true,"valueName":"search_term_string"}}],"inLanguage":"it-IT"},{"@type":"Organization","@id":"https:\/\/www.livemag.it\/#organization","name":"LiveMag","alternateName":"LiveMag News ed eventi","url":"https:\/\/www.livemag.it\/","logo":{"@type":"ImageObject","inLanguage":"it-IT","@id":"https:\/\/www.livemag.it\/#\/schema\/logo\/image\/","url":"https:\/\/www.livemag.it\/wp-content\/uploads\/2024\/02\/immagine-sito.jpg","contentUrl":"https:\/\/www.livemag.it\/wp-content\/uploads\/2024\/02\/immagine-sito.jpg","width":696,"height":696,"caption":"LiveMag"},"image":{"@id":"https:\/\/www.livemag.it\/#\/schema\/logo\/image\/"},"sameAs":["https:\/\/www.facebook.com\/LiveMag\/","https:\/\/x.com\/LiveNotizie","https:\/\/www.instagram.com\/livemag\/"]},{"@type":"Person","@id":"https:\/\/www.livemag.it\/#\/schema\/person\/b62c5f44451fdcdaeb0afe6c2424e73c","name":"italpress","image":{"@type":"ImageObject","inLanguage":"it-IT","@id":"https:\/\/secure.gravatar.com\/avatar\/b6a21695fc713ce7ee312cf57c97e2e641feb365be72d8745574d3c3e2b59066?s=96&r=g","url":"https:\/\/secure.gravatar.com\/avatar\/b6a21695fc713ce7ee312cf57c97e2e641feb365be72d8745574d3c3e2b59066?s=96&r=g","contentUrl":"https:\/\/secure.gravatar.com\/avatar\/b6a21695fc713ce7ee312cf57c97e2e641feb365be72d8745574d3c3e2b59066?s=96&r=g","caption":"italpress"},"description":"Italpress \u00e8 un'agenzia di stampa italiana a carattere nazionale.","url":"https:\/\/www.livemag.it\/index.php\/author\/italpress\/"}]}},"jetpack_featured_media_url":"https:\/\/www.livemag.it\/wp-content\/uploads\/2025\/08\/20250822_1630.jpg","_links":{"self":[{"href":"https:\/\/www.livemag.it\/index.php\/wp-json\/wp\/v2\/posts\/57357","targetHints":{"allow":["GET"]}}],"collection":[{"href":"https:\/\/www.livemag.it\/index.php\/wp-json\/wp\/v2\/posts"}],"about":[{"href":"https:\/\/www.livemag.it\/index.php\/wp-json\/wp\/v2\/types\/post"}],"author":[{"embeddable":true,"href":"https:\/\/www.livemag.it\/index.php\/wp-json\/wp\/v2\/users\/16"}],"replies":[{"embeddable":true,"href":"https:\/\/www.livemag.it\/index.php\/wp-json\/wp\/v2\/comments?post=57357"}],"version-history":[{"count":0,"href":"https:\/\/www.livemag.it\/index.php\/wp-json\/wp\/v2\/posts\/57357\/revisions"}],"wp:featuredmedia":[{"embeddable":true,"href":"https:\/\/www.livemag.it\/index.php\/wp-json\/wp\/v2\/media\/57358"}],"wp:attachment":[{"href":"https:\/\/www.livemag.it\/index.php\/wp-json\/wp\/v2\/media?parent=57357"}],"wp:term":[{"taxonomy":"category","embeddable":true,"href":"https:\/\/www.livemag.it\/index.php\/wp-json\/wp\/v2\/categories?post=57357"},{"taxonomy":"post_tag","embeddable":true,"href":"https:\/\/www.livemag.it\/index.php\/wp-json\/wp\/v2\/tags?post=57357"}],"curies":[{"name":"wp","href":"https:\/\/api.w.org\/{rel}","templated":true}]}}