{"id":57341,"date":"2025-08-22T18:02:33","date_gmt":"2025-08-22T16:02:33","guid":{"rendered":"https:\/\/www.livemag.it\/index.php\/2025\/08\/22\/conte-siamo-i-campioni-inevitabile-essere-i-favoriti\/"},"modified":"2025-08-22T18:02:33","modified_gmt":"2025-08-22T16:02:33","slug":"conte-siamo-i-campioni-inevitabile-essere-i-favoriti","status":"publish","type":"post","link":"https:\/\/www.livemag.it\/index.php\/2025\/08\/22\/conte-siamo-i-campioni-inevitabile-essere-i-favoriti\/","title":{"rendered":"Conte \u201cSiamo i campioni, inevitabile essere i favoriti\u201d"},"content":{"rendered":"<div>\n<p>CASTEL VOLTURNO (ITALPRESS) \u2013 <em>\u201cSenza Lukaku perdiamo un giocatore importante. Abbiamo uno scudetto sulle maglie ed \u00e8 inevitabile che sei il favorito. Anche se perdi tutti i calciatori<\/em>\u201c. In queste parole l\u2019amarezza di Antonio <strong>Conte<\/strong> per un infortunio che, a pochi giorni dal via ufficiale della stagione, ha sicuramente complicato i piani del suo Napoli. Niente drammi per\u00f2, anzi la voglia di superare le difficolt\u00e0. I problemi possono anche essere un motivo in pi\u00f9 per compattarsi, per trovare ulteriori motivazioni per dare il meglio e ottenere risultati. E\u2019 sempre stato il mantra di Conte e, alla vigilia del debutto in campionato in casa del Sassuolo e con lo scudetto sul petto, il tecnico salentino sottolinea proprio questi elementi.<\/p>\n<p><em>\u201cQuello di Lukaku \u00e8 uno stop importante, \u00e8 un giocatore che ha un peso specifico notevole. L\u2019ha avuto nella vittoria dello scudetto ma sappiamo benissimo che possono capitare queste situazioni. Qualcosa di importante \u00e8 successo anche nella passata stagione e non riguardava gli infortuni<\/em> \u2013 spiega Conte probabilmente riferendosi alla cessione di Kvaratskhelia a gennaio -.<em> Eppure i ragazzi hanno fatto fronte a tutto. Non bisogna andare indietro a recriminazioni. Dobbiamo trovare la soluzione. A ogni difficolt\u00e0 non ci siamo pianti addosso. Con i ragazzi non ho parlato di Lukaku. Dobbiamo lavorare affinch\u00e8 quello che si ha a disposizione possa splendere il pi\u00f9 possibile\u201d<\/em>.<\/p>\n<p>Ripetersi sarebbe il massimo, difendere il tricolore cucito al petto \u00e8 quel che Conte e il suo gruppo si propongono.<em> \u201cQual \u00e8 la parola chiave per ripetersi? A questo gruppo non c\u2019\u00e8 bisogno di ripetere niente. E\u2019 un gruppo serio con ragazzi responsabili che hanno voglia di lavorare e migliorarsi. Dopo il titolo del 2023 siamo arrivati decimi. Si vince tutti, si festeggia tutti, nell\u2019eventualit\u00e0 si perde tutti. Siamo consci che sar\u00e0 un campionato difficile. Ci sono tante squadre attrezzate e noi dovremo fare del nostro meglio. Avendo vinto l\u2019anno scorso abbiamo aperto tanti orizzonti anche a chi non ha vinto lo scudetto\u201d<\/em>, ha aggiunto Conte che tornando sul lungo stop di Conte dice:<em> \u201cInevitabilmente bisogna lavorare e cercare delle soluzioni tecniche. Sappiamo benissimo che il 4-3-3 \u00e8 nelle corde di questa squadra. Abbiamo fatto anche acquisti mirati a questo modulo. Ma ci sono anche altre strade senza stravolgere le caratteristiche e la natura dei giocatori. Cos\u00ec come oggi stiamo valutando una terza opzione senza Lukaku\u201d.<\/em><\/p>\n<p>Sono arrivati rinfozri importanti come De Bruyne e Lucca solo per fare due nomi, ma Conte preferisce non dare voti.<em> \u201cNon parlo del mercato. Non penso tocchi a me dare giudizi sulla rosa. Ci sono gli esperti, gli addetti ai lavori che sono molto pi\u00f9 bravi perch\u00e8 fanno quello. Non l\u2019ho mai data una valutazione. Posso dire che bisogna fare il massimo con quello che si ha a disposizione. Abbiamo ragionato cos\u00ec l\u2019anno scorso e il risultato \u00e8 stato entusiasmante\u201d<\/em>. Rinforzi anche tra i pali con l\u2019arrivo di un estremo difensore del livello di Milinkovic Savic. <em>\u201cHo due portieri molto bravi. Non dimentico Contini. E\u2019 pronto anche lui. Si \u00e8 creato un bel clima. Far\u00f2 valutazioni di partita in partita. Mi fido di loro e loro sono a disposizione. Ho cercato di alzare il livello della competizione in porta\u201d<\/em>, ha concluso Conte.<\/p>\n<p>\u2013 Foto Ipa Agency \u2013<\/p>\n<p>(ITALPRESS).<\/p>\n<\/div>\n","protected":false},"excerpt":{"rendered":"<p>CASTEL VOLTURNO (ITALPRESS) \u2013 \u201cSenza Lukaku perdiamo un giocatore importante. Abbiamo uno scudetto sulle maglie ed \u00e8 inevitabile che sei il favorito. Anche se perdi tutti i calciatori\u201c. In queste parole l\u2019amarezza di Antonio Conte per un infortunio che, a pochi giorni dal via ufficiale della stagione, ha sicuramente complicato i piani del suo Napoli. [&hellip;]<\/p>\n","protected":false},"author":16,"featured_media":57342,"comment_status":"closed","ping_status":"closed","sticky":false,"template":"","format":"standard","meta":{"jnews-multi-image_gallery":[],"jnews_single_post":[],"jnews_primary_category":[],"jnews_social_meta":[],"jnews_override_counter":[],"jnews_post_split":[],"footnotes":""},"categories":[1129],"tags":[],"class_list":["post-57341","post","type-post","status-publish","format-standard","has-post-thumbnail","hentry","category-mondo"],"yoast_head":"<!-- This site is optimized with the Yoast SEO plugin v27.5 - https:\/\/yoast.com\/product\/yoast-seo-wordpress\/ -->\n<title>Conte \u201cSiamo i campioni, inevitabile essere i favoriti\u201d - Live Magazine<\/title>\n<meta name=\"robots\" content=\"index, follow, max-snippet:-1, max-image-preview:large, max-video-preview:-1\" \/>\n<link rel=\"canonical\" href=\"https:\/\/www.livemag.it\/index.php\/2025\/08\/22\/conte-siamo-i-campioni-inevitabile-essere-i-favoriti\/\" \/>\n<meta property=\"og:locale\" content=\"it_IT\" \/>\n<meta property=\"og:type\" content=\"article\" \/>\n<meta property=\"og:title\" content=\"Conte \u201cSiamo i campioni, inevitabile essere i favoriti\u201d - Live Magazine\" \/>\n<meta property=\"og:description\" content=\"CASTEL VOLTURNO (ITALPRESS) \u2013 \u201cSenza Lukaku perdiamo un giocatore importante. Abbiamo uno scudetto sulle maglie ed \u00e8 inevitabile che sei il favorito. Anche se perdi tutti i calciatori\u201c. In queste parole l\u2019amarezza di Antonio Conte per un infortunio che, a pochi giorni dal via ufficiale della stagione, ha sicuramente complicato i piani del suo Napoli. [&hellip;]\" \/>\n<meta property=\"og:url\" content=\"https:\/\/www.livemag.it\/index.php\/2025\/08\/22\/conte-siamo-i-campioni-inevitabile-essere-i-favoriti\/\" \/>\n<meta property=\"og:site_name\" content=\"Live Magazine\" \/>\n<meta property=\"article:publisher\" content=\"https:\/\/www.facebook.com\/LiveMag\/\" \/>\n<meta property=\"article:published_time\" content=\"2025-08-22T16:02:33+00:00\" \/>\n<meta property=\"og:image\" content=\"https:\/\/www.livemag.it\/wp-content\/uploads\/2024\/02\/ograph.jpg\" \/>\n\t<meta property=\"og:image:width\" content=\"1200\" \/>\n\t<meta property=\"og:image:height\" content=\"675\" \/>\n\t<meta property=\"og:image:type\" content=\"image\/jpeg\" \/>\n<meta name=\"author\" content=\"italpress\" \/>\n<meta name=\"twitter:card\" content=\"summary_large_image\" \/>\n<meta name=\"twitter:creator\" content=\"@LiveNotizie\" \/>\n<meta name=\"twitter:site\" content=\"@LiveNotizie\" \/>\n<meta name=\"twitter:label1\" content=\"Scritto da\" \/>\n\t<meta name=\"twitter:data1\" content=\"italpress\" \/>\n\t<meta name=\"twitter:label2\" content=\"Tempo di lettura stimato\" \/>\n\t<meta name=\"twitter:data2\" content=\"3 minuti\" \/>\n<script type=\"application\/ld+json\" class=\"yoast-schema-graph\">{\"@context\":\"https:\\\/\\\/schema.org\",\"@graph\":[{\"@type\":\"Article\",\"@id\":\"https:\\\/\\\/www.livemag.it\\\/index.php\\\/2025\\\/08\\\/22\\\/conte-siamo-i-campioni-inevitabile-essere-i-favoriti\\\/#article\",\"isPartOf\":{\"@id\":\"https:\\\/\\\/www.livemag.it\\\/index.php\\\/2025\\\/08\\\/22\\\/conte-siamo-i-campioni-inevitabile-essere-i-favoriti\\\/\"},\"author\":{\"name\":\"italpress\",\"@id\":\"https:\\\/\\\/www.livemag.it\\\/#\\\/schema\\\/person\\\/b62c5f44451fdcdaeb0afe6c2424e73c\"},\"headline\":\"Conte \u201cSiamo i campioni, inevitabile essere i favoriti\u201d\",\"datePublished\":\"2025-08-22T16:02:33+00:00\",\"mainEntityOfPage\":{\"@id\":\"https:\\\/\\\/www.livemag.it\\\/index.php\\\/2025\\\/08\\\/22\\\/conte-siamo-i-campioni-inevitabile-essere-i-favoriti\\\/\"},\"wordCount\":538,\"publisher\":{\"@id\":\"https:\\\/\\\/www.livemag.it\\\/#organization\"},\"image\":{\"@id\":\"https:\\\/\\\/www.livemag.it\\\/index.php\\\/2025\\\/08\\\/22\\\/conte-siamo-i-campioni-inevitabile-essere-i-favoriti\\\/#primaryimage\"},\"thumbnailUrl\":\"https:\\\/\\\/www.livemag.it\\\/wp-content\\\/uploads\\\/2025\\\/08\\\/20250822_1057.jpg\",\"articleSection\":[\"Mondo\"],\"inLanguage\":\"it-IT\"},{\"@type\":\"WebPage\",\"@id\":\"https:\\\/\\\/www.livemag.it\\\/index.php\\\/2025\\\/08\\\/22\\\/conte-siamo-i-campioni-inevitabile-essere-i-favoriti\\\/\",\"url\":\"https:\\\/\\\/www.livemag.it\\\/index.php\\\/2025\\\/08\\\/22\\\/conte-siamo-i-campioni-inevitabile-essere-i-favoriti\\\/\",\"name\":\"Conte \u201cSiamo i campioni, inevitabile essere i favoriti\u201d - Live Magazine\",\"isPartOf\":{\"@id\":\"https:\\\/\\\/www.livemag.it\\\/#website\"},\"primaryImageOfPage\":{\"@id\":\"https:\\\/\\\/www.livemag.it\\\/index.php\\\/2025\\\/08\\\/22\\\/conte-siamo-i-campioni-inevitabile-essere-i-favoriti\\\/#primaryimage\"},\"image\":{\"@id\":\"https:\\\/\\\/www.livemag.it\\\/index.php\\\/2025\\\/08\\\/22\\\/conte-siamo-i-campioni-inevitabile-essere-i-favoriti\\\/#primaryimage\"},\"thumbnailUrl\":\"https:\\\/\\\/www.livemag.it\\\/wp-content\\\/uploads\\\/2025\\\/08\\\/20250822_1057.jpg\",\"datePublished\":\"2025-08-22T16:02:33+00:00\",\"breadcrumb\":{\"@id\":\"https:\\\/\\\/www.livemag.it\\\/index.php\\\/2025\\\/08\\\/22\\\/conte-siamo-i-campioni-inevitabile-essere-i-favoriti\\\/#breadcrumb\"},\"inLanguage\":\"it-IT\",\"potentialAction\":[{\"@type\":\"ReadAction\",\"target\":[\"https:\\\/\\\/www.livemag.it\\\/index.php\\\/2025\\\/08\\\/22\\\/conte-siamo-i-campioni-inevitabile-essere-i-favoriti\\\/\"]}]},{\"@type\":\"ImageObject\",\"inLanguage\":\"it-IT\",\"@id\":\"https:\\\/\\\/www.livemag.it\\\/index.php\\\/2025\\\/08\\\/22\\\/conte-siamo-i-campioni-inevitabile-essere-i-favoriti\\\/#primaryimage\",\"url\":\"https:\\\/\\\/www.livemag.it\\\/wp-content\\\/uploads\\\/2025\\\/08\\\/20250822_1057.jpg\",\"contentUrl\":\"https:\\\/\\\/www.livemag.it\\\/wp-content\\\/uploads\\\/2025\\\/08\\\/20250822_1057.jpg\",\"width\":1200,\"height\":800},{\"@type\":\"BreadcrumbList\",\"@id\":\"https:\\\/\\\/www.livemag.it\\\/index.php\\\/2025\\\/08\\\/22\\\/conte-siamo-i-campioni-inevitabile-essere-i-favoriti\\\/#breadcrumb\",\"itemListElement\":[{\"@type\":\"ListItem\",\"position\":1,\"name\":\"Home\",\"item\":\"https:\\\/\\\/www.livemag.it\\\/\"},{\"@type\":\"ListItem\",\"position\":2,\"name\":\"Conte \u201cSiamo i campioni, inevitabile essere i favoriti\u201d\"}]},{\"@type\":\"WebSite\",\"@id\":\"https:\\\/\\\/www.livemag.it\\\/#website\",\"url\":\"https:\\\/\\\/www.livemag.it\\\/\",\"name\":\"Live Magazine\",\"description\":\"Varie ed eventi\",\"publisher\":{\"@id\":\"https:\\\/\\\/www.livemag.it\\\/#organization\"},\"potentialAction\":[{\"@type\":\"SearchAction\",\"target\":{\"@type\":\"EntryPoint\",\"urlTemplate\":\"https:\\\/\\\/www.livemag.it\\\/?s={search_term_string}\"},\"query-input\":{\"@type\":\"PropertyValueSpecification\",\"valueRequired\":true,\"valueName\":\"search_term_string\"}}],\"inLanguage\":\"it-IT\"},{\"@type\":\"Organization\",\"@id\":\"https:\\\/\\\/www.livemag.it\\\/#organization\",\"name\":\"LiveMag\",\"alternateName\":\"LiveMag News ed eventi\",\"url\":\"https:\\\/\\\/www.livemag.it\\\/\",\"logo\":{\"@type\":\"ImageObject\",\"inLanguage\":\"it-IT\",\"@id\":\"https:\\\/\\\/www.livemag.it\\\/#\\\/schema\\\/logo\\\/image\\\/\",\"url\":\"https:\\\/\\\/www.livemag.it\\\/wp-content\\\/uploads\\\/2024\\\/02\\\/immagine-sito.jpg\",\"contentUrl\":\"https:\\\/\\\/www.livemag.it\\\/wp-content\\\/uploads\\\/2024\\\/02\\\/immagine-sito.jpg\",\"width\":696,\"height\":696,\"caption\":\"LiveMag\"},\"image\":{\"@id\":\"https:\\\/\\\/www.livemag.it\\\/#\\\/schema\\\/logo\\\/image\\\/\"},\"sameAs\":[\"https:\\\/\\\/www.facebook.com\\\/LiveMag\\\/\",\"https:\\\/\\\/x.com\\\/LiveNotizie\",\"https:\\\/\\\/www.instagram.com\\\/livemag\\\/\"]},{\"@type\":\"Person\",\"@id\":\"https:\\\/\\\/www.livemag.it\\\/#\\\/schema\\\/person\\\/b62c5f44451fdcdaeb0afe6c2424e73c\",\"name\":\"italpress\",\"image\":{\"@type\":\"ImageObject\",\"inLanguage\":\"it-IT\",\"@id\":\"https:\\\/\\\/secure.gravatar.com\\\/avatar\\\/b6a21695fc713ce7ee312cf57c97e2e641feb365be72d8745574d3c3e2b59066?s=96&r=g\",\"url\":\"https:\\\/\\\/secure.gravatar.com\\\/avatar\\\/b6a21695fc713ce7ee312cf57c97e2e641feb365be72d8745574d3c3e2b59066?s=96&r=g\",\"contentUrl\":\"https:\\\/\\\/secure.gravatar.com\\\/avatar\\\/b6a21695fc713ce7ee312cf57c97e2e641feb365be72d8745574d3c3e2b59066?s=96&r=g\",\"caption\":\"italpress\"},\"description\":\"Italpress \u00e8 un'agenzia di stampa italiana a carattere nazionale.\",\"url\":\"https:\\\/\\\/www.livemag.it\\\/index.php\\\/author\\\/italpress\\\/\"}]}<\/script>\n<!-- \/ Yoast SEO plugin. -->","yoast_head_json":{"title":"Conte \u201cSiamo i campioni, inevitabile essere i favoriti\u201d - Live Magazine","robots":{"index":"index","follow":"follow","max-snippet":"max-snippet:-1","max-image-preview":"max-image-preview:large","max-video-preview":"max-video-preview:-1"},"canonical":"https:\/\/www.livemag.it\/index.php\/2025\/08\/22\/conte-siamo-i-campioni-inevitabile-essere-i-favoriti\/","og_locale":"it_IT","og_type":"article","og_title":"Conte \u201cSiamo i campioni, inevitabile essere i favoriti\u201d - Live Magazine","og_description":"CASTEL VOLTURNO (ITALPRESS) \u2013 \u201cSenza Lukaku perdiamo un giocatore importante. Abbiamo uno scudetto sulle maglie ed \u00e8 inevitabile che sei il favorito. Anche se perdi tutti i calciatori\u201c. In queste parole l\u2019amarezza di Antonio Conte per un infortunio che, a pochi giorni dal via ufficiale della stagione, ha sicuramente complicato i piani del suo Napoli. [&hellip;]","og_url":"https:\/\/www.livemag.it\/index.php\/2025\/08\/22\/conte-siamo-i-campioni-inevitabile-essere-i-favoriti\/","og_site_name":"Live Magazine","article_publisher":"https:\/\/www.facebook.com\/LiveMag\/","article_published_time":"2025-08-22T16:02:33+00:00","og_image":[{"width":1200,"height":675,"url":"https:\/\/www.livemag.it\/wp-content\/uploads\/2024\/02\/ograph.jpg","type":"image\/jpeg"}],"author":"italpress","twitter_card":"summary_large_image","twitter_creator":"@LiveNotizie","twitter_site":"@LiveNotizie","twitter_misc":{"Scritto da":"italpress","Tempo di lettura stimato":"3 minuti"},"schema":{"@context":"https:\/\/schema.org","@graph":[{"@type":"Article","@id":"https:\/\/www.livemag.it\/index.php\/2025\/08\/22\/conte-siamo-i-campioni-inevitabile-essere-i-favoriti\/#article","isPartOf":{"@id":"https:\/\/www.livemag.it\/index.php\/2025\/08\/22\/conte-siamo-i-campioni-inevitabile-essere-i-favoriti\/"},"author":{"name":"italpress","@id":"https:\/\/www.livemag.it\/#\/schema\/person\/b62c5f44451fdcdaeb0afe6c2424e73c"},"headline":"Conte \u201cSiamo i campioni, inevitabile essere i favoriti\u201d","datePublished":"2025-08-22T16:02:33+00:00","mainEntityOfPage":{"@id":"https:\/\/www.livemag.it\/index.php\/2025\/08\/22\/conte-siamo-i-campioni-inevitabile-essere-i-favoriti\/"},"wordCount":538,"publisher":{"@id":"https:\/\/www.livemag.it\/#organization"},"image":{"@id":"https:\/\/www.livemag.it\/index.php\/2025\/08\/22\/conte-siamo-i-campioni-inevitabile-essere-i-favoriti\/#primaryimage"},"thumbnailUrl":"https:\/\/www.livemag.it\/wp-content\/uploads\/2025\/08\/20250822_1057.jpg","articleSection":["Mondo"],"inLanguage":"it-IT"},{"@type":"WebPage","@id":"https:\/\/www.livemag.it\/index.php\/2025\/08\/22\/conte-siamo-i-campioni-inevitabile-essere-i-favoriti\/","url":"https:\/\/www.livemag.it\/index.php\/2025\/08\/22\/conte-siamo-i-campioni-inevitabile-essere-i-favoriti\/","name":"Conte \u201cSiamo i campioni, inevitabile essere i favoriti\u201d - Live Magazine","isPartOf":{"@id":"https:\/\/www.livemag.it\/#website"},"primaryImageOfPage":{"@id":"https:\/\/www.livemag.it\/index.php\/2025\/08\/22\/conte-siamo-i-campioni-inevitabile-essere-i-favoriti\/#primaryimage"},"image":{"@id":"https:\/\/www.livemag.it\/index.php\/2025\/08\/22\/conte-siamo-i-campioni-inevitabile-essere-i-favoriti\/#primaryimage"},"thumbnailUrl":"https:\/\/www.livemag.it\/wp-content\/uploads\/2025\/08\/20250822_1057.jpg","datePublished":"2025-08-22T16:02:33+00:00","breadcrumb":{"@id":"https:\/\/www.livemag.it\/index.php\/2025\/08\/22\/conte-siamo-i-campioni-inevitabile-essere-i-favoriti\/#breadcrumb"},"inLanguage":"it-IT","potentialAction":[{"@type":"ReadAction","target":["https:\/\/www.livemag.it\/index.php\/2025\/08\/22\/conte-siamo-i-campioni-inevitabile-essere-i-favoriti\/"]}]},{"@type":"ImageObject","inLanguage":"it-IT","@id":"https:\/\/www.livemag.it\/index.php\/2025\/08\/22\/conte-siamo-i-campioni-inevitabile-essere-i-favoriti\/#primaryimage","url":"https:\/\/www.livemag.it\/wp-content\/uploads\/2025\/08\/20250822_1057.jpg","contentUrl":"https:\/\/www.livemag.it\/wp-content\/uploads\/2025\/08\/20250822_1057.jpg","width":1200,"height":800},{"@type":"BreadcrumbList","@id":"https:\/\/www.livemag.it\/index.php\/2025\/08\/22\/conte-siamo-i-campioni-inevitabile-essere-i-favoriti\/#breadcrumb","itemListElement":[{"@type":"ListItem","position":1,"name":"Home","item":"https:\/\/www.livemag.it\/"},{"@type":"ListItem","position":2,"name":"Conte \u201cSiamo i campioni, inevitabile essere i favoriti\u201d"}]},{"@type":"WebSite","@id":"https:\/\/www.livemag.it\/#website","url":"https:\/\/www.livemag.it\/","name":"Live Magazine","description":"Varie ed eventi","publisher":{"@id":"https:\/\/www.livemag.it\/#organization"},"potentialAction":[{"@type":"SearchAction","target":{"@type":"EntryPoint","urlTemplate":"https:\/\/www.livemag.it\/?s={search_term_string}"},"query-input":{"@type":"PropertyValueSpecification","valueRequired":true,"valueName":"search_term_string"}}],"inLanguage":"it-IT"},{"@type":"Organization","@id":"https:\/\/www.livemag.it\/#organization","name":"LiveMag","alternateName":"LiveMag News ed eventi","url":"https:\/\/www.livemag.it\/","logo":{"@type":"ImageObject","inLanguage":"it-IT","@id":"https:\/\/www.livemag.it\/#\/schema\/logo\/image\/","url":"https:\/\/www.livemag.it\/wp-content\/uploads\/2024\/02\/immagine-sito.jpg","contentUrl":"https:\/\/www.livemag.it\/wp-content\/uploads\/2024\/02\/immagine-sito.jpg","width":696,"height":696,"caption":"LiveMag"},"image":{"@id":"https:\/\/www.livemag.it\/#\/schema\/logo\/image\/"},"sameAs":["https:\/\/www.facebook.com\/LiveMag\/","https:\/\/x.com\/LiveNotizie","https:\/\/www.instagram.com\/livemag\/"]},{"@type":"Person","@id":"https:\/\/www.livemag.it\/#\/schema\/person\/b62c5f44451fdcdaeb0afe6c2424e73c","name":"italpress","image":{"@type":"ImageObject","inLanguage":"it-IT","@id":"https:\/\/secure.gravatar.com\/avatar\/b6a21695fc713ce7ee312cf57c97e2e641feb365be72d8745574d3c3e2b59066?s=96&r=g","url":"https:\/\/secure.gravatar.com\/avatar\/b6a21695fc713ce7ee312cf57c97e2e641feb365be72d8745574d3c3e2b59066?s=96&r=g","contentUrl":"https:\/\/secure.gravatar.com\/avatar\/b6a21695fc713ce7ee312cf57c97e2e641feb365be72d8745574d3c3e2b59066?s=96&r=g","caption":"italpress"},"description":"Italpress \u00e8 un'agenzia di stampa italiana a carattere nazionale.","url":"https:\/\/www.livemag.it\/index.php\/author\/italpress\/"}]}},"jetpack_featured_media_url":"https:\/\/www.livemag.it\/wp-content\/uploads\/2025\/08\/20250822_1057.jpg","_links":{"self":[{"href":"https:\/\/www.livemag.it\/index.php\/wp-json\/wp\/v2\/posts\/57341","targetHints":{"allow":["GET"]}}],"collection":[{"href":"https:\/\/www.livemag.it\/index.php\/wp-json\/wp\/v2\/posts"}],"about":[{"href":"https:\/\/www.livemag.it\/index.php\/wp-json\/wp\/v2\/types\/post"}],"author":[{"embeddable":true,"href":"https:\/\/www.livemag.it\/index.php\/wp-json\/wp\/v2\/users\/16"}],"replies":[{"embeddable":true,"href":"https:\/\/www.livemag.it\/index.php\/wp-json\/wp\/v2\/comments?post=57341"}],"version-history":[{"count":0,"href":"https:\/\/www.livemag.it\/index.php\/wp-json\/wp\/v2\/posts\/57341\/revisions"}],"wp:featuredmedia":[{"embeddable":true,"href":"https:\/\/www.livemag.it\/index.php\/wp-json\/wp\/v2\/media\/57342"}],"wp:attachment":[{"href":"https:\/\/www.livemag.it\/index.php\/wp-json\/wp\/v2\/media?parent=57341"}],"wp:term":[{"taxonomy":"category","embeddable":true,"href":"https:\/\/www.livemag.it\/index.php\/wp-json\/wp\/v2\/categories?post=57341"},{"taxonomy":"post_tag","embeddable":true,"href":"https:\/\/www.livemag.it\/index.php\/wp-json\/wp\/v2\/tags?post=57341"}],"curies":[{"name":"wp","href":"https:\/\/api.w.org\/{rel}","templated":true}]}}