{"id":57339,"date":"2025-08-22T18:02:26","date_gmt":"2025-08-22T16:02:26","guid":{"rendered":"https:\/\/www.livemag.it\/index.php\/2025\/08\/22\/gasperini-sincero-mi-aspettavo-un-mercato-piu-veloce\/"},"modified":"2025-08-22T18:02:26","modified_gmt":"2025-08-22T16:02:26","slug":"gasperini-sincero-mi-aspettavo-un-mercato-piu-veloce","status":"publish","type":"post","link":"https:\/\/www.livemag.it\/index.php\/2025\/08\/22\/gasperini-sincero-mi-aspettavo-un-mercato-piu-veloce\/","title":{"rendered":"Gasperini sincero \u201cMi aspettavo un mercato pi\u00f9 veloce\u201d"},"content":{"rendered":"<div>\n<p>ROMA (ITALPRESS) \u2013 <em>\u201cSe mi aspettavo un mercato pi\u00f9 veloce? Indubbiamente s\u00ec, soprattutto per un allenatore nuovo che arriva e magari mette altre idee. Ma con i ragazzi abbiamo lavorato bene. Con quelli che sono partiti dall\u2019inizio abbiamo fatto bene, gli altri sono arrivati a singhiozzo, poi c\u2019\u00e8 stato questo stallo. Tutti noi vorremmo sempre partire con una rosa definita per poter sfruttare al meglio il periodo di preparazione, ma questo ormai \u00e8 diventato utopia\u201d.<\/em> Cos\u00ec il tecnico della <strong>Roma,<\/strong> Gian Piero <strong>Gasperini,<\/strong> in conferenza stampa alla vigilia del debutto in campionato contro il <strong>Bologna.<\/strong> A chi gli chiede se gli fossero state fatte promesse, il tecnico giallorosso risponde:<em> \u201cChiaro che ti fai dei propositi, ma un conto sono i propositi e un conto \u00e8 la realizzazione. I propositi sono sempre validi e riconosciuti, poi la realizzazione magari ha tempi diversi\u201d<\/em>.<\/p>\n<p>Sul confronto tra gli attaccanti Ferguson e Dovbyk<em>: \u201cSono due \u2018strument\u00ec diversi, mi sembrano in crescita entrambi sul piano dinamico e fisico. Domani Artem \u00e8 convocato, dobbiamo essere concentrati sulla partita. Poi, quello che succeder\u00e0 nei prossimi dieci giorni lo vedremo, non ho la sfera di cristallo\u201d.<\/em> Proprio in vista del debutto in campionato domani sera all\u2019Olimpico, Gasperini fa il punto su Dybala<em>: \u201cE\u2019 rientrato ormai da dieci giorni, secondo me \u00e8 sulla strada giusta. Era partito bene nella preparazione, ha dovuto fermarsi un paio di settimane e ora \u00e8 ripartito. Secondo me non pu\u00f2 giocare novanta minuti, quindi o gioca dall\u2019inizio o a partita in corso. L\u2019infortunio di Bailey? Incredibile, siamo veramente dispiaciuti. Un peccato davvero. Al di l\u00e0 dell\u2019immediatezza della partita, anche se non so quanto avrebbe potuto essere utile nell\u2019immediato ma probabilmente s\u00ec, per l\u2019entit\u00e0 dell\u2019infortunio in un gesto veramente consueto\u201d<\/em>.<\/p>\n<p>L\u2019ex allenatore dell\u2019Atalanta, infine, si sofferma sul \u2018cas\u00f2 Pellegrini:<em> \u201cMi sembra sia vicino al recupero. Sono arrivato che era infortunato e non ha mai potuto allenarsi con la squadra. Ho visto che c\u2019\u00e8 una situazione non cos\u00ec chiara, non so perch\u00e8 non lo chiedete a lui o alla societ\u00e0. E\u2019 evidente che la societ\u00e0 non abbia intenzione di prolungargli il contratto ed \u00e8 evidente che Pellegrini abbia bisogno di giocare per ambire alla Nazionale e ai suoi obiettivi. Ho ereditato questa situazione e cerco di chiarirla: quello che sembra a me \u00e8 che se lui trova una soluzione adeguata \u00e8 contento di andare via ed \u00e8 contenta anche la societ\u00e0. Ma questa soluzione \u00e8 faticosa da trovare e quindi c\u2019\u00e8 questo stallo\u201d.<\/em><\/p>\n<p>\u2013 Foto Ipa Agency \u2013<\/p>\n<p>(ITALPRESS).<\/p>\n<\/div>\n","protected":false},"excerpt":{"rendered":"<p>ROMA (ITALPRESS) \u2013 \u201cSe mi aspettavo un mercato pi\u00f9 veloce? Indubbiamente s\u00ec, soprattutto per un allenatore nuovo che arriva e magari mette altre idee. Ma con i ragazzi abbiamo lavorato bene. Con quelli che sono partiti dall\u2019inizio abbiamo fatto bene, gli altri sono arrivati a singhiozzo, poi c\u2019\u00e8 stato questo stallo. Tutti noi vorremmo sempre [&hellip;]<\/p>\n","protected":false},"author":16,"featured_media":57340,"comment_status":"closed","ping_status":"closed","sticky":false,"template":"","format":"standard","meta":{"jnews-multi-image_gallery":[],"jnews_single_post":[],"jnews_primary_category":[],"jnews_social_meta":[],"jnews_override_counter":[],"jnews_post_split":[],"footnotes":""},"categories":[1129],"tags":[],"class_list":["post-57339","post","type-post","status-publish","format-standard","has-post-thumbnail","hentry","category-mondo"],"yoast_head":"<!-- This site is optimized with the Yoast SEO plugin v27.5 - https:\/\/yoast.com\/product\/yoast-seo-wordpress\/ -->\n<title>Gasperini sincero \u201cMi aspettavo un mercato pi\u00f9 veloce\u201d - Live Magazine<\/title>\n<meta name=\"robots\" content=\"index, follow, max-snippet:-1, max-image-preview:large, max-video-preview:-1\" \/>\n<link rel=\"canonical\" href=\"https:\/\/www.livemag.it\/index.php\/2025\/08\/22\/gasperini-sincero-mi-aspettavo-un-mercato-piu-veloce\/\" \/>\n<meta property=\"og:locale\" content=\"it_IT\" \/>\n<meta property=\"og:type\" content=\"article\" \/>\n<meta property=\"og:title\" content=\"Gasperini sincero \u201cMi aspettavo un mercato pi\u00f9 veloce\u201d - Live Magazine\" \/>\n<meta property=\"og:description\" content=\"ROMA (ITALPRESS) \u2013 \u201cSe mi aspettavo un mercato pi\u00f9 veloce? Indubbiamente s\u00ec, soprattutto per un allenatore nuovo che arriva e magari mette altre idee. Ma con i ragazzi abbiamo lavorato bene. Con quelli che sono partiti dall\u2019inizio abbiamo fatto bene, gli altri sono arrivati a singhiozzo, poi c\u2019\u00e8 stato questo stallo. Tutti noi vorremmo sempre [&hellip;]\" \/>\n<meta property=\"og:url\" content=\"https:\/\/www.livemag.it\/index.php\/2025\/08\/22\/gasperini-sincero-mi-aspettavo-un-mercato-piu-veloce\/\" \/>\n<meta property=\"og:site_name\" content=\"Live Magazine\" \/>\n<meta property=\"article:publisher\" content=\"https:\/\/www.facebook.com\/LiveMag\/\" \/>\n<meta property=\"article:published_time\" content=\"2025-08-22T16:02:26+00:00\" \/>\n<meta property=\"og:image\" content=\"https:\/\/www.livemag.it\/wp-content\/uploads\/2024\/02\/ograph.jpg\" \/>\n\t<meta property=\"og:image:width\" content=\"1200\" \/>\n\t<meta property=\"og:image:height\" content=\"675\" \/>\n\t<meta property=\"og:image:type\" content=\"image\/jpeg\" \/>\n<meta name=\"author\" content=\"italpress\" \/>\n<meta name=\"twitter:card\" content=\"summary_large_image\" \/>\n<meta name=\"twitter:creator\" content=\"@LiveNotizie\" \/>\n<meta name=\"twitter:site\" content=\"@LiveNotizie\" \/>\n<meta name=\"twitter:label1\" content=\"Scritto da\" \/>\n\t<meta name=\"twitter:data1\" content=\"italpress\" \/>\n\t<meta name=\"twitter:label2\" content=\"Tempo di lettura stimato\" \/>\n\t<meta name=\"twitter:data2\" content=\"2 minuti\" \/>\n<script type=\"application\/ld+json\" class=\"yoast-schema-graph\">{\"@context\":\"https:\\\/\\\/schema.org\",\"@graph\":[{\"@type\":\"Article\",\"@id\":\"https:\\\/\\\/www.livemag.it\\\/index.php\\\/2025\\\/08\\\/22\\\/gasperini-sincero-mi-aspettavo-un-mercato-piu-veloce\\\/#article\",\"isPartOf\":{\"@id\":\"https:\\\/\\\/www.livemag.it\\\/index.php\\\/2025\\\/08\\\/22\\\/gasperini-sincero-mi-aspettavo-un-mercato-piu-veloce\\\/\"},\"author\":{\"name\":\"italpress\",\"@id\":\"https:\\\/\\\/www.livemag.it\\\/#\\\/schema\\\/person\\\/b62c5f44451fdcdaeb0afe6c2424e73c\"},\"headline\":\"Gasperini sincero \u201cMi aspettavo un mercato pi\u00f9 veloce\u201d\",\"datePublished\":\"2025-08-22T16:02:26+00:00\",\"mainEntityOfPage\":{\"@id\":\"https:\\\/\\\/www.livemag.it\\\/index.php\\\/2025\\\/08\\\/22\\\/gasperini-sincero-mi-aspettavo-un-mercato-piu-veloce\\\/\"},\"wordCount\":418,\"publisher\":{\"@id\":\"https:\\\/\\\/www.livemag.it\\\/#organization\"},\"image\":{\"@id\":\"https:\\\/\\\/www.livemag.it\\\/index.php\\\/2025\\\/08\\\/22\\\/gasperini-sincero-mi-aspettavo-un-mercato-piu-veloce\\\/#primaryimage\"},\"thumbnailUrl\":\"https:\\\/\\\/www.livemag.it\\\/wp-content\\\/uploads\\\/2025\\\/08\\\/20250822_0929.jpg\",\"articleSection\":[\"Mondo\"],\"inLanguage\":\"it-IT\"},{\"@type\":\"WebPage\",\"@id\":\"https:\\\/\\\/www.livemag.it\\\/index.php\\\/2025\\\/08\\\/22\\\/gasperini-sincero-mi-aspettavo-un-mercato-piu-veloce\\\/\",\"url\":\"https:\\\/\\\/www.livemag.it\\\/index.php\\\/2025\\\/08\\\/22\\\/gasperini-sincero-mi-aspettavo-un-mercato-piu-veloce\\\/\",\"name\":\"Gasperini sincero \u201cMi aspettavo un mercato pi\u00f9 veloce\u201d - Live Magazine\",\"isPartOf\":{\"@id\":\"https:\\\/\\\/www.livemag.it\\\/#website\"},\"primaryImageOfPage\":{\"@id\":\"https:\\\/\\\/www.livemag.it\\\/index.php\\\/2025\\\/08\\\/22\\\/gasperini-sincero-mi-aspettavo-un-mercato-piu-veloce\\\/#primaryimage\"},\"image\":{\"@id\":\"https:\\\/\\\/www.livemag.it\\\/index.php\\\/2025\\\/08\\\/22\\\/gasperini-sincero-mi-aspettavo-un-mercato-piu-veloce\\\/#primaryimage\"},\"thumbnailUrl\":\"https:\\\/\\\/www.livemag.it\\\/wp-content\\\/uploads\\\/2025\\\/08\\\/20250822_0929.jpg\",\"datePublished\":\"2025-08-22T16:02:26+00:00\",\"breadcrumb\":{\"@id\":\"https:\\\/\\\/www.livemag.it\\\/index.php\\\/2025\\\/08\\\/22\\\/gasperini-sincero-mi-aspettavo-un-mercato-piu-veloce\\\/#breadcrumb\"},\"inLanguage\":\"it-IT\",\"potentialAction\":[{\"@type\":\"ReadAction\",\"target\":[\"https:\\\/\\\/www.livemag.it\\\/index.php\\\/2025\\\/08\\\/22\\\/gasperini-sincero-mi-aspettavo-un-mercato-piu-veloce\\\/\"]}]},{\"@type\":\"ImageObject\",\"inLanguage\":\"it-IT\",\"@id\":\"https:\\\/\\\/www.livemag.it\\\/index.php\\\/2025\\\/08\\\/22\\\/gasperini-sincero-mi-aspettavo-un-mercato-piu-veloce\\\/#primaryimage\",\"url\":\"https:\\\/\\\/www.livemag.it\\\/wp-content\\\/uploads\\\/2025\\\/08\\\/20250822_0929.jpg\",\"contentUrl\":\"https:\\\/\\\/www.livemag.it\\\/wp-content\\\/uploads\\\/2025\\\/08\\\/20250822_0929.jpg\",\"width\":1200,\"height\":800},{\"@type\":\"BreadcrumbList\",\"@id\":\"https:\\\/\\\/www.livemag.it\\\/index.php\\\/2025\\\/08\\\/22\\\/gasperini-sincero-mi-aspettavo-un-mercato-piu-veloce\\\/#breadcrumb\",\"itemListElement\":[{\"@type\":\"ListItem\",\"position\":1,\"name\":\"Home\",\"item\":\"https:\\\/\\\/www.livemag.it\\\/\"},{\"@type\":\"ListItem\",\"position\":2,\"name\":\"Gasperini sincero \u201cMi aspettavo un mercato pi\u00f9 veloce\u201d\"}]},{\"@type\":\"WebSite\",\"@id\":\"https:\\\/\\\/www.livemag.it\\\/#website\",\"url\":\"https:\\\/\\\/www.livemag.it\\\/\",\"name\":\"Live Magazine\",\"description\":\"Varie ed eventi\",\"publisher\":{\"@id\":\"https:\\\/\\\/www.livemag.it\\\/#organization\"},\"potentialAction\":[{\"@type\":\"SearchAction\",\"target\":{\"@type\":\"EntryPoint\",\"urlTemplate\":\"https:\\\/\\\/www.livemag.it\\\/?s={search_term_string}\"},\"query-input\":{\"@type\":\"PropertyValueSpecification\",\"valueRequired\":true,\"valueName\":\"search_term_string\"}}],\"inLanguage\":\"it-IT\"},{\"@type\":\"Organization\",\"@id\":\"https:\\\/\\\/www.livemag.it\\\/#organization\",\"name\":\"LiveMag\",\"alternateName\":\"LiveMag News ed eventi\",\"url\":\"https:\\\/\\\/www.livemag.it\\\/\",\"logo\":{\"@type\":\"ImageObject\",\"inLanguage\":\"it-IT\",\"@id\":\"https:\\\/\\\/www.livemag.it\\\/#\\\/schema\\\/logo\\\/image\\\/\",\"url\":\"https:\\\/\\\/www.livemag.it\\\/wp-content\\\/uploads\\\/2024\\\/02\\\/immagine-sito.jpg\",\"contentUrl\":\"https:\\\/\\\/www.livemag.it\\\/wp-content\\\/uploads\\\/2024\\\/02\\\/immagine-sito.jpg\",\"width\":696,\"height\":696,\"caption\":\"LiveMag\"},\"image\":{\"@id\":\"https:\\\/\\\/www.livemag.it\\\/#\\\/schema\\\/logo\\\/image\\\/\"},\"sameAs\":[\"https:\\\/\\\/www.facebook.com\\\/LiveMag\\\/\",\"https:\\\/\\\/x.com\\\/LiveNotizie\",\"https:\\\/\\\/www.instagram.com\\\/livemag\\\/\"]},{\"@type\":\"Person\",\"@id\":\"https:\\\/\\\/www.livemag.it\\\/#\\\/schema\\\/person\\\/b62c5f44451fdcdaeb0afe6c2424e73c\",\"name\":\"italpress\",\"image\":{\"@type\":\"ImageObject\",\"inLanguage\":\"it-IT\",\"@id\":\"https:\\\/\\\/secure.gravatar.com\\\/avatar\\\/b6a21695fc713ce7ee312cf57c97e2e641feb365be72d8745574d3c3e2b59066?s=96&r=g\",\"url\":\"https:\\\/\\\/secure.gravatar.com\\\/avatar\\\/b6a21695fc713ce7ee312cf57c97e2e641feb365be72d8745574d3c3e2b59066?s=96&r=g\",\"contentUrl\":\"https:\\\/\\\/secure.gravatar.com\\\/avatar\\\/b6a21695fc713ce7ee312cf57c97e2e641feb365be72d8745574d3c3e2b59066?s=96&r=g\",\"caption\":\"italpress\"},\"description\":\"Italpress \u00e8 un'agenzia di stampa italiana a carattere nazionale.\",\"url\":\"https:\\\/\\\/www.livemag.it\\\/index.php\\\/author\\\/italpress\\\/\"}]}<\/script>\n<!-- \/ Yoast SEO plugin. -->","yoast_head_json":{"title":"Gasperini sincero \u201cMi aspettavo un mercato pi\u00f9 veloce\u201d - Live Magazine","robots":{"index":"index","follow":"follow","max-snippet":"max-snippet:-1","max-image-preview":"max-image-preview:large","max-video-preview":"max-video-preview:-1"},"canonical":"https:\/\/www.livemag.it\/index.php\/2025\/08\/22\/gasperini-sincero-mi-aspettavo-un-mercato-piu-veloce\/","og_locale":"it_IT","og_type":"article","og_title":"Gasperini sincero \u201cMi aspettavo un mercato pi\u00f9 veloce\u201d - Live Magazine","og_description":"ROMA (ITALPRESS) \u2013 \u201cSe mi aspettavo un mercato pi\u00f9 veloce? Indubbiamente s\u00ec, soprattutto per un allenatore nuovo che arriva e magari mette altre idee. Ma con i ragazzi abbiamo lavorato bene. Con quelli che sono partiti dall\u2019inizio abbiamo fatto bene, gli altri sono arrivati a singhiozzo, poi c\u2019\u00e8 stato questo stallo. Tutti noi vorremmo sempre [&hellip;]","og_url":"https:\/\/www.livemag.it\/index.php\/2025\/08\/22\/gasperini-sincero-mi-aspettavo-un-mercato-piu-veloce\/","og_site_name":"Live Magazine","article_publisher":"https:\/\/www.facebook.com\/LiveMag\/","article_published_time":"2025-08-22T16:02:26+00:00","og_image":[{"width":1200,"height":675,"url":"https:\/\/www.livemag.it\/wp-content\/uploads\/2024\/02\/ograph.jpg","type":"image\/jpeg"}],"author":"italpress","twitter_card":"summary_large_image","twitter_creator":"@LiveNotizie","twitter_site":"@LiveNotizie","twitter_misc":{"Scritto da":"italpress","Tempo di lettura stimato":"2 minuti"},"schema":{"@context":"https:\/\/schema.org","@graph":[{"@type":"Article","@id":"https:\/\/www.livemag.it\/index.php\/2025\/08\/22\/gasperini-sincero-mi-aspettavo-un-mercato-piu-veloce\/#article","isPartOf":{"@id":"https:\/\/www.livemag.it\/index.php\/2025\/08\/22\/gasperini-sincero-mi-aspettavo-un-mercato-piu-veloce\/"},"author":{"name":"italpress","@id":"https:\/\/www.livemag.it\/#\/schema\/person\/b62c5f44451fdcdaeb0afe6c2424e73c"},"headline":"Gasperini sincero \u201cMi aspettavo un mercato pi\u00f9 veloce\u201d","datePublished":"2025-08-22T16:02:26+00:00","mainEntityOfPage":{"@id":"https:\/\/www.livemag.it\/index.php\/2025\/08\/22\/gasperini-sincero-mi-aspettavo-un-mercato-piu-veloce\/"},"wordCount":418,"publisher":{"@id":"https:\/\/www.livemag.it\/#organization"},"image":{"@id":"https:\/\/www.livemag.it\/index.php\/2025\/08\/22\/gasperini-sincero-mi-aspettavo-un-mercato-piu-veloce\/#primaryimage"},"thumbnailUrl":"https:\/\/www.livemag.it\/wp-content\/uploads\/2025\/08\/20250822_0929.jpg","articleSection":["Mondo"],"inLanguage":"it-IT"},{"@type":"WebPage","@id":"https:\/\/www.livemag.it\/index.php\/2025\/08\/22\/gasperini-sincero-mi-aspettavo-un-mercato-piu-veloce\/","url":"https:\/\/www.livemag.it\/index.php\/2025\/08\/22\/gasperini-sincero-mi-aspettavo-un-mercato-piu-veloce\/","name":"Gasperini sincero \u201cMi aspettavo un mercato pi\u00f9 veloce\u201d - Live Magazine","isPartOf":{"@id":"https:\/\/www.livemag.it\/#website"},"primaryImageOfPage":{"@id":"https:\/\/www.livemag.it\/index.php\/2025\/08\/22\/gasperini-sincero-mi-aspettavo-un-mercato-piu-veloce\/#primaryimage"},"image":{"@id":"https:\/\/www.livemag.it\/index.php\/2025\/08\/22\/gasperini-sincero-mi-aspettavo-un-mercato-piu-veloce\/#primaryimage"},"thumbnailUrl":"https:\/\/www.livemag.it\/wp-content\/uploads\/2025\/08\/20250822_0929.jpg","datePublished":"2025-08-22T16:02:26+00:00","breadcrumb":{"@id":"https:\/\/www.livemag.it\/index.php\/2025\/08\/22\/gasperini-sincero-mi-aspettavo-un-mercato-piu-veloce\/#breadcrumb"},"inLanguage":"it-IT","potentialAction":[{"@type":"ReadAction","target":["https:\/\/www.livemag.it\/index.php\/2025\/08\/22\/gasperini-sincero-mi-aspettavo-un-mercato-piu-veloce\/"]}]},{"@type":"ImageObject","inLanguage":"it-IT","@id":"https:\/\/www.livemag.it\/index.php\/2025\/08\/22\/gasperini-sincero-mi-aspettavo-un-mercato-piu-veloce\/#primaryimage","url":"https:\/\/www.livemag.it\/wp-content\/uploads\/2025\/08\/20250822_0929.jpg","contentUrl":"https:\/\/www.livemag.it\/wp-content\/uploads\/2025\/08\/20250822_0929.jpg","width":1200,"height":800},{"@type":"BreadcrumbList","@id":"https:\/\/www.livemag.it\/index.php\/2025\/08\/22\/gasperini-sincero-mi-aspettavo-un-mercato-piu-veloce\/#breadcrumb","itemListElement":[{"@type":"ListItem","position":1,"name":"Home","item":"https:\/\/www.livemag.it\/"},{"@type":"ListItem","position":2,"name":"Gasperini sincero \u201cMi aspettavo un mercato pi\u00f9 veloce\u201d"}]},{"@type":"WebSite","@id":"https:\/\/www.livemag.it\/#website","url":"https:\/\/www.livemag.it\/","name":"Live Magazine","description":"Varie ed eventi","publisher":{"@id":"https:\/\/www.livemag.it\/#organization"},"potentialAction":[{"@type":"SearchAction","target":{"@type":"EntryPoint","urlTemplate":"https:\/\/www.livemag.it\/?s={search_term_string}"},"query-input":{"@type":"PropertyValueSpecification","valueRequired":true,"valueName":"search_term_string"}}],"inLanguage":"it-IT"},{"@type":"Organization","@id":"https:\/\/www.livemag.it\/#organization","name":"LiveMag","alternateName":"LiveMag News ed eventi","url":"https:\/\/www.livemag.it\/","logo":{"@type":"ImageObject","inLanguage":"it-IT","@id":"https:\/\/www.livemag.it\/#\/schema\/logo\/image\/","url":"https:\/\/www.livemag.it\/wp-content\/uploads\/2024\/02\/immagine-sito.jpg","contentUrl":"https:\/\/www.livemag.it\/wp-content\/uploads\/2024\/02\/immagine-sito.jpg","width":696,"height":696,"caption":"LiveMag"},"image":{"@id":"https:\/\/www.livemag.it\/#\/schema\/logo\/image\/"},"sameAs":["https:\/\/www.facebook.com\/LiveMag\/","https:\/\/x.com\/LiveNotizie","https:\/\/www.instagram.com\/livemag\/"]},{"@type":"Person","@id":"https:\/\/www.livemag.it\/#\/schema\/person\/b62c5f44451fdcdaeb0afe6c2424e73c","name":"italpress","image":{"@type":"ImageObject","inLanguage":"it-IT","@id":"https:\/\/secure.gravatar.com\/avatar\/b6a21695fc713ce7ee312cf57c97e2e641feb365be72d8745574d3c3e2b59066?s=96&r=g","url":"https:\/\/secure.gravatar.com\/avatar\/b6a21695fc713ce7ee312cf57c97e2e641feb365be72d8745574d3c3e2b59066?s=96&r=g","contentUrl":"https:\/\/secure.gravatar.com\/avatar\/b6a21695fc713ce7ee312cf57c97e2e641feb365be72d8745574d3c3e2b59066?s=96&r=g","caption":"italpress"},"description":"Italpress \u00e8 un'agenzia di stampa italiana a carattere nazionale.","url":"https:\/\/www.livemag.it\/index.php\/author\/italpress\/"}]}},"jetpack_featured_media_url":"https:\/\/www.livemag.it\/wp-content\/uploads\/2025\/08\/20250822_0929.jpg","_links":{"self":[{"href":"https:\/\/www.livemag.it\/index.php\/wp-json\/wp\/v2\/posts\/57339","targetHints":{"allow":["GET"]}}],"collection":[{"href":"https:\/\/www.livemag.it\/index.php\/wp-json\/wp\/v2\/posts"}],"about":[{"href":"https:\/\/www.livemag.it\/index.php\/wp-json\/wp\/v2\/types\/post"}],"author":[{"embeddable":true,"href":"https:\/\/www.livemag.it\/index.php\/wp-json\/wp\/v2\/users\/16"}],"replies":[{"embeddable":true,"href":"https:\/\/www.livemag.it\/index.php\/wp-json\/wp\/v2\/comments?post=57339"}],"version-history":[{"count":0,"href":"https:\/\/www.livemag.it\/index.php\/wp-json\/wp\/v2\/posts\/57339\/revisions"}],"wp:featuredmedia":[{"embeddable":true,"href":"https:\/\/www.livemag.it\/index.php\/wp-json\/wp\/v2\/media\/57340"}],"wp:attachment":[{"href":"https:\/\/www.livemag.it\/index.php\/wp-json\/wp\/v2\/media?parent=57339"}],"wp:term":[{"taxonomy":"category","embeddable":true,"href":"https:\/\/www.livemag.it\/index.php\/wp-json\/wp\/v2\/categories?post=57339"},{"taxonomy":"post_tag","embeddable":true,"href":"https:\/\/www.livemag.it\/index.php\/wp-json\/wp\/v2\/tags?post=57339"}],"curies":[{"name":"wp","href":"https:\/\/api.w.org\/{rel}","templated":true}]}}