{"id":57332,"date":"2025-08-22T15:02:55","date_gmt":"2025-08-22T13:02:55","guid":{"rendered":"https:\/\/www.livemag.it\/index.php\/2025\/08\/22\/allegri-nel-milan-deve-regnare-equilibrio-obiettivo-champions\/"},"modified":"2025-08-22T15:02:55","modified_gmt":"2025-08-22T13:02:55","slug":"allegri-nel-milan-deve-regnare-equilibrio-obiettivo-champions","status":"publish","type":"post","link":"https:\/\/www.livemag.it\/index.php\/2025\/08\/22\/allegri-nel-milan-deve-regnare-equilibrio-obiettivo-champions\/","title":{"rendered":"Allegri \u201cNel Milan deve regnare equilibrio, obiettivo Champions\u201d"},"content":{"rendered":"<div>\n<p>MILANO (ITALPRESS) \u2013<em> \u201cNel Milan deve regnare l\u2019equilibrio, il nostro obiettivo \u00e8 giocare la Champions l\u2019anno prossimo senza porsi limiti\u201d.<\/em> Lo ha detto il tecnico del <strong>Milan,<\/strong> Massimiliano <strong>Allegri,<\/strong> alla vigilia del debutto in campionato nel derby lombardo con la neo-promossa <strong>Cremonese.<\/strong> <em>\u201cIl gruppo sta crescendo e pu\u00f2 fare tante cose<\/em> \u2013 ha aggiunto il mister rossonero in conferenza stampa \u2013 <em>Dobbiamo essere una squadra che rispetta ogni avversario, la vittoria va sempre conquistata sul campo, non \u00e8 che domani partiamo sul 2-0 perch\u00e8 ci chiamiamo Milan. Tutte le partite che giocheremo saranno difficili da vincere, soprattutto nel campionato italiano, dove c\u2019\u00e8 tanta tattica\u201d<\/em>.<em> \u201cDomani iniziamo la stagione con una partita importante, c\u2019\u00e8 molta curiosit\u00e0 da parte mia anche perch\u00e8 torno in panchina dopo un anno<\/em> \u2013 ha proseguito l\u2019ex mister della Juve \u2013<em> E\u2019 stato bello vedere cos\u00ec tante persone in Coppa Italia, anche domani ci saranno tanti tifosi. Dovremo cercare di lavorare bene e arrivare almeno fino a marzo nelle migliori condizioni possibili. Sono molto felice dei ragazzi, stanno diventando una squadra vera<\/em>\u201c. Su Modric:<em> \u201cPer lui parla la carriera, \u00e8 meraviglioso quando tocca la palla ed \u00e8 entrato con umilt\u00e0 nel gruppo. Non pu\u00f2 avere la fisicit\u00e0 di dieci anni fa, star\u00e0 a me cercare di gestirlo durante l\u2019annata perch\u00e8 sar\u00e0 molto utile alla squadra, in campo e fuori\u201d.<\/em><\/p>\n<p>Allegri si \u00e8 detto soddisfatto del mercato fatto sin qui dal club:<em> \u201cLa societ\u00e0 ha fatto un buon lavoro sia in uscita che in entrata, tutti i giorni ci sentiamo con la dirigenza per capire gli obiettivi e vedere cosa potr\u00e0 accadere. Sono contento dei ragazzi che ho a disposizione, adesso per\u00f2 l\u2019importante \u00e8 la partita di domani sera\u201d.<\/em> Allegri ha concluso con una battuta: <em>\u201cE\u2019 un anno che sto fermo, non so domani come mi comporter\u00f2, speriamo di non fare danni e che i ragazzi mi regalino la vittoria al rientro in panchina\u201d.<\/em><\/p>\n<p>\u2013 Foto Ipa Agency \u2013<\/p>\n<p>(ITALPRESS).<\/p>\n<\/div>\n","protected":false},"excerpt":{"rendered":"<p>MILANO (ITALPRESS) \u2013 \u201cNel Milan deve regnare l\u2019equilibrio, il nostro obiettivo \u00e8 giocare la Champions l\u2019anno prossimo senza porsi limiti\u201d. Lo ha detto il tecnico del Milan, Massimiliano Allegri, alla vigilia del debutto in campionato nel derby lombardo con la neo-promossa Cremonese. \u201cIl gruppo sta crescendo e pu\u00f2 fare tante cose \u2013 ha aggiunto il [&hellip;]<\/p>\n","protected":false},"author":16,"featured_media":57333,"comment_status":"closed","ping_status":"closed","sticky":false,"template":"","format":"standard","meta":{"jnews-multi-image_gallery":[],"jnews_single_post":[],"jnews_primary_category":[],"jnews_social_meta":[],"jnews_override_counter":[],"jnews_post_split":[],"footnotes":""},"categories":[1129],"tags":[],"class_list":["post-57332","post","type-post","status-publish","format-standard","has-post-thumbnail","hentry","category-mondo"],"yoast_head":"<!-- This site is optimized with the Yoast SEO plugin v27.5 - https:\/\/yoast.com\/product\/yoast-seo-wordpress\/ -->\n<title>Allegri \u201cNel Milan deve regnare equilibrio, obiettivo Champions\u201d - Live Magazine<\/title>\n<meta name=\"robots\" content=\"index, follow, max-snippet:-1, max-image-preview:large, max-video-preview:-1\" \/>\n<link rel=\"canonical\" href=\"https:\/\/www.livemag.it\/index.php\/2025\/08\/22\/allegri-nel-milan-deve-regnare-equilibrio-obiettivo-champions\/\" \/>\n<meta property=\"og:locale\" content=\"it_IT\" \/>\n<meta property=\"og:type\" content=\"article\" \/>\n<meta property=\"og:title\" content=\"Allegri \u201cNel Milan deve regnare equilibrio, obiettivo Champions\u201d - Live Magazine\" \/>\n<meta property=\"og:description\" content=\"MILANO (ITALPRESS) \u2013 \u201cNel Milan deve regnare l\u2019equilibrio, il nostro obiettivo \u00e8 giocare la Champions l\u2019anno prossimo senza porsi limiti\u201d. Lo ha detto il tecnico del Milan, Massimiliano Allegri, alla vigilia del debutto in campionato nel derby lombardo con la neo-promossa Cremonese. \u201cIl gruppo sta crescendo e pu\u00f2 fare tante cose \u2013 ha aggiunto il [&hellip;]\" \/>\n<meta property=\"og:url\" content=\"https:\/\/www.livemag.it\/index.php\/2025\/08\/22\/allegri-nel-milan-deve-regnare-equilibrio-obiettivo-champions\/\" \/>\n<meta property=\"og:site_name\" content=\"Live Magazine\" \/>\n<meta property=\"article:publisher\" content=\"https:\/\/www.facebook.com\/LiveMag\/\" \/>\n<meta property=\"article:published_time\" content=\"2025-08-22T13:02:55+00:00\" \/>\n<meta property=\"og:image\" content=\"https:\/\/www.livemag.it\/wp-content\/uploads\/2024\/02\/ograph.jpg\" \/>\n\t<meta property=\"og:image:width\" content=\"1200\" \/>\n\t<meta property=\"og:image:height\" content=\"675\" \/>\n\t<meta property=\"og:image:type\" content=\"image\/jpeg\" \/>\n<meta name=\"author\" content=\"italpress\" \/>\n<meta name=\"twitter:card\" content=\"summary_large_image\" \/>\n<meta name=\"twitter:creator\" content=\"@LiveNotizie\" \/>\n<meta name=\"twitter:site\" content=\"@LiveNotizie\" \/>\n<meta name=\"twitter:label1\" content=\"Scritto da\" \/>\n\t<meta name=\"twitter:data1\" content=\"italpress\" \/>\n\t<meta name=\"twitter:label2\" content=\"Tempo di lettura stimato\" \/>\n\t<meta name=\"twitter:data2\" content=\"2 minuti\" \/>\n<script type=\"application\/ld+json\" class=\"yoast-schema-graph\">{\"@context\":\"https:\\\/\\\/schema.org\",\"@graph\":[{\"@type\":\"Article\",\"@id\":\"https:\\\/\\\/www.livemag.it\\\/index.php\\\/2025\\\/08\\\/22\\\/allegri-nel-milan-deve-regnare-equilibrio-obiettivo-champions\\\/#article\",\"isPartOf\":{\"@id\":\"https:\\\/\\\/www.livemag.it\\\/index.php\\\/2025\\\/08\\\/22\\\/allegri-nel-milan-deve-regnare-equilibrio-obiettivo-champions\\\/\"},\"author\":{\"name\":\"italpress\",\"@id\":\"https:\\\/\\\/www.livemag.it\\\/#\\\/schema\\\/person\\\/b62c5f44451fdcdaeb0afe6c2424e73c\"},\"headline\":\"Allegri \u201cNel Milan deve regnare equilibrio, obiettivo Champions\u201d\",\"datePublished\":\"2025-08-22T13:02:55+00:00\",\"mainEntityOfPage\":{\"@id\":\"https:\\\/\\\/www.livemag.it\\\/index.php\\\/2025\\\/08\\\/22\\\/allegri-nel-milan-deve-regnare-equilibrio-obiettivo-champions\\\/\"},\"wordCount\":322,\"publisher\":{\"@id\":\"https:\\\/\\\/www.livemag.it\\\/#organization\"},\"image\":{\"@id\":\"https:\\\/\\\/www.livemag.it\\\/index.php\\\/2025\\\/08\\\/22\\\/allegri-nel-milan-deve-regnare-equilibrio-obiettivo-champions\\\/#primaryimage\"},\"thumbnailUrl\":\"https:\\\/\\\/www.livemag.it\\\/wp-content\\\/uploads\\\/2025\\\/08\\\/20250822_0520.jpg\",\"articleSection\":[\"Mondo\"],\"inLanguage\":\"it-IT\"},{\"@type\":\"WebPage\",\"@id\":\"https:\\\/\\\/www.livemag.it\\\/index.php\\\/2025\\\/08\\\/22\\\/allegri-nel-milan-deve-regnare-equilibrio-obiettivo-champions\\\/\",\"url\":\"https:\\\/\\\/www.livemag.it\\\/index.php\\\/2025\\\/08\\\/22\\\/allegri-nel-milan-deve-regnare-equilibrio-obiettivo-champions\\\/\",\"name\":\"Allegri \u201cNel Milan deve regnare equilibrio, obiettivo Champions\u201d - Live Magazine\",\"isPartOf\":{\"@id\":\"https:\\\/\\\/www.livemag.it\\\/#website\"},\"primaryImageOfPage\":{\"@id\":\"https:\\\/\\\/www.livemag.it\\\/index.php\\\/2025\\\/08\\\/22\\\/allegri-nel-milan-deve-regnare-equilibrio-obiettivo-champions\\\/#primaryimage\"},\"image\":{\"@id\":\"https:\\\/\\\/www.livemag.it\\\/index.php\\\/2025\\\/08\\\/22\\\/allegri-nel-milan-deve-regnare-equilibrio-obiettivo-champions\\\/#primaryimage\"},\"thumbnailUrl\":\"https:\\\/\\\/www.livemag.it\\\/wp-content\\\/uploads\\\/2025\\\/08\\\/20250822_0520.jpg\",\"datePublished\":\"2025-08-22T13:02:55+00:00\",\"breadcrumb\":{\"@id\":\"https:\\\/\\\/www.livemag.it\\\/index.php\\\/2025\\\/08\\\/22\\\/allegri-nel-milan-deve-regnare-equilibrio-obiettivo-champions\\\/#breadcrumb\"},\"inLanguage\":\"it-IT\",\"potentialAction\":[{\"@type\":\"ReadAction\",\"target\":[\"https:\\\/\\\/www.livemag.it\\\/index.php\\\/2025\\\/08\\\/22\\\/allegri-nel-milan-deve-regnare-equilibrio-obiettivo-champions\\\/\"]}]},{\"@type\":\"ImageObject\",\"inLanguage\":\"it-IT\",\"@id\":\"https:\\\/\\\/www.livemag.it\\\/index.php\\\/2025\\\/08\\\/22\\\/allegri-nel-milan-deve-regnare-equilibrio-obiettivo-champions\\\/#primaryimage\",\"url\":\"https:\\\/\\\/www.livemag.it\\\/wp-content\\\/uploads\\\/2025\\\/08\\\/20250822_0520.jpg\",\"contentUrl\":\"https:\\\/\\\/www.livemag.it\\\/wp-content\\\/uploads\\\/2025\\\/08\\\/20250822_0520.jpg\",\"width\":1200,\"height\":818},{\"@type\":\"BreadcrumbList\",\"@id\":\"https:\\\/\\\/www.livemag.it\\\/index.php\\\/2025\\\/08\\\/22\\\/allegri-nel-milan-deve-regnare-equilibrio-obiettivo-champions\\\/#breadcrumb\",\"itemListElement\":[{\"@type\":\"ListItem\",\"position\":1,\"name\":\"Home\",\"item\":\"https:\\\/\\\/www.livemag.it\\\/\"},{\"@type\":\"ListItem\",\"position\":2,\"name\":\"Allegri \u201cNel Milan deve regnare equilibrio, obiettivo Champions\u201d\"}]},{\"@type\":\"WebSite\",\"@id\":\"https:\\\/\\\/www.livemag.it\\\/#website\",\"url\":\"https:\\\/\\\/www.livemag.it\\\/\",\"name\":\"Live Magazine\",\"description\":\"Varie ed eventi\",\"publisher\":{\"@id\":\"https:\\\/\\\/www.livemag.it\\\/#organization\"},\"potentialAction\":[{\"@type\":\"SearchAction\",\"target\":{\"@type\":\"EntryPoint\",\"urlTemplate\":\"https:\\\/\\\/www.livemag.it\\\/?s={search_term_string}\"},\"query-input\":{\"@type\":\"PropertyValueSpecification\",\"valueRequired\":true,\"valueName\":\"search_term_string\"}}],\"inLanguage\":\"it-IT\"},{\"@type\":\"Organization\",\"@id\":\"https:\\\/\\\/www.livemag.it\\\/#organization\",\"name\":\"LiveMag\",\"alternateName\":\"LiveMag News ed eventi\",\"url\":\"https:\\\/\\\/www.livemag.it\\\/\",\"logo\":{\"@type\":\"ImageObject\",\"inLanguage\":\"it-IT\",\"@id\":\"https:\\\/\\\/www.livemag.it\\\/#\\\/schema\\\/logo\\\/image\\\/\",\"url\":\"https:\\\/\\\/www.livemag.it\\\/wp-content\\\/uploads\\\/2024\\\/02\\\/immagine-sito.jpg\",\"contentUrl\":\"https:\\\/\\\/www.livemag.it\\\/wp-content\\\/uploads\\\/2024\\\/02\\\/immagine-sito.jpg\",\"width\":696,\"height\":696,\"caption\":\"LiveMag\"},\"image\":{\"@id\":\"https:\\\/\\\/www.livemag.it\\\/#\\\/schema\\\/logo\\\/image\\\/\"},\"sameAs\":[\"https:\\\/\\\/www.facebook.com\\\/LiveMag\\\/\",\"https:\\\/\\\/x.com\\\/LiveNotizie\",\"https:\\\/\\\/www.instagram.com\\\/livemag\\\/\"]},{\"@type\":\"Person\",\"@id\":\"https:\\\/\\\/www.livemag.it\\\/#\\\/schema\\\/person\\\/b62c5f44451fdcdaeb0afe6c2424e73c\",\"name\":\"italpress\",\"image\":{\"@type\":\"ImageObject\",\"inLanguage\":\"it-IT\",\"@id\":\"https:\\\/\\\/secure.gravatar.com\\\/avatar\\\/b6a21695fc713ce7ee312cf57c97e2e641feb365be72d8745574d3c3e2b59066?s=96&r=g\",\"url\":\"https:\\\/\\\/secure.gravatar.com\\\/avatar\\\/b6a21695fc713ce7ee312cf57c97e2e641feb365be72d8745574d3c3e2b59066?s=96&r=g\",\"contentUrl\":\"https:\\\/\\\/secure.gravatar.com\\\/avatar\\\/b6a21695fc713ce7ee312cf57c97e2e641feb365be72d8745574d3c3e2b59066?s=96&r=g\",\"caption\":\"italpress\"},\"description\":\"Italpress \u00e8 un'agenzia di stampa italiana a carattere nazionale.\",\"url\":\"https:\\\/\\\/www.livemag.it\\\/index.php\\\/author\\\/italpress\\\/\"}]}<\/script>\n<!-- \/ Yoast SEO plugin. -->","yoast_head_json":{"title":"Allegri \u201cNel Milan deve regnare equilibrio, obiettivo Champions\u201d - Live Magazine","robots":{"index":"index","follow":"follow","max-snippet":"max-snippet:-1","max-image-preview":"max-image-preview:large","max-video-preview":"max-video-preview:-1"},"canonical":"https:\/\/www.livemag.it\/index.php\/2025\/08\/22\/allegri-nel-milan-deve-regnare-equilibrio-obiettivo-champions\/","og_locale":"it_IT","og_type":"article","og_title":"Allegri \u201cNel Milan deve regnare equilibrio, obiettivo Champions\u201d - Live Magazine","og_description":"MILANO (ITALPRESS) \u2013 \u201cNel Milan deve regnare l\u2019equilibrio, il nostro obiettivo \u00e8 giocare la Champions l\u2019anno prossimo senza porsi limiti\u201d. Lo ha detto il tecnico del Milan, Massimiliano Allegri, alla vigilia del debutto in campionato nel derby lombardo con la neo-promossa Cremonese. \u201cIl gruppo sta crescendo e pu\u00f2 fare tante cose \u2013 ha aggiunto il [&hellip;]","og_url":"https:\/\/www.livemag.it\/index.php\/2025\/08\/22\/allegri-nel-milan-deve-regnare-equilibrio-obiettivo-champions\/","og_site_name":"Live Magazine","article_publisher":"https:\/\/www.facebook.com\/LiveMag\/","article_published_time":"2025-08-22T13:02:55+00:00","og_image":[{"width":1200,"height":675,"url":"https:\/\/www.livemag.it\/wp-content\/uploads\/2024\/02\/ograph.jpg","type":"image\/jpeg"}],"author":"italpress","twitter_card":"summary_large_image","twitter_creator":"@LiveNotizie","twitter_site":"@LiveNotizie","twitter_misc":{"Scritto da":"italpress","Tempo di lettura stimato":"2 minuti"},"schema":{"@context":"https:\/\/schema.org","@graph":[{"@type":"Article","@id":"https:\/\/www.livemag.it\/index.php\/2025\/08\/22\/allegri-nel-milan-deve-regnare-equilibrio-obiettivo-champions\/#article","isPartOf":{"@id":"https:\/\/www.livemag.it\/index.php\/2025\/08\/22\/allegri-nel-milan-deve-regnare-equilibrio-obiettivo-champions\/"},"author":{"name":"italpress","@id":"https:\/\/www.livemag.it\/#\/schema\/person\/b62c5f44451fdcdaeb0afe6c2424e73c"},"headline":"Allegri \u201cNel Milan deve regnare equilibrio, obiettivo Champions\u201d","datePublished":"2025-08-22T13:02:55+00:00","mainEntityOfPage":{"@id":"https:\/\/www.livemag.it\/index.php\/2025\/08\/22\/allegri-nel-milan-deve-regnare-equilibrio-obiettivo-champions\/"},"wordCount":322,"publisher":{"@id":"https:\/\/www.livemag.it\/#organization"},"image":{"@id":"https:\/\/www.livemag.it\/index.php\/2025\/08\/22\/allegri-nel-milan-deve-regnare-equilibrio-obiettivo-champions\/#primaryimage"},"thumbnailUrl":"https:\/\/www.livemag.it\/wp-content\/uploads\/2025\/08\/20250822_0520.jpg","articleSection":["Mondo"],"inLanguage":"it-IT"},{"@type":"WebPage","@id":"https:\/\/www.livemag.it\/index.php\/2025\/08\/22\/allegri-nel-milan-deve-regnare-equilibrio-obiettivo-champions\/","url":"https:\/\/www.livemag.it\/index.php\/2025\/08\/22\/allegri-nel-milan-deve-regnare-equilibrio-obiettivo-champions\/","name":"Allegri \u201cNel Milan deve regnare equilibrio, obiettivo Champions\u201d - Live Magazine","isPartOf":{"@id":"https:\/\/www.livemag.it\/#website"},"primaryImageOfPage":{"@id":"https:\/\/www.livemag.it\/index.php\/2025\/08\/22\/allegri-nel-milan-deve-regnare-equilibrio-obiettivo-champions\/#primaryimage"},"image":{"@id":"https:\/\/www.livemag.it\/index.php\/2025\/08\/22\/allegri-nel-milan-deve-regnare-equilibrio-obiettivo-champions\/#primaryimage"},"thumbnailUrl":"https:\/\/www.livemag.it\/wp-content\/uploads\/2025\/08\/20250822_0520.jpg","datePublished":"2025-08-22T13:02:55+00:00","breadcrumb":{"@id":"https:\/\/www.livemag.it\/index.php\/2025\/08\/22\/allegri-nel-milan-deve-regnare-equilibrio-obiettivo-champions\/#breadcrumb"},"inLanguage":"it-IT","potentialAction":[{"@type":"ReadAction","target":["https:\/\/www.livemag.it\/index.php\/2025\/08\/22\/allegri-nel-milan-deve-regnare-equilibrio-obiettivo-champions\/"]}]},{"@type":"ImageObject","inLanguage":"it-IT","@id":"https:\/\/www.livemag.it\/index.php\/2025\/08\/22\/allegri-nel-milan-deve-regnare-equilibrio-obiettivo-champions\/#primaryimage","url":"https:\/\/www.livemag.it\/wp-content\/uploads\/2025\/08\/20250822_0520.jpg","contentUrl":"https:\/\/www.livemag.it\/wp-content\/uploads\/2025\/08\/20250822_0520.jpg","width":1200,"height":818},{"@type":"BreadcrumbList","@id":"https:\/\/www.livemag.it\/index.php\/2025\/08\/22\/allegri-nel-milan-deve-regnare-equilibrio-obiettivo-champions\/#breadcrumb","itemListElement":[{"@type":"ListItem","position":1,"name":"Home","item":"https:\/\/www.livemag.it\/"},{"@type":"ListItem","position":2,"name":"Allegri \u201cNel Milan deve regnare equilibrio, obiettivo Champions\u201d"}]},{"@type":"WebSite","@id":"https:\/\/www.livemag.it\/#website","url":"https:\/\/www.livemag.it\/","name":"Live Magazine","description":"Varie ed eventi","publisher":{"@id":"https:\/\/www.livemag.it\/#organization"},"potentialAction":[{"@type":"SearchAction","target":{"@type":"EntryPoint","urlTemplate":"https:\/\/www.livemag.it\/?s={search_term_string}"},"query-input":{"@type":"PropertyValueSpecification","valueRequired":true,"valueName":"search_term_string"}}],"inLanguage":"it-IT"},{"@type":"Organization","@id":"https:\/\/www.livemag.it\/#organization","name":"LiveMag","alternateName":"LiveMag News ed eventi","url":"https:\/\/www.livemag.it\/","logo":{"@type":"ImageObject","inLanguage":"it-IT","@id":"https:\/\/www.livemag.it\/#\/schema\/logo\/image\/","url":"https:\/\/www.livemag.it\/wp-content\/uploads\/2024\/02\/immagine-sito.jpg","contentUrl":"https:\/\/www.livemag.it\/wp-content\/uploads\/2024\/02\/immagine-sito.jpg","width":696,"height":696,"caption":"LiveMag"},"image":{"@id":"https:\/\/www.livemag.it\/#\/schema\/logo\/image\/"},"sameAs":["https:\/\/www.facebook.com\/LiveMag\/","https:\/\/x.com\/LiveNotizie","https:\/\/www.instagram.com\/livemag\/"]},{"@type":"Person","@id":"https:\/\/www.livemag.it\/#\/schema\/person\/b62c5f44451fdcdaeb0afe6c2424e73c","name":"italpress","image":{"@type":"ImageObject","inLanguage":"it-IT","@id":"https:\/\/secure.gravatar.com\/avatar\/b6a21695fc713ce7ee312cf57c97e2e641feb365be72d8745574d3c3e2b59066?s=96&r=g","url":"https:\/\/secure.gravatar.com\/avatar\/b6a21695fc713ce7ee312cf57c97e2e641feb365be72d8745574d3c3e2b59066?s=96&r=g","contentUrl":"https:\/\/secure.gravatar.com\/avatar\/b6a21695fc713ce7ee312cf57c97e2e641feb365be72d8745574d3c3e2b59066?s=96&r=g","caption":"italpress"},"description":"Italpress \u00e8 un'agenzia di stampa italiana a carattere nazionale.","url":"https:\/\/www.livemag.it\/index.php\/author\/italpress\/"}]}},"jetpack_featured_media_url":"https:\/\/www.livemag.it\/wp-content\/uploads\/2025\/08\/20250822_0520.jpg","_links":{"self":[{"href":"https:\/\/www.livemag.it\/index.php\/wp-json\/wp\/v2\/posts\/57332","targetHints":{"allow":["GET"]}}],"collection":[{"href":"https:\/\/www.livemag.it\/index.php\/wp-json\/wp\/v2\/posts"}],"about":[{"href":"https:\/\/www.livemag.it\/index.php\/wp-json\/wp\/v2\/types\/post"}],"author":[{"embeddable":true,"href":"https:\/\/www.livemag.it\/index.php\/wp-json\/wp\/v2\/users\/16"}],"replies":[{"embeddable":true,"href":"https:\/\/www.livemag.it\/index.php\/wp-json\/wp\/v2\/comments?post=57332"}],"version-history":[{"count":0,"href":"https:\/\/www.livemag.it\/index.php\/wp-json\/wp\/v2\/posts\/57332\/revisions"}],"wp:featuredmedia":[{"embeddable":true,"href":"https:\/\/www.livemag.it\/index.php\/wp-json\/wp\/v2\/media\/57333"}],"wp:attachment":[{"href":"https:\/\/www.livemag.it\/index.php\/wp-json\/wp\/v2\/media?parent=57332"}],"wp:term":[{"taxonomy":"category","embeddable":true,"href":"https:\/\/www.livemag.it\/index.php\/wp-json\/wp\/v2\/categories?post=57332"},{"taxonomy":"post_tag","embeddable":true,"href":"https:\/\/www.livemag.it\/index.php\/wp-json\/wp\/v2\/tags?post=57332"}],"curies":[{"name":"wp","href":"https:\/\/api.w.org\/{rel}","templated":true}]}}