{"id":57330,"date":"2025-08-22T15:02:53","date_gmt":"2025-08-22T13:02:53","guid":{"rendered":"https:\/\/www.livemag.it\/index.php\/2025\/08\/22\/polonara-riabbraccia-sassari-felice-e-onorato-di-tornare-a-casa\/"},"modified":"2025-08-22T15:02:53","modified_gmt":"2025-08-22T13:02:53","slug":"polonara-riabbraccia-sassari-felice-e-onorato-di-tornare-a-casa","status":"publish","type":"post","link":"https:\/\/www.livemag.it\/index.php\/2025\/08\/22\/polonara-riabbraccia-sassari-felice-e-onorato-di-tornare-a-casa\/","title":{"rendered":"Polonara riabbraccia Sassari \u201cFelice e onorato di tornare a casa\u201d"},"content":{"rendered":"<div>\n<p>SASSARI (ITALPRESS) \u2013 Un potenziale innesto di grande spessore per la <strong>Dinamo Banco di Sardegna:<\/strong> il club ha annunciato il raggiungimento di un\u2019intesa, una volta che le condizioni glielo consentano, per il ritorno in biancoblu di <strong>Achille Polonara<\/strong>, che ritrover\u00e0 Sassari dopo sei stagioni vissute ai vertici del basket europeo con le maglie di Baskonia, Fenerbahce, Efes, Zalgiris Kaunas e Virtus Bologna.<\/p>\n<p>La 33enne ala grande anconetana sta lottando con la leucemia e salter\u00e0 con la Nazionale gli ormai imminenti Europei di basket .<em> \u201cL\u2019intesa suggella ancora una volta il legame profondo che unisce Achille alla Dinamo: un rapporto di reciproca stima e fiducia che ha dato vita al suo rientro in Sardegna. Il club crede fermamente nel percorso di recupero dell\u2019atleta e nel suo contributo tecnico e umano, certo che Polonara abbia ancora intatte le qualit\u00e0 che lo hanno reso uno dei giocatori italiani pi\u00f9 apprezzati a livello internazionale\u201d,<\/em> si legge nel comunicato della Dinamo.<\/p>\n<p>Determinante, nel dialogo tra le parti, \u00e8 stato il rapporto personale instaurato nel tempo con il presidente Stefano Sardara e l\u2019ad Francesco Sardara, nonch\u00e8 il lavoro silenzioso e costante del direttore generale Jack Devecchi. A Sassari, una volta ripresosi, Polonara potr\u00e0 proseguire la propria carriera con la serenit\u00e0 di un ambiente familiare e al tempo stesso vivere quotidianamente il gruppo dei Giganti, condividendo il cammino che nei prossimi mesi lo riporter\u00e0 sul parquet. Il ritorno del giocatore marchigiano riporta alla memoria le due intense stagioni vissute in Sardegna tra il 2017 e il 2019: due anni che lo hanno visto accompagnare la Dinamo alla conquista della FIBA Europe Cup e a un passo dallo scudetto, lasciando un ricordo indelebile tra i tifosi e aprendo le porte alla sua successiva esperienza in Eurolega.<\/p>\n<p>Ora, coach Massimo Bulleri e i nuovi compagni lo attendono a braccia aperte per scrivere insieme delle nuove pagine di storia della Dinamo.<em> \u201cSiamo felici di comunicare il raggiungimento di un\u2019intesa per il ritorno di Achille, un eccezionale atleta e un amico prezioso, il cui attaccamento alla Sardegna, alla citt\u00e0 e alla Dinamo ha sempre rappresentato un esempio per tutti noi<\/em>\u00a0\u2013 le parole dell\u2019ad della societ\u00e0 sarda, Francesco <strong>Sardara<\/strong> \u2013<em> Achille non \u00e8 soltanto un giocatore di talento, ma anche un simbolo dei valori e dell\u2019orgoglio che la nostra terra e i nostri giganti cercano di trasmettere quotidianamente. Sono sicuro che in questo momento estremamente delicato della sua vita l\u2019abbraccio dei nostri tifosi e della Sardegna possano farlo sentire a casa. Ben tornato, Achille. Non vediamo l\u2019ora di rivederti in campo con noi non appena possibile\u201d.<\/em><\/p>\n<p>Cos\u00ec Achille Polonara: <em>\u201cSono estremamente felice e onorato di poter tornare a \u2018cas\u00e0. Ringrazio il presidente Stefano Sardara, l\u2019amministratore delegato Francesco Sardara, il direttore generale Jack Devecchi e l\u2019allenatore Massimo Bulleri per avermi dato questa opportunit\u00e0 in un momento delicato dal punto di vista personale. Sono convinto che la Dinamo far\u00e0 una grande stagione e insieme ci potremo togliere delle belle soddisfazioni. Non vedo l\u2019ora di riabbracciarvi tutti presto\u201d.<\/em><\/p>\n<p>\u2013 Foto Ipa Agency \u2013<\/p>\n<p>(ITALPRESS).<\/p>\n<\/div>\n","protected":false},"excerpt":{"rendered":"<p>SASSARI (ITALPRESS) \u2013 Un potenziale innesto di grande spessore per la Dinamo Banco di Sardegna: il club ha annunciato il raggiungimento di un\u2019intesa, una volta che le condizioni glielo consentano, per il ritorno in biancoblu di Achille Polonara, che ritrover\u00e0 Sassari dopo sei stagioni vissute ai vertici del basket europeo con le maglie di Baskonia, [&hellip;]<\/p>\n","protected":false},"author":16,"featured_media":57331,"comment_status":"closed","ping_status":"closed","sticky":false,"template":"","format":"standard","meta":{"jnews-multi-image_gallery":[],"jnews_single_post":[],"jnews_primary_category":[],"jnews_social_meta":[],"jnews_override_counter":[],"jnews_post_split":[],"footnotes":""},"categories":[1129],"tags":[],"class_list":["post-57330","post","type-post","status-publish","format-standard","has-post-thumbnail","hentry","category-mondo"],"yoast_head":"<!-- This site is optimized with the Yoast SEO plugin v27.5 - https:\/\/yoast.com\/product\/yoast-seo-wordpress\/ -->\n<title>Polonara riabbraccia Sassari \u201cFelice e onorato di tornare a casa\u201d - Live Magazine<\/title>\n<meta name=\"robots\" content=\"index, follow, max-snippet:-1, max-image-preview:large, max-video-preview:-1\" \/>\n<link rel=\"canonical\" href=\"https:\/\/www.livemag.it\/index.php\/2025\/08\/22\/polonara-riabbraccia-sassari-felice-e-onorato-di-tornare-a-casa\/\" \/>\n<meta property=\"og:locale\" content=\"it_IT\" \/>\n<meta property=\"og:type\" content=\"article\" \/>\n<meta property=\"og:title\" content=\"Polonara riabbraccia Sassari \u201cFelice e onorato di tornare a casa\u201d - Live Magazine\" \/>\n<meta property=\"og:description\" content=\"SASSARI (ITALPRESS) \u2013 Un potenziale innesto di grande spessore per la Dinamo Banco di Sardegna: il club ha annunciato il raggiungimento di un\u2019intesa, una volta che le condizioni glielo consentano, per il ritorno in biancoblu di Achille Polonara, che ritrover\u00e0 Sassari dopo sei stagioni vissute ai vertici del basket europeo con le maglie di Baskonia, [&hellip;]\" \/>\n<meta property=\"og:url\" content=\"https:\/\/www.livemag.it\/index.php\/2025\/08\/22\/polonara-riabbraccia-sassari-felice-e-onorato-di-tornare-a-casa\/\" \/>\n<meta property=\"og:site_name\" content=\"Live Magazine\" \/>\n<meta property=\"article:publisher\" content=\"https:\/\/www.facebook.com\/LiveMag\/\" \/>\n<meta property=\"article:published_time\" content=\"2025-08-22T13:02:53+00:00\" \/>\n<meta property=\"og:image\" content=\"https:\/\/www.livemag.it\/wp-content\/uploads\/2024\/02\/ograph.jpg\" \/>\n\t<meta property=\"og:image:width\" content=\"1200\" \/>\n\t<meta property=\"og:image:height\" content=\"675\" \/>\n\t<meta property=\"og:image:type\" content=\"image\/jpeg\" \/>\n<meta name=\"author\" content=\"italpress\" \/>\n<meta name=\"twitter:card\" content=\"summary_large_image\" \/>\n<meta name=\"twitter:creator\" content=\"@LiveNotizie\" \/>\n<meta name=\"twitter:site\" content=\"@LiveNotizie\" \/>\n<meta name=\"twitter:label1\" content=\"Scritto da\" \/>\n\t<meta name=\"twitter:data1\" content=\"italpress\" \/>\n\t<meta name=\"twitter:label2\" content=\"Tempo di lettura stimato\" \/>\n\t<meta name=\"twitter:data2\" content=\"3 minuti\" \/>\n<script type=\"application\/ld+json\" class=\"yoast-schema-graph\">{\"@context\":\"https:\\\/\\\/schema.org\",\"@graph\":[{\"@type\":\"Article\",\"@id\":\"https:\\\/\\\/www.livemag.it\\\/index.php\\\/2025\\\/08\\\/22\\\/polonara-riabbraccia-sassari-felice-e-onorato-di-tornare-a-casa\\\/#article\",\"isPartOf\":{\"@id\":\"https:\\\/\\\/www.livemag.it\\\/index.php\\\/2025\\\/08\\\/22\\\/polonara-riabbraccia-sassari-felice-e-onorato-di-tornare-a-casa\\\/\"},\"author\":{\"name\":\"italpress\",\"@id\":\"https:\\\/\\\/www.livemag.it\\\/#\\\/schema\\\/person\\\/b62c5f44451fdcdaeb0afe6c2424e73c\"},\"headline\":\"Polonara riabbraccia Sassari \u201cFelice e onorato di tornare a casa\u201d\",\"datePublished\":\"2025-08-22T13:02:53+00:00\",\"mainEntityOfPage\":{\"@id\":\"https:\\\/\\\/www.livemag.it\\\/index.php\\\/2025\\\/08\\\/22\\\/polonara-riabbraccia-sassari-felice-e-onorato-di-tornare-a-casa\\\/\"},\"wordCount\":512,\"publisher\":{\"@id\":\"https:\\\/\\\/www.livemag.it\\\/#organization\"},\"image\":{\"@id\":\"https:\\\/\\\/www.livemag.it\\\/index.php\\\/2025\\\/08\\\/22\\\/polonara-riabbraccia-sassari-felice-e-onorato-di-tornare-a-casa\\\/#primaryimage\"},\"thumbnailUrl\":\"https:\\\/\\\/www.livemag.it\\\/wp-content\\\/uploads\\\/2025\\\/08\\\/20250822_0408.jpg\",\"articleSection\":[\"Mondo\"],\"inLanguage\":\"it-IT\"},{\"@type\":\"WebPage\",\"@id\":\"https:\\\/\\\/www.livemag.it\\\/index.php\\\/2025\\\/08\\\/22\\\/polonara-riabbraccia-sassari-felice-e-onorato-di-tornare-a-casa\\\/\",\"url\":\"https:\\\/\\\/www.livemag.it\\\/index.php\\\/2025\\\/08\\\/22\\\/polonara-riabbraccia-sassari-felice-e-onorato-di-tornare-a-casa\\\/\",\"name\":\"Polonara riabbraccia Sassari \u201cFelice e onorato di tornare a casa\u201d - Live Magazine\",\"isPartOf\":{\"@id\":\"https:\\\/\\\/www.livemag.it\\\/#website\"},\"primaryImageOfPage\":{\"@id\":\"https:\\\/\\\/www.livemag.it\\\/index.php\\\/2025\\\/08\\\/22\\\/polonara-riabbraccia-sassari-felice-e-onorato-di-tornare-a-casa\\\/#primaryimage\"},\"image\":{\"@id\":\"https:\\\/\\\/www.livemag.it\\\/index.php\\\/2025\\\/08\\\/22\\\/polonara-riabbraccia-sassari-felice-e-onorato-di-tornare-a-casa\\\/#primaryimage\"},\"thumbnailUrl\":\"https:\\\/\\\/www.livemag.it\\\/wp-content\\\/uploads\\\/2025\\\/08\\\/20250822_0408.jpg\",\"datePublished\":\"2025-08-22T13:02:53+00:00\",\"breadcrumb\":{\"@id\":\"https:\\\/\\\/www.livemag.it\\\/index.php\\\/2025\\\/08\\\/22\\\/polonara-riabbraccia-sassari-felice-e-onorato-di-tornare-a-casa\\\/#breadcrumb\"},\"inLanguage\":\"it-IT\",\"potentialAction\":[{\"@type\":\"ReadAction\",\"target\":[\"https:\\\/\\\/www.livemag.it\\\/index.php\\\/2025\\\/08\\\/22\\\/polonara-riabbraccia-sassari-felice-e-onorato-di-tornare-a-casa\\\/\"]}]},{\"@type\":\"ImageObject\",\"inLanguage\":\"it-IT\",\"@id\":\"https:\\\/\\\/www.livemag.it\\\/index.php\\\/2025\\\/08\\\/22\\\/polonara-riabbraccia-sassari-felice-e-onorato-di-tornare-a-casa\\\/#primaryimage\",\"url\":\"https:\\\/\\\/www.livemag.it\\\/wp-content\\\/uploads\\\/2025\\\/08\\\/20250822_0408.jpg\",\"contentUrl\":\"https:\\\/\\\/www.livemag.it\\\/wp-content\\\/uploads\\\/2025\\\/08\\\/20250822_0408.jpg\",\"width\":1200,\"height\":800},{\"@type\":\"BreadcrumbList\",\"@id\":\"https:\\\/\\\/www.livemag.it\\\/index.php\\\/2025\\\/08\\\/22\\\/polonara-riabbraccia-sassari-felice-e-onorato-di-tornare-a-casa\\\/#breadcrumb\",\"itemListElement\":[{\"@type\":\"ListItem\",\"position\":1,\"name\":\"Home\",\"item\":\"https:\\\/\\\/www.livemag.it\\\/\"},{\"@type\":\"ListItem\",\"position\":2,\"name\":\"Polonara riabbraccia Sassari \u201cFelice e onorato di tornare a casa\u201d\"}]},{\"@type\":\"WebSite\",\"@id\":\"https:\\\/\\\/www.livemag.it\\\/#website\",\"url\":\"https:\\\/\\\/www.livemag.it\\\/\",\"name\":\"Live Magazine\",\"description\":\"Varie ed eventi\",\"publisher\":{\"@id\":\"https:\\\/\\\/www.livemag.it\\\/#organization\"},\"potentialAction\":[{\"@type\":\"SearchAction\",\"target\":{\"@type\":\"EntryPoint\",\"urlTemplate\":\"https:\\\/\\\/www.livemag.it\\\/?s={search_term_string}\"},\"query-input\":{\"@type\":\"PropertyValueSpecification\",\"valueRequired\":true,\"valueName\":\"search_term_string\"}}],\"inLanguage\":\"it-IT\"},{\"@type\":\"Organization\",\"@id\":\"https:\\\/\\\/www.livemag.it\\\/#organization\",\"name\":\"LiveMag\",\"alternateName\":\"LiveMag News ed eventi\",\"url\":\"https:\\\/\\\/www.livemag.it\\\/\",\"logo\":{\"@type\":\"ImageObject\",\"inLanguage\":\"it-IT\",\"@id\":\"https:\\\/\\\/www.livemag.it\\\/#\\\/schema\\\/logo\\\/image\\\/\",\"url\":\"https:\\\/\\\/www.livemag.it\\\/wp-content\\\/uploads\\\/2024\\\/02\\\/immagine-sito.jpg\",\"contentUrl\":\"https:\\\/\\\/www.livemag.it\\\/wp-content\\\/uploads\\\/2024\\\/02\\\/immagine-sito.jpg\",\"width\":696,\"height\":696,\"caption\":\"LiveMag\"},\"image\":{\"@id\":\"https:\\\/\\\/www.livemag.it\\\/#\\\/schema\\\/logo\\\/image\\\/\"},\"sameAs\":[\"https:\\\/\\\/www.facebook.com\\\/LiveMag\\\/\",\"https:\\\/\\\/x.com\\\/LiveNotizie\",\"https:\\\/\\\/www.instagram.com\\\/livemag\\\/\"]},{\"@type\":\"Person\",\"@id\":\"https:\\\/\\\/www.livemag.it\\\/#\\\/schema\\\/person\\\/b62c5f44451fdcdaeb0afe6c2424e73c\",\"name\":\"italpress\",\"image\":{\"@type\":\"ImageObject\",\"inLanguage\":\"it-IT\",\"@id\":\"https:\\\/\\\/secure.gravatar.com\\\/avatar\\\/b6a21695fc713ce7ee312cf57c97e2e641feb365be72d8745574d3c3e2b59066?s=96&r=g\",\"url\":\"https:\\\/\\\/secure.gravatar.com\\\/avatar\\\/b6a21695fc713ce7ee312cf57c97e2e641feb365be72d8745574d3c3e2b59066?s=96&r=g\",\"contentUrl\":\"https:\\\/\\\/secure.gravatar.com\\\/avatar\\\/b6a21695fc713ce7ee312cf57c97e2e641feb365be72d8745574d3c3e2b59066?s=96&r=g\",\"caption\":\"italpress\"},\"description\":\"Italpress \u00e8 un'agenzia di stampa italiana a carattere nazionale.\",\"url\":\"https:\\\/\\\/www.livemag.it\\\/index.php\\\/author\\\/italpress\\\/\"}]}<\/script>\n<!-- \/ Yoast SEO plugin. -->","yoast_head_json":{"title":"Polonara riabbraccia Sassari \u201cFelice e onorato di tornare a casa\u201d - Live Magazine","robots":{"index":"index","follow":"follow","max-snippet":"max-snippet:-1","max-image-preview":"max-image-preview:large","max-video-preview":"max-video-preview:-1"},"canonical":"https:\/\/www.livemag.it\/index.php\/2025\/08\/22\/polonara-riabbraccia-sassari-felice-e-onorato-di-tornare-a-casa\/","og_locale":"it_IT","og_type":"article","og_title":"Polonara riabbraccia Sassari \u201cFelice e onorato di tornare a casa\u201d - Live Magazine","og_description":"SASSARI (ITALPRESS) \u2013 Un potenziale innesto di grande spessore per la Dinamo Banco di Sardegna: il club ha annunciato il raggiungimento di un\u2019intesa, una volta che le condizioni glielo consentano, per il ritorno in biancoblu di Achille Polonara, che ritrover\u00e0 Sassari dopo sei stagioni vissute ai vertici del basket europeo con le maglie di Baskonia, [&hellip;]","og_url":"https:\/\/www.livemag.it\/index.php\/2025\/08\/22\/polonara-riabbraccia-sassari-felice-e-onorato-di-tornare-a-casa\/","og_site_name":"Live Magazine","article_publisher":"https:\/\/www.facebook.com\/LiveMag\/","article_published_time":"2025-08-22T13:02:53+00:00","og_image":[{"width":1200,"height":675,"url":"https:\/\/www.livemag.it\/wp-content\/uploads\/2024\/02\/ograph.jpg","type":"image\/jpeg"}],"author":"italpress","twitter_card":"summary_large_image","twitter_creator":"@LiveNotizie","twitter_site":"@LiveNotizie","twitter_misc":{"Scritto da":"italpress","Tempo di lettura stimato":"3 minuti"},"schema":{"@context":"https:\/\/schema.org","@graph":[{"@type":"Article","@id":"https:\/\/www.livemag.it\/index.php\/2025\/08\/22\/polonara-riabbraccia-sassari-felice-e-onorato-di-tornare-a-casa\/#article","isPartOf":{"@id":"https:\/\/www.livemag.it\/index.php\/2025\/08\/22\/polonara-riabbraccia-sassari-felice-e-onorato-di-tornare-a-casa\/"},"author":{"name":"italpress","@id":"https:\/\/www.livemag.it\/#\/schema\/person\/b62c5f44451fdcdaeb0afe6c2424e73c"},"headline":"Polonara riabbraccia Sassari \u201cFelice e onorato di tornare a casa\u201d","datePublished":"2025-08-22T13:02:53+00:00","mainEntityOfPage":{"@id":"https:\/\/www.livemag.it\/index.php\/2025\/08\/22\/polonara-riabbraccia-sassari-felice-e-onorato-di-tornare-a-casa\/"},"wordCount":512,"publisher":{"@id":"https:\/\/www.livemag.it\/#organization"},"image":{"@id":"https:\/\/www.livemag.it\/index.php\/2025\/08\/22\/polonara-riabbraccia-sassari-felice-e-onorato-di-tornare-a-casa\/#primaryimage"},"thumbnailUrl":"https:\/\/www.livemag.it\/wp-content\/uploads\/2025\/08\/20250822_0408.jpg","articleSection":["Mondo"],"inLanguage":"it-IT"},{"@type":"WebPage","@id":"https:\/\/www.livemag.it\/index.php\/2025\/08\/22\/polonara-riabbraccia-sassari-felice-e-onorato-di-tornare-a-casa\/","url":"https:\/\/www.livemag.it\/index.php\/2025\/08\/22\/polonara-riabbraccia-sassari-felice-e-onorato-di-tornare-a-casa\/","name":"Polonara riabbraccia Sassari \u201cFelice e onorato di tornare a casa\u201d - Live Magazine","isPartOf":{"@id":"https:\/\/www.livemag.it\/#website"},"primaryImageOfPage":{"@id":"https:\/\/www.livemag.it\/index.php\/2025\/08\/22\/polonara-riabbraccia-sassari-felice-e-onorato-di-tornare-a-casa\/#primaryimage"},"image":{"@id":"https:\/\/www.livemag.it\/index.php\/2025\/08\/22\/polonara-riabbraccia-sassari-felice-e-onorato-di-tornare-a-casa\/#primaryimage"},"thumbnailUrl":"https:\/\/www.livemag.it\/wp-content\/uploads\/2025\/08\/20250822_0408.jpg","datePublished":"2025-08-22T13:02:53+00:00","breadcrumb":{"@id":"https:\/\/www.livemag.it\/index.php\/2025\/08\/22\/polonara-riabbraccia-sassari-felice-e-onorato-di-tornare-a-casa\/#breadcrumb"},"inLanguage":"it-IT","potentialAction":[{"@type":"ReadAction","target":["https:\/\/www.livemag.it\/index.php\/2025\/08\/22\/polonara-riabbraccia-sassari-felice-e-onorato-di-tornare-a-casa\/"]}]},{"@type":"ImageObject","inLanguage":"it-IT","@id":"https:\/\/www.livemag.it\/index.php\/2025\/08\/22\/polonara-riabbraccia-sassari-felice-e-onorato-di-tornare-a-casa\/#primaryimage","url":"https:\/\/www.livemag.it\/wp-content\/uploads\/2025\/08\/20250822_0408.jpg","contentUrl":"https:\/\/www.livemag.it\/wp-content\/uploads\/2025\/08\/20250822_0408.jpg","width":1200,"height":800},{"@type":"BreadcrumbList","@id":"https:\/\/www.livemag.it\/index.php\/2025\/08\/22\/polonara-riabbraccia-sassari-felice-e-onorato-di-tornare-a-casa\/#breadcrumb","itemListElement":[{"@type":"ListItem","position":1,"name":"Home","item":"https:\/\/www.livemag.it\/"},{"@type":"ListItem","position":2,"name":"Polonara riabbraccia Sassari \u201cFelice e onorato di tornare a casa\u201d"}]},{"@type":"WebSite","@id":"https:\/\/www.livemag.it\/#website","url":"https:\/\/www.livemag.it\/","name":"Live Magazine","description":"Varie ed eventi","publisher":{"@id":"https:\/\/www.livemag.it\/#organization"},"potentialAction":[{"@type":"SearchAction","target":{"@type":"EntryPoint","urlTemplate":"https:\/\/www.livemag.it\/?s={search_term_string}"},"query-input":{"@type":"PropertyValueSpecification","valueRequired":true,"valueName":"search_term_string"}}],"inLanguage":"it-IT"},{"@type":"Organization","@id":"https:\/\/www.livemag.it\/#organization","name":"LiveMag","alternateName":"LiveMag News ed eventi","url":"https:\/\/www.livemag.it\/","logo":{"@type":"ImageObject","inLanguage":"it-IT","@id":"https:\/\/www.livemag.it\/#\/schema\/logo\/image\/","url":"https:\/\/www.livemag.it\/wp-content\/uploads\/2024\/02\/immagine-sito.jpg","contentUrl":"https:\/\/www.livemag.it\/wp-content\/uploads\/2024\/02\/immagine-sito.jpg","width":696,"height":696,"caption":"LiveMag"},"image":{"@id":"https:\/\/www.livemag.it\/#\/schema\/logo\/image\/"},"sameAs":["https:\/\/www.facebook.com\/LiveMag\/","https:\/\/x.com\/LiveNotizie","https:\/\/www.instagram.com\/livemag\/"]},{"@type":"Person","@id":"https:\/\/www.livemag.it\/#\/schema\/person\/b62c5f44451fdcdaeb0afe6c2424e73c","name":"italpress","image":{"@type":"ImageObject","inLanguage":"it-IT","@id":"https:\/\/secure.gravatar.com\/avatar\/b6a21695fc713ce7ee312cf57c97e2e641feb365be72d8745574d3c3e2b59066?s=96&r=g","url":"https:\/\/secure.gravatar.com\/avatar\/b6a21695fc713ce7ee312cf57c97e2e641feb365be72d8745574d3c3e2b59066?s=96&r=g","contentUrl":"https:\/\/secure.gravatar.com\/avatar\/b6a21695fc713ce7ee312cf57c97e2e641feb365be72d8745574d3c3e2b59066?s=96&r=g","caption":"italpress"},"description":"Italpress \u00e8 un'agenzia di stampa italiana a carattere nazionale.","url":"https:\/\/www.livemag.it\/index.php\/author\/italpress\/"}]}},"jetpack_featured_media_url":"https:\/\/www.livemag.it\/wp-content\/uploads\/2025\/08\/20250822_0408.jpg","_links":{"self":[{"href":"https:\/\/www.livemag.it\/index.php\/wp-json\/wp\/v2\/posts\/57330","targetHints":{"allow":["GET"]}}],"collection":[{"href":"https:\/\/www.livemag.it\/index.php\/wp-json\/wp\/v2\/posts"}],"about":[{"href":"https:\/\/www.livemag.it\/index.php\/wp-json\/wp\/v2\/types\/post"}],"author":[{"embeddable":true,"href":"https:\/\/www.livemag.it\/index.php\/wp-json\/wp\/v2\/users\/16"}],"replies":[{"embeddable":true,"href":"https:\/\/www.livemag.it\/index.php\/wp-json\/wp\/v2\/comments?post=57330"}],"version-history":[{"count":0,"href":"https:\/\/www.livemag.it\/index.php\/wp-json\/wp\/v2\/posts\/57330\/revisions"}],"wp:featuredmedia":[{"embeddable":true,"href":"https:\/\/www.livemag.it\/index.php\/wp-json\/wp\/v2\/media\/57331"}],"wp:attachment":[{"href":"https:\/\/www.livemag.it\/index.php\/wp-json\/wp\/v2\/media?parent=57330"}],"wp:term":[{"taxonomy":"category","embeddable":true,"href":"https:\/\/www.livemag.it\/index.php\/wp-json\/wp\/v2\/categories?post=57330"},{"taxonomy":"post_tag","embeddable":true,"href":"https:\/\/www.livemag.it\/index.php\/wp-json\/wp\/v2\/tags?post=57330"}],"curies":[{"name":"wp","href":"https:\/\/api.w.org\/{rel}","templated":true}]}}