{"id":57328,"date":"2025-08-22T15:02:51","date_gmt":"2025-08-22T13:02:51","guid":{"rendered":"https:\/\/www.livemag.it\/index.php\/2025\/08\/22\/tajani-no-alle-quote-per-le-regionali-sceglieremo-i-migliori\/"},"modified":"2025-08-22T15:02:51","modified_gmt":"2025-08-22T13:02:51","slug":"tajani-no-alle-quote-per-le-regionali-sceglieremo-i-migliori","status":"publish","type":"post","link":"https:\/\/www.livemag.it\/index.php\/2025\/08\/22\/tajani-no-alle-quote-per-le-regionali-sceglieremo-i-migliori\/","title":{"rendered":"Tajani \u201cNo alle quote, per le Regionali sceglieremo i migliori\u201d"},"content":{"rendered":"<div>\n<p>ROMA (ITALPRESS) \u2013 In vista delle <strong>Regionali<\/strong> <em>\u201cadesso siamo concentrati sulle Marche, dove siamo convinti di ottenere grandi risultati anche noi come FI. Poi si voter\u00e0 in Valle d\u2019Aosta dove c\u2019\u00e8 il proporzionale e in Calabria dove si ripresenter\u00e0 Occhiuto\u201d<\/em>. Cos\u00ec il vicepremier e ministro degli Esteri, Antonio <strong>Tajani,<\/strong> in un\u2019intervista al Corriere della Sera.<\/p>\n<p><em> \u201cNon cambio idea: non sar\u00e0 questione di quote, ma di scegliere i migliori. FI si muove cos\u00ec, per qualsiasi ruolo, che siano autorit\u00e0 di enti o candidati. Quindi a settembre decideremo tutti insieme\u201d,<\/em> sottolinea. In Veneto<em> \u201cnon sono favorevole alla lista Zaia perch\u00e8 alle elezioni si presentano i partiti, non esponenti di partiti con proprie liste, pur se forti e autorevoli. La scelta, anche qui dovr\u00e0 cadere su chi ha pi\u00f9 probabilit\u00e0 di fare bene, anche se in Veneto siamo favoriti\u201d,<\/em> spiega Tajani. In Campania<em> \u201cl\u2019ipotesi migliore sarebbe un civico, ma credo che Cirielli sia una figura autorevole e capace, non abbiamo preclusioni\u201d<\/em>. In Puglia e Toscana<em> \u201cse non ci sar\u00e0 un candidato civico, penso che quella di Mauro D\u2019Attis sia la candidatura migliore che potremmo presentare. In Toscana decideremo presto il candidato, intanto noi metteremo i nostri parlamentari locali tutti come capilista, perch\u00e8 \u00e8 un\u2019elezione importante\u201d<\/em>. A Milano <em>\u201cservir\u00e0 un civico, ci sono diverse ipotesi attorno alle quali si pu\u00f2 costruire una maggioranza composta dal centrodestra e da Azione\u201d<\/em>, conclude Tajani.<\/p>\n<p>\u2013 foto: Ipa Agency \u2013<\/p>\n<p>(ITALPRESS).<\/p>\n<\/div>\n","protected":false},"excerpt":{"rendered":"<p>ROMA (ITALPRESS) \u2013 In vista delle Regionali \u201cadesso siamo concentrati sulle Marche, dove siamo convinti di ottenere grandi risultati anche noi come FI. Poi si voter\u00e0 in Valle d\u2019Aosta dove c\u2019\u00e8 il proporzionale e in Calabria dove si ripresenter\u00e0 Occhiuto\u201d. Cos\u00ec il vicepremier e ministro degli Esteri, Antonio Tajani, in un\u2019intervista al Corriere della Sera. [&hellip;]<\/p>\n","protected":false},"author":16,"featured_media":57329,"comment_status":"closed","ping_status":"closed","sticky":false,"template":"","format":"standard","meta":{"jnews-multi-image_gallery":[],"jnews_single_post":[],"jnews_primary_category":[],"jnews_social_meta":[],"jnews_override_counter":[],"jnews_post_split":[],"footnotes":""},"categories":[1129],"tags":[],"class_list":["post-57328","post","type-post","status-publish","format-standard","has-post-thumbnail","hentry","category-mondo"],"yoast_head":"<!-- This site is optimized with the Yoast SEO plugin v27.5 - https:\/\/yoast.com\/product\/yoast-seo-wordpress\/ -->\n<title>Tajani \u201cNo alle quote, per le Regionali sceglieremo i migliori\u201d - Live Magazine<\/title>\n<meta name=\"robots\" content=\"index, follow, max-snippet:-1, max-image-preview:large, max-video-preview:-1\" \/>\n<link rel=\"canonical\" href=\"https:\/\/www.livemag.it\/index.php\/2025\/08\/22\/tajani-no-alle-quote-per-le-regionali-sceglieremo-i-migliori\/\" \/>\n<meta property=\"og:locale\" content=\"it_IT\" \/>\n<meta property=\"og:type\" content=\"article\" \/>\n<meta property=\"og:title\" content=\"Tajani \u201cNo alle quote, per le Regionali sceglieremo i migliori\u201d - Live Magazine\" \/>\n<meta property=\"og:description\" content=\"ROMA (ITALPRESS) \u2013 In vista delle Regionali \u201cadesso siamo concentrati sulle Marche, dove siamo convinti di ottenere grandi risultati anche noi come FI. Poi si voter\u00e0 in Valle d\u2019Aosta dove c\u2019\u00e8 il proporzionale e in Calabria dove si ripresenter\u00e0 Occhiuto\u201d. Cos\u00ec il vicepremier e ministro degli Esteri, Antonio Tajani, in un\u2019intervista al Corriere della Sera. [&hellip;]\" \/>\n<meta property=\"og:url\" content=\"https:\/\/www.livemag.it\/index.php\/2025\/08\/22\/tajani-no-alle-quote-per-le-regionali-sceglieremo-i-migliori\/\" \/>\n<meta property=\"og:site_name\" content=\"Live Magazine\" \/>\n<meta property=\"article:publisher\" content=\"https:\/\/www.facebook.com\/LiveMag\/\" \/>\n<meta property=\"article:published_time\" content=\"2025-08-22T13:02:51+00:00\" \/>\n<meta property=\"og:image\" content=\"https:\/\/www.livemag.it\/wp-content\/uploads\/2024\/02\/ograph.jpg\" \/>\n\t<meta property=\"og:image:width\" content=\"1200\" \/>\n\t<meta property=\"og:image:height\" content=\"675\" \/>\n\t<meta property=\"og:image:type\" content=\"image\/jpeg\" \/>\n<meta name=\"author\" content=\"italpress\" \/>\n<meta name=\"twitter:card\" content=\"summary_large_image\" \/>\n<meta name=\"twitter:creator\" content=\"@LiveNotizie\" \/>\n<meta name=\"twitter:site\" content=\"@LiveNotizie\" \/>\n<meta name=\"twitter:label1\" content=\"Scritto da\" \/>\n\t<meta name=\"twitter:data1\" content=\"italpress\" \/>\n\t<meta name=\"twitter:label2\" content=\"Tempo di lettura stimato\" \/>\n\t<meta name=\"twitter:data2\" content=\"1 minuto\" \/>\n<script type=\"application\/ld+json\" class=\"yoast-schema-graph\">{\"@context\":\"https:\\\/\\\/schema.org\",\"@graph\":[{\"@type\":\"Article\",\"@id\":\"https:\\\/\\\/www.livemag.it\\\/index.php\\\/2025\\\/08\\\/22\\\/tajani-no-alle-quote-per-le-regionali-sceglieremo-i-migliori\\\/#article\",\"isPartOf\":{\"@id\":\"https:\\\/\\\/www.livemag.it\\\/index.php\\\/2025\\\/08\\\/22\\\/tajani-no-alle-quote-per-le-regionali-sceglieremo-i-migliori\\\/\"},\"author\":{\"name\":\"italpress\",\"@id\":\"https:\\\/\\\/www.livemag.it\\\/#\\\/schema\\\/person\\\/b62c5f44451fdcdaeb0afe6c2424e73c\"},\"headline\":\"Tajani \u201cNo alle quote, per le Regionali sceglieremo i migliori\u201d\",\"datePublished\":\"2025-08-22T13:02:51+00:00\",\"mainEntityOfPage\":{\"@id\":\"https:\\\/\\\/www.livemag.it\\\/index.php\\\/2025\\\/08\\\/22\\\/tajani-no-alle-quote-per-le-regionali-sceglieremo-i-migliori\\\/\"},\"wordCount\":244,\"publisher\":{\"@id\":\"https:\\\/\\\/www.livemag.it\\\/#organization\"},\"image\":{\"@id\":\"https:\\\/\\\/www.livemag.it\\\/index.php\\\/2025\\\/08\\\/22\\\/tajani-no-alle-quote-per-le-regionali-sceglieremo-i-migliori\\\/#primaryimage\"},\"thumbnailUrl\":\"https:\\\/\\\/www.livemag.it\\\/wp-content\\\/uploads\\\/2025\\\/08\\\/20250822_0289.jpg\",\"articleSection\":[\"Mondo\"],\"inLanguage\":\"it-IT\"},{\"@type\":\"WebPage\",\"@id\":\"https:\\\/\\\/www.livemag.it\\\/index.php\\\/2025\\\/08\\\/22\\\/tajani-no-alle-quote-per-le-regionali-sceglieremo-i-migliori\\\/\",\"url\":\"https:\\\/\\\/www.livemag.it\\\/index.php\\\/2025\\\/08\\\/22\\\/tajani-no-alle-quote-per-le-regionali-sceglieremo-i-migliori\\\/\",\"name\":\"Tajani \u201cNo alle quote, per le Regionali sceglieremo i migliori\u201d - Live Magazine\",\"isPartOf\":{\"@id\":\"https:\\\/\\\/www.livemag.it\\\/#website\"},\"primaryImageOfPage\":{\"@id\":\"https:\\\/\\\/www.livemag.it\\\/index.php\\\/2025\\\/08\\\/22\\\/tajani-no-alle-quote-per-le-regionali-sceglieremo-i-migliori\\\/#primaryimage\"},\"image\":{\"@id\":\"https:\\\/\\\/www.livemag.it\\\/index.php\\\/2025\\\/08\\\/22\\\/tajani-no-alle-quote-per-le-regionali-sceglieremo-i-migliori\\\/#primaryimage\"},\"thumbnailUrl\":\"https:\\\/\\\/www.livemag.it\\\/wp-content\\\/uploads\\\/2025\\\/08\\\/20250822_0289.jpg\",\"datePublished\":\"2025-08-22T13:02:51+00:00\",\"breadcrumb\":{\"@id\":\"https:\\\/\\\/www.livemag.it\\\/index.php\\\/2025\\\/08\\\/22\\\/tajani-no-alle-quote-per-le-regionali-sceglieremo-i-migliori\\\/#breadcrumb\"},\"inLanguage\":\"it-IT\",\"potentialAction\":[{\"@type\":\"ReadAction\",\"target\":[\"https:\\\/\\\/www.livemag.it\\\/index.php\\\/2025\\\/08\\\/22\\\/tajani-no-alle-quote-per-le-regionali-sceglieremo-i-migliori\\\/\"]}]},{\"@type\":\"ImageObject\",\"inLanguage\":\"it-IT\",\"@id\":\"https:\\\/\\\/www.livemag.it\\\/index.php\\\/2025\\\/08\\\/22\\\/tajani-no-alle-quote-per-le-regionali-sceglieremo-i-migliori\\\/#primaryimage\",\"url\":\"https:\\\/\\\/www.livemag.it\\\/wp-content\\\/uploads\\\/2025\\\/08\\\/20250822_0289.jpg\",\"contentUrl\":\"https:\\\/\\\/www.livemag.it\\\/wp-content\\\/uploads\\\/2025\\\/08\\\/20250822_0289.jpg\",\"width\":900,\"height\":600},{\"@type\":\"BreadcrumbList\",\"@id\":\"https:\\\/\\\/www.livemag.it\\\/index.php\\\/2025\\\/08\\\/22\\\/tajani-no-alle-quote-per-le-regionali-sceglieremo-i-migliori\\\/#breadcrumb\",\"itemListElement\":[{\"@type\":\"ListItem\",\"position\":1,\"name\":\"Home\",\"item\":\"https:\\\/\\\/www.livemag.it\\\/\"},{\"@type\":\"ListItem\",\"position\":2,\"name\":\"Tajani \u201cNo alle quote, per le Regionali sceglieremo i migliori\u201d\"}]},{\"@type\":\"WebSite\",\"@id\":\"https:\\\/\\\/www.livemag.it\\\/#website\",\"url\":\"https:\\\/\\\/www.livemag.it\\\/\",\"name\":\"Live Magazine\",\"description\":\"Varie ed eventi\",\"publisher\":{\"@id\":\"https:\\\/\\\/www.livemag.it\\\/#organization\"},\"potentialAction\":[{\"@type\":\"SearchAction\",\"target\":{\"@type\":\"EntryPoint\",\"urlTemplate\":\"https:\\\/\\\/www.livemag.it\\\/?s={search_term_string}\"},\"query-input\":{\"@type\":\"PropertyValueSpecification\",\"valueRequired\":true,\"valueName\":\"search_term_string\"}}],\"inLanguage\":\"it-IT\"},{\"@type\":\"Organization\",\"@id\":\"https:\\\/\\\/www.livemag.it\\\/#organization\",\"name\":\"LiveMag\",\"alternateName\":\"LiveMag News ed eventi\",\"url\":\"https:\\\/\\\/www.livemag.it\\\/\",\"logo\":{\"@type\":\"ImageObject\",\"inLanguage\":\"it-IT\",\"@id\":\"https:\\\/\\\/www.livemag.it\\\/#\\\/schema\\\/logo\\\/image\\\/\",\"url\":\"https:\\\/\\\/www.livemag.it\\\/wp-content\\\/uploads\\\/2024\\\/02\\\/immagine-sito.jpg\",\"contentUrl\":\"https:\\\/\\\/www.livemag.it\\\/wp-content\\\/uploads\\\/2024\\\/02\\\/immagine-sito.jpg\",\"width\":696,\"height\":696,\"caption\":\"LiveMag\"},\"image\":{\"@id\":\"https:\\\/\\\/www.livemag.it\\\/#\\\/schema\\\/logo\\\/image\\\/\"},\"sameAs\":[\"https:\\\/\\\/www.facebook.com\\\/LiveMag\\\/\",\"https:\\\/\\\/x.com\\\/LiveNotizie\",\"https:\\\/\\\/www.instagram.com\\\/livemag\\\/\"]},{\"@type\":\"Person\",\"@id\":\"https:\\\/\\\/www.livemag.it\\\/#\\\/schema\\\/person\\\/b62c5f44451fdcdaeb0afe6c2424e73c\",\"name\":\"italpress\",\"image\":{\"@type\":\"ImageObject\",\"inLanguage\":\"it-IT\",\"@id\":\"https:\\\/\\\/secure.gravatar.com\\\/avatar\\\/b6a21695fc713ce7ee312cf57c97e2e641feb365be72d8745574d3c3e2b59066?s=96&r=g\",\"url\":\"https:\\\/\\\/secure.gravatar.com\\\/avatar\\\/b6a21695fc713ce7ee312cf57c97e2e641feb365be72d8745574d3c3e2b59066?s=96&r=g\",\"contentUrl\":\"https:\\\/\\\/secure.gravatar.com\\\/avatar\\\/b6a21695fc713ce7ee312cf57c97e2e641feb365be72d8745574d3c3e2b59066?s=96&r=g\",\"caption\":\"italpress\"},\"description\":\"Italpress \u00e8 un'agenzia di stampa italiana a carattere nazionale.\",\"url\":\"https:\\\/\\\/www.livemag.it\\\/index.php\\\/author\\\/italpress\\\/\"}]}<\/script>\n<!-- \/ Yoast SEO plugin. -->","yoast_head_json":{"title":"Tajani \u201cNo alle quote, per le Regionali sceglieremo i migliori\u201d - Live Magazine","robots":{"index":"index","follow":"follow","max-snippet":"max-snippet:-1","max-image-preview":"max-image-preview:large","max-video-preview":"max-video-preview:-1"},"canonical":"https:\/\/www.livemag.it\/index.php\/2025\/08\/22\/tajani-no-alle-quote-per-le-regionali-sceglieremo-i-migliori\/","og_locale":"it_IT","og_type":"article","og_title":"Tajani \u201cNo alle quote, per le Regionali sceglieremo i migliori\u201d - Live Magazine","og_description":"ROMA (ITALPRESS) \u2013 In vista delle Regionali \u201cadesso siamo concentrati sulle Marche, dove siamo convinti di ottenere grandi risultati anche noi come FI. Poi si voter\u00e0 in Valle d\u2019Aosta dove c\u2019\u00e8 il proporzionale e in Calabria dove si ripresenter\u00e0 Occhiuto\u201d. Cos\u00ec il vicepremier e ministro degli Esteri, Antonio Tajani, in un\u2019intervista al Corriere della Sera. [&hellip;]","og_url":"https:\/\/www.livemag.it\/index.php\/2025\/08\/22\/tajani-no-alle-quote-per-le-regionali-sceglieremo-i-migliori\/","og_site_name":"Live Magazine","article_publisher":"https:\/\/www.facebook.com\/LiveMag\/","article_published_time":"2025-08-22T13:02:51+00:00","og_image":[{"width":1200,"height":675,"url":"https:\/\/www.livemag.it\/wp-content\/uploads\/2024\/02\/ograph.jpg","type":"image\/jpeg"}],"author":"italpress","twitter_card":"summary_large_image","twitter_creator":"@LiveNotizie","twitter_site":"@LiveNotizie","twitter_misc":{"Scritto da":"italpress","Tempo di lettura stimato":"1 minuto"},"schema":{"@context":"https:\/\/schema.org","@graph":[{"@type":"Article","@id":"https:\/\/www.livemag.it\/index.php\/2025\/08\/22\/tajani-no-alle-quote-per-le-regionali-sceglieremo-i-migliori\/#article","isPartOf":{"@id":"https:\/\/www.livemag.it\/index.php\/2025\/08\/22\/tajani-no-alle-quote-per-le-regionali-sceglieremo-i-migliori\/"},"author":{"name":"italpress","@id":"https:\/\/www.livemag.it\/#\/schema\/person\/b62c5f44451fdcdaeb0afe6c2424e73c"},"headline":"Tajani \u201cNo alle quote, per le Regionali sceglieremo i migliori\u201d","datePublished":"2025-08-22T13:02:51+00:00","mainEntityOfPage":{"@id":"https:\/\/www.livemag.it\/index.php\/2025\/08\/22\/tajani-no-alle-quote-per-le-regionali-sceglieremo-i-migliori\/"},"wordCount":244,"publisher":{"@id":"https:\/\/www.livemag.it\/#organization"},"image":{"@id":"https:\/\/www.livemag.it\/index.php\/2025\/08\/22\/tajani-no-alle-quote-per-le-regionali-sceglieremo-i-migliori\/#primaryimage"},"thumbnailUrl":"https:\/\/www.livemag.it\/wp-content\/uploads\/2025\/08\/20250822_0289.jpg","articleSection":["Mondo"],"inLanguage":"it-IT"},{"@type":"WebPage","@id":"https:\/\/www.livemag.it\/index.php\/2025\/08\/22\/tajani-no-alle-quote-per-le-regionali-sceglieremo-i-migliori\/","url":"https:\/\/www.livemag.it\/index.php\/2025\/08\/22\/tajani-no-alle-quote-per-le-regionali-sceglieremo-i-migliori\/","name":"Tajani \u201cNo alle quote, per le Regionali sceglieremo i migliori\u201d - Live Magazine","isPartOf":{"@id":"https:\/\/www.livemag.it\/#website"},"primaryImageOfPage":{"@id":"https:\/\/www.livemag.it\/index.php\/2025\/08\/22\/tajani-no-alle-quote-per-le-regionali-sceglieremo-i-migliori\/#primaryimage"},"image":{"@id":"https:\/\/www.livemag.it\/index.php\/2025\/08\/22\/tajani-no-alle-quote-per-le-regionali-sceglieremo-i-migliori\/#primaryimage"},"thumbnailUrl":"https:\/\/www.livemag.it\/wp-content\/uploads\/2025\/08\/20250822_0289.jpg","datePublished":"2025-08-22T13:02:51+00:00","breadcrumb":{"@id":"https:\/\/www.livemag.it\/index.php\/2025\/08\/22\/tajani-no-alle-quote-per-le-regionali-sceglieremo-i-migliori\/#breadcrumb"},"inLanguage":"it-IT","potentialAction":[{"@type":"ReadAction","target":["https:\/\/www.livemag.it\/index.php\/2025\/08\/22\/tajani-no-alle-quote-per-le-regionali-sceglieremo-i-migliori\/"]}]},{"@type":"ImageObject","inLanguage":"it-IT","@id":"https:\/\/www.livemag.it\/index.php\/2025\/08\/22\/tajani-no-alle-quote-per-le-regionali-sceglieremo-i-migliori\/#primaryimage","url":"https:\/\/www.livemag.it\/wp-content\/uploads\/2025\/08\/20250822_0289.jpg","contentUrl":"https:\/\/www.livemag.it\/wp-content\/uploads\/2025\/08\/20250822_0289.jpg","width":900,"height":600},{"@type":"BreadcrumbList","@id":"https:\/\/www.livemag.it\/index.php\/2025\/08\/22\/tajani-no-alle-quote-per-le-regionali-sceglieremo-i-migliori\/#breadcrumb","itemListElement":[{"@type":"ListItem","position":1,"name":"Home","item":"https:\/\/www.livemag.it\/"},{"@type":"ListItem","position":2,"name":"Tajani \u201cNo alle quote, per le Regionali sceglieremo i migliori\u201d"}]},{"@type":"WebSite","@id":"https:\/\/www.livemag.it\/#website","url":"https:\/\/www.livemag.it\/","name":"Live Magazine","description":"Varie ed eventi","publisher":{"@id":"https:\/\/www.livemag.it\/#organization"},"potentialAction":[{"@type":"SearchAction","target":{"@type":"EntryPoint","urlTemplate":"https:\/\/www.livemag.it\/?s={search_term_string}"},"query-input":{"@type":"PropertyValueSpecification","valueRequired":true,"valueName":"search_term_string"}}],"inLanguage":"it-IT"},{"@type":"Organization","@id":"https:\/\/www.livemag.it\/#organization","name":"LiveMag","alternateName":"LiveMag News ed eventi","url":"https:\/\/www.livemag.it\/","logo":{"@type":"ImageObject","inLanguage":"it-IT","@id":"https:\/\/www.livemag.it\/#\/schema\/logo\/image\/","url":"https:\/\/www.livemag.it\/wp-content\/uploads\/2024\/02\/immagine-sito.jpg","contentUrl":"https:\/\/www.livemag.it\/wp-content\/uploads\/2024\/02\/immagine-sito.jpg","width":696,"height":696,"caption":"LiveMag"},"image":{"@id":"https:\/\/www.livemag.it\/#\/schema\/logo\/image\/"},"sameAs":["https:\/\/www.facebook.com\/LiveMag\/","https:\/\/x.com\/LiveNotizie","https:\/\/www.instagram.com\/livemag\/"]},{"@type":"Person","@id":"https:\/\/www.livemag.it\/#\/schema\/person\/b62c5f44451fdcdaeb0afe6c2424e73c","name":"italpress","image":{"@type":"ImageObject","inLanguage":"it-IT","@id":"https:\/\/secure.gravatar.com\/avatar\/b6a21695fc713ce7ee312cf57c97e2e641feb365be72d8745574d3c3e2b59066?s=96&r=g","url":"https:\/\/secure.gravatar.com\/avatar\/b6a21695fc713ce7ee312cf57c97e2e641feb365be72d8745574d3c3e2b59066?s=96&r=g","contentUrl":"https:\/\/secure.gravatar.com\/avatar\/b6a21695fc713ce7ee312cf57c97e2e641feb365be72d8745574d3c3e2b59066?s=96&r=g","caption":"italpress"},"description":"Italpress \u00e8 un'agenzia di stampa italiana a carattere nazionale.","url":"https:\/\/www.livemag.it\/index.php\/author\/italpress\/"}]}},"jetpack_featured_media_url":"https:\/\/www.livemag.it\/wp-content\/uploads\/2025\/08\/20250822_0289.jpg","_links":{"self":[{"href":"https:\/\/www.livemag.it\/index.php\/wp-json\/wp\/v2\/posts\/57328","targetHints":{"allow":["GET"]}}],"collection":[{"href":"https:\/\/www.livemag.it\/index.php\/wp-json\/wp\/v2\/posts"}],"about":[{"href":"https:\/\/www.livemag.it\/index.php\/wp-json\/wp\/v2\/types\/post"}],"author":[{"embeddable":true,"href":"https:\/\/www.livemag.it\/index.php\/wp-json\/wp\/v2\/users\/16"}],"replies":[{"embeddable":true,"href":"https:\/\/www.livemag.it\/index.php\/wp-json\/wp\/v2\/comments?post=57328"}],"version-history":[{"count":0,"href":"https:\/\/www.livemag.it\/index.php\/wp-json\/wp\/v2\/posts\/57328\/revisions"}],"wp:featuredmedia":[{"embeddable":true,"href":"https:\/\/www.livemag.it\/index.php\/wp-json\/wp\/v2\/media\/57329"}],"wp:attachment":[{"href":"https:\/\/www.livemag.it\/index.php\/wp-json\/wp\/v2\/media?parent=57328"}],"wp:term":[{"taxonomy":"category","embeddable":true,"href":"https:\/\/www.livemag.it\/index.php\/wp-json\/wp\/v2\/categories?post=57328"},{"taxonomy":"post_tag","embeddable":true,"href":"https:\/\/www.livemag.it\/index.php\/wp-json\/wp\/v2\/tags?post=57328"}],"curies":[{"name":"wp","href":"https:\/\/api.w.org\/{rel}","templated":true}]}}