{"id":57324,"date":"2025-08-22T15:02:48","date_gmt":"2025-08-22T13:02:48","guid":{"rendered":"https:\/\/www.livemag.it\/index.php\/2025\/08\/22\/mattarella-abbiamo-bisogno-di-costruttori-di-pace\/"},"modified":"2025-08-22T15:02:48","modified_gmt":"2025-08-22T13:02:48","slug":"mattarella-abbiamo-bisogno-di-costruttori-di-pace","status":"publish","type":"post","link":"https:\/\/www.livemag.it\/index.php\/2025\/08\/22\/mattarella-abbiamo-bisogno-di-costruttori-di-pace\/","title":{"rendered":"Mattarella \u201cAbbiamo bisogno di costruttori di pace\u201d"},"content":{"rendered":"<div>\n<p>ROMA (ITALPRESS) \u2013 \u201c<em>Il Meeting continua la sua storia proponendo nuove occasioni di incontro, di riflessione, di amicizia, di cultura. Un evento che ha messo radici nella societ\u00e0 italiana e che ancora ambisce ad ampliare gli spazi di dialogo, a scavare oltre la superficie del nostro tempo per comprendere come la persona e le comunit\u00e0 possano, nelle trasformazioni, restare protagoniste\u201d.<\/em> Cos\u00ec il presidente della Repubblica, <strong>Sergio Mattarella,<\/strong> nel messaggio inviato al Presidente della Fondazione Meeting per l\u2019amicizia fra i popoli, Bernhard Scholz.<\/p>\n<p><em> \u201cDesidero anzitutto esprimere il saluto pi\u00f9 caloroso agli organizzatori, ai volontari, ai giovani impegnati per la riuscita del Meeting e a coloro che ne saranno ospiti. Per questa 46a edizione\u201d<\/em> al via oggi<em> \u201c\u00e8 stato scelto il titolo: \u2018Nei luoghi deserti costruiremo con mattoni nuov\u00ec. Una citazione che \u00e8 anche una sfida, come tradizione per le giornate di Rimini. Abbiamo bisogno di costruttori di comunit\u00e0. Costruttori di convivenza, di pace, di partecipazione, di solidariet\u00e0. Costruttori di una societ\u00e0 capace di governare i mutamenti restando umana nelle fondamenta e nella civilt\u00e0. Non possiamo dare per scontate le conquiste che le precedenti generazioni ci hanno trasmesso\u201d<\/em>, ha spiegato.<\/p>\n<p><em>\u201cLibert\u00e0, democrazia, pace, modello sociale, vanno continuamente rigenerati nella fedelt\u00e0 ai loro presupposti valoriali. Rigenerati e condivisi. Le straordinarie facolt\u00e0 e opportunit\u00e0 che scienza e tecnologie ci consegnano non bastano a garantire un sicuro e autentico progresso. Il tempo che viviamo \u00e8 segnato anche dagli orrori di guerre che pensavamo di aver cancellato dalla storia, da volont\u00e0 di potenza che tornano a mostrarsi minacciosamente, da egoismi personali e di gruppo, da spinte omologanti, da discriminazioni, povert\u00e0, solitudini\u201d<\/em>, ha ribadito Mattarella.<\/p>\n<p><em>\u201cNon dobbiamo farci vincere dalle complessit\u00e0 e dalle paure. Le comunit\u00e0 deperiscono dove prevale il disimpegno o l\u2019indifferenza. Costruire \u00e8 rimettersi in cammino nella storia. Anche se questo richiede di attraversare territori difficili. Il calo demografico ha ridotto la presenza dei giovani nella societ\u00e0. Ma nessuna societ\u00e0 che voglia avere futuro pu\u00f2 rinunciare all\u2019apporto dei giovani e ai loro \u2018mattoni nuov\u00ec. Le stagioni che cambiano richiedono forze, idee, energie nuove. Non \u00e8 vero che cos\u00ec rischiano di disperdersi i valori: cos\u00ec i valori pi\u00f9 profondi possono trasmettersi e dare nuovi frutti. Costruire vuol dire avere speranza. La speranza \u00e8 il nutrimento pi\u00f9 prezioso di una societ\u00e0. Si diffonde soltanto nell\u2019amicizia e nella solidariet\u00e0. Questo \u00e8 anche l\u2019augurio pi\u00f9 intenso che rivolgo al Meeting che sta per cominciare\u201d<\/em>, ha concluso Mattarella.<\/p>\n<p>\u2013 foto Ipa Agency \u2013<\/p>\n<p>(ITALPRESS).<\/p>\n<\/div>\n","protected":false},"excerpt":{"rendered":"<p>ROMA (ITALPRESS) \u2013 \u201cIl Meeting continua la sua storia proponendo nuove occasioni di incontro, di riflessione, di amicizia, di cultura. Un evento che ha messo radici nella societ\u00e0 italiana e che ancora ambisce ad ampliare gli spazi di dialogo, a scavare oltre la superficie del nostro tempo per comprendere come la persona e le comunit\u00e0 [&hellip;]<\/p>\n","protected":false},"author":16,"featured_media":57325,"comment_status":"closed","ping_status":"closed","sticky":false,"template":"","format":"standard","meta":{"jnews-multi-image_gallery":[],"jnews_single_post":[],"jnews_primary_category":[],"jnews_social_meta":[],"jnews_override_counter":[],"jnews_post_split":[],"footnotes":""},"categories":[1129],"tags":[],"class_list":["post-57324","post","type-post","status-publish","format-standard","has-post-thumbnail","hentry","category-mondo"],"yoast_head":"<!-- This site is optimized with the Yoast SEO plugin v27.5 - https:\/\/yoast.com\/product\/yoast-seo-wordpress\/ -->\n<title>Mattarella \u201cAbbiamo bisogno di costruttori di pace\u201d - Live Magazine<\/title>\n<meta name=\"robots\" content=\"index, follow, max-snippet:-1, max-image-preview:large, max-video-preview:-1\" \/>\n<link rel=\"canonical\" href=\"https:\/\/www.livemag.it\/index.php\/2025\/08\/22\/mattarella-abbiamo-bisogno-di-costruttori-di-pace\/\" \/>\n<meta property=\"og:locale\" content=\"it_IT\" \/>\n<meta property=\"og:type\" content=\"article\" \/>\n<meta property=\"og:title\" content=\"Mattarella \u201cAbbiamo bisogno di costruttori di pace\u201d - Live Magazine\" \/>\n<meta property=\"og:description\" content=\"ROMA (ITALPRESS) \u2013 \u201cIl Meeting continua la sua storia proponendo nuove occasioni di incontro, di riflessione, di amicizia, di cultura. Un evento che ha messo radici nella societ\u00e0 italiana e che ancora ambisce ad ampliare gli spazi di dialogo, a scavare oltre la superficie del nostro tempo per comprendere come la persona e le comunit\u00e0 [&hellip;]\" \/>\n<meta property=\"og:url\" content=\"https:\/\/www.livemag.it\/index.php\/2025\/08\/22\/mattarella-abbiamo-bisogno-di-costruttori-di-pace\/\" \/>\n<meta property=\"og:site_name\" content=\"Live Magazine\" \/>\n<meta property=\"article:publisher\" content=\"https:\/\/www.facebook.com\/LiveMag\/\" \/>\n<meta property=\"article:published_time\" content=\"2025-08-22T13:02:48+00:00\" \/>\n<meta property=\"og:image\" content=\"https:\/\/www.livemag.it\/wp-content\/uploads\/2024\/02\/ograph.jpg\" \/>\n\t<meta property=\"og:image:width\" content=\"1200\" \/>\n\t<meta property=\"og:image:height\" content=\"675\" \/>\n\t<meta property=\"og:image:type\" content=\"image\/jpeg\" \/>\n<meta name=\"author\" content=\"italpress\" \/>\n<meta name=\"twitter:card\" content=\"summary_large_image\" \/>\n<meta name=\"twitter:creator\" content=\"@LiveNotizie\" \/>\n<meta name=\"twitter:site\" content=\"@LiveNotizie\" \/>\n<meta name=\"twitter:label1\" content=\"Scritto da\" \/>\n\t<meta name=\"twitter:data1\" content=\"italpress\" \/>\n\t<meta name=\"twitter:label2\" content=\"Tempo di lettura stimato\" \/>\n\t<meta name=\"twitter:data2\" content=\"2 minuti\" \/>\n<script type=\"application\/ld+json\" class=\"yoast-schema-graph\">{\"@context\":\"https:\\\/\\\/schema.org\",\"@graph\":[{\"@type\":\"Article\",\"@id\":\"https:\\\/\\\/www.livemag.it\\\/index.php\\\/2025\\\/08\\\/22\\\/mattarella-abbiamo-bisogno-di-costruttori-di-pace\\\/#article\",\"isPartOf\":{\"@id\":\"https:\\\/\\\/www.livemag.it\\\/index.php\\\/2025\\\/08\\\/22\\\/mattarella-abbiamo-bisogno-di-costruttori-di-pace\\\/\"},\"author\":{\"name\":\"italpress\",\"@id\":\"https:\\\/\\\/www.livemag.it\\\/#\\\/schema\\\/person\\\/b62c5f44451fdcdaeb0afe6c2424e73c\"},\"headline\":\"Mattarella \u201cAbbiamo bisogno di costruttori di pace\u201d\",\"datePublished\":\"2025-08-22T13:02:48+00:00\",\"mainEntityOfPage\":{\"@id\":\"https:\\\/\\\/www.livemag.it\\\/index.php\\\/2025\\\/08\\\/22\\\/mattarella-abbiamo-bisogno-di-costruttori-di-pace\\\/\"},\"wordCount\":406,\"publisher\":{\"@id\":\"https:\\\/\\\/www.livemag.it\\\/#organization\"},\"image\":{\"@id\":\"https:\\\/\\\/www.livemag.it\\\/index.php\\\/2025\\\/08\\\/22\\\/mattarella-abbiamo-bisogno-di-costruttori-di-pace\\\/#primaryimage\"},\"thumbnailUrl\":\"https:\\\/\\\/www.livemag.it\\\/wp-content\\\/uploads\\\/2025\\\/08\\\/20250822_0373.jpg\",\"articleSection\":[\"Mondo\"],\"inLanguage\":\"it-IT\"},{\"@type\":\"WebPage\",\"@id\":\"https:\\\/\\\/www.livemag.it\\\/index.php\\\/2025\\\/08\\\/22\\\/mattarella-abbiamo-bisogno-di-costruttori-di-pace\\\/\",\"url\":\"https:\\\/\\\/www.livemag.it\\\/index.php\\\/2025\\\/08\\\/22\\\/mattarella-abbiamo-bisogno-di-costruttori-di-pace\\\/\",\"name\":\"Mattarella \u201cAbbiamo bisogno di costruttori di pace\u201d - Live Magazine\",\"isPartOf\":{\"@id\":\"https:\\\/\\\/www.livemag.it\\\/#website\"},\"primaryImageOfPage\":{\"@id\":\"https:\\\/\\\/www.livemag.it\\\/index.php\\\/2025\\\/08\\\/22\\\/mattarella-abbiamo-bisogno-di-costruttori-di-pace\\\/#primaryimage\"},\"image\":{\"@id\":\"https:\\\/\\\/www.livemag.it\\\/index.php\\\/2025\\\/08\\\/22\\\/mattarella-abbiamo-bisogno-di-costruttori-di-pace\\\/#primaryimage\"},\"thumbnailUrl\":\"https:\\\/\\\/www.livemag.it\\\/wp-content\\\/uploads\\\/2025\\\/08\\\/20250822_0373.jpg\",\"datePublished\":\"2025-08-22T13:02:48+00:00\",\"breadcrumb\":{\"@id\":\"https:\\\/\\\/www.livemag.it\\\/index.php\\\/2025\\\/08\\\/22\\\/mattarella-abbiamo-bisogno-di-costruttori-di-pace\\\/#breadcrumb\"},\"inLanguage\":\"it-IT\",\"potentialAction\":[{\"@type\":\"ReadAction\",\"target\":[\"https:\\\/\\\/www.livemag.it\\\/index.php\\\/2025\\\/08\\\/22\\\/mattarella-abbiamo-bisogno-di-costruttori-di-pace\\\/\"]}]},{\"@type\":\"ImageObject\",\"inLanguage\":\"it-IT\",\"@id\":\"https:\\\/\\\/www.livemag.it\\\/index.php\\\/2025\\\/08\\\/22\\\/mattarella-abbiamo-bisogno-di-costruttori-di-pace\\\/#primaryimage\",\"url\":\"https:\\\/\\\/www.livemag.it\\\/wp-content\\\/uploads\\\/2025\\\/08\\\/20250822_0373.jpg\",\"contentUrl\":\"https:\\\/\\\/www.livemag.it\\\/wp-content\\\/uploads\\\/2025\\\/08\\\/20250822_0373.jpg\",\"width\":1024,\"height\":683},{\"@type\":\"BreadcrumbList\",\"@id\":\"https:\\\/\\\/www.livemag.it\\\/index.php\\\/2025\\\/08\\\/22\\\/mattarella-abbiamo-bisogno-di-costruttori-di-pace\\\/#breadcrumb\",\"itemListElement\":[{\"@type\":\"ListItem\",\"position\":1,\"name\":\"Home\",\"item\":\"https:\\\/\\\/www.livemag.it\\\/\"},{\"@type\":\"ListItem\",\"position\":2,\"name\":\"Mattarella \u201cAbbiamo bisogno di costruttori di pace\u201d\"}]},{\"@type\":\"WebSite\",\"@id\":\"https:\\\/\\\/www.livemag.it\\\/#website\",\"url\":\"https:\\\/\\\/www.livemag.it\\\/\",\"name\":\"Live Magazine\",\"description\":\"Varie ed eventi\",\"publisher\":{\"@id\":\"https:\\\/\\\/www.livemag.it\\\/#organization\"},\"potentialAction\":[{\"@type\":\"SearchAction\",\"target\":{\"@type\":\"EntryPoint\",\"urlTemplate\":\"https:\\\/\\\/www.livemag.it\\\/?s={search_term_string}\"},\"query-input\":{\"@type\":\"PropertyValueSpecification\",\"valueRequired\":true,\"valueName\":\"search_term_string\"}}],\"inLanguage\":\"it-IT\"},{\"@type\":\"Organization\",\"@id\":\"https:\\\/\\\/www.livemag.it\\\/#organization\",\"name\":\"LiveMag\",\"alternateName\":\"LiveMag News ed eventi\",\"url\":\"https:\\\/\\\/www.livemag.it\\\/\",\"logo\":{\"@type\":\"ImageObject\",\"inLanguage\":\"it-IT\",\"@id\":\"https:\\\/\\\/www.livemag.it\\\/#\\\/schema\\\/logo\\\/image\\\/\",\"url\":\"https:\\\/\\\/www.livemag.it\\\/wp-content\\\/uploads\\\/2024\\\/02\\\/immagine-sito.jpg\",\"contentUrl\":\"https:\\\/\\\/www.livemag.it\\\/wp-content\\\/uploads\\\/2024\\\/02\\\/immagine-sito.jpg\",\"width\":696,\"height\":696,\"caption\":\"LiveMag\"},\"image\":{\"@id\":\"https:\\\/\\\/www.livemag.it\\\/#\\\/schema\\\/logo\\\/image\\\/\"},\"sameAs\":[\"https:\\\/\\\/www.facebook.com\\\/LiveMag\\\/\",\"https:\\\/\\\/x.com\\\/LiveNotizie\",\"https:\\\/\\\/www.instagram.com\\\/livemag\\\/\"]},{\"@type\":\"Person\",\"@id\":\"https:\\\/\\\/www.livemag.it\\\/#\\\/schema\\\/person\\\/b62c5f44451fdcdaeb0afe6c2424e73c\",\"name\":\"italpress\",\"image\":{\"@type\":\"ImageObject\",\"inLanguage\":\"it-IT\",\"@id\":\"https:\\\/\\\/secure.gravatar.com\\\/avatar\\\/b6a21695fc713ce7ee312cf57c97e2e641feb365be72d8745574d3c3e2b59066?s=96&r=g\",\"url\":\"https:\\\/\\\/secure.gravatar.com\\\/avatar\\\/b6a21695fc713ce7ee312cf57c97e2e641feb365be72d8745574d3c3e2b59066?s=96&r=g\",\"contentUrl\":\"https:\\\/\\\/secure.gravatar.com\\\/avatar\\\/b6a21695fc713ce7ee312cf57c97e2e641feb365be72d8745574d3c3e2b59066?s=96&r=g\",\"caption\":\"italpress\"},\"description\":\"Italpress \u00e8 un'agenzia di stampa italiana a carattere nazionale.\",\"url\":\"https:\\\/\\\/www.livemag.it\\\/index.php\\\/author\\\/italpress\\\/\"}]}<\/script>\n<!-- \/ Yoast SEO plugin. -->","yoast_head_json":{"title":"Mattarella \u201cAbbiamo bisogno di costruttori di pace\u201d - Live Magazine","robots":{"index":"index","follow":"follow","max-snippet":"max-snippet:-1","max-image-preview":"max-image-preview:large","max-video-preview":"max-video-preview:-1"},"canonical":"https:\/\/www.livemag.it\/index.php\/2025\/08\/22\/mattarella-abbiamo-bisogno-di-costruttori-di-pace\/","og_locale":"it_IT","og_type":"article","og_title":"Mattarella \u201cAbbiamo bisogno di costruttori di pace\u201d - Live Magazine","og_description":"ROMA (ITALPRESS) \u2013 \u201cIl Meeting continua la sua storia proponendo nuove occasioni di incontro, di riflessione, di amicizia, di cultura. Un evento che ha messo radici nella societ\u00e0 italiana e che ancora ambisce ad ampliare gli spazi di dialogo, a scavare oltre la superficie del nostro tempo per comprendere come la persona e le comunit\u00e0 [&hellip;]","og_url":"https:\/\/www.livemag.it\/index.php\/2025\/08\/22\/mattarella-abbiamo-bisogno-di-costruttori-di-pace\/","og_site_name":"Live Magazine","article_publisher":"https:\/\/www.facebook.com\/LiveMag\/","article_published_time":"2025-08-22T13:02:48+00:00","og_image":[{"width":1200,"height":675,"url":"https:\/\/www.livemag.it\/wp-content\/uploads\/2024\/02\/ograph.jpg","type":"image\/jpeg"}],"author":"italpress","twitter_card":"summary_large_image","twitter_creator":"@LiveNotizie","twitter_site":"@LiveNotizie","twitter_misc":{"Scritto da":"italpress","Tempo di lettura stimato":"2 minuti"},"schema":{"@context":"https:\/\/schema.org","@graph":[{"@type":"Article","@id":"https:\/\/www.livemag.it\/index.php\/2025\/08\/22\/mattarella-abbiamo-bisogno-di-costruttori-di-pace\/#article","isPartOf":{"@id":"https:\/\/www.livemag.it\/index.php\/2025\/08\/22\/mattarella-abbiamo-bisogno-di-costruttori-di-pace\/"},"author":{"name":"italpress","@id":"https:\/\/www.livemag.it\/#\/schema\/person\/b62c5f44451fdcdaeb0afe6c2424e73c"},"headline":"Mattarella \u201cAbbiamo bisogno di costruttori di pace\u201d","datePublished":"2025-08-22T13:02:48+00:00","mainEntityOfPage":{"@id":"https:\/\/www.livemag.it\/index.php\/2025\/08\/22\/mattarella-abbiamo-bisogno-di-costruttori-di-pace\/"},"wordCount":406,"publisher":{"@id":"https:\/\/www.livemag.it\/#organization"},"image":{"@id":"https:\/\/www.livemag.it\/index.php\/2025\/08\/22\/mattarella-abbiamo-bisogno-di-costruttori-di-pace\/#primaryimage"},"thumbnailUrl":"https:\/\/www.livemag.it\/wp-content\/uploads\/2025\/08\/20250822_0373.jpg","articleSection":["Mondo"],"inLanguage":"it-IT"},{"@type":"WebPage","@id":"https:\/\/www.livemag.it\/index.php\/2025\/08\/22\/mattarella-abbiamo-bisogno-di-costruttori-di-pace\/","url":"https:\/\/www.livemag.it\/index.php\/2025\/08\/22\/mattarella-abbiamo-bisogno-di-costruttori-di-pace\/","name":"Mattarella \u201cAbbiamo bisogno di costruttori di pace\u201d - Live Magazine","isPartOf":{"@id":"https:\/\/www.livemag.it\/#website"},"primaryImageOfPage":{"@id":"https:\/\/www.livemag.it\/index.php\/2025\/08\/22\/mattarella-abbiamo-bisogno-di-costruttori-di-pace\/#primaryimage"},"image":{"@id":"https:\/\/www.livemag.it\/index.php\/2025\/08\/22\/mattarella-abbiamo-bisogno-di-costruttori-di-pace\/#primaryimage"},"thumbnailUrl":"https:\/\/www.livemag.it\/wp-content\/uploads\/2025\/08\/20250822_0373.jpg","datePublished":"2025-08-22T13:02:48+00:00","breadcrumb":{"@id":"https:\/\/www.livemag.it\/index.php\/2025\/08\/22\/mattarella-abbiamo-bisogno-di-costruttori-di-pace\/#breadcrumb"},"inLanguage":"it-IT","potentialAction":[{"@type":"ReadAction","target":["https:\/\/www.livemag.it\/index.php\/2025\/08\/22\/mattarella-abbiamo-bisogno-di-costruttori-di-pace\/"]}]},{"@type":"ImageObject","inLanguage":"it-IT","@id":"https:\/\/www.livemag.it\/index.php\/2025\/08\/22\/mattarella-abbiamo-bisogno-di-costruttori-di-pace\/#primaryimage","url":"https:\/\/www.livemag.it\/wp-content\/uploads\/2025\/08\/20250822_0373.jpg","contentUrl":"https:\/\/www.livemag.it\/wp-content\/uploads\/2025\/08\/20250822_0373.jpg","width":1024,"height":683},{"@type":"BreadcrumbList","@id":"https:\/\/www.livemag.it\/index.php\/2025\/08\/22\/mattarella-abbiamo-bisogno-di-costruttori-di-pace\/#breadcrumb","itemListElement":[{"@type":"ListItem","position":1,"name":"Home","item":"https:\/\/www.livemag.it\/"},{"@type":"ListItem","position":2,"name":"Mattarella \u201cAbbiamo bisogno di costruttori di pace\u201d"}]},{"@type":"WebSite","@id":"https:\/\/www.livemag.it\/#website","url":"https:\/\/www.livemag.it\/","name":"Live Magazine","description":"Varie ed eventi","publisher":{"@id":"https:\/\/www.livemag.it\/#organization"},"potentialAction":[{"@type":"SearchAction","target":{"@type":"EntryPoint","urlTemplate":"https:\/\/www.livemag.it\/?s={search_term_string}"},"query-input":{"@type":"PropertyValueSpecification","valueRequired":true,"valueName":"search_term_string"}}],"inLanguage":"it-IT"},{"@type":"Organization","@id":"https:\/\/www.livemag.it\/#organization","name":"LiveMag","alternateName":"LiveMag News ed eventi","url":"https:\/\/www.livemag.it\/","logo":{"@type":"ImageObject","inLanguage":"it-IT","@id":"https:\/\/www.livemag.it\/#\/schema\/logo\/image\/","url":"https:\/\/www.livemag.it\/wp-content\/uploads\/2024\/02\/immagine-sito.jpg","contentUrl":"https:\/\/www.livemag.it\/wp-content\/uploads\/2024\/02\/immagine-sito.jpg","width":696,"height":696,"caption":"LiveMag"},"image":{"@id":"https:\/\/www.livemag.it\/#\/schema\/logo\/image\/"},"sameAs":["https:\/\/www.facebook.com\/LiveMag\/","https:\/\/x.com\/LiveNotizie","https:\/\/www.instagram.com\/livemag\/"]},{"@type":"Person","@id":"https:\/\/www.livemag.it\/#\/schema\/person\/b62c5f44451fdcdaeb0afe6c2424e73c","name":"italpress","image":{"@type":"ImageObject","inLanguage":"it-IT","@id":"https:\/\/secure.gravatar.com\/avatar\/b6a21695fc713ce7ee312cf57c97e2e641feb365be72d8745574d3c3e2b59066?s=96&r=g","url":"https:\/\/secure.gravatar.com\/avatar\/b6a21695fc713ce7ee312cf57c97e2e641feb365be72d8745574d3c3e2b59066?s=96&r=g","contentUrl":"https:\/\/secure.gravatar.com\/avatar\/b6a21695fc713ce7ee312cf57c97e2e641feb365be72d8745574d3c3e2b59066?s=96&r=g","caption":"italpress"},"description":"Italpress \u00e8 un'agenzia di stampa italiana a carattere nazionale.","url":"https:\/\/www.livemag.it\/index.php\/author\/italpress\/"}]}},"jetpack_featured_media_url":"https:\/\/www.livemag.it\/wp-content\/uploads\/2025\/08\/20250822_0373.jpg","_links":{"self":[{"href":"https:\/\/www.livemag.it\/index.php\/wp-json\/wp\/v2\/posts\/57324","targetHints":{"allow":["GET"]}}],"collection":[{"href":"https:\/\/www.livemag.it\/index.php\/wp-json\/wp\/v2\/posts"}],"about":[{"href":"https:\/\/www.livemag.it\/index.php\/wp-json\/wp\/v2\/types\/post"}],"author":[{"embeddable":true,"href":"https:\/\/www.livemag.it\/index.php\/wp-json\/wp\/v2\/users\/16"}],"replies":[{"embeddable":true,"href":"https:\/\/www.livemag.it\/index.php\/wp-json\/wp\/v2\/comments?post=57324"}],"version-history":[{"count":0,"href":"https:\/\/www.livemag.it\/index.php\/wp-json\/wp\/v2\/posts\/57324\/revisions"}],"wp:featuredmedia":[{"embeddable":true,"href":"https:\/\/www.livemag.it\/index.php\/wp-json\/wp\/v2\/media\/57325"}],"wp:attachment":[{"href":"https:\/\/www.livemag.it\/index.php\/wp-json\/wp\/v2\/media?parent=57324"}],"wp:term":[{"taxonomy":"category","embeddable":true,"href":"https:\/\/www.livemag.it\/index.php\/wp-json\/wp\/v2\/categories?post=57324"},{"taxonomy":"post_tag","embeddable":true,"href":"https:\/\/www.livemag.it\/index.php\/wp-json\/wp\/v2\/tags?post=57324"}],"curies":[{"name":"wp","href":"https:\/\/api.w.org\/{rel}","templated":true}]}}