{"id":56538,"date":"2025-08-06T18:03:25","date_gmt":"2025-08-06T16:03:25","guid":{"rendered":"https:\/\/www.livemag.it\/index.php\/2025\/08\/06\/ponte-stretto-salini-pronti-a-partire-con-opera-orgoglio-del-paese\/"},"modified":"2025-08-06T18:03:25","modified_gmt":"2025-08-06T16:03:25","slug":"ponte-stretto-salini-pronti-a-partire-con-opera-orgoglio-del-paese","status":"publish","type":"post","link":"https:\/\/www.livemag.it\/index.php\/2025\/08\/06\/ponte-stretto-salini-pronti-a-partire-con-opera-orgoglio-del-paese\/","title":{"rendered":"Ponte Stretto, Salini \u201cPronti a partire con opera orgoglio del Paese\u201d"},"content":{"rendered":"<div>\n<p>ROMA (ITALPRESS) \u2013 \u201cOggi l\u2019Italia dimostra ancora una volta di saper fare squadra, con un mega progetto trasformativo per tutto il Paese. L\u2019approvazione del progetto del Ponte sullo Stretto di Messina da parte del CIPESS segna l\u2019inizio di una nuova stagione di visione, coraggio e fiducia nelle capacit\u00e0 dell\u2019industria italiana e di tutto il comparto produttivo del settore infrastrutturale\u201d. Cos\u00ec Pietro Salini, Amministratore Delegato Webuild, a seguito dell\u2019approvazione da parte del CIPESS del progetto del Ponte, il pi\u00f9 lungo sospeso al mondo, e del vasto piano di opere complementari pensate per potenziare la mobilit\u00e0 tra Sicilia e resto d\u2019Italia.<br \/>\u201cSiamo particolarmente orgogliosi di essere parte dell\u2019impresa del Ponte, fortemente voluta dal Ministero delle Infrastrutture e dei Trasporti e dal Governo italiano e sostenuta con impegno dalla societ\u00e0 concessionaria Stretto di Messina, come leader del contraente generale Eurolink, lavorando insieme alle migliori competenze dell\u2019ingegneria mondiale e con un\u2019ampia filiera italiana di eccellenza, dal Sud al Nord del Paese \u2013 ha proseguito Salini -. Il Ponte metter\u00e0 in moto un grande progetto infrastrutturale diffuso in tanti cantieri all\u2019opera in contemporanea, un volano di crescita, occupazione e legalit\u00e0 per tutto il Sud Italia\u201d.<br \/>\u201cL\u2019opera sar\u00e0 dotata di tecnologie avanzate per la sicurezza e la manutenzione e sar\u00e0 realizzata secondo i pi\u00f9 alti standard ingegneristici internazionali. Sar\u00e0 anche una straordinaria opportunit\u00e0 per il futuro dei giovani \u2013 ha aggiunto -. I talenti dell\u2019ingegneria italiana, i manager e gli operai del settore avranno finalmente la possibilit\u00e0 di impegnarsi, a casa propria, su una delle opere pi\u00f9 sfidanti al mondo\u201d.<br \/>\u201cCon una competenza unica maturata nei progetti pi\u00f9 sfidanti al mondo, una squadra di 95.000 persone e una rete di 17.500 fornitori, siamo al lavoro su alcuni dei pi\u00f9 grandi progetti infrastrutturali in tutti i continenti: in Australia, dalle opere di mobilit\u00e0 sostenibile al progetto idroelettrico Snowy 2.0, il pi\u00f9 grande del Paese; negli Stati Uniti, stiamo contribuendo alla costruzione delle pi\u00f9 grandi arterie stradali; in Arabia Saudita, stiamo realizzando il sistema di dighe di Trojena; in Etiopia, stiamo completando la Grand Ethiopian Renaissance Dam, la diga pi\u00f9 grande d\u2019Africa\u201d, ha sottolineato Salini.<br \/>\u201cSiamo al servizio dell\u2019Italia da 120 anni, e la nostra storia \u00e8 legata a opere che hanno segnato il progresso del Paese: l\u2019alta velocit\u00e0 ferroviaria, l\u2019Autostrada del Sole, le metropolitane di Roma, Milano e Napoli, ospedali, stadi e dighe. Oggi, con 30 progetti strategici e 18.500 lavoratori all\u2019opera, continuiamo a rafforzare la competitivit\u00e0 del sistema Italia con infrastrutture come il tunnel di Base del Brennero e le linee AV Terzo Valico dei Giovi e Verona-Padova \u2013 ha spiegato -. Nel Sud Italia, stiamo portando avanti 19 grandi progetti che coinvolgono circa 9.000 addetti. Dall\u2019alta velocit\u00e0 Napoli-Bari alla statale Jonica in Calabria, fino ai cantieri siciliani per il raddoppio ferroviario Palermo-Catania-Messina, investiamo in sicurezza, innovazione e formazione continua anche con scuole create sul territorio per formare le generazioni del futuro nel nostro settore\u201d, ha concluso Salini.<br \/>Il Ponte sar\u00e0 il cuore di un ampio sistema infrastrutturale integrato: oltre 40 km di nuove strade e ferrovie, tre stazioni ferroviarie sotterranee, una decina di viadotti e numerose gallerie, un centro direzionale all\u2019avanguardia. Queste opere complementari avranno un impatto trasformativo sulla mobilit\u00e0 di territori che beneficeranno di imponenti investimenti infrastrutturali. <br \/>Il Ponte si unir\u00e0 alla direttrice ferroviaria Palermo-Catania-Messina in Sicilia e alla futura linea AV\/AC Salerno-Reggio Calabria sul versante calabrese.<br \/>Dall\u2019antica Roma fino ad oggi i ponti sono sempre stati acceleratori per l\u2019economia e lo sviluppo dei paesi. Il Gruppo Webuild ha dato il suo contributo a questa storia arrivando oggi ad un record di 1.022 km di ponti e viadotti realizzati: l\u2019equivalente di un unico grande ponte che unisce Parigi con Berlino. Il Gruppo ha realizzato ponti e viadotti in oltre 300 grandi opere stradali e ferroviarie, il primo dei quali in Italia nel 1922, il Viadotto di Recco, per arrivare agli ultimi progetti, come il Secondo e il Terzo Ponte sul Bosforo in Turchia e il Long Beach International Gateway negli Stati Uniti.<\/p>\n<p>\u2013 foto ufficio stampa Webuild \u2013<br \/>(ITALPRESS).<\/p>\n<\/div>\n","protected":false},"excerpt":{"rendered":"<p>ROMA (ITALPRESS) \u2013 \u201cOggi l\u2019Italia dimostra ancora una volta di saper fare squadra, con un mega progetto trasformativo per tutto il Paese. L\u2019approvazione del progetto del Ponte sullo Stretto di Messina da parte del CIPESS segna l\u2019inizio di una nuova stagione di visione, coraggio e fiducia nelle capacit\u00e0 dell\u2019industria italiana e di tutto il comparto [&hellip;]<\/p>\n","protected":false},"author":16,"featured_media":56539,"comment_status":"closed","ping_status":"closed","sticky":false,"template":"","format":"standard","meta":{"jnews-multi-image_gallery":[],"jnews_single_post":[],"jnews_primary_category":[],"jnews_social_meta":[],"jnews_override_counter":[],"jnews_post_split":[],"footnotes":""},"categories":[1129],"tags":[],"class_list":["post-56538","post","type-post","status-publish","format-standard","has-post-thumbnail","hentry","category-mondo"],"yoast_head":"<!-- This site is optimized with the Yoast SEO plugin v27.5 - https:\/\/yoast.com\/product\/yoast-seo-wordpress\/ -->\n<title>Ponte Stretto, Salini \u201cPronti a partire con opera orgoglio del Paese\u201d - Live Magazine<\/title>\n<meta name=\"robots\" content=\"index, follow, max-snippet:-1, max-image-preview:large, max-video-preview:-1\" \/>\n<link rel=\"canonical\" href=\"https:\/\/www.livemag.it\/index.php\/2025\/08\/06\/ponte-stretto-salini-pronti-a-partire-con-opera-orgoglio-del-paese\/\" \/>\n<meta property=\"og:locale\" content=\"it_IT\" \/>\n<meta property=\"og:type\" content=\"article\" \/>\n<meta property=\"og:title\" content=\"Ponte Stretto, Salini \u201cPronti a partire con opera orgoglio del Paese\u201d - Live Magazine\" \/>\n<meta property=\"og:description\" content=\"ROMA (ITALPRESS) \u2013 \u201cOggi l\u2019Italia dimostra ancora una volta di saper fare squadra, con un mega progetto trasformativo per tutto il Paese. L\u2019approvazione del progetto del Ponte sullo Stretto di Messina da parte del CIPESS segna l\u2019inizio di una nuova stagione di visione, coraggio e fiducia nelle capacit\u00e0 dell\u2019industria italiana e di tutto il comparto [&hellip;]\" \/>\n<meta property=\"og:url\" content=\"https:\/\/www.livemag.it\/index.php\/2025\/08\/06\/ponte-stretto-salini-pronti-a-partire-con-opera-orgoglio-del-paese\/\" \/>\n<meta property=\"og:site_name\" content=\"Live Magazine\" \/>\n<meta property=\"article:publisher\" content=\"https:\/\/www.facebook.com\/LiveMag\/\" \/>\n<meta property=\"article:published_time\" content=\"2025-08-06T16:03:25+00:00\" \/>\n<meta property=\"og:image\" content=\"https:\/\/www.livemag.it\/wp-content\/uploads\/2024\/02\/ograph.jpg\" \/>\n\t<meta property=\"og:image:width\" content=\"1200\" \/>\n\t<meta property=\"og:image:height\" content=\"675\" \/>\n\t<meta property=\"og:image:type\" content=\"image\/jpeg\" \/>\n<meta name=\"author\" content=\"italpress\" \/>\n<meta name=\"twitter:card\" content=\"summary_large_image\" \/>\n<meta name=\"twitter:creator\" content=\"@LiveNotizie\" \/>\n<meta name=\"twitter:site\" content=\"@LiveNotizie\" \/>\n<meta name=\"twitter:label1\" content=\"Scritto da\" \/>\n\t<meta name=\"twitter:data1\" content=\"italpress\" \/>\n\t<meta name=\"twitter:label2\" content=\"Tempo di lettura stimato\" \/>\n\t<meta name=\"twitter:data2\" content=\"3 minuti\" \/>\n<script type=\"application\/ld+json\" class=\"yoast-schema-graph\">{\"@context\":\"https:\\\/\\\/schema.org\",\"@graph\":[{\"@type\":\"Article\",\"@id\":\"https:\\\/\\\/www.livemag.it\\\/index.php\\\/2025\\\/08\\\/06\\\/ponte-stretto-salini-pronti-a-partire-con-opera-orgoglio-del-paese\\\/#article\",\"isPartOf\":{\"@id\":\"https:\\\/\\\/www.livemag.it\\\/index.php\\\/2025\\\/08\\\/06\\\/ponte-stretto-salini-pronti-a-partire-con-opera-orgoglio-del-paese\\\/\"},\"author\":{\"name\":\"italpress\",\"@id\":\"https:\\\/\\\/www.livemag.it\\\/#\\\/schema\\\/person\\\/b62c5f44451fdcdaeb0afe6c2424e73c\"},\"headline\":\"Ponte Stretto, Salini \u201cPronti a partire con opera orgoglio del Paese\u201d\",\"datePublished\":\"2025-08-06T16:03:25+00:00\",\"mainEntityOfPage\":{\"@id\":\"https:\\\/\\\/www.livemag.it\\\/index.php\\\/2025\\\/08\\\/06\\\/ponte-stretto-salini-pronti-a-partire-con-opera-orgoglio-del-paese\\\/\"},\"wordCount\":680,\"publisher\":{\"@id\":\"https:\\\/\\\/www.livemag.it\\\/#organization\"},\"image\":{\"@id\":\"https:\\\/\\\/www.livemag.it\\\/index.php\\\/2025\\\/08\\\/06\\\/ponte-stretto-salini-pronti-a-partire-con-opera-orgoglio-del-paese\\\/#primaryimage\"},\"thumbnailUrl\":\"https:\\\/\\\/www.livemag.it\\\/wp-content\\\/uploads\\\/2025\\\/08\\\/20250806_0888.jpg\",\"articleSection\":[\"Mondo\"],\"inLanguage\":\"it-IT\"},{\"@type\":\"WebPage\",\"@id\":\"https:\\\/\\\/www.livemag.it\\\/index.php\\\/2025\\\/08\\\/06\\\/ponte-stretto-salini-pronti-a-partire-con-opera-orgoglio-del-paese\\\/\",\"url\":\"https:\\\/\\\/www.livemag.it\\\/index.php\\\/2025\\\/08\\\/06\\\/ponte-stretto-salini-pronti-a-partire-con-opera-orgoglio-del-paese\\\/\",\"name\":\"Ponte Stretto, Salini \u201cPronti a partire con opera orgoglio del Paese\u201d - Live Magazine\",\"isPartOf\":{\"@id\":\"https:\\\/\\\/www.livemag.it\\\/#website\"},\"primaryImageOfPage\":{\"@id\":\"https:\\\/\\\/www.livemag.it\\\/index.php\\\/2025\\\/08\\\/06\\\/ponte-stretto-salini-pronti-a-partire-con-opera-orgoglio-del-paese\\\/#primaryimage\"},\"image\":{\"@id\":\"https:\\\/\\\/www.livemag.it\\\/index.php\\\/2025\\\/08\\\/06\\\/ponte-stretto-salini-pronti-a-partire-con-opera-orgoglio-del-paese\\\/#primaryimage\"},\"thumbnailUrl\":\"https:\\\/\\\/www.livemag.it\\\/wp-content\\\/uploads\\\/2025\\\/08\\\/20250806_0888.jpg\",\"datePublished\":\"2025-08-06T16:03:25+00:00\",\"breadcrumb\":{\"@id\":\"https:\\\/\\\/www.livemag.it\\\/index.php\\\/2025\\\/08\\\/06\\\/ponte-stretto-salini-pronti-a-partire-con-opera-orgoglio-del-paese\\\/#breadcrumb\"},\"inLanguage\":\"it-IT\",\"potentialAction\":[{\"@type\":\"ReadAction\",\"target\":[\"https:\\\/\\\/www.livemag.it\\\/index.php\\\/2025\\\/08\\\/06\\\/ponte-stretto-salini-pronti-a-partire-con-opera-orgoglio-del-paese\\\/\"]}]},{\"@type\":\"ImageObject\",\"inLanguage\":\"it-IT\",\"@id\":\"https:\\\/\\\/www.livemag.it\\\/index.php\\\/2025\\\/08\\\/06\\\/ponte-stretto-salini-pronti-a-partire-con-opera-orgoglio-del-paese\\\/#primaryimage\",\"url\":\"https:\\\/\\\/www.livemag.it\\\/wp-content\\\/uploads\\\/2025\\\/08\\\/20250806_0888.jpg\",\"contentUrl\":\"https:\\\/\\\/www.livemag.it\\\/wp-content\\\/uploads\\\/2025\\\/08\\\/20250806_0888.jpg\",\"width\":1113,\"height\":633},{\"@type\":\"BreadcrumbList\",\"@id\":\"https:\\\/\\\/www.livemag.it\\\/index.php\\\/2025\\\/08\\\/06\\\/ponte-stretto-salini-pronti-a-partire-con-opera-orgoglio-del-paese\\\/#breadcrumb\",\"itemListElement\":[{\"@type\":\"ListItem\",\"position\":1,\"name\":\"Home\",\"item\":\"https:\\\/\\\/www.livemag.it\\\/\"},{\"@type\":\"ListItem\",\"position\":2,\"name\":\"Ponte Stretto, Salini \u201cPronti a partire con opera orgoglio del Paese\u201d\"}]},{\"@type\":\"WebSite\",\"@id\":\"https:\\\/\\\/www.livemag.it\\\/#website\",\"url\":\"https:\\\/\\\/www.livemag.it\\\/\",\"name\":\"Live Magazine\",\"description\":\"Varie ed eventi\",\"publisher\":{\"@id\":\"https:\\\/\\\/www.livemag.it\\\/#organization\"},\"potentialAction\":[{\"@type\":\"SearchAction\",\"target\":{\"@type\":\"EntryPoint\",\"urlTemplate\":\"https:\\\/\\\/www.livemag.it\\\/?s={search_term_string}\"},\"query-input\":{\"@type\":\"PropertyValueSpecification\",\"valueRequired\":true,\"valueName\":\"search_term_string\"}}],\"inLanguage\":\"it-IT\"},{\"@type\":\"Organization\",\"@id\":\"https:\\\/\\\/www.livemag.it\\\/#organization\",\"name\":\"LiveMag\",\"alternateName\":\"LiveMag News ed eventi\",\"url\":\"https:\\\/\\\/www.livemag.it\\\/\",\"logo\":{\"@type\":\"ImageObject\",\"inLanguage\":\"it-IT\",\"@id\":\"https:\\\/\\\/www.livemag.it\\\/#\\\/schema\\\/logo\\\/image\\\/\",\"url\":\"https:\\\/\\\/www.livemag.it\\\/wp-content\\\/uploads\\\/2024\\\/02\\\/immagine-sito.jpg\",\"contentUrl\":\"https:\\\/\\\/www.livemag.it\\\/wp-content\\\/uploads\\\/2024\\\/02\\\/immagine-sito.jpg\",\"width\":696,\"height\":696,\"caption\":\"LiveMag\"},\"image\":{\"@id\":\"https:\\\/\\\/www.livemag.it\\\/#\\\/schema\\\/logo\\\/image\\\/\"},\"sameAs\":[\"https:\\\/\\\/www.facebook.com\\\/LiveMag\\\/\",\"https:\\\/\\\/x.com\\\/LiveNotizie\",\"https:\\\/\\\/www.instagram.com\\\/livemag\\\/\"]},{\"@type\":\"Person\",\"@id\":\"https:\\\/\\\/www.livemag.it\\\/#\\\/schema\\\/person\\\/b62c5f44451fdcdaeb0afe6c2424e73c\",\"name\":\"italpress\",\"image\":{\"@type\":\"ImageObject\",\"inLanguage\":\"it-IT\",\"@id\":\"https:\\\/\\\/secure.gravatar.com\\\/avatar\\\/b6a21695fc713ce7ee312cf57c97e2e641feb365be72d8745574d3c3e2b59066?s=96&r=g\",\"url\":\"https:\\\/\\\/secure.gravatar.com\\\/avatar\\\/b6a21695fc713ce7ee312cf57c97e2e641feb365be72d8745574d3c3e2b59066?s=96&r=g\",\"contentUrl\":\"https:\\\/\\\/secure.gravatar.com\\\/avatar\\\/b6a21695fc713ce7ee312cf57c97e2e641feb365be72d8745574d3c3e2b59066?s=96&r=g\",\"caption\":\"italpress\"},\"description\":\"Italpress \u00e8 un'agenzia di stampa italiana a carattere nazionale.\",\"url\":\"https:\\\/\\\/www.livemag.it\\\/index.php\\\/author\\\/italpress\\\/\"}]}<\/script>\n<!-- \/ Yoast SEO plugin. -->","yoast_head_json":{"title":"Ponte Stretto, Salini \u201cPronti a partire con opera orgoglio del Paese\u201d - Live Magazine","robots":{"index":"index","follow":"follow","max-snippet":"max-snippet:-1","max-image-preview":"max-image-preview:large","max-video-preview":"max-video-preview:-1"},"canonical":"https:\/\/www.livemag.it\/index.php\/2025\/08\/06\/ponte-stretto-salini-pronti-a-partire-con-opera-orgoglio-del-paese\/","og_locale":"it_IT","og_type":"article","og_title":"Ponte Stretto, Salini \u201cPronti a partire con opera orgoglio del Paese\u201d - Live Magazine","og_description":"ROMA (ITALPRESS) \u2013 \u201cOggi l\u2019Italia dimostra ancora una volta di saper fare squadra, con un mega progetto trasformativo per tutto il Paese. L\u2019approvazione del progetto del Ponte sullo Stretto di Messina da parte del CIPESS segna l\u2019inizio di una nuova stagione di visione, coraggio e fiducia nelle capacit\u00e0 dell\u2019industria italiana e di tutto il comparto [&hellip;]","og_url":"https:\/\/www.livemag.it\/index.php\/2025\/08\/06\/ponte-stretto-salini-pronti-a-partire-con-opera-orgoglio-del-paese\/","og_site_name":"Live Magazine","article_publisher":"https:\/\/www.facebook.com\/LiveMag\/","article_published_time":"2025-08-06T16:03:25+00:00","og_image":[{"width":1200,"height":675,"url":"https:\/\/www.livemag.it\/wp-content\/uploads\/2024\/02\/ograph.jpg","type":"image\/jpeg"}],"author":"italpress","twitter_card":"summary_large_image","twitter_creator":"@LiveNotizie","twitter_site":"@LiveNotizie","twitter_misc":{"Scritto da":"italpress","Tempo di lettura stimato":"3 minuti"},"schema":{"@context":"https:\/\/schema.org","@graph":[{"@type":"Article","@id":"https:\/\/www.livemag.it\/index.php\/2025\/08\/06\/ponte-stretto-salini-pronti-a-partire-con-opera-orgoglio-del-paese\/#article","isPartOf":{"@id":"https:\/\/www.livemag.it\/index.php\/2025\/08\/06\/ponte-stretto-salini-pronti-a-partire-con-opera-orgoglio-del-paese\/"},"author":{"name":"italpress","@id":"https:\/\/www.livemag.it\/#\/schema\/person\/b62c5f44451fdcdaeb0afe6c2424e73c"},"headline":"Ponte Stretto, Salini \u201cPronti a partire con opera orgoglio del Paese\u201d","datePublished":"2025-08-06T16:03:25+00:00","mainEntityOfPage":{"@id":"https:\/\/www.livemag.it\/index.php\/2025\/08\/06\/ponte-stretto-salini-pronti-a-partire-con-opera-orgoglio-del-paese\/"},"wordCount":680,"publisher":{"@id":"https:\/\/www.livemag.it\/#organization"},"image":{"@id":"https:\/\/www.livemag.it\/index.php\/2025\/08\/06\/ponte-stretto-salini-pronti-a-partire-con-opera-orgoglio-del-paese\/#primaryimage"},"thumbnailUrl":"https:\/\/www.livemag.it\/wp-content\/uploads\/2025\/08\/20250806_0888.jpg","articleSection":["Mondo"],"inLanguage":"it-IT"},{"@type":"WebPage","@id":"https:\/\/www.livemag.it\/index.php\/2025\/08\/06\/ponte-stretto-salini-pronti-a-partire-con-opera-orgoglio-del-paese\/","url":"https:\/\/www.livemag.it\/index.php\/2025\/08\/06\/ponte-stretto-salini-pronti-a-partire-con-opera-orgoglio-del-paese\/","name":"Ponte Stretto, Salini \u201cPronti a partire con opera orgoglio del Paese\u201d - Live Magazine","isPartOf":{"@id":"https:\/\/www.livemag.it\/#website"},"primaryImageOfPage":{"@id":"https:\/\/www.livemag.it\/index.php\/2025\/08\/06\/ponte-stretto-salini-pronti-a-partire-con-opera-orgoglio-del-paese\/#primaryimage"},"image":{"@id":"https:\/\/www.livemag.it\/index.php\/2025\/08\/06\/ponte-stretto-salini-pronti-a-partire-con-opera-orgoglio-del-paese\/#primaryimage"},"thumbnailUrl":"https:\/\/www.livemag.it\/wp-content\/uploads\/2025\/08\/20250806_0888.jpg","datePublished":"2025-08-06T16:03:25+00:00","breadcrumb":{"@id":"https:\/\/www.livemag.it\/index.php\/2025\/08\/06\/ponte-stretto-salini-pronti-a-partire-con-opera-orgoglio-del-paese\/#breadcrumb"},"inLanguage":"it-IT","potentialAction":[{"@type":"ReadAction","target":["https:\/\/www.livemag.it\/index.php\/2025\/08\/06\/ponte-stretto-salini-pronti-a-partire-con-opera-orgoglio-del-paese\/"]}]},{"@type":"ImageObject","inLanguage":"it-IT","@id":"https:\/\/www.livemag.it\/index.php\/2025\/08\/06\/ponte-stretto-salini-pronti-a-partire-con-opera-orgoglio-del-paese\/#primaryimage","url":"https:\/\/www.livemag.it\/wp-content\/uploads\/2025\/08\/20250806_0888.jpg","contentUrl":"https:\/\/www.livemag.it\/wp-content\/uploads\/2025\/08\/20250806_0888.jpg","width":1113,"height":633},{"@type":"BreadcrumbList","@id":"https:\/\/www.livemag.it\/index.php\/2025\/08\/06\/ponte-stretto-salini-pronti-a-partire-con-opera-orgoglio-del-paese\/#breadcrumb","itemListElement":[{"@type":"ListItem","position":1,"name":"Home","item":"https:\/\/www.livemag.it\/"},{"@type":"ListItem","position":2,"name":"Ponte Stretto, Salini \u201cPronti a partire con opera orgoglio del Paese\u201d"}]},{"@type":"WebSite","@id":"https:\/\/www.livemag.it\/#website","url":"https:\/\/www.livemag.it\/","name":"Live Magazine","description":"Varie ed eventi","publisher":{"@id":"https:\/\/www.livemag.it\/#organization"},"potentialAction":[{"@type":"SearchAction","target":{"@type":"EntryPoint","urlTemplate":"https:\/\/www.livemag.it\/?s={search_term_string}"},"query-input":{"@type":"PropertyValueSpecification","valueRequired":true,"valueName":"search_term_string"}}],"inLanguage":"it-IT"},{"@type":"Organization","@id":"https:\/\/www.livemag.it\/#organization","name":"LiveMag","alternateName":"LiveMag News ed eventi","url":"https:\/\/www.livemag.it\/","logo":{"@type":"ImageObject","inLanguage":"it-IT","@id":"https:\/\/www.livemag.it\/#\/schema\/logo\/image\/","url":"https:\/\/www.livemag.it\/wp-content\/uploads\/2024\/02\/immagine-sito.jpg","contentUrl":"https:\/\/www.livemag.it\/wp-content\/uploads\/2024\/02\/immagine-sito.jpg","width":696,"height":696,"caption":"LiveMag"},"image":{"@id":"https:\/\/www.livemag.it\/#\/schema\/logo\/image\/"},"sameAs":["https:\/\/www.facebook.com\/LiveMag\/","https:\/\/x.com\/LiveNotizie","https:\/\/www.instagram.com\/livemag\/"]},{"@type":"Person","@id":"https:\/\/www.livemag.it\/#\/schema\/person\/b62c5f44451fdcdaeb0afe6c2424e73c","name":"italpress","image":{"@type":"ImageObject","inLanguage":"it-IT","@id":"https:\/\/secure.gravatar.com\/avatar\/b6a21695fc713ce7ee312cf57c97e2e641feb365be72d8745574d3c3e2b59066?s=96&r=g","url":"https:\/\/secure.gravatar.com\/avatar\/b6a21695fc713ce7ee312cf57c97e2e641feb365be72d8745574d3c3e2b59066?s=96&r=g","contentUrl":"https:\/\/secure.gravatar.com\/avatar\/b6a21695fc713ce7ee312cf57c97e2e641feb365be72d8745574d3c3e2b59066?s=96&r=g","caption":"italpress"},"description":"Italpress \u00e8 un'agenzia di stampa italiana a carattere nazionale.","url":"https:\/\/www.livemag.it\/index.php\/author\/italpress\/"}]}},"jetpack_featured_media_url":"https:\/\/www.livemag.it\/wp-content\/uploads\/2025\/08\/20250806_0888.jpg","_links":{"self":[{"href":"https:\/\/www.livemag.it\/index.php\/wp-json\/wp\/v2\/posts\/56538","targetHints":{"allow":["GET"]}}],"collection":[{"href":"https:\/\/www.livemag.it\/index.php\/wp-json\/wp\/v2\/posts"}],"about":[{"href":"https:\/\/www.livemag.it\/index.php\/wp-json\/wp\/v2\/types\/post"}],"author":[{"embeddable":true,"href":"https:\/\/www.livemag.it\/index.php\/wp-json\/wp\/v2\/users\/16"}],"replies":[{"embeddable":true,"href":"https:\/\/www.livemag.it\/index.php\/wp-json\/wp\/v2\/comments?post=56538"}],"version-history":[{"count":0,"href":"https:\/\/www.livemag.it\/index.php\/wp-json\/wp\/v2\/posts\/56538\/revisions"}],"wp:featuredmedia":[{"embeddable":true,"href":"https:\/\/www.livemag.it\/index.php\/wp-json\/wp\/v2\/media\/56539"}],"wp:attachment":[{"href":"https:\/\/www.livemag.it\/index.php\/wp-json\/wp\/v2\/media?parent=56538"}],"wp:term":[{"taxonomy":"category","embeddable":true,"href":"https:\/\/www.livemag.it\/index.php\/wp-json\/wp\/v2\/categories?post=56538"},{"taxonomy":"post_tag","embeddable":true,"href":"https:\/\/www.livemag.it\/index.php\/wp-json\/wp\/v2\/tags?post=56538"}],"curies":[{"name":"wp","href":"https:\/\/api.w.org\/{rel}","templated":true}]}}