{"id":56010,"date":"2025-07-28T19:56:14","date_gmt":"2025-07-28T17:56:14","guid":{"rendered":"https:\/\/www.livemag.it\/?p=56010"},"modified":"2025-07-28T19:56:17","modified_gmt":"2025-07-28T17:56:17","slug":"nuova-avventura-per-pol-garcia-tena-al-fasano-calcio","status":"publish","type":"post","link":"https:\/\/www.livemag.it\/index.php\/2025\/07\/28\/nuova-avventura-per-pol-garcia-tena-al-fasano-calcio\/","title":{"rendered":"Nuova avventura per Pol Garc\u00eda Tena al Fasano Calcio"},"content":{"rendered":"\n<h2 class=\"wp-block-heading\">Il difensore spagnolo rilancia la sua carriera in Puglia, sposando un progetto solido, ambizioso e guidato da una visione chiara<\/h2>\n\n\n\n<h3 class=\"wp-block-heading\">Un profilo internazionale approda in Serie D<\/h3>\n\n\n\n<p>La Serie D si arricchisce con l\u2019arrivo di un giocatore dal passato prestigioso: <strong>Pol Garc\u00eda Tena<\/strong>, difensore nato nel 1995, ha scelto il <strong>Fasano Calcio<\/strong> per scrivere un nuovo capitolo del suo percorso professionale. Dopo aver sviluppato la sua crescita calcistica nel vivaio della <strong>Juventus<\/strong>, ha militato in squadre di <strong>Italia<\/strong>, <strong>Spagna<\/strong>, <strong>Belgio<\/strong> e <strong>Messico<\/strong>, dimostrando qualit\u00e0, esperienza e spirito competitivo. Ora, con nuove motivazioni e grande determinazione, ha deciso di indossare i colori biancazzurri, spinto dalla forza del progetto e dall\u2019entusiasmo di una societ\u00e0 in espansione.<\/p>\n\n\n\n<p><strong>Il suo arrivo rappresenta un innesto prezioso per un gruppo che punta in alto, con una struttura solida e idee ben definite<\/strong>.<\/p>\n\n\n\n<h3 class=\"wp-block-heading\">Una trattativa chiara, costruita con sinergia e competenza<\/h3>\n\n\n<div class=\"wp-block-image\">\n<figure class=\"alignright size-large is-resized\"><img fetchpriority=\"high\" decoding=\"async\" width=\"648\" height=\"1024\" src=\"https:\/\/www.livemag.it\/wp-content\/uploads\/2025\/07\/Andrea-Tacconi-6-648x1024.jpg\" alt=\"\" class=\"wp-image-56012\" style=\"width:290px;height:auto\" srcset=\"https:\/\/www.livemag.it\/wp-content\/uploads\/2025\/07\/Andrea-Tacconi-6-648x1024.jpg 648w, https:\/\/www.livemag.it\/wp-content\/uploads\/2025\/07\/Andrea-Tacconi-6-190x300.jpg 190w, https:\/\/www.livemag.it\/wp-content\/uploads\/2025\/07\/Andrea-Tacconi-6.jpg 748w\" sizes=\"(max-width: 648px) 100vw, 648px\" \/><\/figure>\n<\/div>\n\n\n<p>A rendere possibile questo importante passo \u00e8 stato il lavoro attento e coordinato della <strong>Junic Football Agency<\/strong>, che ha curato ogni aspetto del trasferimento con professionalit\u00e0. A sottolinearne il valore \u00e8 l\u2019intervento di <strong>Andrea Tacconi<\/strong>, fondatore dell\u2019agenzia, che ha dichiarato: <em>\u201cPol \u00e8 un giocatore dal valore assoluto per questa categoria. \u00c8 completo, intelligente in fase difensiva e sa motivare il gruppo. Ha subito condiviso lo spirito del progetto Fasano\u201d<\/em>.<\/p>\n\n\n\n<p><strong>L\u2019esperienza di Garc\u00eda diventer\u00e0 un punto di riferimento per i compagni pi\u00f9 giovani e un\u2019arma in pi\u00f9 per tutta la rosa<\/strong>.<\/p>\n\n\n\n<p>Nella riuscita dell\u2019accordo sono risultati fondamentali il lavoro organizzativo di <strong>Mauro Limongi<\/strong>, figura centrale nel team, e la consulenza precisa dell\u2019avvocato e procuratore <strong>Andrea Ferrara<\/strong>, che ha accompagnato ogni fase della trattativa con lucidit\u00e0 e fermezza.<\/p>\n\n\n\n<h3 class=\"wp-block-heading\">Fasano guarda al futuro con mentalit\u00e0 vincente<\/h3>\n\n\n\n<p>Il <strong>Fasano Calcio<\/strong>, realt\u00e0 solida del calcio pugliese, ha mostrato negli ultimi anni una crescita costante e ben strutturata. Con l\u2019inserimento di <strong>Pol Garc\u00eda Tena<\/strong>, il club rafforza non solo il reparto difensivo ma l\u2019intero assetto tecnico e mentale della squadra.<\/p>\n\n\n\n<p><strong>Il progetto tecnico si unisce a una visione fatta di passione, ambizione e identit\u00e0 chiara, che punta a raggiungere il professionismo senza compromessi<\/strong>.<\/p>\n\n\n\n<p>Da parte sua, <strong>Pol<\/strong> ha mantenuto la stessa voglia di migliorarsi che lo accompagnava sin dagli inizi, quando inseguiva il sogno del grande calcio vestendo la maglia bianconera.<\/p>\n\n\n<div class=\"wp-block-image\">\n<figure class=\"alignleft size-large is-resized\"><img decoding=\"async\" width=\"819\" height=\"1024\" src=\"https:\/\/www.livemag.it\/wp-content\/uploads\/2025\/07\/Pol-Garcia-Tena-819x1024.jpg\" alt=\"Pol Garc\u00eda Tena\" class=\"wp-image-56013\" style=\"width:325px;height:auto\" srcset=\"https:\/\/www.livemag.it\/wp-content\/uploads\/2025\/07\/Pol-Garcia-Tena-819x1024.jpg 819w, https:\/\/www.livemag.it\/wp-content\/uploads\/2025\/07\/Pol-Garcia-Tena-240x300.jpg 240w, https:\/\/www.livemag.it\/wp-content\/uploads\/2025\/07\/Pol-Garcia-Tena-768x960.jpg 768w, https:\/\/www.livemag.it\/wp-content\/uploads\/2025\/07\/Pol-Garcia-Tena-750x938.jpg 750w, https:\/\/www.livemag.it\/wp-content\/uploads\/2025\/07\/Pol-Garcia-Tena.jpg 900w\" sizes=\"(max-width: 819px) 100vw, 819px\" \/><\/figure>\n<\/div>\n\n\n<p><em>\u201cHo trovato in questa squadra e in questa citt\u00e0 l\u2019energia giusta per rimettermi in gioco. Credo nella seriet\u00e0 del progetto e sono felice di cominciare questo nuovo capitolo\u201d<\/em>, ha affermato con entusiasmo.<\/p>\n\n\n\n<h3 class=\"wp-block-heading\">Un cammino che unisce talento, visione e passione<\/h3>\n\n\n\n<p>Il trasferimento di <strong>Pol Garc\u00eda Tena<\/strong> al <strong>Fasano Calcio<\/strong> non rappresenta soltanto un cambiamento professionale, ma anche una scelta di cuore e mentalit\u00e0.<\/p>\n\n\n\n<p>La <strong>Junic Football Agency<\/strong>, da sempre attenta alla crescita integrale dei suoi assistiti, ribadisce la propria filosofia: <em>\u201cCostruire un percorso fatto di rispetto, valorizzazione del talento e cura della persona, non solo dell\u2019atleta\u201d<\/em>.<\/p>\n\n\n\n<p><strong>Questo \u00e8 molto pi\u00f9 di un trasferimento: \u00e8 l\u2019inizio di un viaggio fatto di coraggio, ambizione e nuove emozioni<\/strong>.<br>E per <strong>Pol Garc\u00eda Tena<\/strong>, il bello deve ancora arrivare.<\/p>\n\n\n\n<p><a href=\"https:\/\/www.instagram.com\/altomura\/00?hl=it\" target=\"_blank\" rel=\"noreferrer noopener\">A cura di Mario Altomura<\/a><br><a href=\"https:\/\/www.bollicinevip.com\/il-vino-sfida-i-confini-linnovazione-tra-ia-blockchain-e-spazio\/\">Leggi anche: Il vino sfida i confini, l&#8217;innovazione tra I.A. blockchain\u00a0e\u00a0spazio<\/a><\/p>\n","protected":false},"excerpt":{"rendered":"<p>Il difensore spagnolo rilancia la sua carriera in Puglia, sposando un progetto solido, ambizioso e guidato da una visione chiara Un profilo internazionale approda in Serie D La Serie D si arricchisce con l\u2019arrivo di un giocatore dal passato prestigioso: Pol Garc\u00eda Tena, difensore nato nel 1995, ha scelto il Fasano Calcio per scrivere un [&hellip;]<\/p>\n","protected":false},"author":20,"featured_media":56011,"comment_status":"open","ping_status":"open","sticky":false,"template":"","format":"standard","meta":{"jnews-multi-image_gallery":[],"jnews_single_post":{"format":"standard"},"jnews_primary_category":[],"jnews_social_meta":[],"jnews_override_counter":[],"jnews_post_split":[],"footnotes":""},"categories":[3,2],"tags":[7464,7465,7463,7466,2963,6531,7468,2710,7467,163,7471,7470,2340,7469,7472,7474,7475,7473,2964,4005,5715,2706,4256],"class_list":["post-56010","post","type-post","status-publish","format-standard","has-post-thumbnail","hentry","category-livenews","category-livepeople","tag-andrea-ferrara","tag-andrea-tacconi","tag-belgio","tag-biancazzurri","tag-crescita","tag-determinazione","tag-difensore","tag-esperienza","tag-fasano-calcio","tag-italia","tag-junic-football-agency","tag-juventus","tag-leadership","tag-mauro-limongi","tag-messico","tag-motivazione","tag-pol-garcia-tena","tag-professionalismo","tag-progetto","tag-puglia","tag-spagna","tag-talento","tag-trattativa"],"yoast_head":"<!-- This site is optimized with the Yoast SEO plugin v27.5 - https:\/\/yoast.com\/product\/yoast-seo-wordpress\/ -->\n<title>Nuova avventura per Pol Garc\u00eda Tena al Fasano Calcio<\/title>\n<meta name=\"description\" content=\"La Serie D si arricchisce con l\u2019arrivo di un giocatore dal passato prestigioso: Pol Garc\u00eda Tena, difensore nato nel 1995\" \/>\n<meta name=\"robots\" content=\"index, follow, max-snippet:-1, max-image-preview:large, max-video-preview:-1\" \/>\n<link rel=\"canonical\" href=\"https:\/\/www.livemag.it\/index.php\/2025\/07\/28\/nuova-avventura-per-pol-garcia-tena-al-fasano-calcio\/\" \/>\n<meta property=\"og:locale\" content=\"it_IT\" \/>\n<meta property=\"og:type\" content=\"article\" \/>\n<meta property=\"og:title\" content=\"Nuova avventura per Pol Garc\u00eda Tena al Fasano Calcio\" \/>\n<meta property=\"og:description\" content=\"La Serie D si arricchisce con l\u2019arrivo di un giocatore dal passato prestigioso: Pol Garc\u00eda Tena, difensore nato nel 1995\" \/>\n<meta property=\"og:url\" content=\"https:\/\/www.livemag.it\/index.php\/2025\/07\/28\/nuova-avventura-per-pol-garcia-tena-al-fasano-calcio\/\" \/>\n<meta property=\"og:site_name\" content=\"Live Magazine\" \/>\n<meta property=\"article:publisher\" content=\"https:\/\/www.facebook.com\/LiveMag\/\" \/>\n<meta property=\"article:published_time\" content=\"2025-07-28T17:56:14+00:00\" \/>\n<meta property=\"article:modified_time\" content=\"2025-07-28T17:56:17+00:00\" \/>\n<meta property=\"og:image\" content=\"https:\/\/www.livemag.it\/wp-content\/uploads\/2025\/07\/Andrea-Tacconi-3.jpg\" \/>\n\t<meta property=\"og:image:width\" content=\"1290\" \/>\n\t<meta property=\"og:image:height\" content=\"799\" \/>\n\t<meta property=\"og:image:type\" content=\"image\/jpeg\" \/>\n<meta name=\"author\" content=\"Mario Altomura\" \/>\n<meta name=\"twitter:card\" content=\"summary_large_image\" \/>\n<meta name=\"twitter:creator\" content=\"@LiveNotizie\" \/>\n<meta name=\"twitter:site\" content=\"@LiveNotizie\" \/>\n<meta name=\"twitter:label1\" content=\"Scritto da\" \/>\n\t<meta name=\"twitter:data1\" content=\"Mario Altomura\" \/>\n\t<meta name=\"twitter:label2\" content=\"Tempo di lettura stimato\" \/>\n\t<meta name=\"twitter:data2\" content=\"4 minuti\" \/>\n<script type=\"application\/ld+json\" class=\"yoast-schema-graph\">{\"@context\":\"https:\\\/\\\/schema.org\",\"@graph\":[{\"@type\":\"Article\",\"@id\":\"https:\\\/\\\/www.livemag.it\\\/index.php\\\/2025\\\/07\\\/28\\\/nuova-avventura-per-pol-garcia-tena-al-fasano-calcio\\\/#article\",\"isPartOf\":{\"@id\":\"https:\\\/\\\/www.livemag.it\\\/index.php\\\/2025\\\/07\\\/28\\\/nuova-avventura-per-pol-garcia-tena-al-fasano-calcio\\\/\"},\"author\":{\"name\":\"Mario Altomura\",\"@id\":\"https:\\\/\\\/www.livemag.it\\\/#\\\/schema\\\/person\\\/cc097583ef7f4da9e9fe62e8b552ab72\"},\"headline\":\"Nuova avventura per Pol Garc\u00eda Tena al Fasano Calcio\",\"datePublished\":\"2025-07-28T17:56:14+00:00\",\"dateModified\":\"2025-07-28T17:56:17+00:00\",\"mainEntityOfPage\":{\"@id\":\"https:\\\/\\\/www.livemag.it\\\/index.php\\\/2025\\\/07\\\/28\\\/nuova-avventura-per-pol-garcia-tena-al-fasano-calcio\\\/\"},\"wordCount\":535,\"commentCount\":0,\"publisher\":{\"@id\":\"https:\\\/\\\/www.livemag.it\\\/#organization\"},\"image\":{\"@id\":\"https:\\\/\\\/www.livemag.it\\\/index.php\\\/2025\\\/07\\\/28\\\/nuova-avventura-per-pol-garcia-tena-al-fasano-calcio\\\/#primaryimage\"},\"thumbnailUrl\":\"https:\\\/\\\/www.livemag.it\\\/wp-content\\\/uploads\\\/2025\\\/07\\\/Andrea-Tacconi-3.jpg\",\"keywords\":[\"Andrea Ferrara\",\"Andrea Tacconi\",\"Belgio\",\"biancazzurri\",\"crescita\",\"determinazione\",\"difensore\",\"esperienza\",\"Fasano Calcio\",\"italia\",\"Junic Football Agency\",\"Juventus\",\"Leadership\",\"Mauro Limongi\",\"Messico\",\"motivazione\",\"Pol Garc\u00eda Tena\",\"professionalismo\",\"progetto\",\"Puglia\",\"spagna\",\"talento\",\"trattativa\"],\"articleSection\":[\"LiveNews\",\"LivePeople\"],\"inLanguage\":\"it-IT\",\"potentialAction\":[{\"@type\":\"CommentAction\",\"name\":\"Comment\",\"target\":[\"https:\\\/\\\/www.livemag.it\\\/index.php\\\/2025\\\/07\\\/28\\\/nuova-avventura-per-pol-garcia-tena-al-fasano-calcio\\\/#respond\"]}]},{\"@type\":\"WebPage\",\"@id\":\"https:\\\/\\\/www.livemag.it\\\/index.php\\\/2025\\\/07\\\/28\\\/nuova-avventura-per-pol-garcia-tena-al-fasano-calcio\\\/\",\"url\":\"https:\\\/\\\/www.livemag.it\\\/index.php\\\/2025\\\/07\\\/28\\\/nuova-avventura-per-pol-garcia-tena-al-fasano-calcio\\\/\",\"name\":\"Nuova avventura per Pol Garc\u00eda Tena al Fasano Calcio\",\"isPartOf\":{\"@id\":\"https:\\\/\\\/www.livemag.it\\\/#website\"},\"primaryImageOfPage\":{\"@id\":\"https:\\\/\\\/www.livemag.it\\\/index.php\\\/2025\\\/07\\\/28\\\/nuova-avventura-per-pol-garcia-tena-al-fasano-calcio\\\/#primaryimage\"},\"image\":{\"@id\":\"https:\\\/\\\/www.livemag.it\\\/index.php\\\/2025\\\/07\\\/28\\\/nuova-avventura-per-pol-garcia-tena-al-fasano-calcio\\\/#primaryimage\"},\"thumbnailUrl\":\"https:\\\/\\\/www.livemag.it\\\/wp-content\\\/uploads\\\/2025\\\/07\\\/Andrea-Tacconi-3.jpg\",\"datePublished\":\"2025-07-28T17:56:14+00:00\",\"dateModified\":\"2025-07-28T17:56:17+00:00\",\"description\":\"La Serie D si arricchisce con l\u2019arrivo di un giocatore dal passato prestigioso: Pol Garc\u00eda Tena, difensore nato nel 1995\",\"breadcrumb\":{\"@id\":\"https:\\\/\\\/www.livemag.it\\\/index.php\\\/2025\\\/07\\\/28\\\/nuova-avventura-per-pol-garcia-tena-al-fasano-calcio\\\/#breadcrumb\"},\"inLanguage\":\"it-IT\",\"potentialAction\":[{\"@type\":\"ReadAction\",\"target\":[\"https:\\\/\\\/www.livemag.it\\\/index.php\\\/2025\\\/07\\\/28\\\/nuova-avventura-per-pol-garcia-tena-al-fasano-calcio\\\/\"]}]},{\"@type\":\"ImageObject\",\"inLanguage\":\"it-IT\",\"@id\":\"https:\\\/\\\/www.livemag.it\\\/index.php\\\/2025\\\/07\\\/28\\\/nuova-avventura-per-pol-garcia-tena-al-fasano-calcio\\\/#primaryimage\",\"url\":\"https:\\\/\\\/www.livemag.it\\\/wp-content\\\/uploads\\\/2025\\\/07\\\/Andrea-Tacconi-3.jpg\",\"contentUrl\":\"https:\\\/\\\/www.livemag.it\\\/wp-content\\\/uploads\\\/2025\\\/07\\\/Andrea-Tacconi-3.jpg\",\"width\":1290,\"height\":799,\"caption\":\"Andrea Tacconi 3\"},{\"@type\":\"BreadcrumbList\",\"@id\":\"https:\\\/\\\/www.livemag.it\\\/index.php\\\/2025\\\/07\\\/28\\\/nuova-avventura-per-pol-garcia-tena-al-fasano-calcio\\\/#breadcrumb\",\"itemListElement\":[{\"@type\":\"ListItem\",\"position\":1,\"name\":\"Home\",\"item\":\"https:\\\/\\\/www.livemag.it\\\/\"},{\"@type\":\"ListItem\",\"position\":2,\"name\":\"Nuova avventura per Pol Garc\u00eda Tena al Fasano Calcio\"}]},{\"@type\":\"WebSite\",\"@id\":\"https:\\\/\\\/www.livemag.it\\\/#website\",\"url\":\"https:\\\/\\\/www.livemag.it\\\/\",\"name\":\"Live Magazine\",\"description\":\"Varie ed eventi\",\"publisher\":{\"@id\":\"https:\\\/\\\/www.livemag.it\\\/#organization\"},\"potentialAction\":[{\"@type\":\"SearchAction\",\"target\":{\"@type\":\"EntryPoint\",\"urlTemplate\":\"https:\\\/\\\/www.livemag.it\\\/?s={search_term_string}\"},\"query-input\":{\"@type\":\"PropertyValueSpecification\",\"valueRequired\":true,\"valueName\":\"search_term_string\"}}],\"inLanguage\":\"it-IT\"},{\"@type\":\"Organization\",\"@id\":\"https:\\\/\\\/www.livemag.it\\\/#organization\",\"name\":\"LiveMag\",\"alternateName\":\"LiveMag News ed eventi\",\"url\":\"https:\\\/\\\/www.livemag.it\\\/\",\"logo\":{\"@type\":\"ImageObject\",\"inLanguage\":\"it-IT\",\"@id\":\"https:\\\/\\\/www.livemag.it\\\/#\\\/schema\\\/logo\\\/image\\\/\",\"url\":\"https:\\\/\\\/www.livemag.it\\\/wp-content\\\/uploads\\\/2024\\\/02\\\/immagine-sito.jpg\",\"contentUrl\":\"https:\\\/\\\/www.livemag.it\\\/wp-content\\\/uploads\\\/2024\\\/02\\\/immagine-sito.jpg\",\"width\":696,\"height\":696,\"caption\":\"LiveMag\"},\"image\":{\"@id\":\"https:\\\/\\\/www.livemag.it\\\/#\\\/schema\\\/logo\\\/image\\\/\"},\"sameAs\":[\"https:\\\/\\\/www.facebook.com\\\/LiveMag\\\/\",\"https:\\\/\\\/x.com\\\/LiveNotizie\",\"https:\\\/\\\/www.instagram.com\\\/livemag\\\/\"]},{\"@type\":\"Person\",\"@id\":\"https:\\\/\\\/www.livemag.it\\\/#\\\/schema\\\/person\\\/cc097583ef7f4da9e9fe62e8b552ab72\",\"name\":\"Mario Altomura\",\"image\":{\"@type\":\"ImageObject\",\"inLanguage\":\"it-IT\",\"@id\":\"https:\\\/\\\/secure.gravatar.com\\\/avatar\\\/3c7d3ce72a2bed6bab5e3681d59712a49247bdd227b4ef67de56814084f945dd?s=96&r=g\",\"url\":\"https:\\\/\\\/secure.gravatar.com\\\/avatar\\\/3c7d3ce72a2bed6bab5e3681d59712a49247bdd227b4ef67de56814084f945dd?s=96&r=g\",\"contentUrl\":\"https:\\\/\\\/secure.gravatar.com\\\/avatar\\\/3c7d3ce72a2bed6bab5e3681d59712a49247bdd227b4ef67de56814084f945dd?s=96&r=g\",\"caption\":\"Mario Altomura\"},\"description\":\"fotografo celebrity\",\"url\":\"https:\\\/\\\/www.livemag.it\\\/index.php\\\/author\\\/fabio-scarpati\\\/\"}]}<\/script>\n<!-- \/ Yoast SEO plugin. -->","yoast_head_json":{"title":"Nuova avventura per Pol Garc\u00eda Tena al Fasano Calcio","description":"La Serie D si arricchisce con l\u2019arrivo di un giocatore dal passato prestigioso: Pol Garc\u00eda Tena, difensore nato nel 1995","robots":{"index":"index","follow":"follow","max-snippet":"max-snippet:-1","max-image-preview":"max-image-preview:large","max-video-preview":"max-video-preview:-1"},"canonical":"https:\/\/www.livemag.it\/index.php\/2025\/07\/28\/nuova-avventura-per-pol-garcia-tena-al-fasano-calcio\/","og_locale":"it_IT","og_type":"article","og_title":"Nuova avventura per Pol Garc\u00eda Tena al Fasano Calcio","og_description":"La Serie D si arricchisce con l\u2019arrivo di un giocatore dal passato prestigioso: Pol Garc\u00eda Tena, difensore nato nel 1995","og_url":"https:\/\/www.livemag.it\/index.php\/2025\/07\/28\/nuova-avventura-per-pol-garcia-tena-al-fasano-calcio\/","og_site_name":"Live Magazine","article_publisher":"https:\/\/www.facebook.com\/LiveMag\/","article_published_time":"2025-07-28T17:56:14+00:00","article_modified_time":"2025-07-28T17:56:17+00:00","og_image":[{"width":1290,"height":799,"url":"https:\/\/www.livemag.it\/wp-content\/uploads\/2025\/07\/Andrea-Tacconi-3.jpg","type":"image\/jpeg"}],"author":"Mario Altomura","twitter_card":"summary_large_image","twitter_creator":"@LiveNotizie","twitter_site":"@LiveNotizie","twitter_misc":{"Scritto da":"Mario Altomura","Tempo di lettura stimato":"4 minuti"},"schema":{"@context":"https:\/\/schema.org","@graph":[{"@type":"Article","@id":"https:\/\/www.livemag.it\/index.php\/2025\/07\/28\/nuova-avventura-per-pol-garcia-tena-al-fasano-calcio\/#article","isPartOf":{"@id":"https:\/\/www.livemag.it\/index.php\/2025\/07\/28\/nuova-avventura-per-pol-garcia-tena-al-fasano-calcio\/"},"author":{"name":"Mario Altomura","@id":"https:\/\/www.livemag.it\/#\/schema\/person\/cc097583ef7f4da9e9fe62e8b552ab72"},"headline":"Nuova avventura per Pol Garc\u00eda Tena al Fasano Calcio","datePublished":"2025-07-28T17:56:14+00:00","dateModified":"2025-07-28T17:56:17+00:00","mainEntityOfPage":{"@id":"https:\/\/www.livemag.it\/index.php\/2025\/07\/28\/nuova-avventura-per-pol-garcia-tena-al-fasano-calcio\/"},"wordCount":535,"commentCount":0,"publisher":{"@id":"https:\/\/www.livemag.it\/#organization"},"image":{"@id":"https:\/\/www.livemag.it\/index.php\/2025\/07\/28\/nuova-avventura-per-pol-garcia-tena-al-fasano-calcio\/#primaryimage"},"thumbnailUrl":"https:\/\/www.livemag.it\/wp-content\/uploads\/2025\/07\/Andrea-Tacconi-3.jpg","keywords":["Andrea Ferrara","Andrea Tacconi","Belgio","biancazzurri","crescita","determinazione","difensore","esperienza","Fasano Calcio","italia","Junic Football Agency","Juventus","Leadership","Mauro Limongi","Messico","motivazione","Pol Garc\u00eda Tena","professionalismo","progetto","Puglia","spagna","talento","trattativa"],"articleSection":["LiveNews","LivePeople"],"inLanguage":"it-IT","potentialAction":[{"@type":"CommentAction","name":"Comment","target":["https:\/\/www.livemag.it\/index.php\/2025\/07\/28\/nuova-avventura-per-pol-garcia-tena-al-fasano-calcio\/#respond"]}]},{"@type":"WebPage","@id":"https:\/\/www.livemag.it\/index.php\/2025\/07\/28\/nuova-avventura-per-pol-garcia-tena-al-fasano-calcio\/","url":"https:\/\/www.livemag.it\/index.php\/2025\/07\/28\/nuova-avventura-per-pol-garcia-tena-al-fasano-calcio\/","name":"Nuova avventura per Pol Garc\u00eda Tena al Fasano Calcio","isPartOf":{"@id":"https:\/\/www.livemag.it\/#website"},"primaryImageOfPage":{"@id":"https:\/\/www.livemag.it\/index.php\/2025\/07\/28\/nuova-avventura-per-pol-garcia-tena-al-fasano-calcio\/#primaryimage"},"image":{"@id":"https:\/\/www.livemag.it\/index.php\/2025\/07\/28\/nuova-avventura-per-pol-garcia-tena-al-fasano-calcio\/#primaryimage"},"thumbnailUrl":"https:\/\/www.livemag.it\/wp-content\/uploads\/2025\/07\/Andrea-Tacconi-3.jpg","datePublished":"2025-07-28T17:56:14+00:00","dateModified":"2025-07-28T17:56:17+00:00","description":"La Serie D si arricchisce con l\u2019arrivo di un giocatore dal passato prestigioso: Pol Garc\u00eda Tena, difensore nato nel 1995","breadcrumb":{"@id":"https:\/\/www.livemag.it\/index.php\/2025\/07\/28\/nuova-avventura-per-pol-garcia-tena-al-fasano-calcio\/#breadcrumb"},"inLanguage":"it-IT","potentialAction":[{"@type":"ReadAction","target":["https:\/\/www.livemag.it\/index.php\/2025\/07\/28\/nuova-avventura-per-pol-garcia-tena-al-fasano-calcio\/"]}]},{"@type":"ImageObject","inLanguage":"it-IT","@id":"https:\/\/www.livemag.it\/index.php\/2025\/07\/28\/nuova-avventura-per-pol-garcia-tena-al-fasano-calcio\/#primaryimage","url":"https:\/\/www.livemag.it\/wp-content\/uploads\/2025\/07\/Andrea-Tacconi-3.jpg","contentUrl":"https:\/\/www.livemag.it\/wp-content\/uploads\/2025\/07\/Andrea-Tacconi-3.jpg","width":1290,"height":799,"caption":"Andrea Tacconi 3"},{"@type":"BreadcrumbList","@id":"https:\/\/www.livemag.it\/index.php\/2025\/07\/28\/nuova-avventura-per-pol-garcia-tena-al-fasano-calcio\/#breadcrumb","itemListElement":[{"@type":"ListItem","position":1,"name":"Home","item":"https:\/\/www.livemag.it\/"},{"@type":"ListItem","position":2,"name":"Nuova avventura per Pol Garc\u00eda Tena al Fasano Calcio"}]},{"@type":"WebSite","@id":"https:\/\/www.livemag.it\/#website","url":"https:\/\/www.livemag.it\/","name":"Live Magazine","description":"Varie ed eventi","publisher":{"@id":"https:\/\/www.livemag.it\/#organization"},"potentialAction":[{"@type":"SearchAction","target":{"@type":"EntryPoint","urlTemplate":"https:\/\/www.livemag.it\/?s={search_term_string}"},"query-input":{"@type":"PropertyValueSpecification","valueRequired":true,"valueName":"search_term_string"}}],"inLanguage":"it-IT"},{"@type":"Organization","@id":"https:\/\/www.livemag.it\/#organization","name":"LiveMag","alternateName":"LiveMag News ed eventi","url":"https:\/\/www.livemag.it\/","logo":{"@type":"ImageObject","inLanguage":"it-IT","@id":"https:\/\/www.livemag.it\/#\/schema\/logo\/image\/","url":"https:\/\/www.livemag.it\/wp-content\/uploads\/2024\/02\/immagine-sito.jpg","contentUrl":"https:\/\/www.livemag.it\/wp-content\/uploads\/2024\/02\/immagine-sito.jpg","width":696,"height":696,"caption":"LiveMag"},"image":{"@id":"https:\/\/www.livemag.it\/#\/schema\/logo\/image\/"},"sameAs":["https:\/\/www.facebook.com\/LiveMag\/","https:\/\/x.com\/LiveNotizie","https:\/\/www.instagram.com\/livemag\/"]},{"@type":"Person","@id":"https:\/\/www.livemag.it\/#\/schema\/person\/cc097583ef7f4da9e9fe62e8b552ab72","name":"Mario Altomura","image":{"@type":"ImageObject","inLanguage":"it-IT","@id":"https:\/\/secure.gravatar.com\/avatar\/3c7d3ce72a2bed6bab5e3681d59712a49247bdd227b4ef67de56814084f945dd?s=96&r=g","url":"https:\/\/secure.gravatar.com\/avatar\/3c7d3ce72a2bed6bab5e3681d59712a49247bdd227b4ef67de56814084f945dd?s=96&r=g","contentUrl":"https:\/\/secure.gravatar.com\/avatar\/3c7d3ce72a2bed6bab5e3681d59712a49247bdd227b4ef67de56814084f945dd?s=96&r=g","caption":"Mario Altomura"},"description":"fotografo celebrity","url":"https:\/\/www.livemag.it\/index.php\/author\/fabio-scarpati\/"}]}},"jetpack_featured_media_url":"https:\/\/www.livemag.it\/wp-content\/uploads\/2025\/07\/Andrea-Tacconi-3.jpg","_links":{"self":[{"href":"https:\/\/www.livemag.it\/index.php\/wp-json\/wp\/v2\/posts\/56010","targetHints":{"allow":["GET"]}}],"collection":[{"href":"https:\/\/www.livemag.it\/index.php\/wp-json\/wp\/v2\/posts"}],"about":[{"href":"https:\/\/www.livemag.it\/index.php\/wp-json\/wp\/v2\/types\/post"}],"author":[{"embeddable":true,"href":"https:\/\/www.livemag.it\/index.php\/wp-json\/wp\/v2\/users\/20"}],"replies":[{"embeddable":true,"href":"https:\/\/www.livemag.it\/index.php\/wp-json\/wp\/v2\/comments?post=56010"}],"version-history":[{"count":1,"href":"https:\/\/www.livemag.it\/index.php\/wp-json\/wp\/v2\/posts\/56010\/revisions"}],"predecessor-version":[{"id":56014,"href":"https:\/\/www.livemag.it\/index.php\/wp-json\/wp\/v2\/posts\/56010\/revisions\/56014"}],"wp:featuredmedia":[{"embeddable":true,"href":"https:\/\/www.livemag.it\/index.php\/wp-json\/wp\/v2\/media\/56011"}],"wp:attachment":[{"href":"https:\/\/www.livemag.it\/index.php\/wp-json\/wp\/v2\/media?parent=56010"}],"wp:term":[{"taxonomy":"category","embeddable":true,"href":"https:\/\/www.livemag.it\/index.php\/wp-json\/wp\/v2\/categories?post=56010"},{"taxonomy":"post_tag","embeddable":true,"href":"https:\/\/www.livemag.it\/index.php\/wp-json\/wp\/v2\/tags?post=56010"}],"curies":[{"name":"wp","href":"https:\/\/api.w.org\/{rel}","templated":true}]}}