{"id":56008,"date":"2025-07-28T18:03:07","date_gmt":"2025-07-28T16:03:07","guid":{"rendered":"https:\/\/www.livemag.it\/index.php\/2025\/07\/28\/dazi-sefcovic-evitata-una-guerra-commerciale-con-gli-usa\/"},"modified":"2025-07-28T18:03:07","modified_gmt":"2025-07-28T16:03:07","slug":"dazi-sefcovic-evitata-una-guerra-commerciale-con-gli-usa","status":"publish","type":"post","link":"https:\/\/www.livemag.it\/index.php\/2025\/07\/28\/dazi-sefcovic-evitata-una-guerra-commerciale-con-gli-usa\/","title":{"rendered":"Dazi, Sefcovic \u201cEvitata una guerra commerciale con gli Usa\u201d"},"content":{"rendered":"<div>\n<p>BRUXELLES (BELGIO) (ITALPRESS) \u2013 \u201cSe dovessi riassumere questo accordo UE-USA in una sola frase, direi che porta una rinnovata stabilit\u00e0 e apre le porte a una collaborazione strategica. Questo \u00e8 il risultato di mesi di sforzi autentici e instancabili, pari solo all\u2019importanza del nostro commercio transatlantico. Il suo valore di 1,7 trilioni di dollari sottolinea quanto fosse alta la posta in gioco\u201d. Lo ha detto nel corso di una conferenza stampa a Bruxelles Maros Sefcovic, commissario europeo per il Commercio, in merito all\u2019accordo Usa-Ue sui dazi.<br \/>\u201cConsiderata la profondit\u00e0 dell\u2019integrazione e la reciproca fiducia delle nostre economie, era essenziale prendersi il tempo necessario per raggiungere questo obiettivo, per calibrare un risultato che funzionasse sia per l\u2019UE che per gli Stati Uniti, e che garantisse anche la continuazione degli scambi commerciali tra di noi \u2013 ha proseguito -. Una guerra commerciale pu\u00f2 sembrare allettante per alcuni, ma comporta gravi conseguenze. Con un dazio di almeno il 30% il nostro commercio transatlantico si arresterebbe di fatto, mettendo a rischio quasi cinque milioni di posti di lavoro, compresi quelli nelle PMI. Le nostre imprese ci hanno inviato un messaggio unanime: evitare l\u2019escalation e lavorare per una soluzione che offra un sollievo immediato. Apprezzo il fatto che diverse associazioni imprenditoriali abbiano accolto con favore i contorni dell\u2019accordo\u201d.<br \/>Oltre al \u201ctetto tariffario unico del 15%, a 750 miliardi di dollari in acquisti strategici e ulteriori 600 miliardi di dollari di investimenti privati previsti nell\u2019economia statunitense\u201d, Sefcovic ha spiegato che \u201cl\u2019accordo prevede un elenco significativo di beni su cui entrambe le parti applicheranno un\u2019aliquota tariffaria pari a zero, laddove sia nel nostro interesse comune rafforzare i nostri scambi commerciali. E\u2019 importante sottolineare che questo elenco rimane aperto a ulteriori integrazioni\u201d.<br \/>\u201cIn secondo luogo, crediamo anche che alcuni aspetti della politica commerciale globale necessitino di cambiamenti radicali \u2013 ha aggiunto il commissario europeo -. Ad esempio, la sovraccapacit\u00e0 produttiva non di mercato sta distruggendo anche l\u2019industria siderurgica dell\u2019UE. Per questo motivo l\u2019accordo prevede chiare prospettive di un\u2019azione congiunta su acciaio, alluminio, rame e i loro derivati in quella che mi piace definire \u201cun\u2019alleanza per i metalli\u201d, creando di fatto una barriera comune attorno alle nostre rispettive economie attraverso contingenti tariffari a livelli storici e con un trattamento preferenziale\u201d.<br \/>\u201cDefiniremo inoltre un approccio comune per affrontare le economie di origine della sovraccapacit\u00e0 produttiva. Inoltre \u2013 ha aggiunto Sefcovic -, stiamo riducendo i dazi sulle nostre auto dall\u2019attuale 27,5% al 15%, consentendo al contempo alle case automobilistiche dell\u2019UE di espandere le loro esportazioni dagli Stati Uniti. Ci\u00f2 rafforzer\u00e0 la loro posizione globale e rafforzer\u00e0 la nostra catena del valore, poich\u00e8 numerose PMI europee sostengono le attivit\u00e0 produttive negli Stati Uniti\u201d.<br \/>\u201cIn terzo luogo, riteniamo di dover pensare strategicamente alle tecnologie future \u2013 ha proseguito -. Ecco perch\u00e8 l\u2019accordo prevede anche acquisti strategici di gas, petrolio, nucleare, ma anche chip statunitensi per l\u2019 intelligenza artificiale. In questo caso, l\u2019obiettivo \u00e8 rafforzare il nostro vantaggio tecnologico in modo che entrambe le parti ne traggano beneficio\u201d.<br \/>\u201cIn definitiva \u2013 ha concluso Sefcovic -, si tratta di un accordo che dovrebbe generare benefici significativi e reciproci e spero che rappresenti un trampolino di lancio verso un pi\u00f9 ampio accordo commerciale e di investimento tra UE e Stati Uniti in futuro, promuovendo al contempo i nostri sforzi congiunti per affrontare urgenti sfide globali, come la tanto necessaria riforma dell\u2019Organizzazione Mondiale del Commercio\u201d.<\/p>\n<p>\u2013 Foto IPA Agency \u2013<\/p>\n<p>(ITALPRESS).<\/p>\n<\/div>\n","protected":false},"excerpt":{"rendered":"<p>BRUXELLES (BELGIO) (ITALPRESS) \u2013 \u201cSe dovessi riassumere questo accordo UE-USA in una sola frase, direi che porta una rinnovata stabilit\u00e0 e apre le porte a una collaborazione strategica. Questo \u00e8 il risultato di mesi di sforzi autentici e instancabili, pari solo all\u2019importanza del nostro commercio transatlantico. Il suo valore di 1,7 trilioni di dollari sottolinea [&hellip;]<\/p>\n","protected":false},"author":16,"featured_media":56009,"comment_status":"closed","ping_status":"closed","sticky":false,"template":"","format":"standard","meta":{"jnews-multi-image_gallery":[],"jnews_single_post":[],"jnews_primary_category":[],"jnews_social_meta":[],"jnews_override_counter":[],"jnews_post_split":[],"footnotes":""},"categories":[1129],"tags":[],"class_list":["post-56008","post","type-post","status-publish","format-standard","has-post-thumbnail","hentry","category-mondo"],"yoast_head":"<!-- This site is optimized with the Yoast SEO plugin v27.5 - https:\/\/yoast.com\/product\/yoast-seo-wordpress\/ -->\n<title>Dazi, Sefcovic \u201cEvitata una guerra commerciale con gli Usa\u201d - Live Magazine<\/title>\n<meta name=\"robots\" content=\"index, follow, max-snippet:-1, max-image-preview:large, max-video-preview:-1\" \/>\n<link rel=\"canonical\" href=\"https:\/\/www.livemag.it\/index.php\/2025\/07\/28\/dazi-sefcovic-evitata-una-guerra-commerciale-con-gli-usa\/\" \/>\n<meta property=\"og:locale\" content=\"it_IT\" \/>\n<meta property=\"og:type\" content=\"article\" \/>\n<meta property=\"og:title\" content=\"Dazi, Sefcovic \u201cEvitata una guerra commerciale con gli Usa\u201d - Live Magazine\" \/>\n<meta property=\"og:description\" content=\"BRUXELLES (BELGIO) (ITALPRESS) \u2013 \u201cSe dovessi riassumere questo accordo UE-USA in una sola frase, direi che porta una rinnovata stabilit\u00e0 e apre le porte a una collaborazione strategica. Questo \u00e8 il risultato di mesi di sforzi autentici e instancabili, pari solo all\u2019importanza del nostro commercio transatlantico. Il suo valore di 1,7 trilioni di dollari sottolinea [&hellip;]\" \/>\n<meta property=\"og:url\" content=\"https:\/\/www.livemag.it\/index.php\/2025\/07\/28\/dazi-sefcovic-evitata-una-guerra-commerciale-con-gli-usa\/\" \/>\n<meta property=\"og:site_name\" content=\"Live Magazine\" \/>\n<meta property=\"article:publisher\" content=\"https:\/\/www.facebook.com\/LiveMag\/\" \/>\n<meta property=\"article:published_time\" content=\"2025-07-28T16:03:07+00:00\" \/>\n<meta property=\"og:image\" content=\"https:\/\/www.livemag.it\/wp-content\/uploads\/2024\/02\/ograph.jpg\" \/>\n\t<meta property=\"og:image:width\" content=\"1200\" \/>\n\t<meta property=\"og:image:height\" content=\"675\" \/>\n\t<meta property=\"og:image:type\" content=\"image\/jpeg\" \/>\n<meta name=\"author\" content=\"italpress\" \/>\n<meta name=\"twitter:card\" content=\"summary_large_image\" \/>\n<meta name=\"twitter:creator\" content=\"@LiveNotizie\" \/>\n<meta name=\"twitter:site\" content=\"@LiveNotizie\" \/>\n<meta name=\"twitter:label1\" content=\"Scritto da\" \/>\n\t<meta name=\"twitter:data1\" content=\"italpress\" \/>\n\t<meta name=\"twitter:label2\" content=\"Tempo di lettura stimato\" \/>\n\t<meta name=\"twitter:data2\" content=\"3 minuti\" \/>\n<script type=\"application\/ld+json\" class=\"yoast-schema-graph\">{\"@context\":\"https:\\\/\\\/schema.org\",\"@graph\":[{\"@type\":\"Article\",\"@id\":\"https:\\\/\\\/www.livemag.it\\\/index.php\\\/2025\\\/07\\\/28\\\/dazi-sefcovic-evitata-una-guerra-commerciale-con-gli-usa\\\/#article\",\"isPartOf\":{\"@id\":\"https:\\\/\\\/www.livemag.it\\\/index.php\\\/2025\\\/07\\\/28\\\/dazi-sefcovic-evitata-una-guerra-commerciale-con-gli-usa\\\/\"},\"author\":{\"name\":\"italpress\",\"@id\":\"https:\\\/\\\/www.livemag.it\\\/#\\\/schema\\\/person\\\/b62c5f44451fdcdaeb0afe6c2424e73c\"},\"headline\":\"Dazi, Sefcovic \u201cEvitata una guerra commerciale con gli Usa\u201d\",\"datePublished\":\"2025-07-28T16:03:07+00:00\",\"mainEntityOfPage\":{\"@id\":\"https:\\\/\\\/www.livemag.it\\\/index.php\\\/2025\\\/07\\\/28\\\/dazi-sefcovic-evitata-una-guerra-commerciale-con-gli-usa\\\/\"},\"wordCount\":575,\"publisher\":{\"@id\":\"https:\\\/\\\/www.livemag.it\\\/#organization\"},\"image\":{\"@id\":\"https:\\\/\\\/www.livemag.it\\\/index.php\\\/2025\\\/07\\\/28\\\/dazi-sefcovic-evitata-una-guerra-commerciale-con-gli-usa\\\/#primaryimage\"},\"thumbnailUrl\":\"https:\\\/\\\/www.livemag.it\\\/wp-content\\\/uploads\\\/2025\\\/07\\\/20250728_1099.jpg\",\"articleSection\":[\"Mondo\"],\"inLanguage\":\"it-IT\"},{\"@type\":\"WebPage\",\"@id\":\"https:\\\/\\\/www.livemag.it\\\/index.php\\\/2025\\\/07\\\/28\\\/dazi-sefcovic-evitata-una-guerra-commerciale-con-gli-usa\\\/\",\"url\":\"https:\\\/\\\/www.livemag.it\\\/index.php\\\/2025\\\/07\\\/28\\\/dazi-sefcovic-evitata-una-guerra-commerciale-con-gli-usa\\\/\",\"name\":\"Dazi, Sefcovic \u201cEvitata una guerra commerciale con gli Usa\u201d - Live Magazine\",\"isPartOf\":{\"@id\":\"https:\\\/\\\/www.livemag.it\\\/#website\"},\"primaryImageOfPage\":{\"@id\":\"https:\\\/\\\/www.livemag.it\\\/index.php\\\/2025\\\/07\\\/28\\\/dazi-sefcovic-evitata-una-guerra-commerciale-con-gli-usa\\\/#primaryimage\"},\"image\":{\"@id\":\"https:\\\/\\\/www.livemag.it\\\/index.php\\\/2025\\\/07\\\/28\\\/dazi-sefcovic-evitata-una-guerra-commerciale-con-gli-usa\\\/#primaryimage\"},\"thumbnailUrl\":\"https:\\\/\\\/www.livemag.it\\\/wp-content\\\/uploads\\\/2025\\\/07\\\/20250728_1099.jpg\",\"datePublished\":\"2025-07-28T16:03:07+00:00\",\"breadcrumb\":{\"@id\":\"https:\\\/\\\/www.livemag.it\\\/index.php\\\/2025\\\/07\\\/28\\\/dazi-sefcovic-evitata-una-guerra-commerciale-con-gli-usa\\\/#breadcrumb\"},\"inLanguage\":\"it-IT\",\"potentialAction\":[{\"@type\":\"ReadAction\",\"target\":[\"https:\\\/\\\/www.livemag.it\\\/index.php\\\/2025\\\/07\\\/28\\\/dazi-sefcovic-evitata-una-guerra-commerciale-con-gli-usa\\\/\"]}]},{\"@type\":\"ImageObject\",\"inLanguage\":\"it-IT\",\"@id\":\"https:\\\/\\\/www.livemag.it\\\/index.php\\\/2025\\\/07\\\/28\\\/dazi-sefcovic-evitata-una-guerra-commerciale-con-gli-usa\\\/#primaryimage\",\"url\":\"https:\\\/\\\/www.livemag.it\\\/wp-content\\\/uploads\\\/2025\\\/07\\\/20250728_1099.jpg\",\"contentUrl\":\"https:\\\/\\\/www.livemag.it\\\/wp-content\\\/uploads\\\/2025\\\/07\\\/20250728_1099.jpg\",\"width\":1200,\"height\":747},{\"@type\":\"BreadcrumbList\",\"@id\":\"https:\\\/\\\/www.livemag.it\\\/index.php\\\/2025\\\/07\\\/28\\\/dazi-sefcovic-evitata-una-guerra-commerciale-con-gli-usa\\\/#breadcrumb\",\"itemListElement\":[{\"@type\":\"ListItem\",\"position\":1,\"name\":\"Home\",\"item\":\"https:\\\/\\\/www.livemag.it\\\/\"},{\"@type\":\"ListItem\",\"position\":2,\"name\":\"Dazi, Sefcovic \u201cEvitata una guerra commerciale con gli Usa\u201d\"}]},{\"@type\":\"WebSite\",\"@id\":\"https:\\\/\\\/www.livemag.it\\\/#website\",\"url\":\"https:\\\/\\\/www.livemag.it\\\/\",\"name\":\"Live Magazine\",\"description\":\"Varie ed eventi\",\"publisher\":{\"@id\":\"https:\\\/\\\/www.livemag.it\\\/#organization\"},\"potentialAction\":[{\"@type\":\"SearchAction\",\"target\":{\"@type\":\"EntryPoint\",\"urlTemplate\":\"https:\\\/\\\/www.livemag.it\\\/?s={search_term_string}\"},\"query-input\":{\"@type\":\"PropertyValueSpecification\",\"valueRequired\":true,\"valueName\":\"search_term_string\"}}],\"inLanguage\":\"it-IT\"},{\"@type\":\"Organization\",\"@id\":\"https:\\\/\\\/www.livemag.it\\\/#organization\",\"name\":\"LiveMag\",\"alternateName\":\"LiveMag News ed eventi\",\"url\":\"https:\\\/\\\/www.livemag.it\\\/\",\"logo\":{\"@type\":\"ImageObject\",\"inLanguage\":\"it-IT\",\"@id\":\"https:\\\/\\\/www.livemag.it\\\/#\\\/schema\\\/logo\\\/image\\\/\",\"url\":\"https:\\\/\\\/www.livemag.it\\\/wp-content\\\/uploads\\\/2024\\\/02\\\/immagine-sito.jpg\",\"contentUrl\":\"https:\\\/\\\/www.livemag.it\\\/wp-content\\\/uploads\\\/2024\\\/02\\\/immagine-sito.jpg\",\"width\":696,\"height\":696,\"caption\":\"LiveMag\"},\"image\":{\"@id\":\"https:\\\/\\\/www.livemag.it\\\/#\\\/schema\\\/logo\\\/image\\\/\"},\"sameAs\":[\"https:\\\/\\\/www.facebook.com\\\/LiveMag\\\/\",\"https:\\\/\\\/x.com\\\/LiveNotizie\",\"https:\\\/\\\/www.instagram.com\\\/livemag\\\/\"]},{\"@type\":\"Person\",\"@id\":\"https:\\\/\\\/www.livemag.it\\\/#\\\/schema\\\/person\\\/b62c5f44451fdcdaeb0afe6c2424e73c\",\"name\":\"italpress\",\"image\":{\"@type\":\"ImageObject\",\"inLanguage\":\"it-IT\",\"@id\":\"https:\\\/\\\/secure.gravatar.com\\\/avatar\\\/b6a21695fc713ce7ee312cf57c97e2e641feb365be72d8745574d3c3e2b59066?s=96&r=g\",\"url\":\"https:\\\/\\\/secure.gravatar.com\\\/avatar\\\/b6a21695fc713ce7ee312cf57c97e2e641feb365be72d8745574d3c3e2b59066?s=96&r=g\",\"contentUrl\":\"https:\\\/\\\/secure.gravatar.com\\\/avatar\\\/b6a21695fc713ce7ee312cf57c97e2e641feb365be72d8745574d3c3e2b59066?s=96&r=g\",\"caption\":\"italpress\"},\"description\":\"Italpress \u00e8 un'agenzia di stampa italiana a carattere nazionale.\",\"url\":\"https:\\\/\\\/www.livemag.it\\\/index.php\\\/author\\\/italpress\\\/\"}]}<\/script>\n<!-- \/ Yoast SEO plugin. -->","yoast_head_json":{"title":"Dazi, Sefcovic \u201cEvitata una guerra commerciale con gli Usa\u201d - Live Magazine","robots":{"index":"index","follow":"follow","max-snippet":"max-snippet:-1","max-image-preview":"max-image-preview:large","max-video-preview":"max-video-preview:-1"},"canonical":"https:\/\/www.livemag.it\/index.php\/2025\/07\/28\/dazi-sefcovic-evitata-una-guerra-commerciale-con-gli-usa\/","og_locale":"it_IT","og_type":"article","og_title":"Dazi, Sefcovic \u201cEvitata una guerra commerciale con gli Usa\u201d - Live Magazine","og_description":"BRUXELLES (BELGIO) (ITALPRESS) \u2013 \u201cSe dovessi riassumere questo accordo UE-USA in una sola frase, direi che porta una rinnovata stabilit\u00e0 e apre le porte a una collaborazione strategica. Questo \u00e8 il risultato di mesi di sforzi autentici e instancabili, pari solo all\u2019importanza del nostro commercio transatlantico. Il suo valore di 1,7 trilioni di dollari sottolinea [&hellip;]","og_url":"https:\/\/www.livemag.it\/index.php\/2025\/07\/28\/dazi-sefcovic-evitata-una-guerra-commerciale-con-gli-usa\/","og_site_name":"Live Magazine","article_publisher":"https:\/\/www.facebook.com\/LiveMag\/","article_published_time":"2025-07-28T16:03:07+00:00","og_image":[{"width":1200,"height":675,"url":"https:\/\/www.livemag.it\/wp-content\/uploads\/2024\/02\/ograph.jpg","type":"image\/jpeg"}],"author":"italpress","twitter_card":"summary_large_image","twitter_creator":"@LiveNotizie","twitter_site":"@LiveNotizie","twitter_misc":{"Scritto da":"italpress","Tempo di lettura stimato":"3 minuti"},"schema":{"@context":"https:\/\/schema.org","@graph":[{"@type":"Article","@id":"https:\/\/www.livemag.it\/index.php\/2025\/07\/28\/dazi-sefcovic-evitata-una-guerra-commerciale-con-gli-usa\/#article","isPartOf":{"@id":"https:\/\/www.livemag.it\/index.php\/2025\/07\/28\/dazi-sefcovic-evitata-una-guerra-commerciale-con-gli-usa\/"},"author":{"name":"italpress","@id":"https:\/\/www.livemag.it\/#\/schema\/person\/b62c5f44451fdcdaeb0afe6c2424e73c"},"headline":"Dazi, Sefcovic \u201cEvitata una guerra commerciale con gli Usa\u201d","datePublished":"2025-07-28T16:03:07+00:00","mainEntityOfPage":{"@id":"https:\/\/www.livemag.it\/index.php\/2025\/07\/28\/dazi-sefcovic-evitata-una-guerra-commerciale-con-gli-usa\/"},"wordCount":575,"publisher":{"@id":"https:\/\/www.livemag.it\/#organization"},"image":{"@id":"https:\/\/www.livemag.it\/index.php\/2025\/07\/28\/dazi-sefcovic-evitata-una-guerra-commerciale-con-gli-usa\/#primaryimage"},"thumbnailUrl":"https:\/\/www.livemag.it\/wp-content\/uploads\/2025\/07\/20250728_1099.jpg","articleSection":["Mondo"],"inLanguage":"it-IT"},{"@type":"WebPage","@id":"https:\/\/www.livemag.it\/index.php\/2025\/07\/28\/dazi-sefcovic-evitata-una-guerra-commerciale-con-gli-usa\/","url":"https:\/\/www.livemag.it\/index.php\/2025\/07\/28\/dazi-sefcovic-evitata-una-guerra-commerciale-con-gli-usa\/","name":"Dazi, Sefcovic \u201cEvitata una guerra commerciale con gli Usa\u201d - Live Magazine","isPartOf":{"@id":"https:\/\/www.livemag.it\/#website"},"primaryImageOfPage":{"@id":"https:\/\/www.livemag.it\/index.php\/2025\/07\/28\/dazi-sefcovic-evitata-una-guerra-commerciale-con-gli-usa\/#primaryimage"},"image":{"@id":"https:\/\/www.livemag.it\/index.php\/2025\/07\/28\/dazi-sefcovic-evitata-una-guerra-commerciale-con-gli-usa\/#primaryimage"},"thumbnailUrl":"https:\/\/www.livemag.it\/wp-content\/uploads\/2025\/07\/20250728_1099.jpg","datePublished":"2025-07-28T16:03:07+00:00","breadcrumb":{"@id":"https:\/\/www.livemag.it\/index.php\/2025\/07\/28\/dazi-sefcovic-evitata-una-guerra-commerciale-con-gli-usa\/#breadcrumb"},"inLanguage":"it-IT","potentialAction":[{"@type":"ReadAction","target":["https:\/\/www.livemag.it\/index.php\/2025\/07\/28\/dazi-sefcovic-evitata-una-guerra-commerciale-con-gli-usa\/"]}]},{"@type":"ImageObject","inLanguage":"it-IT","@id":"https:\/\/www.livemag.it\/index.php\/2025\/07\/28\/dazi-sefcovic-evitata-una-guerra-commerciale-con-gli-usa\/#primaryimage","url":"https:\/\/www.livemag.it\/wp-content\/uploads\/2025\/07\/20250728_1099.jpg","contentUrl":"https:\/\/www.livemag.it\/wp-content\/uploads\/2025\/07\/20250728_1099.jpg","width":1200,"height":747},{"@type":"BreadcrumbList","@id":"https:\/\/www.livemag.it\/index.php\/2025\/07\/28\/dazi-sefcovic-evitata-una-guerra-commerciale-con-gli-usa\/#breadcrumb","itemListElement":[{"@type":"ListItem","position":1,"name":"Home","item":"https:\/\/www.livemag.it\/"},{"@type":"ListItem","position":2,"name":"Dazi, Sefcovic \u201cEvitata una guerra commerciale con gli Usa\u201d"}]},{"@type":"WebSite","@id":"https:\/\/www.livemag.it\/#website","url":"https:\/\/www.livemag.it\/","name":"Live Magazine","description":"Varie ed eventi","publisher":{"@id":"https:\/\/www.livemag.it\/#organization"},"potentialAction":[{"@type":"SearchAction","target":{"@type":"EntryPoint","urlTemplate":"https:\/\/www.livemag.it\/?s={search_term_string}"},"query-input":{"@type":"PropertyValueSpecification","valueRequired":true,"valueName":"search_term_string"}}],"inLanguage":"it-IT"},{"@type":"Organization","@id":"https:\/\/www.livemag.it\/#organization","name":"LiveMag","alternateName":"LiveMag News ed eventi","url":"https:\/\/www.livemag.it\/","logo":{"@type":"ImageObject","inLanguage":"it-IT","@id":"https:\/\/www.livemag.it\/#\/schema\/logo\/image\/","url":"https:\/\/www.livemag.it\/wp-content\/uploads\/2024\/02\/immagine-sito.jpg","contentUrl":"https:\/\/www.livemag.it\/wp-content\/uploads\/2024\/02\/immagine-sito.jpg","width":696,"height":696,"caption":"LiveMag"},"image":{"@id":"https:\/\/www.livemag.it\/#\/schema\/logo\/image\/"},"sameAs":["https:\/\/www.facebook.com\/LiveMag\/","https:\/\/x.com\/LiveNotizie","https:\/\/www.instagram.com\/livemag\/"]},{"@type":"Person","@id":"https:\/\/www.livemag.it\/#\/schema\/person\/b62c5f44451fdcdaeb0afe6c2424e73c","name":"italpress","image":{"@type":"ImageObject","inLanguage":"it-IT","@id":"https:\/\/secure.gravatar.com\/avatar\/b6a21695fc713ce7ee312cf57c97e2e641feb365be72d8745574d3c3e2b59066?s=96&r=g","url":"https:\/\/secure.gravatar.com\/avatar\/b6a21695fc713ce7ee312cf57c97e2e641feb365be72d8745574d3c3e2b59066?s=96&r=g","contentUrl":"https:\/\/secure.gravatar.com\/avatar\/b6a21695fc713ce7ee312cf57c97e2e641feb365be72d8745574d3c3e2b59066?s=96&r=g","caption":"italpress"},"description":"Italpress \u00e8 un'agenzia di stampa italiana a carattere nazionale.","url":"https:\/\/www.livemag.it\/index.php\/author\/italpress\/"}]}},"jetpack_featured_media_url":"https:\/\/www.livemag.it\/wp-content\/uploads\/2025\/07\/20250728_1099.jpg","_links":{"self":[{"href":"https:\/\/www.livemag.it\/index.php\/wp-json\/wp\/v2\/posts\/56008","targetHints":{"allow":["GET"]}}],"collection":[{"href":"https:\/\/www.livemag.it\/index.php\/wp-json\/wp\/v2\/posts"}],"about":[{"href":"https:\/\/www.livemag.it\/index.php\/wp-json\/wp\/v2\/types\/post"}],"author":[{"embeddable":true,"href":"https:\/\/www.livemag.it\/index.php\/wp-json\/wp\/v2\/users\/16"}],"replies":[{"embeddable":true,"href":"https:\/\/www.livemag.it\/index.php\/wp-json\/wp\/v2\/comments?post=56008"}],"version-history":[{"count":0,"href":"https:\/\/www.livemag.it\/index.php\/wp-json\/wp\/v2\/posts\/56008\/revisions"}],"wp:featuredmedia":[{"embeddable":true,"href":"https:\/\/www.livemag.it\/index.php\/wp-json\/wp\/v2\/media\/56009"}],"wp:attachment":[{"href":"https:\/\/www.livemag.it\/index.php\/wp-json\/wp\/v2\/media?parent=56008"}],"wp:term":[{"taxonomy":"category","embeddable":true,"href":"https:\/\/www.livemag.it\/index.php\/wp-json\/wp\/v2\/categories?post=56008"},{"taxonomy":"post_tag","embeddable":true,"href":"https:\/\/www.livemag.it\/index.php\/wp-json\/wp\/v2\/tags?post=56008"}],"curies":[{"name":"wp","href":"https:\/\/api.w.org\/{rel}","templated":true}]}}