{"id":55182,"date":"2025-07-16T11:18:37","date_gmt":"2025-07-16T09:18:37","guid":{"rendered":"https:\/\/www.livemag.it\/?p=55182"},"modified":"2025-07-16T11:18:42","modified_gmt":"2025-07-16T09:18:42","slug":"young-miles-fa-scatenare-molo-brescia-il-19-luglio-2025","status":"publish","type":"post","link":"https:\/\/www.livemag.it\/index.php\/2025\/07\/16\/young-miles-fa-scatenare-molo-brescia-il-19-luglio-2025\/","title":{"rendered":"Young Miles fa scatenare MOLO Brescia il 19 luglio 2025"},"content":{"rendered":"\n<p>Young Miles, classe 2002 \u00e8 uno dei producer italiani della <a href=\"https:\/\/www.livemag.it\/index.php\/good-life\/\">nuova generazione<\/a> con pi\u00f9 talento. Sabato 19 luglio torna al MOLO Brescia, luogo perfetto per vivere l&#8217;estate a ritmo i musica. Grazie al padre Dj, a soli 8 anni Young Miles mette mano alla sua prima consolle e, dopo un primo periodo di pratica, a 11 anni si incuriosisce della parte compositiva e prova a produrre una canzone. Cos\u00ec, scopre Fruityloops 11 e da qui inizia il suo percorso da producer, in un primo periodo focalizzandosi sulla house melbourne bounce poi arrivando alla trap ma portandosi dietro il suo stile bouncy ed elettronico. Si fa notare dal grande pubblico quando firma uno dei pezzi pi\u00f9 chiacchierati del &#8220;Machete Mixtape 4&#8221;, disco che batte ogni record restano al primo posto in classifica per 8 settimane di fila: \u00e8 lui l&#8217;autore di &#8220;Star Wars&#8221; con le voci di Fabri Fibra e Massimo Pericolo. Questa produzione musicale gli vale due certificazioni dalla FIMI\/GFK, prima disco d&#8217;oro e poi di platino. Da allora la sua carriera \u00e8 in costante crescita&#8230; \u00c8 un grande appassionato di gaming.<\/p>\n\n\n\n<h4 class=\"wp-block-heading\"><em>E a luglio 2025 che succede al <a href=\"https:\/\/www.instagram.com\/molo_brescia\">MOLO<\/a> Brescia? Il 24\/7 c&#8217;\u00e8 Fr\u00eco!, il 25\/7 VidaLoca, il 2677 Candy Crush&#8230;<\/em><\/h4>\n\n\n\n<p><em>Ma quando inizia la calda stagione, a livello di musica, risate (baci per i pi\u00f9 fortunati) e party? Inizia in anticipo, quando si va ancora a scuola e all&#8217;universit\u00e0, cos\u00ec ci si pu\u00f2 gi\u00e0 rilassare&#8230; E&#8217; partita venerd\u00ec 9 e sabato 10 maggio &#8217;25, con un Opening Weekend gi\u00e0 molto atteso. E se il tempo atmosferico dovesse fare i capricci, che conta? MOLO &#8211; Brescia \u00e8 all&#8217;aperto, ma al coperto, grazie ad una struttura semplicemente perfetta per la mezza stagione ed il caldo, un vero giardino estivo, che ad ogni stagione diventa pi\u00f9 bello.&nbsp;<\/em><\/p>\n\n\n\n<h4 class=\"wp-block-heading\"><em>60 serate da maggio a settembre, ogni gioved\u00ec (dal 24 maggio) \u00e8 Frio, il venerd\u00ec \u00e8 Friday Fiesta! (il 16 maggio il primo appuntamento hip hop con Rehab), il sabato sempre eventi da non perder<\/em>e<\/h4>\n\n\n\n<p><em>&#8230; nessuna pausa a Ferragosto (cos\u00ec pu\u00f2 ballare qui anche chi resta in citt\u00e0)\u2026&nbsp;E a luglio 2025 che succede al MOLO Brescia? Il 24\/7 c&#8217;\u00e8 Fr\u00eco!, il 25\/7 VidaLoca, il 2677 Candy Crush&#8230;<\/em><\/p>\n\n\n\n<p><\/p>\n\n\n\n<p><\/p>\n\n\n\n<p><\/p>\n","protected":false},"excerpt":{"rendered":"<p>Young Miles, classe 2002 \u00e8 uno dei producer italiani della nuova generazione con pi\u00f9 talento. Sabato 19 luglio torna al MOLO Brescia, luogo perfetto per vivere l&#8217;estate a ritmo i musica. Grazie al padre Dj, a soli 8 anni Young Miles mette mano alla sua prima consolle e, dopo un primo periodo di pratica, a [&hellip;]<\/p>\n","protected":false},"author":21,"featured_media":55183,"comment_status":"open","ping_status":"open","sticky":false,"template":"","format":"standard","meta":{"jnews-multi-image_gallery":[],"jnews_single_post":{"format":"standard"},"jnews_primary_category":[],"jnews_social_meta":[],"jnews_override_counter":[],"jnews_post_split":[],"footnotes":""},"categories":[1372],"tags":[2756],"class_list":["post-55182","post","type-post","status-publish","format-standard","has-post-thumbnail","hentry","category-good-life","tag-molo-brescia"],"yoast_head":"<!-- This site is optimized with the Yoast SEO plugin v27.5 - https:\/\/yoast.com\/product\/yoast-seo-wordpress\/ -->\n<title>Young Miles fa scatenare MOLO Brescia il 19 luglio 2025 - Live Magazine<\/title>\n<meta name=\"description\" content=\"Young Miles, classe 2002 \u00e8 uno dei producer italiani della nuova generazione con pi\u00f9 talento. Sabato 19 luglio torna al MOLO Brescia\" \/>\n<meta name=\"robots\" content=\"index, follow, max-snippet:-1, max-image-preview:large, max-video-preview:-1\" \/>\n<link rel=\"canonical\" href=\"https:\/\/www.livemag.it\/index.php\/2025\/07\/16\/young-miles-fa-scatenare-molo-brescia-il-19-luglio-2025\/\" \/>\n<meta property=\"og:locale\" content=\"it_IT\" \/>\n<meta property=\"og:type\" content=\"article\" \/>\n<meta property=\"og:title\" content=\"Young Miles fa scatenare MOLO Brescia il 19 luglio 2025 - Live Magazine\" \/>\n<meta property=\"og:description\" content=\"Young Miles, classe 2002 \u00e8 uno dei producer italiani della nuova generazione con pi\u00f9 talento. Sabato 19 luglio torna al MOLO Brescia\" \/>\n<meta property=\"og:url\" content=\"https:\/\/www.livemag.it\/index.php\/2025\/07\/16\/young-miles-fa-scatenare-molo-brescia-il-19-luglio-2025\/\" \/>\n<meta property=\"og:site_name\" content=\"Live Magazine\" \/>\n<meta property=\"article:publisher\" content=\"https:\/\/www.facebook.com\/LiveMag\/\" \/>\n<meta property=\"article:published_time\" content=\"2025-07-16T09:18:37+00:00\" \/>\n<meta property=\"article:modified_time\" content=\"2025-07-16T09:18:42+00:00\" \/>\n<meta property=\"og:image\" content=\"https:\/\/www.livemag.it\/wp-content\/uploads\/2025\/07\/young.jpg\" \/>\n\t<meta property=\"og:image:width\" content=\"1044\" \/>\n\t<meta property=\"og:image:height\" content=\"717\" \/>\n\t<meta property=\"og:image:type\" content=\"image\/jpeg\" \/>\n<meta name=\"author\" content=\"Lorenzo Tiezzi\" \/>\n<meta name=\"twitter:card\" content=\"summary_large_image\" \/>\n<meta name=\"twitter:creator\" content=\"@LiveNotizie\" \/>\n<meta name=\"twitter:site\" content=\"@LiveNotizie\" \/>\n<meta name=\"twitter:label1\" content=\"Scritto da\" \/>\n\t<meta name=\"twitter:data1\" content=\"Lorenzo Tiezzi\" \/>\n\t<meta name=\"twitter:label2\" content=\"Tempo di lettura stimato\" \/>\n\t<meta name=\"twitter:data2\" content=\"3 minuti\" \/>\n<script type=\"application\/ld+json\" class=\"yoast-schema-graph\">{\"@context\":\"https:\\\/\\\/schema.org\",\"@graph\":[{\"@type\":\"Article\",\"@id\":\"https:\\\/\\\/www.livemag.it\\\/index.php\\\/2025\\\/07\\\/16\\\/young-miles-fa-scatenare-molo-brescia-il-19-luglio-2025\\\/#article\",\"isPartOf\":{\"@id\":\"https:\\\/\\\/www.livemag.it\\\/index.php\\\/2025\\\/07\\\/16\\\/young-miles-fa-scatenare-molo-brescia-il-19-luglio-2025\\\/\"},\"author\":{\"name\":\"Lorenzo Tiezzi\",\"@id\":\"https:\\\/\\\/www.livemag.it\\\/#\\\/schema\\\/person\\\/c6fe2dde14ae4517f823e167a12354b6\"},\"headline\":\"Young Miles fa scatenare MOLO Brescia il 19 luglio 2025\",\"datePublished\":\"2025-07-16T09:18:37+00:00\",\"dateModified\":\"2025-07-16T09:18:42+00:00\",\"mainEntityOfPage\":{\"@id\":\"https:\\\/\\\/www.livemag.it\\\/index.php\\\/2025\\\/07\\\/16\\\/young-miles-fa-scatenare-molo-brescia-il-19-luglio-2025\\\/\"},\"wordCount\":354,\"commentCount\":0,\"publisher\":{\"@id\":\"https:\\\/\\\/www.livemag.it\\\/#organization\"},\"image\":{\"@id\":\"https:\\\/\\\/www.livemag.it\\\/index.php\\\/2025\\\/07\\\/16\\\/young-miles-fa-scatenare-molo-brescia-il-19-luglio-2025\\\/#primaryimage\"},\"thumbnailUrl\":\"https:\\\/\\\/www.livemag.it\\\/wp-content\\\/uploads\\\/2025\\\/07\\\/young.jpg\",\"keywords\":[\"molo brescia\"],\"articleSection\":[\"Good Life\"],\"inLanguage\":\"it-IT\",\"potentialAction\":[{\"@type\":\"CommentAction\",\"name\":\"Comment\",\"target\":[\"https:\\\/\\\/www.livemag.it\\\/index.php\\\/2025\\\/07\\\/16\\\/young-miles-fa-scatenare-molo-brescia-il-19-luglio-2025\\\/#respond\"]}]},{\"@type\":\"WebPage\",\"@id\":\"https:\\\/\\\/www.livemag.it\\\/index.php\\\/2025\\\/07\\\/16\\\/young-miles-fa-scatenare-molo-brescia-il-19-luglio-2025\\\/\",\"url\":\"https:\\\/\\\/www.livemag.it\\\/index.php\\\/2025\\\/07\\\/16\\\/young-miles-fa-scatenare-molo-brescia-il-19-luglio-2025\\\/\",\"name\":\"Young Miles fa scatenare MOLO Brescia il 19 luglio 2025 - Live Magazine\",\"isPartOf\":{\"@id\":\"https:\\\/\\\/www.livemag.it\\\/#website\"},\"primaryImageOfPage\":{\"@id\":\"https:\\\/\\\/www.livemag.it\\\/index.php\\\/2025\\\/07\\\/16\\\/young-miles-fa-scatenare-molo-brescia-il-19-luglio-2025\\\/#primaryimage\"},\"image\":{\"@id\":\"https:\\\/\\\/www.livemag.it\\\/index.php\\\/2025\\\/07\\\/16\\\/young-miles-fa-scatenare-molo-brescia-il-19-luglio-2025\\\/#primaryimage\"},\"thumbnailUrl\":\"https:\\\/\\\/www.livemag.it\\\/wp-content\\\/uploads\\\/2025\\\/07\\\/young.jpg\",\"datePublished\":\"2025-07-16T09:18:37+00:00\",\"dateModified\":\"2025-07-16T09:18:42+00:00\",\"description\":\"Young Miles, classe 2002 \u00e8 uno dei producer italiani della nuova generazione con pi\u00f9 talento. Sabato 19 luglio torna al MOLO Brescia\",\"breadcrumb\":{\"@id\":\"https:\\\/\\\/www.livemag.it\\\/index.php\\\/2025\\\/07\\\/16\\\/young-miles-fa-scatenare-molo-brescia-il-19-luglio-2025\\\/#breadcrumb\"},\"inLanguage\":\"it-IT\",\"potentialAction\":[{\"@type\":\"ReadAction\",\"target\":[\"https:\\\/\\\/www.livemag.it\\\/index.php\\\/2025\\\/07\\\/16\\\/young-miles-fa-scatenare-molo-brescia-il-19-luglio-2025\\\/\"]}]},{\"@type\":\"ImageObject\",\"inLanguage\":\"it-IT\",\"@id\":\"https:\\\/\\\/www.livemag.it\\\/index.php\\\/2025\\\/07\\\/16\\\/young-miles-fa-scatenare-molo-brescia-il-19-luglio-2025\\\/#primaryimage\",\"url\":\"https:\\\/\\\/www.livemag.it\\\/wp-content\\\/uploads\\\/2025\\\/07\\\/young.jpg\",\"contentUrl\":\"https:\\\/\\\/www.livemag.it\\\/wp-content\\\/uploads\\\/2025\\\/07\\\/young.jpg\",\"width\":1044,\"height\":717},{\"@type\":\"BreadcrumbList\",\"@id\":\"https:\\\/\\\/www.livemag.it\\\/index.php\\\/2025\\\/07\\\/16\\\/young-miles-fa-scatenare-molo-brescia-il-19-luglio-2025\\\/#breadcrumb\",\"itemListElement\":[{\"@type\":\"ListItem\",\"position\":1,\"name\":\"Home\",\"item\":\"https:\\\/\\\/www.livemag.it\\\/\"},{\"@type\":\"ListItem\",\"position\":2,\"name\":\"Young Miles fa scatenare MOLO Brescia il 19 luglio 2025\"}]},{\"@type\":\"WebSite\",\"@id\":\"https:\\\/\\\/www.livemag.it\\\/#website\",\"url\":\"https:\\\/\\\/www.livemag.it\\\/\",\"name\":\"Live Magazine\",\"description\":\"Varie ed eventi\",\"publisher\":{\"@id\":\"https:\\\/\\\/www.livemag.it\\\/#organization\"},\"potentialAction\":[{\"@type\":\"SearchAction\",\"target\":{\"@type\":\"EntryPoint\",\"urlTemplate\":\"https:\\\/\\\/www.livemag.it\\\/?s={search_term_string}\"},\"query-input\":{\"@type\":\"PropertyValueSpecification\",\"valueRequired\":true,\"valueName\":\"search_term_string\"}}],\"inLanguage\":\"it-IT\"},{\"@type\":\"Organization\",\"@id\":\"https:\\\/\\\/www.livemag.it\\\/#organization\",\"name\":\"LiveMag\",\"alternateName\":\"LiveMag News ed eventi\",\"url\":\"https:\\\/\\\/www.livemag.it\\\/\",\"logo\":{\"@type\":\"ImageObject\",\"inLanguage\":\"it-IT\",\"@id\":\"https:\\\/\\\/www.livemag.it\\\/#\\\/schema\\\/logo\\\/image\\\/\",\"url\":\"https:\\\/\\\/www.livemag.it\\\/wp-content\\\/uploads\\\/2024\\\/02\\\/immagine-sito.jpg\",\"contentUrl\":\"https:\\\/\\\/www.livemag.it\\\/wp-content\\\/uploads\\\/2024\\\/02\\\/immagine-sito.jpg\",\"width\":696,\"height\":696,\"caption\":\"LiveMag\"},\"image\":{\"@id\":\"https:\\\/\\\/www.livemag.it\\\/#\\\/schema\\\/logo\\\/image\\\/\"},\"sameAs\":[\"https:\\\/\\\/www.facebook.com\\\/LiveMag\\\/\",\"https:\\\/\\\/x.com\\\/LiveNotizie\",\"https:\\\/\\\/www.instagram.com\\\/livemag\\\/\"]},{\"@type\":\"Person\",\"@id\":\"https:\\\/\\\/www.livemag.it\\\/#\\\/schema\\\/person\\\/c6fe2dde14ae4517f823e167a12354b6\",\"name\":\"Lorenzo Tiezzi\",\"image\":{\"@type\":\"ImageObject\",\"inLanguage\":\"it-IT\",\"@id\":\"https:\\\/\\\/secure.gravatar.com\\\/avatar\\\/055a51cbe21ba6c03af667c75f797ec8642fe78050e8602547fec943f6500144?s=96&r=g\",\"url\":\"https:\\\/\\\/secure.gravatar.com\\\/avatar\\\/055a51cbe21ba6c03af667c75f797ec8642fe78050e8602547fec943f6500144?s=96&r=g\",\"contentUrl\":\"https:\\\/\\\/secure.gravatar.com\\\/avatar\\\/055a51cbe21ba6c03af667c75f797ec8642fe78050e8602547fec943f6500144?s=96&r=g\",\"caption\":\"Lorenzo Tiezzi\"},\"description\":\"giornalista, press office, pr\",\"url\":\"https:\\\/\\\/www.livemag.it\\\/index.php\\\/author\\\/lorenzo-tiezzi\\\/\"}]}<\/script>\n<!-- \/ Yoast SEO plugin. -->","yoast_head_json":{"title":"Young Miles fa scatenare MOLO Brescia il 19 luglio 2025 - Live Magazine","description":"Young Miles, classe 2002 \u00e8 uno dei producer italiani della nuova generazione con pi\u00f9 talento. Sabato 19 luglio torna al MOLO Brescia","robots":{"index":"index","follow":"follow","max-snippet":"max-snippet:-1","max-image-preview":"max-image-preview:large","max-video-preview":"max-video-preview:-1"},"canonical":"https:\/\/www.livemag.it\/index.php\/2025\/07\/16\/young-miles-fa-scatenare-molo-brescia-il-19-luglio-2025\/","og_locale":"it_IT","og_type":"article","og_title":"Young Miles fa scatenare MOLO Brescia il 19 luglio 2025 - Live Magazine","og_description":"Young Miles, classe 2002 \u00e8 uno dei producer italiani della nuova generazione con pi\u00f9 talento. Sabato 19 luglio torna al MOLO Brescia","og_url":"https:\/\/www.livemag.it\/index.php\/2025\/07\/16\/young-miles-fa-scatenare-molo-brescia-il-19-luglio-2025\/","og_site_name":"Live Magazine","article_publisher":"https:\/\/www.facebook.com\/LiveMag\/","article_published_time":"2025-07-16T09:18:37+00:00","article_modified_time":"2025-07-16T09:18:42+00:00","og_image":[{"width":1044,"height":717,"url":"https:\/\/www.livemag.it\/wp-content\/uploads\/2025\/07\/young.jpg","type":"image\/jpeg"}],"author":"Lorenzo Tiezzi","twitter_card":"summary_large_image","twitter_creator":"@LiveNotizie","twitter_site":"@LiveNotizie","twitter_misc":{"Scritto da":"Lorenzo Tiezzi","Tempo di lettura stimato":"3 minuti"},"schema":{"@context":"https:\/\/schema.org","@graph":[{"@type":"Article","@id":"https:\/\/www.livemag.it\/index.php\/2025\/07\/16\/young-miles-fa-scatenare-molo-brescia-il-19-luglio-2025\/#article","isPartOf":{"@id":"https:\/\/www.livemag.it\/index.php\/2025\/07\/16\/young-miles-fa-scatenare-molo-brescia-il-19-luglio-2025\/"},"author":{"name":"Lorenzo Tiezzi","@id":"https:\/\/www.livemag.it\/#\/schema\/person\/c6fe2dde14ae4517f823e167a12354b6"},"headline":"Young Miles fa scatenare MOLO Brescia il 19 luglio 2025","datePublished":"2025-07-16T09:18:37+00:00","dateModified":"2025-07-16T09:18:42+00:00","mainEntityOfPage":{"@id":"https:\/\/www.livemag.it\/index.php\/2025\/07\/16\/young-miles-fa-scatenare-molo-brescia-il-19-luglio-2025\/"},"wordCount":354,"commentCount":0,"publisher":{"@id":"https:\/\/www.livemag.it\/#organization"},"image":{"@id":"https:\/\/www.livemag.it\/index.php\/2025\/07\/16\/young-miles-fa-scatenare-molo-brescia-il-19-luglio-2025\/#primaryimage"},"thumbnailUrl":"https:\/\/www.livemag.it\/wp-content\/uploads\/2025\/07\/young.jpg","keywords":["molo brescia"],"articleSection":["Good Life"],"inLanguage":"it-IT","potentialAction":[{"@type":"CommentAction","name":"Comment","target":["https:\/\/www.livemag.it\/index.php\/2025\/07\/16\/young-miles-fa-scatenare-molo-brescia-il-19-luglio-2025\/#respond"]}]},{"@type":"WebPage","@id":"https:\/\/www.livemag.it\/index.php\/2025\/07\/16\/young-miles-fa-scatenare-molo-brescia-il-19-luglio-2025\/","url":"https:\/\/www.livemag.it\/index.php\/2025\/07\/16\/young-miles-fa-scatenare-molo-brescia-il-19-luglio-2025\/","name":"Young Miles fa scatenare MOLO Brescia il 19 luglio 2025 - Live Magazine","isPartOf":{"@id":"https:\/\/www.livemag.it\/#website"},"primaryImageOfPage":{"@id":"https:\/\/www.livemag.it\/index.php\/2025\/07\/16\/young-miles-fa-scatenare-molo-brescia-il-19-luglio-2025\/#primaryimage"},"image":{"@id":"https:\/\/www.livemag.it\/index.php\/2025\/07\/16\/young-miles-fa-scatenare-molo-brescia-il-19-luglio-2025\/#primaryimage"},"thumbnailUrl":"https:\/\/www.livemag.it\/wp-content\/uploads\/2025\/07\/young.jpg","datePublished":"2025-07-16T09:18:37+00:00","dateModified":"2025-07-16T09:18:42+00:00","description":"Young Miles, classe 2002 \u00e8 uno dei producer italiani della nuova generazione con pi\u00f9 talento. Sabato 19 luglio torna al MOLO Brescia","breadcrumb":{"@id":"https:\/\/www.livemag.it\/index.php\/2025\/07\/16\/young-miles-fa-scatenare-molo-brescia-il-19-luglio-2025\/#breadcrumb"},"inLanguage":"it-IT","potentialAction":[{"@type":"ReadAction","target":["https:\/\/www.livemag.it\/index.php\/2025\/07\/16\/young-miles-fa-scatenare-molo-brescia-il-19-luglio-2025\/"]}]},{"@type":"ImageObject","inLanguage":"it-IT","@id":"https:\/\/www.livemag.it\/index.php\/2025\/07\/16\/young-miles-fa-scatenare-molo-brescia-il-19-luglio-2025\/#primaryimage","url":"https:\/\/www.livemag.it\/wp-content\/uploads\/2025\/07\/young.jpg","contentUrl":"https:\/\/www.livemag.it\/wp-content\/uploads\/2025\/07\/young.jpg","width":1044,"height":717},{"@type":"BreadcrumbList","@id":"https:\/\/www.livemag.it\/index.php\/2025\/07\/16\/young-miles-fa-scatenare-molo-brescia-il-19-luglio-2025\/#breadcrumb","itemListElement":[{"@type":"ListItem","position":1,"name":"Home","item":"https:\/\/www.livemag.it\/"},{"@type":"ListItem","position":2,"name":"Young Miles fa scatenare MOLO Brescia il 19 luglio 2025"}]},{"@type":"WebSite","@id":"https:\/\/www.livemag.it\/#website","url":"https:\/\/www.livemag.it\/","name":"Live Magazine","description":"Varie ed eventi","publisher":{"@id":"https:\/\/www.livemag.it\/#organization"},"potentialAction":[{"@type":"SearchAction","target":{"@type":"EntryPoint","urlTemplate":"https:\/\/www.livemag.it\/?s={search_term_string}"},"query-input":{"@type":"PropertyValueSpecification","valueRequired":true,"valueName":"search_term_string"}}],"inLanguage":"it-IT"},{"@type":"Organization","@id":"https:\/\/www.livemag.it\/#organization","name":"LiveMag","alternateName":"LiveMag News ed eventi","url":"https:\/\/www.livemag.it\/","logo":{"@type":"ImageObject","inLanguage":"it-IT","@id":"https:\/\/www.livemag.it\/#\/schema\/logo\/image\/","url":"https:\/\/www.livemag.it\/wp-content\/uploads\/2024\/02\/immagine-sito.jpg","contentUrl":"https:\/\/www.livemag.it\/wp-content\/uploads\/2024\/02\/immagine-sito.jpg","width":696,"height":696,"caption":"LiveMag"},"image":{"@id":"https:\/\/www.livemag.it\/#\/schema\/logo\/image\/"},"sameAs":["https:\/\/www.facebook.com\/LiveMag\/","https:\/\/x.com\/LiveNotizie","https:\/\/www.instagram.com\/livemag\/"]},{"@type":"Person","@id":"https:\/\/www.livemag.it\/#\/schema\/person\/c6fe2dde14ae4517f823e167a12354b6","name":"Lorenzo Tiezzi","image":{"@type":"ImageObject","inLanguage":"it-IT","@id":"https:\/\/secure.gravatar.com\/avatar\/055a51cbe21ba6c03af667c75f797ec8642fe78050e8602547fec943f6500144?s=96&r=g","url":"https:\/\/secure.gravatar.com\/avatar\/055a51cbe21ba6c03af667c75f797ec8642fe78050e8602547fec943f6500144?s=96&r=g","contentUrl":"https:\/\/secure.gravatar.com\/avatar\/055a51cbe21ba6c03af667c75f797ec8642fe78050e8602547fec943f6500144?s=96&r=g","caption":"Lorenzo Tiezzi"},"description":"giornalista, press office, pr","url":"https:\/\/www.livemag.it\/index.php\/author\/lorenzo-tiezzi\/"}]}},"jetpack_featured_media_url":"https:\/\/www.livemag.it\/wp-content\/uploads\/2025\/07\/young.jpg","_links":{"self":[{"href":"https:\/\/www.livemag.it\/index.php\/wp-json\/wp\/v2\/posts\/55182","targetHints":{"allow":["GET"]}}],"collection":[{"href":"https:\/\/www.livemag.it\/index.php\/wp-json\/wp\/v2\/posts"}],"about":[{"href":"https:\/\/www.livemag.it\/index.php\/wp-json\/wp\/v2\/types\/post"}],"author":[{"embeddable":true,"href":"https:\/\/www.livemag.it\/index.php\/wp-json\/wp\/v2\/users\/21"}],"replies":[{"embeddable":true,"href":"https:\/\/www.livemag.it\/index.php\/wp-json\/wp\/v2\/comments?post=55182"}],"version-history":[{"count":1,"href":"https:\/\/www.livemag.it\/index.php\/wp-json\/wp\/v2\/posts\/55182\/revisions"}],"predecessor-version":[{"id":55184,"href":"https:\/\/www.livemag.it\/index.php\/wp-json\/wp\/v2\/posts\/55182\/revisions\/55184"}],"wp:featuredmedia":[{"embeddable":true,"href":"https:\/\/www.livemag.it\/index.php\/wp-json\/wp\/v2\/media\/55183"}],"wp:attachment":[{"href":"https:\/\/www.livemag.it\/index.php\/wp-json\/wp\/v2\/media?parent=55182"}],"wp:term":[{"taxonomy":"category","embeddable":true,"href":"https:\/\/www.livemag.it\/index.php\/wp-json\/wp\/v2\/categories?post=55182"},{"taxonomy":"post_tag","embeddable":true,"href":"https:\/\/www.livemag.it\/index.php\/wp-json\/wp\/v2\/tags?post=55182"}],"curies":[{"name":"wp","href":"https:\/\/api.w.org\/{rel}","templated":true}]}}