{"id":55166,"date":"2025-07-15T21:02:40","date_gmt":"2025-07-15T19:02:40","guid":{"rendered":"https:\/\/www.livemag.it\/index.php\/2025\/07\/15\/pagliara-lobiettivo-di-sportcity-e-allargarsi-alle-aree-protette\/"},"modified":"2025-07-15T21:02:40","modified_gmt":"2025-07-15T19:02:40","slug":"pagliara-lobiettivo-di-sportcity-e-allargarsi-alle-aree-protette","status":"publish","type":"post","link":"https:\/\/www.livemag.it\/index.php\/2025\/07\/15\/pagliara-lobiettivo-di-sportcity-e-allargarsi-alle-aree-protette\/","title":{"rendered":"<div>Pagliara &#8220;L&#8217;obiettivo di SportCity \u00e8 allargarsi alle aree protette&#8221;<\/div>"},"content":{"rendered":"<p>    <video-js id=\"videojs69f4e693755b9\" class=\"vjs-big-play-centered\" controls preload=\"auto\" playsinline data-setup='{\"fluid\": true}'>\r\n        <source src=\"https:\/\/video.italpress.com\/play\/mp4\/video\/J2y9\" type=\"video\/mp4\" \/>\r\n    <\/video-js>\r\n           <br \/>\n<\/p>\n<div> ROMA (ITALPRESS) &#8211; &#8220;L&#8217;obiettivo e uno dei sogni di SportCity \u00e8 allargarsi non soltanto alle citt\u00e0 ma alle aree protette, ai parchi nazionali, anche alle zone pi\u00f9 distanti. Insomma, lo sport che si riappropria dei territori per renderli migliori con un possibile utilizzo sportivo sul benessere ma anche turistico. Questa capacit\u00e0 di essere parte integrante della societ\u00e0 e di rendere la societ\u00e0 migliore, non solo per i valori che lo sport rappresenta ma per il benessere che questo riesce a generare&#8221;. Cos\u00ec il presidente della Fondazione SportCity, Fabio Pagliara, a margine della presentazione della quinta edizione dello SportCity Day. &#8220;SportCity \u00e8 ormai una festa popolare con 600mila italiani che scendono nelle piazze a festeggiare il riappropriarsi delle citt\u00e0 e la possibilit\u00e0 di lottare contro la sedentariet\u00e0 e contro l&#8217;abuso dell&#8217;utilizzo di smartphone &#8211; ha aggiunto -. Quindi una festa per il benessere delle citt\u00e0 e dei cittadini nel tentativo di fare squadra per rendere le citt\u00e0 migliori&#8221;.<\/p>\n<p>spf\/gm\/mca1<\/p><\/div>\n","protected":false},"excerpt":{"rendered":"<p>ROMA (ITALPRESS) &#8211; &#8220;L&#8217;obiettivo e uno dei sogni di SportCity \u00e8 allargarsi non soltanto alle citt\u00e0 ma alle aree protette, ai parchi nazionali, anche alle zone pi\u00f9 distanti. Insomma, lo sport che si riappropria dei territori per renderli migliori con un possibile utilizzo sportivo sul benessere ma anche turistico. Questa capacit\u00e0 di essere parte integrante [&hellip;]<\/p>\n","protected":false},"author":16,"featured_media":55167,"comment_status":"closed","ping_status":"closed","sticky":false,"template":"","format":"video","meta":{"jnews-multi-image_gallery":[],"jnews_single_post":[],"jnews_primary_category":[],"jnews_social_meta":[],"jnews_override_counter":[],"jnews_post_split":[],"footnotes":""},"categories":[1171],"tags":[],"class_list":["post-55166","post","type-post","status-publish","format-video","has-post-thumbnail","hentry","category-video","post_format-post-format-video"],"yoast_head":"<!-- This site is optimized with the Yoast SEO plugin v27.5 - https:\/\/yoast.com\/product\/yoast-seo-wordpress\/ -->\n<title>Pagliara &quot;L&#039;obiettivo di SportCity \u00e8 allargarsi alle aree protette&quot; - Live Magazine<\/title>\n<meta name=\"robots\" content=\"index, follow, max-snippet:-1, max-image-preview:large, max-video-preview:-1\" \/>\n<link rel=\"canonical\" href=\"https:\/\/www.livemag.it\/index.php\/2025\/07\/15\/pagliara-lobiettivo-di-sportcity-e-allargarsi-alle-aree-protette\/\" \/>\n<meta property=\"og:locale\" content=\"it_IT\" \/>\n<meta property=\"og:type\" content=\"article\" \/>\n<meta property=\"og:title\" content=\"Pagliara &quot;L&#039;obiettivo di SportCity \u00e8 allargarsi alle aree protette&quot; - Live Magazine\" \/>\n<meta property=\"og:description\" content=\"ROMA (ITALPRESS) &#8211; &#8220;L&#8217;obiettivo e uno dei sogni di SportCity \u00e8 allargarsi non soltanto alle citt\u00e0 ma alle aree protette, ai parchi nazionali, anche alle zone pi\u00f9 distanti. Insomma, lo sport che si riappropria dei territori per renderli migliori con un possibile utilizzo sportivo sul benessere ma anche turistico. Questa capacit\u00e0 di essere parte integrante [&hellip;]\" \/>\n<meta property=\"og:url\" content=\"https:\/\/www.livemag.it\/index.php\/2025\/07\/15\/pagliara-lobiettivo-di-sportcity-e-allargarsi-alle-aree-protette\/\" \/>\n<meta property=\"og:site_name\" content=\"Live Magazine\" \/>\n<meta property=\"article:publisher\" content=\"https:\/\/www.facebook.com\/LiveMag\/\" \/>\n<meta property=\"article:published_time\" content=\"2025-07-15T19:02:40+00:00\" \/>\n<meta property=\"og:image\" content=\"https:\/\/www.livemag.it\/wp-content\/uploads\/2024\/02\/ograph.jpg\" \/>\n\t<meta property=\"og:image:width\" content=\"1200\" \/>\n\t<meta property=\"og:image:height\" content=\"675\" \/>\n\t<meta property=\"og:image:type\" content=\"image\/jpeg\" \/>\n<meta name=\"author\" content=\"italpress\" \/>\n<meta name=\"twitter:card\" content=\"summary_large_image\" \/>\n<meta name=\"twitter:creator\" content=\"@LiveNotizie\" \/>\n<meta name=\"twitter:site\" content=\"@LiveNotizie\" \/>\n<meta name=\"twitter:label1\" content=\"Scritto da\" \/>\n\t<meta name=\"twitter:data1\" content=\"italpress\" \/>\n\t<meta name=\"twitter:label2\" content=\"Tempo di lettura stimato\" \/>\n\t<meta name=\"twitter:data2\" content=\"1 minuto\" \/>\n<script type=\"application\/ld+json\" class=\"yoast-schema-graph\">{\"@context\":\"https:\\\/\\\/schema.org\",\"@graph\":[{\"@type\":\"Article\",\"@id\":\"https:\\\/\\\/www.livemag.it\\\/index.php\\\/2025\\\/07\\\/15\\\/pagliara-lobiettivo-di-sportcity-e-allargarsi-alle-aree-protette\\\/#article\",\"isPartOf\":{\"@id\":\"https:\\\/\\\/www.livemag.it\\\/index.php\\\/2025\\\/07\\\/15\\\/pagliara-lobiettivo-di-sportcity-e-allargarsi-alle-aree-protette\\\/\"},\"author\":{\"name\":\"italpress\",\"@id\":\"https:\\\/\\\/www.livemag.it\\\/#\\\/schema\\\/person\\\/b62c5f44451fdcdaeb0afe6c2424e73c\"},\"headline\":\"Pagliara &#8220;L&#8217;obiettivo di SportCity \u00e8 allargarsi alle aree protette&#8221;\",\"datePublished\":\"2025-07-15T19:02:40+00:00\",\"mainEntityOfPage\":{\"@id\":\"https:\\\/\\\/www.livemag.it\\\/index.php\\\/2025\\\/07\\\/15\\\/pagliara-lobiettivo-di-sportcity-e-allargarsi-alle-aree-protette\\\/\"},\"wordCount\":182,\"publisher\":{\"@id\":\"https:\\\/\\\/www.livemag.it\\\/#organization\"},\"image\":{\"@id\":\"https:\\\/\\\/www.livemag.it\\\/index.php\\\/2025\\\/07\\\/15\\\/pagliara-lobiettivo-di-sportcity-e-allargarsi-alle-aree-protette\\\/#primaryimage\"},\"thumbnailUrl\":\"https:\\\/\\\/www.livemag.it\\\/wp-content\\\/uploads\\\/2025\\\/07\\\/J2y9.jpg\",\"articleSection\":[\"Video\"],\"inLanguage\":\"it-IT\"},{\"@type\":\"WebPage\",\"@id\":\"https:\\\/\\\/www.livemag.it\\\/index.php\\\/2025\\\/07\\\/15\\\/pagliara-lobiettivo-di-sportcity-e-allargarsi-alle-aree-protette\\\/\",\"url\":\"https:\\\/\\\/www.livemag.it\\\/index.php\\\/2025\\\/07\\\/15\\\/pagliara-lobiettivo-di-sportcity-e-allargarsi-alle-aree-protette\\\/\",\"name\":\"Pagliara \\\"L'obiettivo di SportCity \u00e8 allargarsi alle aree protette\\\" - Live Magazine\",\"isPartOf\":{\"@id\":\"https:\\\/\\\/www.livemag.it\\\/#website\"},\"primaryImageOfPage\":{\"@id\":\"https:\\\/\\\/www.livemag.it\\\/index.php\\\/2025\\\/07\\\/15\\\/pagliara-lobiettivo-di-sportcity-e-allargarsi-alle-aree-protette\\\/#primaryimage\"},\"image\":{\"@id\":\"https:\\\/\\\/www.livemag.it\\\/index.php\\\/2025\\\/07\\\/15\\\/pagliara-lobiettivo-di-sportcity-e-allargarsi-alle-aree-protette\\\/#primaryimage\"},\"thumbnailUrl\":\"https:\\\/\\\/www.livemag.it\\\/wp-content\\\/uploads\\\/2025\\\/07\\\/J2y9.jpg\",\"datePublished\":\"2025-07-15T19:02:40+00:00\",\"breadcrumb\":{\"@id\":\"https:\\\/\\\/www.livemag.it\\\/index.php\\\/2025\\\/07\\\/15\\\/pagliara-lobiettivo-di-sportcity-e-allargarsi-alle-aree-protette\\\/#breadcrumb\"},\"inLanguage\":\"it-IT\",\"potentialAction\":[{\"@type\":\"ReadAction\",\"target\":[\"https:\\\/\\\/www.livemag.it\\\/index.php\\\/2025\\\/07\\\/15\\\/pagliara-lobiettivo-di-sportcity-e-allargarsi-alle-aree-protette\\\/\"]}]},{\"@type\":\"ImageObject\",\"inLanguage\":\"it-IT\",\"@id\":\"https:\\\/\\\/www.livemag.it\\\/index.php\\\/2025\\\/07\\\/15\\\/pagliara-lobiettivo-di-sportcity-e-allargarsi-alle-aree-protette\\\/#primaryimage\",\"url\":\"https:\\\/\\\/www.livemag.it\\\/wp-content\\\/uploads\\\/2025\\\/07\\\/J2y9.jpg\",\"contentUrl\":\"https:\\\/\\\/www.livemag.it\\\/wp-content\\\/uploads\\\/2025\\\/07\\\/J2y9.jpg\",\"width\":1920,\"height\":1080},{\"@type\":\"BreadcrumbList\",\"@id\":\"https:\\\/\\\/www.livemag.it\\\/index.php\\\/2025\\\/07\\\/15\\\/pagliara-lobiettivo-di-sportcity-e-allargarsi-alle-aree-protette\\\/#breadcrumb\",\"itemListElement\":[{\"@type\":\"ListItem\",\"position\":1,\"name\":\"Home\",\"item\":\"https:\\\/\\\/www.livemag.it\\\/\"},{\"@type\":\"ListItem\",\"position\":2,\"name\":\"Pagliara &#8220;L&#8217;obiettivo di SportCity \u00e8 allargarsi alle aree protette&#8221;\"}]},{\"@type\":\"WebSite\",\"@id\":\"https:\\\/\\\/www.livemag.it\\\/#website\",\"url\":\"https:\\\/\\\/www.livemag.it\\\/\",\"name\":\"Live Magazine\",\"description\":\"Varie ed eventi\",\"publisher\":{\"@id\":\"https:\\\/\\\/www.livemag.it\\\/#organization\"},\"potentialAction\":[{\"@type\":\"SearchAction\",\"target\":{\"@type\":\"EntryPoint\",\"urlTemplate\":\"https:\\\/\\\/www.livemag.it\\\/?s={search_term_string}\"},\"query-input\":{\"@type\":\"PropertyValueSpecification\",\"valueRequired\":true,\"valueName\":\"search_term_string\"}}],\"inLanguage\":\"it-IT\"},{\"@type\":\"Organization\",\"@id\":\"https:\\\/\\\/www.livemag.it\\\/#organization\",\"name\":\"LiveMag\",\"alternateName\":\"LiveMag News ed eventi\",\"url\":\"https:\\\/\\\/www.livemag.it\\\/\",\"logo\":{\"@type\":\"ImageObject\",\"inLanguage\":\"it-IT\",\"@id\":\"https:\\\/\\\/www.livemag.it\\\/#\\\/schema\\\/logo\\\/image\\\/\",\"url\":\"https:\\\/\\\/www.livemag.it\\\/wp-content\\\/uploads\\\/2024\\\/02\\\/immagine-sito.jpg\",\"contentUrl\":\"https:\\\/\\\/www.livemag.it\\\/wp-content\\\/uploads\\\/2024\\\/02\\\/immagine-sito.jpg\",\"width\":696,\"height\":696,\"caption\":\"LiveMag\"},\"image\":{\"@id\":\"https:\\\/\\\/www.livemag.it\\\/#\\\/schema\\\/logo\\\/image\\\/\"},\"sameAs\":[\"https:\\\/\\\/www.facebook.com\\\/LiveMag\\\/\",\"https:\\\/\\\/x.com\\\/LiveNotizie\",\"https:\\\/\\\/www.instagram.com\\\/livemag\\\/\"]},{\"@type\":\"Person\",\"@id\":\"https:\\\/\\\/www.livemag.it\\\/#\\\/schema\\\/person\\\/b62c5f44451fdcdaeb0afe6c2424e73c\",\"name\":\"italpress\",\"image\":{\"@type\":\"ImageObject\",\"inLanguage\":\"it-IT\",\"@id\":\"https:\\\/\\\/secure.gravatar.com\\\/avatar\\\/b6a21695fc713ce7ee312cf57c97e2e641feb365be72d8745574d3c3e2b59066?s=96&r=g\",\"url\":\"https:\\\/\\\/secure.gravatar.com\\\/avatar\\\/b6a21695fc713ce7ee312cf57c97e2e641feb365be72d8745574d3c3e2b59066?s=96&r=g\",\"contentUrl\":\"https:\\\/\\\/secure.gravatar.com\\\/avatar\\\/b6a21695fc713ce7ee312cf57c97e2e641feb365be72d8745574d3c3e2b59066?s=96&r=g\",\"caption\":\"italpress\"},\"description\":\"Italpress \u00e8 un'agenzia di stampa italiana a carattere nazionale.\",\"url\":\"https:\\\/\\\/www.livemag.it\\\/index.php\\\/author\\\/italpress\\\/\"}]}<\/script>\n<!-- \/ Yoast SEO plugin. -->","yoast_head_json":{"title":"Pagliara \"L'obiettivo di SportCity \u00e8 allargarsi alle aree protette\" - Live Magazine","robots":{"index":"index","follow":"follow","max-snippet":"max-snippet:-1","max-image-preview":"max-image-preview:large","max-video-preview":"max-video-preview:-1"},"canonical":"https:\/\/www.livemag.it\/index.php\/2025\/07\/15\/pagliara-lobiettivo-di-sportcity-e-allargarsi-alle-aree-protette\/","og_locale":"it_IT","og_type":"article","og_title":"Pagliara \"L'obiettivo di SportCity \u00e8 allargarsi alle aree protette\" - Live Magazine","og_description":"ROMA (ITALPRESS) &#8211; &#8220;L&#8217;obiettivo e uno dei sogni di SportCity \u00e8 allargarsi non soltanto alle citt\u00e0 ma alle aree protette, ai parchi nazionali, anche alle zone pi\u00f9 distanti. Insomma, lo sport che si riappropria dei territori per renderli migliori con un possibile utilizzo sportivo sul benessere ma anche turistico. Questa capacit\u00e0 di essere parte integrante [&hellip;]","og_url":"https:\/\/www.livemag.it\/index.php\/2025\/07\/15\/pagliara-lobiettivo-di-sportcity-e-allargarsi-alle-aree-protette\/","og_site_name":"Live Magazine","article_publisher":"https:\/\/www.facebook.com\/LiveMag\/","article_published_time":"2025-07-15T19:02:40+00:00","og_image":[{"width":1200,"height":675,"url":"https:\/\/www.livemag.it\/wp-content\/uploads\/2024\/02\/ograph.jpg","type":"image\/jpeg"}],"author":"italpress","twitter_card":"summary_large_image","twitter_creator":"@LiveNotizie","twitter_site":"@LiveNotizie","twitter_misc":{"Scritto da":"italpress","Tempo di lettura stimato":"1 minuto"},"schema":{"@context":"https:\/\/schema.org","@graph":[{"@type":"Article","@id":"https:\/\/www.livemag.it\/index.php\/2025\/07\/15\/pagliara-lobiettivo-di-sportcity-e-allargarsi-alle-aree-protette\/#article","isPartOf":{"@id":"https:\/\/www.livemag.it\/index.php\/2025\/07\/15\/pagliara-lobiettivo-di-sportcity-e-allargarsi-alle-aree-protette\/"},"author":{"name":"italpress","@id":"https:\/\/www.livemag.it\/#\/schema\/person\/b62c5f44451fdcdaeb0afe6c2424e73c"},"headline":"Pagliara &#8220;L&#8217;obiettivo di SportCity \u00e8 allargarsi alle aree protette&#8221;","datePublished":"2025-07-15T19:02:40+00:00","mainEntityOfPage":{"@id":"https:\/\/www.livemag.it\/index.php\/2025\/07\/15\/pagliara-lobiettivo-di-sportcity-e-allargarsi-alle-aree-protette\/"},"wordCount":182,"publisher":{"@id":"https:\/\/www.livemag.it\/#organization"},"image":{"@id":"https:\/\/www.livemag.it\/index.php\/2025\/07\/15\/pagliara-lobiettivo-di-sportcity-e-allargarsi-alle-aree-protette\/#primaryimage"},"thumbnailUrl":"https:\/\/www.livemag.it\/wp-content\/uploads\/2025\/07\/J2y9.jpg","articleSection":["Video"],"inLanguage":"it-IT"},{"@type":"WebPage","@id":"https:\/\/www.livemag.it\/index.php\/2025\/07\/15\/pagliara-lobiettivo-di-sportcity-e-allargarsi-alle-aree-protette\/","url":"https:\/\/www.livemag.it\/index.php\/2025\/07\/15\/pagliara-lobiettivo-di-sportcity-e-allargarsi-alle-aree-protette\/","name":"Pagliara \"L'obiettivo di SportCity \u00e8 allargarsi alle aree protette\" - Live Magazine","isPartOf":{"@id":"https:\/\/www.livemag.it\/#website"},"primaryImageOfPage":{"@id":"https:\/\/www.livemag.it\/index.php\/2025\/07\/15\/pagliara-lobiettivo-di-sportcity-e-allargarsi-alle-aree-protette\/#primaryimage"},"image":{"@id":"https:\/\/www.livemag.it\/index.php\/2025\/07\/15\/pagliara-lobiettivo-di-sportcity-e-allargarsi-alle-aree-protette\/#primaryimage"},"thumbnailUrl":"https:\/\/www.livemag.it\/wp-content\/uploads\/2025\/07\/J2y9.jpg","datePublished":"2025-07-15T19:02:40+00:00","breadcrumb":{"@id":"https:\/\/www.livemag.it\/index.php\/2025\/07\/15\/pagliara-lobiettivo-di-sportcity-e-allargarsi-alle-aree-protette\/#breadcrumb"},"inLanguage":"it-IT","potentialAction":[{"@type":"ReadAction","target":["https:\/\/www.livemag.it\/index.php\/2025\/07\/15\/pagliara-lobiettivo-di-sportcity-e-allargarsi-alle-aree-protette\/"]}]},{"@type":"ImageObject","inLanguage":"it-IT","@id":"https:\/\/www.livemag.it\/index.php\/2025\/07\/15\/pagliara-lobiettivo-di-sportcity-e-allargarsi-alle-aree-protette\/#primaryimage","url":"https:\/\/www.livemag.it\/wp-content\/uploads\/2025\/07\/J2y9.jpg","contentUrl":"https:\/\/www.livemag.it\/wp-content\/uploads\/2025\/07\/J2y9.jpg","width":1920,"height":1080},{"@type":"BreadcrumbList","@id":"https:\/\/www.livemag.it\/index.php\/2025\/07\/15\/pagliara-lobiettivo-di-sportcity-e-allargarsi-alle-aree-protette\/#breadcrumb","itemListElement":[{"@type":"ListItem","position":1,"name":"Home","item":"https:\/\/www.livemag.it\/"},{"@type":"ListItem","position":2,"name":"Pagliara &#8220;L&#8217;obiettivo di SportCity \u00e8 allargarsi alle aree protette&#8221;"}]},{"@type":"WebSite","@id":"https:\/\/www.livemag.it\/#website","url":"https:\/\/www.livemag.it\/","name":"Live Magazine","description":"Varie ed eventi","publisher":{"@id":"https:\/\/www.livemag.it\/#organization"},"potentialAction":[{"@type":"SearchAction","target":{"@type":"EntryPoint","urlTemplate":"https:\/\/www.livemag.it\/?s={search_term_string}"},"query-input":{"@type":"PropertyValueSpecification","valueRequired":true,"valueName":"search_term_string"}}],"inLanguage":"it-IT"},{"@type":"Organization","@id":"https:\/\/www.livemag.it\/#organization","name":"LiveMag","alternateName":"LiveMag News ed eventi","url":"https:\/\/www.livemag.it\/","logo":{"@type":"ImageObject","inLanguage":"it-IT","@id":"https:\/\/www.livemag.it\/#\/schema\/logo\/image\/","url":"https:\/\/www.livemag.it\/wp-content\/uploads\/2024\/02\/immagine-sito.jpg","contentUrl":"https:\/\/www.livemag.it\/wp-content\/uploads\/2024\/02\/immagine-sito.jpg","width":696,"height":696,"caption":"LiveMag"},"image":{"@id":"https:\/\/www.livemag.it\/#\/schema\/logo\/image\/"},"sameAs":["https:\/\/www.facebook.com\/LiveMag\/","https:\/\/x.com\/LiveNotizie","https:\/\/www.instagram.com\/livemag\/"]},{"@type":"Person","@id":"https:\/\/www.livemag.it\/#\/schema\/person\/b62c5f44451fdcdaeb0afe6c2424e73c","name":"italpress","image":{"@type":"ImageObject","inLanguage":"it-IT","@id":"https:\/\/secure.gravatar.com\/avatar\/b6a21695fc713ce7ee312cf57c97e2e641feb365be72d8745574d3c3e2b59066?s=96&r=g","url":"https:\/\/secure.gravatar.com\/avatar\/b6a21695fc713ce7ee312cf57c97e2e641feb365be72d8745574d3c3e2b59066?s=96&r=g","contentUrl":"https:\/\/secure.gravatar.com\/avatar\/b6a21695fc713ce7ee312cf57c97e2e641feb365be72d8745574d3c3e2b59066?s=96&r=g","caption":"italpress"},"description":"Italpress \u00e8 un'agenzia di stampa italiana a carattere nazionale.","url":"https:\/\/www.livemag.it\/index.php\/author\/italpress\/"}]}},"jetpack_featured_media_url":"https:\/\/www.livemag.it\/wp-content\/uploads\/2025\/07\/J2y9.jpg","_links":{"self":[{"href":"https:\/\/www.livemag.it\/index.php\/wp-json\/wp\/v2\/posts\/55166","targetHints":{"allow":["GET"]}}],"collection":[{"href":"https:\/\/www.livemag.it\/index.php\/wp-json\/wp\/v2\/posts"}],"about":[{"href":"https:\/\/www.livemag.it\/index.php\/wp-json\/wp\/v2\/types\/post"}],"author":[{"embeddable":true,"href":"https:\/\/www.livemag.it\/index.php\/wp-json\/wp\/v2\/users\/16"}],"replies":[{"embeddable":true,"href":"https:\/\/www.livemag.it\/index.php\/wp-json\/wp\/v2\/comments?post=55166"}],"version-history":[{"count":0,"href":"https:\/\/www.livemag.it\/index.php\/wp-json\/wp\/v2\/posts\/55166\/revisions"}],"wp:featuredmedia":[{"embeddable":true,"href":"https:\/\/www.livemag.it\/index.php\/wp-json\/wp\/v2\/media\/55167"}],"wp:attachment":[{"href":"https:\/\/www.livemag.it\/index.php\/wp-json\/wp\/v2\/media?parent=55166"}],"wp:term":[{"taxonomy":"category","embeddable":true,"href":"https:\/\/www.livemag.it\/index.php\/wp-json\/wp\/v2\/categories?post=55166"},{"taxonomy":"post_tag","embeddable":true,"href":"https:\/\/www.livemag.it\/index.php\/wp-json\/wp\/v2\/tags?post=55166"}],"curies":[{"name":"wp","href":"https:\/\/api.w.org\/{rel}","templated":true}]}}