{"id":54830,"date":"2025-07-10T12:22:59","date_gmt":"2025-07-10T10:22:59","guid":{"rendered":"https:\/\/www.livemag.it\/?p=54830"},"modified":"2025-07-10T12:23:07","modified_gmt":"2025-07-10T10:23:07","slug":"circo-nero-italia-l11-7-notte-bianca-di-cecina-li-e-il-12-7-habanero-ciro-marina-kr","status":"publish","type":"post","link":"https:\/\/www.livemag.it\/index.php\/2025\/07\/10\/circo-nero-italia-l11-7-notte-bianca-di-cecina-li-e-il-12-7-habanero-ciro-marina-kr\/","title":{"rendered":"Circo Nero Italia: l\u201911\/7 Notte Bianca di Cecina (LI) e il 12\/7 Habanero &#8211; Cir\u00f2 Marina (KR)"},"content":{"rendered":"\n<p><strong>Circo Nero Italia<\/strong>\u00a0tra Toscana e Calabria. I performer, <a href=\"https:\/\/www.livemag.it\/index.php\/good-life\/\">gli artisti, i ballerini <\/a>ed i giocolieri di Circo Nero Italia a met\u00e0 luglio fanno scatenare l&#8217;Italia.<\/p>\n\n\n\n<p> Per la precisione, si dividono tra Cecina e Calabria. Venerd\u00ec 11 luglio sono alla Notte Bianca di Cecina, al Caff\u00e8 Roma, dove gli artisti si muovono a tempo con il sound di Biba Dj. La sera dopo, sabato 12 luglio, eccoli a Crotone, a ballare sul sound di &nbsp;Prezioso, storico DJ di Radio Deejay ed oggi di m2o, all&#8217;Habanero Summer Beach.<\/p>\n\n\n\n<p><strong>Circo Nero Italia<\/strong>&nbsp;non \u00e8 un format come tutti gli altri. &nbsp;Non \u00e8 semplice show \u00e8 un collettivo di creativi e di artisti coordinati da Duccio Cantini.<\/p>\n\n\n\n<p> Gli scatenati performer di&nbsp;<strong><a href=\"https:\/\/www.circoneroitalia.it\">Circo Nero Italia<\/a><\/strong>, coordinati dal fiorentino Duccio Cantini, mettono infatti in scena spettacolari eventi e party, sia eventi aziendali, sia show nei club, sia feste di di piazza&#8230; con performance di qualit\u00e0, sorprese di ogni genere, intrattenimento artistico con numeri d&#8217;alta scuola preparati con passione e dovizia di dettagli&#8230;&nbsp;<\/p>\n\n\n\n<p>\u00abNon metteremo mai in piedi spettacoli di semplice intrattenimento con qualche bella performance d&#8217;impatto a fare da cornice\u00bb, racconta &nbsp;Cantini. \u00abE&#8217; e sar\u00e0 sempre uno show evolutivo, ricco di emozioni e ispirato ai grandi spettacoli internazionali. Cerchiamo sempre di alzare l&#8217;asticella della bellezza e del coinvolgimento emotivo per portare il pubblico, per una notte, in altri mondi&#8230; siano essi interiori, inferiori o superiori\u00bb.<\/p>\n\n\n\n<p>Circo Nero Italia fa scatenare anche party notturni o eventi all&#8217;aperto, in citt\u00e0 e pure in provincia. Tra i vari show ecco CircoNero Classic, Circo Revolution, Los Hermanos, Woodoo, e tante altre nuove proposte che il collettivo sta realizzando in tutta Italia. Non solo Circo Nero Italia pu\u00f2 creare un evento su misura in base alle necessit\u00e0 di chi organizza un evento. Un evento nuovo, nello stile, nel mood richiesto, magari partendo dalle peculiarit\u00e0 della location.<\/p>\n\n\n\n<p><\/p>\n\n\n\n<p><\/p>\n\n\n\n<p><strong>11\/7 Cecina (Livorno), Notte Bianca @ Caff\u00e8 Roma con Biba Dj<\/strong><\/p>\n\n\n\n<p><strong>12\/7 Habanero Summer Beach Cir\u00f2 Marina (Crotone) con Prezioso<\/strong><\/p>\n","protected":false},"excerpt":{"rendered":"<p>Circo Nero Italia\u00a0tra Toscana e Calabria. I performer, gli artisti, i ballerini ed i giocolieri di Circo Nero Italia a met\u00e0 luglio fanno scatenare l&#8217;Italia. Per la precisione, si dividono tra Cecina e Calabria. Venerd\u00ec 11 luglio sono alla Notte Bianca di Cecina, al Caff\u00e8 Roma, dove gli artisti si muovono a tempo con il [&hellip;]<\/p>\n","protected":false},"author":21,"featured_media":54831,"comment_status":"open","ping_status":"open","sticky":false,"template":"","format":"standard","meta":{"jnews-multi-image_gallery":[],"jnews_single_post":{"format":"standard"},"jnews_primary_category":[],"jnews_social_meta":[],"jnews_override_counter":[],"jnews_post_split":[],"footnotes":""},"categories":[1372],"tags":[1657],"class_list":["post-54830","post","type-post","status-publish","format-standard","has-post-thumbnail","hentry","category-good-life","tag-circo-nero-italia"],"yoast_head":"<!-- This site is optimized with the Yoast SEO plugin v27.5 - https:\/\/yoast.com\/product\/yoast-seo-wordpress\/ -->\n<title>Circo Nero Italia: l\u201911\/7 Notte Bianca di Cecina (LI)<\/title>\n<meta name=\"description\" content=\"Circo Nero Italia\u00a0tra Toscana e Calabria. I performer, gli artisti, i ballerini ed i giocolieri di Circo Nero Italia a met\u00e0 luglio\" \/>\n<meta name=\"robots\" content=\"index, follow, max-snippet:-1, max-image-preview:large, max-video-preview:-1\" \/>\n<link rel=\"canonical\" href=\"https:\/\/www.livemag.it\/index.php\/2025\/07\/10\/circo-nero-italia-l11-7-notte-bianca-di-cecina-li-e-il-12-7-habanero-ciro-marina-kr\/\" \/>\n<meta property=\"og:locale\" content=\"it_IT\" \/>\n<meta property=\"og:type\" content=\"article\" \/>\n<meta property=\"og:title\" content=\"Circo Nero Italia: l\u201911\/7 Notte Bianca di Cecina (LI)\" \/>\n<meta property=\"og:description\" content=\"Circo Nero Italia\u00a0tra Toscana e Calabria. I performer, gli artisti, i ballerini ed i giocolieri di Circo Nero Italia a met\u00e0 luglio\" \/>\n<meta property=\"og:url\" content=\"https:\/\/www.livemag.it\/index.php\/2025\/07\/10\/circo-nero-italia-l11-7-notte-bianca-di-cecina-li-e-il-12-7-habanero-ciro-marina-kr\/\" \/>\n<meta property=\"og:site_name\" content=\"Live Magazine\" \/>\n<meta property=\"article:publisher\" content=\"https:\/\/www.facebook.com\/LiveMag\/\" \/>\n<meta property=\"article:published_time\" content=\"2025-07-10T10:22:59+00:00\" \/>\n<meta property=\"article:modified_time\" content=\"2025-07-10T10:23:07+00:00\" \/>\n<meta property=\"og:image\" content=\"https:\/\/www.livemag.it\/wp-content\/uploads\/2025\/07\/circo.jpg\" \/>\n\t<meta property=\"og:image:width\" content=\"1558\" \/>\n\t<meta property=\"og:image:height\" content=\"986\" \/>\n\t<meta property=\"og:image:type\" content=\"image\/jpeg\" \/>\n<meta name=\"author\" content=\"Lorenzo Tiezzi\" \/>\n<meta name=\"twitter:card\" content=\"summary_large_image\" \/>\n<meta name=\"twitter:creator\" content=\"@LiveNotizie\" \/>\n<meta name=\"twitter:site\" content=\"@LiveNotizie\" \/>\n<meta name=\"twitter:label1\" content=\"Scritto da\" \/>\n\t<meta name=\"twitter:data1\" content=\"Lorenzo Tiezzi\" \/>\n\t<meta name=\"twitter:label2\" content=\"Tempo di lettura stimato\" \/>\n\t<meta name=\"twitter:data2\" content=\"2 minuti\" \/>\n<script type=\"application\/ld+json\" class=\"yoast-schema-graph\">{\"@context\":\"https:\\\/\\\/schema.org\",\"@graph\":[{\"@type\":\"Article\",\"@id\":\"https:\\\/\\\/www.livemag.it\\\/index.php\\\/2025\\\/07\\\/10\\\/circo-nero-italia-l11-7-notte-bianca-di-cecina-li-e-il-12-7-habanero-ciro-marina-kr\\\/#article\",\"isPartOf\":{\"@id\":\"https:\\\/\\\/www.livemag.it\\\/index.php\\\/2025\\\/07\\\/10\\\/circo-nero-italia-l11-7-notte-bianca-di-cecina-li-e-il-12-7-habanero-ciro-marina-kr\\\/\"},\"author\":{\"name\":\"Lorenzo Tiezzi\",\"@id\":\"https:\\\/\\\/www.livemag.it\\\/#\\\/schema\\\/person\\\/c6fe2dde14ae4517f823e167a12354b6\"},\"headline\":\"Circo Nero Italia: l\u201911\\\/7 Notte Bianca di Cecina (LI) e il 12\\\/7 Habanero &#8211; Cir\u00f2 Marina (KR)\",\"datePublished\":\"2025-07-10T10:22:59+00:00\",\"dateModified\":\"2025-07-10T10:23:07+00:00\",\"mainEntityOfPage\":{\"@id\":\"https:\\\/\\\/www.livemag.it\\\/index.php\\\/2025\\\/07\\\/10\\\/circo-nero-italia-l11-7-notte-bianca-di-cecina-li-e-il-12-7-habanero-ciro-marina-kr\\\/\"},\"wordCount\":347,\"commentCount\":0,\"publisher\":{\"@id\":\"https:\\\/\\\/www.livemag.it\\\/#organization\"},\"image\":{\"@id\":\"https:\\\/\\\/www.livemag.it\\\/index.php\\\/2025\\\/07\\\/10\\\/circo-nero-italia-l11-7-notte-bianca-di-cecina-li-e-il-12-7-habanero-ciro-marina-kr\\\/#primaryimage\"},\"thumbnailUrl\":\"https:\\\/\\\/www.livemag.it\\\/wp-content\\\/uploads\\\/2025\\\/07\\\/circo.jpg\",\"keywords\":[\"circo nero italia\"],\"articleSection\":[\"Good Life\"],\"inLanguage\":\"it-IT\",\"potentialAction\":[{\"@type\":\"CommentAction\",\"name\":\"Comment\",\"target\":[\"https:\\\/\\\/www.livemag.it\\\/index.php\\\/2025\\\/07\\\/10\\\/circo-nero-italia-l11-7-notte-bianca-di-cecina-li-e-il-12-7-habanero-ciro-marina-kr\\\/#respond\"]}]},{\"@type\":\"WebPage\",\"@id\":\"https:\\\/\\\/www.livemag.it\\\/index.php\\\/2025\\\/07\\\/10\\\/circo-nero-italia-l11-7-notte-bianca-di-cecina-li-e-il-12-7-habanero-ciro-marina-kr\\\/\",\"url\":\"https:\\\/\\\/www.livemag.it\\\/index.php\\\/2025\\\/07\\\/10\\\/circo-nero-italia-l11-7-notte-bianca-di-cecina-li-e-il-12-7-habanero-ciro-marina-kr\\\/\",\"name\":\"Circo Nero Italia: l\u201911\\\/7 Notte Bianca di Cecina (LI)\",\"isPartOf\":{\"@id\":\"https:\\\/\\\/www.livemag.it\\\/#website\"},\"primaryImageOfPage\":{\"@id\":\"https:\\\/\\\/www.livemag.it\\\/index.php\\\/2025\\\/07\\\/10\\\/circo-nero-italia-l11-7-notte-bianca-di-cecina-li-e-il-12-7-habanero-ciro-marina-kr\\\/#primaryimage\"},\"image\":{\"@id\":\"https:\\\/\\\/www.livemag.it\\\/index.php\\\/2025\\\/07\\\/10\\\/circo-nero-italia-l11-7-notte-bianca-di-cecina-li-e-il-12-7-habanero-ciro-marina-kr\\\/#primaryimage\"},\"thumbnailUrl\":\"https:\\\/\\\/www.livemag.it\\\/wp-content\\\/uploads\\\/2025\\\/07\\\/circo.jpg\",\"datePublished\":\"2025-07-10T10:22:59+00:00\",\"dateModified\":\"2025-07-10T10:23:07+00:00\",\"description\":\"Circo Nero Italia\u00a0tra Toscana e Calabria. I performer, gli artisti, i ballerini ed i giocolieri di Circo Nero Italia a met\u00e0 luglio\",\"breadcrumb\":{\"@id\":\"https:\\\/\\\/www.livemag.it\\\/index.php\\\/2025\\\/07\\\/10\\\/circo-nero-italia-l11-7-notte-bianca-di-cecina-li-e-il-12-7-habanero-ciro-marina-kr\\\/#breadcrumb\"},\"inLanguage\":\"it-IT\",\"potentialAction\":[{\"@type\":\"ReadAction\",\"target\":[\"https:\\\/\\\/www.livemag.it\\\/index.php\\\/2025\\\/07\\\/10\\\/circo-nero-italia-l11-7-notte-bianca-di-cecina-li-e-il-12-7-habanero-ciro-marina-kr\\\/\"]}]},{\"@type\":\"ImageObject\",\"inLanguage\":\"it-IT\",\"@id\":\"https:\\\/\\\/www.livemag.it\\\/index.php\\\/2025\\\/07\\\/10\\\/circo-nero-italia-l11-7-notte-bianca-di-cecina-li-e-il-12-7-habanero-ciro-marina-kr\\\/#primaryimage\",\"url\":\"https:\\\/\\\/www.livemag.it\\\/wp-content\\\/uploads\\\/2025\\\/07\\\/circo.jpg\",\"contentUrl\":\"https:\\\/\\\/www.livemag.it\\\/wp-content\\\/uploads\\\/2025\\\/07\\\/circo.jpg\",\"width\":1558,\"height\":986,\"caption\":\"Screenshot\"},{\"@type\":\"BreadcrumbList\",\"@id\":\"https:\\\/\\\/www.livemag.it\\\/index.php\\\/2025\\\/07\\\/10\\\/circo-nero-italia-l11-7-notte-bianca-di-cecina-li-e-il-12-7-habanero-ciro-marina-kr\\\/#breadcrumb\",\"itemListElement\":[{\"@type\":\"ListItem\",\"position\":1,\"name\":\"Home\",\"item\":\"https:\\\/\\\/www.livemag.it\\\/\"},{\"@type\":\"ListItem\",\"position\":2,\"name\":\"Circo Nero Italia: l\u201911\\\/7 Notte Bianca di Cecina (LI) e il 12\\\/7 Habanero &#8211; Cir\u00f2 Marina (KR)\"}]},{\"@type\":\"WebSite\",\"@id\":\"https:\\\/\\\/www.livemag.it\\\/#website\",\"url\":\"https:\\\/\\\/www.livemag.it\\\/\",\"name\":\"Live Magazine\",\"description\":\"Varie ed eventi\",\"publisher\":{\"@id\":\"https:\\\/\\\/www.livemag.it\\\/#organization\"},\"potentialAction\":[{\"@type\":\"SearchAction\",\"target\":{\"@type\":\"EntryPoint\",\"urlTemplate\":\"https:\\\/\\\/www.livemag.it\\\/?s={search_term_string}\"},\"query-input\":{\"@type\":\"PropertyValueSpecification\",\"valueRequired\":true,\"valueName\":\"search_term_string\"}}],\"inLanguage\":\"it-IT\"},{\"@type\":\"Organization\",\"@id\":\"https:\\\/\\\/www.livemag.it\\\/#organization\",\"name\":\"LiveMag\",\"alternateName\":\"LiveMag News ed eventi\",\"url\":\"https:\\\/\\\/www.livemag.it\\\/\",\"logo\":{\"@type\":\"ImageObject\",\"inLanguage\":\"it-IT\",\"@id\":\"https:\\\/\\\/www.livemag.it\\\/#\\\/schema\\\/logo\\\/image\\\/\",\"url\":\"https:\\\/\\\/www.livemag.it\\\/wp-content\\\/uploads\\\/2024\\\/02\\\/immagine-sito.jpg\",\"contentUrl\":\"https:\\\/\\\/www.livemag.it\\\/wp-content\\\/uploads\\\/2024\\\/02\\\/immagine-sito.jpg\",\"width\":696,\"height\":696,\"caption\":\"LiveMag\"},\"image\":{\"@id\":\"https:\\\/\\\/www.livemag.it\\\/#\\\/schema\\\/logo\\\/image\\\/\"},\"sameAs\":[\"https:\\\/\\\/www.facebook.com\\\/LiveMag\\\/\",\"https:\\\/\\\/x.com\\\/LiveNotizie\",\"https:\\\/\\\/www.instagram.com\\\/livemag\\\/\"]},{\"@type\":\"Person\",\"@id\":\"https:\\\/\\\/www.livemag.it\\\/#\\\/schema\\\/person\\\/c6fe2dde14ae4517f823e167a12354b6\",\"name\":\"Lorenzo Tiezzi\",\"image\":{\"@type\":\"ImageObject\",\"inLanguage\":\"it-IT\",\"@id\":\"https:\\\/\\\/secure.gravatar.com\\\/avatar\\\/055a51cbe21ba6c03af667c75f797ec8642fe78050e8602547fec943f6500144?s=96&r=g\",\"url\":\"https:\\\/\\\/secure.gravatar.com\\\/avatar\\\/055a51cbe21ba6c03af667c75f797ec8642fe78050e8602547fec943f6500144?s=96&r=g\",\"contentUrl\":\"https:\\\/\\\/secure.gravatar.com\\\/avatar\\\/055a51cbe21ba6c03af667c75f797ec8642fe78050e8602547fec943f6500144?s=96&r=g\",\"caption\":\"Lorenzo Tiezzi\"},\"description\":\"giornalista, press office, pr\",\"url\":\"https:\\\/\\\/www.livemag.it\\\/index.php\\\/author\\\/lorenzo-tiezzi\\\/\"}]}<\/script>\n<!-- \/ Yoast SEO plugin. -->","yoast_head_json":{"title":"Circo Nero Italia: l\u201911\/7 Notte Bianca di Cecina (LI)","description":"Circo Nero Italia\u00a0tra Toscana e Calabria. I performer, gli artisti, i ballerini ed i giocolieri di Circo Nero Italia a met\u00e0 luglio","robots":{"index":"index","follow":"follow","max-snippet":"max-snippet:-1","max-image-preview":"max-image-preview:large","max-video-preview":"max-video-preview:-1"},"canonical":"https:\/\/www.livemag.it\/index.php\/2025\/07\/10\/circo-nero-italia-l11-7-notte-bianca-di-cecina-li-e-il-12-7-habanero-ciro-marina-kr\/","og_locale":"it_IT","og_type":"article","og_title":"Circo Nero Italia: l\u201911\/7 Notte Bianca di Cecina (LI)","og_description":"Circo Nero Italia\u00a0tra Toscana e Calabria. I performer, gli artisti, i ballerini ed i giocolieri di Circo Nero Italia a met\u00e0 luglio","og_url":"https:\/\/www.livemag.it\/index.php\/2025\/07\/10\/circo-nero-italia-l11-7-notte-bianca-di-cecina-li-e-il-12-7-habanero-ciro-marina-kr\/","og_site_name":"Live Magazine","article_publisher":"https:\/\/www.facebook.com\/LiveMag\/","article_published_time":"2025-07-10T10:22:59+00:00","article_modified_time":"2025-07-10T10:23:07+00:00","og_image":[{"width":1558,"height":986,"url":"https:\/\/www.livemag.it\/wp-content\/uploads\/2025\/07\/circo.jpg","type":"image\/jpeg"}],"author":"Lorenzo Tiezzi","twitter_card":"summary_large_image","twitter_creator":"@LiveNotizie","twitter_site":"@LiveNotizie","twitter_misc":{"Scritto da":"Lorenzo Tiezzi","Tempo di lettura stimato":"2 minuti"},"schema":{"@context":"https:\/\/schema.org","@graph":[{"@type":"Article","@id":"https:\/\/www.livemag.it\/index.php\/2025\/07\/10\/circo-nero-italia-l11-7-notte-bianca-di-cecina-li-e-il-12-7-habanero-ciro-marina-kr\/#article","isPartOf":{"@id":"https:\/\/www.livemag.it\/index.php\/2025\/07\/10\/circo-nero-italia-l11-7-notte-bianca-di-cecina-li-e-il-12-7-habanero-ciro-marina-kr\/"},"author":{"name":"Lorenzo Tiezzi","@id":"https:\/\/www.livemag.it\/#\/schema\/person\/c6fe2dde14ae4517f823e167a12354b6"},"headline":"Circo Nero Italia: l\u201911\/7 Notte Bianca di Cecina (LI) e il 12\/7 Habanero &#8211; Cir\u00f2 Marina (KR)","datePublished":"2025-07-10T10:22:59+00:00","dateModified":"2025-07-10T10:23:07+00:00","mainEntityOfPage":{"@id":"https:\/\/www.livemag.it\/index.php\/2025\/07\/10\/circo-nero-italia-l11-7-notte-bianca-di-cecina-li-e-il-12-7-habanero-ciro-marina-kr\/"},"wordCount":347,"commentCount":0,"publisher":{"@id":"https:\/\/www.livemag.it\/#organization"},"image":{"@id":"https:\/\/www.livemag.it\/index.php\/2025\/07\/10\/circo-nero-italia-l11-7-notte-bianca-di-cecina-li-e-il-12-7-habanero-ciro-marina-kr\/#primaryimage"},"thumbnailUrl":"https:\/\/www.livemag.it\/wp-content\/uploads\/2025\/07\/circo.jpg","keywords":["circo nero italia"],"articleSection":["Good Life"],"inLanguage":"it-IT","potentialAction":[{"@type":"CommentAction","name":"Comment","target":["https:\/\/www.livemag.it\/index.php\/2025\/07\/10\/circo-nero-italia-l11-7-notte-bianca-di-cecina-li-e-il-12-7-habanero-ciro-marina-kr\/#respond"]}]},{"@type":"WebPage","@id":"https:\/\/www.livemag.it\/index.php\/2025\/07\/10\/circo-nero-italia-l11-7-notte-bianca-di-cecina-li-e-il-12-7-habanero-ciro-marina-kr\/","url":"https:\/\/www.livemag.it\/index.php\/2025\/07\/10\/circo-nero-italia-l11-7-notte-bianca-di-cecina-li-e-il-12-7-habanero-ciro-marina-kr\/","name":"Circo Nero Italia: l\u201911\/7 Notte Bianca di Cecina (LI)","isPartOf":{"@id":"https:\/\/www.livemag.it\/#website"},"primaryImageOfPage":{"@id":"https:\/\/www.livemag.it\/index.php\/2025\/07\/10\/circo-nero-italia-l11-7-notte-bianca-di-cecina-li-e-il-12-7-habanero-ciro-marina-kr\/#primaryimage"},"image":{"@id":"https:\/\/www.livemag.it\/index.php\/2025\/07\/10\/circo-nero-italia-l11-7-notte-bianca-di-cecina-li-e-il-12-7-habanero-ciro-marina-kr\/#primaryimage"},"thumbnailUrl":"https:\/\/www.livemag.it\/wp-content\/uploads\/2025\/07\/circo.jpg","datePublished":"2025-07-10T10:22:59+00:00","dateModified":"2025-07-10T10:23:07+00:00","description":"Circo Nero Italia\u00a0tra Toscana e Calabria. I performer, gli artisti, i ballerini ed i giocolieri di Circo Nero Italia a met\u00e0 luglio","breadcrumb":{"@id":"https:\/\/www.livemag.it\/index.php\/2025\/07\/10\/circo-nero-italia-l11-7-notte-bianca-di-cecina-li-e-il-12-7-habanero-ciro-marina-kr\/#breadcrumb"},"inLanguage":"it-IT","potentialAction":[{"@type":"ReadAction","target":["https:\/\/www.livemag.it\/index.php\/2025\/07\/10\/circo-nero-italia-l11-7-notte-bianca-di-cecina-li-e-il-12-7-habanero-ciro-marina-kr\/"]}]},{"@type":"ImageObject","inLanguage":"it-IT","@id":"https:\/\/www.livemag.it\/index.php\/2025\/07\/10\/circo-nero-italia-l11-7-notte-bianca-di-cecina-li-e-il-12-7-habanero-ciro-marina-kr\/#primaryimage","url":"https:\/\/www.livemag.it\/wp-content\/uploads\/2025\/07\/circo.jpg","contentUrl":"https:\/\/www.livemag.it\/wp-content\/uploads\/2025\/07\/circo.jpg","width":1558,"height":986,"caption":"Screenshot"},{"@type":"BreadcrumbList","@id":"https:\/\/www.livemag.it\/index.php\/2025\/07\/10\/circo-nero-italia-l11-7-notte-bianca-di-cecina-li-e-il-12-7-habanero-ciro-marina-kr\/#breadcrumb","itemListElement":[{"@type":"ListItem","position":1,"name":"Home","item":"https:\/\/www.livemag.it\/"},{"@type":"ListItem","position":2,"name":"Circo Nero Italia: l\u201911\/7 Notte Bianca di Cecina (LI) e il 12\/7 Habanero &#8211; Cir\u00f2 Marina (KR)"}]},{"@type":"WebSite","@id":"https:\/\/www.livemag.it\/#website","url":"https:\/\/www.livemag.it\/","name":"Live Magazine","description":"Varie ed eventi","publisher":{"@id":"https:\/\/www.livemag.it\/#organization"},"potentialAction":[{"@type":"SearchAction","target":{"@type":"EntryPoint","urlTemplate":"https:\/\/www.livemag.it\/?s={search_term_string}"},"query-input":{"@type":"PropertyValueSpecification","valueRequired":true,"valueName":"search_term_string"}}],"inLanguage":"it-IT"},{"@type":"Organization","@id":"https:\/\/www.livemag.it\/#organization","name":"LiveMag","alternateName":"LiveMag News ed eventi","url":"https:\/\/www.livemag.it\/","logo":{"@type":"ImageObject","inLanguage":"it-IT","@id":"https:\/\/www.livemag.it\/#\/schema\/logo\/image\/","url":"https:\/\/www.livemag.it\/wp-content\/uploads\/2024\/02\/immagine-sito.jpg","contentUrl":"https:\/\/www.livemag.it\/wp-content\/uploads\/2024\/02\/immagine-sito.jpg","width":696,"height":696,"caption":"LiveMag"},"image":{"@id":"https:\/\/www.livemag.it\/#\/schema\/logo\/image\/"},"sameAs":["https:\/\/www.facebook.com\/LiveMag\/","https:\/\/x.com\/LiveNotizie","https:\/\/www.instagram.com\/livemag\/"]},{"@type":"Person","@id":"https:\/\/www.livemag.it\/#\/schema\/person\/c6fe2dde14ae4517f823e167a12354b6","name":"Lorenzo Tiezzi","image":{"@type":"ImageObject","inLanguage":"it-IT","@id":"https:\/\/secure.gravatar.com\/avatar\/055a51cbe21ba6c03af667c75f797ec8642fe78050e8602547fec943f6500144?s=96&r=g","url":"https:\/\/secure.gravatar.com\/avatar\/055a51cbe21ba6c03af667c75f797ec8642fe78050e8602547fec943f6500144?s=96&r=g","contentUrl":"https:\/\/secure.gravatar.com\/avatar\/055a51cbe21ba6c03af667c75f797ec8642fe78050e8602547fec943f6500144?s=96&r=g","caption":"Lorenzo Tiezzi"},"description":"giornalista, press office, pr","url":"https:\/\/www.livemag.it\/index.php\/author\/lorenzo-tiezzi\/"}]}},"jetpack_featured_media_url":"https:\/\/www.livemag.it\/wp-content\/uploads\/2025\/07\/circo.jpg","_links":{"self":[{"href":"https:\/\/www.livemag.it\/index.php\/wp-json\/wp\/v2\/posts\/54830","targetHints":{"allow":["GET"]}}],"collection":[{"href":"https:\/\/www.livemag.it\/index.php\/wp-json\/wp\/v2\/posts"}],"about":[{"href":"https:\/\/www.livemag.it\/index.php\/wp-json\/wp\/v2\/types\/post"}],"author":[{"embeddable":true,"href":"https:\/\/www.livemag.it\/index.php\/wp-json\/wp\/v2\/users\/21"}],"replies":[{"embeddable":true,"href":"https:\/\/www.livemag.it\/index.php\/wp-json\/wp\/v2\/comments?post=54830"}],"version-history":[{"count":1,"href":"https:\/\/www.livemag.it\/index.php\/wp-json\/wp\/v2\/posts\/54830\/revisions"}],"predecessor-version":[{"id":54832,"href":"https:\/\/www.livemag.it\/index.php\/wp-json\/wp\/v2\/posts\/54830\/revisions\/54832"}],"wp:featuredmedia":[{"embeddable":true,"href":"https:\/\/www.livemag.it\/index.php\/wp-json\/wp\/v2\/media\/54831"}],"wp:attachment":[{"href":"https:\/\/www.livemag.it\/index.php\/wp-json\/wp\/v2\/media?parent=54830"}],"wp:term":[{"taxonomy":"category","embeddable":true,"href":"https:\/\/www.livemag.it\/index.php\/wp-json\/wp\/v2\/categories?post=54830"},{"taxonomy":"post_tag","embeddable":true,"href":"https:\/\/www.livemag.it\/index.php\/wp-json\/wp\/v2\/tags?post=54830"}],"curies":[{"name":"wp","href":"https:\/\/api.w.org\/{rel}","templated":true}]}}