{"id":54828,"date":"2025-07-10T12:02:48","date_gmt":"2025-07-10T10:02:48","guid":{"rendered":"https:\/\/www.livemag.it\/index.php\/2025\/07\/10\/libia-piantedosi-tornero-presto-per-rinsaldare-collaborazione\/"},"modified":"2025-07-10T12:02:48","modified_gmt":"2025-07-10T10:02:48","slug":"libia-piantedosi-tornero-presto-per-rinsaldare-collaborazione","status":"publish","type":"post","link":"https:\/\/www.livemag.it\/index.php\/2025\/07\/10\/libia-piantedosi-tornero-presto-per-rinsaldare-collaborazione\/","title":{"rendered":"Libia, Piantedosi \u201cTorner\u00f2 presto per rinsaldare collaborazione\u201d"},"content":{"rendered":"<div>\n<p>ROMA (ITALPRESS) \u2013 A Bengasi \u00e8 avvenuto<em> \u201cun corto circuito protocollare che riguardava la composizione delle delegazioni che dovevano incontrarsi. Ma non ha coinvolto l\u2019Italia\u201d,<\/em> <em>\u201cnessun respingimento ma pi\u00f9 concretamente un annullamento della riunione all\u2019ultimo momento\u201d<\/em>. Cos\u00ec il ministro dell\u2019Interno <strong>Matteo Piantedosi<\/strong>, in un\u2019intervista al <em>Corriere della Sera<\/em>.<\/p>\n<p>Alla domanda se stia minimizzando quanto avvenuto in Libia, <strong>Piantedosi<\/strong> risponde cos\u00ec:<em> \u201cAl contrario, posso dire che non \u00e8 un incidente da poco ed \u00e8 soprattutto una occasione perduta: sarebbe stata la prima volta di una visita in Cirenaica di una delegazione guidata dalla Commissione europea. Per\u00f2 credo che non vadano neanche ingigantite le possibili conseguenze, perch\u00e8 certamente su questo peseranno i buoni rapporti che i Paesi europei hanno con quella parte della Libia\u201d.<\/em><\/p>\n<p><em>\u201cPersonalmente, a nome del governo italiano, sono stato pi\u00f9 volte a Tripoli come in Cirenaica ed ho sempre svolto incontri proficui di cui sono stato soddisfatto. Ci sono stati vari incontri anche qui al Viminale di cui esistono foto e riprese. Non ho mai posto questioni sulla composizione delle delegazioni altrui\u201d<\/em>, sottolinea il ministro, che alle critiche dell\u2019opposizione replica cos\u00ec: <em>\u201cCredo che sia un modo semplicistico e un p\u00f2 provinciale di compiacersi di quello che sicuramente \u00e8 stato un incidente diplomatico che per\u00f2, lo ripeto, non \u00e8 attribuibile in alcun modo alla delegazione italiana. Noi consideriamo di grande importanza la collaborazione che stiamo consolidando con entrambe le parti libiche. Andremo avanti e questa sar\u00e0 la migliore risposta a ogni illazione circa il rispetto e l\u2019interesse che il nostro governo riscuote da quelle parti\u201d.<\/em><\/p>\n<p><em>\u201cSu dossier cos\u00ec importanti, come quello libico, l\u2019azione del governo \u00e8 sempre corale e coordinata<\/em> \u2013 prosegue -. <em>Dopo anni di colpevole disinteresse ed una inerzia pressoch\u00e8 totale, ribadisco che questo governo intrattiene, con entrambe le parti libiche, eccellenti rapporti che sono la migliore garanzia della prosecuzione di una collaborazione gi\u00e0 proficua ed efficace. Torner\u00f2 presto in Libia, per rinsaldare ulteriormente la nostra collaborazione\u201d<\/em>.<\/p>\n<p>\u2013 Foto IPA Agency \u2013<\/p>\n<p>(ITALPRESS).<\/p>\n<\/div>\n","protected":false},"excerpt":{"rendered":"<p>ROMA (ITALPRESS) \u2013 A Bengasi \u00e8 avvenuto \u201cun corto circuito protocollare che riguardava la composizione delle delegazioni che dovevano incontrarsi. Ma non ha coinvolto l\u2019Italia\u201d, \u201cnessun respingimento ma pi\u00f9 concretamente un annullamento della riunione all\u2019ultimo momento\u201d. Cos\u00ec il ministro dell\u2019Interno Matteo Piantedosi, in un\u2019intervista al Corriere della Sera. Alla domanda se stia minimizzando quanto avvenuto [&hellip;]<\/p>\n","protected":false},"author":16,"featured_media":54829,"comment_status":"closed","ping_status":"closed","sticky":false,"template":"","format":"standard","meta":{"jnews-multi-image_gallery":[],"jnews_single_post":[],"jnews_primary_category":[],"jnews_social_meta":[],"jnews_override_counter":[],"jnews_post_split":[],"footnotes":""},"categories":[1129],"tags":[],"class_list":["post-54828","post","type-post","status-publish","format-standard","has-post-thumbnail","hentry","category-mondo"],"yoast_head":"<!-- This site is optimized with the Yoast SEO plugin v27.5 - https:\/\/yoast.com\/product\/yoast-seo-wordpress\/ -->\n<title>Libia, Piantedosi \u201cTorner\u00f2 presto per rinsaldare collaborazione\u201d - Live Magazine<\/title>\n<meta name=\"robots\" content=\"index, follow, max-snippet:-1, max-image-preview:large, max-video-preview:-1\" \/>\n<link rel=\"canonical\" href=\"https:\/\/www.livemag.it\/index.php\/2025\/07\/10\/libia-piantedosi-tornero-presto-per-rinsaldare-collaborazione\/\" \/>\n<meta property=\"og:locale\" content=\"it_IT\" \/>\n<meta property=\"og:type\" content=\"article\" \/>\n<meta property=\"og:title\" content=\"Libia, Piantedosi \u201cTorner\u00f2 presto per rinsaldare collaborazione\u201d - Live Magazine\" \/>\n<meta property=\"og:description\" content=\"ROMA (ITALPRESS) \u2013 A Bengasi \u00e8 avvenuto \u201cun corto circuito protocollare che riguardava la composizione delle delegazioni che dovevano incontrarsi. Ma non ha coinvolto l\u2019Italia\u201d, \u201cnessun respingimento ma pi\u00f9 concretamente un annullamento della riunione all\u2019ultimo momento\u201d. Cos\u00ec il ministro dell\u2019Interno Matteo Piantedosi, in un\u2019intervista al Corriere della Sera. Alla domanda se stia minimizzando quanto avvenuto [&hellip;]\" \/>\n<meta property=\"og:url\" content=\"https:\/\/www.livemag.it\/index.php\/2025\/07\/10\/libia-piantedosi-tornero-presto-per-rinsaldare-collaborazione\/\" \/>\n<meta property=\"og:site_name\" content=\"Live Magazine\" \/>\n<meta property=\"article:publisher\" content=\"https:\/\/www.facebook.com\/LiveMag\/\" \/>\n<meta property=\"article:published_time\" content=\"2025-07-10T10:02:48+00:00\" \/>\n<meta property=\"og:image\" content=\"https:\/\/www.livemag.it\/wp-content\/uploads\/2024\/02\/ograph.jpg\" \/>\n\t<meta property=\"og:image:width\" content=\"1200\" \/>\n\t<meta property=\"og:image:height\" content=\"675\" \/>\n\t<meta property=\"og:image:type\" content=\"image\/jpeg\" \/>\n<meta name=\"author\" content=\"italpress\" \/>\n<meta name=\"twitter:card\" content=\"summary_large_image\" \/>\n<meta name=\"twitter:creator\" content=\"@LiveNotizie\" \/>\n<meta name=\"twitter:site\" content=\"@LiveNotizie\" \/>\n<meta name=\"twitter:label1\" content=\"Scritto da\" \/>\n\t<meta name=\"twitter:data1\" content=\"italpress\" \/>\n\t<meta name=\"twitter:label2\" content=\"Tempo di lettura stimato\" \/>\n\t<meta name=\"twitter:data2\" content=\"2 minuti\" \/>\n<script type=\"application\/ld+json\" class=\"yoast-schema-graph\">{\"@context\":\"https:\\\/\\\/schema.org\",\"@graph\":[{\"@type\":\"Article\",\"@id\":\"https:\\\/\\\/www.livemag.it\\\/index.php\\\/2025\\\/07\\\/10\\\/libia-piantedosi-tornero-presto-per-rinsaldare-collaborazione\\\/#article\",\"isPartOf\":{\"@id\":\"https:\\\/\\\/www.livemag.it\\\/index.php\\\/2025\\\/07\\\/10\\\/libia-piantedosi-tornero-presto-per-rinsaldare-collaborazione\\\/\"},\"author\":{\"name\":\"italpress\",\"@id\":\"https:\\\/\\\/www.livemag.it\\\/#\\\/schema\\\/person\\\/b62c5f44451fdcdaeb0afe6c2424e73c\"},\"headline\":\"Libia, Piantedosi \u201cTorner\u00f2 presto per rinsaldare collaborazione\u201d\",\"datePublished\":\"2025-07-10T10:02:48+00:00\",\"mainEntityOfPage\":{\"@id\":\"https:\\\/\\\/www.livemag.it\\\/index.php\\\/2025\\\/07\\\/10\\\/libia-piantedosi-tornero-presto-per-rinsaldare-collaborazione\\\/\"},\"wordCount\":329,\"publisher\":{\"@id\":\"https:\\\/\\\/www.livemag.it\\\/#organization\"},\"image\":{\"@id\":\"https:\\\/\\\/www.livemag.it\\\/index.php\\\/2025\\\/07\\\/10\\\/libia-piantedosi-tornero-presto-per-rinsaldare-collaborazione\\\/#primaryimage\"},\"thumbnailUrl\":\"https:\\\/\\\/www.livemag.it\\\/wp-content\\\/uploads\\\/2025\\\/07\\\/20250710_0091.jpg\",\"articleSection\":[\"Mondo\"],\"inLanguage\":\"it-IT\"},{\"@type\":\"WebPage\",\"@id\":\"https:\\\/\\\/www.livemag.it\\\/index.php\\\/2025\\\/07\\\/10\\\/libia-piantedosi-tornero-presto-per-rinsaldare-collaborazione\\\/\",\"url\":\"https:\\\/\\\/www.livemag.it\\\/index.php\\\/2025\\\/07\\\/10\\\/libia-piantedosi-tornero-presto-per-rinsaldare-collaborazione\\\/\",\"name\":\"Libia, Piantedosi \u201cTorner\u00f2 presto per rinsaldare collaborazione\u201d - Live Magazine\",\"isPartOf\":{\"@id\":\"https:\\\/\\\/www.livemag.it\\\/#website\"},\"primaryImageOfPage\":{\"@id\":\"https:\\\/\\\/www.livemag.it\\\/index.php\\\/2025\\\/07\\\/10\\\/libia-piantedosi-tornero-presto-per-rinsaldare-collaborazione\\\/#primaryimage\"},\"image\":{\"@id\":\"https:\\\/\\\/www.livemag.it\\\/index.php\\\/2025\\\/07\\\/10\\\/libia-piantedosi-tornero-presto-per-rinsaldare-collaborazione\\\/#primaryimage\"},\"thumbnailUrl\":\"https:\\\/\\\/www.livemag.it\\\/wp-content\\\/uploads\\\/2025\\\/07\\\/20250710_0091.jpg\",\"datePublished\":\"2025-07-10T10:02:48+00:00\",\"breadcrumb\":{\"@id\":\"https:\\\/\\\/www.livemag.it\\\/index.php\\\/2025\\\/07\\\/10\\\/libia-piantedosi-tornero-presto-per-rinsaldare-collaborazione\\\/#breadcrumb\"},\"inLanguage\":\"it-IT\",\"potentialAction\":[{\"@type\":\"ReadAction\",\"target\":[\"https:\\\/\\\/www.livemag.it\\\/index.php\\\/2025\\\/07\\\/10\\\/libia-piantedosi-tornero-presto-per-rinsaldare-collaborazione\\\/\"]}]},{\"@type\":\"ImageObject\",\"inLanguage\":\"it-IT\",\"@id\":\"https:\\\/\\\/www.livemag.it\\\/index.php\\\/2025\\\/07\\\/10\\\/libia-piantedosi-tornero-presto-per-rinsaldare-collaborazione\\\/#primaryimage\",\"url\":\"https:\\\/\\\/www.livemag.it\\\/wp-content\\\/uploads\\\/2025\\\/07\\\/20250710_0091.jpg\",\"contentUrl\":\"https:\\\/\\\/www.livemag.it\\\/wp-content\\\/uploads\\\/2025\\\/07\\\/20250710_0091.jpg\",\"width\":1200,\"height\":799},{\"@type\":\"BreadcrumbList\",\"@id\":\"https:\\\/\\\/www.livemag.it\\\/index.php\\\/2025\\\/07\\\/10\\\/libia-piantedosi-tornero-presto-per-rinsaldare-collaborazione\\\/#breadcrumb\",\"itemListElement\":[{\"@type\":\"ListItem\",\"position\":1,\"name\":\"Home\",\"item\":\"https:\\\/\\\/www.livemag.it\\\/\"},{\"@type\":\"ListItem\",\"position\":2,\"name\":\"Libia, Piantedosi \u201cTorner\u00f2 presto per rinsaldare collaborazione\u201d\"}]},{\"@type\":\"WebSite\",\"@id\":\"https:\\\/\\\/www.livemag.it\\\/#website\",\"url\":\"https:\\\/\\\/www.livemag.it\\\/\",\"name\":\"Live Magazine\",\"description\":\"Varie ed eventi\",\"publisher\":{\"@id\":\"https:\\\/\\\/www.livemag.it\\\/#organization\"},\"potentialAction\":[{\"@type\":\"SearchAction\",\"target\":{\"@type\":\"EntryPoint\",\"urlTemplate\":\"https:\\\/\\\/www.livemag.it\\\/?s={search_term_string}\"},\"query-input\":{\"@type\":\"PropertyValueSpecification\",\"valueRequired\":true,\"valueName\":\"search_term_string\"}}],\"inLanguage\":\"it-IT\"},{\"@type\":\"Organization\",\"@id\":\"https:\\\/\\\/www.livemag.it\\\/#organization\",\"name\":\"LiveMag\",\"alternateName\":\"LiveMag News ed eventi\",\"url\":\"https:\\\/\\\/www.livemag.it\\\/\",\"logo\":{\"@type\":\"ImageObject\",\"inLanguage\":\"it-IT\",\"@id\":\"https:\\\/\\\/www.livemag.it\\\/#\\\/schema\\\/logo\\\/image\\\/\",\"url\":\"https:\\\/\\\/www.livemag.it\\\/wp-content\\\/uploads\\\/2024\\\/02\\\/immagine-sito.jpg\",\"contentUrl\":\"https:\\\/\\\/www.livemag.it\\\/wp-content\\\/uploads\\\/2024\\\/02\\\/immagine-sito.jpg\",\"width\":696,\"height\":696,\"caption\":\"LiveMag\"},\"image\":{\"@id\":\"https:\\\/\\\/www.livemag.it\\\/#\\\/schema\\\/logo\\\/image\\\/\"},\"sameAs\":[\"https:\\\/\\\/www.facebook.com\\\/LiveMag\\\/\",\"https:\\\/\\\/x.com\\\/LiveNotizie\",\"https:\\\/\\\/www.instagram.com\\\/livemag\\\/\"]},{\"@type\":\"Person\",\"@id\":\"https:\\\/\\\/www.livemag.it\\\/#\\\/schema\\\/person\\\/b62c5f44451fdcdaeb0afe6c2424e73c\",\"name\":\"italpress\",\"image\":{\"@type\":\"ImageObject\",\"inLanguage\":\"it-IT\",\"@id\":\"https:\\\/\\\/secure.gravatar.com\\\/avatar\\\/b6a21695fc713ce7ee312cf57c97e2e641feb365be72d8745574d3c3e2b59066?s=96&r=g\",\"url\":\"https:\\\/\\\/secure.gravatar.com\\\/avatar\\\/b6a21695fc713ce7ee312cf57c97e2e641feb365be72d8745574d3c3e2b59066?s=96&r=g\",\"contentUrl\":\"https:\\\/\\\/secure.gravatar.com\\\/avatar\\\/b6a21695fc713ce7ee312cf57c97e2e641feb365be72d8745574d3c3e2b59066?s=96&r=g\",\"caption\":\"italpress\"},\"description\":\"Italpress \u00e8 un'agenzia di stampa italiana a carattere nazionale.\",\"url\":\"https:\\\/\\\/www.livemag.it\\\/index.php\\\/author\\\/italpress\\\/\"}]}<\/script>\n<!-- \/ Yoast SEO plugin. -->","yoast_head_json":{"title":"Libia, Piantedosi \u201cTorner\u00f2 presto per rinsaldare collaborazione\u201d - Live Magazine","robots":{"index":"index","follow":"follow","max-snippet":"max-snippet:-1","max-image-preview":"max-image-preview:large","max-video-preview":"max-video-preview:-1"},"canonical":"https:\/\/www.livemag.it\/index.php\/2025\/07\/10\/libia-piantedosi-tornero-presto-per-rinsaldare-collaborazione\/","og_locale":"it_IT","og_type":"article","og_title":"Libia, Piantedosi \u201cTorner\u00f2 presto per rinsaldare collaborazione\u201d - Live Magazine","og_description":"ROMA (ITALPRESS) \u2013 A Bengasi \u00e8 avvenuto \u201cun corto circuito protocollare che riguardava la composizione delle delegazioni che dovevano incontrarsi. Ma non ha coinvolto l\u2019Italia\u201d, \u201cnessun respingimento ma pi\u00f9 concretamente un annullamento della riunione all\u2019ultimo momento\u201d. Cos\u00ec il ministro dell\u2019Interno Matteo Piantedosi, in un\u2019intervista al Corriere della Sera. Alla domanda se stia minimizzando quanto avvenuto [&hellip;]","og_url":"https:\/\/www.livemag.it\/index.php\/2025\/07\/10\/libia-piantedosi-tornero-presto-per-rinsaldare-collaborazione\/","og_site_name":"Live Magazine","article_publisher":"https:\/\/www.facebook.com\/LiveMag\/","article_published_time":"2025-07-10T10:02:48+00:00","og_image":[{"width":1200,"height":675,"url":"https:\/\/www.livemag.it\/wp-content\/uploads\/2024\/02\/ograph.jpg","type":"image\/jpeg"}],"author":"italpress","twitter_card":"summary_large_image","twitter_creator":"@LiveNotizie","twitter_site":"@LiveNotizie","twitter_misc":{"Scritto da":"italpress","Tempo di lettura stimato":"2 minuti"},"schema":{"@context":"https:\/\/schema.org","@graph":[{"@type":"Article","@id":"https:\/\/www.livemag.it\/index.php\/2025\/07\/10\/libia-piantedosi-tornero-presto-per-rinsaldare-collaborazione\/#article","isPartOf":{"@id":"https:\/\/www.livemag.it\/index.php\/2025\/07\/10\/libia-piantedosi-tornero-presto-per-rinsaldare-collaborazione\/"},"author":{"name":"italpress","@id":"https:\/\/www.livemag.it\/#\/schema\/person\/b62c5f44451fdcdaeb0afe6c2424e73c"},"headline":"Libia, Piantedosi \u201cTorner\u00f2 presto per rinsaldare collaborazione\u201d","datePublished":"2025-07-10T10:02:48+00:00","mainEntityOfPage":{"@id":"https:\/\/www.livemag.it\/index.php\/2025\/07\/10\/libia-piantedosi-tornero-presto-per-rinsaldare-collaborazione\/"},"wordCount":329,"publisher":{"@id":"https:\/\/www.livemag.it\/#organization"},"image":{"@id":"https:\/\/www.livemag.it\/index.php\/2025\/07\/10\/libia-piantedosi-tornero-presto-per-rinsaldare-collaborazione\/#primaryimage"},"thumbnailUrl":"https:\/\/www.livemag.it\/wp-content\/uploads\/2025\/07\/20250710_0091.jpg","articleSection":["Mondo"],"inLanguage":"it-IT"},{"@type":"WebPage","@id":"https:\/\/www.livemag.it\/index.php\/2025\/07\/10\/libia-piantedosi-tornero-presto-per-rinsaldare-collaborazione\/","url":"https:\/\/www.livemag.it\/index.php\/2025\/07\/10\/libia-piantedosi-tornero-presto-per-rinsaldare-collaborazione\/","name":"Libia, Piantedosi \u201cTorner\u00f2 presto per rinsaldare collaborazione\u201d - Live Magazine","isPartOf":{"@id":"https:\/\/www.livemag.it\/#website"},"primaryImageOfPage":{"@id":"https:\/\/www.livemag.it\/index.php\/2025\/07\/10\/libia-piantedosi-tornero-presto-per-rinsaldare-collaborazione\/#primaryimage"},"image":{"@id":"https:\/\/www.livemag.it\/index.php\/2025\/07\/10\/libia-piantedosi-tornero-presto-per-rinsaldare-collaborazione\/#primaryimage"},"thumbnailUrl":"https:\/\/www.livemag.it\/wp-content\/uploads\/2025\/07\/20250710_0091.jpg","datePublished":"2025-07-10T10:02:48+00:00","breadcrumb":{"@id":"https:\/\/www.livemag.it\/index.php\/2025\/07\/10\/libia-piantedosi-tornero-presto-per-rinsaldare-collaborazione\/#breadcrumb"},"inLanguage":"it-IT","potentialAction":[{"@type":"ReadAction","target":["https:\/\/www.livemag.it\/index.php\/2025\/07\/10\/libia-piantedosi-tornero-presto-per-rinsaldare-collaborazione\/"]}]},{"@type":"ImageObject","inLanguage":"it-IT","@id":"https:\/\/www.livemag.it\/index.php\/2025\/07\/10\/libia-piantedosi-tornero-presto-per-rinsaldare-collaborazione\/#primaryimage","url":"https:\/\/www.livemag.it\/wp-content\/uploads\/2025\/07\/20250710_0091.jpg","contentUrl":"https:\/\/www.livemag.it\/wp-content\/uploads\/2025\/07\/20250710_0091.jpg","width":1200,"height":799},{"@type":"BreadcrumbList","@id":"https:\/\/www.livemag.it\/index.php\/2025\/07\/10\/libia-piantedosi-tornero-presto-per-rinsaldare-collaborazione\/#breadcrumb","itemListElement":[{"@type":"ListItem","position":1,"name":"Home","item":"https:\/\/www.livemag.it\/"},{"@type":"ListItem","position":2,"name":"Libia, Piantedosi \u201cTorner\u00f2 presto per rinsaldare collaborazione\u201d"}]},{"@type":"WebSite","@id":"https:\/\/www.livemag.it\/#website","url":"https:\/\/www.livemag.it\/","name":"Live Magazine","description":"Varie ed eventi","publisher":{"@id":"https:\/\/www.livemag.it\/#organization"},"potentialAction":[{"@type":"SearchAction","target":{"@type":"EntryPoint","urlTemplate":"https:\/\/www.livemag.it\/?s={search_term_string}"},"query-input":{"@type":"PropertyValueSpecification","valueRequired":true,"valueName":"search_term_string"}}],"inLanguage":"it-IT"},{"@type":"Organization","@id":"https:\/\/www.livemag.it\/#organization","name":"LiveMag","alternateName":"LiveMag News ed eventi","url":"https:\/\/www.livemag.it\/","logo":{"@type":"ImageObject","inLanguage":"it-IT","@id":"https:\/\/www.livemag.it\/#\/schema\/logo\/image\/","url":"https:\/\/www.livemag.it\/wp-content\/uploads\/2024\/02\/immagine-sito.jpg","contentUrl":"https:\/\/www.livemag.it\/wp-content\/uploads\/2024\/02\/immagine-sito.jpg","width":696,"height":696,"caption":"LiveMag"},"image":{"@id":"https:\/\/www.livemag.it\/#\/schema\/logo\/image\/"},"sameAs":["https:\/\/www.facebook.com\/LiveMag\/","https:\/\/x.com\/LiveNotizie","https:\/\/www.instagram.com\/livemag\/"]},{"@type":"Person","@id":"https:\/\/www.livemag.it\/#\/schema\/person\/b62c5f44451fdcdaeb0afe6c2424e73c","name":"italpress","image":{"@type":"ImageObject","inLanguage":"it-IT","@id":"https:\/\/secure.gravatar.com\/avatar\/b6a21695fc713ce7ee312cf57c97e2e641feb365be72d8745574d3c3e2b59066?s=96&r=g","url":"https:\/\/secure.gravatar.com\/avatar\/b6a21695fc713ce7ee312cf57c97e2e641feb365be72d8745574d3c3e2b59066?s=96&r=g","contentUrl":"https:\/\/secure.gravatar.com\/avatar\/b6a21695fc713ce7ee312cf57c97e2e641feb365be72d8745574d3c3e2b59066?s=96&r=g","caption":"italpress"},"description":"Italpress \u00e8 un'agenzia di stampa italiana a carattere nazionale.","url":"https:\/\/www.livemag.it\/index.php\/author\/italpress\/"}]}},"jetpack_featured_media_url":"https:\/\/www.livemag.it\/wp-content\/uploads\/2025\/07\/20250710_0091.jpg","_links":{"self":[{"href":"https:\/\/www.livemag.it\/index.php\/wp-json\/wp\/v2\/posts\/54828","targetHints":{"allow":["GET"]}}],"collection":[{"href":"https:\/\/www.livemag.it\/index.php\/wp-json\/wp\/v2\/posts"}],"about":[{"href":"https:\/\/www.livemag.it\/index.php\/wp-json\/wp\/v2\/types\/post"}],"author":[{"embeddable":true,"href":"https:\/\/www.livemag.it\/index.php\/wp-json\/wp\/v2\/users\/16"}],"replies":[{"embeddable":true,"href":"https:\/\/www.livemag.it\/index.php\/wp-json\/wp\/v2\/comments?post=54828"}],"version-history":[{"count":0,"href":"https:\/\/www.livemag.it\/index.php\/wp-json\/wp\/v2\/posts\/54828\/revisions"}],"wp:featuredmedia":[{"embeddable":true,"href":"https:\/\/www.livemag.it\/index.php\/wp-json\/wp\/v2\/media\/54829"}],"wp:attachment":[{"href":"https:\/\/www.livemag.it\/index.php\/wp-json\/wp\/v2\/media?parent=54828"}],"wp:term":[{"taxonomy":"category","embeddable":true,"href":"https:\/\/www.livemag.it\/index.php\/wp-json\/wp\/v2\/categories?post=54828"},{"taxonomy":"post_tag","embeddable":true,"href":"https:\/\/www.livemag.it\/index.php\/wp-json\/wp\/v2\/tags?post=54828"}],"curies":[{"name":"wp","href":"https:\/\/api.w.org\/{rel}","templated":true}]}}