{"id":54806,"date":"2025-07-09T21:08:31","date_gmt":"2025-07-09T19:08:31","guid":{"rendered":"https:\/\/www.livemag.it\/?p=54806"},"modified":"2025-07-09T22:11:21","modified_gmt":"2025-07-09T20:11:21","slug":"anniversario-speciale-per-cecilia-rodriguez-e-ignazio-moser","status":"publish","type":"post","link":"https:\/\/www.livemag.it\/index.php\/2025\/07\/09\/anniversario-speciale-per-cecilia-rodriguez-e-ignazio-moser\/","title":{"rendered":"Anniversario speciale per Cecilia Rodriguez e Ignazio Moser"},"content":{"rendered":"\n<h2 class=\"wp-block-heading\">Amore e attesa tra le colline della Toscana<\/h2>\n\n\n\n<p><strong>Cecilia Rodriguez<\/strong> e <strong>Ignazio Moser<\/strong> sono tornati l\u00e0 dove tutto \u00e8 cominciato, tra le colline dorate della Toscana, per festeggiare un anniversario che ha il sapore pieno di una fiaba moderna. C&#8217;\u00e8 la luce di un tramonto che bacia le vigne della Tenuta di Artimino e c&#8217;\u00e8 lei, radiosa e in attesa, con la bellezza matura e fiera di chi sta per diventare madre. <strong>Non \u00e8 solo un ritorno al luogo delle nozze, un anno dopo quel fatidico 29 giugno, ma un passo ulteriore in un viaggio iniziato sette anni fa<\/strong>, quando i riflettori del Grande Fratello Vip li unirono sotto gli occhi curiosi dell\u2019Italia.<\/p>\n\n\n\n<p>Allora lui era lo sportivo dal cognome pesante, lei la sorella minore della pi\u00f9 famosa <strong>Belen<\/strong>, dal fascino argentino, sfuggente e dolcissimo. <em>Una scintilla scoccata tra pareti di vetro, che avrebbe potuto svanire con la stessa leggerezza di un gioco televisivo<\/em>, e che invece ha resistito alle intemperie della realt\u00e0. <strong>La convivenza, le sfide quotidiane, le pressioni mediatiche, la proposta di nozze nel 2022 e poi l\u2019attesa, lunghissima e intensa, di Clara Isabel, la bambina che Cecilia porta in grembo<\/strong>. I loro cani, Aspirina e Nino, come fedeli custodi del loro tempo intimo, sono ancora l\u00ec, parte silenziosa ma centrale del loro racconto domestico.<\/p>\n\n\n\n<h3 class=\"wp-block-heading\">Un equilibrio tra amore e famiglia<\/h3>\n\n\n\n<p>Eppure, nulla \u00e8 mai stato davvero semplice. <strong>Il legame con la sorella maggiore Belen, di recente incrinato da incomprensioni mai completamente chiarite, sembra ora sul filo di una tregua fragile ma desiderata<\/strong>. <strong>Cecilia<\/strong> ha scelto per la cena dell\u2019anniversario un abito firmato Mar De Margaritas, il brand della sorella, come un piccolo gesto disteso in direzione della riconciliazione. Il vestito, floreale e aderente, accarezza la sua pancia con grazia, raccontando la dolcezza dell\u2019attesa senza bisogno di parole.<\/p>\n\n\n\n<h3 class=\"wp-block-heading\">La storia oltre i riflettori<\/h3>\n\n\n\n<p>In sottofondo, le parole di <strong>Ignazio<\/strong> affidate ai social suonano sincere: il suo desiderio, dice, \u00e8 che il sorriso di <strong>Cecilia<\/strong> continui ad essere la sua forza. <em>Una dichiarazione semplice ma estremamente d\u2019effetto<\/em>. <strong>La loro storia, osservata per anni con un misto di scetticismo e tenerezza, ha dimostrato che si pu\u00f2 nascere sotto i riflettori e poi scegliere di costruire al riparo, nel silenzio delle cose vere<\/strong>. <strong>Non si sono mai venduti al gossip pi\u00f9 becero, anche quando le voci, a cadenza mensile, li volevano in crisi, distanti o perfino separati<\/strong>.<\/p>\n\n\n\n<p><strong>Hanno tenuto il timone dritto, fino a questo anniversario celebrato con grazia e misura, senza clamori, con l\u2019eleganza di chi ha capito che la vera intimit\u00e0 non ha bisogno di rumore<\/strong>. E mentre le luci della sera calano sulla loro Toscana del cuore, <strong>c\u2019\u00e8 qualcosa nell\u2019aria che somiglia alla quiete dopo il trambusto, alla complicit\u00e0 di due anime che hanno imparato a scegliersi ogni giorno, fuori dalla favola, dentro la realt\u00e0<\/strong>.<\/p>\n\n\n\n<p><a href=\"https:\/\/www.instagram.com\/katyamalagnini_ladyshamiira\/\">A cura di Katya Malagnini<\/a><br><a href=\"https:\/\/www.bollicinevip.com\/il-vino-sfida-i-confini-linnovazione-tra-ia-blockchain-e-spazio\/\">Leggi anche: Il vino sfida i confini, l&#8217;innovazione tra I.A. blockchain\u00a0e\u00a0spazio<\/a><\/p>\n","protected":false},"excerpt":{"rendered":"<p>Amore e attesa tra le colline della Toscana Cecilia Rodriguez e Ignazio Moser sono tornati l\u00e0 dove tutto \u00e8 cominciato, tra le colline dorate della Toscana, per festeggiare un anniversario che ha il sapore pieno di una fiaba moderna. C&#8217;\u00e8 la luce di un tramonto che bacia le vigne della Tenuta di Artimino e c&#8217;\u00e8 [&hellip;]<\/p>\n","protected":false},"author":20,"featured_media":54807,"comment_status":"open","ping_status":"open","sticky":false,"template":"","format":"standard","meta":{"jnews-multi-image_gallery":[],"jnews_single_post":{"format":"standard"},"jnews_primary_category":[],"jnews_social_meta":[],"jnews_override_counter":[],"jnews_post_split":[],"footnotes":""},"categories":[2,83],"tags":[4319,7318,7317,7320,7319,1202,7323,1913,2535,7326,3464,163,7324,7321,7322,221,2520,2539,7325,742],"class_list":["post-54806","post","type-post","status-publish","format-standard","has-post-thumbnail","hentry","category-livepeople","category-livevip","tag-anniversario","tag-aspirina","tag-belen","tag-cecilia-rodriguez","tag-clara-isabel","tag-eleganza","tag-forza","tag-gossip","tag-grande-fratello-vip","tag-ignazio-moser","tag-intimita","tag-italia","tag-mar-de-margaritas","tag-nino","tag-realta","tag-social","tag-sorriso","tag-storia","tag-tenuta-di-artimino","tag-toscana"],"yoast_head":"<!-- This site is optimized with the Yoast SEO plugin v27.5 - https:\/\/yoast.com\/product\/yoast-seo-wordpress\/ -->\n<title>Anniversario speciale per Cecilia Rodriguez e Ignazio Moser<\/title>\n<meta name=\"description\" content=\"Cecilia Rodriguez e Ignazio Moser sono tornati l\u00e0 dove tutto \u00e8 cominciato, tra le colline dorate della Toscana, per festeggiare un\" \/>\n<meta name=\"robots\" content=\"index, follow, max-snippet:-1, max-image-preview:large, max-video-preview:-1\" \/>\n<link rel=\"canonical\" href=\"https:\/\/www.livemag.it\/index.php\/2025\/07\/09\/anniversario-speciale-per-cecilia-rodriguez-e-ignazio-moser\/\" \/>\n<meta property=\"og:locale\" content=\"it_IT\" \/>\n<meta property=\"og:type\" content=\"article\" \/>\n<meta property=\"og:title\" content=\"Anniversario speciale per Cecilia Rodriguez e Ignazio Moser\" \/>\n<meta property=\"og:description\" content=\"Cecilia Rodriguez e Ignazio Moser sono tornati l\u00e0 dove tutto \u00e8 cominciato, tra le colline dorate della Toscana, per festeggiare un\" \/>\n<meta property=\"og:url\" content=\"https:\/\/www.livemag.it\/index.php\/2025\/07\/09\/anniversario-speciale-per-cecilia-rodriguez-e-ignazio-moser\/\" \/>\n<meta property=\"og:site_name\" content=\"Live Magazine\" \/>\n<meta property=\"article:publisher\" content=\"https:\/\/www.facebook.com\/LiveMag\/\" \/>\n<meta property=\"article:published_time\" content=\"2025-07-09T19:08:31+00:00\" \/>\n<meta property=\"article:modified_time\" content=\"2025-07-09T20:11:21+00:00\" \/>\n<meta property=\"og:image\" content=\"https:\/\/www.livemag.it\/wp-content\/uploads\/2025\/07\/Cecilia-Rodriguez-e-Ignazio-Moser.jpg\" \/>\n\t<meta property=\"og:image:width\" content=\"660\" \/>\n\t<meta property=\"og:image:height\" content=\"400\" \/>\n\t<meta property=\"og:image:type\" content=\"image\/jpeg\" \/>\n<meta name=\"author\" content=\"Mario Altomura\" \/>\n<meta name=\"twitter:card\" content=\"summary_large_image\" \/>\n<meta name=\"twitter:creator\" content=\"@LiveNotizie\" \/>\n<meta name=\"twitter:site\" content=\"@LiveNotizie\" \/>\n<meta name=\"twitter:label1\" content=\"Scritto da\" \/>\n\t<meta name=\"twitter:data1\" content=\"Mario Altomura\" \/>\n\t<meta name=\"twitter:label2\" content=\"Tempo di lettura stimato\" \/>\n\t<meta name=\"twitter:data2\" content=\"3 minuti\" \/>\n<script type=\"application\/ld+json\" class=\"yoast-schema-graph\">{\"@context\":\"https:\\\/\\\/schema.org\",\"@graph\":[{\"@type\":\"Article\",\"@id\":\"https:\\\/\\\/www.livemag.it\\\/index.php\\\/2025\\\/07\\\/09\\\/anniversario-speciale-per-cecilia-rodriguez-e-ignazio-moser\\\/#article\",\"isPartOf\":{\"@id\":\"https:\\\/\\\/www.livemag.it\\\/index.php\\\/2025\\\/07\\\/09\\\/anniversario-speciale-per-cecilia-rodriguez-e-ignazio-moser\\\/\"},\"author\":{\"name\":\"Mario Altomura\",\"@id\":\"https:\\\/\\\/www.livemag.it\\\/#\\\/schema\\\/person\\\/cc097583ef7f4da9e9fe62e8b552ab72\"},\"headline\":\"Anniversario speciale per Cecilia Rodriguez e Ignazio Moser\",\"datePublished\":\"2025-07-09T19:08:31+00:00\",\"dateModified\":\"2025-07-09T20:11:21+00:00\",\"mainEntityOfPage\":{\"@id\":\"https:\\\/\\\/www.livemag.it\\\/index.php\\\/2025\\\/07\\\/09\\\/anniversario-speciale-per-cecilia-rodriguez-e-ignazio-moser\\\/\"},\"wordCount\":496,\"commentCount\":0,\"publisher\":{\"@id\":\"https:\\\/\\\/www.livemag.it\\\/#organization\"},\"image\":{\"@id\":\"https:\\\/\\\/www.livemag.it\\\/index.php\\\/2025\\\/07\\\/09\\\/anniversario-speciale-per-cecilia-rodriguez-e-ignazio-moser\\\/#primaryimage\"},\"thumbnailUrl\":\"https:\\\/\\\/www.livemag.it\\\/wp-content\\\/uploads\\\/2025\\\/07\\\/Cecilia-Rodriguez-e-Ignazio-Moser.jpg\",\"keywords\":[\"anniversario\",\"Aspirina\",\"Belen\",\"Cecilia Rodriguez\",\"Clara Isabel\",\"eleganza\",\"forza\",\"gossip\",\"Grande Fratello VIP\",\"Ignazio Moser\",\"intimit\u00e0\",\"italia\",\"Mar de margaritas\",\"Nino\",\"realt\u00e0\",\"social\",\"sorriso\",\"storia\",\"Tenuta di Artimino\",\"toscana\"],\"articleSection\":[\"LivePeople\",\"LiveVIP\"],\"inLanguage\":\"it-IT\",\"potentialAction\":[{\"@type\":\"CommentAction\",\"name\":\"Comment\",\"target\":[\"https:\\\/\\\/www.livemag.it\\\/index.php\\\/2025\\\/07\\\/09\\\/anniversario-speciale-per-cecilia-rodriguez-e-ignazio-moser\\\/#respond\"]}]},{\"@type\":\"WebPage\",\"@id\":\"https:\\\/\\\/www.livemag.it\\\/index.php\\\/2025\\\/07\\\/09\\\/anniversario-speciale-per-cecilia-rodriguez-e-ignazio-moser\\\/\",\"url\":\"https:\\\/\\\/www.livemag.it\\\/index.php\\\/2025\\\/07\\\/09\\\/anniversario-speciale-per-cecilia-rodriguez-e-ignazio-moser\\\/\",\"name\":\"Anniversario speciale per Cecilia Rodriguez e Ignazio Moser\",\"isPartOf\":{\"@id\":\"https:\\\/\\\/www.livemag.it\\\/#website\"},\"primaryImageOfPage\":{\"@id\":\"https:\\\/\\\/www.livemag.it\\\/index.php\\\/2025\\\/07\\\/09\\\/anniversario-speciale-per-cecilia-rodriguez-e-ignazio-moser\\\/#primaryimage\"},\"image\":{\"@id\":\"https:\\\/\\\/www.livemag.it\\\/index.php\\\/2025\\\/07\\\/09\\\/anniversario-speciale-per-cecilia-rodriguez-e-ignazio-moser\\\/#primaryimage\"},\"thumbnailUrl\":\"https:\\\/\\\/www.livemag.it\\\/wp-content\\\/uploads\\\/2025\\\/07\\\/Cecilia-Rodriguez-e-Ignazio-Moser.jpg\",\"datePublished\":\"2025-07-09T19:08:31+00:00\",\"dateModified\":\"2025-07-09T20:11:21+00:00\",\"description\":\"Cecilia Rodriguez e Ignazio Moser sono tornati l\u00e0 dove tutto \u00e8 cominciato, tra le colline dorate della Toscana, per festeggiare un\",\"breadcrumb\":{\"@id\":\"https:\\\/\\\/www.livemag.it\\\/index.php\\\/2025\\\/07\\\/09\\\/anniversario-speciale-per-cecilia-rodriguez-e-ignazio-moser\\\/#breadcrumb\"},\"inLanguage\":\"it-IT\",\"potentialAction\":[{\"@type\":\"ReadAction\",\"target\":[\"https:\\\/\\\/www.livemag.it\\\/index.php\\\/2025\\\/07\\\/09\\\/anniversario-speciale-per-cecilia-rodriguez-e-ignazio-moser\\\/\"]}]},{\"@type\":\"ImageObject\",\"inLanguage\":\"it-IT\",\"@id\":\"https:\\\/\\\/www.livemag.it\\\/index.php\\\/2025\\\/07\\\/09\\\/anniversario-speciale-per-cecilia-rodriguez-e-ignazio-moser\\\/#primaryimage\",\"url\":\"https:\\\/\\\/www.livemag.it\\\/wp-content\\\/uploads\\\/2025\\\/07\\\/Cecilia-Rodriguez-e-Ignazio-Moser.jpg\",\"contentUrl\":\"https:\\\/\\\/www.livemag.it\\\/wp-content\\\/uploads\\\/2025\\\/07\\\/Cecilia-Rodriguez-e-Ignazio-Moser.jpg\",\"width\":660,\"height\":400,\"caption\":\"Cecilia Rodriguez e Ignazio Moser\"},{\"@type\":\"BreadcrumbList\",\"@id\":\"https:\\\/\\\/www.livemag.it\\\/index.php\\\/2025\\\/07\\\/09\\\/anniversario-speciale-per-cecilia-rodriguez-e-ignazio-moser\\\/#breadcrumb\",\"itemListElement\":[{\"@type\":\"ListItem\",\"position\":1,\"name\":\"Home\",\"item\":\"https:\\\/\\\/www.livemag.it\\\/\"},{\"@type\":\"ListItem\",\"position\":2,\"name\":\"Anniversario speciale per Cecilia Rodriguez e Ignazio Moser\"}]},{\"@type\":\"WebSite\",\"@id\":\"https:\\\/\\\/www.livemag.it\\\/#website\",\"url\":\"https:\\\/\\\/www.livemag.it\\\/\",\"name\":\"Live Magazine\",\"description\":\"Varie ed eventi\",\"publisher\":{\"@id\":\"https:\\\/\\\/www.livemag.it\\\/#organization\"},\"potentialAction\":[{\"@type\":\"SearchAction\",\"target\":{\"@type\":\"EntryPoint\",\"urlTemplate\":\"https:\\\/\\\/www.livemag.it\\\/?s={search_term_string}\"},\"query-input\":{\"@type\":\"PropertyValueSpecification\",\"valueRequired\":true,\"valueName\":\"search_term_string\"}}],\"inLanguage\":\"it-IT\"},{\"@type\":\"Organization\",\"@id\":\"https:\\\/\\\/www.livemag.it\\\/#organization\",\"name\":\"LiveMag\",\"alternateName\":\"LiveMag News ed eventi\",\"url\":\"https:\\\/\\\/www.livemag.it\\\/\",\"logo\":{\"@type\":\"ImageObject\",\"inLanguage\":\"it-IT\",\"@id\":\"https:\\\/\\\/www.livemag.it\\\/#\\\/schema\\\/logo\\\/image\\\/\",\"url\":\"https:\\\/\\\/www.livemag.it\\\/wp-content\\\/uploads\\\/2024\\\/02\\\/immagine-sito.jpg\",\"contentUrl\":\"https:\\\/\\\/www.livemag.it\\\/wp-content\\\/uploads\\\/2024\\\/02\\\/immagine-sito.jpg\",\"width\":696,\"height\":696,\"caption\":\"LiveMag\"},\"image\":{\"@id\":\"https:\\\/\\\/www.livemag.it\\\/#\\\/schema\\\/logo\\\/image\\\/\"},\"sameAs\":[\"https:\\\/\\\/www.facebook.com\\\/LiveMag\\\/\",\"https:\\\/\\\/x.com\\\/LiveNotizie\",\"https:\\\/\\\/www.instagram.com\\\/livemag\\\/\"]},{\"@type\":\"Person\",\"@id\":\"https:\\\/\\\/www.livemag.it\\\/#\\\/schema\\\/person\\\/cc097583ef7f4da9e9fe62e8b552ab72\",\"name\":\"Mario Altomura\",\"image\":{\"@type\":\"ImageObject\",\"inLanguage\":\"it-IT\",\"@id\":\"https:\\\/\\\/secure.gravatar.com\\\/avatar\\\/3c7d3ce72a2bed6bab5e3681d59712a49247bdd227b4ef67de56814084f945dd?s=96&r=g\",\"url\":\"https:\\\/\\\/secure.gravatar.com\\\/avatar\\\/3c7d3ce72a2bed6bab5e3681d59712a49247bdd227b4ef67de56814084f945dd?s=96&r=g\",\"contentUrl\":\"https:\\\/\\\/secure.gravatar.com\\\/avatar\\\/3c7d3ce72a2bed6bab5e3681d59712a49247bdd227b4ef67de56814084f945dd?s=96&r=g\",\"caption\":\"Mario Altomura\"},\"description\":\"fotografo celebrity\",\"url\":\"https:\\\/\\\/www.livemag.it\\\/index.php\\\/author\\\/fabio-scarpati\\\/\"}]}<\/script>\n<!-- \/ Yoast SEO plugin. -->","yoast_head_json":{"title":"Anniversario speciale per Cecilia Rodriguez e Ignazio Moser","description":"Cecilia Rodriguez e Ignazio Moser sono tornati l\u00e0 dove tutto \u00e8 cominciato, tra le colline dorate della Toscana, per festeggiare un","robots":{"index":"index","follow":"follow","max-snippet":"max-snippet:-1","max-image-preview":"max-image-preview:large","max-video-preview":"max-video-preview:-1"},"canonical":"https:\/\/www.livemag.it\/index.php\/2025\/07\/09\/anniversario-speciale-per-cecilia-rodriguez-e-ignazio-moser\/","og_locale":"it_IT","og_type":"article","og_title":"Anniversario speciale per Cecilia Rodriguez e Ignazio Moser","og_description":"Cecilia Rodriguez e Ignazio Moser sono tornati l\u00e0 dove tutto \u00e8 cominciato, tra le colline dorate della Toscana, per festeggiare un","og_url":"https:\/\/www.livemag.it\/index.php\/2025\/07\/09\/anniversario-speciale-per-cecilia-rodriguez-e-ignazio-moser\/","og_site_name":"Live Magazine","article_publisher":"https:\/\/www.facebook.com\/LiveMag\/","article_published_time":"2025-07-09T19:08:31+00:00","article_modified_time":"2025-07-09T20:11:21+00:00","og_image":[{"width":660,"height":400,"url":"https:\/\/www.livemag.it\/wp-content\/uploads\/2025\/07\/Cecilia-Rodriguez-e-Ignazio-Moser.jpg","type":"image\/jpeg"}],"author":"Mario Altomura","twitter_card":"summary_large_image","twitter_creator":"@LiveNotizie","twitter_site":"@LiveNotizie","twitter_misc":{"Scritto da":"Mario Altomura","Tempo di lettura stimato":"3 minuti"},"schema":{"@context":"https:\/\/schema.org","@graph":[{"@type":"Article","@id":"https:\/\/www.livemag.it\/index.php\/2025\/07\/09\/anniversario-speciale-per-cecilia-rodriguez-e-ignazio-moser\/#article","isPartOf":{"@id":"https:\/\/www.livemag.it\/index.php\/2025\/07\/09\/anniversario-speciale-per-cecilia-rodriguez-e-ignazio-moser\/"},"author":{"name":"Mario Altomura","@id":"https:\/\/www.livemag.it\/#\/schema\/person\/cc097583ef7f4da9e9fe62e8b552ab72"},"headline":"Anniversario speciale per Cecilia Rodriguez e Ignazio Moser","datePublished":"2025-07-09T19:08:31+00:00","dateModified":"2025-07-09T20:11:21+00:00","mainEntityOfPage":{"@id":"https:\/\/www.livemag.it\/index.php\/2025\/07\/09\/anniversario-speciale-per-cecilia-rodriguez-e-ignazio-moser\/"},"wordCount":496,"commentCount":0,"publisher":{"@id":"https:\/\/www.livemag.it\/#organization"},"image":{"@id":"https:\/\/www.livemag.it\/index.php\/2025\/07\/09\/anniversario-speciale-per-cecilia-rodriguez-e-ignazio-moser\/#primaryimage"},"thumbnailUrl":"https:\/\/www.livemag.it\/wp-content\/uploads\/2025\/07\/Cecilia-Rodriguez-e-Ignazio-Moser.jpg","keywords":["anniversario","Aspirina","Belen","Cecilia Rodriguez","Clara Isabel","eleganza","forza","gossip","Grande Fratello VIP","Ignazio Moser","intimit\u00e0","italia","Mar de margaritas","Nino","realt\u00e0","social","sorriso","storia","Tenuta di Artimino","toscana"],"articleSection":["LivePeople","LiveVIP"],"inLanguage":"it-IT","potentialAction":[{"@type":"CommentAction","name":"Comment","target":["https:\/\/www.livemag.it\/index.php\/2025\/07\/09\/anniversario-speciale-per-cecilia-rodriguez-e-ignazio-moser\/#respond"]}]},{"@type":"WebPage","@id":"https:\/\/www.livemag.it\/index.php\/2025\/07\/09\/anniversario-speciale-per-cecilia-rodriguez-e-ignazio-moser\/","url":"https:\/\/www.livemag.it\/index.php\/2025\/07\/09\/anniversario-speciale-per-cecilia-rodriguez-e-ignazio-moser\/","name":"Anniversario speciale per Cecilia Rodriguez e Ignazio Moser","isPartOf":{"@id":"https:\/\/www.livemag.it\/#website"},"primaryImageOfPage":{"@id":"https:\/\/www.livemag.it\/index.php\/2025\/07\/09\/anniversario-speciale-per-cecilia-rodriguez-e-ignazio-moser\/#primaryimage"},"image":{"@id":"https:\/\/www.livemag.it\/index.php\/2025\/07\/09\/anniversario-speciale-per-cecilia-rodriguez-e-ignazio-moser\/#primaryimage"},"thumbnailUrl":"https:\/\/www.livemag.it\/wp-content\/uploads\/2025\/07\/Cecilia-Rodriguez-e-Ignazio-Moser.jpg","datePublished":"2025-07-09T19:08:31+00:00","dateModified":"2025-07-09T20:11:21+00:00","description":"Cecilia Rodriguez e Ignazio Moser sono tornati l\u00e0 dove tutto \u00e8 cominciato, tra le colline dorate della Toscana, per festeggiare un","breadcrumb":{"@id":"https:\/\/www.livemag.it\/index.php\/2025\/07\/09\/anniversario-speciale-per-cecilia-rodriguez-e-ignazio-moser\/#breadcrumb"},"inLanguage":"it-IT","potentialAction":[{"@type":"ReadAction","target":["https:\/\/www.livemag.it\/index.php\/2025\/07\/09\/anniversario-speciale-per-cecilia-rodriguez-e-ignazio-moser\/"]}]},{"@type":"ImageObject","inLanguage":"it-IT","@id":"https:\/\/www.livemag.it\/index.php\/2025\/07\/09\/anniversario-speciale-per-cecilia-rodriguez-e-ignazio-moser\/#primaryimage","url":"https:\/\/www.livemag.it\/wp-content\/uploads\/2025\/07\/Cecilia-Rodriguez-e-Ignazio-Moser.jpg","contentUrl":"https:\/\/www.livemag.it\/wp-content\/uploads\/2025\/07\/Cecilia-Rodriguez-e-Ignazio-Moser.jpg","width":660,"height":400,"caption":"Cecilia Rodriguez e Ignazio Moser"},{"@type":"BreadcrumbList","@id":"https:\/\/www.livemag.it\/index.php\/2025\/07\/09\/anniversario-speciale-per-cecilia-rodriguez-e-ignazio-moser\/#breadcrumb","itemListElement":[{"@type":"ListItem","position":1,"name":"Home","item":"https:\/\/www.livemag.it\/"},{"@type":"ListItem","position":2,"name":"Anniversario speciale per Cecilia Rodriguez e Ignazio Moser"}]},{"@type":"WebSite","@id":"https:\/\/www.livemag.it\/#website","url":"https:\/\/www.livemag.it\/","name":"Live Magazine","description":"Varie ed eventi","publisher":{"@id":"https:\/\/www.livemag.it\/#organization"},"potentialAction":[{"@type":"SearchAction","target":{"@type":"EntryPoint","urlTemplate":"https:\/\/www.livemag.it\/?s={search_term_string}"},"query-input":{"@type":"PropertyValueSpecification","valueRequired":true,"valueName":"search_term_string"}}],"inLanguage":"it-IT"},{"@type":"Organization","@id":"https:\/\/www.livemag.it\/#organization","name":"LiveMag","alternateName":"LiveMag News ed eventi","url":"https:\/\/www.livemag.it\/","logo":{"@type":"ImageObject","inLanguage":"it-IT","@id":"https:\/\/www.livemag.it\/#\/schema\/logo\/image\/","url":"https:\/\/www.livemag.it\/wp-content\/uploads\/2024\/02\/immagine-sito.jpg","contentUrl":"https:\/\/www.livemag.it\/wp-content\/uploads\/2024\/02\/immagine-sito.jpg","width":696,"height":696,"caption":"LiveMag"},"image":{"@id":"https:\/\/www.livemag.it\/#\/schema\/logo\/image\/"},"sameAs":["https:\/\/www.facebook.com\/LiveMag\/","https:\/\/x.com\/LiveNotizie","https:\/\/www.instagram.com\/livemag\/"]},{"@type":"Person","@id":"https:\/\/www.livemag.it\/#\/schema\/person\/cc097583ef7f4da9e9fe62e8b552ab72","name":"Mario Altomura","image":{"@type":"ImageObject","inLanguage":"it-IT","@id":"https:\/\/secure.gravatar.com\/avatar\/3c7d3ce72a2bed6bab5e3681d59712a49247bdd227b4ef67de56814084f945dd?s=96&r=g","url":"https:\/\/secure.gravatar.com\/avatar\/3c7d3ce72a2bed6bab5e3681d59712a49247bdd227b4ef67de56814084f945dd?s=96&r=g","contentUrl":"https:\/\/secure.gravatar.com\/avatar\/3c7d3ce72a2bed6bab5e3681d59712a49247bdd227b4ef67de56814084f945dd?s=96&r=g","caption":"Mario Altomura"},"description":"fotografo celebrity","url":"https:\/\/www.livemag.it\/index.php\/author\/fabio-scarpati\/"}]}},"jetpack_featured_media_url":"https:\/\/www.livemag.it\/wp-content\/uploads\/2025\/07\/Cecilia-Rodriguez-e-Ignazio-Moser.jpg","_links":{"self":[{"href":"https:\/\/www.livemag.it\/index.php\/wp-json\/wp\/v2\/posts\/54806","targetHints":{"allow":["GET"]}}],"collection":[{"href":"https:\/\/www.livemag.it\/index.php\/wp-json\/wp\/v2\/posts"}],"about":[{"href":"https:\/\/www.livemag.it\/index.php\/wp-json\/wp\/v2\/types\/post"}],"author":[{"embeddable":true,"href":"https:\/\/www.livemag.it\/index.php\/wp-json\/wp\/v2\/users\/20"}],"replies":[{"embeddable":true,"href":"https:\/\/www.livemag.it\/index.php\/wp-json\/wp\/v2\/comments?post=54806"}],"version-history":[{"count":2,"href":"https:\/\/www.livemag.it\/index.php\/wp-json\/wp\/v2\/posts\/54806\/revisions"}],"predecessor-version":[{"id":54809,"href":"https:\/\/www.livemag.it\/index.php\/wp-json\/wp\/v2\/posts\/54806\/revisions\/54809"}],"wp:featuredmedia":[{"embeddable":true,"href":"https:\/\/www.livemag.it\/index.php\/wp-json\/wp\/v2\/media\/54807"}],"wp:attachment":[{"href":"https:\/\/www.livemag.it\/index.php\/wp-json\/wp\/v2\/media?parent=54806"}],"wp:term":[{"taxonomy":"category","embeddable":true,"href":"https:\/\/www.livemag.it\/index.php\/wp-json\/wp\/v2\/categories?post=54806"},{"taxonomy":"post_tag","embeddable":true,"href":"https:\/\/www.livemag.it\/index.php\/wp-json\/wp\/v2\/tags?post=54806"}],"curies":[{"name":"wp","href":"https:\/\/api.w.org\/{rel}","templated":true}]}}