{"id":54528,"date":"2025-07-05T15:02:37","date_gmt":"2025-07-05T13:02:37","guid":{"rendered":"https:\/\/www.livemag.it\/index.php\/2025\/07\/05\/bonelli-necessaria-alternativa-al-governo-lo-chiedono-gli-italiani\/"},"modified":"2025-07-05T15:02:37","modified_gmt":"2025-07-05T13:02:37","slug":"bonelli-necessaria-alternativa-al-governo-lo-chiedono-gli-italiani","status":"publish","type":"post","link":"https:\/\/www.livemag.it\/index.php\/2025\/07\/05\/bonelli-necessaria-alternativa-al-governo-lo-chiedono-gli-italiani\/","title":{"rendered":"<div>Bonelli &#8220;Necessaria alternativa al Governo, lo chiedono gli italiani&#8221;<\/div>"},"content":{"rendered":"<p>    <video-js id=\"videojs69f300c00f204\" class=\"vjs-big-play-centered\" controls preload=\"auto\" playsinline data-setup='{\"fluid\": true}'>\r\n        <source src=\"https:\/\/video.italpress.com\/play\/mp4\/video\/xNZr\" type=\"video\/mp4\" \/>\r\n    <\/video-js>\r\n           <br \/>\n<\/p>\n<div> PALERMO (ITALPRESS) &#8211; &#8220;L&#8217;alternativa \u00e8 necessaria, \u00e8 una necessit\u00e0 che ci chiedono anche gli italiani perch\u00e9 il punto non \u00e8 solo contrapporsi alla destra, il punto \u00e8 che questa destra sta facendo delle politiche che stanno impoverendo gli italiani. E&#8217; aumentata la pressione fiscale, \u00e8 aumentata la disoccupazione giovanile, \u00e8 aumentata la povert\u00e0 sociale tra gli italiani come indica l&#8217;Istat. Il caro bollette ha messo in ginocchio tante famiglie. Addirittura questo governo, che continua a pensare che le famiglie sono un bancomat, durante le vacanze ha fatto un regalo, cio\u00e8 di aumentare i pedaggi autostradali, dopodich\u00e9 hanno cambiato idea, Salvini ha cambiato idea, dimenticando che \u00e8 lui che ha scritto quell&#8217;emendamento. Quindi c&#8217;\u00e8 un&#8217;urgenza di costruire un&#8217;alternativa perch\u00e9 non possiamo permetterci queste politiche che stanno mettendo in discussione i diritti civili, sociali e ambientali&#8221;. Cos\u00ec Angelo Bonelli, deputato e co-portavoce nazionale di Europa Verde, a margine dell&#8217;Assemblea regionale di Europa verde Sicilia a Palermo. Presenti, tra gli altri, l&#8217;europarlamentare Leoluca Orlando e il consigliere comunale Fabio Giambrone. <\/p>\n<p>vbo\/mca1<\/p><\/div>\n","protected":false},"excerpt":{"rendered":"<p>PALERMO (ITALPRESS) &#8211; &#8220;L&#8217;alternativa \u00e8 necessaria, \u00e8 una necessit\u00e0 che ci chiedono anche gli italiani perch\u00e9 il punto non \u00e8 solo contrapporsi alla destra, il punto \u00e8 che questa destra sta facendo delle politiche che stanno impoverendo gli italiani. E&#8217; aumentata la pressione fiscale, \u00e8 aumentata la disoccupazione giovanile, \u00e8 aumentata la povert\u00e0 sociale tra [&hellip;]<\/p>\n","protected":false},"author":16,"featured_media":54529,"comment_status":"closed","ping_status":"closed","sticky":false,"template":"","format":"video","meta":{"jnews-multi-image_gallery":[],"jnews_single_post":[],"jnews_primary_category":[],"jnews_social_meta":[],"jnews_override_counter":[],"jnews_post_split":[],"footnotes":""},"categories":[1171],"tags":[],"class_list":["post-54528","post","type-post","status-publish","format-video","has-post-thumbnail","hentry","category-video","post_format-post-format-video"],"yoast_head":"<!-- This site is optimized with the Yoast SEO plugin v27.5 - https:\/\/yoast.com\/product\/yoast-seo-wordpress\/ -->\n<title>Bonelli &quot;Necessaria alternativa al Governo, lo chiedono gli italiani&quot; - Live Magazine<\/title>\n<meta name=\"robots\" content=\"index, follow, max-snippet:-1, max-image-preview:large, max-video-preview:-1\" \/>\n<link rel=\"canonical\" href=\"https:\/\/www.livemag.it\/index.php\/2025\/07\/05\/bonelli-necessaria-alternativa-al-governo-lo-chiedono-gli-italiani\/\" \/>\n<meta property=\"og:locale\" content=\"it_IT\" \/>\n<meta property=\"og:type\" content=\"article\" \/>\n<meta property=\"og:title\" content=\"Bonelli &quot;Necessaria alternativa al Governo, lo chiedono gli italiani&quot; - Live Magazine\" \/>\n<meta property=\"og:description\" content=\"PALERMO (ITALPRESS) &#8211; &#8220;L&#8217;alternativa \u00e8 necessaria, \u00e8 una necessit\u00e0 che ci chiedono anche gli italiani perch\u00e9 il punto non \u00e8 solo contrapporsi alla destra, il punto \u00e8 che questa destra sta facendo delle politiche che stanno impoverendo gli italiani. E&#8217; aumentata la pressione fiscale, \u00e8 aumentata la disoccupazione giovanile, \u00e8 aumentata la povert\u00e0 sociale tra [&hellip;]\" \/>\n<meta property=\"og:url\" content=\"https:\/\/www.livemag.it\/index.php\/2025\/07\/05\/bonelli-necessaria-alternativa-al-governo-lo-chiedono-gli-italiani\/\" \/>\n<meta property=\"og:site_name\" content=\"Live Magazine\" \/>\n<meta property=\"article:publisher\" content=\"https:\/\/www.facebook.com\/LiveMag\/\" \/>\n<meta property=\"article:published_time\" content=\"2025-07-05T13:02:37+00:00\" \/>\n<meta property=\"og:image\" content=\"https:\/\/www.livemag.it\/wp-content\/uploads\/2024\/02\/ograph.jpg\" \/>\n\t<meta property=\"og:image:width\" content=\"1200\" \/>\n\t<meta property=\"og:image:height\" content=\"675\" \/>\n\t<meta property=\"og:image:type\" content=\"image\/jpeg\" \/>\n<meta name=\"author\" content=\"italpress\" \/>\n<meta name=\"twitter:card\" content=\"summary_large_image\" \/>\n<meta name=\"twitter:creator\" content=\"@LiveNotizie\" \/>\n<meta name=\"twitter:site\" content=\"@LiveNotizie\" \/>\n<meta name=\"twitter:label1\" content=\"Scritto da\" \/>\n\t<meta name=\"twitter:data1\" content=\"italpress\" \/>\n\t<meta name=\"twitter:label2\" content=\"Tempo di lettura stimato\" \/>\n\t<meta name=\"twitter:data2\" content=\"1 minuto\" \/>\n<script type=\"application\/ld+json\" class=\"yoast-schema-graph\">{\"@context\":\"https:\\\/\\\/schema.org\",\"@graph\":[{\"@type\":\"Article\",\"@id\":\"https:\\\/\\\/www.livemag.it\\\/index.php\\\/2025\\\/07\\\/05\\\/bonelli-necessaria-alternativa-al-governo-lo-chiedono-gli-italiani\\\/#article\",\"isPartOf\":{\"@id\":\"https:\\\/\\\/www.livemag.it\\\/index.php\\\/2025\\\/07\\\/05\\\/bonelli-necessaria-alternativa-al-governo-lo-chiedono-gli-italiani\\\/\"},\"author\":{\"name\":\"italpress\",\"@id\":\"https:\\\/\\\/www.livemag.it\\\/#\\\/schema\\\/person\\\/b62c5f44451fdcdaeb0afe6c2424e73c\"},\"headline\":\"Bonelli &#8220;Necessaria alternativa al Governo, lo chiedono gli italiani&#8221;\",\"datePublished\":\"2025-07-05T13:02:37+00:00\",\"mainEntityOfPage\":{\"@id\":\"https:\\\/\\\/www.livemag.it\\\/index.php\\\/2025\\\/07\\\/05\\\/bonelli-necessaria-alternativa-al-governo-lo-chiedono-gli-italiani\\\/\"},\"wordCount\":189,\"publisher\":{\"@id\":\"https:\\\/\\\/www.livemag.it\\\/#organization\"},\"image\":{\"@id\":\"https:\\\/\\\/www.livemag.it\\\/index.php\\\/2025\\\/07\\\/05\\\/bonelli-necessaria-alternativa-al-governo-lo-chiedono-gli-italiani\\\/#primaryimage\"},\"thumbnailUrl\":\"https:\\\/\\\/www.livemag.it\\\/wp-content\\\/uploads\\\/2025\\\/07\\\/xNZr.jpg\",\"articleSection\":[\"Video\"],\"inLanguage\":\"it-IT\"},{\"@type\":\"WebPage\",\"@id\":\"https:\\\/\\\/www.livemag.it\\\/index.php\\\/2025\\\/07\\\/05\\\/bonelli-necessaria-alternativa-al-governo-lo-chiedono-gli-italiani\\\/\",\"url\":\"https:\\\/\\\/www.livemag.it\\\/index.php\\\/2025\\\/07\\\/05\\\/bonelli-necessaria-alternativa-al-governo-lo-chiedono-gli-italiani\\\/\",\"name\":\"Bonelli \\\"Necessaria alternativa al Governo, lo chiedono gli italiani\\\" - Live Magazine\",\"isPartOf\":{\"@id\":\"https:\\\/\\\/www.livemag.it\\\/#website\"},\"primaryImageOfPage\":{\"@id\":\"https:\\\/\\\/www.livemag.it\\\/index.php\\\/2025\\\/07\\\/05\\\/bonelli-necessaria-alternativa-al-governo-lo-chiedono-gli-italiani\\\/#primaryimage\"},\"image\":{\"@id\":\"https:\\\/\\\/www.livemag.it\\\/index.php\\\/2025\\\/07\\\/05\\\/bonelli-necessaria-alternativa-al-governo-lo-chiedono-gli-italiani\\\/#primaryimage\"},\"thumbnailUrl\":\"https:\\\/\\\/www.livemag.it\\\/wp-content\\\/uploads\\\/2025\\\/07\\\/xNZr.jpg\",\"datePublished\":\"2025-07-05T13:02:37+00:00\",\"breadcrumb\":{\"@id\":\"https:\\\/\\\/www.livemag.it\\\/index.php\\\/2025\\\/07\\\/05\\\/bonelli-necessaria-alternativa-al-governo-lo-chiedono-gli-italiani\\\/#breadcrumb\"},\"inLanguage\":\"it-IT\",\"potentialAction\":[{\"@type\":\"ReadAction\",\"target\":[\"https:\\\/\\\/www.livemag.it\\\/index.php\\\/2025\\\/07\\\/05\\\/bonelli-necessaria-alternativa-al-governo-lo-chiedono-gli-italiani\\\/\"]}]},{\"@type\":\"ImageObject\",\"inLanguage\":\"it-IT\",\"@id\":\"https:\\\/\\\/www.livemag.it\\\/index.php\\\/2025\\\/07\\\/05\\\/bonelli-necessaria-alternativa-al-governo-lo-chiedono-gli-italiani\\\/#primaryimage\",\"url\":\"https:\\\/\\\/www.livemag.it\\\/wp-content\\\/uploads\\\/2025\\\/07\\\/xNZr.jpg\",\"contentUrl\":\"https:\\\/\\\/www.livemag.it\\\/wp-content\\\/uploads\\\/2025\\\/07\\\/xNZr.jpg\",\"width\":1920,\"height\":1080},{\"@type\":\"BreadcrumbList\",\"@id\":\"https:\\\/\\\/www.livemag.it\\\/index.php\\\/2025\\\/07\\\/05\\\/bonelli-necessaria-alternativa-al-governo-lo-chiedono-gli-italiani\\\/#breadcrumb\",\"itemListElement\":[{\"@type\":\"ListItem\",\"position\":1,\"name\":\"Home\",\"item\":\"https:\\\/\\\/www.livemag.it\\\/\"},{\"@type\":\"ListItem\",\"position\":2,\"name\":\"Bonelli &#8220;Necessaria alternativa al Governo, lo chiedono gli italiani&#8221;\"}]},{\"@type\":\"WebSite\",\"@id\":\"https:\\\/\\\/www.livemag.it\\\/#website\",\"url\":\"https:\\\/\\\/www.livemag.it\\\/\",\"name\":\"Live Magazine\",\"description\":\"Varie ed eventi\",\"publisher\":{\"@id\":\"https:\\\/\\\/www.livemag.it\\\/#organization\"},\"potentialAction\":[{\"@type\":\"SearchAction\",\"target\":{\"@type\":\"EntryPoint\",\"urlTemplate\":\"https:\\\/\\\/www.livemag.it\\\/?s={search_term_string}\"},\"query-input\":{\"@type\":\"PropertyValueSpecification\",\"valueRequired\":true,\"valueName\":\"search_term_string\"}}],\"inLanguage\":\"it-IT\"},{\"@type\":\"Organization\",\"@id\":\"https:\\\/\\\/www.livemag.it\\\/#organization\",\"name\":\"LiveMag\",\"alternateName\":\"LiveMag News ed eventi\",\"url\":\"https:\\\/\\\/www.livemag.it\\\/\",\"logo\":{\"@type\":\"ImageObject\",\"inLanguage\":\"it-IT\",\"@id\":\"https:\\\/\\\/www.livemag.it\\\/#\\\/schema\\\/logo\\\/image\\\/\",\"url\":\"https:\\\/\\\/www.livemag.it\\\/wp-content\\\/uploads\\\/2024\\\/02\\\/immagine-sito.jpg\",\"contentUrl\":\"https:\\\/\\\/www.livemag.it\\\/wp-content\\\/uploads\\\/2024\\\/02\\\/immagine-sito.jpg\",\"width\":696,\"height\":696,\"caption\":\"LiveMag\"},\"image\":{\"@id\":\"https:\\\/\\\/www.livemag.it\\\/#\\\/schema\\\/logo\\\/image\\\/\"},\"sameAs\":[\"https:\\\/\\\/www.facebook.com\\\/LiveMag\\\/\",\"https:\\\/\\\/x.com\\\/LiveNotizie\",\"https:\\\/\\\/www.instagram.com\\\/livemag\\\/\"]},{\"@type\":\"Person\",\"@id\":\"https:\\\/\\\/www.livemag.it\\\/#\\\/schema\\\/person\\\/b62c5f44451fdcdaeb0afe6c2424e73c\",\"name\":\"italpress\",\"image\":{\"@type\":\"ImageObject\",\"inLanguage\":\"it-IT\",\"@id\":\"https:\\\/\\\/secure.gravatar.com\\\/avatar\\\/b6a21695fc713ce7ee312cf57c97e2e641feb365be72d8745574d3c3e2b59066?s=96&r=g\",\"url\":\"https:\\\/\\\/secure.gravatar.com\\\/avatar\\\/b6a21695fc713ce7ee312cf57c97e2e641feb365be72d8745574d3c3e2b59066?s=96&r=g\",\"contentUrl\":\"https:\\\/\\\/secure.gravatar.com\\\/avatar\\\/b6a21695fc713ce7ee312cf57c97e2e641feb365be72d8745574d3c3e2b59066?s=96&r=g\",\"caption\":\"italpress\"},\"description\":\"Italpress \u00e8 un'agenzia di stampa italiana a carattere nazionale.\",\"url\":\"https:\\\/\\\/www.livemag.it\\\/index.php\\\/author\\\/italpress\\\/\"}]}<\/script>\n<!-- \/ Yoast SEO plugin. -->","yoast_head_json":{"title":"Bonelli \"Necessaria alternativa al Governo, lo chiedono gli italiani\" - Live Magazine","robots":{"index":"index","follow":"follow","max-snippet":"max-snippet:-1","max-image-preview":"max-image-preview:large","max-video-preview":"max-video-preview:-1"},"canonical":"https:\/\/www.livemag.it\/index.php\/2025\/07\/05\/bonelli-necessaria-alternativa-al-governo-lo-chiedono-gli-italiani\/","og_locale":"it_IT","og_type":"article","og_title":"Bonelli \"Necessaria alternativa al Governo, lo chiedono gli italiani\" - Live Magazine","og_description":"PALERMO (ITALPRESS) &#8211; &#8220;L&#8217;alternativa \u00e8 necessaria, \u00e8 una necessit\u00e0 che ci chiedono anche gli italiani perch\u00e9 il punto non \u00e8 solo contrapporsi alla destra, il punto \u00e8 che questa destra sta facendo delle politiche che stanno impoverendo gli italiani. E&#8217; aumentata la pressione fiscale, \u00e8 aumentata la disoccupazione giovanile, \u00e8 aumentata la povert\u00e0 sociale tra [&hellip;]","og_url":"https:\/\/www.livemag.it\/index.php\/2025\/07\/05\/bonelli-necessaria-alternativa-al-governo-lo-chiedono-gli-italiani\/","og_site_name":"Live Magazine","article_publisher":"https:\/\/www.facebook.com\/LiveMag\/","article_published_time":"2025-07-05T13:02:37+00:00","og_image":[{"width":1200,"height":675,"url":"https:\/\/www.livemag.it\/wp-content\/uploads\/2024\/02\/ograph.jpg","type":"image\/jpeg"}],"author":"italpress","twitter_card":"summary_large_image","twitter_creator":"@LiveNotizie","twitter_site":"@LiveNotizie","twitter_misc":{"Scritto da":"italpress","Tempo di lettura stimato":"1 minuto"},"schema":{"@context":"https:\/\/schema.org","@graph":[{"@type":"Article","@id":"https:\/\/www.livemag.it\/index.php\/2025\/07\/05\/bonelli-necessaria-alternativa-al-governo-lo-chiedono-gli-italiani\/#article","isPartOf":{"@id":"https:\/\/www.livemag.it\/index.php\/2025\/07\/05\/bonelli-necessaria-alternativa-al-governo-lo-chiedono-gli-italiani\/"},"author":{"name":"italpress","@id":"https:\/\/www.livemag.it\/#\/schema\/person\/b62c5f44451fdcdaeb0afe6c2424e73c"},"headline":"Bonelli &#8220;Necessaria alternativa al Governo, lo chiedono gli italiani&#8221;","datePublished":"2025-07-05T13:02:37+00:00","mainEntityOfPage":{"@id":"https:\/\/www.livemag.it\/index.php\/2025\/07\/05\/bonelli-necessaria-alternativa-al-governo-lo-chiedono-gli-italiani\/"},"wordCount":189,"publisher":{"@id":"https:\/\/www.livemag.it\/#organization"},"image":{"@id":"https:\/\/www.livemag.it\/index.php\/2025\/07\/05\/bonelli-necessaria-alternativa-al-governo-lo-chiedono-gli-italiani\/#primaryimage"},"thumbnailUrl":"https:\/\/www.livemag.it\/wp-content\/uploads\/2025\/07\/xNZr.jpg","articleSection":["Video"],"inLanguage":"it-IT"},{"@type":"WebPage","@id":"https:\/\/www.livemag.it\/index.php\/2025\/07\/05\/bonelli-necessaria-alternativa-al-governo-lo-chiedono-gli-italiani\/","url":"https:\/\/www.livemag.it\/index.php\/2025\/07\/05\/bonelli-necessaria-alternativa-al-governo-lo-chiedono-gli-italiani\/","name":"Bonelli \"Necessaria alternativa al Governo, lo chiedono gli italiani\" - Live Magazine","isPartOf":{"@id":"https:\/\/www.livemag.it\/#website"},"primaryImageOfPage":{"@id":"https:\/\/www.livemag.it\/index.php\/2025\/07\/05\/bonelli-necessaria-alternativa-al-governo-lo-chiedono-gli-italiani\/#primaryimage"},"image":{"@id":"https:\/\/www.livemag.it\/index.php\/2025\/07\/05\/bonelli-necessaria-alternativa-al-governo-lo-chiedono-gli-italiani\/#primaryimage"},"thumbnailUrl":"https:\/\/www.livemag.it\/wp-content\/uploads\/2025\/07\/xNZr.jpg","datePublished":"2025-07-05T13:02:37+00:00","breadcrumb":{"@id":"https:\/\/www.livemag.it\/index.php\/2025\/07\/05\/bonelli-necessaria-alternativa-al-governo-lo-chiedono-gli-italiani\/#breadcrumb"},"inLanguage":"it-IT","potentialAction":[{"@type":"ReadAction","target":["https:\/\/www.livemag.it\/index.php\/2025\/07\/05\/bonelli-necessaria-alternativa-al-governo-lo-chiedono-gli-italiani\/"]}]},{"@type":"ImageObject","inLanguage":"it-IT","@id":"https:\/\/www.livemag.it\/index.php\/2025\/07\/05\/bonelli-necessaria-alternativa-al-governo-lo-chiedono-gli-italiani\/#primaryimage","url":"https:\/\/www.livemag.it\/wp-content\/uploads\/2025\/07\/xNZr.jpg","contentUrl":"https:\/\/www.livemag.it\/wp-content\/uploads\/2025\/07\/xNZr.jpg","width":1920,"height":1080},{"@type":"BreadcrumbList","@id":"https:\/\/www.livemag.it\/index.php\/2025\/07\/05\/bonelli-necessaria-alternativa-al-governo-lo-chiedono-gli-italiani\/#breadcrumb","itemListElement":[{"@type":"ListItem","position":1,"name":"Home","item":"https:\/\/www.livemag.it\/"},{"@type":"ListItem","position":2,"name":"Bonelli &#8220;Necessaria alternativa al Governo, lo chiedono gli italiani&#8221;"}]},{"@type":"WebSite","@id":"https:\/\/www.livemag.it\/#website","url":"https:\/\/www.livemag.it\/","name":"Live Magazine","description":"Varie ed eventi","publisher":{"@id":"https:\/\/www.livemag.it\/#organization"},"potentialAction":[{"@type":"SearchAction","target":{"@type":"EntryPoint","urlTemplate":"https:\/\/www.livemag.it\/?s={search_term_string}"},"query-input":{"@type":"PropertyValueSpecification","valueRequired":true,"valueName":"search_term_string"}}],"inLanguage":"it-IT"},{"@type":"Organization","@id":"https:\/\/www.livemag.it\/#organization","name":"LiveMag","alternateName":"LiveMag News ed eventi","url":"https:\/\/www.livemag.it\/","logo":{"@type":"ImageObject","inLanguage":"it-IT","@id":"https:\/\/www.livemag.it\/#\/schema\/logo\/image\/","url":"https:\/\/www.livemag.it\/wp-content\/uploads\/2024\/02\/immagine-sito.jpg","contentUrl":"https:\/\/www.livemag.it\/wp-content\/uploads\/2024\/02\/immagine-sito.jpg","width":696,"height":696,"caption":"LiveMag"},"image":{"@id":"https:\/\/www.livemag.it\/#\/schema\/logo\/image\/"},"sameAs":["https:\/\/www.facebook.com\/LiveMag\/","https:\/\/x.com\/LiveNotizie","https:\/\/www.instagram.com\/livemag\/"]},{"@type":"Person","@id":"https:\/\/www.livemag.it\/#\/schema\/person\/b62c5f44451fdcdaeb0afe6c2424e73c","name":"italpress","image":{"@type":"ImageObject","inLanguage":"it-IT","@id":"https:\/\/secure.gravatar.com\/avatar\/b6a21695fc713ce7ee312cf57c97e2e641feb365be72d8745574d3c3e2b59066?s=96&r=g","url":"https:\/\/secure.gravatar.com\/avatar\/b6a21695fc713ce7ee312cf57c97e2e641feb365be72d8745574d3c3e2b59066?s=96&r=g","contentUrl":"https:\/\/secure.gravatar.com\/avatar\/b6a21695fc713ce7ee312cf57c97e2e641feb365be72d8745574d3c3e2b59066?s=96&r=g","caption":"italpress"},"description":"Italpress \u00e8 un'agenzia di stampa italiana a carattere nazionale.","url":"https:\/\/www.livemag.it\/index.php\/author\/italpress\/"}]}},"jetpack_featured_media_url":"https:\/\/www.livemag.it\/wp-content\/uploads\/2025\/07\/xNZr.jpg","_links":{"self":[{"href":"https:\/\/www.livemag.it\/index.php\/wp-json\/wp\/v2\/posts\/54528","targetHints":{"allow":["GET"]}}],"collection":[{"href":"https:\/\/www.livemag.it\/index.php\/wp-json\/wp\/v2\/posts"}],"about":[{"href":"https:\/\/www.livemag.it\/index.php\/wp-json\/wp\/v2\/types\/post"}],"author":[{"embeddable":true,"href":"https:\/\/www.livemag.it\/index.php\/wp-json\/wp\/v2\/users\/16"}],"replies":[{"embeddable":true,"href":"https:\/\/www.livemag.it\/index.php\/wp-json\/wp\/v2\/comments?post=54528"}],"version-history":[{"count":0,"href":"https:\/\/www.livemag.it\/index.php\/wp-json\/wp\/v2\/posts\/54528\/revisions"}],"wp:featuredmedia":[{"embeddable":true,"href":"https:\/\/www.livemag.it\/index.php\/wp-json\/wp\/v2\/media\/54529"}],"wp:attachment":[{"href":"https:\/\/www.livemag.it\/index.php\/wp-json\/wp\/v2\/media?parent=54528"}],"wp:term":[{"taxonomy":"category","embeddable":true,"href":"https:\/\/www.livemag.it\/index.php\/wp-json\/wp\/v2\/categories?post=54528"},{"taxonomy":"post_tag","embeddable":true,"href":"https:\/\/www.livemag.it\/index.php\/wp-json\/wp\/v2\/tags?post=54528"}],"curies":[{"name":"wp","href":"https:\/\/api.w.org\/{rel}","templated":true}]}}