{"id":54526,"date":"2025-07-05T15:02:34","date_gmt":"2025-07-05T13:02:34","guid":{"rendered":"https:\/\/www.livemag.it\/index.php\/2025\/07\/05\/bonelli-i-grandi-del-mondo-hanno-dimenticato-le-politiche-di-pace\/"},"modified":"2025-07-05T15:02:34","modified_gmt":"2025-07-05T13:02:34","slug":"bonelli-i-grandi-del-mondo-hanno-dimenticato-le-politiche-di-pace","status":"publish","type":"post","link":"https:\/\/www.livemag.it\/index.php\/2025\/07\/05\/bonelli-i-grandi-del-mondo-hanno-dimenticato-le-politiche-di-pace\/","title":{"rendered":"<div>Bonelli &#8220;I grandi del mondo hanno dimenticato le politiche di pace&#8221;<\/div>"},"content":{"rendered":"<p>    <video-js id=\"videojs69f31ac17bf54\" class=\"vjs-big-play-centered\" controls preload=\"auto\" playsinline data-setup='{\"fluid\": true}'>\r\n        <source src=\"https:\/\/video.italpress.com\/play\/mp4\/video\/w8Yw\" type=\"video\/mp4\" \/>\r\n    <\/video-js>\r\n           <br \/>\n<\/p>\n<div> PALERMO (ITALPRESS) &#8211; &#8220;Siamo profondamente angosciati, i grandi del mondo hanno dimenticato le politiche della diplomazia e della pace, puntando solo sul riarmo che ha raggiunto una cifra incredibile, un record nel 2024, circa 2.700 miliardi di dollari in spese per armamenti. Ma devo dire che sono profondamente anche angosciato dalle parole del ministro della Difesa Crosetto, che di fatto vuole disegnare la Sicilia come il luogo fondamentale per costruire scenari di guerra, non solo con il ponte che verrebbe trasformato in un&#8217;infrastruttura militare, ma anche per l&#8217;assemblamento di caccia F35. Ma la Sicilia non pu\u00f2 essere una regione di guerra, la Sicilia deve essere una regione che rilancia la sua cultura, il suo patrimonio, le sue grandi tipicit\u00e0 enogastronomiche, la sua grande capacit\u00e0 anche di rilanciare i suoi prodotti industriali. E questo non accade, non accade perch\u00e9 la Sicilia ancora una volta da Roma, con la complicit\u00e0 della giunta regionale siciliana, \u00e8 vista come il luogo di colonizzazione&#8221;. Cos\u00ec Angelo Bonelli, deputato e co-portavoce nazionale di Europa Verde, a margine dell&#8217;Assemblea regionale di Europa verde Sicilia a Palermo. Presenti, tra gli altri, l&#8217;europarlamentare Leoluca Orlando e il consigliere comunale Fabio Giambrone. vbo\/mca1<\/div>\n","protected":false},"excerpt":{"rendered":"<p>PALERMO (ITALPRESS) &#8211; &#8220;Siamo profondamente angosciati, i grandi del mondo hanno dimenticato le politiche della diplomazia e della pace, puntando solo sul riarmo che ha raggiunto una cifra incredibile, un record nel 2024, circa 2.700 miliardi di dollari in spese per armamenti. Ma devo dire che sono profondamente anche angosciato dalle parole del ministro della [&hellip;]<\/p>\n","protected":false},"author":16,"featured_media":54527,"comment_status":"closed","ping_status":"closed","sticky":false,"template":"","format":"video","meta":{"jnews-multi-image_gallery":[],"jnews_single_post":[],"jnews_primary_category":[],"jnews_social_meta":[],"jnews_override_counter":[],"jnews_post_split":[],"footnotes":""},"categories":[1171],"tags":[],"class_list":["post-54526","post","type-post","status-publish","format-video","has-post-thumbnail","hentry","category-video","post_format-post-format-video"],"yoast_head":"<!-- This site is optimized with the Yoast SEO plugin v27.5 - https:\/\/yoast.com\/product\/yoast-seo-wordpress\/ -->\n<title>Bonelli &quot;I grandi del mondo hanno dimenticato le politiche di pace&quot; - Live Magazine<\/title>\n<meta name=\"robots\" content=\"index, follow, max-snippet:-1, max-image-preview:large, max-video-preview:-1\" \/>\n<link rel=\"canonical\" href=\"https:\/\/www.livemag.it\/index.php\/2025\/07\/05\/bonelli-i-grandi-del-mondo-hanno-dimenticato-le-politiche-di-pace\/\" \/>\n<meta property=\"og:locale\" content=\"it_IT\" \/>\n<meta property=\"og:type\" content=\"article\" \/>\n<meta property=\"og:title\" content=\"Bonelli &quot;I grandi del mondo hanno dimenticato le politiche di pace&quot; - Live Magazine\" \/>\n<meta property=\"og:description\" content=\"PALERMO (ITALPRESS) &#8211; &#8220;Siamo profondamente angosciati, i grandi del mondo hanno dimenticato le politiche della diplomazia e della pace, puntando solo sul riarmo che ha raggiunto una cifra incredibile, un record nel 2024, circa 2.700 miliardi di dollari in spese per armamenti. Ma devo dire che sono profondamente anche angosciato dalle parole del ministro della [&hellip;]\" \/>\n<meta property=\"og:url\" content=\"https:\/\/www.livemag.it\/index.php\/2025\/07\/05\/bonelli-i-grandi-del-mondo-hanno-dimenticato-le-politiche-di-pace\/\" \/>\n<meta property=\"og:site_name\" content=\"Live Magazine\" \/>\n<meta property=\"article:publisher\" content=\"https:\/\/www.facebook.com\/LiveMag\/\" \/>\n<meta property=\"article:published_time\" content=\"2025-07-05T13:02:34+00:00\" \/>\n<meta property=\"og:image\" content=\"https:\/\/www.livemag.it\/wp-content\/uploads\/2024\/02\/ograph.jpg\" \/>\n\t<meta property=\"og:image:width\" content=\"1200\" \/>\n\t<meta property=\"og:image:height\" content=\"675\" \/>\n\t<meta property=\"og:image:type\" content=\"image\/jpeg\" \/>\n<meta name=\"author\" content=\"italpress\" \/>\n<meta name=\"twitter:card\" content=\"summary_large_image\" \/>\n<meta name=\"twitter:creator\" content=\"@LiveNotizie\" \/>\n<meta name=\"twitter:site\" content=\"@LiveNotizie\" \/>\n<meta name=\"twitter:label1\" content=\"Scritto da\" \/>\n\t<meta name=\"twitter:data1\" content=\"italpress\" \/>\n\t<meta name=\"twitter:label2\" content=\"Tempo di lettura stimato\" \/>\n\t<meta name=\"twitter:data2\" content=\"1 minuto\" \/>\n<script type=\"application\/ld+json\" class=\"yoast-schema-graph\">{\"@context\":\"https:\\\/\\\/schema.org\",\"@graph\":[{\"@type\":\"Article\",\"@id\":\"https:\\\/\\\/www.livemag.it\\\/index.php\\\/2025\\\/07\\\/05\\\/bonelli-i-grandi-del-mondo-hanno-dimenticato-le-politiche-di-pace\\\/#article\",\"isPartOf\":{\"@id\":\"https:\\\/\\\/www.livemag.it\\\/index.php\\\/2025\\\/07\\\/05\\\/bonelli-i-grandi-del-mondo-hanno-dimenticato-le-politiche-di-pace\\\/\"},\"author\":{\"name\":\"italpress\",\"@id\":\"https:\\\/\\\/www.livemag.it\\\/#\\\/schema\\\/person\\\/b62c5f44451fdcdaeb0afe6c2424e73c\"},\"headline\":\"Bonelli &#8220;I grandi del mondo hanno dimenticato le politiche di pace&#8221;\",\"datePublished\":\"2025-07-05T13:02:34+00:00\",\"mainEntityOfPage\":{\"@id\":\"https:\\\/\\\/www.livemag.it\\\/index.php\\\/2025\\\/07\\\/05\\\/bonelli-i-grandi-del-mondo-hanno-dimenticato-le-politiche-di-pace\\\/\"},\"wordCount\":218,\"publisher\":{\"@id\":\"https:\\\/\\\/www.livemag.it\\\/#organization\"},\"image\":{\"@id\":\"https:\\\/\\\/www.livemag.it\\\/index.php\\\/2025\\\/07\\\/05\\\/bonelli-i-grandi-del-mondo-hanno-dimenticato-le-politiche-di-pace\\\/#primaryimage\"},\"thumbnailUrl\":\"https:\\\/\\\/www.livemag.it\\\/wp-content\\\/uploads\\\/2025\\\/07\\\/w8Yw.jpg\",\"articleSection\":[\"Video\"],\"inLanguage\":\"it-IT\"},{\"@type\":\"WebPage\",\"@id\":\"https:\\\/\\\/www.livemag.it\\\/index.php\\\/2025\\\/07\\\/05\\\/bonelli-i-grandi-del-mondo-hanno-dimenticato-le-politiche-di-pace\\\/\",\"url\":\"https:\\\/\\\/www.livemag.it\\\/index.php\\\/2025\\\/07\\\/05\\\/bonelli-i-grandi-del-mondo-hanno-dimenticato-le-politiche-di-pace\\\/\",\"name\":\"Bonelli \\\"I grandi del mondo hanno dimenticato le politiche di pace\\\" - Live Magazine\",\"isPartOf\":{\"@id\":\"https:\\\/\\\/www.livemag.it\\\/#website\"},\"primaryImageOfPage\":{\"@id\":\"https:\\\/\\\/www.livemag.it\\\/index.php\\\/2025\\\/07\\\/05\\\/bonelli-i-grandi-del-mondo-hanno-dimenticato-le-politiche-di-pace\\\/#primaryimage\"},\"image\":{\"@id\":\"https:\\\/\\\/www.livemag.it\\\/index.php\\\/2025\\\/07\\\/05\\\/bonelli-i-grandi-del-mondo-hanno-dimenticato-le-politiche-di-pace\\\/#primaryimage\"},\"thumbnailUrl\":\"https:\\\/\\\/www.livemag.it\\\/wp-content\\\/uploads\\\/2025\\\/07\\\/w8Yw.jpg\",\"datePublished\":\"2025-07-05T13:02:34+00:00\",\"breadcrumb\":{\"@id\":\"https:\\\/\\\/www.livemag.it\\\/index.php\\\/2025\\\/07\\\/05\\\/bonelli-i-grandi-del-mondo-hanno-dimenticato-le-politiche-di-pace\\\/#breadcrumb\"},\"inLanguage\":\"it-IT\",\"potentialAction\":[{\"@type\":\"ReadAction\",\"target\":[\"https:\\\/\\\/www.livemag.it\\\/index.php\\\/2025\\\/07\\\/05\\\/bonelli-i-grandi-del-mondo-hanno-dimenticato-le-politiche-di-pace\\\/\"]}]},{\"@type\":\"ImageObject\",\"inLanguage\":\"it-IT\",\"@id\":\"https:\\\/\\\/www.livemag.it\\\/index.php\\\/2025\\\/07\\\/05\\\/bonelli-i-grandi-del-mondo-hanno-dimenticato-le-politiche-di-pace\\\/#primaryimage\",\"url\":\"https:\\\/\\\/www.livemag.it\\\/wp-content\\\/uploads\\\/2025\\\/07\\\/w8Yw.jpg\",\"contentUrl\":\"https:\\\/\\\/www.livemag.it\\\/wp-content\\\/uploads\\\/2025\\\/07\\\/w8Yw.jpg\",\"width\":1920,\"height\":1080},{\"@type\":\"BreadcrumbList\",\"@id\":\"https:\\\/\\\/www.livemag.it\\\/index.php\\\/2025\\\/07\\\/05\\\/bonelli-i-grandi-del-mondo-hanno-dimenticato-le-politiche-di-pace\\\/#breadcrumb\",\"itemListElement\":[{\"@type\":\"ListItem\",\"position\":1,\"name\":\"Home\",\"item\":\"https:\\\/\\\/www.livemag.it\\\/\"},{\"@type\":\"ListItem\",\"position\":2,\"name\":\"Bonelli &#8220;I grandi del mondo hanno dimenticato le politiche di pace&#8221;\"}]},{\"@type\":\"WebSite\",\"@id\":\"https:\\\/\\\/www.livemag.it\\\/#website\",\"url\":\"https:\\\/\\\/www.livemag.it\\\/\",\"name\":\"Live Magazine\",\"description\":\"Varie ed eventi\",\"publisher\":{\"@id\":\"https:\\\/\\\/www.livemag.it\\\/#organization\"},\"potentialAction\":[{\"@type\":\"SearchAction\",\"target\":{\"@type\":\"EntryPoint\",\"urlTemplate\":\"https:\\\/\\\/www.livemag.it\\\/?s={search_term_string}\"},\"query-input\":{\"@type\":\"PropertyValueSpecification\",\"valueRequired\":true,\"valueName\":\"search_term_string\"}}],\"inLanguage\":\"it-IT\"},{\"@type\":\"Organization\",\"@id\":\"https:\\\/\\\/www.livemag.it\\\/#organization\",\"name\":\"LiveMag\",\"alternateName\":\"LiveMag News ed eventi\",\"url\":\"https:\\\/\\\/www.livemag.it\\\/\",\"logo\":{\"@type\":\"ImageObject\",\"inLanguage\":\"it-IT\",\"@id\":\"https:\\\/\\\/www.livemag.it\\\/#\\\/schema\\\/logo\\\/image\\\/\",\"url\":\"https:\\\/\\\/www.livemag.it\\\/wp-content\\\/uploads\\\/2024\\\/02\\\/immagine-sito.jpg\",\"contentUrl\":\"https:\\\/\\\/www.livemag.it\\\/wp-content\\\/uploads\\\/2024\\\/02\\\/immagine-sito.jpg\",\"width\":696,\"height\":696,\"caption\":\"LiveMag\"},\"image\":{\"@id\":\"https:\\\/\\\/www.livemag.it\\\/#\\\/schema\\\/logo\\\/image\\\/\"},\"sameAs\":[\"https:\\\/\\\/www.facebook.com\\\/LiveMag\\\/\",\"https:\\\/\\\/x.com\\\/LiveNotizie\",\"https:\\\/\\\/www.instagram.com\\\/livemag\\\/\"]},{\"@type\":\"Person\",\"@id\":\"https:\\\/\\\/www.livemag.it\\\/#\\\/schema\\\/person\\\/b62c5f44451fdcdaeb0afe6c2424e73c\",\"name\":\"italpress\",\"image\":{\"@type\":\"ImageObject\",\"inLanguage\":\"it-IT\",\"@id\":\"https:\\\/\\\/secure.gravatar.com\\\/avatar\\\/b6a21695fc713ce7ee312cf57c97e2e641feb365be72d8745574d3c3e2b59066?s=96&r=g\",\"url\":\"https:\\\/\\\/secure.gravatar.com\\\/avatar\\\/b6a21695fc713ce7ee312cf57c97e2e641feb365be72d8745574d3c3e2b59066?s=96&r=g\",\"contentUrl\":\"https:\\\/\\\/secure.gravatar.com\\\/avatar\\\/b6a21695fc713ce7ee312cf57c97e2e641feb365be72d8745574d3c3e2b59066?s=96&r=g\",\"caption\":\"italpress\"},\"description\":\"Italpress \u00e8 un'agenzia di stampa italiana a carattere nazionale.\",\"url\":\"https:\\\/\\\/www.livemag.it\\\/index.php\\\/author\\\/italpress\\\/\"}]}<\/script>\n<!-- \/ Yoast SEO plugin. -->","yoast_head_json":{"title":"Bonelli \"I grandi del mondo hanno dimenticato le politiche di pace\" - Live Magazine","robots":{"index":"index","follow":"follow","max-snippet":"max-snippet:-1","max-image-preview":"max-image-preview:large","max-video-preview":"max-video-preview:-1"},"canonical":"https:\/\/www.livemag.it\/index.php\/2025\/07\/05\/bonelli-i-grandi-del-mondo-hanno-dimenticato-le-politiche-di-pace\/","og_locale":"it_IT","og_type":"article","og_title":"Bonelli \"I grandi del mondo hanno dimenticato le politiche di pace\" - Live Magazine","og_description":"PALERMO (ITALPRESS) &#8211; &#8220;Siamo profondamente angosciati, i grandi del mondo hanno dimenticato le politiche della diplomazia e della pace, puntando solo sul riarmo che ha raggiunto una cifra incredibile, un record nel 2024, circa 2.700 miliardi di dollari in spese per armamenti. Ma devo dire che sono profondamente anche angosciato dalle parole del ministro della [&hellip;]","og_url":"https:\/\/www.livemag.it\/index.php\/2025\/07\/05\/bonelli-i-grandi-del-mondo-hanno-dimenticato-le-politiche-di-pace\/","og_site_name":"Live Magazine","article_publisher":"https:\/\/www.facebook.com\/LiveMag\/","article_published_time":"2025-07-05T13:02:34+00:00","og_image":[{"width":1200,"height":675,"url":"https:\/\/www.livemag.it\/wp-content\/uploads\/2024\/02\/ograph.jpg","type":"image\/jpeg"}],"author":"italpress","twitter_card":"summary_large_image","twitter_creator":"@LiveNotizie","twitter_site":"@LiveNotizie","twitter_misc":{"Scritto da":"italpress","Tempo di lettura stimato":"1 minuto"},"schema":{"@context":"https:\/\/schema.org","@graph":[{"@type":"Article","@id":"https:\/\/www.livemag.it\/index.php\/2025\/07\/05\/bonelli-i-grandi-del-mondo-hanno-dimenticato-le-politiche-di-pace\/#article","isPartOf":{"@id":"https:\/\/www.livemag.it\/index.php\/2025\/07\/05\/bonelli-i-grandi-del-mondo-hanno-dimenticato-le-politiche-di-pace\/"},"author":{"name":"italpress","@id":"https:\/\/www.livemag.it\/#\/schema\/person\/b62c5f44451fdcdaeb0afe6c2424e73c"},"headline":"Bonelli &#8220;I grandi del mondo hanno dimenticato le politiche di pace&#8221;","datePublished":"2025-07-05T13:02:34+00:00","mainEntityOfPage":{"@id":"https:\/\/www.livemag.it\/index.php\/2025\/07\/05\/bonelli-i-grandi-del-mondo-hanno-dimenticato-le-politiche-di-pace\/"},"wordCount":218,"publisher":{"@id":"https:\/\/www.livemag.it\/#organization"},"image":{"@id":"https:\/\/www.livemag.it\/index.php\/2025\/07\/05\/bonelli-i-grandi-del-mondo-hanno-dimenticato-le-politiche-di-pace\/#primaryimage"},"thumbnailUrl":"https:\/\/www.livemag.it\/wp-content\/uploads\/2025\/07\/w8Yw.jpg","articleSection":["Video"],"inLanguage":"it-IT"},{"@type":"WebPage","@id":"https:\/\/www.livemag.it\/index.php\/2025\/07\/05\/bonelli-i-grandi-del-mondo-hanno-dimenticato-le-politiche-di-pace\/","url":"https:\/\/www.livemag.it\/index.php\/2025\/07\/05\/bonelli-i-grandi-del-mondo-hanno-dimenticato-le-politiche-di-pace\/","name":"Bonelli \"I grandi del mondo hanno dimenticato le politiche di pace\" - Live Magazine","isPartOf":{"@id":"https:\/\/www.livemag.it\/#website"},"primaryImageOfPage":{"@id":"https:\/\/www.livemag.it\/index.php\/2025\/07\/05\/bonelli-i-grandi-del-mondo-hanno-dimenticato-le-politiche-di-pace\/#primaryimage"},"image":{"@id":"https:\/\/www.livemag.it\/index.php\/2025\/07\/05\/bonelli-i-grandi-del-mondo-hanno-dimenticato-le-politiche-di-pace\/#primaryimage"},"thumbnailUrl":"https:\/\/www.livemag.it\/wp-content\/uploads\/2025\/07\/w8Yw.jpg","datePublished":"2025-07-05T13:02:34+00:00","breadcrumb":{"@id":"https:\/\/www.livemag.it\/index.php\/2025\/07\/05\/bonelli-i-grandi-del-mondo-hanno-dimenticato-le-politiche-di-pace\/#breadcrumb"},"inLanguage":"it-IT","potentialAction":[{"@type":"ReadAction","target":["https:\/\/www.livemag.it\/index.php\/2025\/07\/05\/bonelli-i-grandi-del-mondo-hanno-dimenticato-le-politiche-di-pace\/"]}]},{"@type":"ImageObject","inLanguage":"it-IT","@id":"https:\/\/www.livemag.it\/index.php\/2025\/07\/05\/bonelli-i-grandi-del-mondo-hanno-dimenticato-le-politiche-di-pace\/#primaryimage","url":"https:\/\/www.livemag.it\/wp-content\/uploads\/2025\/07\/w8Yw.jpg","contentUrl":"https:\/\/www.livemag.it\/wp-content\/uploads\/2025\/07\/w8Yw.jpg","width":1920,"height":1080},{"@type":"BreadcrumbList","@id":"https:\/\/www.livemag.it\/index.php\/2025\/07\/05\/bonelli-i-grandi-del-mondo-hanno-dimenticato-le-politiche-di-pace\/#breadcrumb","itemListElement":[{"@type":"ListItem","position":1,"name":"Home","item":"https:\/\/www.livemag.it\/"},{"@type":"ListItem","position":2,"name":"Bonelli &#8220;I grandi del mondo hanno dimenticato le politiche di pace&#8221;"}]},{"@type":"WebSite","@id":"https:\/\/www.livemag.it\/#website","url":"https:\/\/www.livemag.it\/","name":"Live Magazine","description":"Varie ed eventi","publisher":{"@id":"https:\/\/www.livemag.it\/#organization"},"potentialAction":[{"@type":"SearchAction","target":{"@type":"EntryPoint","urlTemplate":"https:\/\/www.livemag.it\/?s={search_term_string}"},"query-input":{"@type":"PropertyValueSpecification","valueRequired":true,"valueName":"search_term_string"}}],"inLanguage":"it-IT"},{"@type":"Organization","@id":"https:\/\/www.livemag.it\/#organization","name":"LiveMag","alternateName":"LiveMag News ed eventi","url":"https:\/\/www.livemag.it\/","logo":{"@type":"ImageObject","inLanguage":"it-IT","@id":"https:\/\/www.livemag.it\/#\/schema\/logo\/image\/","url":"https:\/\/www.livemag.it\/wp-content\/uploads\/2024\/02\/immagine-sito.jpg","contentUrl":"https:\/\/www.livemag.it\/wp-content\/uploads\/2024\/02\/immagine-sito.jpg","width":696,"height":696,"caption":"LiveMag"},"image":{"@id":"https:\/\/www.livemag.it\/#\/schema\/logo\/image\/"},"sameAs":["https:\/\/www.facebook.com\/LiveMag\/","https:\/\/x.com\/LiveNotizie","https:\/\/www.instagram.com\/livemag\/"]},{"@type":"Person","@id":"https:\/\/www.livemag.it\/#\/schema\/person\/b62c5f44451fdcdaeb0afe6c2424e73c","name":"italpress","image":{"@type":"ImageObject","inLanguage":"it-IT","@id":"https:\/\/secure.gravatar.com\/avatar\/b6a21695fc713ce7ee312cf57c97e2e641feb365be72d8745574d3c3e2b59066?s=96&r=g","url":"https:\/\/secure.gravatar.com\/avatar\/b6a21695fc713ce7ee312cf57c97e2e641feb365be72d8745574d3c3e2b59066?s=96&r=g","contentUrl":"https:\/\/secure.gravatar.com\/avatar\/b6a21695fc713ce7ee312cf57c97e2e641feb365be72d8745574d3c3e2b59066?s=96&r=g","caption":"italpress"},"description":"Italpress \u00e8 un'agenzia di stampa italiana a carattere nazionale.","url":"https:\/\/www.livemag.it\/index.php\/author\/italpress\/"}]}},"jetpack_featured_media_url":"https:\/\/www.livemag.it\/wp-content\/uploads\/2025\/07\/w8Yw.jpg","_links":{"self":[{"href":"https:\/\/www.livemag.it\/index.php\/wp-json\/wp\/v2\/posts\/54526","targetHints":{"allow":["GET"]}}],"collection":[{"href":"https:\/\/www.livemag.it\/index.php\/wp-json\/wp\/v2\/posts"}],"about":[{"href":"https:\/\/www.livemag.it\/index.php\/wp-json\/wp\/v2\/types\/post"}],"author":[{"embeddable":true,"href":"https:\/\/www.livemag.it\/index.php\/wp-json\/wp\/v2\/users\/16"}],"replies":[{"embeddable":true,"href":"https:\/\/www.livemag.it\/index.php\/wp-json\/wp\/v2\/comments?post=54526"}],"version-history":[{"count":0,"href":"https:\/\/www.livemag.it\/index.php\/wp-json\/wp\/v2\/posts\/54526\/revisions"}],"wp:featuredmedia":[{"embeddable":true,"href":"https:\/\/www.livemag.it\/index.php\/wp-json\/wp\/v2\/media\/54527"}],"wp:attachment":[{"href":"https:\/\/www.livemag.it\/index.php\/wp-json\/wp\/v2\/media?parent=54526"}],"wp:term":[{"taxonomy":"category","embeddable":true,"href":"https:\/\/www.livemag.it\/index.php\/wp-json\/wp\/v2\/categories?post=54526"},{"taxonomy":"post_tag","embeddable":true,"href":"https:\/\/www.livemag.it\/index.php\/wp-json\/wp\/v2\/tags?post=54526"}],"curies":[{"name":"wp","href":"https:\/\/api.w.org\/{rel}","templated":true}]}}