{"id":54484,"date":"2025-07-04T18:02:42","date_gmt":"2025-07-04T16:02:42","guid":{"rendered":"https:\/\/www.livemag.it\/index.php\/2025\/07\/04\/il-10-e-11-luglio-a-roma-la-conferenza-sulla-ripresa-dellucraina\/"},"modified":"2025-07-04T18:02:42","modified_gmt":"2025-07-04T16:02:42","slug":"il-10-e-11-luglio-a-roma-la-conferenza-sulla-ripresa-dellucraina","status":"publish","type":"post","link":"https:\/\/www.livemag.it\/index.php\/2025\/07\/04\/il-10-e-11-luglio-a-roma-la-conferenza-sulla-ripresa-dellucraina\/","title":{"rendered":"Il 10 e 11 luglio a Roma la Conferenza sulla Ripresa dell\u2019Ucraina"},"content":{"rendered":"<div>\n<p>ROMA (ITALPRESS) \u2013 Gioved\u00ec 10 e venerd\u00ec 11 luglio si svolger\u00e0 a Roma, presso il Roma Convention Center La Nuvola, la Conferenza sulla Ripresa dell\u2019Ucraina 2025 co-organizzata dall\u2019Italia e dell\u2019Ucraina.<br \/>Dopo un saluto introduttivo del vice presidente del Consiglio e ministro degli Esteri Tajani, il presidente del Consiglio, Giorgia Meloni, aprir\u00e0 la Ukraine Recovery Conference il 10 luglio alle 10.30 con un intervento nella sessione plenaria, in cui sono previsti anche i discorsi del presidente ucraino Zelensky, della presidente della Commissione europea von der Leyen, del Cancelliere tedesco Friedrich Merz (la Germania \u00e8 organizzatore della precedente edizione), del primo ministro polacco Donald Tusk (la Polonia \u00e8 organizzatore della prossima edizione), e della First Lady ucraina Olena Zelenska.<br \/>Seguir\u00e0 una sessione plenaria in cui prenderanno la parola i capi di Stato e di Governo che parteciperanno alla Conferenza.<br \/>La Conferenza si articoler\u00e0 in numerosi panel di discussione di alto livello sulle quattro dimensioni (settore privato; capitale umano; dimensione regionale e locale; riforme e adesione alla UE), con la partecipazione di numerosi Ministri del Governo; un Recovery Forum (una serie di tavole rotonde consecutive e laboratori dedicati ai principali settori economici quali infrastrutture, edilizia, energia, agribusiness, digitale, industria strategica, salute); un segmento economico dedicato alle aziende italiane, ucraine e internazionali, che assieme alle amministrazioni centrali e locali ucraine potranno presentarsi e interagire in incontri B2B e B2G.<br \/>I lavori dei panel e delle tavole rotonde proseguiranno con lo stesso formato anche nella giornata dell\u201911 luglio.<br \/>Si tratta del principale appuntamento internazionale sulla ricostruzione dell\u2019Ucraina. L\u2019edizione di Roma segue le Conferenze di Lugano (2022), Londra (2023) e Berlino (2024).<br \/>Obiettivo dell\u2019evento \u00e8 quello di proseguire nella mobilitazione dei Governi, del settore privato, delle istituzioni finanziarie internazionali, delle comunit\u00e0 locali e della societ\u00e0 civile per la ripresa, la ricostruzione e la modernizzazione dell\u2019Ucraina.<br \/>La Conferenza prevede pi\u00f9 di 3.500 partecipanti, circa 100 delegazioni ufficiali e 40 Organizzazioni Internazionali, 2.000 aziende (di cui circa 500 italiane), centinaia di rappresentanti delle autonomie locali e della societ\u00e0 civile.<br \/>A margine della Ukraine Recovery Conference, nel pomeriggio del 10 luglio, \u00e8 anche prevista una riunione virtuale della cosiddetta Coalizione dei Volenterosi, a cui il presidente del Consiglio Meloni parteciper\u00e0 insieme al presidente Zelensky e ad altri leader presenti a Roma.<\/p>\n<p>\u2013 Foto IPA Agency \u2013<\/p>\n<p>(ITALPRESS).<\/p>\n<\/div>\n","protected":false},"excerpt":{"rendered":"<p>ROMA (ITALPRESS) \u2013 Gioved\u00ec 10 e venerd\u00ec 11 luglio si svolger\u00e0 a Roma, presso il Roma Convention Center La Nuvola, la Conferenza sulla Ripresa dell\u2019Ucraina 2025 co-organizzata dall\u2019Italia e dell\u2019Ucraina.Dopo un saluto introduttivo del vice presidente del Consiglio e ministro degli Esteri Tajani, il presidente del Consiglio, Giorgia Meloni, aprir\u00e0 la Ukraine Recovery Conference il [&hellip;]<\/p>\n","protected":false},"author":16,"featured_media":54485,"comment_status":"closed","ping_status":"closed","sticky":false,"template":"","format":"standard","meta":{"jnews-multi-image_gallery":[],"jnews_single_post":[],"jnews_primary_category":[],"jnews_social_meta":[],"jnews_override_counter":[],"jnews_post_split":[],"footnotes":""},"categories":[1129],"tags":[],"class_list":["post-54484","post","type-post","status-publish","format-standard","has-post-thumbnail","hentry","category-mondo"],"yoast_head":"<!-- This site is optimized with the Yoast SEO plugin v27.5 - https:\/\/yoast.com\/product\/yoast-seo-wordpress\/ -->\n<title>Il 10 e 11 luglio a Roma la Conferenza sulla Ripresa dell\u2019Ucraina - Live Magazine<\/title>\n<meta name=\"robots\" content=\"index, follow, max-snippet:-1, max-image-preview:large, max-video-preview:-1\" \/>\n<link rel=\"canonical\" href=\"https:\/\/www.livemag.it\/index.php\/2025\/07\/04\/il-10-e-11-luglio-a-roma-la-conferenza-sulla-ripresa-dellucraina\/\" \/>\n<meta property=\"og:locale\" content=\"it_IT\" \/>\n<meta property=\"og:type\" content=\"article\" \/>\n<meta property=\"og:title\" content=\"Il 10 e 11 luglio a Roma la Conferenza sulla Ripresa dell\u2019Ucraina - Live Magazine\" \/>\n<meta property=\"og:description\" content=\"ROMA (ITALPRESS) \u2013 Gioved\u00ec 10 e venerd\u00ec 11 luglio si svolger\u00e0 a Roma, presso il Roma Convention Center La Nuvola, la Conferenza sulla Ripresa dell\u2019Ucraina 2025 co-organizzata dall\u2019Italia e dell\u2019Ucraina.Dopo un saluto introduttivo del vice presidente del Consiglio e ministro degli Esteri Tajani, il presidente del Consiglio, Giorgia Meloni, aprir\u00e0 la Ukraine Recovery Conference il [&hellip;]\" \/>\n<meta property=\"og:url\" content=\"https:\/\/www.livemag.it\/index.php\/2025\/07\/04\/il-10-e-11-luglio-a-roma-la-conferenza-sulla-ripresa-dellucraina\/\" \/>\n<meta property=\"og:site_name\" content=\"Live Magazine\" \/>\n<meta property=\"article:publisher\" content=\"https:\/\/www.facebook.com\/LiveMag\/\" \/>\n<meta property=\"article:published_time\" content=\"2025-07-04T16:02:42+00:00\" \/>\n<meta property=\"og:image\" content=\"https:\/\/www.livemag.it\/wp-content\/uploads\/2024\/02\/ograph.jpg\" \/>\n\t<meta property=\"og:image:width\" content=\"1200\" \/>\n\t<meta property=\"og:image:height\" content=\"675\" \/>\n\t<meta property=\"og:image:type\" content=\"image\/jpeg\" \/>\n<meta name=\"author\" content=\"italpress\" \/>\n<meta name=\"twitter:card\" content=\"summary_large_image\" \/>\n<meta name=\"twitter:creator\" content=\"@LiveNotizie\" \/>\n<meta name=\"twitter:site\" content=\"@LiveNotizie\" \/>\n<meta name=\"twitter:label1\" content=\"Scritto da\" \/>\n\t<meta name=\"twitter:data1\" content=\"italpress\" \/>\n\t<meta name=\"twitter:label2\" content=\"Tempo di lettura stimato\" \/>\n\t<meta name=\"twitter:data2\" content=\"2 minuti\" \/>\n<script type=\"application\/ld+json\" class=\"yoast-schema-graph\">{\"@context\":\"https:\\\/\\\/schema.org\",\"@graph\":[{\"@type\":\"Article\",\"@id\":\"https:\\\/\\\/www.livemag.it\\\/index.php\\\/2025\\\/07\\\/04\\\/il-10-e-11-luglio-a-roma-la-conferenza-sulla-ripresa-dellucraina\\\/#article\",\"isPartOf\":{\"@id\":\"https:\\\/\\\/www.livemag.it\\\/index.php\\\/2025\\\/07\\\/04\\\/il-10-e-11-luglio-a-roma-la-conferenza-sulla-ripresa-dellucraina\\\/\"},\"author\":{\"name\":\"italpress\",\"@id\":\"https:\\\/\\\/www.livemag.it\\\/#\\\/schema\\\/person\\\/b62c5f44451fdcdaeb0afe6c2424e73c\"},\"headline\":\"Il 10 e 11 luglio a Roma la Conferenza sulla Ripresa dell\u2019Ucraina\",\"datePublished\":\"2025-07-04T16:02:42+00:00\",\"mainEntityOfPage\":{\"@id\":\"https:\\\/\\\/www.livemag.it\\\/index.php\\\/2025\\\/07\\\/04\\\/il-10-e-11-luglio-a-roma-la-conferenza-sulla-ripresa-dellucraina\\\/\"},\"wordCount\":377,\"publisher\":{\"@id\":\"https:\\\/\\\/www.livemag.it\\\/#organization\"},\"image\":{\"@id\":\"https:\\\/\\\/www.livemag.it\\\/index.php\\\/2025\\\/07\\\/04\\\/il-10-e-11-luglio-a-roma-la-conferenza-sulla-ripresa-dellucraina\\\/#primaryimage\"},\"thumbnailUrl\":\"https:\\\/\\\/www.livemag.it\\\/wp-content\\\/uploads\\\/2025\\\/07\\\/20250704_1443.jpg\",\"articleSection\":[\"Mondo\"],\"inLanguage\":\"it-IT\"},{\"@type\":\"WebPage\",\"@id\":\"https:\\\/\\\/www.livemag.it\\\/index.php\\\/2025\\\/07\\\/04\\\/il-10-e-11-luglio-a-roma-la-conferenza-sulla-ripresa-dellucraina\\\/\",\"url\":\"https:\\\/\\\/www.livemag.it\\\/index.php\\\/2025\\\/07\\\/04\\\/il-10-e-11-luglio-a-roma-la-conferenza-sulla-ripresa-dellucraina\\\/\",\"name\":\"Il 10 e 11 luglio a Roma la Conferenza sulla Ripresa dell\u2019Ucraina - Live Magazine\",\"isPartOf\":{\"@id\":\"https:\\\/\\\/www.livemag.it\\\/#website\"},\"primaryImageOfPage\":{\"@id\":\"https:\\\/\\\/www.livemag.it\\\/index.php\\\/2025\\\/07\\\/04\\\/il-10-e-11-luglio-a-roma-la-conferenza-sulla-ripresa-dellucraina\\\/#primaryimage\"},\"image\":{\"@id\":\"https:\\\/\\\/www.livemag.it\\\/index.php\\\/2025\\\/07\\\/04\\\/il-10-e-11-luglio-a-roma-la-conferenza-sulla-ripresa-dellucraina\\\/#primaryimage\"},\"thumbnailUrl\":\"https:\\\/\\\/www.livemag.it\\\/wp-content\\\/uploads\\\/2025\\\/07\\\/20250704_1443.jpg\",\"datePublished\":\"2025-07-04T16:02:42+00:00\",\"breadcrumb\":{\"@id\":\"https:\\\/\\\/www.livemag.it\\\/index.php\\\/2025\\\/07\\\/04\\\/il-10-e-11-luglio-a-roma-la-conferenza-sulla-ripresa-dellucraina\\\/#breadcrumb\"},\"inLanguage\":\"it-IT\",\"potentialAction\":[{\"@type\":\"ReadAction\",\"target\":[\"https:\\\/\\\/www.livemag.it\\\/index.php\\\/2025\\\/07\\\/04\\\/il-10-e-11-luglio-a-roma-la-conferenza-sulla-ripresa-dellucraina\\\/\"]}]},{\"@type\":\"ImageObject\",\"inLanguage\":\"it-IT\",\"@id\":\"https:\\\/\\\/www.livemag.it\\\/index.php\\\/2025\\\/07\\\/04\\\/il-10-e-11-luglio-a-roma-la-conferenza-sulla-ripresa-dellucraina\\\/#primaryimage\",\"url\":\"https:\\\/\\\/www.livemag.it\\\/wp-content\\\/uploads\\\/2025\\\/07\\\/20250704_1443.jpg\",\"contentUrl\":\"https:\\\/\\\/www.livemag.it\\\/wp-content\\\/uploads\\\/2025\\\/07\\\/20250704_1443.jpg\",\"width\":1200,\"height\":800},{\"@type\":\"BreadcrumbList\",\"@id\":\"https:\\\/\\\/www.livemag.it\\\/index.php\\\/2025\\\/07\\\/04\\\/il-10-e-11-luglio-a-roma-la-conferenza-sulla-ripresa-dellucraina\\\/#breadcrumb\",\"itemListElement\":[{\"@type\":\"ListItem\",\"position\":1,\"name\":\"Home\",\"item\":\"https:\\\/\\\/www.livemag.it\\\/\"},{\"@type\":\"ListItem\",\"position\":2,\"name\":\"Il 10 e 11 luglio a Roma la Conferenza sulla Ripresa dell\u2019Ucraina\"}]},{\"@type\":\"WebSite\",\"@id\":\"https:\\\/\\\/www.livemag.it\\\/#website\",\"url\":\"https:\\\/\\\/www.livemag.it\\\/\",\"name\":\"Live Magazine\",\"description\":\"Varie ed eventi\",\"publisher\":{\"@id\":\"https:\\\/\\\/www.livemag.it\\\/#organization\"},\"potentialAction\":[{\"@type\":\"SearchAction\",\"target\":{\"@type\":\"EntryPoint\",\"urlTemplate\":\"https:\\\/\\\/www.livemag.it\\\/?s={search_term_string}\"},\"query-input\":{\"@type\":\"PropertyValueSpecification\",\"valueRequired\":true,\"valueName\":\"search_term_string\"}}],\"inLanguage\":\"it-IT\"},{\"@type\":\"Organization\",\"@id\":\"https:\\\/\\\/www.livemag.it\\\/#organization\",\"name\":\"LiveMag\",\"alternateName\":\"LiveMag News ed eventi\",\"url\":\"https:\\\/\\\/www.livemag.it\\\/\",\"logo\":{\"@type\":\"ImageObject\",\"inLanguage\":\"it-IT\",\"@id\":\"https:\\\/\\\/www.livemag.it\\\/#\\\/schema\\\/logo\\\/image\\\/\",\"url\":\"https:\\\/\\\/www.livemag.it\\\/wp-content\\\/uploads\\\/2024\\\/02\\\/immagine-sito.jpg\",\"contentUrl\":\"https:\\\/\\\/www.livemag.it\\\/wp-content\\\/uploads\\\/2024\\\/02\\\/immagine-sito.jpg\",\"width\":696,\"height\":696,\"caption\":\"LiveMag\"},\"image\":{\"@id\":\"https:\\\/\\\/www.livemag.it\\\/#\\\/schema\\\/logo\\\/image\\\/\"},\"sameAs\":[\"https:\\\/\\\/www.facebook.com\\\/LiveMag\\\/\",\"https:\\\/\\\/x.com\\\/LiveNotizie\",\"https:\\\/\\\/www.instagram.com\\\/livemag\\\/\"]},{\"@type\":\"Person\",\"@id\":\"https:\\\/\\\/www.livemag.it\\\/#\\\/schema\\\/person\\\/b62c5f44451fdcdaeb0afe6c2424e73c\",\"name\":\"italpress\",\"image\":{\"@type\":\"ImageObject\",\"inLanguage\":\"it-IT\",\"@id\":\"https:\\\/\\\/secure.gravatar.com\\\/avatar\\\/b6a21695fc713ce7ee312cf57c97e2e641feb365be72d8745574d3c3e2b59066?s=96&r=g\",\"url\":\"https:\\\/\\\/secure.gravatar.com\\\/avatar\\\/b6a21695fc713ce7ee312cf57c97e2e641feb365be72d8745574d3c3e2b59066?s=96&r=g\",\"contentUrl\":\"https:\\\/\\\/secure.gravatar.com\\\/avatar\\\/b6a21695fc713ce7ee312cf57c97e2e641feb365be72d8745574d3c3e2b59066?s=96&r=g\",\"caption\":\"italpress\"},\"description\":\"Italpress \u00e8 un'agenzia di stampa italiana a carattere nazionale.\",\"url\":\"https:\\\/\\\/www.livemag.it\\\/index.php\\\/author\\\/italpress\\\/\"}]}<\/script>\n<!-- \/ Yoast SEO plugin. -->","yoast_head_json":{"title":"Il 10 e 11 luglio a Roma la Conferenza sulla Ripresa dell\u2019Ucraina - Live Magazine","robots":{"index":"index","follow":"follow","max-snippet":"max-snippet:-1","max-image-preview":"max-image-preview:large","max-video-preview":"max-video-preview:-1"},"canonical":"https:\/\/www.livemag.it\/index.php\/2025\/07\/04\/il-10-e-11-luglio-a-roma-la-conferenza-sulla-ripresa-dellucraina\/","og_locale":"it_IT","og_type":"article","og_title":"Il 10 e 11 luglio a Roma la Conferenza sulla Ripresa dell\u2019Ucraina - Live Magazine","og_description":"ROMA (ITALPRESS) \u2013 Gioved\u00ec 10 e venerd\u00ec 11 luglio si svolger\u00e0 a Roma, presso il Roma Convention Center La Nuvola, la Conferenza sulla Ripresa dell\u2019Ucraina 2025 co-organizzata dall\u2019Italia e dell\u2019Ucraina.Dopo un saluto introduttivo del vice presidente del Consiglio e ministro degli Esteri Tajani, il presidente del Consiglio, Giorgia Meloni, aprir\u00e0 la Ukraine Recovery Conference il [&hellip;]","og_url":"https:\/\/www.livemag.it\/index.php\/2025\/07\/04\/il-10-e-11-luglio-a-roma-la-conferenza-sulla-ripresa-dellucraina\/","og_site_name":"Live Magazine","article_publisher":"https:\/\/www.facebook.com\/LiveMag\/","article_published_time":"2025-07-04T16:02:42+00:00","og_image":[{"width":1200,"height":675,"url":"https:\/\/www.livemag.it\/wp-content\/uploads\/2024\/02\/ograph.jpg","type":"image\/jpeg"}],"author":"italpress","twitter_card":"summary_large_image","twitter_creator":"@LiveNotizie","twitter_site":"@LiveNotizie","twitter_misc":{"Scritto da":"italpress","Tempo di lettura stimato":"2 minuti"},"schema":{"@context":"https:\/\/schema.org","@graph":[{"@type":"Article","@id":"https:\/\/www.livemag.it\/index.php\/2025\/07\/04\/il-10-e-11-luglio-a-roma-la-conferenza-sulla-ripresa-dellucraina\/#article","isPartOf":{"@id":"https:\/\/www.livemag.it\/index.php\/2025\/07\/04\/il-10-e-11-luglio-a-roma-la-conferenza-sulla-ripresa-dellucraina\/"},"author":{"name":"italpress","@id":"https:\/\/www.livemag.it\/#\/schema\/person\/b62c5f44451fdcdaeb0afe6c2424e73c"},"headline":"Il 10 e 11 luglio a Roma la Conferenza sulla Ripresa dell\u2019Ucraina","datePublished":"2025-07-04T16:02:42+00:00","mainEntityOfPage":{"@id":"https:\/\/www.livemag.it\/index.php\/2025\/07\/04\/il-10-e-11-luglio-a-roma-la-conferenza-sulla-ripresa-dellucraina\/"},"wordCount":377,"publisher":{"@id":"https:\/\/www.livemag.it\/#organization"},"image":{"@id":"https:\/\/www.livemag.it\/index.php\/2025\/07\/04\/il-10-e-11-luglio-a-roma-la-conferenza-sulla-ripresa-dellucraina\/#primaryimage"},"thumbnailUrl":"https:\/\/www.livemag.it\/wp-content\/uploads\/2025\/07\/20250704_1443.jpg","articleSection":["Mondo"],"inLanguage":"it-IT"},{"@type":"WebPage","@id":"https:\/\/www.livemag.it\/index.php\/2025\/07\/04\/il-10-e-11-luglio-a-roma-la-conferenza-sulla-ripresa-dellucraina\/","url":"https:\/\/www.livemag.it\/index.php\/2025\/07\/04\/il-10-e-11-luglio-a-roma-la-conferenza-sulla-ripresa-dellucraina\/","name":"Il 10 e 11 luglio a Roma la Conferenza sulla Ripresa dell\u2019Ucraina - Live Magazine","isPartOf":{"@id":"https:\/\/www.livemag.it\/#website"},"primaryImageOfPage":{"@id":"https:\/\/www.livemag.it\/index.php\/2025\/07\/04\/il-10-e-11-luglio-a-roma-la-conferenza-sulla-ripresa-dellucraina\/#primaryimage"},"image":{"@id":"https:\/\/www.livemag.it\/index.php\/2025\/07\/04\/il-10-e-11-luglio-a-roma-la-conferenza-sulla-ripresa-dellucraina\/#primaryimage"},"thumbnailUrl":"https:\/\/www.livemag.it\/wp-content\/uploads\/2025\/07\/20250704_1443.jpg","datePublished":"2025-07-04T16:02:42+00:00","breadcrumb":{"@id":"https:\/\/www.livemag.it\/index.php\/2025\/07\/04\/il-10-e-11-luglio-a-roma-la-conferenza-sulla-ripresa-dellucraina\/#breadcrumb"},"inLanguage":"it-IT","potentialAction":[{"@type":"ReadAction","target":["https:\/\/www.livemag.it\/index.php\/2025\/07\/04\/il-10-e-11-luglio-a-roma-la-conferenza-sulla-ripresa-dellucraina\/"]}]},{"@type":"ImageObject","inLanguage":"it-IT","@id":"https:\/\/www.livemag.it\/index.php\/2025\/07\/04\/il-10-e-11-luglio-a-roma-la-conferenza-sulla-ripresa-dellucraina\/#primaryimage","url":"https:\/\/www.livemag.it\/wp-content\/uploads\/2025\/07\/20250704_1443.jpg","contentUrl":"https:\/\/www.livemag.it\/wp-content\/uploads\/2025\/07\/20250704_1443.jpg","width":1200,"height":800},{"@type":"BreadcrumbList","@id":"https:\/\/www.livemag.it\/index.php\/2025\/07\/04\/il-10-e-11-luglio-a-roma-la-conferenza-sulla-ripresa-dellucraina\/#breadcrumb","itemListElement":[{"@type":"ListItem","position":1,"name":"Home","item":"https:\/\/www.livemag.it\/"},{"@type":"ListItem","position":2,"name":"Il 10 e 11 luglio a Roma la Conferenza sulla Ripresa dell\u2019Ucraina"}]},{"@type":"WebSite","@id":"https:\/\/www.livemag.it\/#website","url":"https:\/\/www.livemag.it\/","name":"Live Magazine","description":"Varie ed eventi","publisher":{"@id":"https:\/\/www.livemag.it\/#organization"},"potentialAction":[{"@type":"SearchAction","target":{"@type":"EntryPoint","urlTemplate":"https:\/\/www.livemag.it\/?s={search_term_string}"},"query-input":{"@type":"PropertyValueSpecification","valueRequired":true,"valueName":"search_term_string"}}],"inLanguage":"it-IT"},{"@type":"Organization","@id":"https:\/\/www.livemag.it\/#organization","name":"LiveMag","alternateName":"LiveMag News ed eventi","url":"https:\/\/www.livemag.it\/","logo":{"@type":"ImageObject","inLanguage":"it-IT","@id":"https:\/\/www.livemag.it\/#\/schema\/logo\/image\/","url":"https:\/\/www.livemag.it\/wp-content\/uploads\/2024\/02\/immagine-sito.jpg","contentUrl":"https:\/\/www.livemag.it\/wp-content\/uploads\/2024\/02\/immagine-sito.jpg","width":696,"height":696,"caption":"LiveMag"},"image":{"@id":"https:\/\/www.livemag.it\/#\/schema\/logo\/image\/"},"sameAs":["https:\/\/www.facebook.com\/LiveMag\/","https:\/\/x.com\/LiveNotizie","https:\/\/www.instagram.com\/livemag\/"]},{"@type":"Person","@id":"https:\/\/www.livemag.it\/#\/schema\/person\/b62c5f44451fdcdaeb0afe6c2424e73c","name":"italpress","image":{"@type":"ImageObject","inLanguage":"it-IT","@id":"https:\/\/secure.gravatar.com\/avatar\/b6a21695fc713ce7ee312cf57c97e2e641feb365be72d8745574d3c3e2b59066?s=96&r=g","url":"https:\/\/secure.gravatar.com\/avatar\/b6a21695fc713ce7ee312cf57c97e2e641feb365be72d8745574d3c3e2b59066?s=96&r=g","contentUrl":"https:\/\/secure.gravatar.com\/avatar\/b6a21695fc713ce7ee312cf57c97e2e641feb365be72d8745574d3c3e2b59066?s=96&r=g","caption":"italpress"},"description":"Italpress \u00e8 un'agenzia di stampa italiana a carattere nazionale.","url":"https:\/\/www.livemag.it\/index.php\/author\/italpress\/"}]}},"jetpack_featured_media_url":"https:\/\/www.livemag.it\/wp-content\/uploads\/2025\/07\/20250704_1443.jpg","_links":{"self":[{"href":"https:\/\/www.livemag.it\/index.php\/wp-json\/wp\/v2\/posts\/54484","targetHints":{"allow":["GET"]}}],"collection":[{"href":"https:\/\/www.livemag.it\/index.php\/wp-json\/wp\/v2\/posts"}],"about":[{"href":"https:\/\/www.livemag.it\/index.php\/wp-json\/wp\/v2\/types\/post"}],"author":[{"embeddable":true,"href":"https:\/\/www.livemag.it\/index.php\/wp-json\/wp\/v2\/users\/16"}],"replies":[{"embeddable":true,"href":"https:\/\/www.livemag.it\/index.php\/wp-json\/wp\/v2\/comments?post=54484"}],"version-history":[{"count":0,"href":"https:\/\/www.livemag.it\/index.php\/wp-json\/wp\/v2\/posts\/54484\/revisions"}],"wp:featuredmedia":[{"embeddable":true,"href":"https:\/\/www.livemag.it\/index.php\/wp-json\/wp\/v2\/media\/54485"}],"wp:attachment":[{"href":"https:\/\/www.livemag.it\/index.php\/wp-json\/wp\/v2\/media?parent=54484"}],"wp:term":[{"taxonomy":"category","embeddable":true,"href":"https:\/\/www.livemag.it\/index.php\/wp-json\/wp\/v2\/categories?post=54484"},{"taxonomy":"post_tag","embeddable":true,"href":"https:\/\/www.livemag.it\/index.php\/wp-json\/wp\/v2\/tags?post=54484"}],"curies":[{"name":"wp","href":"https:\/\/api.w.org\/{rel}","templated":true}]}}