{"id":54438,"date":"2025-07-04T00:03:36","date_gmt":"2025-07-03T22:03:36","guid":{"rendered":"https:\/\/www.livemag.it\/index.php\/2025\/07\/04\/inzaghi-impatto-con-palermo-bellissimo-allenare-qui-e-speciale\/"},"modified":"2025-07-04T00:03:36","modified_gmt":"2025-07-03T22:03:36","slug":"inzaghi-impatto-con-palermo-bellissimo-allenare-qui-e-speciale","status":"publish","type":"post","link":"https:\/\/www.livemag.it\/index.php\/2025\/07\/04\/inzaghi-impatto-con-palermo-bellissimo-allenare-qui-e-speciale\/","title":{"rendered":"Inzaghi \u201cImpatto con Palermo bellissimo, allenare qui \u00e8 speciale\u201d"},"content":{"rendered":"<div>\n<p>PALERMO (ITALPRESS) \u2013 I tifosi gli hanno riservato un\u2019accoglienza da star e Pippo Inzaghi sa bene che ora tocca a lui e al suo gruppo ripagare tutta questa fiducia sul campo. Dopo aver portato in A anche il Pisa, l\u2019ex attaccante ha detto s\u00ec al Palermo e gi\u00e0 al suo arrivo ha potuto toccare con mano un calore eccezionale. L\u2019impatto, ammette ai microfoni di \u2018Torretta Caf\u00e8\u2019, \u00e8 stato \u2018bellissimo, la presentazione \u00e8 stata qualcosa di incredibile, c\u2019\u00e8 una grande atmosfera e questo comporta grandi responsabilit\u00e0 ma queste cose mi esaltano e mi auguro insieme ai miei giocatori di essere all\u2019altezza di quello che i tifosi ci hanno dimostrato. Sinceramente quello \u00e8 stato un giorno indimenticabile perch\u00e8 s\u00ec, avevo percepito un certo entusiasmo, ma pensare a tutta quella gente allo stadio alle sette di pomeriggio sotto quel sole cocente non me lo sarei mai immaginato. Penso anche immeritato per quello che ho fatto per il Palermo fino ad ora. Questo mi responsabilizza ancora di pi\u00f9 e come ho detto qualche tempo fa mi auguro che io e i miei calciatori saremo all\u2019altezza di quello che questa societ\u00e0 e questo pubblico ci hanno gi\u00e0 dimostrat\u00f2. Inzaghi ammette che \u2018mi hanno scritto tantissime persone. Anche una speciale dall\u2019estero e mi auguro che il 9 agosto possa farmi un bel regalo nel giorno del mio compleann\u00f2, il riferimento alla possibile amichevole col Manchester City. Ai suoi ragazzi Inzaghi porter\u00e0 il suo esempio. \u2018Da calciatore ho sempre detto che non ho mai giocato una partita avendo avuto il rimpianto di non aver mangiato bene, di non aver fatto la settimana tipo perfetta, per cui un allenatore che ha fatto per pi\u00f9 di 700 partite cos\u00ec non pu\u00f2 pensare che i suoi calciatori non abbiano il suo stesso spirito. Cercher\u00f2 di fargli capire quello che ero io e che lavorando sodo si pu\u00f2 vincere quello che ho vinto io, questo mi viene abbastanza semplice. Io cercher\u00f2 di responsabilizzarli molto \u2013 insiste il tecnico rosanero \u2013 Penso che fare una vita sana, mangiare bene, riposarsi, amare tanto questo sport\u2026 poi ti porta ad avere successo. Penso che il destino ti aiuta, ma vada ricercato e per ricercarlo bisogna farlo nel migliore dei modi, per cui cercher\u00f2 di fargli capire l\u2019importanza di essere atleti, ma penso che lo capiranno presto gi\u00e0 dal ritiro e capiranno presto che siamo fortunati ad avere una societ\u00e0 e dei tifosi cos\u00ec alle spall\u00e8. A proposito di societ\u00e0, \u2018ringrazio il club che mi ha permesso di portare tutto il mio staff. Penso che sia uno staff importante fatto da grandi professionisti e da grandi lavoratori che hanno grande passione. Chi sta con me non pu\u00f2 non avere la mia passione. Sono di grande supporto, a volte mi devono sopportare perch\u00e8 insomma sono pesante, sono un martello, ma mi conoscono bene. Per me sono un grande valore aggiunto. Soligo? Ho scelto lui che \u00e8 la prima volta che lavora con me, \u00e8 stato il mio capitano a Venezia ed \u00e8 un ragazzo eccezionale \u2013 racconta Inzaghi \u2013 Avevo bisogno, secondo me, di una persona in pi\u00f9. Il Palermo mi ha dato questa possibilit\u00e0. Lui ha accettato di buon grado. Da qualche anno speravo di poterlo aggiungere al mio staff e visto che \u00e8 stato anche a Palermo penso che anche lui mi possa dare una grande mano e sono molto contento che sia con no\u00ec. Palermo era un p\u00f2 nel destino di Superpippo. \u2018Adesso non ricordo allora se c\u2019era qualcosa. So che alcune volte \u00e8 stato avvicinato il Palermo. Senza dire banalit\u00e0 quando giocavo qui mi piaceva, mi piaceva lo stadio e mi piaceva il tifo. Amo le piazze del Sud. Da quando ho incominciato ad allenare al Sud ho capito che il Sud \u00e8 qualcosa di particolare che mi piace. E\u2019 importante anche il valore sociale di una citt\u00e0 come Palermo. Avevo nel cuore questo sogno. Non \u00e8 stato possibile da giocatore, per fortuna si \u00e8 realizzato adess\u00f2. Dal neo tecnico rosanero l\u2019augurio che \u2018siano tanti gli abbonamenti e che il pubblico di Palermo si dimostri come sempre il dodicesimo uomo in campo. Abbiamo bisogno di loro. Per\u00f2 non mi piace fare tanti proclami. Io so cosa pu\u00f2 darci il nostro pubblico e cosa ci dar\u00e0. Dobbiamo essere noi a trascinare questo pubblico per fare la differenza. Abbiamo gi\u00e0 secondo me una societ\u00e0 e un pubblico da palcoscenici superiori, dobbiamo dimostrarlo di esserlo anche noi. \u2018Io dal giorno che ho saputo che sarei stato l\u2019allenatore del Palermo sento responsabilit\u00e0. La sento ogni giorno. E\u2019 chiaro che qui \u00e8 qualcosa di speciale \u2013 ci tiene a sottolineare il 51enne tecnico piacentino \u2013 Palermo \u00e8 una capitale d\u2019Italia ed \u00e8 una citt\u00e0 con un milione di abitanti. Ho capito dal mio Instagram cosa vuol dire allenare il Palermo, visto che \u00e8 intasato e non riesco neanche ad aprirlo. Colgo l\u2019occasione per ringraziare tutti. All\u2019inizio ai primi messaggi cercavo di rispondere, poi adesso \u00e8 pi\u00f9 complicato visto che anche a casa coi bambini non ho tutto questo tempo libero, per\u00f2 ringrazio tutti. L\u2019affetto \u00e8 come dicevo prima sicuramente immeritato per\u00f2 mi sento molto responsabilizzato e molto carico. Non vedo l\u2019ora di riempire il Barbera e di far capire agli altri come \u00e8 difficile giocare contro di noi. Il ritiro a Chatillon? Torner\u00f2 dopo tanti anni, \u00e8 una localit\u00e0 che conosco. Sono stato con la Juventus, poi so che \u00e8 facilmente raggiungibile. Mi aspetto tanti tifosi rosanero perch\u00e8 abbiamo bisogno di lor\u00f2. Ma c\u2019\u00e8 spazio anche per parlare di altro, come il rapporto col fratello Simone. \u2018Ci sentiamo due o tre volte al giorno, da sempre, da quando siamo nati. Abbiamo un rapporto bellissimo. Io sono sempre stato quello pi\u00f9 grande, due anni e mezzo. Aver adesso in casa uno dei migliori allenatori d\u2019Europa per me \u00e8 stato motivo di orgoglio, di confronto e di crescita. Per cui gli auguro il meglio perch\u00e8 dopo, al di l\u00e0 di essere un grande allenatore come ha dimostrato, \u00e8 una persona perbene e questo mi fa piacere, sono molto orgoglioso di lui. In cosa era pi\u00f9 forte di me da calciatore? Tante cose, da calciatore ha fatto tantissimo, per esempio ha fatto quattro gol in una gara di Champions e questo non l\u2019ho fatto neanch\u2019io. Penso che da calciatore il problema alla schiena l\u2019ha condizionato. Da allenatore ha compensato, diciamo cos\u00ec. Decisione di andare in Arabia Saudita? Sono questioni personali, l\u2019unica cosa che so \u00e8 che Simone ha deciso dopo la finale di Champions League, perch\u00e8 alcune volte si leggono sciocchezze. Lui non aveva deciso niente. C\u2019erano richieste, non c\u2019erano solo quelle, per\u00f2 lui ha sempre dato la priorit\u00e0 all\u2019Inter. Penso che dopo quattro anni e soprattutto negli ultimi tre, dopo aver raggiunto due finali di Champions, probabilmente abbia pensato che pi\u00f9 di cos\u00ec non si potesse fare. Andr\u00e0 a vivere un\u2019esperienza diversa, formativa e poi, fra due anni, torner\u00e0 in Europa e continuer\u00e0 a fare dalle nostre parti quello che ha fatto fino ad or\u00e0. Parlando della sua carriera di allenatore, Inzaghi rivendica con orgoglio: \u2018io ho fatto tutto per gradi. Da allenatore ho avuto subito una grande chance a cui non potevo dire di no \u2013 il riferimento al Milan \u2013 Poi sono ripartito dalla Serie C e piano piano mi sto divertendo. Penso che la gavetta sia molto importante. Sia molto importante apprendere dagli errori, sia importante imparare dalle vittorie, dalle sconfitte, soprattutto in questo nuovo ruolo. Ogni anno si impara, ogni anno penso si debba migliorare. Mi sento migliore di quando ho iniziato dieci anni fa a fare allenatore. A volte le occasioni si sfruttano, a volte si riparte. Per\u00f2 bisogna sempre avere convinzione in quello che si fa, che poi \u00e8 la medicina migliore. Ancelotti? Un allenatore che ho avuto pi\u00f9 di dieci anni, una grande persona, un allenatore che riusciva a farsi amare da tutti. Io ho cercato di apprendere da tutti, cerco di essere comunque me stesso perch\u00e8 non \u00e8 che si possono copiare gli allenatori che hai avuto. Cerco di non ripetere magari qualche errore che secondo me \u00e8 stato fatto. Cerco di apprendere tutte le nozioni positive che mi hanno dato. E\u2019 chiaro che lui, per me, \u00e8 e rimane il mio maestro. Fu destino perch\u00e8 tirai un rigore fuori, fu esonerato Terim e subito dopo arriv\u00f2 Ancelotti anche se io l\u2019avevo avuto gi\u00e0 alla Juve. Indimenticabili le nostre due vittorie in Champions e i tanti trofei insiem\u00e8. Infine una battuta su Gattuso, nominato ct della Nazionale: \u2018L\u2019ho sentito appena dopo l\u2019ufficialit\u00e0 del nuovo incarico. Sono molto contento che uno di quei ragazzi del 2006 possa portare in Nazionale quello che eravamo noi, cercare di costruire quel gruppo anche perch\u00e8 vogliamo giocare il Mondiale. L\u2019Italia merita di giocare il Mondiale e penso che Rino abbia tutte le caratteristiche per poterlo fare al megli\u00f2.<br \/>\u2013 foto ufficio stampa Palermo FC \u2013<br \/>(ITALPRESS).<\/p>\n<\/div>\n","protected":false},"excerpt":{"rendered":"<p>PALERMO (ITALPRESS) \u2013 I tifosi gli hanno riservato un\u2019accoglienza da star e Pippo Inzaghi sa bene che ora tocca a lui e al suo gruppo ripagare tutta questa fiducia sul campo. Dopo aver portato in A anche il Pisa, l\u2019ex attaccante ha detto s\u00ec al Palermo e gi\u00e0 al suo arrivo ha potuto toccare con [&hellip;]<\/p>\n","protected":false},"author":16,"featured_media":54439,"comment_status":"closed","ping_status":"closed","sticky":false,"template":"","format":"standard","meta":{"jnews-multi-image_gallery":[],"jnews_single_post":[],"jnews_primary_category":[],"jnews_social_meta":[],"jnews_override_counter":[],"jnews_post_split":[],"footnotes":""},"categories":[1129],"tags":[],"class_list":["post-54438","post","type-post","status-publish","format-standard","has-post-thumbnail","hentry","category-mondo"],"yoast_head":"<!-- This site is optimized with the Yoast SEO plugin v27.5 - https:\/\/yoast.com\/product\/yoast-seo-wordpress\/ -->\n<title>Inzaghi \u201cImpatto con Palermo bellissimo, allenare qui \u00e8 speciale\u201d - Live Magazine<\/title>\n<meta name=\"robots\" content=\"index, follow, max-snippet:-1, max-image-preview:large, max-video-preview:-1\" \/>\n<link rel=\"canonical\" href=\"https:\/\/www.livemag.it\/index.php\/2025\/07\/04\/inzaghi-impatto-con-palermo-bellissimo-allenare-qui-e-speciale\/\" \/>\n<meta property=\"og:locale\" content=\"it_IT\" \/>\n<meta property=\"og:type\" content=\"article\" \/>\n<meta property=\"og:title\" content=\"Inzaghi \u201cImpatto con Palermo bellissimo, allenare qui \u00e8 speciale\u201d - Live Magazine\" \/>\n<meta property=\"og:description\" content=\"PALERMO (ITALPRESS) \u2013 I tifosi gli hanno riservato un\u2019accoglienza da star e Pippo Inzaghi sa bene che ora tocca a lui e al suo gruppo ripagare tutta questa fiducia sul campo. Dopo aver portato in A anche il Pisa, l\u2019ex attaccante ha detto s\u00ec al Palermo e gi\u00e0 al suo arrivo ha potuto toccare con [&hellip;]\" \/>\n<meta property=\"og:url\" content=\"https:\/\/www.livemag.it\/index.php\/2025\/07\/04\/inzaghi-impatto-con-palermo-bellissimo-allenare-qui-e-speciale\/\" \/>\n<meta property=\"og:site_name\" content=\"Live Magazine\" \/>\n<meta property=\"article:publisher\" content=\"https:\/\/www.facebook.com\/LiveMag\/\" \/>\n<meta property=\"article:published_time\" content=\"2025-07-03T22:03:36+00:00\" \/>\n<meta property=\"og:image\" content=\"https:\/\/www.livemag.it\/wp-content\/uploads\/2024\/02\/ograph.jpg\" \/>\n\t<meta property=\"og:image:width\" content=\"1200\" \/>\n\t<meta property=\"og:image:height\" content=\"675\" \/>\n\t<meta property=\"og:image:type\" content=\"image\/jpeg\" \/>\n<meta name=\"author\" content=\"italpress\" \/>\n<meta name=\"twitter:card\" content=\"summary_large_image\" \/>\n<meta name=\"twitter:creator\" content=\"@LiveNotizie\" \/>\n<meta name=\"twitter:site\" content=\"@LiveNotizie\" \/>\n<meta name=\"twitter:label1\" content=\"Scritto da\" \/>\n\t<meta name=\"twitter:data1\" content=\"italpress\" \/>\n\t<meta name=\"twitter:label2\" content=\"Tempo di lettura stimato\" \/>\n\t<meta name=\"twitter:data2\" content=\"7 minuti\" \/>\n<script type=\"application\/ld+json\" class=\"yoast-schema-graph\">{\"@context\":\"https:\\\/\\\/schema.org\",\"@graph\":[{\"@type\":\"Article\",\"@id\":\"https:\\\/\\\/www.livemag.it\\\/index.php\\\/2025\\\/07\\\/04\\\/inzaghi-impatto-con-palermo-bellissimo-allenare-qui-e-speciale\\\/#article\",\"isPartOf\":{\"@id\":\"https:\\\/\\\/www.livemag.it\\\/index.php\\\/2025\\\/07\\\/04\\\/inzaghi-impatto-con-palermo-bellissimo-allenare-qui-e-speciale\\\/\"},\"author\":{\"name\":\"italpress\",\"@id\":\"https:\\\/\\\/www.livemag.it\\\/#\\\/schema\\\/person\\\/b62c5f44451fdcdaeb0afe6c2424e73c\"},\"headline\":\"Inzaghi \u201cImpatto con Palermo bellissimo, allenare qui \u00e8 speciale\u201d\",\"datePublished\":\"2025-07-03T22:03:36+00:00\",\"mainEntityOfPage\":{\"@id\":\"https:\\\/\\\/www.livemag.it\\\/index.php\\\/2025\\\/07\\\/04\\\/inzaghi-impatto-con-palermo-bellissimo-allenare-qui-e-speciale\\\/\"},\"wordCount\":1465,\"publisher\":{\"@id\":\"https:\\\/\\\/www.livemag.it\\\/#organization\"},\"image\":{\"@id\":\"https:\\\/\\\/www.livemag.it\\\/index.php\\\/2025\\\/07\\\/04\\\/inzaghi-impatto-con-palermo-bellissimo-allenare-qui-e-speciale\\\/#primaryimage\"},\"thumbnailUrl\":\"https:\\\/\\\/www.livemag.it\\\/wp-content\\\/uploads\\\/2025\\\/07\\\/20250703_2663.jpg\",\"articleSection\":[\"Mondo\"],\"inLanguage\":\"it-IT\"},{\"@type\":\"WebPage\",\"@id\":\"https:\\\/\\\/www.livemag.it\\\/index.php\\\/2025\\\/07\\\/04\\\/inzaghi-impatto-con-palermo-bellissimo-allenare-qui-e-speciale\\\/\",\"url\":\"https:\\\/\\\/www.livemag.it\\\/index.php\\\/2025\\\/07\\\/04\\\/inzaghi-impatto-con-palermo-bellissimo-allenare-qui-e-speciale\\\/\",\"name\":\"Inzaghi \u201cImpatto con Palermo bellissimo, allenare qui \u00e8 speciale\u201d - Live Magazine\",\"isPartOf\":{\"@id\":\"https:\\\/\\\/www.livemag.it\\\/#website\"},\"primaryImageOfPage\":{\"@id\":\"https:\\\/\\\/www.livemag.it\\\/index.php\\\/2025\\\/07\\\/04\\\/inzaghi-impatto-con-palermo-bellissimo-allenare-qui-e-speciale\\\/#primaryimage\"},\"image\":{\"@id\":\"https:\\\/\\\/www.livemag.it\\\/index.php\\\/2025\\\/07\\\/04\\\/inzaghi-impatto-con-palermo-bellissimo-allenare-qui-e-speciale\\\/#primaryimage\"},\"thumbnailUrl\":\"https:\\\/\\\/www.livemag.it\\\/wp-content\\\/uploads\\\/2025\\\/07\\\/20250703_2663.jpg\",\"datePublished\":\"2025-07-03T22:03:36+00:00\",\"breadcrumb\":{\"@id\":\"https:\\\/\\\/www.livemag.it\\\/index.php\\\/2025\\\/07\\\/04\\\/inzaghi-impatto-con-palermo-bellissimo-allenare-qui-e-speciale\\\/#breadcrumb\"},\"inLanguage\":\"it-IT\",\"potentialAction\":[{\"@type\":\"ReadAction\",\"target\":[\"https:\\\/\\\/www.livemag.it\\\/index.php\\\/2025\\\/07\\\/04\\\/inzaghi-impatto-con-palermo-bellissimo-allenare-qui-e-speciale\\\/\"]}]},{\"@type\":\"ImageObject\",\"inLanguage\":\"it-IT\",\"@id\":\"https:\\\/\\\/www.livemag.it\\\/index.php\\\/2025\\\/07\\\/04\\\/inzaghi-impatto-con-palermo-bellissimo-allenare-qui-e-speciale\\\/#primaryimage\",\"url\":\"https:\\\/\\\/www.livemag.it\\\/wp-content\\\/uploads\\\/2025\\\/07\\\/20250703_2663.jpg\",\"contentUrl\":\"https:\\\/\\\/www.livemag.it\\\/wp-content\\\/uploads\\\/2025\\\/07\\\/20250703_2663.jpg\",\"width\":1200,\"height\":800},{\"@type\":\"BreadcrumbList\",\"@id\":\"https:\\\/\\\/www.livemag.it\\\/index.php\\\/2025\\\/07\\\/04\\\/inzaghi-impatto-con-palermo-bellissimo-allenare-qui-e-speciale\\\/#breadcrumb\",\"itemListElement\":[{\"@type\":\"ListItem\",\"position\":1,\"name\":\"Home\",\"item\":\"https:\\\/\\\/www.livemag.it\\\/\"},{\"@type\":\"ListItem\",\"position\":2,\"name\":\"Inzaghi \u201cImpatto con Palermo bellissimo, allenare qui \u00e8 speciale\u201d\"}]},{\"@type\":\"WebSite\",\"@id\":\"https:\\\/\\\/www.livemag.it\\\/#website\",\"url\":\"https:\\\/\\\/www.livemag.it\\\/\",\"name\":\"Live Magazine\",\"description\":\"Varie ed eventi\",\"publisher\":{\"@id\":\"https:\\\/\\\/www.livemag.it\\\/#organization\"},\"potentialAction\":[{\"@type\":\"SearchAction\",\"target\":{\"@type\":\"EntryPoint\",\"urlTemplate\":\"https:\\\/\\\/www.livemag.it\\\/?s={search_term_string}\"},\"query-input\":{\"@type\":\"PropertyValueSpecification\",\"valueRequired\":true,\"valueName\":\"search_term_string\"}}],\"inLanguage\":\"it-IT\"},{\"@type\":\"Organization\",\"@id\":\"https:\\\/\\\/www.livemag.it\\\/#organization\",\"name\":\"LiveMag\",\"alternateName\":\"LiveMag News ed eventi\",\"url\":\"https:\\\/\\\/www.livemag.it\\\/\",\"logo\":{\"@type\":\"ImageObject\",\"inLanguage\":\"it-IT\",\"@id\":\"https:\\\/\\\/www.livemag.it\\\/#\\\/schema\\\/logo\\\/image\\\/\",\"url\":\"https:\\\/\\\/www.livemag.it\\\/wp-content\\\/uploads\\\/2024\\\/02\\\/immagine-sito.jpg\",\"contentUrl\":\"https:\\\/\\\/www.livemag.it\\\/wp-content\\\/uploads\\\/2024\\\/02\\\/immagine-sito.jpg\",\"width\":696,\"height\":696,\"caption\":\"LiveMag\"},\"image\":{\"@id\":\"https:\\\/\\\/www.livemag.it\\\/#\\\/schema\\\/logo\\\/image\\\/\"},\"sameAs\":[\"https:\\\/\\\/www.facebook.com\\\/LiveMag\\\/\",\"https:\\\/\\\/x.com\\\/LiveNotizie\",\"https:\\\/\\\/www.instagram.com\\\/livemag\\\/\"]},{\"@type\":\"Person\",\"@id\":\"https:\\\/\\\/www.livemag.it\\\/#\\\/schema\\\/person\\\/b62c5f44451fdcdaeb0afe6c2424e73c\",\"name\":\"italpress\",\"image\":{\"@type\":\"ImageObject\",\"inLanguage\":\"it-IT\",\"@id\":\"https:\\\/\\\/secure.gravatar.com\\\/avatar\\\/b6a21695fc713ce7ee312cf57c97e2e641feb365be72d8745574d3c3e2b59066?s=96&r=g\",\"url\":\"https:\\\/\\\/secure.gravatar.com\\\/avatar\\\/b6a21695fc713ce7ee312cf57c97e2e641feb365be72d8745574d3c3e2b59066?s=96&r=g\",\"contentUrl\":\"https:\\\/\\\/secure.gravatar.com\\\/avatar\\\/b6a21695fc713ce7ee312cf57c97e2e641feb365be72d8745574d3c3e2b59066?s=96&r=g\",\"caption\":\"italpress\"},\"description\":\"Italpress \u00e8 un'agenzia di stampa italiana a carattere nazionale.\",\"url\":\"https:\\\/\\\/www.livemag.it\\\/index.php\\\/author\\\/italpress\\\/\"}]}<\/script>\n<!-- \/ Yoast SEO plugin. -->","yoast_head_json":{"title":"Inzaghi \u201cImpatto con Palermo bellissimo, allenare qui \u00e8 speciale\u201d - Live Magazine","robots":{"index":"index","follow":"follow","max-snippet":"max-snippet:-1","max-image-preview":"max-image-preview:large","max-video-preview":"max-video-preview:-1"},"canonical":"https:\/\/www.livemag.it\/index.php\/2025\/07\/04\/inzaghi-impatto-con-palermo-bellissimo-allenare-qui-e-speciale\/","og_locale":"it_IT","og_type":"article","og_title":"Inzaghi \u201cImpatto con Palermo bellissimo, allenare qui \u00e8 speciale\u201d - Live Magazine","og_description":"PALERMO (ITALPRESS) \u2013 I tifosi gli hanno riservato un\u2019accoglienza da star e Pippo Inzaghi sa bene che ora tocca a lui e al suo gruppo ripagare tutta questa fiducia sul campo. Dopo aver portato in A anche il Pisa, l\u2019ex attaccante ha detto s\u00ec al Palermo e gi\u00e0 al suo arrivo ha potuto toccare con [&hellip;]","og_url":"https:\/\/www.livemag.it\/index.php\/2025\/07\/04\/inzaghi-impatto-con-palermo-bellissimo-allenare-qui-e-speciale\/","og_site_name":"Live Magazine","article_publisher":"https:\/\/www.facebook.com\/LiveMag\/","article_published_time":"2025-07-03T22:03:36+00:00","og_image":[{"width":1200,"height":675,"url":"https:\/\/www.livemag.it\/wp-content\/uploads\/2024\/02\/ograph.jpg","type":"image\/jpeg"}],"author":"italpress","twitter_card":"summary_large_image","twitter_creator":"@LiveNotizie","twitter_site":"@LiveNotizie","twitter_misc":{"Scritto da":"italpress","Tempo di lettura stimato":"7 minuti"},"schema":{"@context":"https:\/\/schema.org","@graph":[{"@type":"Article","@id":"https:\/\/www.livemag.it\/index.php\/2025\/07\/04\/inzaghi-impatto-con-palermo-bellissimo-allenare-qui-e-speciale\/#article","isPartOf":{"@id":"https:\/\/www.livemag.it\/index.php\/2025\/07\/04\/inzaghi-impatto-con-palermo-bellissimo-allenare-qui-e-speciale\/"},"author":{"name":"italpress","@id":"https:\/\/www.livemag.it\/#\/schema\/person\/b62c5f44451fdcdaeb0afe6c2424e73c"},"headline":"Inzaghi \u201cImpatto con Palermo bellissimo, allenare qui \u00e8 speciale\u201d","datePublished":"2025-07-03T22:03:36+00:00","mainEntityOfPage":{"@id":"https:\/\/www.livemag.it\/index.php\/2025\/07\/04\/inzaghi-impatto-con-palermo-bellissimo-allenare-qui-e-speciale\/"},"wordCount":1465,"publisher":{"@id":"https:\/\/www.livemag.it\/#organization"},"image":{"@id":"https:\/\/www.livemag.it\/index.php\/2025\/07\/04\/inzaghi-impatto-con-palermo-bellissimo-allenare-qui-e-speciale\/#primaryimage"},"thumbnailUrl":"https:\/\/www.livemag.it\/wp-content\/uploads\/2025\/07\/20250703_2663.jpg","articleSection":["Mondo"],"inLanguage":"it-IT"},{"@type":"WebPage","@id":"https:\/\/www.livemag.it\/index.php\/2025\/07\/04\/inzaghi-impatto-con-palermo-bellissimo-allenare-qui-e-speciale\/","url":"https:\/\/www.livemag.it\/index.php\/2025\/07\/04\/inzaghi-impatto-con-palermo-bellissimo-allenare-qui-e-speciale\/","name":"Inzaghi \u201cImpatto con Palermo bellissimo, allenare qui \u00e8 speciale\u201d - Live Magazine","isPartOf":{"@id":"https:\/\/www.livemag.it\/#website"},"primaryImageOfPage":{"@id":"https:\/\/www.livemag.it\/index.php\/2025\/07\/04\/inzaghi-impatto-con-palermo-bellissimo-allenare-qui-e-speciale\/#primaryimage"},"image":{"@id":"https:\/\/www.livemag.it\/index.php\/2025\/07\/04\/inzaghi-impatto-con-palermo-bellissimo-allenare-qui-e-speciale\/#primaryimage"},"thumbnailUrl":"https:\/\/www.livemag.it\/wp-content\/uploads\/2025\/07\/20250703_2663.jpg","datePublished":"2025-07-03T22:03:36+00:00","breadcrumb":{"@id":"https:\/\/www.livemag.it\/index.php\/2025\/07\/04\/inzaghi-impatto-con-palermo-bellissimo-allenare-qui-e-speciale\/#breadcrumb"},"inLanguage":"it-IT","potentialAction":[{"@type":"ReadAction","target":["https:\/\/www.livemag.it\/index.php\/2025\/07\/04\/inzaghi-impatto-con-palermo-bellissimo-allenare-qui-e-speciale\/"]}]},{"@type":"ImageObject","inLanguage":"it-IT","@id":"https:\/\/www.livemag.it\/index.php\/2025\/07\/04\/inzaghi-impatto-con-palermo-bellissimo-allenare-qui-e-speciale\/#primaryimage","url":"https:\/\/www.livemag.it\/wp-content\/uploads\/2025\/07\/20250703_2663.jpg","contentUrl":"https:\/\/www.livemag.it\/wp-content\/uploads\/2025\/07\/20250703_2663.jpg","width":1200,"height":800},{"@type":"BreadcrumbList","@id":"https:\/\/www.livemag.it\/index.php\/2025\/07\/04\/inzaghi-impatto-con-palermo-bellissimo-allenare-qui-e-speciale\/#breadcrumb","itemListElement":[{"@type":"ListItem","position":1,"name":"Home","item":"https:\/\/www.livemag.it\/"},{"@type":"ListItem","position":2,"name":"Inzaghi \u201cImpatto con Palermo bellissimo, allenare qui \u00e8 speciale\u201d"}]},{"@type":"WebSite","@id":"https:\/\/www.livemag.it\/#website","url":"https:\/\/www.livemag.it\/","name":"Live Magazine","description":"Varie ed eventi","publisher":{"@id":"https:\/\/www.livemag.it\/#organization"},"potentialAction":[{"@type":"SearchAction","target":{"@type":"EntryPoint","urlTemplate":"https:\/\/www.livemag.it\/?s={search_term_string}"},"query-input":{"@type":"PropertyValueSpecification","valueRequired":true,"valueName":"search_term_string"}}],"inLanguage":"it-IT"},{"@type":"Organization","@id":"https:\/\/www.livemag.it\/#organization","name":"LiveMag","alternateName":"LiveMag News ed eventi","url":"https:\/\/www.livemag.it\/","logo":{"@type":"ImageObject","inLanguage":"it-IT","@id":"https:\/\/www.livemag.it\/#\/schema\/logo\/image\/","url":"https:\/\/www.livemag.it\/wp-content\/uploads\/2024\/02\/immagine-sito.jpg","contentUrl":"https:\/\/www.livemag.it\/wp-content\/uploads\/2024\/02\/immagine-sito.jpg","width":696,"height":696,"caption":"LiveMag"},"image":{"@id":"https:\/\/www.livemag.it\/#\/schema\/logo\/image\/"},"sameAs":["https:\/\/www.facebook.com\/LiveMag\/","https:\/\/x.com\/LiveNotizie","https:\/\/www.instagram.com\/livemag\/"]},{"@type":"Person","@id":"https:\/\/www.livemag.it\/#\/schema\/person\/b62c5f44451fdcdaeb0afe6c2424e73c","name":"italpress","image":{"@type":"ImageObject","inLanguage":"it-IT","@id":"https:\/\/secure.gravatar.com\/avatar\/b6a21695fc713ce7ee312cf57c97e2e641feb365be72d8745574d3c3e2b59066?s=96&r=g","url":"https:\/\/secure.gravatar.com\/avatar\/b6a21695fc713ce7ee312cf57c97e2e641feb365be72d8745574d3c3e2b59066?s=96&r=g","contentUrl":"https:\/\/secure.gravatar.com\/avatar\/b6a21695fc713ce7ee312cf57c97e2e641feb365be72d8745574d3c3e2b59066?s=96&r=g","caption":"italpress"},"description":"Italpress \u00e8 un'agenzia di stampa italiana a carattere nazionale.","url":"https:\/\/www.livemag.it\/index.php\/author\/italpress\/"}]}},"jetpack_featured_media_url":"https:\/\/www.livemag.it\/wp-content\/uploads\/2025\/07\/20250703_2663.jpg","_links":{"self":[{"href":"https:\/\/www.livemag.it\/index.php\/wp-json\/wp\/v2\/posts\/54438","targetHints":{"allow":["GET"]}}],"collection":[{"href":"https:\/\/www.livemag.it\/index.php\/wp-json\/wp\/v2\/posts"}],"about":[{"href":"https:\/\/www.livemag.it\/index.php\/wp-json\/wp\/v2\/types\/post"}],"author":[{"embeddable":true,"href":"https:\/\/www.livemag.it\/index.php\/wp-json\/wp\/v2\/users\/16"}],"replies":[{"embeddable":true,"href":"https:\/\/www.livemag.it\/index.php\/wp-json\/wp\/v2\/comments?post=54438"}],"version-history":[{"count":0,"href":"https:\/\/www.livemag.it\/index.php\/wp-json\/wp\/v2\/posts\/54438\/revisions"}],"wp:featuredmedia":[{"embeddable":true,"href":"https:\/\/www.livemag.it\/index.php\/wp-json\/wp\/v2\/media\/54439"}],"wp:attachment":[{"href":"https:\/\/www.livemag.it\/index.php\/wp-json\/wp\/v2\/media?parent=54438"}],"wp:term":[{"taxonomy":"category","embeddable":true,"href":"https:\/\/www.livemag.it\/index.php\/wp-json\/wp\/v2\/categories?post=54438"},{"taxonomy":"post_tag","embeddable":true,"href":"https:\/\/www.livemag.it\/index.php\/wp-json\/wp\/v2\/tags?post=54438"}],"curies":[{"name":"wp","href":"https:\/\/api.w.org\/{rel}","templated":true}]}}