{"id":54434,"date":"2025-07-04T00:03:32","date_gmt":"2025-07-03T22:03:32","guid":{"rendered":"https:\/\/www.livemag.it\/index.php\/2025\/07\/04\/eccellenze-produttive-un-francobollo-celebra-125-anni-bayer-in-italia\/"},"modified":"2025-07-04T00:03:32","modified_gmt":"2025-07-03T22:03:32","slug":"eccellenze-produttive-un-francobollo-celebra-125-anni-bayer-in-italia","status":"publish","type":"post","link":"https:\/\/www.livemag.it\/index.php\/2025\/07\/04\/eccellenze-produttive-un-francobollo-celebra-125-anni-bayer-in-italia\/","title":{"rendered":"Eccellenze produttive, un francobollo celebra 125 anni Bayer in Italia"},"content":{"rendered":"<div>\n<p>MILANO (ITALPRESS) \u2013 Evento a Milano per festeggiare i 125 anni di Bayer in Italia. Per celebrare l\u2019anniversario \u00e8 stato emesso un francobollo, parte della serie tematica \u201cLe eccellenze del sistema produttivo e del Made in Italy\u201d e, nella storica sede milanese della multinazionale si \u00e8 svolta la cerimonia ufficiale di annullo filatelico. Il francobollo, stampato dall\u2019Istituto Poligrafico e Zecca dello Stato Spa in 225mila esemplari, \u00e8 stato curato dal bozzettista Matias Hermo e simboleggia i tre campi di competenza di Bayer: agricoltura, farmaci di automedicazione e terapie innovative per la salute. \u201cBayer \u2013 ha detto durante l\u2019evento Monica Poggio, AD di Bayer Italia \u2013 ha un legame profondo con il Paese, siamo presenti dal 1899 quando \u00e8 stato aperto il primo ufficio commerciale a Milano. Il francobollo celebrativo emesso dal Ministero delle Imprese e del Made in Italy e distribuito da Poste Italiane, \u00e8 per noi motivo di grandissimo orgoglio. Non \u00e8 solo un riconoscimento simbolico, ma un omaggio al dialogo costante tra scienza, industria e societ\u00e0\u201d.<br \/>Il Ministro Adolfo Urso, non potendo essere fisicamente presente, ha inviato un messaggio: \u201cDesidero esprimere gratitudine al team Bayer di oggi e a quelli che l\u2019hanno preceduto. In Italia<br \/>Bayer ha saputo unire tradizione e innovazione, contribuendo a rafforzare la nostra economia, a valorizzare i nostri talenti e a difendere la salute dei cittadini, il tutto garantendo la sostenibilit\u00e0 ambientale. E\u2019 questo il futuro che vogliamo per l\u2019Italia e la Ue, dove l\u2019industria sia al centro della<br \/>strategia di sviluppo\u201d.<br \/>La cerimonia di annullo filatelico \u00e8 stata guidata da Poste Italiane e presieduta da Alessia Cappello, assessore allo Sviluppo Economico e alle Politiche del Lavoro del Comune di Milano: \u201cBayer \u2013 ha detto Alessia Cappello \u2013 \u00e8 un\u2019azienda che investe tantissimo in innovazione e ricerca su tematiche importanti come salute e agricoltura. Sono anche i temi che ci rendono famosi in tutto il mondo e soprattutto in Europa. Ecco perch\u00e8 il contributo sociale ed economico di Bayer \u00e8 importantissimo\u201d, ha detto al microfono di Italpress.<br \/>Con l\u2019evento milanese, Bayer Italia ha festeggiato s\u00ec il passato ma con lo sguardo verso il futuro. Si sono infatti tenuti due talk, uno dedicato alla salute dal titolo \u201cIl futuro inizia oggi\u201d e uno dedicato all\u2019agricoltura, intitolato \u201cInnovazione agricoltura per un\u2019Europa pi\u00f9 competitiva\u201d. I talk<br \/>hanno avuto come filo conduttore proprio l\u2019approccio di Bayer all\u2019innovazione e la necessit\u00e0 che questa abbia un impatto concreto sulla vita delle persone.<br \/>Il francobollo Bayer e i prodotti filatelici correlati possono essere acquistati presso gli Uffici Postali abilitati, \u201cSpazio Filatelia\u201d di Firenze, Genova, Milano, Napoli, Roma, Roma 1, Torino, Trieste, Verona e sul sito filatelia.poste.it. L\u2019annullo del primo giorno di emissione sar\u00e0 disponibile per 60 giorni lavorativi presso lo Sportello Filatelico dell\u2019Ufficio Postale di Milano 9, in viale Sabotino 21\/A. Al termine di questo periodo, il timbro sar\u00e0 conservato presso il Museo<br \/>Storico delle Poste e delle Comunicazioni di Roma, entrando a far parte del patrimonio filatelico nazionale.<br \/>-foto f03\/Italpress \u2013<br \/>(ITALPRESS).<\/p>\n<\/div>\n","protected":false},"excerpt":{"rendered":"<p>MILANO (ITALPRESS) \u2013 Evento a Milano per festeggiare i 125 anni di Bayer in Italia. Per celebrare l\u2019anniversario \u00e8 stato emesso un francobollo, parte della serie tematica \u201cLe eccellenze del sistema produttivo e del Made in Italy\u201d e, nella storica sede milanese della multinazionale si \u00e8 svolta la cerimonia ufficiale di annullo filatelico. Il francobollo, [&hellip;]<\/p>\n","protected":false},"author":16,"featured_media":54435,"comment_status":"closed","ping_status":"closed","sticky":false,"template":"","format":"standard","meta":{"jnews-multi-image_gallery":[],"jnews_single_post":[],"jnews_primary_category":[],"jnews_social_meta":[],"jnews_override_counter":[],"jnews_post_split":[],"footnotes":""},"categories":[1129],"tags":[],"class_list":["post-54434","post","type-post","status-publish","format-standard","has-post-thumbnail","hentry","category-mondo"],"yoast_head":"<!-- This site is optimized with the Yoast SEO plugin v27.5 - https:\/\/yoast.com\/product\/yoast-seo-wordpress\/ -->\n<title>Eccellenze produttive, un francobollo celebra 125 anni Bayer in Italia - Live Magazine<\/title>\n<meta name=\"robots\" content=\"index, follow, max-snippet:-1, max-image-preview:large, max-video-preview:-1\" \/>\n<link rel=\"canonical\" href=\"https:\/\/www.livemag.it\/index.php\/2025\/07\/04\/eccellenze-produttive-un-francobollo-celebra-125-anni-bayer-in-italia\/\" \/>\n<meta property=\"og:locale\" content=\"it_IT\" \/>\n<meta property=\"og:type\" content=\"article\" \/>\n<meta property=\"og:title\" content=\"Eccellenze produttive, un francobollo celebra 125 anni Bayer in Italia - Live Magazine\" \/>\n<meta property=\"og:description\" content=\"MILANO (ITALPRESS) \u2013 Evento a Milano per festeggiare i 125 anni di Bayer in Italia. Per celebrare l\u2019anniversario \u00e8 stato emesso un francobollo, parte della serie tematica \u201cLe eccellenze del sistema produttivo e del Made in Italy\u201d e, nella storica sede milanese della multinazionale si \u00e8 svolta la cerimonia ufficiale di annullo filatelico. Il francobollo, [&hellip;]\" \/>\n<meta property=\"og:url\" content=\"https:\/\/www.livemag.it\/index.php\/2025\/07\/04\/eccellenze-produttive-un-francobollo-celebra-125-anni-bayer-in-italia\/\" \/>\n<meta property=\"og:site_name\" content=\"Live Magazine\" \/>\n<meta property=\"article:publisher\" content=\"https:\/\/www.facebook.com\/LiveMag\/\" \/>\n<meta property=\"article:published_time\" content=\"2025-07-03T22:03:32+00:00\" \/>\n<meta property=\"og:image\" content=\"https:\/\/www.livemag.it\/wp-content\/uploads\/2024\/02\/ograph.jpg\" \/>\n\t<meta property=\"og:image:width\" content=\"1200\" \/>\n\t<meta property=\"og:image:height\" content=\"675\" \/>\n\t<meta property=\"og:image:type\" content=\"image\/jpeg\" \/>\n<meta name=\"author\" content=\"italpress\" \/>\n<meta name=\"twitter:card\" content=\"summary_large_image\" \/>\n<meta name=\"twitter:creator\" content=\"@LiveNotizie\" \/>\n<meta name=\"twitter:site\" content=\"@LiveNotizie\" \/>\n<meta name=\"twitter:label1\" content=\"Scritto da\" \/>\n\t<meta name=\"twitter:data1\" content=\"italpress\" \/>\n\t<meta name=\"twitter:label2\" content=\"Tempo di lettura stimato\" \/>\n\t<meta name=\"twitter:data2\" content=\"2 minuti\" \/>\n<script type=\"application\/ld+json\" class=\"yoast-schema-graph\">{\"@context\":\"https:\\\/\\\/schema.org\",\"@graph\":[{\"@type\":\"Article\",\"@id\":\"https:\\\/\\\/www.livemag.it\\\/index.php\\\/2025\\\/07\\\/04\\\/eccellenze-produttive-un-francobollo-celebra-125-anni-bayer-in-italia\\\/#article\",\"isPartOf\":{\"@id\":\"https:\\\/\\\/www.livemag.it\\\/index.php\\\/2025\\\/07\\\/04\\\/eccellenze-produttive-un-francobollo-celebra-125-anni-bayer-in-italia\\\/\"},\"author\":{\"name\":\"italpress\",\"@id\":\"https:\\\/\\\/www.livemag.it\\\/#\\\/schema\\\/person\\\/b62c5f44451fdcdaeb0afe6c2424e73c\"},\"headline\":\"Eccellenze produttive, un francobollo celebra 125 anni Bayer in Italia\",\"datePublished\":\"2025-07-03T22:03:32+00:00\",\"mainEntityOfPage\":{\"@id\":\"https:\\\/\\\/www.livemag.it\\\/index.php\\\/2025\\\/07\\\/04\\\/eccellenze-produttive-un-francobollo-celebra-125-anni-bayer-in-italia\\\/\"},\"wordCount\":494,\"publisher\":{\"@id\":\"https:\\\/\\\/www.livemag.it\\\/#organization\"},\"image\":{\"@id\":\"https:\\\/\\\/www.livemag.it\\\/index.php\\\/2025\\\/07\\\/04\\\/eccellenze-produttive-un-francobollo-celebra-125-anni-bayer-in-italia\\\/#primaryimage\"},\"thumbnailUrl\":\"https:\\\/\\\/www.livemag.it\\\/wp-content\\\/uploads\\\/2025\\\/07\\\/20250703_2415.jpg\",\"articleSection\":[\"Mondo\"],\"inLanguage\":\"it-IT\"},{\"@type\":\"WebPage\",\"@id\":\"https:\\\/\\\/www.livemag.it\\\/index.php\\\/2025\\\/07\\\/04\\\/eccellenze-produttive-un-francobollo-celebra-125-anni-bayer-in-italia\\\/\",\"url\":\"https:\\\/\\\/www.livemag.it\\\/index.php\\\/2025\\\/07\\\/04\\\/eccellenze-produttive-un-francobollo-celebra-125-anni-bayer-in-italia\\\/\",\"name\":\"Eccellenze produttive, un francobollo celebra 125 anni Bayer in Italia - Live Magazine\",\"isPartOf\":{\"@id\":\"https:\\\/\\\/www.livemag.it\\\/#website\"},\"primaryImageOfPage\":{\"@id\":\"https:\\\/\\\/www.livemag.it\\\/index.php\\\/2025\\\/07\\\/04\\\/eccellenze-produttive-un-francobollo-celebra-125-anni-bayer-in-italia\\\/#primaryimage\"},\"image\":{\"@id\":\"https:\\\/\\\/www.livemag.it\\\/index.php\\\/2025\\\/07\\\/04\\\/eccellenze-produttive-un-francobollo-celebra-125-anni-bayer-in-italia\\\/#primaryimage\"},\"thumbnailUrl\":\"https:\\\/\\\/www.livemag.it\\\/wp-content\\\/uploads\\\/2025\\\/07\\\/20250703_2415.jpg\",\"datePublished\":\"2025-07-03T22:03:32+00:00\",\"breadcrumb\":{\"@id\":\"https:\\\/\\\/www.livemag.it\\\/index.php\\\/2025\\\/07\\\/04\\\/eccellenze-produttive-un-francobollo-celebra-125-anni-bayer-in-italia\\\/#breadcrumb\"},\"inLanguage\":\"it-IT\",\"potentialAction\":[{\"@type\":\"ReadAction\",\"target\":[\"https:\\\/\\\/www.livemag.it\\\/index.php\\\/2025\\\/07\\\/04\\\/eccellenze-produttive-un-francobollo-celebra-125-anni-bayer-in-italia\\\/\"]}]},{\"@type\":\"ImageObject\",\"inLanguage\":\"it-IT\",\"@id\":\"https:\\\/\\\/www.livemag.it\\\/index.php\\\/2025\\\/07\\\/04\\\/eccellenze-produttive-un-francobollo-celebra-125-anni-bayer-in-italia\\\/#primaryimage\",\"url\":\"https:\\\/\\\/www.livemag.it\\\/wp-content\\\/uploads\\\/2025\\\/07\\\/20250703_2415.jpg\",\"contentUrl\":\"https:\\\/\\\/www.livemag.it\\\/wp-content\\\/uploads\\\/2025\\\/07\\\/20250703_2415.jpg\",\"width\":1200,\"height\":677},{\"@type\":\"BreadcrumbList\",\"@id\":\"https:\\\/\\\/www.livemag.it\\\/index.php\\\/2025\\\/07\\\/04\\\/eccellenze-produttive-un-francobollo-celebra-125-anni-bayer-in-italia\\\/#breadcrumb\",\"itemListElement\":[{\"@type\":\"ListItem\",\"position\":1,\"name\":\"Home\",\"item\":\"https:\\\/\\\/www.livemag.it\\\/\"},{\"@type\":\"ListItem\",\"position\":2,\"name\":\"Eccellenze produttive, un francobollo celebra 125 anni Bayer in Italia\"}]},{\"@type\":\"WebSite\",\"@id\":\"https:\\\/\\\/www.livemag.it\\\/#website\",\"url\":\"https:\\\/\\\/www.livemag.it\\\/\",\"name\":\"Live Magazine\",\"description\":\"Varie ed eventi\",\"publisher\":{\"@id\":\"https:\\\/\\\/www.livemag.it\\\/#organization\"},\"potentialAction\":[{\"@type\":\"SearchAction\",\"target\":{\"@type\":\"EntryPoint\",\"urlTemplate\":\"https:\\\/\\\/www.livemag.it\\\/?s={search_term_string}\"},\"query-input\":{\"@type\":\"PropertyValueSpecification\",\"valueRequired\":true,\"valueName\":\"search_term_string\"}}],\"inLanguage\":\"it-IT\"},{\"@type\":\"Organization\",\"@id\":\"https:\\\/\\\/www.livemag.it\\\/#organization\",\"name\":\"LiveMag\",\"alternateName\":\"LiveMag News ed eventi\",\"url\":\"https:\\\/\\\/www.livemag.it\\\/\",\"logo\":{\"@type\":\"ImageObject\",\"inLanguage\":\"it-IT\",\"@id\":\"https:\\\/\\\/www.livemag.it\\\/#\\\/schema\\\/logo\\\/image\\\/\",\"url\":\"https:\\\/\\\/www.livemag.it\\\/wp-content\\\/uploads\\\/2024\\\/02\\\/immagine-sito.jpg\",\"contentUrl\":\"https:\\\/\\\/www.livemag.it\\\/wp-content\\\/uploads\\\/2024\\\/02\\\/immagine-sito.jpg\",\"width\":696,\"height\":696,\"caption\":\"LiveMag\"},\"image\":{\"@id\":\"https:\\\/\\\/www.livemag.it\\\/#\\\/schema\\\/logo\\\/image\\\/\"},\"sameAs\":[\"https:\\\/\\\/www.facebook.com\\\/LiveMag\\\/\",\"https:\\\/\\\/x.com\\\/LiveNotizie\",\"https:\\\/\\\/www.instagram.com\\\/livemag\\\/\"]},{\"@type\":\"Person\",\"@id\":\"https:\\\/\\\/www.livemag.it\\\/#\\\/schema\\\/person\\\/b62c5f44451fdcdaeb0afe6c2424e73c\",\"name\":\"italpress\",\"image\":{\"@type\":\"ImageObject\",\"inLanguage\":\"it-IT\",\"@id\":\"https:\\\/\\\/secure.gravatar.com\\\/avatar\\\/b6a21695fc713ce7ee312cf57c97e2e641feb365be72d8745574d3c3e2b59066?s=96&r=g\",\"url\":\"https:\\\/\\\/secure.gravatar.com\\\/avatar\\\/b6a21695fc713ce7ee312cf57c97e2e641feb365be72d8745574d3c3e2b59066?s=96&r=g\",\"contentUrl\":\"https:\\\/\\\/secure.gravatar.com\\\/avatar\\\/b6a21695fc713ce7ee312cf57c97e2e641feb365be72d8745574d3c3e2b59066?s=96&r=g\",\"caption\":\"italpress\"},\"description\":\"Italpress \u00e8 un'agenzia di stampa italiana a carattere nazionale.\",\"url\":\"https:\\\/\\\/www.livemag.it\\\/index.php\\\/author\\\/italpress\\\/\"}]}<\/script>\n<!-- \/ Yoast SEO plugin. -->","yoast_head_json":{"title":"Eccellenze produttive, un francobollo celebra 125 anni Bayer in Italia - Live Magazine","robots":{"index":"index","follow":"follow","max-snippet":"max-snippet:-1","max-image-preview":"max-image-preview:large","max-video-preview":"max-video-preview:-1"},"canonical":"https:\/\/www.livemag.it\/index.php\/2025\/07\/04\/eccellenze-produttive-un-francobollo-celebra-125-anni-bayer-in-italia\/","og_locale":"it_IT","og_type":"article","og_title":"Eccellenze produttive, un francobollo celebra 125 anni Bayer in Italia - Live Magazine","og_description":"MILANO (ITALPRESS) \u2013 Evento a Milano per festeggiare i 125 anni di Bayer in Italia. Per celebrare l\u2019anniversario \u00e8 stato emesso un francobollo, parte della serie tematica \u201cLe eccellenze del sistema produttivo e del Made in Italy\u201d e, nella storica sede milanese della multinazionale si \u00e8 svolta la cerimonia ufficiale di annullo filatelico. Il francobollo, [&hellip;]","og_url":"https:\/\/www.livemag.it\/index.php\/2025\/07\/04\/eccellenze-produttive-un-francobollo-celebra-125-anni-bayer-in-italia\/","og_site_name":"Live Magazine","article_publisher":"https:\/\/www.facebook.com\/LiveMag\/","article_published_time":"2025-07-03T22:03:32+00:00","og_image":[{"width":1200,"height":675,"url":"https:\/\/www.livemag.it\/wp-content\/uploads\/2024\/02\/ograph.jpg","type":"image\/jpeg"}],"author":"italpress","twitter_card":"summary_large_image","twitter_creator":"@LiveNotizie","twitter_site":"@LiveNotizie","twitter_misc":{"Scritto da":"italpress","Tempo di lettura stimato":"2 minuti"},"schema":{"@context":"https:\/\/schema.org","@graph":[{"@type":"Article","@id":"https:\/\/www.livemag.it\/index.php\/2025\/07\/04\/eccellenze-produttive-un-francobollo-celebra-125-anni-bayer-in-italia\/#article","isPartOf":{"@id":"https:\/\/www.livemag.it\/index.php\/2025\/07\/04\/eccellenze-produttive-un-francobollo-celebra-125-anni-bayer-in-italia\/"},"author":{"name":"italpress","@id":"https:\/\/www.livemag.it\/#\/schema\/person\/b62c5f44451fdcdaeb0afe6c2424e73c"},"headline":"Eccellenze produttive, un francobollo celebra 125 anni Bayer in Italia","datePublished":"2025-07-03T22:03:32+00:00","mainEntityOfPage":{"@id":"https:\/\/www.livemag.it\/index.php\/2025\/07\/04\/eccellenze-produttive-un-francobollo-celebra-125-anni-bayer-in-italia\/"},"wordCount":494,"publisher":{"@id":"https:\/\/www.livemag.it\/#organization"},"image":{"@id":"https:\/\/www.livemag.it\/index.php\/2025\/07\/04\/eccellenze-produttive-un-francobollo-celebra-125-anni-bayer-in-italia\/#primaryimage"},"thumbnailUrl":"https:\/\/www.livemag.it\/wp-content\/uploads\/2025\/07\/20250703_2415.jpg","articleSection":["Mondo"],"inLanguage":"it-IT"},{"@type":"WebPage","@id":"https:\/\/www.livemag.it\/index.php\/2025\/07\/04\/eccellenze-produttive-un-francobollo-celebra-125-anni-bayer-in-italia\/","url":"https:\/\/www.livemag.it\/index.php\/2025\/07\/04\/eccellenze-produttive-un-francobollo-celebra-125-anni-bayer-in-italia\/","name":"Eccellenze produttive, un francobollo celebra 125 anni Bayer in Italia - Live Magazine","isPartOf":{"@id":"https:\/\/www.livemag.it\/#website"},"primaryImageOfPage":{"@id":"https:\/\/www.livemag.it\/index.php\/2025\/07\/04\/eccellenze-produttive-un-francobollo-celebra-125-anni-bayer-in-italia\/#primaryimage"},"image":{"@id":"https:\/\/www.livemag.it\/index.php\/2025\/07\/04\/eccellenze-produttive-un-francobollo-celebra-125-anni-bayer-in-italia\/#primaryimage"},"thumbnailUrl":"https:\/\/www.livemag.it\/wp-content\/uploads\/2025\/07\/20250703_2415.jpg","datePublished":"2025-07-03T22:03:32+00:00","breadcrumb":{"@id":"https:\/\/www.livemag.it\/index.php\/2025\/07\/04\/eccellenze-produttive-un-francobollo-celebra-125-anni-bayer-in-italia\/#breadcrumb"},"inLanguage":"it-IT","potentialAction":[{"@type":"ReadAction","target":["https:\/\/www.livemag.it\/index.php\/2025\/07\/04\/eccellenze-produttive-un-francobollo-celebra-125-anni-bayer-in-italia\/"]}]},{"@type":"ImageObject","inLanguage":"it-IT","@id":"https:\/\/www.livemag.it\/index.php\/2025\/07\/04\/eccellenze-produttive-un-francobollo-celebra-125-anni-bayer-in-italia\/#primaryimage","url":"https:\/\/www.livemag.it\/wp-content\/uploads\/2025\/07\/20250703_2415.jpg","contentUrl":"https:\/\/www.livemag.it\/wp-content\/uploads\/2025\/07\/20250703_2415.jpg","width":1200,"height":677},{"@type":"BreadcrumbList","@id":"https:\/\/www.livemag.it\/index.php\/2025\/07\/04\/eccellenze-produttive-un-francobollo-celebra-125-anni-bayer-in-italia\/#breadcrumb","itemListElement":[{"@type":"ListItem","position":1,"name":"Home","item":"https:\/\/www.livemag.it\/"},{"@type":"ListItem","position":2,"name":"Eccellenze produttive, un francobollo celebra 125 anni Bayer in Italia"}]},{"@type":"WebSite","@id":"https:\/\/www.livemag.it\/#website","url":"https:\/\/www.livemag.it\/","name":"Live Magazine","description":"Varie ed eventi","publisher":{"@id":"https:\/\/www.livemag.it\/#organization"},"potentialAction":[{"@type":"SearchAction","target":{"@type":"EntryPoint","urlTemplate":"https:\/\/www.livemag.it\/?s={search_term_string}"},"query-input":{"@type":"PropertyValueSpecification","valueRequired":true,"valueName":"search_term_string"}}],"inLanguage":"it-IT"},{"@type":"Organization","@id":"https:\/\/www.livemag.it\/#organization","name":"LiveMag","alternateName":"LiveMag News ed eventi","url":"https:\/\/www.livemag.it\/","logo":{"@type":"ImageObject","inLanguage":"it-IT","@id":"https:\/\/www.livemag.it\/#\/schema\/logo\/image\/","url":"https:\/\/www.livemag.it\/wp-content\/uploads\/2024\/02\/immagine-sito.jpg","contentUrl":"https:\/\/www.livemag.it\/wp-content\/uploads\/2024\/02\/immagine-sito.jpg","width":696,"height":696,"caption":"LiveMag"},"image":{"@id":"https:\/\/www.livemag.it\/#\/schema\/logo\/image\/"},"sameAs":["https:\/\/www.facebook.com\/LiveMag\/","https:\/\/x.com\/LiveNotizie","https:\/\/www.instagram.com\/livemag\/"]},{"@type":"Person","@id":"https:\/\/www.livemag.it\/#\/schema\/person\/b62c5f44451fdcdaeb0afe6c2424e73c","name":"italpress","image":{"@type":"ImageObject","inLanguage":"it-IT","@id":"https:\/\/secure.gravatar.com\/avatar\/b6a21695fc713ce7ee312cf57c97e2e641feb365be72d8745574d3c3e2b59066?s=96&r=g","url":"https:\/\/secure.gravatar.com\/avatar\/b6a21695fc713ce7ee312cf57c97e2e641feb365be72d8745574d3c3e2b59066?s=96&r=g","contentUrl":"https:\/\/secure.gravatar.com\/avatar\/b6a21695fc713ce7ee312cf57c97e2e641feb365be72d8745574d3c3e2b59066?s=96&r=g","caption":"italpress"},"description":"Italpress \u00e8 un'agenzia di stampa italiana a carattere nazionale.","url":"https:\/\/www.livemag.it\/index.php\/author\/italpress\/"}]}},"jetpack_featured_media_url":"https:\/\/www.livemag.it\/wp-content\/uploads\/2025\/07\/20250703_2415.jpg","_links":{"self":[{"href":"https:\/\/www.livemag.it\/index.php\/wp-json\/wp\/v2\/posts\/54434","targetHints":{"allow":["GET"]}}],"collection":[{"href":"https:\/\/www.livemag.it\/index.php\/wp-json\/wp\/v2\/posts"}],"about":[{"href":"https:\/\/www.livemag.it\/index.php\/wp-json\/wp\/v2\/types\/post"}],"author":[{"embeddable":true,"href":"https:\/\/www.livemag.it\/index.php\/wp-json\/wp\/v2\/users\/16"}],"replies":[{"embeddable":true,"href":"https:\/\/www.livemag.it\/index.php\/wp-json\/wp\/v2\/comments?post=54434"}],"version-history":[{"count":0,"href":"https:\/\/www.livemag.it\/index.php\/wp-json\/wp\/v2\/posts\/54434\/revisions"}],"wp:featuredmedia":[{"embeddable":true,"href":"https:\/\/www.livemag.it\/index.php\/wp-json\/wp\/v2\/media\/54435"}],"wp:attachment":[{"href":"https:\/\/www.livemag.it\/index.php\/wp-json\/wp\/v2\/media?parent=54434"}],"wp:term":[{"taxonomy":"category","embeddable":true,"href":"https:\/\/www.livemag.it\/index.php\/wp-json\/wp\/v2\/categories?post=54434"},{"taxonomy":"post_tag","embeddable":true,"href":"https:\/\/www.livemag.it\/index.php\/wp-json\/wp\/v2\/tags?post=54434"}],"curies":[{"name":"wp","href":"https:\/\/api.w.org\/{rel}","templated":true}]}}