{"id":54416,"date":"2025-07-03T18:03:03","date_gmt":"2025-07-03T16:03:03","guid":{"rendered":"https:\/\/www.livemag.it\/index.php\/2025\/07\/03\/meloni-sicurezza-sul-lavoro-priorita-del-governo\/"},"modified":"2025-07-03T18:03:03","modified_gmt":"2025-07-03T16:03:03","slug":"meloni-sicurezza-sul-lavoro-priorita-del-governo","status":"publish","type":"post","link":"https:\/\/www.livemag.it\/index.php\/2025\/07\/03\/meloni-sicurezza-sul-lavoro-priorita-del-governo\/","title":{"rendered":"Meloni \u201cSicurezza sul lavoro priorit\u00e0 del Governo\u201d"},"content":{"rendered":"<div>\n<p>ROMA (ITALPRESS) \u2013 <em>\u201cGarantire la salute e la sicurezza sul lavoro \u00e8 una priorit\u00e0 dell\u2019azione di questo Governo. A testimoniarlo sono i tanti provvedimenti che abbiamo adottato fin dal nostro insediamento e che hanno interessato i diversi ambiti che ruotano attorno a questa materia\u201d<\/em>. Cos\u00ec i<strong>l presidente del Consiglio, Giorgia Meloni, in un videomessaggio alla presentazione della Relazione Annuale dell\u2019Inail.<br \/>\n<\/strong><br \/>\n<em>\u201cAbbiamo introdotto la cosiddetta patente a crediti, obbligatoria per imprese e lavoratori autonomi che intendano operare nell\u2019ambito dei cantieri edili. Abbiamo disposto l\u2019assunzione di nuovo personale ispettivo per incrementare sensibilmente il numero delle ispezioni e dei controlli e abbiamo stanziato risorse importanti per premiare le imprese che investono in prevenzione<\/em> \u2013 aggiunge Meloni -. <em>Ma siamo intervenuti anche sul piano delle sanzioni, sia amministrative che penali, reintroducendo ad esempio il reato di somministrazione illecita di lavoro, fattispecie che era stata depenalizzata in passato ma che risulta essere la pi\u00f9 in crescita nel tempo, spesso dissimulata da contratti di appalto e distacchi fittizi. E stiamo contrastando con forza e determinazione il caporalato, perch\u00e8 lo sfruttamento del lavoro \u00e8 un crimine odioso che una Nazione civile e degna di questo nome non potr\u00e0 mai accettare\u201d.<br \/>\n<\/em><br \/>\n<em>\u201cSiamo consapevoli, per\u00f2, che il cammino che abbiamo davanti \u00e8 un cammino ancora lungo, perch\u00e8 ogni vita spezzata e ogni infortunio sul posto di lavoro rappresentano una sconfitta per ciascuno di noi. Aveva ragione Papa Francesco quando diceva che \u201cla sicurezza sul lavoro \u00e8 come l\u2019aria che respiriamo: ci accorgiamo della sua importanza solo quando viene tragicamente a mancare, ed \u00e8 sempre troppo tardi\u201d<\/em> \u2013 sottolinea il premier -. <em>Ecco perch\u00e8 il Governo, insieme all\u2019INAIL, ha deciso di fare un passo avanti in questo percorso e ha reperito altri 650 milioni di euro da investire in misure concrete, in particolare sul fronte della diffusione della cultura della prevenzione. Risorse che si aggiungono ai 600 milioni gi\u00e0 disponibili per i bandi ISI e che portano la somma complessiva disponibile per il 2025 ad oltre un miliardo e 200 milioni di euro. Il Ministro Calderone sta coordinando il confronto con le parti sociali e sta lavorando, insieme all\u2019INAIL, per definire tecnicamente i provvedimenti e impiegare al meglio le risorse che abbiamo liberato. Alcuni di questi provvedimenti sono gi\u00e0 noti, dal potenziamento del sistema del bonus-malus per le aziende virtuose all\u2019estensione della copertura assicurativa nelle scuole, ma il nostro scopo \u00e8 quello di dare vita \u2013 anche grazie al dialogo proficuo con le organizzazioni sindacali e con chi ogni giorno si occupa di questi temi \u2013 ad un Piano straordinario di interventi per la salute e la sicurezza sul lavoro, che sia in grado di rafforzare la nostra azione comune e di renderla ancora pi\u00f9 incisiva\u201d.<br \/>\n<\/em><br \/>\n<em>\u201cPossiamo contare, in questo percorso, sul contributo decisivo garantito dall\u2019INAIL, dalle sue professionalit\u00e0 e dalle sue competenze. L\u2019Istituto \u00e8 uno dei fiori all\u2019occhiello del nostro welfare, e noi siamo convinti che il suo contributo possa essere e sia determinante per diffondere la cultura della prevenzione, innovare l\u2019impianto normativo e renderlo al passo coi cambiamenti del mondo del lavoro, migliorare le prestazioni sociosanitarie e valorizzare la ricerca<\/em> \u2013 conclude Meloni -. <em>La sicurezza sul lavoro non \u00e8 mai un costo, magari superfluo o che pu\u00f2 essere tagliato. <strong>E\u2019 un diritto di ogni lavoratore, un valore, un dovere che le Istituzioni devono promuovere giorno dopo giorno<\/strong>. E il Governo far\u00e0 sempre la propria parte in questa sfida, perch\u00e8 \u00e8 su temi e priorit\u00e0 come queste che si misura la civilt\u00e0 di una Nazione e quanto un popolo ha a cuore il proprio presente e il proprio futuro\u201d.<\/em><\/p>\n<p>\u2013 Foto IPA Agency \u2013<\/p>\n<p>(ITALPRESS).<\/p>\n<\/div>\n","protected":false},"excerpt":{"rendered":"<p>ROMA (ITALPRESS) \u2013 \u201cGarantire la salute e la sicurezza sul lavoro \u00e8 una priorit\u00e0 dell\u2019azione di questo Governo. A testimoniarlo sono i tanti provvedimenti che abbiamo adottato fin dal nostro insediamento e che hanno interessato i diversi ambiti che ruotano attorno a questa materia\u201d. Cos\u00ec il presidente del Consiglio, Giorgia Meloni, in un videomessaggio alla [&hellip;]<\/p>\n","protected":false},"author":16,"featured_media":54417,"comment_status":"closed","ping_status":"closed","sticky":false,"template":"","format":"standard","meta":{"jnews-multi-image_gallery":[],"jnews_single_post":[],"jnews_primary_category":[],"jnews_social_meta":[],"jnews_override_counter":[],"jnews_post_split":[],"footnotes":""},"categories":[1129],"tags":[],"class_list":["post-54416","post","type-post","status-publish","format-standard","has-post-thumbnail","hentry","category-mondo"],"yoast_head":"<!-- This site is optimized with the Yoast SEO plugin v27.5 - https:\/\/yoast.com\/product\/yoast-seo-wordpress\/ -->\n<title>Meloni \u201cSicurezza sul lavoro priorit\u00e0 del Governo\u201d - Live Magazine<\/title>\n<meta name=\"robots\" content=\"index, follow, max-snippet:-1, max-image-preview:large, max-video-preview:-1\" \/>\n<link rel=\"canonical\" href=\"https:\/\/www.livemag.it\/index.php\/2025\/07\/03\/meloni-sicurezza-sul-lavoro-priorita-del-governo\/\" \/>\n<meta property=\"og:locale\" content=\"it_IT\" \/>\n<meta property=\"og:type\" content=\"article\" \/>\n<meta property=\"og:title\" content=\"Meloni \u201cSicurezza sul lavoro priorit\u00e0 del Governo\u201d - Live Magazine\" \/>\n<meta property=\"og:description\" content=\"ROMA (ITALPRESS) \u2013 \u201cGarantire la salute e la sicurezza sul lavoro \u00e8 una priorit\u00e0 dell\u2019azione di questo Governo. A testimoniarlo sono i tanti provvedimenti che abbiamo adottato fin dal nostro insediamento e che hanno interessato i diversi ambiti che ruotano attorno a questa materia\u201d. Cos\u00ec il presidente del Consiglio, Giorgia Meloni, in un videomessaggio alla [&hellip;]\" \/>\n<meta property=\"og:url\" content=\"https:\/\/www.livemag.it\/index.php\/2025\/07\/03\/meloni-sicurezza-sul-lavoro-priorita-del-governo\/\" \/>\n<meta property=\"og:site_name\" content=\"Live Magazine\" \/>\n<meta property=\"article:publisher\" content=\"https:\/\/www.facebook.com\/LiveMag\/\" \/>\n<meta property=\"article:published_time\" content=\"2025-07-03T16:03:03+00:00\" \/>\n<meta property=\"og:image\" content=\"https:\/\/www.livemag.it\/wp-content\/uploads\/2024\/02\/ograph.jpg\" \/>\n\t<meta property=\"og:image:width\" content=\"1200\" \/>\n\t<meta property=\"og:image:height\" content=\"675\" \/>\n\t<meta property=\"og:image:type\" content=\"image\/jpeg\" \/>\n<meta name=\"author\" content=\"italpress\" \/>\n<meta name=\"twitter:card\" content=\"summary_large_image\" \/>\n<meta name=\"twitter:creator\" content=\"@LiveNotizie\" \/>\n<meta name=\"twitter:site\" content=\"@LiveNotizie\" \/>\n<meta name=\"twitter:label1\" content=\"Scritto da\" \/>\n\t<meta name=\"twitter:data1\" content=\"italpress\" \/>\n\t<meta name=\"twitter:label2\" content=\"Tempo di lettura stimato\" \/>\n\t<meta name=\"twitter:data2\" content=\"3 minuti\" \/>\n<script type=\"application\/ld+json\" class=\"yoast-schema-graph\">{\"@context\":\"https:\\\/\\\/schema.org\",\"@graph\":[{\"@type\":\"Article\",\"@id\":\"https:\\\/\\\/www.livemag.it\\\/index.php\\\/2025\\\/07\\\/03\\\/meloni-sicurezza-sul-lavoro-priorita-del-governo\\\/#article\",\"isPartOf\":{\"@id\":\"https:\\\/\\\/www.livemag.it\\\/index.php\\\/2025\\\/07\\\/03\\\/meloni-sicurezza-sul-lavoro-priorita-del-governo\\\/\"},\"author\":{\"name\":\"italpress\",\"@id\":\"https:\\\/\\\/www.livemag.it\\\/#\\\/schema\\\/person\\\/b62c5f44451fdcdaeb0afe6c2424e73c\"},\"headline\":\"Meloni \u201cSicurezza sul lavoro priorit\u00e0 del Governo\u201d\",\"datePublished\":\"2025-07-03T16:03:03+00:00\",\"mainEntityOfPage\":{\"@id\":\"https:\\\/\\\/www.livemag.it\\\/index.php\\\/2025\\\/07\\\/03\\\/meloni-sicurezza-sul-lavoro-priorita-del-governo\\\/\"},\"wordCount\":595,\"publisher\":{\"@id\":\"https:\\\/\\\/www.livemag.it\\\/#organization\"},\"image\":{\"@id\":\"https:\\\/\\\/www.livemag.it\\\/index.php\\\/2025\\\/07\\\/03\\\/meloni-sicurezza-sul-lavoro-priorita-del-governo\\\/#primaryimage\"},\"thumbnailUrl\":\"https:\\\/\\\/www.livemag.it\\\/wp-content\\\/uploads\\\/2025\\\/07\\\/20250703_0505.jpg\",\"articleSection\":[\"Mondo\"],\"inLanguage\":\"it-IT\"},{\"@type\":\"WebPage\",\"@id\":\"https:\\\/\\\/www.livemag.it\\\/index.php\\\/2025\\\/07\\\/03\\\/meloni-sicurezza-sul-lavoro-priorita-del-governo\\\/\",\"url\":\"https:\\\/\\\/www.livemag.it\\\/index.php\\\/2025\\\/07\\\/03\\\/meloni-sicurezza-sul-lavoro-priorita-del-governo\\\/\",\"name\":\"Meloni \u201cSicurezza sul lavoro priorit\u00e0 del Governo\u201d - Live Magazine\",\"isPartOf\":{\"@id\":\"https:\\\/\\\/www.livemag.it\\\/#website\"},\"primaryImageOfPage\":{\"@id\":\"https:\\\/\\\/www.livemag.it\\\/index.php\\\/2025\\\/07\\\/03\\\/meloni-sicurezza-sul-lavoro-priorita-del-governo\\\/#primaryimage\"},\"image\":{\"@id\":\"https:\\\/\\\/www.livemag.it\\\/index.php\\\/2025\\\/07\\\/03\\\/meloni-sicurezza-sul-lavoro-priorita-del-governo\\\/#primaryimage\"},\"thumbnailUrl\":\"https:\\\/\\\/www.livemag.it\\\/wp-content\\\/uploads\\\/2025\\\/07\\\/20250703_0505.jpg\",\"datePublished\":\"2025-07-03T16:03:03+00:00\",\"breadcrumb\":{\"@id\":\"https:\\\/\\\/www.livemag.it\\\/index.php\\\/2025\\\/07\\\/03\\\/meloni-sicurezza-sul-lavoro-priorita-del-governo\\\/#breadcrumb\"},\"inLanguage\":\"it-IT\",\"potentialAction\":[{\"@type\":\"ReadAction\",\"target\":[\"https:\\\/\\\/www.livemag.it\\\/index.php\\\/2025\\\/07\\\/03\\\/meloni-sicurezza-sul-lavoro-priorita-del-governo\\\/\"]}]},{\"@type\":\"ImageObject\",\"inLanguage\":\"it-IT\",\"@id\":\"https:\\\/\\\/www.livemag.it\\\/index.php\\\/2025\\\/07\\\/03\\\/meloni-sicurezza-sul-lavoro-priorita-del-governo\\\/#primaryimage\",\"url\":\"https:\\\/\\\/www.livemag.it\\\/wp-content\\\/uploads\\\/2025\\\/07\\\/20250703_0505.jpg\",\"contentUrl\":\"https:\\\/\\\/www.livemag.it\\\/wp-content\\\/uploads\\\/2025\\\/07\\\/20250703_0505.jpg\",\"width\":1200,\"height\":799},{\"@type\":\"BreadcrumbList\",\"@id\":\"https:\\\/\\\/www.livemag.it\\\/index.php\\\/2025\\\/07\\\/03\\\/meloni-sicurezza-sul-lavoro-priorita-del-governo\\\/#breadcrumb\",\"itemListElement\":[{\"@type\":\"ListItem\",\"position\":1,\"name\":\"Home\",\"item\":\"https:\\\/\\\/www.livemag.it\\\/\"},{\"@type\":\"ListItem\",\"position\":2,\"name\":\"Meloni \u201cSicurezza sul lavoro priorit\u00e0 del Governo\u201d\"}]},{\"@type\":\"WebSite\",\"@id\":\"https:\\\/\\\/www.livemag.it\\\/#website\",\"url\":\"https:\\\/\\\/www.livemag.it\\\/\",\"name\":\"Live Magazine\",\"description\":\"Varie ed eventi\",\"publisher\":{\"@id\":\"https:\\\/\\\/www.livemag.it\\\/#organization\"},\"potentialAction\":[{\"@type\":\"SearchAction\",\"target\":{\"@type\":\"EntryPoint\",\"urlTemplate\":\"https:\\\/\\\/www.livemag.it\\\/?s={search_term_string}\"},\"query-input\":{\"@type\":\"PropertyValueSpecification\",\"valueRequired\":true,\"valueName\":\"search_term_string\"}}],\"inLanguage\":\"it-IT\"},{\"@type\":\"Organization\",\"@id\":\"https:\\\/\\\/www.livemag.it\\\/#organization\",\"name\":\"LiveMag\",\"alternateName\":\"LiveMag News ed eventi\",\"url\":\"https:\\\/\\\/www.livemag.it\\\/\",\"logo\":{\"@type\":\"ImageObject\",\"inLanguage\":\"it-IT\",\"@id\":\"https:\\\/\\\/www.livemag.it\\\/#\\\/schema\\\/logo\\\/image\\\/\",\"url\":\"https:\\\/\\\/www.livemag.it\\\/wp-content\\\/uploads\\\/2024\\\/02\\\/immagine-sito.jpg\",\"contentUrl\":\"https:\\\/\\\/www.livemag.it\\\/wp-content\\\/uploads\\\/2024\\\/02\\\/immagine-sito.jpg\",\"width\":696,\"height\":696,\"caption\":\"LiveMag\"},\"image\":{\"@id\":\"https:\\\/\\\/www.livemag.it\\\/#\\\/schema\\\/logo\\\/image\\\/\"},\"sameAs\":[\"https:\\\/\\\/www.facebook.com\\\/LiveMag\\\/\",\"https:\\\/\\\/x.com\\\/LiveNotizie\",\"https:\\\/\\\/www.instagram.com\\\/livemag\\\/\"]},{\"@type\":\"Person\",\"@id\":\"https:\\\/\\\/www.livemag.it\\\/#\\\/schema\\\/person\\\/b62c5f44451fdcdaeb0afe6c2424e73c\",\"name\":\"italpress\",\"image\":{\"@type\":\"ImageObject\",\"inLanguage\":\"it-IT\",\"@id\":\"https:\\\/\\\/secure.gravatar.com\\\/avatar\\\/b6a21695fc713ce7ee312cf57c97e2e641feb365be72d8745574d3c3e2b59066?s=96&r=g\",\"url\":\"https:\\\/\\\/secure.gravatar.com\\\/avatar\\\/b6a21695fc713ce7ee312cf57c97e2e641feb365be72d8745574d3c3e2b59066?s=96&r=g\",\"contentUrl\":\"https:\\\/\\\/secure.gravatar.com\\\/avatar\\\/b6a21695fc713ce7ee312cf57c97e2e641feb365be72d8745574d3c3e2b59066?s=96&r=g\",\"caption\":\"italpress\"},\"description\":\"Italpress \u00e8 un'agenzia di stampa italiana a carattere nazionale.\",\"url\":\"https:\\\/\\\/www.livemag.it\\\/index.php\\\/author\\\/italpress\\\/\"}]}<\/script>\n<!-- \/ Yoast SEO plugin. -->","yoast_head_json":{"title":"Meloni \u201cSicurezza sul lavoro priorit\u00e0 del Governo\u201d - Live Magazine","robots":{"index":"index","follow":"follow","max-snippet":"max-snippet:-1","max-image-preview":"max-image-preview:large","max-video-preview":"max-video-preview:-1"},"canonical":"https:\/\/www.livemag.it\/index.php\/2025\/07\/03\/meloni-sicurezza-sul-lavoro-priorita-del-governo\/","og_locale":"it_IT","og_type":"article","og_title":"Meloni \u201cSicurezza sul lavoro priorit\u00e0 del Governo\u201d - Live Magazine","og_description":"ROMA (ITALPRESS) \u2013 \u201cGarantire la salute e la sicurezza sul lavoro \u00e8 una priorit\u00e0 dell\u2019azione di questo Governo. A testimoniarlo sono i tanti provvedimenti che abbiamo adottato fin dal nostro insediamento e che hanno interessato i diversi ambiti che ruotano attorno a questa materia\u201d. Cos\u00ec il presidente del Consiglio, Giorgia Meloni, in un videomessaggio alla [&hellip;]","og_url":"https:\/\/www.livemag.it\/index.php\/2025\/07\/03\/meloni-sicurezza-sul-lavoro-priorita-del-governo\/","og_site_name":"Live Magazine","article_publisher":"https:\/\/www.facebook.com\/LiveMag\/","article_published_time":"2025-07-03T16:03:03+00:00","og_image":[{"width":1200,"height":675,"url":"https:\/\/www.livemag.it\/wp-content\/uploads\/2024\/02\/ograph.jpg","type":"image\/jpeg"}],"author":"italpress","twitter_card":"summary_large_image","twitter_creator":"@LiveNotizie","twitter_site":"@LiveNotizie","twitter_misc":{"Scritto da":"italpress","Tempo di lettura stimato":"3 minuti"},"schema":{"@context":"https:\/\/schema.org","@graph":[{"@type":"Article","@id":"https:\/\/www.livemag.it\/index.php\/2025\/07\/03\/meloni-sicurezza-sul-lavoro-priorita-del-governo\/#article","isPartOf":{"@id":"https:\/\/www.livemag.it\/index.php\/2025\/07\/03\/meloni-sicurezza-sul-lavoro-priorita-del-governo\/"},"author":{"name":"italpress","@id":"https:\/\/www.livemag.it\/#\/schema\/person\/b62c5f44451fdcdaeb0afe6c2424e73c"},"headline":"Meloni \u201cSicurezza sul lavoro priorit\u00e0 del Governo\u201d","datePublished":"2025-07-03T16:03:03+00:00","mainEntityOfPage":{"@id":"https:\/\/www.livemag.it\/index.php\/2025\/07\/03\/meloni-sicurezza-sul-lavoro-priorita-del-governo\/"},"wordCount":595,"publisher":{"@id":"https:\/\/www.livemag.it\/#organization"},"image":{"@id":"https:\/\/www.livemag.it\/index.php\/2025\/07\/03\/meloni-sicurezza-sul-lavoro-priorita-del-governo\/#primaryimage"},"thumbnailUrl":"https:\/\/www.livemag.it\/wp-content\/uploads\/2025\/07\/20250703_0505.jpg","articleSection":["Mondo"],"inLanguage":"it-IT"},{"@type":"WebPage","@id":"https:\/\/www.livemag.it\/index.php\/2025\/07\/03\/meloni-sicurezza-sul-lavoro-priorita-del-governo\/","url":"https:\/\/www.livemag.it\/index.php\/2025\/07\/03\/meloni-sicurezza-sul-lavoro-priorita-del-governo\/","name":"Meloni \u201cSicurezza sul lavoro priorit\u00e0 del Governo\u201d - Live Magazine","isPartOf":{"@id":"https:\/\/www.livemag.it\/#website"},"primaryImageOfPage":{"@id":"https:\/\/www.livemag.it\/index.php\/2025\/07\/03\/meloni-sicurezza-sul-lavoro-priorita-del-governo\/#primaryimage"},"image":{"@id":"https:\/\/www.livemag.it\/index.php\/2025\/07\/03\/meloni-sicurezza-sul-lavoro-priorita-del-governo\/#primaryimage"},"thumbnailUrl":"https:\/\/www.livemag.it\/wp-content\/uploads\/2025\/07\/20250703_0505.jpg","datePublished":"2025-07-03T16:03:03+00:00","breadcrumb":{"@id":"https:\/\/www.livemag.it\/index.php\/2025\/07\/03\/meloni-sicurezza-sul-lavoro-priorita-del-governo\/#breadcrumb"},"inLanguage":"it-IT","potentialAction":[{"@type":"ReadAction","target":["https:\/\/www.livemag.it\/index.php\/2025\/07\/03\/meloni-sicurezza-sul-lavoro-priorita-del-governo\/"]}]},{"@type":"ImageObject","inLanguage":"it-IT","@id":"https:\/\/www.livemag.it\/index.php\/2025\/07\/03\/meloni-sicurezza-sul-lavoro-priorita-del-governo\/#primaryimage","url":"https:\/\/www.livemag.it\/wp-content\/uploads\/2025\/07\/20250703_0505.jpg","contentUrl":"https:\/\/www.livemag.it\/wp-content\/uploads\/2025\/07\/20250703_0505.jpg","width":1200,"height":799},{"@type":"BreadcrumbList","@id":"https:\/\/www.livemag.it\/index.php\/2025\/07\/03\/meloni-sicurezza-sul-lavoro-priorita-del-governo\/#breadcrumb","itemListElement":[{"@type":"ListItem","position":1,"name":"Home","item":"https:\/\/www.livemag.it\/"},{"@type":"ListItem","position":2,"name":"Meloni \u201cSicurezza sul lavoro priorit\u00e0 del Governo\u201d"}]},{"@type":"WebSite","@id":"https:\/\/www.livemag.it\/#website","url":"https:\/\/www.livemag.it\/","name":"Live Magazine","description":"Varie ed eventi","publisher":{"@id":"https:\/\/www.livemag.it\/#organization"},"potentialAction":[{"@type":"SearchAction","target":{"@type":"EntryPoint","urlTemplate":"https:\/\/www.livemag.it\/?s={search_term_string}"},"query-input":{"@type":"PropertyValueSpecification","valueRequired":true,"valueName":"search_term_string"}}],"inLanguage":"it-IT"},{"@type":"Organization","@id":"https:\/\/www.livemag.it\/#organization","name":"LiveMag","alternateName":"LiveMag News ed eventi","url":"https:\/\/www.livemag.it\/","logo":{"@type":"ImageObject","inLanguage":"it-IT","@id":"https:\/\/www.livemag.it\/#\/schema\/logo\/image\/","url":"https:\/\/www.livemag.it\/wp-content\/uploads\/2024\/02\/immagine-sito.jpg","contentUrl":"https:\/\/www.livemag.it\/wp-content\/uploads\/2024\/02\/immagine-sito.jpg","width":696,"height":696,"caption":"LiveMag"},"image":{"@id":"https:\/\/www.livemag.it\/#\/schema\/logo\/image\/"},"sameAs":["https:\/\/www.facebook.com\/LiveMag\/","https:\/\/x.com\/LiveNotizie","https:\/\/www.instagram.com\/livemag\/"]},{"@type":"Person","@id":"https:\/\/www.livemag.it\/#\/schema\/person\/b62c5f44451fdcdaeb0afe6c2424e73c","name":"italpress","image":{"@type":"ImageObject","inLanguage":"it-IT","@id":"https:\/\/secure.gravatar.com\/avatar\/b6a21695fc713ce7ee312cf57c97e2e641feb365be72d8745574d3c3e2b59066?s=96&r=g","url":"https:\/\/secure.gravatar.com\/avatar\/b6a21695fc713ce7ee312cf57c97e2e641feb365be72d8745574d3c3e2b59066?s=96&r=g","contentUrl":"https:\/\/secure.gravatar.com\/avatar\/b6a21695fc713ce7ee312cf57c97e2e641feb365be72d8745574d3c3e2b59066?s=96&r=g","caption":"italpress"},"description":"Italpress \u00e8 un'agenzia di stampa italiana a carattere nazionale.","url":"https:\/\/www.livemag.it\/index.php\/author\/italpress\/"}]}},"jetpack_featured_media_url":"https:\/\/www.livemag.it\/wp-content\/uploads\/2025\/07\/20250703_0505.jpg","_links":{"self":[{"href":"https:\/\/www.livemag.it\/index.php\/wp-json\/wp\/v2\/posts\/54416","targetHints":{"allow":["GET"]}}],"collection":[{"href":"https:\/\/www.livemag.it\/index.php\/wp-json\/wp\/v2\/posts"}],"about":[{"href":"https:\/\/www.livemag.it\/index.php\/wp-json\/wp\/v2\/types\/post"}],"author":[{"embeddable":true,"href":"https:\/\/www.livemag.it\/index.php\/wp-json\/wp\/v2\/users\/16"}],"replies":[{"embeddable":true,"href":"https:\/\/www.livemag.it\/index.php\/wp-json\/wp\/v2\/comments?post=54416"}],"version-history":[{"count":0,"href":"https:\/\/www.livemag.it\/index.php\/wp-json\/wp\/v2\/posts\/54416\/revisions"}],"wp:featuredmedia":[{"embeddable":true,"href":"https:\/\/www.livemag.it\/index.php\/wp-json\/wp\/v2\/media\/54417"}],"wp:attachment":[{"href":"https:\/\/www.livemag.it\/index.php\/wp-json\/wp\/v2\/media?parent=54416"}],"wp:term":[{"taxonomy":"category","embeddable":true,"href":"https:\/\/www.livemag.it\/index.php\/wp-json\/wp\/v2\/categories?post=54416"},{"taxonomy":"post_tag","embeddable":true,"href":"https:\/\/www.livemag.it\/index.php\/wp-json\/wp\/v2\/tags?post=54416"}],"curies":[{"name":"wp","href":"https:\/\/api.w.org\/{rel}","templated":true}]}}