{"id":54414,"date":"2025-07-03T18:03:01","date_gmt":"2025-07-03T16:03:01","guid":{"rendered":"https:\/\/www.livemag.it\/index.php\/2025\/07\/03\/premio-fair-play-menarini-il-gran-finale-al-teatro-romano-di-fiesole\/"},"modified":"2025-07-03T18:03:01","modified_gmt":"2025-07-03T16:03:01","slug":"premio-fair-play-menarini-il-gran-finale-al-teatro-romano-di-fiesole","status":"publish","type":"post","link":"https:\/\/www.livemag.it\/index.php\/2025\/07\/03\/premio-fair-play-menarini-il-gran-finale-al-teatro-romano-di-fiesole\/","title":{"rendered":"Premio Fair Play Menarini, il gran finale al Teatro Romano di Fiesole"},"content":{"rendered":"<div>\n<p>FIRENZE (ITALPRESS) \u2013 E\u2019 arrivato il <strong>giorno del Premio Internazionale Fair Play Menarini.<\/strong> Dopo la serata inaugurale che ha riunito atleti e Ambasciatori in uno dei luoghi pi\u00f9 simbolici di Firenze, Piazzale Michelangelo, la 29\u00b0 edizione entra oggi nel suo momento pi\u00f9 atteso: la cerimonia di premiazione.<\/p>\n<p>\u201c<em>Fiesole \u00e8 onorata di accogliere anche quest\u2019anno il Premio Internazionale Fair Play Menarini, un evento che unisce bellezza, cultura e sport sotto il segno della pac<\/em>e \u2013 ha dichiarato <strong>Cristina Scaletti, sindaco di Fiesole<\/strong> <em>\u2013 Il fair play \u00e8 molto pi\u00f9 di una regola sportiva: \u00e8 un linguaggio universale che ci insegna a rispettarci, ascoltarci e costruire una convivenza civile e armoniosa. In un momento storico in cui il dialogo \u00e8 fondamentale, celebrare questi valori nel cuore della nostra comunit\u00e0 \u00e8 un atto di grande significato. Sono gli stessi principi che ispirano la nostra candidatura come Capitale italiana della cultura 2028\u2033.<br \/>\n<\/em><br \/>\nQuesta sera il Teatro Romano accoglier\u00e0 i premiati dell\u2019edizione 2025. A cominciare dai <strong>portabandiera dell\u2019Italia alle Olimpiadi di Parigi 2024, Gianmarco Tamberi e Arianna Errigo,<\/strong> due volti tra i pi\u00f9 amati dello sport azzurro: lui, oro olimpico a Tokyo e campione mondiale nel salto in alto; lei, fuoriclasse della scherma.<\/p>\n<p>Per continuare con una figura emblematica del calcio mondiale: il <strong>Pallone d\u2019Oro Luis Figo, stella del Barcellona, del Real Madrid e dell\u2019Inter. Con lui ci saranno anche \u201cBilly\u201d Costacurta e Demetrio Albertini, <\/strong>due nomi storici del Milan e degli azzurri, bandiere di lealt\u00e0 e intelligenza tattica. Tra i protagonisti anche <strong>Sasha Vujacic,<\/strong> due volte campione NBA con i Los Angeles Lakers, emblema di dedizione e spirito di squadra. L\u2019atletica sar\u00e0 rappresentata anche da<strong> Andy Diaz<\/strong>, specialista del salto triplo, bronzo olimpico e oro mondiale indoor, e <strong>Rigivan Ganeshamoorthy,<\/strong> protagonista alle Paralimpiadi di Parigi con un oro nel lancio del disco.<\/p>\n<p>Completano il parterre<strong> Alice Bellandi,<\/strong> campionessa del mondo di judo e oro olimpico, <strong>Nadia Battocletti<\/strong>, argento nei 10.000 metri ai Giochi di Parigi, la leggendaria <strong>Blanka Vlasic,<\/strong> icona del salto in alto, e il giornalista sportivo <strong>Guido Meda,<\/strong> storica voce della MotoGP.<\/p>\n<p>A rendere ancora pi\u00f9 speciale questa edizione, la partecipazione di tre Ambasciatori del Fair Play Menarini: il cinque volte campione olimpico Ian Thorpe, leggenda del nuoto mondiale, Giancarlo Antognoni, simbolo di eleganza e correttezza in campo, e Fabrizio Donato, bronzo nel salto triplo ai Giochi Olimpici di Londra 2012, gi\u00e0 vincitori del Premio in passato e oggi testimoni d\u2019eccezione dei valori che ne ispirano la missione.<\/p>\n<p><em>\u201cNon vediamo l\u2019ora di assistere alla cerimonia di premiazione. Un momento speciale in cui celebriamo non solo le vittorie di questi grandi campioni, ma soprattutto la loro indiscutibile etica sportiva<\/em> \u2013 dichiarano <strong>Valeria Speroni Cardi e Filippo Paganelli, membri del Board della Fondazione Fair Play Menarini<\/strong> \u2013 C<em>i auguriamo che le storie di questi fenomeni dello sport possano essere d\u2019esempio per i pi\u00f9 giovani nelle scelte di ogni giorno\u201d.<br \/>\n<\/em><br \/>\n\u2013 news in collaborazione con Menarini \u2013<br \/>\n\u2013 foto ufficio stampa Premio Fair Play Menarini \u2013<br \/>\n(ITALPRESS).<\/p>\n<\/div>\n","protected":false},"excerpt":{"rendered":"<p>FIRENZE (ITALPRESS) \u2013 E\u2019 arrivato il giorno del Premio Internazionale Fair Play Menarini. Dopo la serata inaugurale che ha riunito atleti e Ambasciatori in uno dei luoghi pi\u00f9 simbolici di Firenze, Piazzale Michelangelo, la 29\u00b0 edizione entra oggi nel suo momento pi\u00f9 atteso: la cerimonia di premiazione. \u201cFiesole \u00e8 onorata di accogliere anche quest\u2019anno il [&hellip;]<\/p>\n","protected":false},"author":16,"featured_media":54415,"comment_status":"closed","ping_status":"closed","sticky":false,"template":"","format":"standard","meta":{"jnews-multi-image_gallery":[],"jnews_single_post":[],"jnews_primary_category":[],"jnews_social_meta":[],"jnews_override_counter":[],"jnews_post_split":[],"footnotes":""},"categories":[1129],"tags":[],"class_list":["post-54414","post","type-post","status-publish","format-standard","has-post-thumbnail","hentry","category-mondo"],"yoast_head":"<!-- This site is optimized with the Yoast SEO plugin v27.5 - https:\/\/yoast.com\/product\/yoast-seo-wordpress\/ -->\n<title>Premio Fair Play Menarini, il gran finale al Teatro Romano di Fiesole - Live Magazine<\/title>\n<meta name=\"robots\" content=\"index, follow, max-snippet:-1, max-image-preview:large, max-video-preview:-1\" \/>\n<link rel=\"canonical\" href=\"https:\/\/www.livemag.it\/index.php\/2025\/07\/03\/premio-fair-play-menarini-il-gran-finale-al-teatro-romano-di-fiesole\/\" \/>\n<meta property=\"og:locale\" content=\"it_IT\" \/>\n<meta property=\"og:type\" content=\"article\" \/>\n<meta property=\"og:title\" content=\"Premio Fair Play Menarini, il gran finale al Teatro Romano di Fiesole - Live Magazine\" \/>\n<meta property=\"og:description\" content=\"FIRENZE (ITALPRESS) \u2013 E\u2019 arrivato il giorno del Premio Internazionale Fair Play Menarini. Dopo la serata inaugurale che ha riunito atleti e Ambasciatori in uno dei luoghi pi\u00f9 simbolici di Firenze, Piazzale Michelangelo, la 29\u00b0 edizione entra oggi nel suo momento pi\u00f9 atteso: la cerimonia di premiazione. \u201cFiesole \u00e8 onorata di accogliere anche quest\u2019anno il [&hellip;]\" \/>\n<meta property=\"og:url\" content=\"https:\/\/www.livemag.it\/index.php\/2025\/07\/03\/premio-fair-play-menarini-il-gran-finale-al-teatro-romano-di-fiesole\/\" \/>\n<meta property=\"og:site_name\" content=\"Live Magazine\" \/>\n<meta property=\"article:publisher\" content=\"https:\/\/www.facebook.com\/LiveMag\/\" \/>\n<meta property=\"article:published_time\" content=\"2025-07-03T16:03:01+00:00\" \/>\n<meta property=\"og:image\" content=\"https:\/\/www.livemag.it\/wp-content\/uploads\/2024\/02\/ograph.jpg\" \/>\n\t<meta property=\"og:image:width\" content=\"1200\" \/>\n\t<meta property=\"og:image:height\" content=\"675\" \/>\n\t<meta property=\"og:image:type\" content=\"image\/jpeg\" \/>\n<meta name=\"author\" content=\"italpress\" \/>\n<meta name=\"twitter:card\" content=\"summary_large_image\" \/>\n<meta name=\"twitter:creator\" content=\"@LiveNotizie\" \/>\n<meta name=\"twitter:site\" content=\"@LiveNotizie\" \/>\n<meta name=\"twitter:label1\" content=\"Scritto da\" \/>\n\t<meta name=\"twitter:data1\" content=\"italpress\" \/>\n\t<meta name=\"twitter:label2\" content=\"Tempo di lettura stimato\" \/>\n\t<meta name=\"twitter:data2\" content=\"2 minuti\" \/>\n<script type=\"application\/ld+json\" class=\"yoast-schema-graph\">{\"@context\":\"https:\\\/\\\/schema.org\",\"@graph\":[{\"@type\":\"Article\",\"@id\":\"https:\\\/\\\/www.livemag.it\\\/index.php\\\/2025\\\/07\\\/03\\\/premio-fair-play-menarini-il-gran-finale-al-teatro-romano-di-fiesole\\\/#article\",\"isPartOf\":{\"@id\":\"https:\\\/\\\/www.livemag.it\\\/index.php\\\/2025\\\/07\\\/03\\\/premio-fair-play-menarini-il-gran-finale-al-teatro-romano-di-fiesole\\\/\"},\"author\":{\"name\":\"italpress\",\"@id\":\"https:\\\/\\\/www.livemag.it\\\/#\\\/schema\\\/person\\\/b62c5f44451fdcdaeb0afe6c2424e73c\"},\"headline\":\"Premio Fair Play Menarini, il gran finale al Teatro Romano di Fiesole\",\"datePublished\":\"2025-07-03T16:03:01+00:00\",\"mainEntityOfPage\":{\"@id\":\"https:\\\/\\\/www.livemag.it\\\/index.php\\\/2025\\\/07\\\/03\\\/premio-fair-play-menarini-il-gran-finale-al-teatro-romano-di-fiesole\\\/\"},\"wordCount\":493,\"publisher\":{\"@id\":\"https:\\\/\\\/www.livemag.it\\\/#organization\"},\"image\":{\"@id\":\"https:\\\/\\\/www.livemag.it\\\/index.php\\\/2025\\\/07\\\/03\\\/premio-fair-play-menarini-il-gran-finale-al-teatro-romano-di-fiesole\\\/#primaryimage\"},\"thumbnailUrl\":\"https:\\\/\\\/www.livemag.it\\\/wp-content\\\/uploads\\\/2025\\\/07\\\/20250703_0480.jpg\",\"articleSection\":[\"Mondo\"],\"inLanguage\":\"it-IT\"},{\"@type\":\"WebPage\",\"@id\":\"https:\\\/\\\/www.livemag.it\\\/index.php\\\/2025\\\/07\\\/03\\\/premio-fair-play-menarini-il-gran-finale-al-teatro-romano-di-fiesole\\\/\",\"url\":\"https:\\\/\\\/www.livemag.it\\\/index.php\\\/2025\\\/07\\\/03\\\/premio-fair-play-menarini-il-gran-finale-al-teatro-romano-di-fiesole\\\/\",\"name\":\"Premio Fair Play Menarini, il gran finale al Teatro Romano di Fiesole - Live Magazine\",\"isPartOf\":{\"@id\":\"https:\\\/\\\/www.livemag.it\\\/#website\"},\"primaryImageOfPage\":{\"@id\":\"https:\\\/\\\/www.livemag.it\\\/index.php\\\/2025\\\/07\\\/03\\\/premio-fair-play-menarini-il-gran-finale-al-teatro-romano-di-fiesole\\\/#primaryimage\"},\"image\":{\"@id\":\"https:\\\/\\\/www.livemag.it\\\/index.php\\\/2025\\\/07\\\/03\\\/premio-fair-play-menarini-il-gran-finale-al-teatro-romano-di-fiesole\\\/#primaryimage\"},\"thumbnailUrl\":\"https:\\\/\\\/www.livemag.it\\\/wp-content\\\/uploads\\\/2025\\\/07\\\/20250703_0480.jpg\",\"datePublished\":\"2025-07-03T16:03:01+00:00\",\"breadcrumb\":{\"@id\":\"https:\\\/\\\/www.livemag.it\\\/index.php\\\/2025\\\/07\\\/03\\\/premio-fair-play-menarini-il-gran-finale-al-teatro-romano-di-fiesole\\\/#breadcrumb\"},\"inLanguage\":\"it-IT\",\"potentialAction\":[{\"@type\":\"ReadAction\",\"target\":[\"https:\\\/\\\/www.livemag.it\\\/index.php\\\/2025\\\/07\\\/03\\\/premio-fair-play-menarini-il-gran-finale-al-teatro-romano-di-fiesole\\\/\"]}]},{\"@type\":\"ImageObject\",\"inLanguage\":\"it-IT\",\"@id\":\"https:\\\/\\\/www.livemag.it\\\/index.php\\\/2025\\\/07\\\/03\\\/premio-fair-play-menarini-il-gran-finale-al-teatro-romano-di-fiesole\\\/#primaryimage\",\"url\":\"https:\\\/\\\/www.livemag.it\\\/wp-content\\\/uploads\\\/2025\\\/07\\\/20250703_0480.jpg\",\"contentUrl\":\"https:\\\/\\\/www.livemag.it\\\/wp-content\\\/uploads\\\/2025\\\/07\\\/20250703_0480.jpg\",\"width\":1200,\"height\":843},{\"@type\":\"BreadcrumbList\",\"@id\":\"https:\\\/\\\/www.livemag.it\\\/index.php\\\/2025\\\/07\\\/03\\\/premio-fair-play-menarini-il-gran-finale-al-teatro-romano-di-fiesole\\\/#breadcrumb\",\"itemListElement\":[{\"@type\":\"ListItem\",\"position\":1,\"name\":\"Home\",\"item\":\"https:\\\/\\\/www.livemag.it\\\/\"},{\"@type\":\"ListItem\",\"position\":2,\"name\":\"Premio Fair Play Menarini, il gran finale al Teatro Romano di Fiesole\"}]},{\"@type\":\"WebSite\",\"@id\":\"https:\\\/\\\/www.livemag.it\\\/#website\",\"url\":\"https:\\\/\\\/www.livemag.it\\\/\",\"name\":\"Live Magazine\",\"description\":\"Varie ed eventi\",\"publisher\":{\"@id\":\"https:\\\/\\\/www.livemag.it\\\/#organization\"},\"potentialAction\":[{\"@type\":\"SearchAction\",\"target\":{\"@type\":\"EntryPoint\",\"urlTemplate\":\"https:\\\/\\\/www.livemag.it\\\/?s={search_term_string}\"},\"query-input\":{\"@type\":\"PropertyValueSpecification\",\"valueRequired\":true,\"valueName\":\"search_term_string\"}}],\"inLanguage\":\"it-IT\"},{\"@type\":\"Organization\",\"@id\":\"https:\\\/\\\/www.livemag.it\\\/#organization\",\"name\":\"LiveMag\",\"alternateName\":\"LiveMag News ed eventi\",\"url\":\"https:\\\/\\\/www.livemag.it\\\/\",\"logo\":{\"@type\":\"ImageObject\",\"inLanguage\":\"it-IT\",\"@id\":\"https:\\\/\\\/www.livemag.it\\\/#\\\/schema\\\/logo\\\/image\\\/\",\"url\":\"https:\\\/\\\/www.livemag.it\\\/wp-content\\\/uploads\\\/2024\\\/02\\\/immagine-sito.jpg\",\"contentUrl\":\"https:\\\/\\\/www.livemag.it\\\/wp-content\\\/uploads\\\/2024\\\/02\\\/immagine-sito.jpg\",\"width\":696,\"height\":696,\"caption\":\"LiveMag\"},\"image\":{\"@id\":\"https:\\\/\\\/www.livemag.it\\\/#\\\/schema\\\/logo\\\/image\\\/\"},\"sameAs\":[\"https:\\\/\\\/www.facebook.com\\\/LiveMag\\\/\",\"https:\\\/\\\/x.com\\\/LiveNotizie\",\"https:\\\/\\\/www.instagram.com\\\/livemag\\\/\"]},{\"@type\":\"Person\",\"@id\":\"https:\\\/\\\/www.livemag.it\\\/#\\\/schema\\\/person\\\/b62c5f44451fdcdaeb0afe6c2424e73c\",\"name\":\"italpress\",\"image\":{\"@type\":\"ImageObject\",\"inLanguage\":\"it-IT\",\"@id\":\"https:\\\/\\\/secure.gravatar.com\\\/avatar\\\/b6a21695fc713ce7ee312cf57c97e2e641feb365be72d8745574d3c3e2b59066?s=96&r=g\",\"url\":\"https:\\\/\\\/secure.gravatar.com\\\/avatar\\\/b6a21695fc713ce7ee312cf57c97e2e641feb365be72d8745574d3c3e2b59066?s=96&r=g\",\"contentUrl\":\"https:\\\/\\\/secure.gravatar.com\\\/avatar\\\/b6a21695fc713ce7ee312cf57c97e2e641feb365be72d8745574d3c3e2b59066?s=96&r=g\",\"caption\":\"italpress\"},\"description\":\"Italpress \u00e8 un'agenzia di stampa italiana a carattere nazionale.\",\"url\":\"https:\\\/\\\/www.livemag.it\\\/index.php\\\/author\\\/italpress\\\/\"}]}<\/script>\n<!-- \/ Yoast SEO plugin. -->","yoast_head_json":{"title":"Premio Fair Play Menarini, il gran finale al Teatro Romano di Fiesole - Live Magazine","robots":{"index":"index","follow":"follow","max-snippet":"max-snippet:-1","max-image-preview":"max-image-preview:large","max-video-preview":"max-video-preview:-1"},"canonical":"https:\/\/www.livemag.it\/index.php\/2025\/07\/03\/premio-fair-play-menarini-il-gran-finale-al-teatro-romano-di-fiesole\/","og_locale":"it_IT","og_type":"article","og_title":"Premio Fair Play Menarini, il gran finale al Teatro Romano di Fiesole - Live Magazine","og_description":"FIRENZE (ITALPRESS) \u2013 E\u2019 arrivato il giorno del Premio Internazionale Fair Play Menarini. Dopo la serata inaugurale che ha riunito atleti e Ambasciatori in uno dei luoghi pi\u00f9 simbolici di Firenze, Piazzale Michelangelo, la 29\u00b0 edizione entra oggi nel suo momento pi\u00f9 atteso: la cerimonia di premiazione. \u201cFiesole \u00e8 onorata di accogliere anche quest\u2019anno il [&hellip;]","og_url":"https:\/\/www.livemag.it\/index.php\/2025\/07\/03\/premio-fair-play-menarini-il-gran-finale-al-teatro-romano-di-fiesole\/","og_site_name":"Live Magazine","article_publisher":"https:\/\/www.facebook.com\/LiveMag\/","article_published_time":"2025-07-03T16:03:01+00:00","og_image":[{"width":1200,"height":675,"url":"https:\/\/www.livemag.it\/wp-content\/uploads\/2024\/02\/ograph.jpg","type":"image\/jpeg"}],"author":"italpress","twitter_card":"summary_large_image","twitter_creator":"@LiveNotizie","twitter_site":"@LiveNotizie","twitter_misc":{"Scritto da":"italpress","Tempo di lettura stimato":"2 minuti"},"schema":{"@context":"https:\/\/schema.org","@graph":[{"@type":"Article","@id":"https:\/\/www.livemag.it\/index.php\/2025\/07\/03\/premio-fair-play-menarini-il-gran-finale-al-teatro-romano-di-fiesole\/#article","isPartOf":{"@id":"https:\/\/www.livemag.it\/index.php\/2025\/07\/03\/premio-fair-play-menarini-il-gran-finale-al-teatro-romano-di-fiesole\/"},"author":{"name":"italpress","@id":"https:\/\/www.livemag.it\/#\/schema\/person\/b62c5f44451fdcdaeb0afe6c2424e73c"},"headline":"Premio Fair Play Menarini, il gran finale al Teatro Romano di Fiesole","datePublished":"2025-07-03T16:03:01+00:00","mainEntityOfPage":{"@id":"https:\/\/www.livemag.it\/index.php\/2025\/07\/03\/premio-fair-play-menarini-il-gran-finale-al-teatro-romano-di-fiesole\/"},"wordCount":493,"publisher":{"@id":"https:\/\/www.livemag.it\/#organization"},"image":{"@id":"https:\/\/www.livemag.it\/index.php\/2025\/07\/03\/premio-fair-play-menarini-il-gran-finale-al-teatro-romano-di-fiesole\/#primaryimage"},"thumbnailUrl":"https:\/\/www.livemag.it\/wp-content\/uploads\/2025\/07\/20250703_0480.jpg","articleSection":["Mondo"],"inLanguage":"it-IT"},{"@type":"WebPage","@id":"https:\/\/www.livemag.it\/index.php\/2025\/07\/03\/premio-fair-play-menarini-il-gran-finale-al-teatro-romano-di-fiesole\/","url":"https:\/\/www.livemag.it\/index.php\/2025\/07\/03\/premio-fair-play-menarini-il-gran-finale-al-teatro-romano-di-fiesole\/","name":"Premio Fair Play Menarini, il gran finale al Teatro Romano di Fiesole - Live Magazine","isPartOf":{"@id":"https:\/\/www.livemag.it\/#website"},"primaryImageOfPage":{"@id":"https:\/\/www.livemag.it\/index.php\/2025\/07\/03\/premio-fair-play-menarini-il-gran-finale-al-teatro-romano-di-fiesole\/#primaryimage"},"image":{"@id":"https:\/\/www.livemag.it\/index.php\/2025\/07\/03\/premio-fair-play-menarini-il-gran-finale-al-teatro-romano-di-fiesole\/#primaryimage"},"thumbnailUrl":"https:\/\/www.livemag.it\/wp-content\/uploads\/2025\/07\/20250703_0480.jpg","datePublished":"2025-07-03T16:03:01+00:00","breadcrumb":{"@id":"https:\/\/www.livemag.it\/index.php\/2025\/07\/03\/premio-fair-play-menarini-il-gran-finale-al-teatro-romano-di-fiesole\/#breadcrumb"},"inLanguage":"it-IT","potentialAction":[{"@type":"ReadAction","target":["https:\/\/www.livemag.it\/index.php\/2025\/07\/03\/premio-fair-play-menarini-il-gran-finale-al-teatro-romano-di-fiesole\/"]}]},{"@type":"ImageObject","inLanguage":"it-IT","@id":"https:\/\/www.livemag.it\/index.php\/2025\/07\/03\/premio-fair-play-menarini-il-gran-finale-al-teatro-romano-di-fiesole\/#primaryimage","url":"https:\/\/www.livemag.it\/wp-content\/uploads\/2025\/07\/20250703_0480.jpg","contentUrl":"https:\/\/www.livemag.it\/wp-content\/uploads\/2025\/07\/20250703_0480.jpg","width":1200,"height":843},{"@type":"BreadcrumbList","@id":"https:\/\/www.livemag.it\/index.php\/2025\/07\/03\/premio-fair-play-menarini-il-gran-finale-al-teatro-romano-di-fiesole\/#breadcrumb","itemListElement":[{"@type":"ListItem","position":1,"name":"Home","item":"https:\/\/www.livemag.it\/"},{"@type":"ListItem","position":2,"name":"Premio Fair Play Menarini, il gran finale al Teatro Romano di Fiesole"}]},{"@type":"WebSite","@id":"https:\/\/www.livemag.it\/#website","url":"https:\/\/www.livemag.it\/","name":"Live Magazine","description":"Varie ed eventi","publisher":{"@id":"https:\/\/www.livemag.it\/#organization"},"potentialAction":[{"@type":"SearchAction","target":{"@type":"EntryPoint","urlTemplate":"https:\/\/www.livemag.it\/?s={search_term_string}"},"query-input":{"@type":"PropertyValueSpecification","valueRequired":true,"valueName":"search_term_string"}}],"inLanguage":"it-IT"},{"@type":"Organization","@id":"https:\/\/www.livemag.it\/#organization","name":"LiveMag","alternateName":"LiveMag News ed eventi","url":"https:\/\/www.livemag.it\/","logo":{"@type":"ImageObject","inLanguage":"it-IT","@id":"https:\/\/www.livemag.it\/#\/schema\/logo\/image\/","url":"https:\/\/www.livemag.it\/wp-content\/uploads\/2024\/02\/immagine-sito.jpg","contentUrl":"https:\/\/www.livemag.it\/wp-content\/uploads\/2024\/02\/immagine-sito.jpg","width":696,"height":696,"caption":"LiveMag"},"image":{"@id":"https:\/\/www.livemag.it\/#\/schema\/logo\/image\/"},"sameAs":["https:\/\/www.facebook.com\/LiveMag\/","https:\/\/x.com\/LiveNotizie","https:\/\/www.instagram.com\/livemag\/"]},{"@type":"Person","@id":"https:\/\/www.livemag.it\/#\/schema\/person\/b62c5f44451fdcdaeb0afe6c2424e73c","name":"italpress","image":{"@type":"ImageObject","inLanguage":"it-IT","@id":"https:\/\/secure.gravatar.com\/avatar\/b6a21695fc713ce7ee312cf57c97e2e641feb365be72d8745574d3c3e2b59066?s=96&r=g","url":"https:\/\/secure.gravatar.com\/avatar\/b6a21695fc713ce7ee312cf57c97e2e641feb365be72d8745574d3c3e2b59066?s=96&r=g","contentUrl":"https:\/\/secure.gravatar.com\/avatar\/b6a21695fc713ce7ee312cf57c97e2e641feb365be72d8745574d3c3e2b59066?s=96&r=g","caption":"italpress"},"description":"Italpress \u00e8 un'agenzia di stampa italiana a carattere nazionale.","url":"https:\/\/www.livemag.it\/index.php\/author\/italpress\/"}]}},"jetpack_featured_media_url":"https:\/\/www.livemag.it\/wp-content\/uploads\/2025\/07\/20250703_0480.jpg","_links":{"self":[{"href":"https:\/\/www.livemag.it\/index.php\/wp-json\/wp\/v2\/posts\/54414","targetHints":{"allow":["GET"]}}],"collection":[{"href":"https:\/\/www.livemag.it\/index.php\/wp-json\/wp\/v2\/posts"}],"about":[{"href":"https:\/\/www.livemag.it\/index.php\/wp-json\/wp\/v2\/types\/post"}],"author":[{"embeddable":true,"href":"https:\/\/www.livemag.it\/index.php\/wp-json\/wp\/v2\/users\/16"}],"replies":[{"embeddable":true,"href":"https:\/\/www.livemag.it\/index.php\/wp-json\/wp\/v2\/comments?post=54414"}],"version-history":[{"count":0,"href":"https:\/\/www.livemag.it\/index.php\/wp-json\/wp\/v2\/posts\/54414\/revisions"}],"wp:featuredmedia":[{"embeddable":true,"href":"https:\/\/www.livemag.it\/index.php\/wp-json\/wp\/v2\/media\/54415"}],"wp:attachment":[{"href":"https:\/\/www.livemag.it\/index.php\/wp-json\/wp\/v2\/media?parent=54414"}],"wp:term":[{"taxonomy":"category","embeddable":true,"href":"https:\/\/www.livemag.it\/index.php\/wp-json\/wp\/v2\/categories?post=54414"},{"taxonomy":"post_tag","embeddable":true,"href":"https:\/\/www.livemag.it\/index.php\/wp-json\/wp\/v2\/tags?post=54414"}],"curies":[{"name":"wp","href":"https:\/\/api.w.org\/{rel}","templated":true}]}}