{"id":54410,"date":"2025-07-03T18:02:57","date_gmt":"2025-07-03T16:02:57","guid":{"rendered":"https:\/\/www.livemag.it\/index.php\/2025\/07\/03\/al-via-le-spiagge-della-salute-consulti-medici-in-8-localita-balneari\/"},"modified":"2025-07-03T18:02:57","modified_gmt":"2025-07-03T16:02:57","slug":"al-via-le-spiagge-della-salute-consulti-medici-in-8-localita-balneari","status":"publish","type":"post","link":"https:\/\/www.livemag.it\/index.php\/2025\/07\/03\/al-via-le-spiagge-della-salute-consulti-medici-in-8-localita-balneari\/","title":{"rendered":"Al via \u201cLe Spiagge della Salute\u201d, consulti medici in 8 localit\u00e0 balneari"},"content":{"rendered":"<div>\n<p>ROMA (ITALPRESS) \u2013 Prevenzione e divertimento si incontrano sul bagnasciuga con Le Spiagge della Salute, il nuovo evento itinerante, promosso da ASC Attivit\u00e0 Sportive Confederate, in collaborazione con il Sindacato Italiano Balneari (SIB), con i patrocini del Ministero della Salute, del Ministero del Lavoro e delle Politiche sociali e della Societ\u00e0 Italiana di Dietetica e Nutrizione clinica (ADI), e con il supporto di Gruppo San Donato. La manifestazione \u00e8 stata presentata questa mattina a Roma, nel corso di una conferenza stampa che si \u00e8 tenuta nella sede di Confcommercio.<br \/>L\u2019obiettivo dell\u2019iniziativa \u00e8 valorizzare l\u2019estate \u2013 sinonimo di libert\u00e0, gioia di vivere e relax \u2013 come momento ideale per prendersi cura della propria salute, sia a livello fisico che sul piano mentale, attraverso la prevenzione e il movimento. Le Spiagge della Salute far\u00e0 quindi tappa, nelle domeniche d\u2019estate, in 8 localit\u00e0 balneari italiane, offrendo a residenti e turisti l\u2019opportunit\u00e0 di sottoporsi a consulti medici gratuiti, in ambito dermatologico e del benessere psicologico, nel pieno rispetto della privacy. In parallelo, in spiaggia, saranno proposte numerose attivit\u00e0 sportive, ludiche e aggregative, pensate per coinvolgere persone di tutte le et\u00e0. Nel corso della conferenza stampa sono state rese note le 8 tappe di questa prima edizione dell\u2019evento, che dal prossimo anno sar\u00e0 esteso all\u2019intero territorio nazionale: 6 luglio \u2013 Pescara; 13 luglio \u2013 Cesenatico; 20 luglio \u2013 Margherita di Savoia; 27 luglio \u2013 Tarquinia; 1-2-3 agosto \u2013 Palermo; 3 agosto \u2013 Cecina; 24 agosto \u2013 Chioggia; 31 agosto \u2013 Locri. <br \/>In occasione di ogni tappa sar\u00e0 attivo il truck della salute, dotato di due sportelli, nei quali opereranno qualificati professionisti: lo sportello dell\u2019ascolto, in collaborazione con la Federazione italiana psicologi (FIP), mira a fornire una risposta al significativo incremento dei disturbi di natura psicologica.<br \/>Un trend certificato dall\u2019OMS, che ha rivelato come, durante il primo anno di pandemia Covid-19, i casi di depressione e ansia siano aumentati del 25%, colpendo soprattutto i pi\u00f9 giovani e di riflesso le loro famiglie. Lo sportello dedicato alla salute della pelle, in collaborazione con l\u2019Associazione dermatologi ospedalieri italiani (ADOI), punta invece a prevenire i danni a lungo termine che sono causati, soprattutto in estate, dalla prolungata esposizione ai raggi solari e dalla mancata protezione della pelle. A pochi passi dal truck della salute, su ognuna delle otto spiagge selezionate, personale specializzato, aderente alla rete ASC, animer\u00e0 l\u2019area dedicata alle attivit\u00e0 sportive, aggregative e di intrattenimento: dal beach volley al fitness, passando per yoga, Sup, ballo e molto altro ancora.<br \/>La conferenza stampa \u00e8 stata aperta dai saluti di Marcello Gemmato, sottosegretario alla Salute. \u201cIniziative come quella presentata oggi dimostrano quanto sia importante portare la prevenzione vicino al cittadino, rendendola facilmente accessibile \u2013 ha detto -. Promuovere corretti stili di vita e sensibilizzare alla salute della pelle, soprattutto nel periodo estivo, \u00e8 fondamentale per rafforzare una cultura della prevenzione diffusa e consapevole. Bene che, accanto alla prevenzione fisica, venga valorizzata anche la cura del benessere psicologico, riconoscendo il ruolo centrale che questo svolge per una tutela efficace e completa della salute\u201d.<br \/>Cecilia Morandini, consigliere nazionale di ASC e CONI, ha sottolineato che \u201cla nostra attivit\u00e0 non si ferma mai e approfittiamo del periodo in cui le persone affollano le spiagge per raggiungerle con un messaggio di promozione sportiva e di cura della salute fisica e mentale. I consulti con i nostri dermatologi e i nostri psicologi saranno l\u2019occasione, soprattutto per i giovani, per approcciare concretamente la cultura della prevenzione. Sar\u00e0 anche un modo, per il nostro ente, di dare concreta attuazione alle politiche delineate dal Ministro della Salute, che ha sottolineato a pi\u00f9 riprese, anche di recente, come la cultura della prevenzione sia essenziale per sostenere l\u2019efficacia e l\u2019economicit\u00e0 del servizio sanitario\u201d.<br \/>Antonio Capacchione, presidente nazionale di SIB Confcommercio, ha osservato che \u201ci balneari italiani sono da sempre sensibili alle tematiche del benessere e della salute, tanto \u00e8 vero che i nostri stabilimenti, storicamente, sorsero per esigenze di tipo salutistico e nell\u2019Ottocento svolsero una importante funzione contro la tubercolosi. Va poi sottolineato che di fronte all\u2019avanzare di mali invisibili, che minacciano la psiche e che molto spesso derivano da isolamento e solitudine, le nostre spiagge rappresentano un importante presidio per la salvaguardia della salute: mentre le piazze delle citt\u00e0 si svuotano, infatti, gli stabilimenti balneari, che in Italia presentano spesso una gestione a carattere familiare e puntano sulla qualit\u00e0 dei rapporti umani, continuano ad essere luoghi di ritrovo e socializzazione. Per tutte queste ragioni, aderiamo con entusiasmo ad un evento che, in linea con la nostra mission, ha come primo obiettivo quello di far star bene le persone\u201d.<br \/>Sono intervenuti, inoltre, Matteo Musacci, vice presidente nazionale Confcommercio; Don Massimo Angelelli, direttore della Conferenza Episcopale Italiana; Domenico Agresta, psicologo e psicoterapeuta; Jennyfer Bevilacqua, membro della commissione Safeguarding di ASC; Maria Grazia Carbonelli, consigliere ADI; Giovanni Di Lella, direttore UOC dermatologia oncologica e chirurgia IDI Roma; Chlo\u00e8 Larsay, responsabile comunicazione e marketing del Gruppo San Donato; Lorenzo D\u2019Andrea, founder dell\u2019associazione ISAV.<\/p>\n<p>\u2013 foto Italpress \u2013<br \/>(ITALPRESS).<\/p>\n<\/div>\n","protected":false},"excerpt":{"rendered":"<p>ROMA (ITALPRESS) \u2013 Prevenzione e divertimento si incontrano sul bagnasciuga con Le Spiagge della Salute, il nuovo evento itinerante, promosso da ASC Attivit\u00e0 Sportive Confederate, in collaborazione con il Sindacato Italiano Balneari (SIB), con i patrocini del Ministero della Salute, del Ministero del Lavoro e delle Politiche sociali e della Societ\u00e0 Italiana di Dietetica e [&hellip;]<\/p>\n","protected":false},"author":16,"featured_media":54411,"comment_status":"closed","ping_status":"closed","sticky":false,"template":"","format":"standard","meta":{"jnews-multi-image_gallery":[],"jnews_single_post":[],"jnews_primary_category":[],"jnews_social_meta":[],"jnews_override_counter":[],"jnews_post_split":[],"footnotes":""},"categories":[1129],"tags":[],"class_list":["post-54410","post","type-post","status-publish","format-standard","has-post-thumbnail","hentry","category-mondo"],"yoast_head":"<!-- This site is optimized with the Yoast SEO plugin v27.5 - https:\/\/yoast.com\/product\/yoast-seo-wordpress\/ -->\n<title>Al via \u201cLe Spiagge della Salute\u201d, consulti medici in 8 localit\u00e0 balneari - Live Magazine<\/title>\n<meta name=\"robots\" content=\"index, follow, max-snippet:-1, max-image-preview:large, max-video-preview:-1\" \/>\n<link rel=\"canonical\" href=\"https:\/\/www.livemag.it\/index.php\/2025\/07\/03\/al-via-le-spiagge-della-salute-consulti-medici-in-8-localita-balneari\/\" \/>\n<meta property=\"og:locale\" content=\"it_IT\" \/>\n<meta property=\"og:type\" content=\"article\" \/>\n<meta property=\"og:title\" content=\"Al via \u201cLe Spiagge della Salute\u201d, consulti medici in 8 localit\u00e0 balneari - Live Magazine\" \/>\n<meta property=\"og:description\" content=\"ROMA (ITALPRESS) \u2013 Prevenzione e divertimento si incontrano sul bagnasciuga con Le Spiagge della Salute, il nuovo evento itinerante, promosso da ASC Attivit\u00e0 Sportive Confederate, in collaborazione con il Sindacato Italiano Balneari (SIB), con i patrocini del Ministero della Salute, del Ministero del Lavoro e delle Politiche sociali e della Societ\u00e0 Italiana di Dietetica e [&hellip;]\" \/>\n<meta property=\"og:url\" content=\"https:\/\/www.livemag.it\/index.php\/2025\/07\/03\/al-via-le-spiagge-della-salute-consulti-medici-in-8-localita-balneari\/\" \/>\n<meta property=\"og:site_name\" content=\"Live Magazine\" \/>\n<meta property=\"article:publisher\" content=\"https:\/\/www.facebook.com\/LiveMag\/\" \/>\n<meta property=\"article:published_time\" content=\"2025-07-03T16:02:57+00:00\" \/>\n<meta property=\"og:image\" content=\"https:\/\/www.livemag.it\/wp-content\/uploads\/2024\/02\/ograph.jpg\" \/>\n\t<meta property=\"og:image:width\" content=\"1200\" \/>\n\t<meta property=\"og:image:height\" content=\"675\" \/>\n\t<meta property=\"og:image:type\" content=\"image\/jpeg\" \/>\n<meta name=\"author\" content=\"italpress\" \/>\n<meta name=\"twitter:card\" content=\"summary_large_image\" \/>\n<meta name=\"twitter:creator\" content=\"@LiveNotizie\" \/>\n<meta name=\"twitter:site\" content=\"@LiveNotizie\" \/>\n<meta name=\"twitter:label1\" content=\"Scritto da\" \/>\n\t<meta name=\"twitter:data1\" content=\"italpress\" \/>\n\t<meta name=\"twitter:label2\" content=\"Tempo di lettura stimato\" \/>\n\t<meta name=\"twitter:data2\" content=\"4 minuti\" \/>\n<script type=\"application\/ld+json\" class=\"yoast-schema-graph\">{\"@context\":\"https:\\\/\\\/schema.org\",\"@graph\":[{\"@type\":\"Article\",\"@id\":\"https:\\\/\\\/www.livemag.it\\\/index.php\\\/2025\\\/07\\\/03\\\/al-via-le-spiagge-della-salute-consulti-medici-in-8-localita-balneari\\\/#article\",\"isPartOf\":{\"@id\":\"https:\\\/\\\/www.livemag.it\\\/index.php\\\/2025\\\/07\\\/03\\\/al-via-le-spiagge-della-salute-consulti-medici-in-8-localita-balneari\\\/\"},\"author\":{\"name\":\"italpress\",\"@id\":\"https:\\\/\\\/www.livemag.it\\\/#\\\/schema\\\/person\\\/b62c5f44451fdcdaeb0afe6c2424e73c\"},\"headline\":\"Al via \u201cLe Spiagge della Salute\u201d, consulti medici in 8 localit\u00e0 balneari\",\"datePublished\":\"2025-07-03T16:02:57+00:00\",\"mainEntityOfPage\":{\"@id\":\"https:\\\/\\\/www.livemag.it\\\/index.php\\\/2025\\\/07\\\/03\\\/al-via-le-spiagge-della-salute-consulti-medici-in-8-localita-balneari\\\/\"},\"wordCount\":825,\"publisher\":{\"@id\":\"https:\\\/\\\/www.livemag.it\\\/#organization\"},\"image\":{\"@id\":\"https:\\\/\\\/www.livemag.it\\\/index.php\\\/2025\\\/07\\\/03\\\/al-via-le-spiagge-della-salute-consulti-medici-in-8-localita-balneari\\\/#primaryimage\"},\"thumbnailUrl\":\"https:\\\/\\\/www.livemag.it\\\/wp-content\\\/uploads\\\/2025\\\/07\\\/20250703_0466.jpg\",\"articleSection\":[\"Mondo\"],\"inLanguage\":\"it-IT\"},{\"@type\":\"WebPage\",\"@id\":\"https:\\\/\\\/www.livemag.it\\\/index.php\\\/2025\\\/07\\\/03\\\/al-via-le-spiagge-della-salute-consulti-medici-in-8-localita-balneari\\\/\",\"url\":\"https:\\\/\\\/www.livemag.it\\\/index.php\\\/2025\\\/07\\\/03\\\/al-via-le-spiagge-della-salute-consulti-medici-in-8-localita-balneari\\\/\",\"name\":\"Al via \u201cLe Spiagge della Salute\u201d, consulti medici in 8 localit\u00e0 balneari - Live Magazine\",\"isPartOf\":{\"@id\":\"https:\\\/\\\/www.livemag.it\\\/#website\"},\"primaryImageOfPage\":{\"@id\":\"https:\\\/\\\/www.livemag.it\\\/index.php\\\/2025\\\/07\\\/03\\\/al-via-le-spiagge-della-salute-consulti-medici-in-8-localita-balneari\\\/#primaryimage\"},\"image\":{\"@id\":\"https:\\\/\\\/www.livemag.it\\\/index.php\\\/2025\\\/07\\\/03\\\/al-via-le-spiagge-della-salute-consulti-medici-in-8-localita-balneari\\\/#primaryimage\"},\"thumbnailUrl\":\"https:\\\/\\\/www.livemag.it\\\/wp-content\\\/uploads\\\/2025\\\/07\\\/20250703_0466.jpg\",\"datePublished\":\"2025-07-03T16:02:57+00:00\",\"breadcrumb\":{\"@id\":\"https:\\\/\\\/www.livemag.it\\\/index.php\\\/2025\\\/07\\\/03\\\/al-via-le-spiagge-della-salute-consulti-medici-in-8-localita-balneari\\\/#breadcrumb\"},\"inLanguage\":\"it-IT\",\"potentialAction\":[{\"@type\":\"ReadAction\",\"target\":[\"https:\\\/\\\/www.livemag.it\\\/index.php\\\/2025\\\/07\\\/03\\\/al-via-le-spiagge-della-salute-consulti-medici-in-8-localita-balneari\\\/\"]}]},{\"@type\":\"ImageObject\",\"inLanguage\":\"it-IT\",\"@id\":\"https:\\\/\\\/www.livemag.it\\\/index.php\\\/2025\\\/07\\\/03\\\/al-via-le-spiagge-della-salute-consulti-medici-in-8-localita-balneari\\\/#primaryimage\",\"url\":\"https:\\\/\\\/www.livemag.it\\\/wp-content\\\/uploads\\\/2025\\\/07\\\/20250703_0466.jpg\",\"contentUrl\":\"https:\\\/\\\/www.livemag.it\\\/wp-content\\\/uploads\\\/2025\\\/07\\\/20250703_0466.jpg\",\"width\":1024,\"height\":574},{\"@type\":\"BreadcrumbList\",\"@id\":\"https:\\\/\\\/www.livemag.it\\\/index.php\\\/2025\\\/07\\\/03\\\/al-via-le-spiagge-della-salute-consulti-medici-in-8-localita-balneari\\\/#breadcrumb\",\"itemListElement\":[{\"@type\":\"ListItem\",\"position\":1,\"name\":\"Home\",\"item\":\"https:\\\/\\\/www.livemag.it\\\/\"},{\"@type\":\"ListItem\",\"position\":2,\"name\":\"Al via \u201cLe Spiagge della Salute\u201d, consulti medici in 8 localit\u00e0 balneari\"}]},{\"@type\":\"WebSite\",\"@id\":\"https:\\\/\\\/www.livemag.it\\\/#website\",\"url\":\"https:\\\/\\\/www.livemag.it\\\/\",\"name\":\"Live Magazine\",\"description\":\"Varie ed eventi\",\"publisher\":{\"@id\":\"https:\\\/\\\/www.livemag.it\\\/#organization\"},\"potentialAction\":[{\"@type\":\"SearchAction\",\"target\":{\"@type\":\"EntryPoint\",\"urlTemplate\":\"https:\\\/\\\/www.livemag.it\\\/?s={search_term_string}\"},\"query-input\":{\"@type\":\"PropertyValueSpecification\",\"valueRequired\":true,\"valueName\":\"search_term_string\"}}],\"inLanguage\":\"it-IT\"},{\"@type\":\"Organization\",\"@id\":\"https:\\\/\\\/www.livemag.it\\\/#organization\",\"name\":\"LiveMag\",\"alternateName\":\"LiveMag News ed eventi\",\"url\":\"https:\\\/\\\/www.livemag.it\\\/\",\"logo\":{\"@type\":\"ImageObject\",\"inLanguage\":\"it-IT\",\"@id\":\"https:\\\/\\\/www.livemag.it\\\/#\\\/schema\\\/logo\\\/image\\\/\",\"url\":\"https:\\\/\\\/www.livemag.it\\\/wp-content\\\/uploads\\\/2024\\\/02\\\/immagine-sito.jpg\",\"contentUrl\":\"https:\\\/\\\/www.livemag.it\\\/wp-content\\\/uploads\\\/2024\\\/02\\\/immagine-sito.jpg\",\"width\":696,\"height\":696,\"caption\":\"LiveMag\"},\"image\":{\"@id\":\"https:\\\/\\\/www.livemag.it\\\/#\\\/schema\\\/logo\\\/image\\\/\"},\"sameAs\":[\"https:\\\/\\\/www.facebook.com\\\/LiveMag\\\/\",\"https:\\\/\\\/x.com\\\/LiveNotizie\",\"https:\\\/\\\/www.instagram.com\\\/livemag\\\/\"]},{\"@type\":\"Person\",\"@id\":\"https:\\\/\\\/www.livemag.it\\\/#\\\/schema\\\/person\\\/b62c5f44451fdcdaeb0afe6c2424e73c\",\"name\":\"italpress\",\"image\":{\"@type\":\"ImageObject\",\"inLanguage\":\"it-IT\",\"@id\":\"https:\\\/\\\/secure.gravatar.com\\\/avatar\\\/b6a21695fc713ce7ee312cf57c97e2e641feb365be72d8745574d3c3e2b59066?s=96&r=g\",\"url\":\"https:\\\/\\\/secure.gravatar.com\\\/avatar\\\/b6a21695fc713ce7ee312cf57c97e2e641feb365be72d8745574d3c3e2b59066?s=96&r=g\",\"contentUrl\":\"https:\\\/\\\/secure.gravatar.com\\\/avatar\\\/b6a21695fc713ce7ee312cf57c97e2e641feb365be72d8745574d3c3e2b59066?s=96&r=g\",\"caption\":\"italpress\"},\"description\":\"Italpress \u00e8 un'agenzia di stampa italiana a carattere nazionale.\",\"url\":\"https:\\\/\\\/www.livemag.it\\\/index.php\\\/author\\\/italpress\\\/\"}]}<\/script>\n<!-- \/ Yoast SEO plugin. -->","yoast_head_json":{"title":"Al via \u201cLe Spiagge della Salute\u201d, consulti medici in 8 localit\u00e0 balneari - Live Magazine","robots":{"index":"index","follow":"follow","max-snippet":"max-snippet:-1","max-image-preview":"max-image-preview:large","max-video-preview":"max-video-preview:-1"},"canonical":"https:\/\/www.livemag.it\/index.php\/2025\/07\/03\/al-via-le-spiagge-della-salute-consulti-medici-in-8-localita-balneari\/","og_locale":"it_IT","og_type":"article","og_title":"Al via \u201cLe Spiagge della Salute\u201d, consulti medici in 8 localit\u00e0 balneari - Live Magazine","og_description":"ROMA (ITALPRESS) \u2013 Prevenzione e divertimento si incontrano sul bagnasciuga con Le Spiagge della Salute, il nuovo evento itinerante, promosso da ASC Attivit\u00e0 Sportive Confederate, in collaborazione con il Sindacato Italiano Balneari (SIB), con i patrocini del Ministero della Salute, del Ministero del Lavoro e delle Politiche sociali e della Societ\u00e0 Italiana di Dietetica e [&hellip;]","og_url":"https:\/\/www.livemag.it\/index.php\/2025\/07\/03\/al-via-le-spiagge-della-salute-consulti-medici-in-8-localita-balneari\/","og_site_name":"Live Magazine","article_publisher":"https:\/\/www.facebook.com\/LiveMag\/","article_published_time":"2025-07-03T16:02:57+00:00","og_image":[{"width":1200,"height":675,"url":"https:\/\/www.livemag.it\/wp-content\/uploads\/2024\/02\/ograph.jpg","type":"image\/jpeg"}],"author":"italpress","twitter_card":"summary_large_image","twitter_creator":"@LiveNotizie","twitter_site":"@LiveNotizie","twitter_misc":{"Scritto da":"italpress","Tempo di lettura stimato":"4 minuti"},"schema":{"@context":"https:\/\/schema.org","@graph":[{"@type":"Article","@id":"https:\/\/www.livemag.it\/index.php\/2025\/07\/03\/al-via-le-spiagge-della-salute-consulti-medici-in-8-localita-balneari\/#article","isPartOf":{"@id":"https:\/\/www.livemag.it\/index.php\/2025\/07\/03\/al-via-le-spiagge-della-salute-consulti-medici-in-8-localita-balneari\/"},"author":{"name":"italpress","@id":"https:\/\/www.livemag.it\/#\/schema\/person\/b62c5f44451fdcdaeb0afe6c2424e73c"},"headline":"Al via \u201cLe Spiagge della Salute\u201d, consulti medici in 8 localit\u00e0 balneari","datePublished":"2025-07-03T16:02:57+00:00","mainEntityOfPage":{"@id":"https:\/\/www.livemag.it\/index.php\/2025\/07\/03\/al-via-le-spiagge-della-salute-consulti-medici-in-8-localita-balneari\/"},"wordCount":825,"publisher":{"@id":"https:\/\/www.livemag.it\/#organization"},"image":{"@id":"https:\/\/www.livemag.it\/index.php\/2025\/07\/03\/al-via-le-spiagge-della-salute-consulti-medici-in-8-localita-balneari\/#primaryimage"},"thumbnailUrl":"https:\/\/www.livemag.it\/wp-content\/uploads\/2025\/07\/20250703_0466.jpg","articleSection":["Mondo"],"inLanguage":"it-IT"},{"@type":"WebPage","@id":"https:\/\/www.livemag.it\/index.php\/2025\/07\/03\/al-via-le-spiagge-della-salute-consulti-medici-in-8-localita-balneari\/","url":"https:\/\/www.livemag.it\/index.php\/2025\/07\/03\/al-via-le-spiagge-della-salute-consulti-medici-in-8-localita-balneari\/","name":"Al via \u201cLe Spiagge della Salute\u201d, consulti medici in 8 localit\u00e0 balneari - Live Magazine","isPartOf":{"@id":"https:\/\/www.livemag.it\/#website"},"primaryImageOfPage":{"@id":"https:\/\/www.livemag.it\/index.php\/2025\/07\/03\/al-via-le-spiagge-della-salute-consulti-medici-in-8-localita-balneari\/#primaryimage"},"image":{"@id":"https:\/\/www.livemag.it\/index.php\/2025\/07\/03\/al-via-le-spiagge-della-salute-consulti-medici-in-8-localita-balneari\/#primaryimage"},"thumbnailUrl":"https:\/\/www.livemag.it\/wp-content\/uploads\/2025\/07\/20250703_0466.jpg","datePublished":"2025-07-03T16:02:57+00:00","breadcrumb":{"@id":"https:\/\/www.livemag.it\/index.php\/2025\/07\/03\/al-via-le-spiagge-della-salute-consulti-medici-in-8-localita-balneari\/#breadcrumb"},"inLanguage":"it-IT","potentialAction":[{"@type":"ReadAction","target":["https:\/\/www.livemag.it\/index.php\/2025\/07\/03\/al-via-le-spiagge-della-salute-consulti-medici-in-8-localita-balneari\/"]}]},{"@type":"ImageObject","inLanguage":"it-IT","@id":"https:\/\/www.livemag.it\/index.php\/2025\/07\/03\/al-via-le-spiagge-della-salute-consulti-medici-in-8-localita-balneari\/#primaryimage","url":"https:\/\/www.livemag.it\/wp-content\/uploads\/2025\/07\/20250703_0466.jpg","contentUrl":"https:\/\/www.livemag.it\/wp-content\/uploads\/2025\/07\/20250703_0466.jpg","width":1024,"height":574},{"@type":"BreadcrumbList","@id":"https:\/\/www.livemag.it\/index.php\/2025\/07\/03\/al-via-le-spiagge-della-salute-consulti-medici-in-8-localita-balneari\/#breadcrumb","itemListElement":[{"@type":"ListItem","position":1,"name":"Home","item":"https:\/\/www.livemag.it\/"},{"@type":"ListItem","position":2,"name":"Al via \u201cLe Spiagge della Salute\u201d, consulti medici in 8 localit\u00e0 balneari"}]},{"@type":"WebSite","@id":"https:\/\/www.livemag.it\/#website","url":"https:\/\/www.livemag.it\/","name":"Live Magazine","description":"Varie ed eventi","publisher":{"@id":"https:\/\/www.livemag.it\/#organization"},"potentialAction":[{"@type":"SearchAction","target":{"@type":"EntryPoint","urlTemplate":"https:\/\/www.livemag.it\/?s={search_term_string}"},"query-input":{"@type":"PropertyValueSpecification","valueRequired":true,"valueName":"search_term_string"}}],"inLanguage":"it-IT"},{"@type":"Organization","@id":"https:\/\/www.livemag.it\/#organization","name":"LiveMag","alternateName":"LiveMag News ed eventi","url":"https:\/\/www.livemag.it\/","logo":{"@type":"ImageObject","inLanguage":"it-IT","@id":"https:\/\/www.livemag.it\/#\/schema\/logo\/image\/","url":"https:\/\/www.livemag.it\/wp-content\/uploads\/2024\/02\/immagine-sito.jpg","contentUrl":"https:\/\/www.livemag.it\/wp-content\/uploads\/2024\/02\/immagine-sito.jpg","width":696,"height":696,"caption":"LiveMag"},"image":{"@id":"https:\/\/www.livemag.it\/#\/schema\/logo\/image\/"},"sameAs":["https:\/\/www.facebook.com\/LiveMag\/","https:\/\/x.com\/LiveNotizie","https:\/\/www.instagram.com\/livemag\/"]},{"@type":"Person","@id":"https:\/\/www.livemag.it\/#\/schema\/person\/b62c5f44451fdcdaeb0afe6c2424e73c","name":"italpress","image":{"@type":"ImageObject","inLanguage":"it-IT","@id":"https:\/\/secure.gravatar.com\/avatar\/b6a21695fc713ce7ee312cf57c97e2e641feb365be72d8745574d3c3e2b59066?s=96&r=g","url":"https:\/\/secure.gravatar.com\/avatar\/b6a21695fc713ce7ee312cf57c97e2e641feb365be72d8745574d3c3e2b59066?s=96&r=g","contentUrl":"https:\/\/secure.gravatar.com\/avatar\/b6a21695fc713ce7ee312cf57c97e2e641feb365be72d8745574d3c3e2b59066?s=96&r=g","caption":"italpress"},"description":"Italpress \u00e8 un'agenzia di stampa italiana a carattere nazionale.","url":"https:\/\/www.livemag.it\/index.php\/author\/italpress\/"}]}},"jetpack_featured_media_url":"https:\/\/www.livemag.it\/wp-content\/uploads\/2025\/07\/20250703_0466.jpg","_links":{"self":[{"href":"https:\/\/www.livemag.it\/index.php\/wp-json\/wp\/v2\/posts\/54410","targetHints":{"allow":["GET"]}}],"collection":[{"href":"https:\/\/www.livemag.it\/index.php\/wp-json\/wp\/v2\/posts"}],"about":[{"href":"https:\/\/www.livemag.it\/index.php\/wp-json\/wp\/v2\/types\/post"}],"author":[{"embeddable":true,"href":"https:\/\/www.livemag.it\/index.php\/wp-json\/wp\/v2\/users\/16"}],"replies":[{"embeddable":true,"href":"https:\/\/www.livemag.it\/index.php\/wp-json\/wp\/v2\/comments?post=54410"}],"version-history":[{"count":0,"href":"https:\/\/www.livemag.it\/index.php\/wp-json\/wp\/v2\/posts\/54410\/revisions"}],"wp:featuredmedia":[{"embeddable":true,"href":"https:\/\/www.livemag.it\/index.php\/wp-json\/wp\/v2\/media\/54411"}],"wp:attachment":[{"href":"https:\/\/www.livemag.it\/index.php\/wp-json\/wp\/v2\/media?parent=54410"}],"wp:term":[{"taxonomy":"category","embeddable":true,"href":"https:\/\/www.livemag.it\/index.php\/wp-json\/wp\/v2\/categories?post=54410"},{"taxonomy":"post_tag","embeddable":true,"href":"https:\/\/www.livemag.it\/index.php\/wp-json\/wp\/v2\/tags?post=54410"}],"curies":[{"name":"wp","href":"https:\/\/api.w.org\/{rel}","templated":true}]}}