{"id":54382,"date":"2025-07-03T12:02:49","date_gmt":"2025-07-03T10:02:49","guid":{"rendered":"https:\/\/www.livemag.it\/index.php\/2025\/07\/03\/difesa-tajani-non-ci-saranno-tagli-a-istruzione-e-sanita\/"},"modified":"2025-07-03T12:02:49","modified_gmt":"2025-07-03T10:02:49","slug":"difesa-tajani-non-ci-saranno-tagli-a-istruzione-e-sanita","status":"publish","type":"post","link":"https:\/\/www.livemag.it\/index.php\/2025\/07\/03\/difesa-tajani-non-ci-saranno-tagli-a-istruzione-e-sanita\/","title":{"rendered":"Difesa, Tajani \u201cNon ci saranno tagli a istruzione e sanit\u00e0\u201d"},"content":{"rendered":"<div>\n<p>ROMA (ITALPRESS) \u2013 <em>\u201cA 80 anni dalla fine della seconda guerra mondiale e 35 della Guerra Fredda, non possiamo pi\u00f9 limitarci a essere protetti dagli Stati Uniti.<strong> L\u2019Europa deve assumersi le proprie responsabilit\u00e0 e compiere un salto di qualit\u00e0 per realizzare il pilastro europeo della NATO e in prospettiva una difesa europea integrata.<\/strong> Per questo all\u2019Aja \u00e8 stato assunto un nuovo impegno in materia di spesa, pi\u00f9 ambizioso rispetto al 2%:<strong> il nuovo obiettivo del 5% del PIL \u00e8 un passo coraggioso e necessario per proteggere la nostra libert\u00e0 e i nostri valori e per garantire maggiore sicurezza ai nostri cittadini\u201d<\/strong>.<\/em> Lo ha detto il <strong>vicepremier e ministro degli Esteri Antonio Tajani<\/strong> nel corso dell\u2019informativa davanti alle Commissioni riunite di Esteri e Difesa della Camera e del Senato.<\/p>\n<p><em>\u201cVoglio ricordare a chi parla di svolte militaristiche o belliciste che investire in sicurezza \u00e8 un concetto molto pi\u00f9 ampio che acquistare bombe o carri armati<\/em> \u2013 ha sottolineato -. <em>Significa innanzitutto rafforzare il nostro impegno per la pace, un impegno che vede i nostri militari in prima linea in Libano, Kosovo, passando per la Palestina e il Golfo\u201d.<br \/>\n<\/em><br \/>\nSecondo il ministro <em>\u201cinvestire in sicurezza, significa anche investire nel nostro sistema imprenditoriale, garantire pi\u00f9 servizi ai cittadini, rafforzare le nostre infrastrutture cibernetiche, portuali, aeroportuali, ferroviarie e autostradali, potenziare la capacit\u00e0 di gestire emergenze sanitarie e calamit\u00e0 naturali, rafforzare il contrasto a terrorismo e traffici illeciti\u201d.<br \/>\n<\/em><br \/>\n<em><strong>\u201cIl raggiungimento dell\u2019obiettivo del 5% sar\u00e0 comunque graduale e compatibile con i vincoli di bilancio.<\/strong> Nessun euro verr\u00e0 sottratto alla sanit\u00e0, all\u2019istruzione o alla spesa sociale. Nessun euro verr\u00e0 tolto ai fondi di coesione<\/em> \u2013 ha spiegato Tajani -. <em>Abbiamo voluto che l\u2019orizzonte temporale fosse esteso al 2035 perch\u00e8 sarebbe stato irrealistico e deleterio per la credibilit\u00e0 alleata fissare una scadenza anticipata: cos\u00ec potremo aumentare la spesa gradualmente senza compromettere la sostenibilit\u00e0 dei conti pubblici e senza mettere in moto dinamiche inflattive<\/em> \u2013 ha aggiunto \u2013 <em>Non viene imposta nessun traiettoria rigida di crescita della spesa: spetter\u00e0 a governi stabilire le tappe per raggiungere l\u2019obiettivo\u201d.<\/em><br \/>\n<em>\u201cIl primo e pi\u00f9 importante risultato del vertice NATO \u00e8 stato il rafforzamento dell\u2019unit\u00e0 politica transatlantica: l\u2019impegno di ciascun alleato verso la difesa collettiva sancita dall\u2019articolo 5 del trattato di Washington. In un contesto di minacce crescenti, i leader dei paesi alleati erano chiamati a trasmettere un messaggio forte e inequivocabile di unit\u00e0 e cos\u00ec \u00e8 stato. La NATO \u00e8 e rester\u00e0 il fondamento della nostra sicurezza comune\u201d,<\/em> ha sottolineato il vicepremier.<\/p>\n<p>\u2013 Foto IPA Agency \u2013<\/p>\n<p>(ITALPRESS).<\/p>\n<\/div>\n","protected":false},"excerpt":{"rendered":"<p>ROMA (ITALPRESS) \u2013 \u201cA 80 anni dalla fine della seconda guerra mondiale e 35 della Guerra Fredda, non possiamo pi\u00f9 limitarci a essere protetti dagli Stati Uniti. L\u2019Europa deve assumersi le proprie responsabilit\u00e0 e compiere un salto di qualit\u00e0 per realizzare il pilastro europeo della NATO e in prospettiva una difesa europea integrata. Per questo [&hellip;]<\/p>\n","protected":false},"author":16,"featured_media":54383,"comment_status":"closed","ping_status":"closed","sticky":false,"template":"","format":"standard","meta":{"jnews-multi-image_gallery":[],"jnews_single_post":[],"jnews_primary_category":[],"jnews_social_meta":[],"jnews_override_counter":[],"jnews_post_split":[],"footnotes":""},"categories":[1129],"tags":[],"class_list":["post-54382","post","type-post","status-publish","format-standard","has-post-thumbnail","hentry","category-mondo"],"yoast_head":"<!-- This site is optimized with the Yoast SEO plugin v27.5 - https:\/\/yoast.com\/product\/yoast-seo-wordpress\/ -->\n<title>Difesa, Tajani \u201cNon ci saranno tagli a istruzione e sanit\u00e0\u201d - Live Magazine<\/title>\n<meta name=\"robots\" content=\"index, follow, max-snippet:-1, max-image-preview:large, max-video-preview:-1\" \/>\n<link rel=\"canonical\" href=\"https:\/\/www.livemag.it\/index.php\/2025\/07\/03\/difesa-tajani-non-ci-saranno-tagli-a-istruzione-e-sanita\/\" \/>\n<meta property=\"og:locale\" content=\"it_IT\" \/>\n<meta property=\"og:type\" content=\"article\" \/>\n<meta property=\"og:title\" content=\"Difesa, Tajani \u201cNon ci saranno tagli a istruzione e sanit\u00e0\u201d - Live Magazine\" \/>\n<meta property=\"og:description\" content=\"ROMA (ITALPRESS) \u2013 \u201cA 80 anni dalla fine della seconda guerra mondiale e 35 della Guerra Fredda, non possiamo pi\u00f9 limitarci a essere protetti dagli Stati Uniti. L\u2019Europa deve assumersi le proprie responsabilit\u00e0 e compiere un salto di qualit\u00e0 per realizzare il pilastro europeo della NATO e in prospettiva una difesa europea integrata. Per questo [&hellip;]\" \/>\n<meta property=\"og:url\" content=\"https:\/\/www.livemag.it\/index.php\/2025\/07\/03\/difesa-tajani-non-ci-saranno-tagli-a-istruzione-e-sanita\/\" \/>\n<meta property=\"og:site_name\" content=\"Live Magazine\" \/>\n<meta property=\"article:publisher\" content=\"https:\/\/www.facebook.com\/LiveMag\/\" \/>\n<meta property=\"article:published_time\" content=\"2025-07-03T10:02:49+00:00\" \/>\n<meta property=\"og:image\" content=\"https:\/\/www.livemag.it\/wp-content\/uploads\/2024\/02\/ograph.jpg\" \/>\n\t<meta property=\"og:image:width\" content=\"1200\" \/>\n\t<meta property=\"og:image:height\" content=\"675\" \/>\n\t<meta property=\"og:image:type\" content=\"image\/jpeg\" \/>\n<meta name=\"author\" content=\"italpress\" \/>\n<meta name=\"twitter:card\" content=\"summary_large_image\" \/>\n<meta name=\"twitter:creator\" content=\"@LiveNotizie\" \/>\n<meta name=\"twitter:site\" content=\"@LiveNotizie\" \/>\n<meta name=\"twitter:label1\" content=\"Scritto da\" \/>\n\t<meta name=\"twitter:data1\" content=\"italpress\" \/>\n\t<meta name=\"twitter:label2\" content=\"Tempo di lettura stimato\" \/>\n\t<meta name=\"twitter:data2\" content=\"2 minuti\" \/>\n<script type=\"application\/ld+json\" class=\"yoast-schema-graph\">{\"@context\":\"https:\\\/\\\/schema.org\",\"@graph\":[{\"@type\":\"Article\",\"@id\":\"https:\\\/\\\/www.livemag.it\\\/index.php\\\/2025\\\/07\\\/03\\\/difesa-tajani-non-ci-saranno-tagli-a-istruzione-e-sanita\\\/#article\",\"isPartOf\":{\"@id\":\"https:\\\/\\\/www.livemag.it\\\/index.php\\\/2025\\\/07\\\/03\\\/difesa-tajani-non-ci-saranno-tagli-a-istruzione-e-sanita\\\/\"},\"author\":{\"name\":\"italpress\",\"@id\":\"https:\\\/\\\/www.livemag.it\\\/#\\\/schema\\\/person\\\/b62c5f44451fdcdaeb0afe6c2424e73c\"},\"headline\":\"Difesa, Tajani \u201cNon ci saranno tagli a istruzione e sanit\u00e0\u201d\",\"datePublished\":\"2025-07-03T10:02:49+00:00\",\"mainEntityOfPage\":{\"@id\":\"https:\\\/\\\/www.livemag.it\\\/index.php\\\/2025\\\/07\\\/03\\\/difesa-tajani-non-ci-saranno-tagli-a-istruzione-e-sanita\\\/\"},\"wordCount\":416,\"publisher\":{\"@id\":\"https:\\\/\\\/www.livemag.it\\\/#organization\"},\"image\":{\"@id\":\"https:\\\/\\\/www.livemag.it\\\/index.php\\\/2025\\\/07\\\/03\\\/difesa-tajani-non-ci-saranno-tagli-a-istruzione-e-sanita\\\/#primaryimage\"},\"thumbnailUrl\":\"https:\\\/\\\/www.livemag.it\\\/wp-content\\\/uploads\\\/2025\\\/07\\\/20250703_0143.jpg\",\"articleSection\":[\"Mondo\"],\"inLanguage\":\"it-IT\"},{\"@type\":\"WebPage\",\"@id\":\"https:\\\/\\\/www.livemag.it\\\/index.php\\\/2025\\\/07\\\/03\\\/difesa-tajani-non-ci-saranno-tagli-a-istruzione-e-sanita\\\/\",\"url\":\"https:\\\/\\\/www.livemag.it\\\/index.php\\\/2025\\\/07\\\/03\\\/difesa-tajani-non-ci-saranno-tagli-a-istruzione-e-sanita\\\/\",\"name\":\"Difesa, Tajani \u201cNon ci saranno tagli a istruzione e sanit\u00e0\u201d - Live Magazine\",\"isPartOf\":{\"@id\":\"https:\\\/\\\/www.livemag.it\\\/#website\"},\"primaryImageOfPage\":{\"@id\":\"https:\\\/\\\/www.livemag.it\\\/index.php\\\/2025\\\/07\\\/03\\\/difesa-tajani-non-ci-saranno-tagli-a-istruzione-e-sanita\\\/#primaryimage\"},\"image\":{\"@id\":\"https:\\\/\\\/www.livemag.it\\\/index.php\\\/2025\\\/07\\\/03\\\/difesa-tajani-non-ci-saranno-tagli-a-istruzione-e-sanita\\\/#primaryimage\"},\"thumbnailUrl\":\"https:\\\/\\\/www.livemag.it\\\/wp-content\\\/uploads\\\/2025\\\/07\\\/20250703_0143.jpg\",\"datePublished\":\"2025-07-03T10:02:49+00:00\",\"breadcrumb\":{\"@id\":\"https:\\\/\\\/www.livemag.it\\\/index.php\\\/2025\\\/07\\\/03\\\/difesa-tajani-non-ci-saranno-tagli-a-istruzione-e-sanita\\\/#breadcrumb\"},\"inLanguage\":\"it-IT\",\"potentialAction\":[{\"@type\":\"ReadAction\",\"target\":[\"https:\\\/\\\/www.livemag.it\\\/index.php\\\/2025\\\/07\\\/03\\\/difesa-tajani-non-ci-saranno-tagli-a-istruzione-e-sanita\\\/\"]}]},{\"@type\":\"ImageObject\",\"inLanguage\":\"it-IT\",\"@id\":\"https:\\\/\\\/www.livemag.it\\\/index.php\\\/2025\\\/07\\\/03\\\/difesa-tajani-non-ci-saranno-tagli-a-istruzione-e-sanita\\\/#primaryimage\",\"url\":\"https:\\\/\\\/www.livemag.it\\\/wp-content\\\/uploads\\\/2025\\\/07\\\/20250703_0143.jpg\",\"contentUrl\":\"https:\\\/\\\/www.livemag.it\\\/wp-content\\\/uploads\\\/2025\\\/07\\\/20250703_0143.jpg\",\"width\":1200,\"height\":800},{\"@type\":\"BreadcrumbList\",\"@id\":\"https:\\\/\\\/www.livemag.it\\\/index.php\\\/2025\\\/07\\\/03\\\/difesa-tajani-non-ci-saranno-tagli-a-istruzione-e-sanita\\\/#breadcrumb\",\"itemListElement\":[{\"@type\":\"ListItem\",\"position\":1,\"name\":\"Home\",\"item\":\"https:\\\/\\\/www.livemag.it\\\/\"},{\"@type\":\"ListItem\",\"position\":2,\"name\":\"Difesa, Tajani \u201cNon ci saranno tagli a istruzione e sanit\u00e0\u201d\"}]},{\"@type\":\"WebSite\",\"@id\":\"https:\\\/\\\/www.livemag.it\\\/#website\",\"url\":\"https:\\\/\\\/www.livemag.it\\\/\",\"name\":\"Live Magazine\",\"description\":\"Varie ed eventi\",\"publisher\":{\"@id\":\"https:\\\/\\\/www.livemag.it\\\/#organization\"},\"potentialAction\":[{\"@type\":\"SearchAction\",\"target\":{\"@type\":\"EntryPoint\",\"urlTemplate\":\"https:\\\/\\\/www.livemag.it\\\/?s={search_term_string}\"},\"query-input\":{\"@type\":\"PropertyValueSpecification\",\"valueRequired\":true,\"valueName\":\"search_term_string\"}}],\"inLanguage\":\"it-IT\"},{\"@type\":\"Organization\",\"@id\":\"https:\\\/\\\/www.livemag.it\\\/#organization\",\"name\":\"LiveMag\",\"alternateName\":\"LiveMag News ed eventi\",\"url\":\"https:\\\/\\\/www.livemag.it\\\/\",\"logo\":{\"@type\":\"ImageObject\",\"inLanguage\":\"it-IT\",\"@id\":\"https:\\\/\\\/www.livemag.it\\\/#\\\/schema\\\/logo\\\/image\\\/\",\"url\":\"https:\\\/\\\/www.livemag.it\\\/wp-content\\\/uploads\\\/2024\\\/02\\\/immagine-sito.jpg\",\"contentUrl\":\"https:\\\/\\\/www.livemag.it\\\/wp-content\\\/uploads\\\/2024\\\/02\\\/immagine-sito.jpg\",\"width\":696,\"height\":696,\"caption\":\"LiveMag\"},\"image\":{\"@id\":\"https:\\\/\\\/www.livemag.it\\\/#\\\/schema\\\/logo\\\/image\\\/\"},\"sameAs\":[\"https:\\\/\\\/www.facebook.com\\\/LiveMag\\\/\",\"https:\\\/\\\/x.com\\\/LiveNotizie\",\"https:\\\/\\\/www.instagram.com\\\/livemag\\\/\"]},{\"@type\":\"Person\",\"@id\":\"https:\\\/\\\/www.livemag.it\\\/#\\\/schema\\\/person\\\/b62c5f44451fdcdaeb0afe6c2424e73c\",\"name\":\"italpress\",\"image\":{\"@type\":\"ImageObject\",\"inLanguage\":\"it-IT\",\"@id\":\"https:\\\/\\\/secure.gravatar.com\\\/avatar\\\/b6a21695fc713ce7ee312cf57c97e2e641feb365be72d8745574d3c3e2b59066?s=96&r=g\",\"url\":\"https:\\\/\\\/secure.gravatar.com\\\/avatar\\\/b6a21695fc713ce7ee312cf57c97e2e641feb365be72d8745574d3c3e2b59066?s=96&r=g\",\"contentUrl\":\"https:\\\/\\\/secure.gravatar.com\\\/avatar\\\/b6a21695fc713ce7ee312cf57c97e2e641feb365be72d8745574d3c3e2b59066?s=96&r=g\",\"caption\":\"italpress\"},\"description\":\"Italpress \u00e8 un'agenzia di stampa italiana a carattere nazionale.\",\"url\":\"https:\\\/\\\/www.livemag.it\\\/index.php\\\/author\\\/italpress\\\/\"}]}<\/script>\n<!-- \/ Yoast SEO plugin. -->","yoast_head_json":{"title":"Difesa, Tajani \u201cNon ci saranno tagli a istruzione e sanit\u00e0\u201d - Live Magazine","robots":{"index":"index","follow":"follow","max-snippet":"max-snippet:-1","max-image-preview":"max-image-preview:large","max-video-preview":"max-video-preview:-1"},"canonical":"https:\/\/www.livemag.it\/index.php\/2025\/07\/03\/difesa-tajani-non-ci-saranno-tagli-a-istruzione-e-sanita\/","og_locale":"it_IT","og_type":"article","og_title":"Difesa, Tajani \u201cNon ci saranno tagli a istruzione e sanit\u00e0\u201d - Live Magazine","og_description":"ROMA (ITALPRESS) \u2013 \u201cA 80 anni dalla fine della seconda guerra mondiale e 35 della Guerra Fredda, non possiamo pi\u00f9 limitarci a essere protetti dagli Stati Uniti. L\u2019Europa deve assumersi le proprie responsabilit\u00e0 e compiere un salto di qualit\u00e0 per realizzare il pilastro europeo della NATO e in prospettiva una difesa europea integrata. Per questo [&hellip;]","og_url":"https:\/\/www.livemag.it\/index.php\/2025\/07\/03\/difesa-tajani-non-ci-saranno-tagli-a-istruzione-e-sanita\/","og_site_name":"Live Magazine","article_publisher":"https:\/\/www.facebook.com\/LiveMag\/","article_published_time":"2025-07-03T10:02:49+00:00","og_image":[{"width":1200,"height":675,"url":"https:\/\/www.livemag.it\/wp-content\/uploads\/2024\/02\/ograph.jpg","type":"image\/jpeg"}],"author":"italpress","twitter_card":"summary_large_image","twitter_creator":"@LiveNotizie","twitter_site":"@LiveNotizie","twitter_misc":{"Scritto da":"italpress","Tempo di lettura stimato":"2 minuti"},"schema":{"@context":"https:\/\/schema.org","@graph":[{"@type":"Article","@id":"https:\/\/www.livemag.it\/index.php\/2025\/07\/03\/difesa-tajani-non-ci-saranno-tagli-a-istruzione-e-sanita\/#article","isPartOf":{"@id":"https:\/\/www.livemag.it\/index.php\/2025\/07\/03\/difesa-tajani-non-ci-saranno-tagli-a-istruzione-e-sanita\/"},"author":{"name":"italpress","@id":"https:\/\/www.livemag.it\/#\/schema\/person\/b62c5f44451fdcdaeb0afe6c2424e73c"},"headline":"Difesa, Tajani \u201cNon ci saranno tagli a istruzione e sanit\u00e0\u201d","datePublished":"2025-07-03T10:02:49+00:00","mainEntityOfPage":{"@id":"https:\/\/www.livemag.it\/index.php\/2025\/07\/03\/difesa-tajani-non-ci-saranno-tagli-a-istruzione-e-sanita\/"},"wordCount":416,"publisher":{"@id":"https:\/\/www.livemag.it\/#organization"},"image":{"@id":"https:\/\/www.livemag.it\/index.php\/2025\/07\/03\/difesa-tajani-non-ci-saranno-tagli-a-istruzione-e-sanita\/#primaryimage"},"thumbnailUrl":"https:\/\/www.livemag.it\/wp-content\/uploads\/2025\/07\/20250703_0143.jpg","articleSection":["Mondo"],"inLanguage":"it-IT"},{"@type":"WebPage","@id":"https:\/\/www.livemag.it\/index.php\/2025\/07\/03\/difesa-tajani-non-ci-saranno-tagli-a-istruzione-e-sanita\/","url":"https:\/\/www.livemag.it\/index.php\/2025\/07\/03\/difesa-tajani-non-ci-saranno-tagli-a-istruzione-e-sanita\/","name":"Difesa, Tajani \u201cNon ci saranno tagli a istruzione e sanit\u00e0\u201d - Live Magazine","isPartOf":{"@id":"https:\/\/www.livemag.it\/#website"},"primaryImageOfPage":{"@id":"https:\/\/www.livemag.it\/index.php\/2025\/07\/03\/difesa-tajani-non-ci-saranno-tagli-a-istruzione-e-sanita\/#primaryimage"},"image":{"@id":"https:\/\/www.livemag.it\/index.php\/2025\/07\/03\/difesa-tajani-non-ci-saranno-tagli-a-istruzione-e-sanita\/#primaryimage"},"thumbnailUrl":"https:\/\/www.livemag.it\/wp-content\/uploads\/2025\/07\/20250703_0143.jpg","datePublished":"2025-07-03T10:02:49+00:00","breadcrumb":{"@id":"https:\/\/www.livemag.it\/index.php\/2025\/07\/03\/difesa-tajani-non-ci-saranno-tagli-a-istruzione-e-sanita\/#breadcrumb"},"inLanguage":"it-IT","potentialAction":[{"@type":"ReadAction","target":["https:\/\/www.livemag.it\/index.php\/2025\/07\/03\/difesa-tajani-non-ci-saranno-tagli-a-istruzione-e-sanita\/"]}]},{"@type":"ImageObject","inLanguage":"it-IT","@id":"https:\/\/www.livemag.it\/index.php\/2025\/07\/03\/difesa-tajani-non-ci-saranno-tagli-a-istruzione-e-sanita\/#primaryimage","url":"https:\/\/www.livemag.it\/wp-content\/uploads\/2025\/07\/20250703_0143.jpg","contentUrl":"https:\/\/www.livemag.it\/wp-content\/uploads\/2025\/07\/20250703_0143.jpg","width":1200,"height":800},{"@type":"BreadcrumbList","@id":"https:\/\/www.livemag.it\/index.php\/2025\/07\/03\/difesa-tajani-non-ci-saranno-tagli-a-istruzione-e-sanita\/#breadcrumb","itemListElement":[{"@type":"ListItem","position":1,"name":"Home","item":"https:\/\/www.livemag.it\/"},{"@type":"ListItem","position":2,"name":"Difesa, Tajani \u201cNon ci saranno tagli a istruzione e sanit\u00e0\u201d"}]},{"@type":"WebSite","@id":"https:\/\/www.livemag.it\/#website","url":"https:\/\/www.livemag.it\/","name":"Live Magazine","description":"Varie ed eventi","publisher":{"@id":"https:\/\/www.livemag.it\/#organization"},"potentialAction":[{"@type":"SearchAction","target":{"@type":"EntryPoint","urlTemplate":"https:\/\/www.livemag.it\/?s={search_term_string}"},"query-input":{"@type":"PropertyValueSpecification","valueRequired":true,"valueName":"search_term_string"}}],"inLanguage":"it-IT"},{"@type":"Organization","@id":"https:\/\/www.livemag.it\/#organization","name":"LiveMag","alternateName":"LiveMag News ed eventi","url":"https:\/\/www.livemag.it\/","logo":{"@type":"ImageObject","inLanguage":"it-IT","@id":"https:\/\/www.livemag.it\/#\/schema\/logo\/image\/","url":"https:\/\/www.livemag.it\/wp-content\/uploads\/2024\/02\/immagine-sito.jpg","contentUrl":"https:\/\/www.livemag.it\/wp-content\/uploads\/2024\/02\/immagine-sito.jpg","width":696,"height":696,"caption":"LiveMag"},"image":{"@id":"https:\/\/www.livemag.it\/#\/schema\/logo\/image\/"},"sameAs":["https:\/\/www.facebook.com\/LiveMag\/","https:\/\/x.com\/LiveNotizie","https:\/\/www.instagram.com\/livemag\/"]},{"@type":"Person","@id":"https:\/\/www.livemag.it\/#\/schema\/person\/b62c5f44451fdcdaeb0afe6c2424e73c","name":"italpress","image":{"@type":"ImageObject","inLanguage":"it-IT","@id":"https:\/\/secure.gravatar.com\/avatar\/b6a21695fc713ce7ee312cf57c97e2e641feb365be72d8745574d3c3e2b59066?s=96&r=g","url":"https:\/\/secure.gravatar.com\/avatar\/b6a21695fc713ce7ee312cf57c97e2e641feb365be72d8745574d3c3e2b59066?s=96&r=g","contentUrl":"https:\/\/secure.gravatar.com\/avatar\/b6a21695fc713ce7ee312cf57c97e2e641feb365be72d8745574d3c3e2b59066?s=96&r=g","caption":"italpress"},"description":"Italpress \u00e8 un'agenzia di stampa italiana a carattere nazionale.","url":"https:\/\/www.livemag.it\/index.php\/author\/italpress\/"}]}},"jetpack_featured_media_url":"https:\/\/www.livemag.it\/wp-content\/uploads\/2025\/07\/20250703_0143.jpg","_links":{"self":[{"href":"https:\/\/www.livemag.it\/index.php\/wp-json\/wp\/v2\/posts\/54382","targetHints":{"allow":["GET"]}}],"collection":[{"href":"https:\/\/www.livemag.it\/index.php\/wp-json\/wp\/v2\/posts"}],"about":[{"href":"https:\/\/www.livemag.it\/index.php\/wp-json\/wp\/v2\/types\/post"}],"author":[{"embeddable":true,"href":"https:\/\/www.livemag.it\/index.php\/wp-json\/wp\/v2\/users\/16"}],"replies":[{"embeddable":true,"href":"https:\/\/www.livemag.it\/index.php\/wp-json\/wp\/v2\/comments?post=54382"}],"version-history":[{"count":0,"href":"https:\/\/www.livemag.it\/index.php\/wp-json\/wp\/v2\/posts\/54382\/revisions"}],"wp:featuredmedia":[{"embeddable":true,"href":"https:\/\/www.livemag.it\/index.php\/wp-json\/wp\/v2\/media\/54383"}],"wp:attachment":[{"href":"https:\/\/www.livemag.it\/index.php\/wp-json\/wp\/v2\/media?parent=54382"}],"wp:term":[{"taxonomy":"category","embeddable":true,"href":"https:\/\/www.livemag.it\/index.php\/wp-json\/wp\/v2\/categories?post=54382"},{"taxonomy":"post_tag","embeddable":true,"href":"https:\/\/www.livemag.it\/index.php\/wp-json\/wp\/v2\/tags?post=54382"}],"curies":[{"name":"wp","href":"https:\/\/api.w.org\/{rel}","templated":true}]}}