{"id":54295,"date":"2025-07-02T12:15:29","date_gmt":"2025-07-02T10:15:29","guid":{"rendered":"https:\/\/www.livemag.it\/?p=54295"},"modified":"2025-07-02T12:16:26","modified_gmt":"2025-07-02T10:16:26","slug":"fino-beach-golfo-aranci-leccellenza-dellestate-sarda-tra-mare-musica-e-gusto","status":"publish","type":"post","link":"https:\/\/www.livemag.it\/index.php\/2025\/07\/02\/fino-beach-golfo-aranci-leccellenza-dellestate-sarda-tra-mare-musica-e-gusto\/","title":{"rendered":"Fino Beach Golfo Aranci: l\u2019eccellenza dell&#8217;estate sarda\u2026 tra mare, musica e gusto\u00a0"},"content":{"rendered":"\n<p>Golfo Aranci (SS), estate 2025 \u2013 Fino Beach si prepara a scrivere un nuovo, importante capitolo <a href=\"https:\/\/www.livemag.it\/index.php\/good-life\/\">dell&#8217;estate in Sardegna,<\/a> confermandosi come una delle mete amata nella Costa nord-orientale di questa splendida isola. Adagiato sulla sabbia finissima del Golfo Aranci, dove il mare cristallino regala ogni giorno un&#8217;emozione diversa, Fino Beach \u00e8 molto pi\u00f9 di uno stabilimento balneare: \u00e8 un&#8217;esperienza di stile, gusto e intrattenimento.<\/p>\n\n\n\n<h4 class=\"wp-block-heading\"><strong>Fino Beach, un angolo di paradiso sul mare<\/strong><\/h4>\n\n\n\n<p>Le acque turchesi della Sardegna fanno da cornice a una location unica, dove ogni dettaglio \u00e8 pensato per offrire un&#8217;atmosfera rilassante e sofisticata. Dalla colazione vista mare al tramonto sorseggiando un signature cocktail, Fino Beach \u00e8 il rifugio perfetto per chi cerca il meglio. Questi sono gli elementi caratterizzanti voluti dai proprietari Claudio Finetti, Luca Becchetti e Marco Mainardi<\/p>\n\n\n\n<h4 class=\"wp-block-heading\"><strong>La cucina d&#8217;autore di Marco Mainardi, a due passi dalla riva<\/strong><\/h4>\n\n\n\n<p>Il ristorante di Fino Beach, per l&#8217;appunto, \u00e8 affidato proprio a quest&#8217;ultimo, Marco Mainardi. Chef di grande esperienza con all&#8217;attivo collaborazioni stellate\u2026 Per questo, grazie al lavoro di Mainari, il ristorante del Fino \u00e8 una tappa obbligata per gli amanti del buon cibo: materie prime locali, sapori mediterranei e una carta vini d&#8217;eccellenza. E poi la ciliegina sulla torta, la location: una cornice esclusiva tra cielo e mare. Mainardi propone una cucina creativa che valorizza la tradizione sarda con un tocco contemporaneo.<\/p>\n\n\n\n<h4 class=\"wp-block-heading\"><strong>Musica, eventi e vibrazioni esclusive<\/strong><\/h4>\n\n\n\n<p>Quando il sole cala, <a href=\"https:\/\/finoexperience.it\/\">Fino Beach,<\/a> a Golfo Aranci, si trasforma: ogni sera si accende con dj set, musica dal vivo e feste a tema che richiamano ospiti da tutta l&#8217;isola e non solo. Un calendario eventi curato nei minimi dettagli, dall&#8217;Art Director Nello Simioli, che fonde eleganza e divertimento per regalare un&#8217;estate all&#8217;insegna di autentiche emozioni.<\/p>\n\n\n\n<h4 class=\"wp-block-heading\"><strong>Fino Beach non \u00e8 solo un luogo, \u00e8 un lifestyle&#8230;&nbsp;<\/strong><\/h4>\n\n\n\n<p>L&#8217;estate 2025 \u00e8 quindi pronta a esplodere tra spiagge da sogno, cucina gourmet e serate indimenticabili. Benvenuti al Fino Beach di Golfo Aranci: dove il giorno profuma di mare e la notte suona di libert\u00e0.<\/p>\n","protected":false},"excerpt":{"rendered":"<p>Golfo Aranci (SS), estate 2025 \u2013 Fino Beach si prepara a scrivere un nuovo, importante capitolo dell&#8217;estate in Sardegna, confermandosi come una delle mete amata nella Costa nord-orientale di questa splendida isola. Adagiato sulla sabbia finissima del Golfo Aranci, dove il mare cristallino regala ogni giorno un&#8217;emozione diversa, Fino Beach \u00e8 molto pi\u00f9 di uno [&hellip;]<\/p>\n","protected":false},"author":21,"featured_media":54306,"comment_status":"open","ping_status":"open","sticky":false,"template":"","format":"standard","meta":{"jnews-multi-image_gallery":[],"jnews_single_post":[],"jnews_primary_category":[],"jnews_social_meta":[],"jnews_override_counter":[],"jnews_post_split":[],"footnotes":""},"categories":[1372],"tags":[1844],"class_list":["post-54295","post","type-post","status-publish","format-standard","has-post-thumbnail","hentry","category-good-life","tag-fino-beach"],"yoast_head":"<!-- This site is optimized with the Yoast SEO plugin v27.5 - https:\/\/yoast.com\/product\/yoast-seo-wordpress\/ -->\n<title>Fino Beach Golfo Aranci: l\u2019eccellenza dell&#039;estate sarda\u2026 tra mare, musica e gusto\u00a0 - Live Magazine<\/title>\n<meta name=\"robots\" content=\"index, follow, max-snippet:-1, max-image-preview:large, max-video-preview:-1\" \/>\n<link rel=\"canonical\" href=\"https:\/\/www.livemag.it\/index.php\/2025\/07\/02\/fino-beach-golfo-aranci-leccellenza-dellestate-sarda-tra-mare-musica-e-gusto\/\" \/>\n<meta property=\"og:locale\" content=\"it_IT\" \/>\n<meta property=\"og:type\" content=\"article\" \/>\n<meta property=\"og:title\" content=\"Fino Beach Golfo Aranci: l\u2019eccellenza dell&#039;estate sarda\u2026 tra mare, musica e gusto\u00a0 - Live Magazine\" \/>\n<meta property=\"og:description\" content=\"Golfo Aranci (SS), estate 2025 \u2013 Fino Beach si prepara a scrivere un nuovo, importante capitolo dell&#8217;estate in Sardegna, confermandosi come una delle mete amata nella Costa nord-orientale di questa splendida isola. Adagiato sulla sabbia finissima del Golfo Aranci, dove il mare cristallino regala ogni giorno un&#8217;emozione diversa, Fino Beach \u00e8 molto pi\u00f9 di uno [&hellip;]\" \/>\n<meta property=\"og:url\" content=\"https:\/\/www.livemag.it\/index.php\/2025\/07\/02\/fino-beach-golfo-aranci-leccellenza-dellestate-sarda-tra-mare-musica-e-gusto\/\" \/>\n<meta property=\"og:site_name\" content=\"Live Magazine\" \/>\n<meta property=\"article:publisher\" content=\"https:\/\/www.facebook.com\/LiveMag\/\" \/>\n<meta property=\"article:published_time\" content=\"2025-07-02T10:15:29+00:00\" \/>\n<meta property=\"article:modified_time\" content=\"2025-07-02T10:16:26+00:00\" \/>\n<meta property=\"og:image\" content=\"https:\/\/www.livemag.it\/wp-content\/uploads\/2025\/07\/golfo-aranci.jpg\" \/>\n\t<meta property=\"og:image:width\" content=\"1472\" \/>\n\t<meta property=\"og:image:height\" content=\"1060\" \/>\n\t<meta property=\"og:image:type\" content=\"image\/jpeg\" \/>\n<meta name=\"author\" content=\"Lorenzo Tiezzi\" \/>\n<meta name=\"twitter:card\" content=\"summary_large_image\" \/>\n<meta name=\"twitter:creator\" content=\"@LiveNotizie\" \/>\n<meta name=\"twitter:site\" content=\"@LiveNotizie\" \/>\n<meta name=\"twitter:label1\" content=\"Scritto da\" \/>\n\t<meta name=\"twitter:data1\" content=\"Lorenzo Tiezzi\" \/>\n\t<meta name=\"twitter:label2\" content=\"Tempo di lettura stimato\" \/>\n\t<meta name=\"twitter:data2\" content=\"2 minuti\" \/>\n<script type=\"application\/ld+json\" class=\"yoast-schema-graph\">{\"@context\":\"https:\\\/\\\/schema.org\",\"@graph\":[{\"@type\":\"Article\",\"@id\":\"https:\\\/\\\/www.livemag.it\\\/index.php\\\/2025\\\/07\\\/02\\\/fino-beach-golfo-aranci-leccellenza-dellestate-sarda-tra-mare-musica-e-gusto\\\/#article\",\"isPartOf\":{\"@id\":\"https:\\\/\\\/www.livemag.it\\\/index.php\\\/2025\\\/07\\\/02\\\/fino-beach-golfo-aranci-leccellenza-dellestate-sarda-tra-mare-musica-e-gusto\\\/\"},\"author\":{\"name\":\"Lorenzo Tiezzi\",\"@id\":\"https:\\\/\\\/www.livemag.it\\\/#\\\/schema\\\/person\\\/c6fe2dde14ae4517f823e167a12354b6\"},\"headline\":\"Fino Beach Golfo Aranci: l\u2019eccellenza dell&#8217;estate sarda\u2026 tra mare, musica e gusto\u00a0\",\"datePublished\":\"2025-07-02T10:15:29+00:00\",\"dateModified\":\"2025-07-02T10:16:26+00:00\",\"mainEntityOfPage\":{\"@id\":\"https:\\\/\\\/www.livemag.it\\\/index.php\\\/2025\\\/07\\\/02\\\/fino-beach-golfo-aranci-leccellenza-dellestate-sarda-tra-mare-musica-e-gusto\\\/\"},\"wordCount\":348,\"commentCount\":0,\"publisher\":{\"@id\":\"https:\\\/\\\/www.livemag.it\\\/#organization\"},\"image\":{\"@id\":\"https:\\\/\\\/www.livemag.it\\\/index.php\\\/2025\\\/07\\\/02\\\/fino-beach-golfo-aranci-leccellenza-dellestate-sarda-tra-mare-musica-e-gusto\\\/#primaryimage\"},\"thumbnailUrl\":\"https:\\\/\\\/www.livemag.it\\\/wp-content\\\/uploads\\\/2025\\\/07\\\/golfo-aranci.jpg\",\"keywords\":[\"fino beach\"],\"articleSection\":[\"Good Life\"],\"inLanguage\":\"it-IT\",\"potentialAction\":[{\"@type\":\"CommentAction\",\"name\":\"Comment\",\"target\":[\"https:\\\/\\\/www.livemag.it\\\/index.php\\\/2025\\\/07\\\/02\\\/fino-beach-golfo-aranci-leccellenza-dellestate-sarda-tra-mare-musica-e-gusto\\\/#respond\"]}]},{\"@type\":\"WebPage\",\"@id\":\"https:\\\/\\\/www.livemag.it\\\/index.php\\\/2025\\\/07\\\/02\\\/fino-beach-golfo-aranci-leccellenza-dellestate-sarda-tra-mare-musica-e-gusto\\\/\",\"url\":\"https:\\\/\\\/www.livemag.it\\\/index.php\\\/2025\\\/07\\\/02\\\/fino-beach-golfo-aranci-leccellenza-dellestate-sarda-tra-mare-musica-e-gusto\\\/\",\"name\":\"Fino Beach Golfo Aranci: l\u2019eccellenza dell'estate sarda\u2026 tra mare, musica e gusto\u00a0 - Live Magazine\",\"isPartOf\":{\"@id\":\"https:\\\/\\\/www.livemag.it\\\/#website\"},\"primaryImageOfPage\":{\"@id\":\"https:\\\/\\\/www.livemag.it\\\/index.php\\\/2025\\\/07\\\/02\\\/fino-beach-golfo-aranci-leccellenza-dellestate-sarda-tra-mare-musica-e-gusto\\\/#primaryimage\"},\"image\":{\"@id\":\"https:\\\/\\\/www.livemag.it\\\/index.php\\\/2025\\\/07\\\/02\\\/fino-beach-golfo-aranci-leccellenza-dellestate-sarda-tra-mare-musica-e-gusto\\\/#primaryimage\"},\"thumbnailUrl\":\"https:\\\/\\\/www.livemag.it\\\/wp-content\\\/uploads\\\/2025\\\/07\\\/golfo-aranci.jpg\",\"datePublished\":\"2025-07-02T10:15:29+00:00\",\"dateModified\":\"2025-07-02T10:16:26+00:00\",\"breadcrumb\":{\"@id\":\"https:\\\/\\\/www.livemag.it\\\/index.php\\\/2025\\\/07\\\/02\\\/fino-beach-golfo-aranci-leccellenza-dellestate-sarda-tra-mare-musica-e-gusto\\\/#breadcrumb\"},\"inLanguage\":\"it-IT\",\"potentialAction\":[{\"@type\":\"ReadAction\",\"target\":[\"https:\\\/\\\/www.livemag.it\\\/index.php\\\/2025\\\/07\\\/02\\\/fino-beach-golfo-aranci-leccellenza-dellestate-sarda-tra-mare-musica-e-gusto\\\/\"]}]},{\"@type\":\"ImageObject\",\"inLanguage\":\"it-IT\",\"@id\":\"https:\\\/\\\/www.livemag.it\\\/index.php\\\/2025\\\/07\\\/02\\\/fino-beach-golfo-aranci-leccellenza-dellestate-sarda-tra-mare-musica-e-gusto\\\/#primaryimage\",\"url\":\"https:\\\/\\\/www.livemag.it\\\/wp-content\\\/uploads\\\/2025\\\/07\\\/golfo-aranci.jpg\",\"contentUrl\":\"https:\\\/\\\/www.livemag.it\\\/wp-content\\\/uploads\\\/2025\\\/07\\\/golfo-aranci.jpg\",\"width\":1472,\"height\":1060,\"caption\":\"Screenshot\"},{\"@type\":\"BreadcrumbList\",\"@id\":\"https:\\\/\\\/www.livemag.it\\\/index.php\\\/2025\\\/07\\\/02\\\/fino-beach-golfo-aranci-leccellenza-dellestate-sarda-tra-mare-musica-e-gusto\\\/#breadcrumb\",\"itemListElement\":[{\"@type\":\"ListItem\",\"position\":1,\"name\":\"Home\",\"item\":\"https:\\\/\\\/www.livemag.it\\\/\"},{\"@type\":\"ListItem\",\"position\":2,\"name\":\"Fino Beach Golfo Aranci: l\u2019eccellenza dell&#8217;estate sarda\u2026 tra mare, musica e gusto\u00a0\"}]},{\"@type\":\"WebSite\",\"@id\":\"https:\\\/\\\/www.livemag.it\\\/#website\",\"url\":\"https:\\\/\\\/www.livemag.it\\\/\",\"name\":\"Live Magazine\",\"description\":\"Varie ed eventi\",\"publisher\":{\"@id\":\"https:\\\/\\\/www.livemag.it\\\/#organization\"},\"potentialAction\":[{\"@type\":\"SearchAction\",\"target\":{\"@type\":\"EntryPoint\",\"urlTemplate\":\"https:\\\/\\\/www.livemag.it\\\/?s={search_term_string}\"},\"query-input\":{\"@type\":\"PropertyValueSpecification\",\"valueRequired\":true,\"valueName\":\"search_term_string\"}}],\"inLanguage\":\"it-IT\"},{\"@type\":\"Organization\",\"@id\":\"https:\\\/\\\/www.livemag.it\\\/#organization\",\"name\":\"LiveMag\",\"alternateName\":\"LiveMag News ed eventi\",\"url\":\"https:\\\/\\\/www.livemag.it\\\/\",\"logo\":{\"@type\":\"ImageObject\",\"inLanguage\":\"it-IT\",\"@id\":\"https:\\\/\\\/www.livemag.it\\\/#\\\/schema\\\/logo\\\/image\\\/\",\"url\":\"https:\\\/\\\/www.livemag.it\\\/wp-content\\\/uploads\\\/2024\\\/02\\\/immagine-sito.jpg\",\"contentUrl\":\"https:\\\/\\\/www.livemag.it\\\/wp-content\\\/uploads\\\/2024\\\/02\\\/immagine-sito.jpg\",\"width\":696,\"height\":696,\"caption\":\"LiveMag\"},\"image\":{\"@id\":\"https:\\\/\\\/www.livemag.it\\\/#\\\/schema\\\/logo\\\/image\\\/\"},\"sameAs\":[\"https:\\\/\\\/www.facebook.com\\\/LiveMag\\\/\",\"https:\\\/\\\/x.com\\\/LiveNotizie\",\"https:\\\/\\\/www.instagram.com\\\/livemag\\\/\"]},{\"@type\":\"Person\",\"@id\":\"https:\\\/\\\/www.livemag.it\\\/#\\\/schema\\\/person\\\/c6fe2dde14ae4517f823e167a12354b6\",\"name\":\"Lorenzo Tiezzi\",\"image\":{\"@type\":\"ImageObject\",\"inLanguage\":\"it-IT\",\"@id\":\"https:\\\/\\\/secure.gravatar.com\\\/avatar\\\/055a51cbe21ba6c03af667c75f797ec8642fe78050e8602547fec943f6500144?s=96&r=g\",\"url\":\"https:\\\/\\\/secure.gravatar.com\\\/avatar\\\/055a51cbe21ba6c03af667c75f797ec8642fe78050e8602547fec943f6500144?s=96&r=g\",\"contentUrl\":\"https:\\\/\\\/secure.gravatar.com\\\/avatar\\\/055a51cbe21ba6c03af667c75f797ec8642fe78050e8602547fec943f6500144?s=96&r=g\",\"caption\":\"Lorenzo Tiezzi\"},\"description\":\"giornalista, press office, pr\",\"url\":\"https:\\\/\\\/www.livemag.it\\\/index.php\\\/author\\\/lorenzo-tiezzi\\\/\"}]}<\/script>\n<!-- \/ Yoast SEO plugin. -->","yoast_head_json":{"title":"Fino Beach Golfo Aranci: l\u2019eccellenza dell'estate sarda\u2026 tra mare, musica e gusto\u00a0 - Live Magazine","robots":{"index":"index","follow":"follow","max-snippet":"max-snippet:-1","max-image-preview":"max-image-preview:large","max-video-preview":"max-video-preview:-1"},"canonical":"https:\/\/www.livemag.it\/index.php\/2025\/07\/02\/fino-beach-golfo-aranci-leccellenza-dellestate-sarda-tra-mare-musica-e-gusto\/","og_locale":"it_IT","og_type":"article","og_title":"Fino Beach Golfo Aranci: l\u2019eccellenza dell'estate sarda\u2026 tra mare, musica e gusto\u00a0 - Live Magazine","og_description":"Golfo Aranci (SS), estate 2025 \u2013 Fino Beach si prepara a scrivere un nuovo, importante capitolo dell&#8217;estate in Sardegna, confermandosi come una delle mete amata nella Costa nord-orientale di questa splendida isola. Adagiato sulla sabbia finissima del Golfo Aranci, dove il mare cristallino regala ogni giorno un&#8217;emozione diversa, Fino Beach \u00e8 molto pi\u00f9 di uno [&hellip;]","og_url":"https:\/\/www.livemag.it\/index.php\/2025\/07\/02\/fino-beach-golfo-aranci-leccellenza-dellestate-sarda-tra-mare-musica-e-gusto\/","og_site_name":"Live Magazine","article_publisher":"https:\/\/www.facebook.com\/LiveMag\/","article_published_time":"2025-07-02T10:15:29+00:00","article_modified_time":"2025-07-02T10:16:26+00:00","og_image":[{"width":1472,"height":1060,"url":"https:\/\/www.livemag.it\/wp-content\/uploads\/2025\/07\/golfo-aranci.jpg","type":"image\/jpeg"}],"author":"Lorenzo Tiezzi","twitter_card":"summary_large_image","twitter_creator":"@LiveNotizie","twitter_site":"@LiveNotizie","twitter_misc":{"Scritto da":"Lorenzo Tiezzi","Tempo di lettura stimato":"2 minuti"},"schema":{"@context":"https:\/\/schema.org","@graph":[{"@type":"Article","@id":"https:\/\/www.livemag.it\/index.php\/2025\/07\/02\/fino-beach-golfo-aranci-leccellenza-dellestate-sarda-tra-mare-musica-e-gusto\/#article","isPartOf":{"@id":"https:\/\/www.livemag.it\/index.php\/2025\/07\/02\/fino-beach-golfo-aranci-leccellenza-dellestate-sarda-tra-mare-musica-e-gusto\/"},"author":{"name":"Lorenzo Tiezzi","@id":"https:\/\/www.livemag.it\/#\/schema\/person\/c6fe2dde14ae4517f823e167a12354b6"},"headline":"Fino Beach Golfo Aranci: l\u2019eccellenza dell&#8217;estate sarda\u2026 tra mare, musica e gusto\u00a0","datePublished":"2025-07-02T10:15:29+00:00","dateModified":"2025-07-02T10:16:26+00:00","mainEntityOfPage":{"@id":"https:\/\/www.livemag.it\/index.php\/2025\/07\/02\/fino-beach-golfo-aranci-leccellenza-dellestate-sarda-tra-mare-musica-e-gusto\/"},"wordCount":348,"commentCount":0,"publisher":{"@id":"https:\/\/www.livemag.it\/#organization"},"image":{"@id":"https:\/\/www.livemag.it\/index.php\/2025\/07\/02\/fino-beach-golfo-aranci-leccellenza-dellestate-sarda-tra-mare-musica-e-gusto\/#primaryimage"},"thumbnailUrl":"https:\/\/www.livemag.it\/wp-content\/uploads\/2025\/07\/golfo-aranci.jpg","keywords":["fino beach"],"articleSection":["Good Life"],"inLanguage":"it-IT","potentialAction":[{"@type":"CommentAction","name":"Comment","target":["https:\/\/www.livemag.it\/index.php\/2025\/07\/02\/fino-beach-golfo-aranci-leccellenza-dellestate-sarda-tra-mare-musica-e-gusto\/#respond"]}]},{"@type":"WebPage","@id":"https:\/\/www.livemag.it\/index.php\/2025\/07\/02\/fino-beach-golfo-aranci-leccellenza-dellestate-sarda-tra-mare-musica-e-gusto\/","url":"https:\/\/www.livemag.it\/index.php\/2025\/07\/02\/fino-beach-golfo-aranci-leccellenza-dellestate-sarda-tra-mare-musica-e-gusto\/","name":"Fino Beach Golfo Aranci: l\u2019eccellenza dell'estate sarda\u2026 tra mare, musica e gusto\u00a0 - Live Magazine","isPartOf":{"@id":"https:\/\/www.livemag.it\/#website"},"primaryImageOfPage":{"@id":"https:\/\/www.livemag.it\/index.php\/2025\/07\/02\/fino-beach-golfo-aranci-leccellenza-dellestate-sarda-tra-mare-musica-e-gusto\/#primaryimage"},"image":{"@id":"https:\/\/www.livemag.it\/index.php\/2025\/07\/02\/fino-beach-golfo-aranci-leccellenza-dellestate-sarda-tra-mare-musica-e-gusto\/#primaryimage"},"thumbnailUrl":"https:\/\/www.livemag.it\/wp-content\/uploads\/2025\/07\/golfo-aranci.jpg","datePublished":"2025-07-02T10:15:29+00:00","dateModified":"2025-07-02T10:16:26+00:00","breadcrumb":{"@id":"https:\/\/www.livemag.it\/index.php\/2025\/07\/02\/fino-beach-golfo-aranci-leccellenza-dellestate-sarda-tra-mare-musica-e-gusto\/#breadcrumb"},"inLanguage":"it-IT","potentialAction":[{"@type":"ReadAction","target":["https:\/\/www.livemag.it\/index.php\/2025\/07\/02\/fino-beach-golfo-aranci-leccellenza-dellestate-sarda-tra-mare-musica-e-gusto\/"]}]},{"@type":"ImageObject","inLanguage":"it-IT","@id":"https:\/\/www.livemag.it\/index.php\/2025\/07\/02\/fino-beach-golfo-aranci-leccellenza-dellestate-sarda-tra-mare-musica-e-gusto\/#primaryimage","url":"https:\/\/www.livemag.it\/wp-content\/uploads\/2025\/07\/golfo-aranci.jpg","contentUrl":"https:\/\/www.livemag.it\/wp-content\/uploads\/2025\/07\/golfo-aranci.jpg","width":1472,"height":1060,"caption":"Screenshot"},{"@type":"BreadcrumbList","@id":"https:\/\/www.livemag.it\/index.php\/2025\/07\/02\/fino-beach-golfo-aranci-leccellenza-dellestate-sarda-tra-mare-musica-e-gusto\/#breadcrumb","itemListElement":[{"@type":"ListItem","position":1,"name":"Home","item":"https:\/\/www.livemag.it\/"},{"@type":"ListItem","position":2,"name":"Fino Beach Golfo Aranci: l\u2019eccellenza dell&#8217;estate sarda\u2026 tra mare, musica e gusto\u00a0"}]},{"@type":"WebSite","@id":"https:\/\/www.livemag.it\/#website","url":"https:\/\/www.livemag.it\/","name":"Live Magazine","description":"Varie ed eventi","publisher":{"@id":"https:\/\/www.livemag.it\/#organization"},"potentialAction":[{"@type":"SearchAction","target":{"@type":"EntryPoint","urlTemplate":"https:\/\/www.livemag.it\/?s={search_term_string}"},"query-input":{"@type":"PropertyValueSpecification","valueRequired":true,"valueName":"search_term_string"}}],"inLanguage":"it-IT"},{"@type":"Organization","@id":"https:\/\/www.livemag.it\/#organization","name":"LiveMag","alternateName":"LiveMag News ed eventi","url":"https:\/\/www.livemag.it\/","logo":{"@type":"ImageObject","inLanguage":"it-IT","@id":"https:\/\/www.livemag.it\/#\/schema\/logo\/image\/","url":"https:\/\/www.livemag.it\/wp-content\/uploads\/2024\/02\/immagine-sito.jpg","contentUrl":"https:\/\/www.livemag.it\/wp-content\/uploads\/2024\/02\/immagine-sito.jpg","width":696,"height":696,"caption":"LiveMag"},"image":{"@id":"https:\/\/www.livemag.it\/#\/schema\/logo\/image\/"},"sameAs":["https:\/\/www.facebook.com\/LiveMag\/","https:\/\/x.com\/LiveNotizie","https:\/\/www.instagram.com\/livemag\/"]},{"@type":"Person","@id":"https:\/\/www.livemag.it\/#\/schema\/person\/c6fe2dde14ae4517f823e167a12354b6","name":"Lorenzo Tiezzi","image":{"@type":"ImageObject","inLanguage":"it-IT","@id":"https:\/\/secure.gravatar.com\/avatar\/055a51cbe21ba6c03af667c75f797ec8642fe78050e8602547fec943f6500144?s=96&r=g","url":"https:\/\/secure.gravatar.com\/avatar\/055a51cbe21ba6c03af667c75f797ec8642fe78050e8602547fec943f6500144?s=96&r=g","contentUrl":"https:\/\/secure.gravatar.com\/avatar\/055a51cbe21ba6c03af667c75f797ec8642fe78050e8602547fec943f6500144?s=96&r=g","caption":"Lorenzo Tiezzi"},"description":"giornalista, press office, pr","url":"https:\/\/www.livemag.it\/index.php\/author\/lorenzo-tiezzi\/"}]}},"jetpack_featured_media_url":"https:\/\/www.livemag.it\/wp-content\/uploads\/2025\/07\/golfo-aranci.jpg","_links":{"self":[{"href":"https:\/\/www.livemag.it\/index.php\/wp-json\/wp\/v2\/posts\/54295","targetHints":{"allow":["GET"]}}],"collection":[{"href":"https:\/\/www.livemag.it\/index.php\/wp-json\/wp\/v2\/posts"}],"about":[{"href":"https:\/\/www.livemag.it\/index.php\/wp-json\/wp\/v2\/types\/post"}],"author":[{"embeddable":true,"href":"https:\/\/www.livemag.it\/index.php\/wp-json\/wp\/v2\/users\/21"}],"replies":[{"embeddable":true,"href":"https:\/\/www.livemag.it\/index.php\/wp-json\/wp\/v2\/comments?post=54295"}],"version-history":[{"count":2,"href":"https:\/\/www.livemag.it\/index.php\/wp-json\/wp\/v2\/posts\/54295\/revisions"}],"predecessor-version":[{"id":54308,"href":"https:\/\/www.livemag.it\/index.php\/wp-json\/wp\/v2\/posts\/54295\/revisions\/54308"}],"wp:featuredmedia":[{"embeddable":true,"href":"https:\/\/www.livemag.it\/index.php\/wp-json\/wp\/v2\/media\/54306"}],"wp:attachment":[{"href":"https:\/\/www.livemag.it\/index.php\/wp-json\/wp\/v2\/media?parent=54295"}],"wp:term":[{"taxonomy":"category","embeddable":true,"href":"https:\/\/www.livemag.it\/index.php\/wp-json\/wp\/v2\/categories?post=54295"},{"taxonomy":"post_tag","embeddable":true,"href":"https:\/\/www.livemag.it\/index.php\/wp-json\/wp\/v2\/tags?post=54295"}],"curies":[{"name":"wp","href":"https:\/\/api.w.org\/{rel}","templated":true}]}}